{"id":69951,"date":"2024-10-08T19:36:47","date_gmt":"2024-10-08T22:36:47","guid":{"rendered":"https:\/\/ismaelcolosi.com.br\/index.php\/2024\/10\/08\/incendio-atinge-mata-na-zona-leste-de-ribeirao-veja-video\/"},"modified":"2024-10-08T19:36:47","modified_gmt":"2024-10-08T22:36:47","slug":"incendio-atinge-mata-na-zona-leste-de-ribeirao-veja-video","status":"publish","type":"post","link":"https:\/\/ismaelcolosi.com.br\/index.php\/2024\/10\/08\/incendio-atinge-mata-na-zona-leste-de-ribeirao-veja-video\/","title":{"rendered":"Inc\u00eandio atinge mata na zona Leste de Ribeir\u00e3o; veja v\u00eddeo"},"content":{"rendered":"<p> <br \/>\n<\/p>\n<p><strong>Um inc\u00eandio foi registrado<\/strong>, na tarde desta ter\u00e7a-feira (8), <mark style=\"background-color:#fcb900\" class=\"has-inline-color\">pr\u00f3ximo a Funda\u00e7\u00e3o Educand\u00e1rio<\/mark>, <strong>na zona Leste de Ribeir\u00e3o Preto. <\/strong><\/p>\n<p><strong>De acordo com a Guarda Civil Municipal<\/strong> <strong>(GCM)<\/strong>, equipes da <strong>Defesa Civil<\/strong> e da <strong>Patrulha Rural <\/strong>est\u00e3o no local. O Corpo de Bombeiros tamb\u00e9m est\u00e1 na \u00e1rea auxiliando no combate as chamas.<\/p>\n<p><strong>At\u00e9 o momento, n\u00e3o h\u00e1 interdi\u00e7\u00f5es no tr\u00e2nsito pr\u00f3ximo ao local.<\/strong><\/p>\n<h4 class=\"wp-block-heading\"><strong>Veja v\u00eddeo:<\/strong><\/h4>\n<blockquote class=\"instagram-media\" data-instgrm-permalink=\"https:\/\/www.instagram.com\/reel\/DA4QYAqhhRO\/?utm_source=ig_embed&amp;utm_campaign=loading\" data-instgrm-version=\"14\" style=\"background:#FFF;border:0;border-radius:3px;margin: 1px;max-width:540px;min-width:326px;padding:0;width:99.375%;width:-webkit-calc(100% - 2px);width:calc(100% - 2px)\">\n<div style=\"padding:16px\"> <a href=\"https:\/\/www.instagram.com\/reel\/DA4QYAqhhRO\/?utm_source=ig_embed&amp;utm_campaign=loading\" style=\"background:#FFFFFF;line-height:0;padding:0 0;text-align:center;text-decoration:none;width:100%\" target=\"_blank\" rel=\"noopener\"> <\/p>\n<div style=\"flex-direction: row;align-items: center\">\n<div style=\"background-color: #F4F4F4;border-radius: 50%;flex-grow: 0;height: 40px;margin-right: 14px;width: 40px\"><\/div>\n<div style=\"flex-direction: column;flex-grow: 1;justify-content: center\">\n<div style=\"background-color: #F4F4F4;border-radius: 4px;flex-grow: 0;height: 14px;margin-bottom: 6px;width: 100px\"><\/div>\n<div style=\"background-color: #F4F4F4;border-radius: 4px;flex-grow: 0;height: 14px;width: 60px\"><\/div>\n<\/div>\n<\/div>\n<div style=\"padding: 19% 0\"><\/div>\n<div style=\"height:50px;margin:0 auto 12px;width:50px\"><\/div>\n<div style=\"padding-top: 8px\">\n<div style=\"color:#3897f0;font-family:Arial,sans-serif;font-size:14px;font-style:normal;font-weight:550;line-height:18px\">Ver essa foto no Instagram<\/div>\n<\/div>\n<div style=\"padding: 12.5% 0\"><\/div>\n<div style=\"flex-direction: row;margin-bottom: 14px;align-items: center\">\n<div>\n<div style=\"background-color: #F4F4F4;border-radius: 50%;height: 12.5px;width: 12.5px\"><\/div>\n<div style=\"background-color: #F4F4F4;height: 12.5px;width: 12.5px;flex-grow: 0;margin-right: 14px;margin-left: 2px\"><\/div>\n<div style=\"background-color: #F4F4F4;border-radius: 50%;height: 12.5px;width: 12.5px\"><\/div>\n<\/div>\n<div style=\"margin-left: 8px\">\n<div style=\"background-color: #F4F4F4;border-radius: 50%;flex-grow: 0;height: 20px;width: 20px\"><\/div>\n<div style=\"width: 0;height: 0;border-top: 2px solid transparent;border-left: 6px solid #f4f4f4;border-bottom: 2px solid transparent\"><\/div>\n<\/div>\n<div style=\"margin-left: auto\">\n<div style=\"width: 0px;border-top: 8px solid #F4F4F4;border-right: 8px solid transparent\"><\/div>\n<div style=\"background-color: #F4F4F4;flex-grow: 0;height: 12px;width: 16px\"><\/div>\n<div style=\"width: 0;height: 0;border-top: 8px solid #F4F4F4;border-left: 8px solid transparent\"><\/div>\n<\/div>\n<\/div>\n<div style=\"flex-direction: column;flex-grow: 1;justify-content: center;margin-bottom: 24px\">\n<div style=\"background-color: #F4F4F4;border-radius: 4px;flex-grow: 0;height: 14px;margin-bottom: 6px;width: 224px\"><\/div>\n<div style=\"background-color: #F4F4F4;border-radius: 4px;flex-grow: 0;height: 14px;width: 144px\"><\/div>\n<\/div>\n<p><\/a><\/p>\n<p style=\"color:#c9c8cd;font-family:Arial,sans-serif;font-size:14px;line-height:17px;margin-bottom:0;margin-top:8px;overflow:hidden;padding:8px 0 7px;text-align:center\"><a href=\"https:\/\/www.instagram.com\/reel\/DA4QYAqhhRO\/?utm_source=ig_embed&amp;utm_campaign=loading\" style=\"color:#c9c8cd;font-family:Arial,sans-serif;font-size:14px;font-style:normal;font-weight:normal;line-height:17px;text-decoration:none\" target=\"_blank\" rel=\"noopener\">Uma publica\u00e7\u00e3o compartilhada por acidade on Ribeir\u00e3o (@acidadeonribeirao)<\/a><\/p>\n<\/div>\n<\/blockquote>\n<p>SAIBA MAIS<br \/>Calor\u00e3o! Ribeir\u00e3o Preto registra o dia mais quente de 2024<\/p>\n<h4 class=\"wp-block-heading\"><strong>FIQUE ON<\/strong><\/h4>\n<p>Fique ligado em tudo que acontece em Ribeir\u00e3o Preto e regi\u00e3o. Siga os perfis do <strong>acidade on<\/strong> no <a href=\"https:\/\/www.instagram.com\/acidadeonribeirao\" target=\"_blank\" rel=\"noreferrer noopener nofollow\">Instagram <\/a>e no <a href=\"https:\/\/www.facebook.com\/acidadeonribeirao\/\" target=\"_blank\" rel=\"noreferrer noopener nofollow\">Facebook<\/a>.<\/p>\n<p>Receba not\u00edcias do <strong>acidade on<\/strong> no WhatsApp. <a href=\"https:\/\/chat.whatsapp.com\/Fg4ok3aAVyB59DP63pRapr\" target=\"_blank\" rel=\"noreferrer noopener nofollow\">Para entrar no grupo, basta clicar aqui.<\/a><\/p>\n<p>Fa\u00e7a uma den\u00fancia ou sugira uma reportagem sobre Ribeir\u00e3o Preto e regi\u00e3o pelo WhatsApp: 16 99117 7802.<\/p>\n<p>VEJA TAMB\u00c9M<br \/>Quando Lula vai decidir a volta do hor\u00e1rio de ver\u00e3o?<\/p>\n<p>O post Inc\u00eandio atinge mata na zona Leste de Ribeir\u00e3o; veja v\u00eddeo apareceu primeiro em ACidade ON Ribeir\u00e3o Preto.<\/p>\n<p><script async src=\"\/\/www.instagram.com\/embed.js\"><\/script><br \/>\n<br \/><br \/>\n<br \/><a href=\"https:\/\/www.acidadeon.com\/ribeiraopreto\/cotidiano\/incendio-atinge-mata-na-zona-leste-de-ribeirao-veja-video\/\">Source link <\/a><\/p>\n<div class='code-block code-block-4' style='margin: 8px auto 8px 0; text-align: left; display: block; clear: both;'>\n\ud83d\udce2 Aviso Legal\n\nO site ismaelcolosi.com.br atua apenas como um canal de divulga\u00e7\u00e3o de oportunidades de emprego e n\u00e3o se responsabiliza pelo processo seletivo, contrata\u00e7\u00e3o ou qualquer outra etapa relacionada \u00e0s vagas publicadas. Todas as informa\u00e7\u00f5es s\u00e3o de responsabilidade dos anunciantes.\n\n\u26a0\ufe0f Aten\u00e7\u00e3o! Nunca pague por promessas de emprego nem compre cursos que garantam contrata\u00e7\u00e3o. Desconfie de qualquer cobran\u00e7a para participar de sele\u00e7\u00f5es.\n\n\n\n<\/div>\n<!-- CONTENT END 1 -->\n","protected":false},"excerpt":{"rendered":"<p>Um inc\u00eandio foi registrado, na tarde desta ter\u00e7a-feira (8), pr\u00f3ximo a Funda\u00e7\u00e3o Educand\u00e1rio, na zona Leste de Ribeir\u00e3o Preto. De acordo com a Guarda Civil&#8230;<\/p>\n","protected":false},"author":1,"featured_media":69952,"comment_status":"open","ping_status":"open","sticky":false,"template":"","format":"standard","meta":{"_uag_custom_page_level_css":"","advanced_seo_description":"","jetpack_seo_html_title":"","jetpack_seo_noindex":false,"jetpack_post_was_ever_published":false,"_jetpack_newsletter_access":"","_jetpack_dont_email_post_to_subs":false,"_jetpack_newsletter_tier_id":0,"_jetpack_memberships_contains_paywalled_content":false,"_jetpack_memberships_contains_paid_content":false,"footnotes":"","jetpack_publicize_message":"","jetpack_publicize_feature_enabled":true,"jetpack_social_post_already_shared":true,"jetpack_social_options":{"image_generator_settings":{"template":"highway","default_image_id":0,"font":"","enabled":false},"version":2}},"categories":[11],"tags":[],"class_list":["post-69951","post","type-post","status-publish","format-standard","has-post-thumbnail","hentry","category-noticias-de-ribeirao-preto-sp-e-regiao-ismael-colosi"],"jetpack_publicize_connections":[],"jetpack_featured_media_url":"https:\/\/i0.wp.com\/ismaelcolosi.com.br\/wp-content\/uploads\/2024\/10\/Sem-titulo_2024-10-08_22-18-31_png_2024-10-08_22-18-31.webp.webp?fit=1261%2C666&ssl=1","uagb_featured_image_src":{"full":["https:\/\/i0.wp.com\/ismaelcolosi.com.br\/wp-content\/uploads\/2024\/10\/Sem-titulo_2024-10-08_22-18-31_png_2024-10-08_22-18-31.webp.webp?fit=1261%2C666&ssl=1",1261,666,false],"thumbnail":["https:\/\/i0.wp.com\/ismaelcolosi.com.br\/wp-content\/uploads\/2024\/10\/Sem-titulo_2024-10-08_22-18-31_png_2024-10-08_22-18-31.webp.webp?resize=150%2C150&ssl=1",150,150,true],"medium":["https:\/\/i0.wp.com\/ismaelcolosi.com.br\/wp-content\/uploads\/2024\/10\/Sem-titulo_2024-10-08_22-18-31_png_2024-10-08_22-18-31.webp.webp?fit=300%2C158&ssl=1",300,158,true],"medium_large":["https:\/\/i0.wp.com\/ismaelcolosi.com.br\/wp-content\/uploads\/2024\/10\/Sem-titulo_2024-10-08_22-18-31_png_2024-10-08_22-18-31.webp.webp?fit=768%2C406&ssl=1",768,406,true],"large":["https:\/\/i0.wp.com\/ismaelcolosi.com.br\/wp-content\/uploads\/2024\/10\/Sem-titulo_2024-10-08_22-18-31_png_2024-10-08_22-18-31.webp.webp?fit=1024%2C541&ssl=1",1024,541,true],"1536x1536":["https:\/\/i0.wp.com\/ismaelcolosi.com.br\/wp-content\/uploads\/2024\/10\/Sem-titulo_2024-10-08_22-18-31_png_2024-10-08_22-18-31.webp.webp?fit=1261%2C666&ssl=1",1261,666,true],"2048x2048":["https:\/\/i0.wp.com\/ismaelcolosi.com.br\/wp-content\/uploads\/2024\/10\/Sem-titulo_2024-10-08_22-18-31_png_2024-10-08_22-18-31.webp.webp?fit=1261%2C666&ssl=1",1261,666,true],"really-simple-thumb":["https:\/\/i0.wp.com\/ismaelcolosi.com.br\/wp-content\/uploads\/2024\/10\/Sem-titulo_2024-10-08_22-18-31_png_2024-10-08_22-18-31.webp.webp?resize=370%2C247&ssl=1",370,247,true]},"uagb_author_info":{"display_name":"ismaelcolosi.com.br","author_link":"https:\/\/ismaelcolosi.com.br\/index.php\/author\/vidareal-online\/"},"uagb_comment_info":0,"uagb_excerpt":"Um inc\u00eandio foi registrado, na tarde desta ter\u00e7a-feira (8), pr\u00f3ximo a Funda\u00e7\u00e3o Educand\u00e1rio, na zona Leste de Ribeir\u00e3o Preto. De acordo com a Guarda Civil...","jetpack-related-posts":[{"id":69959,"url":"https:\/\/ismaelcolosi.com.br\/index.php\/2024\/10\/08\/incendio-atinge-mata-em-ribeirao-preto-veja-video\/","url_meta":{"origin":69951,"position":0},"title":"Inc\u00eandio atinge mata em Ribeir\u00e3o Preto; veja v\u00eddeo","author":"ismaelcolosi.com.br","date":"8 de October de 2024","format":false,"excerpt":"Um inc\u00eandio foi registrado, na tarde desta ter\u00e7a-feira (8), pr\u00f3ximo a Funda\u00e7\u00e3o Educand\u00e1rio, na zona Leste de Ribeir\u00e3o Preto. De acordo com a Guarda Civil Municipal (GCM), equipes da Defesa Civil e da Patrulha Rural est\u00e3o no local. O Corpo de Bombeiros tamb\u00e9m est\u00e1 na \u00e1rea auxiliando no combate as\u2026","rel":"","context":"In &quot;Not\u00edcias de Ribeir\u00e3o Preto-SP e Regi\u00e3o&quot;","block_context":{"text":"Not\u00edcias de Ribeir\u00e3o Preto-SP e Regi\u00e3o","link":"https:\/\/ismaelcolosi.com.br\/index.php\/category\/noticias-de-ribeirao-preto-sp-e-regiao-ismael-colosi\/"},"img":{"alt_text":"","src":"https:\/\/i0.wp.com\/ismaelcolosi.com.br\/wp-content\/uploads\/2024\/10\/Sem-titulo_2024-10-08_22-18-31_png_2024-10-08_22-18-31.webp.webp?fit=1200%2C634&ssl=1&resize=350%2C200","width":350,"height":200,"srcset":"https:\/\/i0.wp.com\/ismaelcolosi.com.br\/wp-content\/uploads\/2024\/10\/Sem-titulo_2024-10-08_22-18-31_png_2024-10-08_22-18-31.webp.webp?fit=1200%2C634&ssl=1&resize=350%2C200 1x, https:\/\/i0.wp.com\/ismaelcolosi.com.br\/wp-content\/uploads\/2024\/10\/Sem-titulo_2024-10-08_22-18-31_png_2024-10-08_22-18-31.webp.webp?fit=1200%2C634&ssl=1&resize=525%2C300 1.5x, https:\/\/i0.wp.com\/ismaelcolosi.com.br\/wp-content\/uploads\/2024\/10\/Sem-titulo_2024-10-08_22-18-31_png_2024-10-08_22-18-31.webp.webp?fit=1200%2C634&ssl=1&resize=700%2C400 2x, https:\/\/i0.wp.com\/ismaelcolosi.com.br\/wp-content\/uploads\/2024\/10\/Sem-titulo_2024-10-08_22-18-31_png_2024-10-08_22-18-31.webp.webp?fit=1200%2C634&ssl=1&resize=1050%2C600 3x"},"classes":[]},{"id":63096,"url":"https:\/\/ismaelcolosi.com.br\/index.php\/2024\/08\/30\/incendio-destroi-parte-de-mata-na-zona-leste-de-ribeirao-veja-imagens-aereas\/","url_meta":{"origin":69951,"position":1},"title":"Inc\u00eandio destr\u00f3i parte de mata na zona Leste de Ribeir\u00e3o; Veja imagens a\u00e9reas","author":"ismaelcolosi.com.br","date":"30 de August de 2024","format":false,"excerpt":"Um inc\u00eandio de grandes propor\u00e7\u00f5es destruiu parte de uma reserva florestal localizada no Parque dos Flamboyans, na zona Leste de Ribeir\u00e3o Preto, no come\u00e7o da tarde desta sexta-feira (30) \u2013 veja as imagens a\u00e9reas logo abaixo. De acordo com a Guarda Civil Metropolitana (GCM) de Ribeir\u00e3o Preto, o inc\u00eandio foi\u2026","rel":"","context":"In &quot;Not\u00edcias de Ribeir\u00e3o Preto-SP e Regi\u00e3o&quot;","block_context":{"text":"Not\u00edcias de Ribeir\u00e3o Preto-SP e Regi\u00e3o","link":"https:\/\/ismaelcolosi.com.br\/index.php\/category\/noticias-de-ribeirao-preto-sp-e-regiao-ismael-colosi\/"},"img":{"alt_text":"","src":"https:\/\/i0.wp.com\/ismaelcolosi.com.br\/wp-content\/uploads\/2024\/08\/WhatsApp-Image-2024-08-30-at-18.18.00_2024-08-30_21-42-45_jpeg_2024-08-30_21-42-46.webp.webp?fit=1200%2C675&ssl=1&resize=350%2C200","width":350,"height":200,"srcset":"https:\/\/i0.wp.com\/ismaelcolosi.com.br\/wp-content\/uploads\/2024\/08\/WhatsApp-Image-2024-08-30-at-18.18.00_2024-08-30_21-42-45_jpeg_2024-08-30_21-42-46.webp.webp?fit=1200%2C675&ssl=1&resize=350%2C200 1x, https:\/\/i0.wp.com\/ismaelcolosi.com.br\/wp-content\/uploads\/2024\/08\/WhatsApp-Image-2024-08-30-at-18.18.00_2024-08-30_21-42-45_jpeg_2024-08-30_21-42-46.webp.webp?fit=1200%2C675&ssl=1&resize=525%2C300 1.5x, https:\/\/i0.wp.com\/ismaelcolosi.com.br\/wp-content\/uploads\/2024\/08\/WhatsApp-Image-2024-08-30-at-18.18.00_2024-08-30_21-42-45_jpeg_2024-08-30_21-42-46.webp.webp?fit=1200%2C675&ssl=1&resize=700%2C400 2x, https:\/\/i0.wp.com\/ismaelcolosi.com.br\/wp-content\/uploads\/2024\/08\/WhatsApp-Image-2024-08-30-at-18.18.00_2024-08-30_21-42-45_jpeg_2024-08-30_21-42-46.webp.webp?fit=1200%2C675&ssl=1&resize=1050%2C600 3x"},"classes":[]},{"id":63197,"url":"https:\/\/ismaelcolosi.com.br\/index.php\/2024\/08\/31\/incendio-e-novamente-registrado-na-zona-leste-de-ribeirao-veja-video\/","url_meta":{"origin":69951,"position":2},"title":"Inc\u00eandio \u00e9 novamente registrado na zona Leste de Ribeir\u00e3o; veja v\u00eddeo","author":"ismaelcolosi.com.br","date":"31 de August de 2024","format":false,"excerpt":"Um inc\u00eandio foi registrado novamente, no in\u00edcio da tarde deste s\u00e1bado (31), na zona Leste de Ribeir\u00e3o Preto. O Corpo de Bombeiros e a Defesa Civil est\u00e3o no local. Na tarde de sexta-feira (30), o fogo atingiu uma vegeta\u00e7\u00e3o no Pq dos Flamboyans. De acordo com moradores, duas pessoas estavam\u2026","rel":"","context":"In &quot;Not\u00edcias de Ribeir\u00e3o Preto-SP e Regi\u00e3o&quot;","block_context":{"text":"Not\u00edcias de Ribeir\u00e3o Preto-SP e Regi\u00e3o","link":"https:\/\/ismaelcolosi.com.br\/index.php\/category\/noticias-de-ribeirao-preto-sp-e-regiao-ismael-colosi\/"},"img":{"alt_text":"","src":"https:\/\/i0.wp.com\/ismaelcolosi.com.br\/wp-content\/uploads\/2024\/08\/Imagem-do-WhatsApp-de-2024-08-31-as-14.52.55_306fc408_2024-08-31_17-53-52_jpg_2024-08-31_17-53-52.webp.webp?fit=1200%2C675&ssl=1&resize=350%2C200","width":350,"height":200,"srcset":"https:\/\/i0.wp.com\/ismaelcolosi.com.br\/wp-content\/uploads\/2024\/08\/Imagem-do-WhatsApp-de-2024-08-31-as-14.52.55_306fc408_2024-08-31_17-53-52_jpg_2024-08-31_17-53-52.webp.webp?fit=1200%2C675&ssl=1&resize=350%2C200 1x, https:\/\/i0.wp.com\/ismaelcolosi.com.br\/wp-content\/uploads\/2024\/08\/Imagem-do-WhatsApp-de-2024-08-31-as-14.52.55_306fc408_2024-08-31_17-53-52_jpg_2024-08-31_17-53-52.webp.webp?fit=1200%2C675&ssl=1&resize=525%2C300 1.5x, https:\/\/i0.wp.com\/ismaelcolosi.com.br\/wp-content\/uploads\/2024\/08\/Imagem-do-WhatsApp-de-2024-08-31-as-14.52.55_306fc408_2024-08-31_17-53-52_jpg_2024-08-31_17-53-52.webp.webp?fit=1200%2C675&ssl=1&resize=700%2C400 2x, https:\/\/i0.wp.com\/ismaelcolosi.com.br\/wp-content\/uploads\/2024\/08\/Imagem-do-WhatsApp-de-2024-08-31-as-14.52.55_306fc408_2024-08-31_17-53-52_jpg_2024-08-31_17-53-52.webp.webp?fit=1200%2C675&ssl=1&resize=1050%2C600 3x"},"classes":[]},{"id":63056,"url":"https:\/\/ismaelcolosi.com.br\/index.php\/2024\/08\/30\/incendio-e-registrado-na-zona-leste-de-ribeirao-veja-o-video\/","url_meta":{"origin":69951,"position":3},"title":"Inc\u00eandio \u00e9 registrado na zona Leste de Ribeir\u00e3o; veja o v\u00eddeo","author":"ismaelcolosi.com.br","date":"30 de August de 2024","format":false,"excerpt":"Um inc\u00eandio foi registrado no come\u00e7o da tarde desta sexta-feira (30), na zona Leste de Ribeir\u00e3o Preto. De acordo com moradores, duas pessoas estavam fazendo um conserto no port\u00e3o e soldaram em frente a mata , foi quando o fogo se alastrou. Bombeiros e Defesa Civil j\u00e1 est\u00e3o no local\u2026","rel":"","context":"In &quot;Not\u00edcias de Ribeir\u00e3o Preto-SP e Regi\u00e3o&quot;","block_context":{"text":"Not\u00edcias de Ribeir\u00e3o Preto-SP e Regi\u00e3o","link":"https:\/\/ismaelcolosi.com.br\/index.php\/category\/noticias-de-ribeirao-preto-sp-e-regiao-ismael-colosi\/"},"img":{"alt_text":"","src":"https:\/\/i0.wp.com\/ismaelcolosi.com.br\/wp-content\/uploads\/2024\/08\/Imagem-do-WhatsApp-de-2024-08-30-as-14.56.42_d7eaf5f5_2024-08-30_17-57-57_jpg_2024-08-30_17-57-57-e1725040894149.webp.webp?fit=899%2C1151&ssl=1&resize=350%2C200","width":350,"height":200,"srcset":"https:\/\/i0.wp.com\/ismaelcolosi.com.br\/wp-content\/uploads\/2024\/08\/Imagem-do-WhatsApp-de-2024-08-30-as-14.56.42_d7eaf5f5_2024-08-30_17-57-57_jpg_2024-08-30_17-57-57-e1725040894149.webp.webp?fit=899%2C1151&ssl=1&resize=350%2C200 1x, https:\/\/i0.wp.com\/ismaelcolosi.com.br\/wp-content\/uploads\/2024\/08\/Imagem-do-WhatsApp-de-2024-08-30-as-14.56.42_d7eaf5f5_2024-08-30_17-57-57_jpg_2024-08-30_17-57-57-e1725040894149.webp.webp?fit=899%2C1151&ssl=1&resize=525%2C300 1.5x, https:\/\/i0.wp.com\/ismaelcolosi.com.br\/wp-content\/uploads\/2024\/08\/Imagem-do-WhatsApp-de-2024-08-30-as-14.56.42_d7eaf5f5_2024-08-30_17-57-57_jpg_2024-08-30_17-57-57-e1725040894149.webp.webp?fit=899%2C1151&ssl=1&resize=700%2C400 2x"},"classes":[]},{"id":53842,"url":"https:\/\/ismaelcolosi.com.br\/index.php\/2024\/06\/19\/incendio-de-grandes-proporcoes-atinge-area-na-zona-leste-de-ribeirao-preto\/","url_meta":{"origin":69951,"position":4},"title":"Inc\u00eandio de grandes propor\u00e7\u00f5es atinge \u00e1rea na zona Leste de Ribeir\u00e3o Preto","author":"ismaelcolosi.com.br","date":"19 de June de 2024","format":false,"excerpt":"Um inc\u00eandio de grandes propor\u00e7\u00f5es atingiu uma \u00e1rea na Fazenda da Barra, zona Leste de Ribeir\u00e3o Preto, na tarde desta quarta-feira (19). Moradores registraram uma grande quantidade de fuma\u00e7a no c\u00e9u da regi\u00e3o \u2013 veja abaixo. Equipes do Corpo de Bombeiros foram acionadas para a ocorr\u00eancia. Al\u00e9m da corpora\u00e7\u00e3o, a\u2026","rel":"","context":"In &quot;Not\u00edcias de Ribeir\u00e3o Preto-SP e Regi\u00e3o&quot;","block_context":{"text":"Not\u00edcias de Ribeir\u00e3o Preto-SP e Regi\u00e3o","link":"https:\/\/ismaelcolosi.com.br\/index.php\/category\/noticias-de-ribeirao-preto-sp-e-regiao-ismael-colosi\/"},"img":{"alt_text":"","src":"https:\/\/i0.wp.com\/ismaelcolosi.com.br\/wp-content\/uploads\/2024\/06\/WhatsApp-Image-2024-06-19-at-16.42.33_2024-06-19_21-07-17_jpeg_2024-06-19_21-07-17.webp.webp?fit=1200%2C675&ssl=1&resize=350%2C200","width":350,"height":200,"srcset":"https:\/\/i0.wp.com\/ismaelcolosi.com.br\/wp-content\/uploads\/2024\/06\/WhatsApp-Image-2024-06-19-at-16.42.33_2024-06-19_21-07-17_jpeg_2024-06-19_21-07-17.webp.webp?fit=1200%2C675&ssl=1&resize=350%2C200 1x, https:\/\/i0.wp.com\/ismaelcolosi.com.br\/wp-content\/uploads\/2024\/06\/WhatsApp-Image-2024-06-19-at-16.42.33_2024-06-19_21-07-17_jpeg_2024-06-19_21-07-17.webp.webp?fit=1200%2C675&ssl=1&resize=525%2C300 1.5x, https:\/\/i0.wp.com\/ismaelcolosi.com.br\/wp-content\/uploads\/2024\/06\/WhatsApp-Image-2024-06-19-at-16.42.33_2024-06-19_21-07-17_jpeg_2024-06-19_21-07-17.webp.webp?fit=1200%2C675&ssl=1&resize=700%2C400 2x, https:\/\/i0.wp.com\/ismaelcolosi.com.br\/wp-content\/uploads\/2024\/06\/WhatsApp-Image-2024-06-19-at-16.42.33_2024-06-19_21-07-17_jpeg_2024-06-19_21-07-17.webp.webp?fit=1200%2C675&ssl=1&resize=1050%2C600 3x"},"classes":[]},{"id":48587,"url":"https:\/\/ismaelcolosi.com.br\/index.php\/2024\/05\/03\/apartamento-pega-fogo-em-bairro-da-zona-leste-de-ribeirao-preto-veja-o-video\/","url_meta":{"origin":69951,"position":5},"title":"Apartamento pega fogo em bairro da zona Leste de Ribeir\u00e3o Preto; Veja o v\u00eddeo","author":"ismaelcolosi.com.br","date":"3 de May de 2024","format":false,"excerpt":"Um apartamento na rua Jos\u00e9 Pierri, no bairro Nova Ribeir\u00e2nia, na zona Leste de Ribeir\u00e3o Preto, pegou fogo na noite desta sexta-feira (3). Segundo moradores, o fogo j\u00e1 foi controlado pelos bombeiros e, ainda, n\u00e3o se sabe o que provocou o inc\u00eandio. A informa\u00e7\u00e3o \u00e9 de que o apartamento, que\u2026","rel":"","context":"In &quot;Not\u00edcias de Ribeir\u00e3o Preto-SP e Regi\u00e3o&quot;","block_context":{"text":"Not\u00edcias de Ribeir\u00e3o Preto-SP e Regi\u00e3o","link":"https:\/\/ismaelcolosi.com.br\/index.php\/category\/noticias-de-ribeirao-preto-sp-e-regiao-ismael-colosi\/"},"img":{"alt_text":"","src":"https:\/\/i0.wp.com\/ismaelcolosi.com.br\/wp-content\/uploads\/2024\/05\/Copia-de-Copia-de-TAMANHO-EXATO-PARA-FOTOS-NO-SISTEMA-NOVO-36_2024-05-03_23-13-44_jpg_2024-05-03_23-13-44.webp.webp?fit=1200%2C675&ssl=1&resize=350%2C200","width":350,"height":200,"srcset":"https:\/\/i0.wp.com\/ismaelcolosi.com.br\/wp-content\/uploads\/2024\/05\/Copia-de-Copia-de-TAMANHO-EXATO-PARA-FOTOS-NO-SISTEMA-NOVO-36_2024-05-03_23-13-44_jpg_2024-05-03_23-13-44.webp.webp?fit=1200%2C675&ssl=1&resize=350%2C200 1x, https:\/\/i0.wp.com\/ismaelcolosi.com.br\/wp-content\/uploads\/2024\/05\/Copia-de-Copia-de-TAMANHO-EXATO-PARA-FOTOS-NO-SISTEMA-NOVO-36_2024-05-03_23-13-44_jpg_2024-05-03_23-13-44.webp.webp?fit=1200%2C675&ssl=1&resize=525%2C300 1.5x, https:\/\/i0.wp.com\/ismaelcolosi.com.br\/wp-content\/uploads\/2024\/05\/Copia-de-Copia-de-TAMANHO-EXATO-PARA-FOTOS-NO-SISTEMA-NOVO-36_2024-05-03_23-13-44_jpg_2024-05-03_23-13-44.webp.webp?fit=1200%2C675&ssl=1&resize=700%2C400 2x, https:\/\/i0.wp.com\/ismaelcolosi.com.br\/wp-content\/uploads\/2024\/05\/Copia-de-Copia-de-TAMANHO-EXATO-PARA-FOTOS-NO-SISTEMA-NOVO-36_2024-05-03_23-13-44_jpg_2024-05-03_23-13-44.webp.webp?fit=1200%2C675&ssl=1&resize=1050%2C600 3x"},"classes":[]}],"jetpack_sharing_enabled":true,"jetpack_shortlink":"https:\/\/wp.me\/pfMlyK-icf","_links":{"self":[{"href":"https:\/\/ismaelcolosi.com.br\/index.php\/wp-json\/wp\/v2\/posts\/69951","targetHints":{"allow":["GET"]}}],"collection":[{"href":"https:\/\/ismaelcolosi.com.br\/index.php\/wp-json\/wp\/v2\/posts"}],"about":[{"href":"https:\/\/ismaelcolosi.com.br\/index.php\/wp-json\/wp\/v2\/types\/post"}],"author":[{"embeddable":true,"href":"https:\/\/ismaelcolosi.com.br\/index.php\/wp-json\/wp\/v2\/users\/1"}],"replies":[{"embeddable":true,"href":"https:\/\/ismaelcolosi.com.br\/index.php\/wp-json\/wp\/v2\/comments?post=69951"}],"version-history":[{"count":0,"href":"https:\/\/ismaelcolosi.com.br\/index.php\/wp-json\/wp\/v2\/posts\/69951\/revisions"}],"wp:featuredmedia":[{"embeddable":true,"href":"https:\/\/ismaelcolosi.com.br\/index.php\/wp-json\/wp\/v2\/media\/69952"}],"wp:attachment":[{"href":"https:\/\/ismaelcolosi.com.br\/index.php\/wp-json\/wp\/v2\/media?parent=69951"}],"wp:term":[{"taxonomy":"category","embeddable":true,"href":"https:\/\/ismaelcolosi.com.br\/index.php\/wp-json\/wp\/v2\/categories?post=69951"},{"taxonomy":"post_tag","embeddable":true,"href":"https:\/\/ismaelcolosi.com.br\/index.php\/wp-json\/wp\/v2\/tags?post=69951"}],"curies":[{"name":"wp","href":"https:\/\/api.w.org\/{rel}","templated":true}]}}