{"id":69944,"date":"2024-10-08T18:54:11","date_gmt":"2024-10-08T21:54:11","guid":{"rendered":"https:\/\/ismaelcolosi.com.br\/index.php\/2024\/10\/08\/bairros-de-ribeirao-preto-podem-ficar-sem-agua-ate-amanha\/"},"modified":"2024-10-08T18:54:11","modified_gmt":"2024-10-08T21:54:11","slug":"bairros-de-ribeirao-preto-podem-ficar-sem-agua-ate-amanha","status":"publish","type":"post","link":"https:\/\/ismaelcolosi.com.br\/index.php\/2024\/10\/08\/bairros-de-ribeirao-preto-podem-ficar-sem-agua-ate-amanha\/","title":{"rendered":"Bairros de Ribeir\u00e3o Preto podem ficar sem \u00e1gua at\u00e9 amanh\u00e3"},"content":{"rendered":"<p> <br \/>\n<\/p>\n<div data-td-block-uid=\"tdi_106\">\n<div class=\"tdb-block-inner td-fix-index\">\n<p>A <strong><a href=\"https:\/\/www.ribeiraopreto.sp.gov.br\/portal\/saerp\/postos-de-atendimento\" target=\"_blank\" rel=\"noreferrer noopener nofollow\">Saerp (Secretaria de \u00c1gua e Esgoto de Ribeir\u00e3o Preto) <\/a><\/strong>informou que seis bairros da zona Oeste de <strong>Ribeir\u00e3o Preto <\/strong>podem ficar sem \u00e1gua at\u00e9 quarta-feira (9), \u00e0s 5h.<\/p>\n<p>De acordo com a secretaria, equipes da pasta est\u00e3o realizando a <mark style=\"background-color:#fcb900\" class=\"has-inline-color has-black-color\">troca emergencial da bomba no Po\u00e7o Parque Ribeir\u00e3o<\/mark>, o que pode causar falhas no abastecimento nos bairros:<\/p>\n<ul>\n<li>Parque Ribeir\u00e3o, Jardim Marchesi, Ad\u00e3o do Carmo, Branca Sales, Jardim Maria das Gra\u00e7as, Jardim Maria Goretti e imedia\u00e7\u00f5es.<\/li>\n<\/ul>\n<p>Ap\u00f3s a conclus\u00e3o, o sistema ser\u00e1 religado e o abastecimento voltar\u00e1 de forma gradativa.<\/p>\n<h4 class=\"wp-block-heading\"><strong>O que fazer?\u00a0\u00a0\u00a0\u00a0\u00a0\u00a0\u00a0\u00a0\u00a0\u00a0\u00a0\u00a0\u00a0\u00a0\u00a0\u00a0\u00a0\u00a0\u00a0\u00a0\u00a0\u00a0\u00a0\u00a0\u00a0\u00a0\u00a0\u00a0\u00a0\u00a0\u00a0\u00a0\u00a0\u00a0\u00a0\u00a0\u00a0\u00a0\u00a0\u00a0\u00a0\u00a0\u00a0\u00a0\u00a0\u00a0\u00a0\u00a0\u00a0\u00a0\u00a0\u00a0\u00a0\u00a0\u00a0\u00a0\u00a0\u00a0\u00a0 \u00a0\u00a0\u00a0\u00a0\u00a0\u00a0\u00a0\u00a0\u00a0\u00a0\u00a0\u00a0\u00a0\u00a0\u00a0\u00a0\u00a0\u00a0\u00a0\u00a0\u00a0\u00a0\u00a0\u00a0\u00a0\u00a0\u00a0\u00a0\u00a0\u00a0\u00a0\u00a0\u00a0\u00a0\u00a0\u00a0\u00a0\u00a0\u00a0\u00a0\u00a0\u00a0\u00a0\u00a0\u00a0<\/strong><\/h4>\n<p>Caso o seu bairro apresente falhas no abastecimento, entre em contato com a Saerp pelo telefone 0800 115 0115 ou procure por um posto de atendimento (<a href=\"https:\/\/www.ribeiraopreto.sp.gov.br\/portal\/saerp\/postos-de-atendimento\" target=\"_blank\" rel=\"noreferrer noopener nofollow\">clique aqui<\/a>).<\/p>\n<p>SAIBA MAIS<br \/>Calor\u00e3o! Ribeir\u00e3o Preto registra o dia mais quente de 2024<\/p>\n<h4 class=\"wp-block-heading\"><strong>FIQUE ON<\/strong><\/h4>\n<p>Fique ligado em tudo que acontece em Ribeir\u00e3o Preto e regi\u00e3o. Siga os perfis do <strong>acidade on<\/strong> no <a href=\"https:\/\/www.instagram.com\/acidadeonribeirao\" target=\"_blank\" rel=\"noreferrer noopener nofollow\">Instagram <\/a>e no <a href=\"https:\/\/www.facebook.com\/acidadeonribeirao\/\" target=\"_blank\" rel=\"noreferrer noopener nofollow\">Facebook<\/a>.<\/p>\n<p>Receba not\u00edcias do <strong>acidade on<\/strong> no WhatsApp. <a href=\"https:\/\/chat.whatsapp.com\/Fg4ok3aAVyB59DP63pRapr\" target=\"_blank\" rel=\"noreferrer noopener nofollow\">Para entrar no grupo, basta clicar aqui.<\/a><\/p>\n<p>Fa\u00e7a uma den\u00fancia ou sugira uma reportagem sobre Ribeir\u00e3o Preto e regi\u00e3o pelo WhatsApp: 16 99117 7802.<\/p>\n<p>VEJA TAMB\u00c9M<br \/>Quando Lula vai decidir a volta do hor\u00e1rio de ver\u00e3o?<\/p>\n<p><!-- CONTENT END 1 -->\n<\/div>\n<\/div>\n<p><script async src=\"\/\/www.instagram.com\/embed.js\"><\/script><br \/>\n<br \/><br \/>\n<br \/><a href=\"https:\/\/www.acidadeon.com\/ribeiraopreto\/cotidiano\/bairros-de-ribeirao-preto-podem-ficar-sem-agua-ate-amanha\/\">Source link <\/a><\/p>\n","protected":false},"excerpt":{"rendered":"<p>A Saerp (Secretaria de \u00c1gua e Esgoto de Ribeir\u00e3o Preto) informou que seis bairros da zona Oeste de Ribeir\u00e3o Preto podem ficar sem \u00e1gua at\u00e9&#8230;<\/p>\n","protected":false},"author":1,"featured_media":61314,"comment_status":"open","ping_status":"open","sticky":false,"template":"","format":"standard","meta":{"_uag_custom_page_level_css":"","advanced_seo_description":"","jetpack_seo_html_title":"","jetpack_seo_noindex":false,"jetpack_post_was_ever_published":false,"_jetpack_newsletter_access":"","_jetpack_dont_email_post_to_subs":false,"_jetpack_newsletter_tier_id":0,"_jetpack_memberships_contains_paywalled_content":false,"_jetpack_memberships_contains_paid_content":false,"footnotes":"","jetpack_publicize_message":"","jetpack_publicize_feature_enabled":true,"jetpack_social_post_already_shared":true,"jetpack_social_options":{"image_generator_settings":{"template":"highway","default_image_id":0,"font":"","enabled":false},"version":2}},"categories":[11],"tags":[],"class_list":["post-69944","post","type-post","status-publish","format-standard","has-post-thumbnail","hentry","category-noticias-de-ribeirao-preto-sp-e-regiao-ismael-colosi"],"jetpack_publicize_connections":[],"jetpack_featured_media_url":"https:\/\/i0.wp.com\/ismaelcolosi.com.br\/wp-content\/uploads\/2024\/08\/divulgacao_cesan-Foto-Marcello-Casal-Jr.Agencia-Brasil_2024-08-21_12-20-22_jpg_2024-08-21_12-20-22.webp.webp?fit=600%2C400&ssl=1","uagb_featured_image_src":{"full":["https:\/\/i0.wp.com\/ismaelcolosi.com.br\/wp-content\/uploads\/2024\/08\/divulgacao_cesan-Foto-Marcello-Casal-Jr.Agencia-Brasil_2024-08-21_12-20-22_jpg_2024-08-21_12-20-22.webp.webp?fit=600%2C400&ssl=1",600,400,false],"thumbnail":["https:\/\/i0.wp.com\/ismaelcolosi.com.br\/wp-content\/uploads\/2024\/08\/divulgacao_cesan-Foto-Marcello-Casal-Jr.Agencia-Brasil_2024-08-21_12-20-22_jpg_2024-08-21_12-20-22.webp.webp?resize=150%2C150&ssl=1",150,150,true],"medium":["https:\/\/i0.wp.com\/ismaelcolosi.com.br\/wp-content\/uploads\/2024\/08\/divulgacao_cesan-Foto-Marcello-Casal-Jr.Agencia-Brasil_2024-08-21_12-20-22_jpg_2024-08-21_12-20-22.webp.webp?fit=300%2C200&ssl=1",300,200,true],"medium_large":["https:\/\/i0.wp.com\/ismaelcolosi.com.br\/wp-content\/uploads\/2024\/08\/divulgacao_cesan-Foto-Marcello-Casal-Jr.Agencia-Brasil_2024-08-21_12-20-22_jpg_2024-08-21_12-20-22.webp.webp?fit=600%2C400&ssl=1",600,400,true],"large":["https:\/\/i0.wp.com\/ismaelcolosi.com.br\/wp-content\/uploads\/2024\/08\/divulgacao_cesan-Foto-Marcello-Casal-Jr.Agencia-Brasil_2024-08-21_12-20-22_jpg_2024-08-21_12-20-22.webp.webp?fit=600%2C400&ssl=1",600,400,true],"1536x1536":["https:\/\/i0.wp.com\/ismaelcolosi.com.br\/wp-content\/uploads\/2024\/08\/divulgacao_cesan-Foto-Marcello-Casal-Jr.Agencia-Brasil_2024-08-21_12-20-22_jpg_2024-08-21_12-20-22.webp.webp?fit=600%2C400&ssl=1",600,400,true],"2048x2048":["https:\/\/i0.wp.com\/ismaelcolosi.com.br\/wp-content\/uploads\/2024\/08\/divulgacao_cesan-Foto-Marcello-Casal-Jr.Agencia-Brasil_2024-08-21_12-20-22_jpg_2024-08-21_12-20-22.webp.webp?fit=600%2C400&ssl=1",600,400,true],"really-simple-thumb":["https:\/\/i0.wp.com\/ismaelcolosi.com.br\/wp-content\/uploads\/2024\/08\/divulgacao_cesan-Foto-Marcello-Casal-Jr.Agencia-Brasil_2024-08-21_12-20-22_jpg_2024-08-21_12-20-22.webp.webp?resize=370%2C247&ssl=1",370,247,true]},"uagb_author_info":{"display_name":"ismaelcolosi.com.br","author_link":"https:\/\/ismaelcolosi.com.br\/index.php\/author\/vidareal-online\/"},"uagb_comment_info":0,"uagb_excerpt":"A Saerp (Secretaria de \u00c1gua e Esgoto de Ribeir\u00e3o Preto) informou que seis bairros da zona Oeste de Ribeir\u00e3o Preto podem ficar sem \u00e1gua at\u00e9...","jetpack-related-posts":[{"id":68504,"url":"https:\/\/ismaelcolosi.com.br\/index.php\/2024\/09\/30\/bairros-de-ribeirao-preto-podem-ficar-sem-agua-ate-amanha-veja-quais\/","url_meta":{"origin":69944,"position":0},"title":"Bairros de Ribeir\u00e3o Preto podem ficar sem \u00e1gua at\u00e9 amanh\u00e3; Veja quais","author":"ismaelcolosi.com.br","date":"30 de September de 2024","format":false,"excerpt":"A Saerp (Secretaria de \u00c1gua e Esgoto de Ribeir\u00e3o Preto) informou nesta segunda-feira (30) que bairros de Ribeir\u00e3o Preto podem ficar sem \u00e1gua at\u00e9 amanh\u00e3. Segundo a secretaria, foi feito um reparo emergencial no po\u00e7o Parque dos Lagos, na zona Leste, que gerou falhas no abastecimento dos seguintes bairros: Parque\u2026","rel":"","context":"In &quot;Not\u00edcias de Ribeir\u00e3o Preto-SP e Regi\u00e3o&quot;","block_context":{"text":"Not\u00edcias de Ribeir\u00e3o Preto-SP e Regi\u00e3o","link":"https:\/\/ismaelcolosi.com.br\/index.php\/category\/noticias-de-ribeirao-preto-sp-e-regiao-ismael-colosi\/"},"img":{"alt_text":"","src":"https:\/\/i0.wp.com\/ismaelcolosi.com.br\/wp-content\/uploads\/2024\/07\/Copia-de-Copia-de-TAMANHO-EXATO-PARA-FOTOS-NO-SISTEMA-NOVO-11_2024-07-29_20-40-13_jpg_2024-07-29_20-40-13.webp.webp?fit=1200%2C675&ssl=1&resize=350%2C200","width":350,"height":200,"srcset":"https:\/\/i0.wp.com\/ismaelcolosi.com.br\/wp-content\/uploads\/2024\/07\/Copia-de-Copia-de-TAMANHO-EXATO-PARA-FOTOS-NO-SISTEMA-NOVO-11_2024-07-29_20-40-13_jpg_2024-07-29_20-40-13.webp.webp?fit=1200%2C675&ssl=1&resize=350%2C200 1x, https:\/\/i0.wp.com\/ismaelcolosi.com.br\/wp-content\/uploads\/2024\/07\/Copia-de-Copia-de-TAMANHO-EXATO-PARA-FOTOS-NO-SISTEMA-NOVO-11_2024-07-29_20-40-13_jpg_2024-07-29_20-40-13.webp.webp?fit=1200%2C675&ssl=1&resize=525%2C300 1.5x, https:\/\/i0.wp.com\/ismaelcolosi.com.br\/wp-content\/uploads\/2024\/07\/Copia-de-Copia-de-TAMANHO-EXATO-PARA-FOTOS-NO-SISTEMA-NOVO-11_2024-07-29_20-40-13_jpg_2024-07-29_20-40-13.webp.webp?fit=1200%2C675&ssl=1&resize=700%2C400 2x, https:\/\/i0.wp.com\/ismaelcolosi.com.br\/wp-content\/uploads\/2024\/07\/Copia-de-Copia-de-TAMANHO-EXATO-PARA-FOTOS-NO-SISTEMA-NOVO-11_2024-07-29_20-40-13_jpg_2024-07-29_20-40-13.webp.webp?fit=1200%2C675&ssl=1&resize=1050%2C600 3x"},"classes":[]},{"id":39841,"url":"https:\/\/ismaelcolosi.com.br\/index.php\/2024\/02\/28\/seis-bairros-de-ribeirao-preto-podem-ficar-sem-agua-ate-amanha\/","url_meta":{"origin":69944,"position":1},"title":"Seis bairros de Ribeir\u00e3o Preto podem ficar sem \u00e1gua at\u00e9 amanh\u00e3","author":"ismaelcolosi.com.br","date":"28 de February de 2024","format":false,"excerpt":"A Saerp (Secretaria de \u00c1gua e Esgoto de Ribeir\u00e3o Preto) informou que seis bairros da zona Oeste de Ribeir\u00e3o Preto podem ficar sem \u00e1gua at\u00e9 quinta-feira (29). Isso porque, a pasta est\u00e1 realizando a substitui\u00e7\u00e3o emergencial da bomba do po\u00e7o Delboux. De acordo com a Saerp, a bomba apresentou falhas\u2026","rel":"","context":"In &quot;Not\u00edcias de Ribeir\u00e3o Preto-SP e Regi\u00e3o&quot;","block_context":{"text":"Not\u00edcias de Ribeir\u00e3o Preto-SP e Regi\u00e3o","link":"https:\/\/ismaelcolosi.com.br\/index.php\/category\/noticias-de-ribeirao-preto-sp-e-regiao-ismael-colosi\/"},"img":{"alt_text":"","src":"https:\/\/i0.wp.com\/ismaelcolosi.com.br\/wp-content\/uploads\/2024\/02\/FOTO-CARDS.jpg?fit=640%2C500&ssl=1&resize=350%2C200","width":350,"height":200,"srcset":"https:\/\/i0.wp.com\/ismaelcolosi.com.br\/wp-content\/uploads\/2024\/02\/FOTO-CARDS.jpg?fit=640%2C500&ssl=1&resize=350%2C200 1x, https:\/\/i0.wp.com\/ismaelcolosi.com.br\/wp-content\/uploads\/2024\/02\/FOTO-CARDS.jpg?fit=640%2C500&ssl=1&resize=525%2C300 1.5x"},"classes":[]},{"id":69116,"url":"https:\/\/ismaelcolosi.com.br\/index.php\/2024\/10\/03\/bairros-de-ribeirao-preto-podem-ficar-sem-agua-ate-o-periodo-da-noite\/","url_meta":{"origin":69944,"position":2},"title":"Bairros de Ribeir\u00e3o Preto podem ficar sem \u00e1gua at\u00e9 o per\u00edodo da noite","author":"ismaelcolosi.com.br","date":"3 de October de 2024","format":false,"excerpt":"A Saerp (Secretaria de \u00c1gua e Esgoto de Ribeir\u00e3o Preto) informou que quatro bairros de Ribeir\u00e3o Preto podem ficar sem at\u00e9 o per\u00edodo da noite desta quinta-feira (3). De acordo com a pasta, o Po\u00e7o Novo Lagoinha II ser\u00e1 desligado para troca de rede el\u00e9trica no bairro, ocasionando falhas no\u2026","rel":"","context":"In &quot;Not\u00edcias de Ribeir\u00e3o Preto-SP e Regi\u00e3o&quot;","block_context":{"text":"Not\u00edcias de Ribeir\u00e3o Preto-SP e Regi\u00e3o","link":"https:\/\/ismaelcolosi.com.br\/index.php\/category\/noticias-de-ribeirao-preto-sp-e-regiao-ismael-colosi\/"},"img":{"alt_text":"","src":"https:\/\/i0.wp.com\/ismaelcolosi.com.br\/wp-content\/uploads\/2024\/07\/AnyConv.com__Copia-de-Copia-de-TAMANHO-EXATO-PARA-FOTOS-NO-SISTEMA-NOVO-8_2024-06-17_15-27-00.webp.webp?fit=1200%2C675&ssl=1&resize=350%2C200","width":350,"height":200,"srcset":"https:\/\/i0.wp.com\/ismaelcolosi.com.br\/wp-content\/uploads\/2024\/07\/AnyConv.com__Copia-de-Copia-de-TAMANHO-EXATO-PARA-FOTOS-NO-SISTEMA-NOVO-8_2024-06-17_15-27-00.webp.webp?fit=1200%2C675&ssl=1&resize=350%2C200 1x, https:\/\/i0.wp.com\/ismaelcolosi.com.br\/wp-content\/uploads\/2024\/07\/AnyConv.com__Copia-de-Copia-de-TAMANHO-EXATO-PARA-FOTOS-NO-SISTEMA-NOVO-8_2024-06-17_15-27-00.webp.webp?fit=1200%2C675&ssl=1&resize=525%2C300 1.5x, https:\/\/i0.wp.com\/ismaelcolosi.com.br\/wp-content\/uploads\/2024\/07\/AnyConv.com__Copia-de-Copia-de-TAMANHO-EXATO-PARA-FOTOS-NO-SISTEMA-NOVO-8_2024-06-17_15-27-00.webp.webp?fit=1200%2C675&ssl=1&resize=700%2C400 2x, https:\/\/i0.wp.com\/ismaelcolosi.com.br\/wp-content\/uploads\/2024\/07\/AnyConv.com__Copia-de-Copia-de-TAMANHO-EXATO-PARA-FOTOS-NO-SISTEMA-NOVO-8_2024-06-17_15-27-00.webp.webp?fit=1200%2C675&ssl=1&resize=1050%2C600 3x"},"classes":[]},{"id":53920,"url":"https:\/\/ismaelcolosi.com.br\/index.php\/2024\/06\/20\/bairros-de-ribeirao-preto-podem-ficar-sem-agua-ate-amanha-veja-onde\/","url_meta":{"origin":69944,"position":3},"title":"Bairros de Ribeir\u00e3o Preto podem ficar sem \u00e1gua at\u00e9 amanh\u00e3; Veja onde","author":"ismaelcolosi.com.br","date":"20 de June de 2024","format":false,"excerpt":"A Saerp (Secretaria de \u00c1gua e Esgoto de Ribeir\u00e3o Preto) informou que sete bairros da zona Oeste de Ribeir\u00e3o Preto podem ficar sem \u00e1gua at\u00e9 as 12h de sexta-feira (21), por conta da substitui\u00e7\u00e3o emergencial da bomba submersa do po\u00e7o Seme Cury. A secretaria informou que a bomba apresentou falhas\u2026","rel":"","context":"In &quot;Not\u00edcias de Ribeir\u00e3o Preto-SP e Regi\u00e3o&quot;","block_context":{"text":"Not\u00edcias de Ribeir\u00e3o Preto-SP e Regi\u00e3o","link":"https:\/\/ismaelcolosi.com.br\/index.php\/category\/noticias-de-ribeirao-preto-sp-e-regiao-ismael-colosi\/"},"img":{"alt_text":"","src":"https:\/\/i0.wp.com\/ismaelcolosi.com.br\/wp-content\/uploads\/2024\/06\/AnyConv.com__falta-agua-ribeirao-preto_2024-06-20_14-33-08.webp.webp?fit=1200%2C801&ssl=1&resize=350%2C200","width":350,"height":200,"srcset":"https:\/\/i0.wp.com\/ismaelcolosi.com.br\/wp-content\/uploads\/2024\/06\/AnyConv.com__falta-agua-ribeirao-preto_2024-06-20_14-33-08.webp.webp?fit=1200%2C801&ssl=1&resize=350%2C200 1x, https:\/\/i0.wp.com\/ismaelcolosi.com.br\/wp-content\/uploads\/2024\/06\/AnyConv.com__falta-agua-ribeirao-preto_2024-06-20_14-33-08.webp.webp?fit=1200%2C801&ssl=1&resize=525%2C300 1.5x, https:\/\/i0.wp.com\/ismaelcolosi.com.br\/wp-content\/uploads\/2024\/06\/AnyConv.com__falta-agua-ribeirao-preto_2024-06-20_14-33-08.webp.webp?fit=1200%2C801&ssl=1&resize=700%2C400 2x, https:\/\/i0.wp.com\/ismaelcolosi.com.br\/wp-content\/uploads\/2024\/06\/AnyConv.com__falta-agua-ribeirao-preto_2024-06-20_14-33-08.webp.webp?fit=1200%2C801&ssl=1&resize=1050%2C600 3x"},"classes":[]},{"id":71408,"url":"https:\/\/ismaelcolosi.com.br\/index.php\/2024\/10\/16\/bairros-de-ribeirao-preto-podem-ficar-sem-agua-veja-locais-afetados-2\/","url_meta":{"origin":69944,"position":4},"title":"Bairros de Ribeir\u00e3o Preto podem ficar sem \u00e1gua; Veja locais afetados","author":"ismaelcolosi.com.br","date":"16 de October de 2024","format":false,"excerpt":"A Saerp (Secretaria de \u00c1gua e Esgoto de Ribeir\u00e3o Preto) informou nesta quarta-feira (16) que nove bairros de Ribeir\u00e3o Preto podem apresentar falta d\u2019\u00e1gua. De acordo com a secretaria, h\u00e1 uma rede rompida na esquina da rua S\u00e3o Jos\u00e9 com a rua Am\u00e9rico Brasiliense, no Centro. Uma equipe j\u00e1 est\u00e1\u2026","rel":"","context":"In &quot;Not\u00edcias de Ribeir\u00e3o Preto-SP e Regi\u00e3o&quot;","block_context":{"text":"Not\u00edcias de Ribeir\u00e3o Preto-SP e Regi\u00e3o","link":"https:\/\/ismaelcolosi.com.br\/index.php\/category\/noticias-de-ribeirao-preto-sp-e-regiao-ismael-colosi\/"},"img":{"alt_text":"","src":"https:\/\/i0.wp.com\/ismaelcolosi.com.br\/wp-content\/uploads\/2024\/09\/falta-agua_2024-09-12_14-24-37_jpg_2024-09-12_14-24-37.webp.webp?fit=1068%2C801&ssl=1&resize=350%2C200","width":350,"height":200,"srcset":"https:\/\/i0.wp.com\/ismaelcolosi.com.br\/wp-content\/uploads\/2024\/09\/falta-agua_2024-09-12_14-24-37_jpg_2024-09-12_14-24-37.webp.webp?fit=1068%2C801&ssl=1&resize=350%2C200 1x, https:\/\/i0.wp.com\/ismaelcolosi.com.br\/wp-content\/uploads\/2024\/09\/falta-agua_2024-09-12_14-24-37_jpg_2024-09-12_14-24-37.webp.webp?fit=1068%2C801&ssl=1&resize=525%2C300 1.5x, https:\/\/i0.wp.com\/ismaelcolosi.com.br\/wp-content\/uploads\/2024\/09\/falta-agua_2024-09-12_14-24-37_jpg_2024-09-12_14-24-37.webp.webp?fit=1068%2C801&ssl=1&resize=700%2C400 2x, https:\/\/i0.wp.com\/ismaelcolosi.com.br\/wp-content\/uploads\/2024\/09\/falta-agua_2024-09-12_14-24-37_jpg_2024-09-12_14-24-37.webp.webp?fit=1068%2C801&ssl=1&resize=1050%2C600 3x"},"classes":[]},{"id":64862,"url":"https:\/\/ismaelcolosi.com.br\/index.php\/2024\/09\/09\/bairros-de-ribeirao-preto-podem-ficar-sem-agua-ate-amanha-veja-os-locais\/","url_meta":{"origin":69944,"position":5},"title":"Bairros de Ribeir\u00e3o Preto podem ficar sem \u00e1gua at\u00e9 amanh\u00e3; Veja os locais","author":"ismaelcolosi.com.br","date":"9 de September de 2024","format":false,"excerpt":"A Saerp (Secretaria de \u00c1gua e Esgoto de Ribeir\u00e3o Preto) informou que quatro bairros da zona Sul de Ribeir\u00e3o Preto podem ficar sem \u00e1gua at\u00e9 a manh\u00e3 de ter\u00e7a-feira (10). Segundo a secretaria, equipes est\u00e3o realizando a troca emergencial da bomba do po\u00e7o CDHU. Por conta disso, pode ocasionar nas\u2026","rel":"","context":"In &quot;Not\u00edcias de Ribeir\u00e3o Preto-SP e Regi\u00e3o&quot;","block_context":{"text":"Not\u00edcias de Ribeir\u00e3o Preto-SP e Regi\u00e3o","link":"https:\/\/ismaelcolosi.com.br\/index.php\/category\/noticias-de-ribeirao-preto-sp-e-regiao-ismael-colosi\/"},"img":{"alt_text":"","src":"https:\/\/i0.wp.com\/ismaelcolosi.com.br\/wp-content\/uploads\/2024\/09\/bebedouro-saerp.jpg?fit=1056%2C574&ssl=1&resize=350%2C200","width":350,"height":200,"srcset":"https:\/\/i0.wp.com\/ismaelcolosi.com.br\/wp-content\/uploads\/2024\/09\/bebedouro-saerp.jpg?fit=1056%2C574&ssl=1&resize=350%2C200 1x, https:\/\/i0.wp.com\/ismaelcolosi.com.br\/wp-content\/uploads\/2024\/09\/bebedouro-saerp.jpg?fit=1056%2C574&ssl=1&resize=525%2C300 1.5x, https:\/\/i0.wp.com\/ismaelcolosi.com.br\/wp-content\/uploads\/2024\/09\/bebedouro-saerp.jpg?fit=1056%2C574&ssl=1&resize=700%2C400 2x, https:\/\/i0.wp.com\/ismaelcolosi.com.br\/wp-content\/uploads\/2024\/09\/bebedouro-saerp.jpg?fit=1056%2C574&ssl=1&resize=1050%2C600 3x"},"classes":[]}],"jetpack_sharing_enabled":true,"jetpack_shortlink":"https:\/\/wp.me\/pfMlyK-ic8","_links":{"self":[{"href":"https:\/\/ismaelcolosi.com.br\/index.php\/wp-json\/wp\/v2\/posts\/69944","targetHints":{"allow":["GET"]}}],"collection":[{"href":"https:\/\/ismaelcolosi.com.br\/index.php\/wp-json\/wp\/v2\/posts"}],"about":[{"href":"https:\/\/ismaelcolosi.com.br\/index.php\/wp-json\/wp\/v2\/types\/post"}],"author":[{"embeddable":true,"href":"https:\/\/ismaelcolosi.com.br\/index.php\/wp-json\/wp\/v2\/users\/1"}],"replies":[{"embeddable":true,"href":"https:\/\/ismaelcolosi.com.br\/index.php\/wp-json\/wp\/v2\/comments?post=69944"}],"version-history":[{"count":0,"href":"https:\/\/ismaelcolosi.com.br\/index.php\/wp-json\/wp\/v2\/posts\/69944\/revisions"}],"wp:featuredmedia":[{"embeddable":true,"href":"https:\/\/ismaelcolosi.com.br\/index.php\/wp-json\/wp\/v2\/media\/61314"}],"wp:attachment":[{"href":"https:\/\/ismaelcolosi.com.br\/index.php\/wp-json\/wp\/v2\/media?parent=69944"}],"wp:term":[{"taxonomy":"category","embeddable":true,"href":"https:\/\/ismaelcolosi.com.br\/index.php\/wp-json\/wp\/v2\/categories?post=69944"},{"taxonomy":"post_tag","embeddable":true,"href":"https:\/\/ismaelcolosi.com.br\/index.php\/wp-json\/wp\/v2\/tags?post=69944"}],"curies":[{"name":"wp","href":"https:\/\/api.w.org\/{rel}","templated":true}]}}