{"id":69941,"date":"2024-10-08T18:42:42","date_gmt":"2024-10-08T21:42:42","guid":{"rendered":"https:\/\/ismaelcolosi.com.br\/index.php\/2024\/10\/08\/enem-dos-concursos-justica-suspende-liminar-e-candidatos-do-bloco-4-podem-conferir-gabaritos-e-resultados\/"},"modified":"2024-10-08T18:42:42","modified_gmt":"2024-10-08T21:42:42","slug":"enem-dos-concursos-justica-suspende-liminar-e-candidatos-do-bloco-4-podem-conferir-gabaritos-e-resultados","status":"publish","type":"post","link":"https:\/\/ismaelcolosi.com.br\/index.php\/2024\/10\/08\/enem-dos-concursos-justica-suspende-liminar-e-candidatos-do-bloco-4-podem-conferir-gabaritos-e-resultados\/","title":{"rendered":"\u2018Enem dos Concursos\u2019: justi\u00e7a suspende liminar e candidatos do Bloco 4 podem conferir gabaritos e resultados"},"content":{"rendered":"<p> <br \/>\n<\/p>\n<div id=\"\">\n<div class=\"content-infos\">\n<div class=\"texts\">\n<p class=\"author tooltip-comp\"> Da reda\u00e7\u00e3o<span class=\"icon-i\">i<\/span><span class=\"tooltiptext\"> <span class=\"author\"><span>Da reda\u00e7\u00e3o<\/span> <\/span><span class=\"desc\"\/> <\/span><\/p>\n<p>08\/10\/2024 &#8211; 18:35<\/p>\n<\/div>\n<div id=\"share-modal\" class=\"share-modal\"> <button class=\"box-close btn-share\"> <img decoding=\"async\" src=\"https:\/\/istoedinheiro.com.br\/wp-content\/themes\/dinheiro-wp-theme\/assets\/img\/svg\/closeIcon.svg?x46096\" alt=\"Close icon\" class=\"close-btn lazy\"\/> <\/button><\/div>\n<\/p><\/div>\n<p>O Minist\u00e9rio da Gest\u00e3o e da Inova\u00e7\u00e3o anunciou no in\u00edcio da noite desta ter\u00e7a-feira, 8, que os candidatos que concorrem \u00e0s 971 vagas do Bloco 4 \u2013 Trabalho e Sa\u00fade do Servidor \u2013 do Concurso P\u00fablico Nacional Unificado (CPNU), apelidado de \u201cEnem dos Concursos\u201d, agora tamb\u00e9m podem consultar as notas finais das provas objetivas e as notas preliminares das provas discursivas, na \u00e1rea do candidato.<\/p>\n<p><strong>+Prova pr\u00e1tica, teste oral e avalia\u00e7\u00e3o online: veja as mudan\u00e7as na Lei dos Concursos P\u00fablicos<\/strong><\/p>\n<p>A divulga\u00e7\u00e3o dos resultados das provas do bloco 4 estava suspensa pela Justi\u00e7a. O Governo Federal, por meio da Advocacia Geral da Uni\u00e3o (AGU), recorreu sobre o tema.<\/p>\n<p>Nesta tarde, a Justi\u00e7a suspendeu a liminar que impedia a divulga\u00e7\u00e3o dos resultados. Ap\u00f3s as an\u00e1lises dos recursos, a Funda\u00e7\u00e3o Cesgranrio, organizadora das provas do concurso, decidiu que apenas uma quest\u00e3o do Bloco 4 foi anulada. Como s\u00e3o tr\u00eas gabaritos distintos para esse Bloco, foi anulada uma quest\u00e3o em cada gabarito.<\/p>\n<p>As notas das provas discursivas dos blocos 1, 2, 3, 5, 6, 7, de n\u00edvel superior, e 8, de n\u00edvel m\u00e9dio, foram disponibilizadas na manh\u00e3 desta ter\u00e7a-feira. Para conferir o resultado, basta fazer login na \u00e1rea do candidato no site oficial do certame, <a href=\"https:\/\/cpnu.cesgranrio.org.br\/login\" target=\"_blank\" rel=\"noopener\">neste link<\/a>.<\/p>\n<h3>Como conferir as notas<\/h3>\n<p>Os gabaritos finais das provas objetivas do concurso, p\u00f3s-recursos, est\u00e3o dispon\u00edveis na se\u00e7\u00e3o \u201cCaderno de provas e Gabaritos\u201d do site do CPNU. Nesta se\u00e7\u00e3o do site do CPNU, tamb\u00e9m foram divulgados os padr\u00f5es de respostas das provas discursivas do Bloco 4.<\/p>\n<h3>Pedidos de revis\u00e3o de nota<\/h3>\n<p>Os pedidos de revis\u00e3o das notas preliminares das provas discursivas para os candidatos do Bloco 4 podem ser feitos nos pr\u00f3ximos dois dias, 9 e 10 de outubro, os mesmos para os candidatos dos demais blocos.<\/p>\n<p>Os recursos devem ser apresentados no campo \u201cInterposi\u00e7\u00e3o de recursos\u201d da \u00e1rea do candidato, mesmo local onde o candidato pode baixar a imagem da prova discursiva.<\/p>\n<p><img data-recalc-dims=\"1\" loading=\"lazy\" decoding=\"async\" class=\"aligncenter wp-image-3243419 size-full lazy\" src=\"https:\/\/i0.wp.com\/istoedinheiro.com.br\/wp-content\/uploads\/sites\/17\/2024\/10\/captura-de-tela-2024-10-08-182139.png?resize=614%2C382&#038;ssl=1\" alt=\"\" width=\"614\" height=\"382\"\/><\/p>\n<p>Ao longo do pr\u00f3ximo m\u00eas, os candidatos aprovados dever\u00e3o comprovar seus t\u00edtulos e diplomas atrav\u00e9s de upload no site. Tamb\u00e9m ser\u00e3o feitas a verifica\u00e7\u00e3o dos candidatos autodeclarados negros, ind\u00edgenas e pessoas com defici\u00eancia.<\/p>\n<div id=\"share-modal\" class=\"share-modal\"> <button class=\"box-close btn-share\"> <img decoding=\"async\" src=\"https:\/\/istoedinheiro.com.br\/wp-content\/themes\/dinheiro-wp-theme\/assets\/img\/svg\/closeIcon.svg?x46096\" alt=\"Close icon\" class=\"close-btn lazy\"\/> <\/button><\/div>\n<\/p><\/div>\n<p><script>!function(f,b,e,v,n,t,s){if(f.fbq)return;n=f.fbq=function(){n.callMethod?n.callMethod.apply(n,arguments):n.queue.push(arguments)};if(!f._fbq)f._fbq=n;n.push=n;n.loaded=!0;n.version='2.0';n.queue=[];t=b.createElement(e);t.async=!0;t.src=v;s=b.getElementsByTagName(e)[0];s.parentNode.insertBefore(t,s)}(window,document,'script','<\/script><br \/>\n<br \/><br \/>\n<br \/><a href=\"https:\/\/istoedinheiro.com.br\/enem-dos-concursos-justica-suspende-liminar-e-candidatos-do-bloco-4-podem-conferir-gabaritos-e-resultados\/\">Source link <\/a><\/p>\n<div class='code-block code-block-4' style='margin: 8px auto 8px 0; text-align: left; display: block; clear: both;'>\n\ud83d\udce2 Aviso Legal\n\nO site ismaelcolosi.com.br atua apenas como um canal de divulga\u00e7\u00e3o de oportunidades de emprego e n\u00e3o se responsabiliza pelo processo seletivo, contrata\u00e7\u00e3o ou qualquer outra etapa relacionada \u00e0s vagas publicadas. Todas as informa\u00e7\u00f5es s\u00e3o de responsabilidade dos anunciantes.\n\n\u26a0\ufe0f Aten\u00e7\u00e3o! Nunca pague por promessas de emprego nem compre cursos que garantam contrata\u00e7\u00e3o. Desconfie de qualquer cobran\u00e7a para participar de sele\u00e7\u00f5es.\n\n\n\n<\/div>\n<!-- CONTENT END 1 -->\n","protected":false},"excerpt":{"rendered":"<p>Da reda\u00e7\u00e3oi Da reda\u00e7\u00e3o 08\/10\/2024 &#8211; 18:35 O Minist\u00e9rio da Gest\u00e3o e da Inova\u00e7\u00e3o anunciou no in\u00edcio da noite desta ter\u00e7a-feira, 8, que os candidatos&#8230;<\/p>\n","protected":false},"author":1,"featured_media":69942,"comment_status":"open","ping_status":"open","sticky":false,"template":"","format":"standard","meta":{"_uag_custom_page_level_css":"","advanced_seo_description":"","jetpack_seo_html_title":"","jetpack_seo_noindex":false,"jetpack_post_was_ever_published":false,"_jetpack_newsletter_access":"","_jetpack_dont_email_post_to_subs":false,"_jetpack_newsletter_tier_id":0,"_jetpack_memberships_contains_paywalled_content":false,"_jetpack_memberships_contains_paid_content":false,"footnotes":"","jetpack_publicize_message":"","jetpack_publicize_feature_enabled":true,"jetpack_social_post_already_shared":true,"jetpack_social_options":{"image_generator_settings":{"template":"highway","default_image_id":0,"font":"","enabled":false},"version":2}},"categories":[3598],"tags":[],"class_list":["post-69941","post","type-post","status-publish","format-standard","has-post-thumbnail","hentry","category-empregos-classificados-vagas-trabalho"],"jetpack_publicize_connections":[],"jetpack_featured_media_url":"https:\/\/i0.wp.com\/ismaelcolosi.com.br\/wp-content\/uploads\/2024\/10\/prova.jpg?fit=1392%2C817&ssl=1","uagb_featured_image_src":{"full":["https:\/\/i0.wp.com\/ismaelcolosi.com.br\/wp-content\/uploads\/2024\/10\/prova.jpg?fit=1392%2C817&ssl=1",1392,817,false],"thumbnail":["https:\/\/i0.wp.com\/ismaelcolosi.com.br\/wp-content\/uploads\/2024\/10\/prova.jpg?resize=150%2C150&ssl=1",150,150,true],"medium":["https:\/\/i0.wp.com\/ismaelcolosi.com.br\/wp-content\/uploads\/2024\/10\/prova.jpg?fit=300%2C176&ssl=1",300,176,true],"medium_large":["https:\/\/i0.wp.com\/ismaelcolosi.com.br\/wp-content\/uploads\/2024\/10\/prova.jpg?fit=768%2C451&ssl=1",768,451,true],"large":["https:\/\/i0.wp.com\/ismaelcolosi.com.br\/wp-content\/uploads\/2024\/10\/prova.jpg?fit=1024%2C601&ssl=1",1024,601,true],"1536x1536":["https:\/\/i0.wp.com\/ismaelcolosi.com.br\/wp-content\/uploads\/2024\/10\/prova.jpg?fit=1392%2C817&ssl=1",1392,817,true],"2048x2048":["https:\/\/i0.wp.com\/ismaelcolosi.com.br\/wp-content\/uploads\/2024\/10\/prova.jpg?fit=1392%2C817&ssl=1",1392,817,true],"really-simple-thumb":["https:\/\/i0.wp.com\/ismaelcolosi.com.br\/wp-content\/uploads\/2024\/10\/prova.jpg?resize=370%2C247&ssl=1",370,247,true]},"uagb_author_info":{"display_name":"ismaelcolosi.com.br","author_link":"https:\/\/ismaelcolosi.com.br\/index.php\/author\/vidareal-online\/"},"uagb_comment_info":0,"uagb_excerpt":"Da reda\u00e7\u00e3oi Da reda\u00e7\u00e3o 08\/10\/2024 &#8211; 18:35 O Minist\u00e9rio da Gest\u00e3o e da Inova\u00e7\u00e3o anunciou no in\u00edcio da noite desta ter\u00e7a-feira, 8, que os candidatos...","jetpack-related-posts":[{"id":69684,"url":"https:\/\/ismaelcolosi.com.br\/index.php\/2024\/10\/07\/enem-dos-concursos-notas-do-cpnu-saem-nesta-terca-saiba-como-conferir\/","url_meta":{"origin":69941,"position":0},"title":"Enem dos Concursos: notas do CPNU saem nesta ter\u00e7a; saiba como conferir","author":"ismaelcolosi.com.br","date":"7 de October de 2024","format":false,"excerpt":"Da reda\u00e7\u00e3oi Da reda\u00e7\u00e3o 07\/10\/2024 - 13:04 O Concurso P\u00fablico Nacional Unificado (CPNU), apelidado de \u201cEnem dos Concursos\u201d, divulgou nesta segunda-feira,\u00a0 7, as notas finais das provas objetivas e preliminares das provas discursivas. Para conferir seu resultado, basta fazer login na \u00e1rea do candidato no site oficial do certame, neste\u2026","rel":"","context":"In &quot;Empregos - Classificados&quot;","block_context":{"text":"Empregos - Classificados","link":"https:\/\/ismaelcolosi.com.br\/index.php\/category\/empregos-classificados-vagas-trabalho\/"},"img":{"alt_text":"","src":"https:\/\/i0.wp.com\/ismaelcolosi.com.br\/wp-content\/uploads\/2024\/10\/prova-1.jpg?fit=1200%2C751&ssl=1&resize=350%2C200","width":350,"height":200,"srcset":"https:\/\/i0.wp.com\/ismaelcolosi.com.br\/wp-content\/uploads\/2024\/10\/prova-1.jpg?fit=1200%2C751&ssl=1&resize=350%2C200 1x, https:\/\/i0.wp.com\/ismaelcolosi.com.br\/wp-content\/uploads\/2024\/10\/prova-1.jpg?fit=1200%2C751&ssl=1&resize=525%2C300 1.5x, https:\/\/i0.wp.com\/ismaelcolosi.com.br\/wp-content\/uploads\/2024\/10\/prova-1.jpg?fit=1200%2C751&ssl=1&resize=700%2C400 2x, https:\/\/i0.wp.com\/ismaelcolosi.com.br\/wp-content\/uploads\/2024\/10\/prova-1.jpg?fit=1200%2C751&ssl=1&resize=1050%2C600 3x"},"classes":[]},{"id":67807,"url":"https:\/\/ismaelcolosi.com.br\/index.php\/2024\/09\/25\/enem-dos-concursos-confira-a-nova-relacao-candidato-vaga-apos-abstencoes-da-prova\/","url_meta":{"origin":69941,"position":1},"title":"\u2018Enem dos Concursos\u2019: confira a nova rela\u00e7\u00e3o candidato\/vaga ap\u00f3s absten\u00e7\u00f5es da prova","author":"ismaelcolosi.com.br","date":"25 de September de 2024","format":false,"excerpt":"Da reda\u00e7\u00e3oi Da reda\u00e7\u00e3o 25\/09\/2024 - 14:38 O governo federal apresentou uma nova rela\u00e7\u00e3o candidato por vaga dos cargos do\u00a0\u00a0CPNU (Concurso P\u00fablico Nacional Unificado), conhecido tamb\u00e9m como \u201cEnem dos Concursos\u201d.O c\u00e1lculo reflete apenas os participantes que realizaram as provas no dia 18 de agosto, ou seja, descarta as absten\u00e7\u00f5es.+ \u2018Enem\u2026","rel":"","context":"In &quot;Empregos - Classificados&quot;","block_context":{"text":"Empregos - Classificados","link":"https:\/\/ismaelcolosi.com.br\/index.php\/category\/empregos-classificados-vagas-trabalho\/"},"img":{"alt_text":"","src":"https:\/\/i0.wp.com\/ismaelcolosi.com.br\/wp-content\/uploads\/2024\/09\/cnu.jpg?fit=1024%2C687&ssl=1&resize=350%2C200","width":350,"height":200,"srcset":"https:\/\/i0.wp.com\/ismaelcolosi.com.br\/wp-content\/uploads\/2024\/09\/cnu.jpg?fit=1024%2C687&ssl=1&resize=350%2C200 1x, https:\/\/i0.wp.com\/ismaelcolosi.com.br\/wp-content\/uploads\/2024\/09\/cnu.jpg?fit=1024%2C687&ssl=1&resize=525%2C300 1.5x, https:\/\/i0.wp.com\/ismaelcolosi.com.br\/wp-content\/uploads\/2024\/09\/cnu.jpg?fit=1024%2C687&ssl=1&resize=700%2C400 2x"},"classes":[]},{"id":69829,"url":"https:\/\/ismaelcolosi.com.br\/index.php\/2024\/10\/08\/governo-divulga-notas-do-enem-dos-concursos-veja-como-acessar\/","url_meta":{"origin":69941,"position":2},"title":"Governo divulga notas do \u2018Enem dos Concursos\u2019; veja como acessar","author":"ismaelcolosi.com.br","date":"8 de October de 2024","format":false,"excerpt":"Da reda\u00e7\u00e3oi Da reda\u00e7\u00e3o 08\/10\/2024 - 11:30 O Governo Federal divulgou nesta ter\u00e7a-feira, 8, as notas finais das provas objetivas e preliminares das provas discursivas do Concurso P\u00fablico Nacional Unificado (CNPU), conhecido popularmente como \u201cEnem dos Concursos\u201d.Para ter acesso, os participantes devem acessar a \u00e1rea do candidato na mesma p\u00e1gina\u2026","rel":"","context":"In &quot;Empregos - Classificados&quot;","block_context":{"text":"Empregos - Classificados","link":"https:\/\/ismaelcolosi.com.br\/index.php\/category\/empregos-classificados-vagas-trabalho\/"},"img":{"alt_text":"","src":"https:\/\/i0.wp.com\/ismaelcolosi.com.br\/wp-content\/uploads\/2024\/10\/cnu.jpg?fit=900%2C600&ssl=1&resize=350%2C200","width":350,"height":200,"srcset":"https:\/\/i0.wp.com\/ismaelcolosi.com.br\/wp-content\/uploads\/2024\/10\/cnu.jpg?fit=900%2C600&ssl=1&resize=350%2C200 1x, https:\/\/i0.wp.com\/ismaelcolosi.com.br\/wp-content\/uploads\/2024\/10\/cnu.jpg?fit=900%2C600&ssl=1&resize=525%2C300 1.5x, https:\/\/i0.wp.com\/ismaelcolosi.com.br\/wp-content\/uploads\/2024\/10\/cnu.jpg?fit=900%2C600&ssl=1&resize=700%2C400 2x"},"classes":[]},{"id":61346,"url":"https:\/\/ismaelcolosi.com.br\/index.php\/2024\/08\/21\/enem-dos-concursos-ibge-tem-cargo-mais-concorrido-no-processo-seletivo\/","url_meta":{"origin":69941,"position":3},"title":"\u2018Enem dos concursos\u2019: IBGE tem cargo mais concorrido no processo seletivo","author":"ismaelcolosi.com.br","date":"21 de August de 2024","format":false,"excerpt":"O cargo mais concorrido do CPNU (Concurso P\u00fablico Nacional Unificado), ou o chamado \u201cEnem dos Concursos\u201d, foi o de engenheiro civil para analista do IBGE (Instituto Brasileiro de Geografia e Estat\u00edstica), com 28.534 inscritos para uma vaga. A informa\u00e7\u00e3o foi divulgada pelo Minist\u00e9rio da Gest\u00e3o e Inova\u00e7\u00e3o. Por meio do\u2026","rel":"","context":"In &quot;Empregos - Classificados&quot;","block_context":{"text":"Empregos - Classificados","link":"https:\/\/ismaelcolosi.com.br\/index.php\/category\/empregos-classificados-vagas-trabalho\/"},"img":{"alt_text":"","src":"https:\/\/i0.wp.com\/ismaelcolosi.com.br\/wp-content\/uploads\/2024\/08\/cpnu.jpg?fit=1015%2C699&ssl=1&resize=350%2C200","width":350,"height":200,"srcset":"https:\/\/i0.wp.com\/ismaelcolosi.com.br\/wp-content\/uploads\/2024\/08\/cpnu.jpg?fit=1015%2C699&ssl=1&resize=350%2C200 1x, https:\/\/i0.wp.com\/ismaelcolosi.com.br\/wp-content\/uploads\/2024\/08\/cpnu.jpg?fit=1015%2C699&ssl=1&resize=525%2C300 1.5x, https:\/\/i0.wp.com\/ismaelcolosi.com.br\/wp-content\/uploads\/2024\/08\/cpnu.jpg?fit=1015%2C699&ssl=1&resize=700%2C400 2x"},"classes":[]},{"id":61676,"url":"https:\/\/ismaelcolosi.com.br\/index.php\/2024\/08\/22\/enem-dos-concursos-veja-como-calcular-a-nota-das-provas-objetivas\/","url_meta":{"origin":69941,"position":4},"title":"\u2018Enem dos concursos\u2019: veja como calcular a nota das provas objetivas","author":"ismaelcolosi.com.br","date":"22 de August de 2024","format":false,"excerpt":"Ag\u00eancia Brasili Ag\u00eancia Brasil 22\/08\/2024 - 17:30 Os gabaritos preliminares das provas objetivas dos oito blocos tem\u00e1ticos do Concurso P\u00fablico Nacional Unificado (CNPU) foram divulgados na ter\u00e7a-feira, 20, pelo Minist\u00e9rio da Gest\u00e3o e Inova\u00e7\u00e3o em Servi\u00e7os P\u00fablicos (MGI) no site do Concurso P\u00fablico Nacional Unificado (CPNU).+ \u2018Enem dos concursos\u2019: IBGE\u2026","rel":"","context":"In &quot;Empregos - Classificados&quot;","block_context":{"text":"Empregos - Classificados","link":"https:\/\/ismaelcolosi.com.br\/index.php\/category\/empregos-classificados-vagas-trabalho\/"},"img":{"alt_text":"","src":"https:\/\/i0.wp.com\/ismaelcolosi.com.br\/wp-content\/uploads\/2024\/08\/cnu.jpg?fit=900%2C600&ssl=1&resize=350%2C200","width":350,"height":200,"srcset":"https:\/\/i0.wp.com\/ismaelcolosi.com.br\/wp-content\/uploads\/2024\/08\/cnu.jpg?fit=900%2C600&ssl=1&resize=350%2C200 1x, https:\/\/i0.wp.com\/ismaelcolosi.com.br\/wp-content\/uploads\/2024\/08\/cnu.jpg?fit=900%2C600&ssl=1&resize=525%2C300 1.5x, https:\/\/i0.wp.com\/ismaelcolosi.com.br\/wp-content\/uploads\/2024\/08\/cnu.jpg?fit=900%2C600&ssl=1&resize=700%2C400 2x"},"classes":[]},{"id":45596,"url":"https:\/\/ismaelcolosi.com.br\/index.php\/2024\/04\/05\/um-mes-para-o-enem-dos-concursos-veja-horarios-e-estrutura-das-provas\/","url_meta":{"origin":69941,"position":5},"title":"Um m\u00eas para o Enem dos Concursos: veja hor\u00e1rios e estrutura das provas","author":"ismaelcolosi.com.br","date":"5 de April de 2024","format":false,"excerpt":"Da reda\u00e7\u00e3oi Da reda\u00e7\u00e3o 05\/04\/2024 - 9:40 Exatamente daqui um m\u00eas, no dia 5 de maio, os candidatos inscritos no CPNU (Concurso P\u00fablico Nacional Unificado), ou mais conhecido como \u201cEnem dos Concursos\u201c, disputar\u00e3o 6.640 vagas oferecidas.O cronograma foi divulgado nesta sexta-feira, 5, pelo Minist\u00e9rio da Gest\u00e3o e da Inova\u00e7\u00e3o em\u2026","rel":"","context":"In &quot;Empregos - Classificados&quot;","block_context":{"text":"Empregos - Classificados","link":"https:\/\/ismaelcolosi.com.br\/index.php\/category\/empregos-classificados-vagas-trabalho\/"},"img":{"alt_text":"","src":"https:\/\/i0.wp.com\/ismaelcolosi.com.br\/wp-content\/uploads\/2024\/04\/prova01.jpg?fit=1200%2C666&ssl=1&resize=350%2C200","width":350,"height":200,"srcset":"https:\/\/i0.wp.com\/ismaelcolosi.com.br\/wp-content\/uploads\/2024\/04\/prova01.jpg?fit=1200%2C666&ssl=1&resize=350%2C200 1x, https:\/\/i0.wp.com\/ismaelcolosi.com.br\/wp-content\/uploads\/2024\/04\/prova01.jpg?fit=1200%2C666&ssl=1&resize=525%2C300 1.5x, https:\/\/i0.wp.com\/ismaelcolosi.com.br\/wp-content\/uploads\/2024\/04\/prova01.jpg?fit=1200%2C666&ssl=1&resize=700%2C400 2x, https:\/\/i0.wp.com\/ismaelcolosi.com.br\/wp-content\/uploads\/2024\/04\/prova01.jpg?fit=1200%2C666&ssl=1&resize=1050%2C600 3x"},"classes":[]}],"jetpack_sharing_enabled":true,"jetpack_shortlink":"https:\/\/wp.me\/pfMlyK-ic5","_links":{"self":[{"href":"https:\/\/ismaelcolosi.com.br\/index.php\/wp-json\/wp\/v2\/posts\/69941","targetHints":{"allow":["GET"]}}],"collection":[{"href":"https:\/\/ismaelcolosi.com.br\/index.php\/wp-json\/wp\/v2\/posts"}],"about":[{"href":"https:\/\/ismaelcolosi.com.br\/index.php\/wp-json\/wp\/v2\/types\/post"}],"author":[{"embeddable":true,"href":"https:\/\/ismaelcolosi.com.br\/index.php\/wp-json\/wp\/v2\/users\/1"}],"replies":[{"embeddable":true,"href":"https:\/\/ismaelcolosi.com.br\/index.php\/wp-json\/wp\/v2\/comments?post=69941"}],"version-history":[{"count":0,"href":"https:\/\/ismaelcolosi.com.br\/index.php\/wp-json\/wp\/v2\/posts\/69941\/revisions"}],"wp:featuredmedia":[{"embeddable":true,"href":"https:\/\/ismaelcolosi.com.br\/index.php\/wp-json\/wp\/v2\/media\/69942"}],"wp:attachment":[{"href":"https:\/\/ismaelcolosi.com.br\/index.php\/wp-json\/wp\/v2\/media?parent=69941"}],"wp:term":[{"taxonomy":"category","embeddable":true,"href":"https:\/\/ismaelcolosi.com.br\/index.php\/wp-json\/wp\/v2\/categories?post=69941"},{"taxonomy":"post_tag","embeddable":true,"href":"https:\/\/ismaelcolosi.com.br\/index.php\/wp-json\/wp\/v2\/tags?post=69941"}],"curies":[{"name":"wp","href":"https:\/\/api.w.org\/{rel}","templated":true}]}}