{"id":69929,"date":"2024-10-08T17:33:10","date_gmt":"2024-10-08T20:33:10","guid":{"rendered":"https:\/\/ismaelcolosi.com.br\/index.php\/2024\/10\/08\/calorao-ribeirao-preto-registra-o-dia-mais-quente-de-2024\/"},"modified":"2024-10-08T17:33:10","modified_gmt":"2024-10-08T20:33:10","slug":"calorao-ribeirao-preto-registra-o-dia-mais-quente-de-2024","status":"publish","type":"post","link":"https:\/\/ismaelcolosi.com.br\/index.php\/2024\/10\/08\/calorao-ribeirao-preto-registra-o-dia-mais-quente-de-2024\/","title":{"rendered":"Calor\u00e3o! Ribeir\u00e3o Preto registra o dia mais quente de 2024"},"content":{"rendered":"<p> <br \/>\n<\/p>\n<div data-td-block-uid=\"tdi_106\">\n<div class=\"tdb-block-inner td-fix-index\">\n<p>Esta ter\u00e7a-feira (8) \u00e9 o dia mais quente do ano em <strong>Ribeir\u00e3o Preto<\/strong>. Durante a tarde, <mark style=\"background-color:#fcb900\" class=\"has-inline-color has-black-color\">os term\u00f4metros alcan\u00e7aram 40\u00b0C.<\/mark> O calor excessivo \u00e9 o reflexo de um sistema pr\u00e9-frontal, que vem antes da frente fria, que pode trazer chuva para cidade a partir desta quarta-feira (9).<\/p>\n<p>Segundo o<strong><a href=\"http:\/\/www.ciiagro.org.br\/ema\/index.php?id=65\" target=\"_blank\" rel=\"noreferrer noopener nofollow\"> Ciiagro (Centro Integrado de Informa\u00e7\u00f5es Agrometeorol\u00f3gicas)<\/a><\/strong>, os term\u00f4metros atingiram os 40\u00b0C, por volta das 15h desta ter\u00e7a-feira. A temperatura foi verificada novamente \u00e0s 16h.<\/p>\n<p>Os meteorologistas apontam para risco de temporal, queda de granizo, com acumulado previsto acima dos 10 mil\u00edmetros.<\/p>\n<p>O interior de S\u00e3o Paulo est\u00e1 em alerta de perigo para baixa umidade. Segundo o <strong><a href=\"https:\/\/portal.inmet.gov.br\/\" target=\"_blank\" rel=\"noreferrer noopener nofollow\">Inmet (Instituto Nacional de Meteorologia)<\/a><\/strong>, o aviso \u00e9 v\u00e1lido at\u00e9 as 20h e a umidade relativa do ar pode variar entre 12% e 20%.<\/p>\n<p>Por isso, h\u00e1 risco de inc\u00eandios e \u00e0 sa\u00fade, al\u00e9m do ressecamento da pele, desconforto nos olhos, boca e nariz.<\/p>\n<p>SAIBA MAIS<br \/>Chuva tem data para chegar a Ribeir\u00e3o Preto; Saiba quando<\/p>\n<h4 class=\"wp-block-heading\"><strong>FIQUE ON<\/strong><\/h4>\n<p>Fique ligado em tudo que acontece em Ribeir\u00e3o Preto e regi\u00e3o. Siga os perfis do <strong>acidade on <\/strong>no <a href=\"https:\/\/www.instagram.com\/acidadeonribeirao\" target=\"_blank\" rel=\"noreferrer noopener nofollow\">Instagram<\/a> e no <a href=\"https:\/\/www.facebook.com\/acidadeonribeirao\/\" target=\"_blank\" rel=\"noreferrer noopener nofollow\">Facebook<\/a>.<\/p>\n<p>Receba not\u00edcias do <strong>acidade on <\/strong>no WhatsApp. <a href=\"https:\/\/chat.whatsapp.com\/Fg4ok3aAVyB59DP63pRapr\" target=\"_blank\" rel=\"noreferrer noopener nofollow\">Para entrar no grupo, basta clicar aqui.<\/a><\/p>\n<p>Fa\u00e7a uma den\u00fancia ou sugira uma reportagem sobre Ribeir\u00e3o Preto e regi\u00e3o pelo WhatsApp: 16 99117 7802.<\/p>\n<p>VEJA TAMB\u00c9M<br \/>Quando Lula vai decidir a volta do hor\u00e1rio de ver\u00e3o?<\/p>\n<p><!-- CONTENT END 1 -->\n<\/div>\n<\/div>\n<p><script async src=\"\/\/www.instagram.com\/embed.js\"><\/script><br \/>\n<br \/><br \/>\n<br \/><a href=\"https:\/\/www.acidadeon.com\/ribeiraopreto\/cotidiano\/calorao-ribeirao-preto-registra-o-dia-mais-quente-de-2024\/\">Source link <\/a><\/p>\n","protected":false},"excerpt":{"rendered":"<p>Esta ter\u00e7a-feira (8) \u00e9 o dia mais quente do ano em Ribeir\u00e3o Preto. Durante a tarde, os term\u00f4metros alcan\u00e7aram 40\u00b0C. O calor excessivo \u00e9 o&#8230;<\/p>\n","protected":false},"author":1,"featured_media":69930,"comment_status":"open","ping_status":"open","sticky":false,"template":"","format":"standard","meta":{"_uag_custom_page_level_css":"","advanced_seo_description":"","jetpack_seo_html_title":"","jetpack_seo_noindex":false,"jetpack_post_was_ever_published":false,"_jetpack_newsletter_access":"","_jetpack_dont_email_post_to_subs":false,"_jetpack_newsletter_tier_id":0,"_jetpack_memberships_contains_paywalled_content":false,"_jetpack_memberships_contains_paid_content":false,"footnotes":"","jetpack_publicize_message":"","jetpack_publicize_feature_enabled":true,"jetpack_social_post_already_shared":true,"jetpack_social_options":{"image_generator_settings":{"template":"highway","default_image_id":0,"font":"","enabled":false},"version":2}},"categories":[11],"tags":[],"class_list":["post-69929","post","type-post","status-publish","format-standard","has-post-thumbnail","hentry","category-noticias-de-ribeirao-preto-sp-e-regiao-ismael-colosi"],"jetpack_publicize_connections":[],"jetpack_featured_media_url":"https:\/\/i0.wp.com\/ismaelcolosi.com.br\/wp-content\/uploads\/2024\/10\/calor-2_2024-10-08_20-08-44_jpeg_2024-10-08_20-08-44-scaled.webp.webp?fit=2560%2C1706&ssl=1","uagb_featured_image_src":{"full":["https:\/\/i0.wp.com\/ismaelcolosi.com.br\/wp-content\/uploads\/2024\/10\/calor-2_2024-10-08_20-08-44_jpeg_2024-10-08_20-08-44-scaled.webp.webp?fit=2560%2C1706&ssl=1",2560,1706,false],"thumbnail":["https:\/\/i0.wp.com\/ismaelcolosi.com.br\/wp-content\/uploads\/2024\/10\/calor-2_2024-10-08_20-08-44_jpeg_2024-10-08_20-08-44-scaled.webp.webp?resize=150%2C150&ssl=1",150,150,true],"medium":["https:\/\/i0.wp.com\/ismaelcolosi.com.br\/wp-content\/uploads\/2024\/10\/calor-2_2024-10-08_20-08-44_jpeg_2024-10-08_20-08-44-scaled.webp.webp?fit=300%2C200&ssl=1",300,200,true],"medium_large":["https:\/\/i0.wp.com\/ismaelcolosi.com.br\/wp-content\/uploads\/2024\/10\/calor-2_2024-10-08_20-08-44_jpeg_2024-10-08_20-08-44-scaled.webp.webp?fit=768%2C512&ssl=1",768,512,true],"large":["https:\/\/i0.wp.com\/ismaelcolosi.com.br\/wp-content\/uploads\/2024\/10\/calor-2_2024-10-08_20-08-44_jpeg_2024-10-08_20-08-44-scaled.webp.webp?fit=1024%2C682&ssl=1",1024,682,true],"1536x1536":["https:\/\/i0.wp.com\/ismaelcolosi.com.br\/wp-content\/uploads\/2024\/10\/calor-2_2024-10-08_20-08-44_jpeg_2024-10-08_20-08-44-scaled.webp.webp?fit=1536%2C1024&ssl=1",1536,1024,true],"2048x2048":["https:\/\/i0.wp.com\/ismaelcolosi.com.br\/wp-content\/uploads\/2024\/10\/calor-2_2024-10-08_20-08-44_jpeg_2024-10-08_20-08-44-scaled.webp.webp?fit=2048%2C1365&ssl=1",2048,1365,true],"really-simple-thumb":["https:\/\/i0.wp.com\/ismaelcolosi.com.br\/wp-content\/uploads\/2024\/10\/calor-2_2024-10-08_20-08-44_jpeg_2024-10-08_20-08-44-scaled.webp.webp?resize=370%2C247&ssl=1",370,247,true]},"uagb_author_info":{"display_name":"ismaelcolosi.com.br","author_link":"https:\/\/ismaelcolosi.com.br\/index.php\/author\/vidareal-online\/"},"uagb_comment_info":0,"uagb_excerpt":"Esta ter\u00e7a-feira (8) \u00e9 o dia mais quente do ano em Ribeir\u00e3o Preto. Durante a tarde, os term\u00f4metros alcan\u00e7aram 40\u00b0C. O calor excessivo \u00e9 o...","jetpack-related-posts":[{"id":39614,"url":"https:\/\/ismaelcolosi.com.br\/index.php\/2024\/02\/27\/semana-sera-quente-em-rp\/","url_meta":{"origin":69929,"position":0},"title":"Semana ser\u00e1 quente em RP\u00a0","author":"ismaelcolosi.com.br","date":"27 de February de 2024","format":false,"excerpt":"27 de fevereiro de 2024 | 11:0027 de fevereiro de 2024 | 9:36 0Ribeir\u00e3o Preto ainda pode ter pancadas de chuva no final das tardes, cen\u00e1rio t\u00edpico do ver\u00e3o, mas a previs\u00e3o do tempo para esta semana \u00e9 de muito calor, com a temperatura atingindo 37 graus Celsius \u2013 a\u2026","rel":"","context":"In &quot;Not\u00edcias de Ribeir\u00e3o Preto-SP e Regi\u00e3o&quot;","block_context":{"text":"Not\u00edcias de Ribeir\u00e3o Preto-SP e Regi\u00e3o","link":"https:\/\/ismaelcolosi.com.br\/index.php\/category\/noticias-de-ribeirao-preto-sp-e-regiao-ismael-colosi\/"},"img":{"alt_text":"","src":"https:\/\/i0.wp.com\/ismaelcolosi.com.br\/wp-content\/uploads\/2024\/02\/CALOR-1.jpg?fit=800%2C500&ssl=1&resize=350%2C200","width":350,"height":200,"srcset":"https:\/\/i0.wp.com\/ismaelcolosi.com.br\/wp-content\/uploads\/2024\/02\/CALOR-1.jpg?fit=800%2C500&ssl=1&resize=350%2C200 1x, https:\/\/i0.wp.com\/ismaelcolosi.com.br\/wp-content\/uploads\/2024\/02\/CALOR-1.jpg?fit=800%2C500&ssl=1&resize=525%2C300 1.5x, https:\/\/i0.wp.com\/ismaelcolosi.com.br\/wp-content\/uploads\/2024\/02\/CALOR-1.jpg?fit=800%2C500&ssl=1&resize=700%2C400 2x"},"classes":[]},{"id":60297,"url":"https:\/\/ismaelcolosi.com.br\/index.php\/2024\/08\/15\/onda-de-calor-temperaturas-podem-chegar-aos-38c-no-interior-de-sp\/","url_meta":{"origin":69929,"position":1},"title":"Onda de calor? Temperaturas podem chegar aos 38\u00b0C no interior de SP","author":"ismaelcolosi.com.br","date":"15 de August de 2024","format":false,"excerpt":"O frio foi embora e, com isso, uma onda de calor deve se intensificar no interior de S\u00e3o Paulo nos pr\u00f3ximos dias. Segundo a Climatempo, as temperaturas podem chegar aos 38\u00b0C em Ribeir\u00e3o Preto. Os meteorologistas apontam que a onda de calor \u00e9 motivada por uma nova massa de ar\u2026","rel":"","context":"In &quot;Not\u00edcias de Ribeir\u00e3o Preto-SP e Regi\u00e3o&quot;","block_context":{"text":"Not\u00edcias de Ribeir\u00e3o Preto-SP e Regi\u00e3o","link":"https:\/\/ismaelcolosi.com.br\/index.php\/category\/noticias-de-ribeirao-preto-sp-e-regiao-ismael-colosi\/"},"img":{"alt_text":"","src":"https:\/\/i0.wp.com\/ismaelcolosi.com.br\/wp-content\/uploads\/2024\/08\/onda-de-calor_2024-08-15_13-54-42_jpeg_2024-08-15_13-54-42.webp.webp?fit=1200%2C675&ssl=1&resize=350%2C200","width":350,"height":200,"srcset":"https:\/\/i0.wp.com\/ismaelcolosi.com.br\/wp-content\/uploads\/2024\/08\/onda-de-calor_2024-08-15_13-54-42_jpeg_2024-08-15_13-54-42.webp.webp?fit=1200%2C675&ssl=1&resize=350%2C200 1x, https:\/\/i0.wp.com\/ismaelcolosi.com.br\/wp-content\/uploads\/2024\/08\/onda-de-calor_2024-08-15_13-54-42_jpeg_2024-08-15_13-54-42.webp.webp?fit=1200%2C675&ssl=1&resize=525%2C300 1.5x, https:\/\/i0.wp.com\/ismaelcolosi.com.br\/wp-content\/uploads\/2024\/08\/onda-de-calor_2024-08-15_13-54-42_jpeg_2024-08-15_13-54-42.webp.webp?fit=1200%2C675&ssl=1&resize=700%2C400 2x, https:\/\/i0.wp.com\/ismaelcolosi.com.br\/wp-content\/uploads\/2024\/08\/onda-de-calor_2024-08-15_13-54-42_jpeg_2024-08-15_13-54-42.webp.webp?fit=1200%2C675&ssl=1&resize=1050%2C600 3x"},"classes":[]},{"id":60088,"url":"https:\/\/ismaelcolosi.com.br\/index.php\/2024\/08\/14\/com-alerta-do-inmet-temperaturas-aumentam-no-interior-de-sp-veja-as-cidades\/","url_meta":{"origin":69929,"position":2},"title":"Com alerta do Inmet, temperaturas aumentam no interior de SP; Veja as cidades","author":"ismaelcolosi.com.br","date":"14 de August de 2024","format":false,"excerpt":"O calor deve voltar a partir desta quarta-feira (14), com os term\u00f4metros chegando aos 29\u00b0C. Al\u00e9m disso, o Inmet (Instituto Nacional de Meteorologia) publicou um alerta de perigo para baixa umidade no interior de S\u00e3o Paulo. O aviso deve durar entre 12h e 17h. Segundo o aviso, a umidade relativa\u2026","rel":"","context":"In &quot;Not\u00edcias de Ribeir\u00e3o Preto-SP e Regi\u00e3o&quot;","block_context":{"text":"Not\u00edcias de Ribeir\u00e3o Preto-SP e Regi\u00e3o","link":"https:\/\/ismaelcolosi.com.br\/index.php\/category\/noticias-de-ribeirao-preto-sp-e-regiao-ismael-colosi\/"},"img":{"alt_text":"","src":"https:\/\/i0.wp.com\/ismaelcolosi.com.br\/wp-content\/uploads\/2024\/08\/WhatsApp-Image-2024-02-28-at-08.48.57.jpeg?fit=1200%2C900&ssl=1&resize=350%2C200","width":350,"height":200,"srcset":"https:\/\/i0.wp.com\/ismaelcolosi.com.br\/wp-content\/uploads\/2024\/08\/WhatsApp-Image-2024-02-28-at-08.48.57.jpeg?fit=1200%2C900&ssl=1&resize=350%2C200 1x, https:\/\/i0.wp.com\/ismaelcolosi.com.br\/wp-content\/uploads\/2024\/08\/WhatsApp-Image-2024-02-28-at-08.48.57.jpeg?fit=1200%2C900&ssl=1&resize=525%2C300 1.5x, https:\/\/i0.wp.com\/ismaelcolosi.com.br\/wp-content\/uploads\/2024\/08\/WhatsApp-Image-2024-02-28-at-08.48.57.jpeg?fit=1200%2C900&ssl=1&resize=700%2C400 2x, https:\/\/i0.wp.com\/ismaelcolosi.com.br\/wp-content\/uploads\/2024\/08\/WhatsApp-Image-2024-02-28-at-08.48.57.jpeg?fit=1200%2C900&ssl=1&resize=1050%2C600 3x"},"classes":[]},{"id":51930,"url":"https:\/\/ismaelcolosi.com.br\/index.php\/2024\/06\/02\/frente-fria-atua-nesta-semana-veja-se-tem-previsao-de-chuva-e-frio-no-interior-de-sp\/","url_meta":{"origin":69929,"position":3},"title":"Frente fria atua nesta semana; Veja se tem previs\u00e3o de chuva e frio no interior de SP","author":"ismaelcolosi.com.br","date":"2 de June de 2024","format":false,"excerpt":"Uma nova frente fria dever\u00e1 atuar entre as regi\u00f5es Sul e Sudeste, entre esta segunda-feira (3) e ter\u00e7a-feira (4). Segundo a Meteored, os modelos meteorol\u00f3gicos apontam, por\u00e9m, que esta frente n\u00e3o ser\u00e1 t\u00e3o intensa e ter\u00e1 uma atua\u00e7\u00e3o muito passageira pelas partes leste dessas regi\u00f5es, j\u00e1 que seu ciclone associado\u2026","rel":"","context":"In &quot;Not\u00edcias de Ribeir\u00e3o Preto-SP e Regi\u00e3o&quot;","block_context":{"text":"Not\u00edcias de Ribeir\u00e3o Preto-SP e Regi\u00e3o","link":"https:\/\/ismaelcolosi.com.br\/index.php\/category\/noticias-de-ribeirao-preto-sp-e-regiao-ismael-colosi\/"},"img":{"alt_text":"","src":"https:\/\/i0.wp.com\/ismaelcolosi.com.br\/wp-content\/uploads\/2024\/06\/ConfiraaprevisodotempoparaRibeironoferiadodeCorpusChristi_Tamanho_2_image.jpg?fit=1200%2C900&ssl=1&resize=350%2C200","width":350,"height":200,"srcset":"https:\/\/i0.wp.com\/ismaelcolosi.com.br\/wp-content\/uploads\/2024\/06\/ConfiraaprevisodotempoparaRibeironoferiadodeCorpusChristi_Tamanho_2_image.jpg?fit=1200%2C900&ssl=1&resize=350%2C200 1x, https:\/\/i0.wp.com\/ismaelcolosi.com.br\/wp-content\/uploads\/2024\/06\/ConfiraaprevisodotempoparaRibeironoferiadodeCorpusChristi_Tamanho_2_image.jpg?fit=1200%2C900&ssl=1&resize=525%2C300 1.5x, https:\/\/i0.wp.com\/ismaelcolosi.com.br\/wp-content\/uploads\/2024\/06\/ConfiraaprevisodotempoparaRibeironoferiadodeCorpusChristi_Tamanho_2_image.jpg?fit=1200%2C900&ssl=1&resize=700%2C400 2x, https:\/\/i0.wp.com\/ismaelcolosi.com.br\/wp-content\/uploads\/2024\/06\/ConfiraaprevisodotempoparaRibeironoferiadodeCorpusChristi_Tamanho_2_image.jpg?fit=1200%2C900&ssl=1&resize=1050%2C600 3x"},"classes":[]},{"id":33838,"url":"https:\/\/ismaelcolosi.com.br\/index.php\/2024\/01\/30\/semana-pode-ter-84-mm-de-chuva\/","url_meta":{"origin":69929,"position":4},"title":"Semana pode ter\u00a084 mm de chuva \u00a0","author":"ismaelcolosi.com.br","date":"30 de January de 2024","format":false,"excerpt":"O Instituto Nacional de Meteorologia (Inmet) e a Defesa Civil do Estado de S\u00e3o Paulo n\u00e3o emitiram novo alerta de temporais para a regi\u00e3o de Ribeir\u00e3o Preto, mas ainda podem ocorrer tempestades durante a semana, comuns durante o ver\u00e3o. H\u00e1 risco de rajadas de vento, potencializando os riscos de queda\u2026","rel":"","context":"In &quot;Not\u00edcias de Ribeir\u00e3o Preto-SP e Regi\u00e3o&quot;","block_context":{"text":"Not\u00edcias de Ribeir\u00e3o Preto-SP e Regi\u00e3o","link":"https:\/\/ismaelcolosi.com.br\/index.php\/category\/noticias-de-ribeirao-preto-sp-e-regiao-ismael-colosi\/"},"img":{"alt_text":"","src":"https:\/\/i0.wp.com\/ismaelcolosi.com.br\/wp-content\/uploads\/2024\/01\/f147ed55-0ffb-4c5b-97dd-b54b14faad0e-scaled.jpg?fit=917%2C645&ssl=1&resize=350%2C200","width":350,"height":200,"srcset":"https:\/\/i0.wp.com\/ismaelcolosi.com.br\/wp-content\/uploads\/2024\/01\/f147ed55-0ffb-4c5b-97dd-b54b14faad0e-scaled.jpg?fit=917%2C645&ssl=1&resize=350%2C200 1x, https:\/\/i0.wp.com\/ismaelcolosi.com.br\/wp-content\/uploads\/2024\/01\/f147ed55-0ffb-4c5b-97dd-b54b14faad0e-scaled.jpg?fit=917%2C645&ssl=1&resize=525%2C300 1.5x, https:\/\/i0.wp.com\/ismaelcolosi.com.br\/wp-content\/uploads\/2024\/01\/f147ed55-0ffb-4c5b-97dd-b54b14faad0e-scaled.jpg?fit=917%2C645&ssl=1&resize=700%2C400 2x"},"classes":[]},{"id":1724,"url":"https:\/\/ismaelcolosi.com.br\/index.php\/2023\/11\/13\/veja-ate-quando-deve-ir-a-onda-de-calor-no-interior-de-sp\/","url_meta":{"origin":69929,"position":5},"title":"Veja at\u00e9 quando deve ir a onda de calor no interior de SP","author":"ismaelcolosi.com.br","date":"13 de November de 2023","format":false,"excerpt":"O alerta do Inmet (Instituto Nacional de Meteorologia) aponta que a onda de calor que atinge o interior de S\u00e3o Paulo deve durar, pelo menos, at\u00e9 sexta-feira (17). Os meteorologistas informam que as altas temperaturas devem ficar mais intensas durante o feriado de Proclama\u00e7\u00e3o da Rep\u00fablica, comemorado no dia 15\u2026","rel":"","context":"In &quot;Not\u00edcias de Ribeir\u00e3o Preto-SP e Regi\u00e3o&quot;","block_context":{"text":"Not\u00edcias de Ribeir\u00e3o Preto-SP e Regi\u00e3o","link":"https:\/\/ismaelcolosi.com.br\/index.php\/category\/noticias-de-ribeirao-preto-sp-e-regiao-ismael-colosi\/"},"img":{"alt_text":"","src":"https:\/\/i0.wp.com\/ismaelcolosi.com.br\/wp-content\/uploads\/2023\/11\/WhatsApp-Image-2023-11-11-at-15.50.55.jpeg?fit=1200%2C675&ssl=1&resize=350%2C200","width":350,"height":200,"srcset":"https:\/\/i0.wp.com\/ismaelcolosi.com.br\/wp-content\/uploads\/2023\/11\/WhatsApp-Image-2023-11-11-at-15.50.55.jpeg?fit=1200%2C675&ssl=1&resize=350%2C200 1x, https:\/\/i0.wp.com\/ismaelcolosi.com.br\/wp-content\/uploads\/2023\/11\/WhatsApp-Image-2023-11-11-at-15.50.55.jpeg?fit=1200%2C675&ssl=1&resize=525%2C300 1.5x, https:\/\/i0.wp.com\/ismaelcolosi.com.br\/wp-content\/uploads\/2023\/11\/WhatsApp-Image-2023-11-11-at-15.50.55.jpeg?fit=1200%2C675&ssl=1&resize=700%2C400 2x, https:\/\/i0.wp.com\/ismaelcolosi.com.br\/wp-content\/uploads\/2023\/11\/WhatsApp-Image-2023-11-11-at-15.50.55.jpeg?fit=1200%2C675&ssl=1&resize=1050%2C600 3x"},"classes":[]}],"jetpack_sharing_enabled":true,"jetpack_shortlink":"https:\/\/wp.me\/pfMlyK-ibT","_links":{"self":[{"href":"https:\/\/ismaelcolosi.com.br\/index.php\/wp-json\/wp\/v2\/posts\/69929","targetHints":{"allow":["GET"]}}],"collection":[{"href":"https:\/\/ismaelcolosi.com.br\/index.php\/wp-json\/wp\/v2\/posts"}],"about":[{"href":"https:\/\/ismaelcolosi.com.br\/index.php\/wp-json\/wp\/v2\/types\/post"}],"author":[{"embeddable":true,"href":"https:\/\/ismaelcolosi.com.br\/index.php\/wp-json\/wp\/v2\/users\/1"}],"replies":[{"embeddable":true,"href":"https:\/\/ismaelcolosi.com.br\/index.php\/wp-json\/wp\/v2\/comments?post=69929"}],"version-history":[{"count":0,"href":"https:\/\/ismaelcolosi.com.br\/index.php\/wp-json\/wp\/v2\/posts\/69929\/revisions"}],"wp:featuredmedia":[{"embeddable":true,"href":"https:\/\/ismaelcolosi.com.br\/index.php\/wp-json\/wp\/v2\/media\/69930"}],"wp:attachment":[{"href":"https:\/\/ismaelcolosi.com.br\/index.php\/wp-json\/wp\/v2\/media?parent=69929"}],"wp:term":[{"taxonomy":"category","embeddable":true,"href":"https:\/\/ismaelcolosi.com.br\/index.php\/wp-json\/wp\/v2\/categories?post=69929"},{"taxonomy":"post_tag","embeddable":true,"href":"https:\/\/ismaelcolosi.com.br\/index.php\/wp-json\/wp\/v2\/tags?post=69929"}],"curies":[{"name":"wp","href":"https:\/\/api.w.org\/{rel}","templated":true}]}}