{"id":69924,"date":"2024-10-08T17:20:38","date_gmt":"2024-10-08T20:20:38","guid":{"rendered":"https:\/\/ismaelcolosi.com.br\/index.php\/2024\/10\/08\/morre-bebe-vitima-de-acidente-no-anel-viario-sul-de-ribeirao\/"},"modified":"2024-10-08T17:20:38","modified_gmt":"2024-10-08T20:20:38","slug":"morre-bebe-vitima-de-acidente-no-anel-viario-sul-de-ribeirao","status":"publish","type":"post","link":"https:\/\/ismaelcolosi.com.br\/index.php\/2024\/10\/08\/morre-bebe-vitima-de-acidente-no-anel-viario-sul-de-ribeirao\/","title":{"rendered":"Morre beb\u00ea v\u00edtima de acidente no Anel Vi\u00e1rio Sul de Ribeir\u00e3o"},"content":{"rendered":"<p> <br \/>\n<\/p>\n<div data-td-block-uid=\"tdi_106\">\n<div class=\"tdb-block-inner td-fix-index\">\n<p><strong>Morreu nesta segunda-feira (7)<\/strong>, em\u00a0Ribeir\u00e3o Preto,\u00a0a beb\u00ea de cinco meses v\u00edtima de um acidente de tr\u00e2nsito no Anel Vi\u00e1rio Sul, na \u00faltima quinta-feira (3). <mark style=\"background-color:#fcb900\" class=\"has-inline-color\">O motorista que causou o acidente estava em uma moto roubada<\/mark> e foi preso.<\/p>\n<p><strong>Anne Freitas Barone estava no banco de tr\u00e1s ao lado da av\u00f3<\/strong>, Rita Maria Pereira Barone, de 62 anos. <mark style=\"background-color:#fcb900\" class=\"has-inline-color\">A idosa foi socorrida, tamb\u00e9m em estado grave, mas n\u00e3o resistiu aos ferimentos.<\/mark><\/p>\n<p><strong>O corpo da crian\u00e7a foi sepultado ainda na segunda-feira, no Cemit\u00e9rio Municipal de\u00a0S\u00e3o Sim\u00e3o.<\/strong><\/p>\n<p>Segundo boletim de ocorr\u00eancia, o motorista de 22 anos, pilotava uma moto <strong>BMW furtada<\/strong> <strong>e n\u00e3o tinha habilita\u00e7\u00e3o.<\/strong> Ele foi <strong>preso em flagrante<\/strong>, passou por audi\u00eancia de cust\u00f3dia na sexta-feira (4) e <mark style=\"background-color:#fcb900\" class=\"has-inline-color\">teve a pris\u00e3o em flagrante convertida em preventiva.<\/mark><\/p>\n<p>Ele responde por <strong>recepta\u00e7\u00e3o de ve\u00edculo e adultera\u00e7\u00e3o<\/strong>, <strong>duplo homic\u00eddio culposo<\/strong>, quando n\u00e3o h\u00e1 inten\u00e7\u00e3o, <strong>e les\u00e3o corporal culposa<\/strong>.\u00a0<\/p>\n<p>SAIBA MAIS<br \/>Chuva tem data para chegar a Ribeir\u00e3o Preto; Saiba quando<\/p>\n<h4 class=\"wp-block-heading\"><strong>FIQUE ON<\/strong><\/h4>\n<p>Fique ligado em tudo que acontece em Ribeir\u00e3o Preto e regi\u00e3o. Siga os perfis do <strong>acidade on <\/strong>no <a href=\"https:\/\/www.instagram.com\/acidadeonribeirao\" target=\"_blank\" rel=\"noreferrer noopener nofollow\">Instagram<\/a> e no <a href=\"https:\/\/www.facebook.com\/acidadeonribeirao\/\" target=\"_blank\" rel=\"noreferrer noopener nofollow\">Facebook<\/a>.<\/p>\n<p>Receba not\u00edcias do <strong>acidade on <\/strong>no WhatsApp. <a href=\"https:\/\/chat.whatsapp.com\/Fg4ok3aAVyB59DP63pRapr\" target=\"_blank\" rel=\"noreferrer noopener nofollow\">Para entrar no grupo, basta clicar aqui.<\/a><\/p>\n<p>Fa\u00e7a uma den\u00fancia ou sugira uma reportagem sobre Ribeir\u00e3o Preto e regi\u00e3o pelo WhatsApp: 16 99117 7802.<\/p>\n<p>VEJA TAMB\u00c9M<br \/>Quando Lula vai decidir a volta do hor\u00e1rio de ver\u00e3o?<\/p>\n<p><!-- CONTENT END 1 -->\n<\/div>\n<\/div>\n<p><script async src=\"\/\/www.instagram.com\/embed.js\"><\/script><br \/>\n<br \/><br \/>\n<br \/><a href=\"https:\/\/www.acidadeon.com\/ribeiraopreto\/cotidiano\/morre-bebe-vitima-de-acidente-no-anel-viario-sul-de-ribeirao\/\">Source link <\/a><\/p>\n","protected":false},"excerpt":{"rendered":"<p>Morreu nesta segunda-feira (7), em\u00a0Ribeir\u00e3o Preto,\u00a0a beb\u00ea de cinco meses v\u00edtima de um acidente de tr\u00e2nsito no Anel Vi\u00e1rio Sul, na \u00faltima quinta-feira (3). O&#8230;<\/p>\n","protected":false},"author":1,"featured_media":69925,"comment_status":"open","ping_status":"open","sticky":false,"template":"","format":"standard","meta":{"_uag_custom_page_level_css":"","advanced_seo_description":"","jetpack_seo_html_title":"","jetpack_seo_noindex":false,"jetpack_post_was_ever_published":false,"_jetpack_newsletter_access":"","_jetpack_dont_email_post_to_subs":false,"_jetpack_newsletter_tier_id":0,"_jetpack_memberships_contains_paywalled_content":false,"_jetpack_memberships_contains_paid_content":false,"footnotes":"","jetpack_publicize_message":"","jetpack_publicize_feature_enabled":true,"jetpack_social_post_already_shared":true,"jetpack_social_options":{"image_generator_settings":{"template":"highway","default_image_id":0,"font":"","enabled":false},"version":2}},"categories":[11],"tags":[],"class_list":["post-69924","post","type-post","status-publish","format-standard","has-post-thumbnail","hentry","category-noticias-de-ribeirao-preto-sp-e-regiao-ismael-colosi"],"jetpack_publicize_connections":[],"jetpack_featured_media_url":"https:\/\/i0.wp.com\/ismaelcolosi.com.br\/wp-content\/uploads\/2024\/10\/WhatsApp-Image-2024-10-03-at-18.13.29_2024-10-03_21-21-38_jpeg_2024-10-03_21-21-39-scaled-1_2024-10-08_20-15-40.webp.webp?fit=2560%2C1920&ssl=1","uagb_featured_image_src":{"full":["https:\/\/i0.wp.com\/ismaelcolosi.com.br\/wp-content\/uploads\/2024\/10\/WhatsApp-Image-2024-10-03-at-18.13.29_2024-10-03_21-21-38_jpeg_2024-10-03_21-21-39-scaled-1_2024-10-08_20-15-40.webp.webp?fit=2560%2C1920&ssl=1",2560,1920,false],"thumbnail":["https:\/\/i0.wp.com\/ismaelcolosi.com.br\/wp-content\/uploads\/2024\/10\/WhatsApp-Image-2024-10-03-at-18.13.29_2024-10-03_21-21-38_jpeg_2024-10-03_21-21-39-scaled-1_2024-10-08_20-15-40.webp.webp?resize=150%2C150&ssl=1",150,150,true],"medium":["https:\/\/i0.wp.com\/ismaelcolosi.com.br\/wp-content\/uploads\/2024\/10\/WhatsApp-Image-2024-10-03-at-18.13.29_2024-10-03_21-21-38_jpeg_2024-10-03_21-21-39-scaled-1_2024-10-08_20-15-40.webp.webp?fit=300%2C225&ssl=1",300,225,true],"medium_large":["https:\/\/i0.wp.com\/ismaelcolosi.com.br\/wp-content\/uploads\/2024\/10\/WhatsApp-Image-2024-10-03-at-18.13.29_2024-10-03_21-21-38_jpeg_2024-10-03_21-21-39-scaled-1_2024-10-08_20-15-40.webp.webp?fit=768%2C576&ssl=1",768,576,true],"large":["https:\/\/i0.wp.com\/ismaelcolosi.com.br\/wp-content\/uploads\/2024\/10\/WhatsApp-Image-2024-10-03-at-18.13.29_2024-10-03_21-21-38_jpeg_2024-10-03_21-21-39-scaled-1_2024-10-08_20-15-40.webp.webp?fit=1024%2C768&ssl=1",1024,768,true],"1536x1536":["https:\/\/i0.wp.com\/ismaelcolosi.com.br\/wp-content\/uploads\/2024\/10\/WhatsApp-Image-2024-10-03-at-18.13.29_2024-10-03_21-21-38_jpeg_2024-10-03_21-21-39-scaled-1_2024-10-08_20-15-40.webp.webp?fit=1536%2C1152&ssl=1",1536,1152,true],"2048x2048":["https:\/\/i0.wp.com\/ismaelcolosi.com.br\/wp-content\/uploads\/2024\/10\/WhatsApp-Image-2024-10-03-at-18.13.29_2024-10-03_21-21-38_jpeg_2024-10-03_21-21-39-scaled-1_2024-10-08_20-15-40.webp.webp?fit=2048%2C1536&ssl=1",2048,1536,true],"really-simple-thumb":["https:\/\/i0.wp.com\/ismaelcolosi.com.br\/wp-content\/uploads\/2024\/10\/WhatsApp-Image-2024-10-03-at-18.13.29_2024-10-03_21-21-38_jpeg_2024-10-03_21-21-39-scaled-1_2024-10-08_20-15-40.webp.webp?resize=370%2C247&ssl=1",370,247,true]},"uagb_author_info":{"display_name":"ismaelcolosi.com.br","author_link":"https:\/\/ismaelcolosi.com.br\/index.php\/author\/vidareal-online\/"},"uagb_comment_info":0,"uagb_excerpt":"Morreu nesta segunda-feira (7), em\u00a0Ribeir\u00e3o Preto,\u00a0a beb\u00ea de cinco meses v\u00edtima de um acidente de tr\u00e2nsito no Anel Vi\u00e1rio Sul, na \u00faltima quinta-feira (3). O...","jetpack-related-posts":[{"id":69259,"url":"https:\/\/ismaelcolosi.com.br\/index.php\/2024\/10\/04\/morre-vitima-de-acidente-no-anel-viario-sul-de-ribeirao-motociclista-foi-preso\/","url_meta":{"origin":69924,"position":0},"title":"Morre v\u00edtima de acidente no Anel Vi\u00e1rio Sul de Ribeir\u00e3o; Motociclista foi preso","author":"ismaelcolosi.com.br","date":"4 de October de 2024","format":false,"excerpt":"Uma mulher de 62 anos, v\u00edtima de um acidente que envolveu quatro ve\u00edculos na tarde desta quinta-feira (3), morreu depois de ter sido socorrida no km 312 do Anel Vi\u00e1rio Sul (rodovia Ant\u00f4nio Duarte Nogueira, SP-322), em Ribeir\u00e3o Preto. Outras quatro pessoas foram socorridas, incluindo uma beb\u00ea de cinco meses,\u2026","rel":"","context":"In &quot;Not\u00edcias de Ribeir\u00e3o Preto-SP e Regi\u00e3o&quot;","block_context":{"text":"Not\u00edcias de Ribeir\u00e3o Preto-SP e Regi\u00e3o","link":"https:\/\/ismaelcolosi.com.br\/index.php\/category\/noticias-de-ribeirao-preto-sp-e-regiao-ismael-colosi\/"},"img":{"alt_text":"","src":"https:\/\/i0.wp.com\/ismaelcolosi.com.br\/wp-content\/uploads\/2024\/10\/WhatsApp-Image-2024-10-04-at-11.52.22_2024-10-04_14-53-38_jpeg_2024-10-04_14-53-38.webp.webp?fit=1200%2C675&ssl=1&resize=350%2C200","width":350,"height":200,"srcset":"https:\/\/i0.wp.com\/ismaelcolosi.com.br\/wp-content\/uploads\/2024\/10\/WhatsApp-Image-2024-10-04-at-11.52.22_2024-10-04_14-53-38_jpeg_2024-10-04_14-53-38.webp.webp?fit=1200%2C675&ssl=1&resize=350%2C200 1x, https:\/\/i0.wp.com\/ismaelcolosi.com.br\/wp-content\/uploads\/2024\/10\/WhatsApp-Image-2024-10-04-at-11.52.22_2024-10-04_14-53-38_jpeg_2024-10-04_14-53-38.webp.webp?fit=1200%2C675&ssl=1&resize=525%2C300 1.5x, https:\/\/i0.wp.com\/ismaelcolosi.com.br\/wp-content\/uploads\/2024\/10\/WhatsApp-Image-2024-10-04-at-11.52.22_2024-10-04_14-53-38_jpeg_2024-10-04_14-53-38.webp.webp?fit=1200%2C675&ssl=1&resize=700%2C400 2x, https:\/\/i0.wp.com\/ismaelcolosi.com.br\/wp-content\/uploads\/2024\/10\/WhatsApp-Image-2024-10-04-at-11.52.22_2024-10-04_14-53-38_jpeg_2024-10-04_14-53-38.webp.webp?fit=1200%2C675&ssl=1&resize=1050%2C600 3x"},"classes":[]},{"id":69151,"url":"https:\/\/ismaelcolosi.com.br\/index.php\/2024\/10\/03\/acidente-entre-carros-e-moto-deixa-cinco-pessoas-feridas-no-anel-viario-sul-em-ribeirao\/","url_meta":{"origin":69924,"position":1},"title":"Acidente entre carros e moto deixa cinco pessoas feridas no Anel Vi\u00e1rio Sul em Ribeir\u00e3o","author":"ismaelcolosi.com.br","date":"3 de October de 2024","format":false,"excerpt":"Cinco pessoas ficaram feridas ap\u00f3s um acidente envolvendo dois ve\u00edculos e uma motocicleta na rodovia Ant\u00f4nio Duarte Nogueira (SP-322), Anel Vi\u00e1rio Sul, no final da tarde desta quinta-feira (3). Conforme apura\u00e7\u00e3o da CBN Ribeir\u00e3o, entre os envolvidos est\u00e1 um beb\u00ea que estava em um dos carros. Ainda n\u00e3o h\u00e1 informa\u00e7\u00f5es\u2026","rel":"","context":"In &quot;Not\u00edcias de Ribeir\u00e3o Preto-SP e Regi\u00e3o&quot;","block_context":{"text":"Not\u00edcias de Ribeir\u00e3o Preto-SP e Regi\u00e3o","link":"https:\/\/ismaelcolosi.com.br\/index.php\/category\/noticias-de-ribeirao-preto-sp-e-regiao-ismael-colosi\/"},"img":{"alt_text":"","src":"https:\/\/i0.wp.com\/ismaelcolosi.com.br\/wp-content\/uploads\/2024\/10\/WhatsApp-Image-2024-10-03-at-18.13.29_2024-10-03_21-21-38_jpeg_2024-10-03_21-21-39-scaled.webp.webp?fit=1200%2C900&ssl=1&resize=350%2C200","width":350,"height":200,"srcset":"https:\/\/i0.wp.com\/ismaelcolosi.com.br\/wp-content\/uploads\/2024\/10\/WhatsApp-Image-2024-10-03-at-18.13.29_2024-10-03_21-21-38_jpeg_2024-10-03_21-21-39-scaled.webp.webp?fit=1200%2C900&ssl=1&resize=350%2C200 1x, https:\/\/i0.wp.com\/ismaelcolosi.com.br\/wp-content\/uploads\/2024\/10\/WhatsApp-Image-2024-10-03-at-18.13.29_2024-10-03_21-21-38_jpeg_2024-10-03_21-21-39-scaled.webp.webp?fit=1200%2C900&ssl=1&resize=525%2C300 1.5x, https:\/\/i0.wp.com\/ismaelcolosi.com.br\/wp-content\/uploads\/2024\/10\/WhatsApp-Image-2024-10-03-at-18.13.29_2024-10-03_21-21-38_jpeg_2024-10-03_21-21-39-scaled.webp.webp?fit=1200%2C900&ssl=1&resize=700%2C400 2x, https:\/\/i0.wp.com\/ismaelcolosi.com.br\/wp-content\/uploads\/2024\/10\/WhatsApp-Image-2024-10-03-at-18.13.29_2024-10-03_21-21-38_jpeg_2024-10-03_21-21-39-scaled.webp.webp?fit=1200%2C900&ssl=1&resize=1050%2C600 3x"},"classes":[]},{"id":55270,"url":"https:\/\/ismaelcolosi.com.br\/index.php\/2024\/07\/01\/identificado-jovem-que-morreu-em-acidente-na-marginal-do-anel-viario-sul-de-ribeirao-preto\/","url_meta":{"origin":69924,"position":2},"title":"Identificado jovem que morreu em acidente na marginal do Anel Vi\u00e1rio Sul de Ribeir\u00e3o Preto","author":"ismaelcolosi.com.br","date":"1 de July de 2024","format":false,"excerpt":"O motociclista de 22 anos, que morreu ap\u00f3s bater a moto em que dirigia contra um poste de ilumina\u00e7\u00e3o e uma placa de sinaliza\u00e7\u00e3o, na manh\u00e3 desta segunda-feira (1), foi identificado como Victor Hugo dos Anjos Ambrosio. A batida aconteceu na rua Hermenegildo Ulian, marginal do Anel Vi\u00e1rio Sul (rodovia\u2026","rel":"","context":"In &quot;Not\u00edcias de Ribeir\u00e3o Preto-SP e Regi\u00e3o&quot;","block_context":{"text":"Not\u00edcias de Ribeir\u00e3o Preto-SP e Regi\u00e3o","link":"https:\/\/ismaelcolosi.com.br\/index.php\/category\/noticias-de-ribeirao-preto-sp-e-regiao-ismael-colosi\/"},"img":{"alt_text":"","src":"https:\/\/i0.wp.com\/ismaelcolosi.com.br\/wp-content\/uploads\/2024\/07\/Capturar_2024-07-01_20-34-55_jpg_2024-07-01_20-34-55.webp.webp?fit=871%2C527&ssl=1&resize=350%2C200","width":350,"height":200,"srcset":"https:\/\/i0.wp.com\/ismaelcolosi.com.br\/wp-content\/uploads\/2024\/07\/Capturar_2024-07-01_20-34-55_jpg_2024-07-01_20-34-55.webp.webp?fit=871%2C527&ssl=1&resize=350%2C200 1x, https:\/\/i0.wp.com\/ismaelcolosi.com.br\/wp-content\/uploads\/2024\/07\/Capturar_2024-07-01_20-34-55_jpg_2024-07-01_20-34-55.webp.webp?fit=871%2C527&ssl=1&resize=525%2C300 1.5x, https:\/\/i0.wp.com\/ismaelcolosi.com.br\/wp-content\/uploads\/2024\/07\/Capturar_2024-07-01_20-34-55_jpg_2024-07-01_20-34-55.webp.webp?fit=871%2C527&ssl=1&resize=700%2C400 2x"},"classes":[]},{"id":55182,"url":"https:\/\/ismaelcolosi.com.br\/index.php\/2024\/07\/01\/motociclista-de-22-anos-morre-em-acidente-na-marginal-do-anel-viario-sul-de-ribeirao\/","url_meta":{"origin":69924,"position":3},"title":"Motociclista de 22 anos morre em acidente na marginal do Anel Vi\u00e1rio Sul de Ribeir\u00e3o","author":"ismaelcolosi.com.br","date":"1 de July de 2024","format":false,"excerpt":"Um motociclista de 22 anos morreu na manh\u00e3 desta segunda-feira (1\u00ba), em um acidente na via marginal do Anel Vi\u00e1rio Sul (rodovia Ant\u00f4nio Duarte Nogueira, SP-322), em Ribeir\u00e3o Preto. Segundo as primeiras informa\u00e7\u00f5es, a v\u00edtima teria atingido uma placa de sinaliza\u00e7\u00e3o ao perder o controle de dire\u00e7\u00e3o da moto por\u2026","rel":"","context":"In &quot;Not\u00edcias de Ribeir\u00e3o Preto-SP e Regi\u00e3o&quot;","block_context":{"text":"Not\u00edcias de Ribeir\u00e3o Preto-SP e Regi\u00e3o","link":"https:\/\/ismaelcolosi.com.br\/index.php\/category\/noticias-de-ribeirao-preto-sp-e-regiao-ismael-colosi\/"},"img":{"alt_text":"","src":"https:\/\/i0.wp.com\/ismaelcolosi.com.br\/wp-content\/uploads\/2024\/07\/MOTO_2024-07-01_12-35-43_jpg_2024-07-01_12-35-43.webp.webp?fit=969%2C596&ssl=1&resize=350%2C200","width":350,"height":200,"srcset":"https:\/\/i0.wp.com\/ismaelcolosi.com.br\/wp-content\/uploads\/2024\/07\/MOTO_2024-07-01_12-35-43_jpg_2024-07-01_12-35-43.webp.webp?fit=969%2C596&ssl=1&resize=350%2C200 1x, https:\/\/i0.wp.com\/ismaelcolosi.com.br\/wp-content\/uploads\/2024\/07\/MOTO_2024-07-01_12-35-43_jpg_2024-07-01_12-35-43.webp.webp?fit=969%2C596&ssl=1&resize=525%2C300 1.5x, https:\/\/i0.wp.com\/ismaelcolosi.com.br\/wp-content\/uploads\/2024\/07\/MOTO_2024-07-01_12-35-43_jpg_2024-07-01_12-35-43.webp.webp?fit=969%2C596&ssl=1&resize=700%2C400 2x"},"classes":[]},{"id":55792,"url":"https:\/\/ismaelcolosi.com.br\/index.php\/2024\/07\/05\/acidente-deixa-ferido-e-provoca-bloqueio-no-anel-viario-norte-em-ribeirao\/","url_meta":{"origin":69924,"position":4},"title":"Acidente deixa ferido e provoca bloqueio no Anel Vi\u00e1rio Norte em Ribeir\u00e3o","author":"ismaelcolosi.com.br","date":"5 de July de 2024","format":false,"excerpt":"Um acidente entre dois caminh\u00f5es deixou um dos motoristas preso \u00e0s ferragens na tarde desta sexta-feira (5), no Anel Vi\u00e1rio Norte (rodovia Alexandre Balbo, SP-328), pr\u00f3ximo ao acesso do Jardim Cristo Redentor, em Ribeir\u00e3o Preto. A v\u00edtima conduzia uma carreta, que atingiu a traseira de um caminh\u00e3o carregado de blocos\u2026","rel":"","context":"In &quot;Not\u00edcias de Ribeir\u00e3o Preto-SP e Regi\u00e3o&quot;","block_context":{"text":"Not\u00edcias de Ribeir\u00e3o Preto-SP e Regi\u00e3o","link":"https:\/\/ismaelcolosi.com.br\/index.php\/category\/noticias-de-ribeirao-preto-sp-e-regiao-ismael-colosi\/"},"img":{"alt_text":"","src":"https:\/\/i0.wp.com\/ismaelcolosi.com.br\/wp-content\/uploads\/2024\/07\/acidente-anel-viario-norte_2024-07-05_17-01-29_jpeg_2024-07-05_17-01-30.webp.webp?fit=1200%2C674&ssl=1&resize=350%2C200","width":350,"height":200,"srcset":"https:\/\/i0.wp.com\/ismaelcolosi.com.br\/wp-content\/uploads\/2024\/07\/acidente-anel-viario-norte_2024-07-05_17-01-29_jpeg_2024-07-05_17-01-30.webp.webp?fit=1200%2C674&ssl=1&resize=350%2C200 1x, https:\/\/i0.wp.com\/ismaelcolosi.com.br\/wp-content\/uploads\/2024\/07\/acidente-anel-viario-norte_2024-07-05_17-01-29_jpeg_2024-07-05_17-01-30.webp.webp?fit=1200%2C674&ssl=1&resize=525%2C300 1.5x, https:\/\/i0.wp.com\/ismaelcolosi.com.br\/wp-content\/uploads\/2024\/07\/acidente-anel-viario-norte_2024-07-05_17-01-29_jpeg_2024-07-05_17-01-30.webp.webp?fit=1200%2C674&ssl=1&resize=700%2C400 2x, https:\/\/i0.wp.com\/ismaelcolosi.com.br\/wp-content\/uploads\/2024\/07\/acidente-anel-viario-norte_2024-07-05_17-01-29_jpeg_2024-07-05_17-01-30.webp.webp?fit=1200%2C674&ssl=1&resize=1050%2C600 3x"},"classes":[]},{"id":56715,"url":"https:\/\/ismaelcolosi.com.br\/index.php\/2024\/07\/14\/ciclista-morre-apos-ser-atropelado-no-anel-viario-sul-em-ribeirao-preto\/","url_meta":{"origin":69924,"position":5},"title":"Ciclista morre ap\u00f3s ser atropelado no Anel Vi\u00e1rio Sul em Ribeir\u00e3o Preto","author":"ismaelcolosi.com.br","date":"14 de July de 2024","format":false,"excerpt":"Um ciclista morreu atropelado, na manh\u00e3 deste domingo (14), ap\u00f3s ser atropelado por um carro. O acidente fatal ocorreu no quil\u00f4metro 312 da rodovia Ant\u00f4nio Duarte Nogueira (SP-322), no Anel Vi\u00e1rio Sul de Ribeir\u00e3o Preto, sentido Sert\u00e3ozinho. Segundo o boletim de ocorr\u00eancia, Luciano da Silva, de 47 anos, estava em\u2026","rel":"","context":"In &quot;Not\u00edcias de Ribeir\u00e3o Preto-SP e Regi\u00e3o&quot;","block_context":{"text":"Not\u00edcias de Ribeir\u00e3o Preto-SP e Regi\u00e3o","link":"https:\/\/ismaelcolosi.com.br\/index.php\/category\/noticias-de-ribeirao-preto-sp-e-regiao-ismael-colosi\/"},"img":{"alt_text":"","src":"https:\/\/i0.wp.com\/ismaelcolosi.com.br\/wp-content\/uploads\/2024\/07\/Copia-de-Copia-de-TAMANHO-EXATO-PARA-FOTOS-NO-SISTEMA-NOVO-17_2024-07-14_21-25-08_jpg_2024-07-14_21-25-08.webp.webp?fit=1200%2C675&ssl=1&resize=350%2C200","width":350,"height":200,"srcset":"https:\/\/i0.wp.com\/ismaelcolosi.com.br\/wp-content\/uploads\/2024\/07\/Copia-de-Copia-de-TAMANHO-EXATO-PARA-FOTOS-NO-SISTEMA-NOVO-17_2024-07-14_21-25-08_jpg_2024-07-14_21-25-08.webp.webp?fit=1200%2C675&ssl=1&resize=350%2C200 1x, https:\/\/i0.wp.com\/ismaelcolosi.com.br\/wp-content\/uploads\/2024\/07\/Copia-de-Copia-de-TAMANHO-EXATO-PARA-FOTOS-NO-SISTEMA-NOVO-17_2024-07-14_21-25-08_jpg_2024-07-14_21-25-08.webp.webp?fit=1200%2C675&ssl=1&resize=525%2C300 1.5x, https:\/\/i0.wp.com\/ismaelcolosi.com.br\/wp-content\/uploads\/2024\/07\/Copia-de-Copia-de-TAMANHO-EXATO-PARA-FOTOS-NO-SISTEMA-NOVO-17_2024-07-14_21-25-08_jpg_2024-07-14_21-25-08.webp.webp?fit=1200%2C675&ssl=1&resize=700%2C400 2x, https:\/\/i0.wp.com\/ismaelcolosi.com.br\/wp-content\/uploads\/2024\/07\/Copia-de-Copia-de-TAMANHO-EXATO-PARA-FOTOS-NO-SISTEMA-NOVO-17_2024-07-14_21-25-08_jpg_2024-07-14_21-25-08.webp.webp?fit=1200%2C675&ssl=1&resize=1050%2C600 3x"},"classes":[]}],"jetpack_sharing_enabled":true,"jetpack_shortlink":"https:\/\/wp.me\/pfMlyK-ibO","_links":{"self":[{"href":"https:\/\/ismaelcolosi.com.br\/index.php\/wp-json\/wp\/v2\/posts\/69924","targetHints":{"allow":["GET"]}}],"collection":[{"href":"https:\/\/ismaelcolosi.com.br\/index.php\/wp-json\/wp\/v2\/posts"}],"about":[{"href":"https:\/\/ismaelcolosi.com.br\/index.php\/wp-json\/wp\/v2\/types\/post"}],"author":[{"embeddable":true,"href":"https:\/\/ismaelcolosi.com.br\/index.php\/wp-json\/wp\/v2\/users\/1"}],"replies":[{"embeddable":true,"href":"https:\/\/ismaelcolosi.com.br\/index.php\/wp-json\/wp\/v2\/comments?post=69924"}],"version-history":[{"count":0,"href":"https:\/\/ismaelcolosi.com.br\/index.php\/wp-json\/wp\/v2\/posts\/69924\/revisions"}],"wp:featuredmedia":[{"embeddable":true,"href":"https:\/\/ismaelcolosi.com.br\/index.php\/wp-json\/wp\/v2\/media\/69925"}],"wp:attachment":[{"href":"https:\/\/ismaelcolosi.com.br\/index.php\/wp-json\/wp\/v2\/media?parent=69924"}],"wp:term":[{"taxonomy":"category","embeddable":true,"href":"https:\/\/ismaelcolosi.com.br\/index.php\/wp-json\/wp\/v2\/categories?post=69924"},{"taxonomy":"post_tag","embeddable":true,"href":"https:\/\/ismaelcolosi.com.br\/index.php\/wp-json\/wp\/v2\/tags?post=69924"}],"curies":[{"name":"wp","href":"https:\/\/api.w.org\/{rel}","templated":true}]}}