{"id":69919,"date":"2024-10-08T17:06:08","date_gmt":"2024-10-08T20:06:08","guid":{"rendered":"https:\/\/ismaelcolosi.com.br\/index.php\/2024\/10\/08\/rodovia-anhanguera-sofre-interdicao-por-conta-de-incendio\/"},"modified":"2024-10-08T17:06:08","modified_gmt":"2024-10-08T20:06:08","slug":"rodovia-anhanguera-sofre-interdicao-por-conta-de-incendio","status":"publish","type":"post","link":"https:\/\/ismaelcolosi.com.br\/index.php\/2024\/10\/08\/rodovia-anhanguera-sofre-interdicao-por-conta-de-incendio\/","title":{"rendered":"Rodovia Anhanguera sofre interdi\u00e7\u00e3o por conta de inc\u00eandio"},"content":{"rendered":"<p> <br \/>\n<\/p>\n<div>\n<p>No in\u00edcio da tarde desta ter\u00e7a-feira (8), <strong>um inc\u00eandio foi registrado na rodovia Anhanguera<\/strong>, pr\u00f3ximo ao quil\u00f4metro 415, <strong>em Ituverava<\/strong>, <strong>na regi\u00e3o de Ribeir\u00e3o Preto.<\/strong> <mark style=\"background-color:#fcb900\" class=\"has-inline-color\">O local precisou ser interditado duas vezes.<\/mark><\/p>\n<p>De acordo com a Entrevias, <strong>equipes da concession\u00e1ria estiveram no loca<\/strong>l e, <strong>com apoio de usinas da regi\u00e3o<\/strong>, <strong>combateram as chamas. <\/strong><\/p>\n<p><strong>Os dois sentidos da pista foram interditados duas vezes. <\/strong>No momento, <mark style=\"background-color:#fcb900\" class=\"has-inline-color\">a rodovia est\u00e1 liberada e o fluxo segue normalmente.<\/mark><\/p>\n<h4 class=\"wp-block-heading\"><strong>Outros inc\u00eandios<\/strong><\/h4>\n<figure class=\"wp-block-image size-large\"><img data-recalc-dims=\"1\" loading=\"lazy\" decoding=\"async\" width=\"1024\" height=\"768\" src=\"https:\/\/i0.wp.com\/www.acidadeon.com\/ribeiraopreto\/wp-content\/uploads\/sites\/3\/2024\/10\/Imagem-do-WhatsApp-de-2024-10-08-as-15.08.17_20c0a555_2024-10-08_18-45-23_jpg_2024-10-08_18-45-23-1024x768.webp?resize=1024%2C768&#038;ssl=1\" alt=\"\" class=\"wp-image-95889\" srcset=\"https:\/\/www.acidadeon.com\/ribeiraopreto\/wp-content\/uploads\/sites\/3\/2024\/10\/Imagem-do-WhatsApp-de-2024-10-08-as-15.08.17_20c0a555_2024-10-08_18-45-23_jpg_2024-10-08_18-45-23-1024x768.webp 1024w, https:\/\/www.acidadeon.com\/ribeiraopreto\/wp-content\/uploads\/sites\/3\/2024\/10\/Imagem-do-WhatsApp-de-2024-10-08-as-15.08.17_20c0a555_2024-10-08_18-45-23_jpg_2024-10-08_18-45-23-300x225.webp 300w, https:\/\/www.acidadeon.com\/ribeiraopreto\/wp-content\/uploads\/sites\/3\/2024\/10\/Imagem-do-WhatsApp-de-2024-10-08-as-15.08.17_20c0a555_2024-10-08_18-45-23_jpg_2024-10-08_18-45-23-768x576.webp 768w, https:\/\/www.acidadeon.com\/ribeiraopreto\/wp-content\/uploads\/sites\/3\/2024\/10\/Imagem-do-WhatsApp-de-2024-10-08-as-15.08.17_20c0a555_2024-10-08_18-45-23_jpg_2024-10-08_18-45-23-696x522.webp 696w, https:\/\/www.acidadeon.com\/ribeiraopreto\/wp-content\/uploads\/sites\/3\/2024\/10\/Imagem-do-WhatsApp-de-2024-10-08-as-15.08.17_20c0a555_2024-10-08_18-45-23_jpg_2024-10-08_18-45-23-1068x801.webp 1068w, https:\/\/www.acidadeon.com\/ribeiraopreto\/wp-content\/uploads\/sites\/3\/2024\/10\/Imagem-do-WhatsApp-de-2024-10-08-as-15.08.17_20c0a555_2024-10-08_18-45-23_jpg_2024-10-08_18-45-23.webp 1280w\" sizes=\"auto, (max-width: 1024px) 100vw, 1024px\"\/><figcaption class=\"wp-element-caption\">Fogo na rodovia Guin\u00e9 Fernandes Serrano \u2013 Foto: Defesa Civil<\/figcaption><\/figure>\n<p>Na<strong> rodovia Guin\u00e9 Fernandes Serrano<\/strong>, no <strong>distrito de Ibiti\u00fava<\/strong>, uma <mark style=\"background-color:#fcb900\" class=\"has-inline-color\">planta\u00e7\u00e3o de cana-de-a\u00e7\u00facar pegou fogo e as chamas se espalharam para a beira da pista.<\/mark> Equipes da concession\u00e1ria <strong>Entrevias<\/strong>, <strong>usinas <\/strong>e <strong>Defesa Civil <\/strong><mark style=\"background-color:#fcb900\" class=\"has-inline-color\">controlaram o inc\u00eandio<\/mark>. <\/p>\n<figure class=\"wp-block-image size-large\"><img data-recalc-dims=\"1\" decoding=\"async\" loading=\"lazy\" width=\"1024\" height=\"576\" src=\"https:\/\/i0.wp.com\/www.acidadeon.com\/ribeiraopreto\/wp-content\/uploads\/sites\/3\/2024\/10\/Copia-de-Copia-de-Copia-de-TAMANHO-EXATO-PARA-FOTOS-NO-SISTEMA-NOVO-10_2024-10-08_18-52-48_png_2024-10-08_18-52-48-1024x576.webp?resize=1024%2C576&#038;ssl=1\" alt=\"\" class=\"wp-image-95890\" srcset=\"https:\/\/www.acidadeon.com\/ribeiraopreto\/wp-content\/uploads\/sites\/3\/2024\/10\/Copia-de-Copia-de-Copia-de-TAMANHO-EXATO-PARA-FOTOS-NO-SISTEMA-NOVO-10_2024-10-08_18-52-48_png_2024-10-08_18-52-48-1024x576.webp 1024w, https:\/\/www.acidadeon.com\/ribeiraopreto\/wp-content\/uploads\/sites\/3\/2024\/10\/Copia-de-Copia-de-Copia-de-TAMANHO-EXATO-PARA-FOTOS-NO-SISTEMA-NOVO-10_2024-10-08_18-52-48_png_2024-10-08_18-52-48-300x169.webp 300w, https:\/\/www.acidadeon.com\/ribeiraopreto\/wp-content\/uploads\/sites\/3\/2024\/10\/Copia-de-Copia-de-Copia-de-TAMANHO-EXATO-PARA-FOTOS-NO-SISTEMA-NOVO-10_2024-10-08_18-52-48_png_2024-10-08_18-52-48-768x432.webp 768w, https:\/\/www.acidadeon.com\/ribeiraopreto\/wp-content\/uploads\/sites\/3\/2024\/10\/Copia-de-Copia-de-Copia-de-TAMANHO-EXATO-PARA-FOTOS-NO-SISTEMA-NOVO-10_2024-10-08_18-52-48_png_2024-10-08_18-52-48-696x392.webp 696w, https:\/\/www.acidadeon.com\/ribeiraopreto\/wp-content\/uploads\/sites\/3\/2024\/10\/Copia-de-Copia-de-Copia-de-TAMANHO-EXATO-PARA-FOTOS-NO-SISTEMA-NOVO-10_2024-10-08_18-52-48_png_2024-10-08_18-52-48-1068x601.webp 1068w, https:\/\/www.acidadeon.com\/ribeiraopreto\/wp-content\/uploads\/sites\/3\/2024\/10\/Copia-de-Copia-de-Copia-de-TAMANHO-EXATO-PARA-FOTOS-NO-SISTEMA-NOVO-10_2024-10-08_18-52-48_png_2024-10-08_18-52-48.webp 1200w\" sizes=\"auto, (max-width: 1024px) 100vw, 1024px\"\/><figcaption class=\"wp-element-caption\">Inc\u00eandio atinge munic\u00edpio de Ipu\u00e3 \u2013 Foto: Redes sociais<\/figcaption><\/figure>\n<p><strong>Inc\u00eandio tamb\u00e9m atinge \u00e1rea no munic\u00edpio de Ipu\u00e3<\/strong>, na regi\u00e3o de Ribeir\u00e3o Preto. <strong>As imagens foram feitas por moradores pr\u00f3ximo ao bairro Santa Cruz<\/strong>.<\/p>\n<figure class=\"wp-block-image size-large\"><img data-recalc-dims=\"1\" decoding=\"async\" loading=\"lazy\" width=\"1024\" height=\"576\" src=\"https:\/\/i0.wp.com\/www.acidadeon.com\/ribeiraopreto\/wp-content\/uploads\/sites\/3\/2024\/10\/Copia-de-Copia-de-Copia-de-TAMANHO-EXATO-PARA-FOTOS-NO-SISTEMA-NOVO-11_2024-10-08_19-03-09_png_2024-10-08_19-03-09-1024x576.webp?resize=1024%2C576&#038;ssl=1\" alt=\"\" class=\"wp-image-95891\" srcset=\"https:\/\/www.acidadeon.com\/ribeiraopreto\/wp-content\/uploads\/sites\/3\/2024\/10\/Copia-de-Copia-de-Copia-de-TAMANHO-EXATO-PARA-FOTOS-NO-SISTEMA-NOVO-11_2024-10-08_19-03-09_png_2024-10-08_19-03-09-1024x576.webp 1024w, https:\/\/www.acidadeon.com\/ribeiraopreto\/wp-content\/uploads\/sites\/3\/2024\/10\/Copia-de-Copia-de-Copia-de-TAMANHO-EXATO-PARA-FOTOS-NO-SISTEMA-NOVO-11_2024-10-08_19-03-09_png_2024-10-08_19-03-09-300x169.webp 300w, https:\/\/www.acidadeon.com\/ribeiraopreto\/wp-content\/uploads\/sites\/3\/2024\/10\/Copia-de-Copia-de-Copia-de-TAMANHO-EXATO-PARA-FOTOS-NO-SISTEMA-NOVO-11_2024-10-08_19-03-09_png_2024-10-08_19-03-09-768x432.webp 768w, https:\/\/www.acidadeon.com\/ribeiraopreto\/wp-content\/uploads\/sites\/3\/2024\/10\/Copia-de-Copia-de-Copia-de-TAMANHO-EXATO-PARA-FOTOS-NO-SISTEMA-NOVO-11_2024-10-08_19-03-09_png_2024-10-08_19-03-09-696x392.webp 696w, https:\/\/www.acidadeon.com\/ribeiraopreto\/wp-content\/uploads\/sites\/3\/2024\/10\/Copia-de-Copia-de-Copia-de-TAMANHO-EXATO-PARA-FOTOS-NO-SISTEMA-NOVO-11_2024-10-08_19-03-09_png_2024-10-08_19-03-09-1068x601.webp 1068w, https:\/\/www.acidadeon.com\/ribeiraopreto\/wp-content\/uploads\/sites\/3\/2024\/10\/Copia-de-Copia-de-Copia-de-TAMANHO-EXATO-PARA-FOTOS-NO-SISTEMA-NOVO-11_2024-10-08_19-03-09_png_2024-10-08_19-03-09.webp 1200w\" sizes=\"auto, (max-width: 1024px) 100vw, 1024px\"\/><figcaption class=\"wp-element-caption\">Inc\u00eandio entre Barretos e Col\u00f4mbia \u2013 Foto: Redes sociais<\/figcaption><\/figure>\n<p>Na tarde desta ter\u00e7a-feira (8), <strong>foi registrado um foco de inc\u00eandio<\/strong>, em \u00e1rea de vegeta\u00e7\u00e3o pr\u00f3xima \u00e0 SP 326, <strong>no munic\u00edpio de Col\u00f4mbia<\/strong>. <mark style=\"background-color:#fcb900\" class=\"has-inline-color\">Houve interdi\u00e7\u00e3o total, sem op\u00e7\u00e3o de desvio, e congestionamento de cerca de 3 kms, no sentido sul, e de 2 kms, no sentido norte.<\/mark><strong> No momento, o tr\u00e2nsito flui lentamente no local. <\/strong><\/p>\n<p>SAIBA MAIS<br \/>Combust\u00edvel do Futuro: Investimentos podem chegar a R$ 260 bilh\u00f5es<\/p>\n<h4 class=\"wp-block-heading\"><strong>FIQUE ON<\/strong><\/h4>\n<p>Fique ligado em tudo que acontece em Ribeir\u00e3o Preto e regi\u00e3o. Siga os perfis do<strong> acidade on<\/strong> no <a href=\"https:\/\/www.instagram.com\/acidadeonribeirao\" target=\"_blank\" rel=\"noreferrer noopener nofollow\">Instagram <\/a>e no <a href=\"https:\/\/www.facebook.com\/acidadeonribeirao\/\" target=\"_blank\" rel=\"noreferrer noopener nofollow\">Facebook.<\/a><\/p>\n<p>Receba not\u00edcias do<strong> acidade on<\/strong> no WhatsApp.<a href=\"https:\/\/chat.whatsapp.com\/Fg4ok3aAVyB59DP63pRapr\" target=\"_blank\" rel=\"noreferrer noopener nofollow\"> Para entrar no grupo, basta clicar aqui.<\/a><\/p>\n<p>Fa\u00e7a uma den\u00fancia ou sugira uma reportagem sobre Ribeir\u00e3o Preto e regi\u00e3o pelo WhatsApp: 16 99117 7802.<\/p>\n<p>VEJA TAMB\u00c9M<br \/>Quando Lula vai decidir a volta do hor\u00e1rio de ver\u00e3o?<\/p>\n<p><!-- CONTENT END 1 -->\n<\/div>\n<p><script async src=\"\/\/www.instagram.com\/embed.js\"><\/script><br \/>\n<br \/><br \/>\n<br \/><a href=\"https:\/\/www.acidadeon.com\/ribeiraopreto\/cotidiano\/rodovia-anhanguera-sofre-interdicao-por-conta-de-incendio\/\">Source link <\/a><\/p>\n","protected":false},"excerpt":{"rendered":"<p>No in\u00edcio da tarde desta ter\u00e7a-feira (8), um inc\u00eandio foi registrado na rodovia Anhanguera, pr\u00f3ximo ao quil\u00f4metro 415, em Ituverava, na regi\u00e3o de Ribeir\u00e3o Preto&#8230;.<\/p>\n","protected":false},"author":1,"featured_media":69920,"comment_status":"open","ping_status":"open","sticky":false,"template":"","format":"standard","meta":{"_uag_custom_page_level_css":"","advanced_seo_description":"","jetpack_seo_html_title":"","jetpack_seo_noindex":false,"jetpack_post_was_ever_published":false,"_jetpack_newsletter_access":"","_jetpack_dont_email_post_to_subs":false,"_jetpack_newsletter_tier_id":0,"_jetpack_memberships_contains_paywalled_content":false,"_jetpack_memberships_contains_paid_content":false,"footnotes":"","jetpack_publicize_message":"","jetpack_publicize_feature_enabled":true,"jetpack_social_post_already_shared":true,"jetpack_social_options":{"image_generator_settings":{"template":"highway","default_image_id":0,"font":"","enabled":false},"version":2}},"categories":[11],"tags":[],"class_list":["post-69919","post","type-post","status-publish","format-standard","has-post-thumbnail","hentry","category-noticias-de-ribeirao-preto-sp-e-regiao-ismael-colosi"],"jetpack_publicize_connections":[],"jetpack_featured_media_url":"https:\/\/i0.wp.com\/ismaelcolosi.com.br\/wp-content\/uploads\/2024\/10\/iofh_2024-10-08_19-16-34_png_2024-10-08_19-16-34.webp.webp?fit=1272%2C666&ssl=1","uagb_featured_image_src":{"full":["https:\/\/i0.wp.com\/ismaelcolosi.com.br\/wp-content\/uploads\/2024\/10\/iofh_2024-10-08_19-16-34_png_2024-10-08_19-16-34.webp.webp?fit=1272%2C666&ssl=1",1272,666,false],"thumbnail":["https:\/\/i0.wp.com\/ismaelcolosi.com.br\/wp-content\/uploads\/2024\/10\/iofh_2024-10-08_19-16-34_png_2024-10-08_19-16-34.webp.webp?resize=150%2C150&ssl=1",150,150,true],"medium":["https:\/\/i0.wp.com\/ismaelcolosi.com.br\/wp-content\/uploads\/2024\/10\/iofh_2024-10-08_19-16-34_png_2024-10-08_19-16-34.webp.webp?fit=300%2C157&ssl=1",300,157,true],"medium_large":["https:\/\/i0.wp.com\/ismaelcolosi.com.br\/wp-content\/uploads\/2024\/10\/iofh_2024-10-08_19-16-34_png_2024-10-08_19-16-34.webp.webp?fit=768%2C402&ssl=1",768,402,true],"large":["https:\/\/i0.wp.com\/ismaelcolosi.com.br\/wp-content\/uploads\/2024\/10\/iofh_2024-10-08_19-16-34_png_2024-10-08_19-16-34.webp.webp?fit=1024%2C536&ssl=1",1024,536,true],"1536x1536":["https:\/\/i0.wp.com\/ismaelcolosi.com.br\/wp-content\/uploads\/2024\/10\/iofh_2024-10-08_19-16-34_png_2024-10-08_19-16-34.webp.webp?fit=1272%2C666&ssl=1",1272,666,true],"2048x2048":["https:\/\/i0.wp.com\/ismaelcolosi.com.br\/wp-content\/uploads\/2024\/10\/iofh_2024-10-08_19-16-34_png_2024-10-08_19-16-34.webp.webp?fit=1272%2C666&ssl=1",1272,666,true],"really-simple-thumb":["https:\/\/i0.wp.com\/ismaelcolosi.com.br\/wp-content\/uploads\/2024\/10\/iofh_2024-10-08_19-16-34_png_2024-10-08_19-16-34.webp.webp?resize=370%2C247&ssl=1",370,247,true]},"uagb_author_info":{"display_name":"ismaelcolosi.com.br","author_link":"https:\/\/ismaelcolosi.com.br\/index.php\/author\/vidareal-online\/"},"uagb_comment_info":0,"uagb_excerpt":"No in\u00edcio da tarde desta ter\u00e7a-feira (8), um inc\u00eandio foi registrado na rodovia Anhanguera, pr\u00f3ximo ao quil\u00f4metro 415, em Ituverava, na regi\u00e3o de Ribeir\u00e3o Preto....","jetpack-related-posts":[{"id":59044,"url":"https:\/\/ismaelcolosi.com.br\/index.php\/2024\/08\/05\/fumaca-toma-conta-da-rodovia-anhanguera-na-regiao-de-ribeirao-preto\/","url_meta":{"origin":69919,"position":0},"title":"Fuma\u00e7a toma conta da rodovia Anhanguera na regi\u00e3o de Ribeir\u00e3o Preto","author":"ismaelcolosi.com.br","date":"5 de August de 2024","format":false,"excerpt":"A fuma\u00e7a tomou conta da rodovia Anhanguera, em Jardin\u00f3polis, na regi\u00e3o de Ribeir\u00e3o Preto, por conta de um inc\u00eandio na tarde desta segunda-feira (5) \u2013 veja o v\u00eddeo abaixo. VEJA O V\u00cdDEO Ver essa foto no Instagram Uma publica\u00e7\u00e3o compartilhada por acidade on Ribeir\u00e3o (@acidadeonribeirao) De acordo com o Corpo\u2026","rel":"","context":"In &quot;Not\u00edcias de Ribeir\u00e3o Preto-SP e Regi\u00e3o&quot;","block_context":{"text":"Not\u00edcias de Ribeir\u00e3o Preto-SP e Regi\u00e3o","link":"https:\/\/ismaelcolosi.com.br\/index.php\/category\/noticias-de-ribeirao-preto-sp-e-regiao-ismael-colosi\/"},"img":{"alt_text":"","src":"https:\/\/i0.wp.com\/ismaelcolosi.com.br\/wp-content\/uploads\/2024\/08\/FUMACA-ANHANGUERA_2024-08-05_18-40-32_jpg_2024-08-05_18-40-32.webp.webp?fit=1200%2C770&ssl=1&resize=350%2C200","width":350,"height":200,"srcset":"https:\/\/i0.wp.com\/ismaelcolosi.com.br\/wp-content\/uploads\/2024\/08\/FUMACA-ANHANGUERA_2024-08-05_18-40-32_jpg_2024-08-05_18-40-32.webp.webp?fit=1200%2C770&ssl=1&resize=350%2C200 1x, https:\/\/i0.wp.com\/ismaelcolosi.com.br\/wp-content\/uploads\/2024\/08\/FUMACA-ANHANGUERA_2024-08-05_18-40-32_jpg_2024-08-05_18-40-32.webp.webp?fit=1200%2C770&ssl=1&resize=525%2C300 1.5x, https:\/\/i0.wp.com\/ismaelcolosi.com.br\/wp-content\/uploads\/2024\/08\/FUMACA-ANHANGUERA_2024-08-05_18-40-32_jpg_2024-08-05_18-40-32.webp.webp?fit=1200%2C770&ssl=1&resize=700%2C400 2x, https:\/\/i0.wp.com\/ismaelcolosi.com.br\/wp-content\/uploads\/2024\/08\/FUMACA-ANHANGUERA_2024-08-05_18-40-32_jpg_2024-08-05_18-40-32.webp.webp?fit=1200%2C770&ssl=1&resize=1050%2C600 3x"},"classes":[]},{"id":55026,"url":"https:\/\/ismaelcolosi.com.br\/index.php\/2024\/06\/29\/incendio-as-margens-da-rodovia-anhanguera-em-ribeirao-preto-assusta-motoristas-video\/","url_meta":{"origin":69919,"position":1},"title":"Inc\u00eandio \u00e0s margens da rodovia Anhanguera em Ribeir\u00e3o Preto assusta motoristas; V\u00eddeo","author":"ismaelcolosi.com.br","date":"29 de June de 2024","format":false,"excerpt":"Um inc\u00eandio de grande propor\u00e7\u00e3o na rodovia Anhanguera, sentido Ribeir\u00e3o Preto a Orl\u00e2ndia, formou uma cortina de fuma\u00e7a neste s\u00e1bado (29) e assustou motoristas que passavam pelo local. Segundo Joab Nogueira, que registrou o fogo se alastrando em uma planta\u00e7\u00e3o, um caminh\u00e3o-pipa estava no local para controlar as chamas. O\u2026","rel":"","context":"In &quot;Not\u00edcias de Ribeir\u00e3o Preto-SP e Regi\u00e3o&quot;","block_context":{"text":"Not\u00edcias de Ribeir\u00e3o Preto-SP e Regi\u00e3o","link":"https:\/\/ismaelcolosi.com.br\/index.php\/category\/noticias-de-ribeirao-preto-sp-e-regiao-ismael-colosi\/"},"img":{"alt_text":"","src":"https:\/\/i0.wp.com\/ismaelcolosi.com.br\/wp-content\/uploads\/2024\/06\/Copia-de-Copia-de-TAMANHO-EXATO-PARA-FOTOS-NO-SISTEMA-NOVO-28_2024-06-29_19-46-04_jpg_2024-06-29_19-46-04.webp.webp?fit=1200%2C675&ssl=1&resize=350%2C200","width":350,"height":200,"srcset":"https:\/\/i0.wp.com\/ismaelcolosi.com.br\/wp-content\/uploads\/2024\/06\/Copia-de-Copia-de-TAMANHO-EXATO-PARA-FOTOS-NO-SISTEMA-NOVO-28_2024-06-29_19-46-04_jpg_2024-06-29_19-46-04.webp.webp?fit=1200%2C675&ssl=1&resize=350%2C200 1x, https:\/\/i0.wp.com\/ismaelcolosi.com.br\/wp-content\/uploads\/2024\/06\/Copia-de-Copia-de-TAMANHO-EXATO-PARA-FOTOS-NO-SISTEMA-NOVO-28_2024-06-29_19-46-04_jpg_2024-06-29_19-46-04.webp.webp?fit=1200%2C675&ssl=1&resize=525%2C300 1.5x, https:\/\/i0.wp.com\/ismaelcolosi.com.br\/wp-content\/uploads\/2024\/06\/Copia-de-Copia-de-TAMANHO-EXATO-PARA-FOTOS-NO-SISTEMA-NOVO-28_2024-06-29_19-46-04_jpg_2024-06-29_19-46-04.webp.webp?fit=1200%2C675&ssl=1&resize=700%2C400 2x, https:\/\/i0.wp.com\/ismaelcolosi.com.br\/wp-content\/uploads\/2024\/06\/Copia-de-Copia-de-TAMANHO-EXATO-PARA-FOTOS-NO-SISTEMA-NOVO-28_2024-06-29_19-46-04_jpg_2024-06-29_19-46-04.webp.webp?fit=1200%2C675&ssl=1&resize=1050%2C600 3x"},"classes":[]},{"id":70755,"url":"https:\/\/ismaelcolosi.com.br\/index.php\/2024\/10\/12\/onibus-que-partiu-de-ribeirao-preto-pega-fogo-na-anhanguera-video\/","url_meta":{"origin":69919,"position":2},"title":"\u00d4nibus que partiu de Ribeir\u00e3o Preto pega fogo na Anhanguera; V\u00eddeo","author":"ismaelcolosi.com.br","date":"12 de October de 2024","format":false,"excerpt":"Um \u00f4nibus fretado que partiu de Ribeir\u00e3o Preto com destino ao aeroporto de Viracopos, em Campinas, pegou fogo na noite da \u00faltima sexta-feira (11), na rodovia Anhanguera. O inc\u00eandio aconteceu pr\u00f3ximo a Sumar\u00e9 e todos os passageiros do \u00f4nibus e o motorista conseguiram sair do ve\u00edculo em seguran\u00e7a. Contudo, as\u2026","rel":"","context":"In &quot;Not\u00edcias de Ribeir\u00e3o Preto-SP e Regi\u00e3o&quot;","block_context":{"text":"Not\u00edcias de Ribeir\u00e3o Preto-SP e Regi\u00e3o","link":"https:\/\/ismaelcolosi.com.br\/index.php\/category\/noticias-de-ribeirao-preto-sp-e-regiao-ismael-colosi\/"},"img":{"alt_text":"","src":"https:\/\/i0.wp.com\/ismaelcolosi.com.br\/wp-content\/uploads\/2024\/10\/fogo-viracopos_2024-10-12_17-59-04_jpg_2024-10-12_17-59-04.webp.webp?fit=1200%2C872&ssl=1&resize=350%2C200","width":350,"height":200,"srcset":"https:\/\/i0.wp.com\/ismaelcolosi.com.br\/wp-content\/uploads\/2024\/10\/fogo-viracopos_2024-10-12_17-59-04_jpg_2024-10-12_17-59-04.webp.webp?fit=1200%2C872&ssl=1&resize=350%2C200 1x, https:\/\/i0.wp.com\/ismaelcolosi.com.br\/wp-content\/uploads\/2024\/10\/fogo-viracopos_2024-10-12_17-59-04_jpg_2024-10-12_17-59-04.webp.webp?fit=1200%2C872&ssl=1&resize=525%2C300 1.5x, https:\/\/i0.wp.com\/ismaelcolosi.com.br\/wp-content\/uploads\/2024\/10\/fogo-viracopos_2024-10-12_17-59-04_jpg_2024-10-12_17-59-04.webp.webp?fit=1200%2C872&ssl=1&resize=700%2C400 2x, https:\/\/i0.wp.com\/ismaelcolosi.com.br\/wp-content\/uploads\/2024\/10\/fogo-viracopos_2024-10-12_17-59-04_jpg_2024-10-12_17-59-04.webp.webp?fit=1200%2C872&ssl=1&resize=1050%2C600 3x"},"classes":[]},{"id":63350,"url":"https:\/\/ismaelcolosi.com.br\/index.php\/2024\/09\/01\/rodovia-da-regiao-de-ribeirao-e-interditada-por-causa-de-incendio-2\/","url_meta":{"origin":69919,"position":3},"title":"Rodovia da regi\u00e3o de Ribeir\u00e3o \u00e9 interditada por causa de inc\u00eandio","author":"ismaelcolosi.com.br","date":"1 de September de 2024","format":false,"excerpt":"Um inc\u00eandio interditou neste domingo (1\u00ba) os dois sentidos da rodovia Brigadeiro Faria Lima (SP-326), entre Bebedouro e Terra Roxa, na regi\u00e3o de Ribeir\u00e3o Preto. Segundo a Defesa Civil de S\u00e3o Paulo, o fogo foi controlado nesta tarde, mas as equipes seguem no local para monitoramento. N\u00e3o h\u00e1, por\u00e9m, informa\u00e7\u00f5es\u2026","rel":"","context":"In &quot;Not\u00edcias de Ribeir\u00e3o Preto-SP e Regi\u00e3o&quot;","block_context":{"text":"Not\u00edcias de Ribeir\u00e3o Preto-SP e Regi\u00e3o","link":"https:\/\/ismaelcolosi.com.br\/index.php\/category\/noticias-de-ribeirao-preto-sp-e-regiao-ismael-colosi\/"},"img":{"alt_text":"","src":"https:\/\/i0.wp.com\/ismaelcolosi.com.br\/wp-content\/uploads\/2024\/09\/WhatsApp-Image-2024-09-01-at-18.02.50_2024-09-01_21-06-02_jpeg_2024-09-01_21-06-02.webp.webp?fit=1200%2C857&ssl=1&resize=350%2C200","width":350,"height":200,"srcset":"https:\/\/i0.wp.com\/ismaelcolosi.com.br\/wp-content\/uploads\/2024\/09\/WhatsApp-Image-2024-09-01-at-18.02.50_2024-09-01_21-06-02_jpeg_2024-09-01_21-06-02.webp.webp?fit=1200%2C857&ssl=1&resize=350%2C200 1x, https:\/\/i0.wp.com\/ismaelcolosi.com.br\/wp-content\/uploads\/2024\/09\/WhatsApp-Image-2024-09-01-at-18.02.50_2024-09-01_21-06-02_jpeg_2024-09-01_21-06-02.webp.webp?fit=1200%2C857&ssl=1&resize=525%2C300 1.5x, https:\/\/i0.wp.com\/ismaelcolosi.com.br\/wp-content\/uploads\/2024\/09\/WhatsApp-Image-2024-09-01-at-18.02.50_2024-09-01_21-06-02_jpeg_2024-09-01_21-06-02.webp.webp?fit=1200%2C857&ssl=1&resize=700%2C400 2x, https:\/\/i0.wp.com\/ismaelcolosi.com.br\/wp-content\/uploads\/2024\/09\/WhatsApp-Image-2024-09-01-at-18.02.50_2024-09-01_21-06-02_jpeg_2024-09-01_21-06-02.webp.webp?fit=1200%2C857&ssl=1&resize=1050%2C600 3x"},"classes":[]},{"id":78663,"url":"https:\/\/ismaelcolosi.com.br\/index.php\/2024\/12\/07\/incendio-atinge-caminhao-na-rodovia-anhanguera-veja-video-2\/","url_meta":{"origin":69919,"position":4},"title":"Inc\u00eandio atinge caminh\u00e3o na rodovia  Anhanguera; Veja v\u00eddeo","author":"ismaelcolosi.com.br","date":"7 de December de 2024","format":false,"excerpt":"Um inc\u00eandio atinge um caminh\u00e3o na tarde deste s\u00e1bado (7), no km 332 da rodovia Anhanguera (SP-330), na pista sentido Sul, entre Jardin\u00f3polis e Ribeir\u00e3o Preto. Ainda n\u00e3o h\u00e1 informa\u00e7\u00f5es sobre v\u00edtimas. Um v\u00eddeo mostra as chamas no motor e na cabine do ve\u00edculo. Assista as imagens abaixo. N\u00e3o havia\u2026","rel":"","context":"In &quot;Not\u00edcias de Ribeir\u00e3o Preto-SP e Regi\u00e3o&quot;","block_context":{"text":"Not\u00edcias de Ribeir\u00e3o Preto-SP e Regi\u00e3o","link":"https:\/\/ismaelcolosi.com.br\/index.php\/category\/noticias-de-ribeirao-preto-sp-e-regiao-ismael-colosi\/"},"img":{"alt_text":"","src":"https:\/\/i0.wp.com\/ismaelcolosi.com.br\/wp-content\/uploads\/2024\/12\/WhatsApp-Image-2024-12-07-at-17.47.50_2024-12-07_20-48-49_jpeg_2024-12-07_20-48-49.webp.webp?fit=1200%2C856&ssl=1&resize=350%2C200","width":350,"height":200,"srcset":"https:\/\/i0.wp.com\/ismaelcolosi.com.br\/wp-content\/uploads\/2024\/12\/WhatsApp-Image-2024-12-07-at-17.47.50_2024-12-07_20-48-49_jpeg_2024-12-07_20-48-49.webp.webp?fit=1200%2C856&ssl=1&resize=350%2C200 1x, https:\/\/i0.wp.com\/ismaelcolosi.com.br\/wp-content\/uploads\/2024\/12\/WhatsApp-Image-2024-12-07-at-17.47.50_2024-12-07_20-48-49_jpeg_2024-12-07_20-48-49.webp.webp?fit=1200%2C856&ssl=1&resize=525%2C300 1.5x, https:\/\/i0.wp.com\/ismaelcolosi.com.br\/wp-content\/uploads\/2024\/12\/WhatsApp-Image-2024-12-07-at-17.47.50_2024-12-07_20-48-49_jpeg_2024-12-07_20-48-49.webp.webp?fit=1200%2C856&ssl=1&resize=700%2C400 2x, https:\/\/i0.wp.com\/ismaelcolosi.com.br\/wp-content\/uploads\/2024\/12\/WhatsApp-Image-2024-12-07-at-17.47.50_2024-12-07_20-48-49_jpeg_2024-12-07_20-48-49.webp.webp?fit=1200%2C856&ssl=1&resize=1050%2C600 3x"},"classes":[]},{"id":63522,"url":"https:\/\/ismaelcolosi.com.br\/index.php\/2024\/09\/02\/fumaca-e-registrada-na-rodovia-anhanguera-veja-o-video\/","url_meta":{"origin":69919,"position":5},"title":"Fuma\u00e7a \u00e9 registrada na rodovia Anhanguera; veja o v\u00eddeo","author":"ismaelcolosi.com.br","date":"2 de September de 2024","format":false,"excerpt":"Uma cortina de fuma\u00e7a foi registrada no come\u00e7o da tarde desta segunda-feira (1), na rodovia Anhanguera, quil\u00f4metro 247, em Santa Rita do Passa Quatro e assustou quem transitava pelo local. Em nota, a concession\u00e1ria Arteris ViaPaulista informou que n\u00e3o houve interdi\u00e7\u00e3o na via e nem registro de acidentes. Caminh\u00e3o-pipa da\u2026","rel":"","context":"In &quot;Not\u00edcias de Ribeir\u00e3o Preto-SP e Regi\u00e3o&quot;","block_context":{"text":"Not\u00edcias de Ribeir\u00e3o Preto-SP e Regi\u00e3o","link":"https:\/\/ismaelcolosi.com.br\/index.php\/category\/noticias-de-ribeirao-preto-sp-e-regiao-ismael-colosi\/"},"img":{"alt_text":"","src":"https:\/\/i0.wp.com\/ismaelcolosi.com.br\/wp-content\/uploads\/2024\/09\/Copia-de-Copia-de-Copia-de-TAMANHO-EXATO-PARA-FOTOS-NO-SISTEMA-NOVO-5_2024-09-02_19-11-25_png_2024-09-02_19-11-25.webp.webp?fit=1200%2C675&ssl=1&resize=350%2C200","width":350,"height":200,"srcset":"https:\/\/i0.wp.com\/ismaelcolosi.com.br\/wp-content\/uploads\/2024\/09\/Copia-de-Copia-de-Copia-de-TAMANHO-EXATO-PARA-FOTOS-NO-SISTEMA-NOVO-5_2024-09-02_19-11-25_png_2024-09-02_19-11-25.webp.webp?fit=1200%2C675&ssl=1&resize=350%2C200 1x, https:\/\/i0.wp.com\/ismaelcolosi.com.br\/wp-content\/uploads\/2024\/09\/Copia-de-Copia-de-Copia-de-TAMANHO-EXATO-PARA-FOTOS-NO-SISTEMA-NOVO-5_2024-09-02_19-11-25_png_2024-09-02_19-11-25.webp.webp?fit=1200%2C675&ssl=1&resize=525%2C300 1.5x, https:\/\/i0.wp.com\/ismaelcolosi.com.br\/wp-content\/uploads\/2024\/09\/Copia-de-Copia-de-Copia-de-TAMANHO-EXATO-PARA-FOTOS-NO-SISTEMA-NOVO-5_2024-09-02_19-11-25_png_2024-09-02_19-11-25.webp.webp?fit=1200%2C675&ssl=1&resize=700%2C400 2x, https:\/\/i0.wp.com\/ismaelcolosi.com.br\/wp-content\/uploads\/2024\/09\/Copia-de-Copia-de-Copia-de-TAMANHO-EXATO-PARA-FOTOS-NO-SISTEMA-NOVO-5_2024-09-02_19-11-25_png_2024-09-02_19-11-25.webp.webp?fit=1200%2C675&ssl=1&resize=1050%2C600 3x"},"classes":[]}],"jetpack_sharing_enabled":true,"jetpack_shortlink":"https:\/\/wp.me\/pfMlyK-ibJ","_links":{"self":[{"href":"https:\/\/ismaelcolosi.com.br\/index.php\/wp-json\/wp\/v2\/posts\/69919","targetHints":{"allow":["GET"]}}],"collection":[{"href":"https:\/\/ismaelcolosi.com.br\/index.php\/wp-json\/wp\/v2\/posts"}],"about":[{"href":"https:\/\/ismaelcolosi.com.br\/index.php\/wp-json\/wp\/v2\/types\/post"}],"author":[{"embeddable":true,"href":"https:\/\/ismaelcolosi.com.br\/index.php\/wp-json\/wp\/v2\/users\/1"}],"replies":[{"embeddable":true,"href":"https:\/\/ismaelcolosi.com.br\/index.php\/wp-json\/wp\/v2\/comments?post=69919"}],"version-history":[{"count":0,"href":"https:\/\/ismaelcolosi.com.br\/index.php\/wp-json\/wp\/v2\/posts\/69919\/revisions"}],"wp:featuredmedia":[{"embeddable":true,"href":"https:\/\/ismaelcolosi.com.br\/index.php\/wp-json\/wp\/v2\/media\/69920"}],"wp:attachment":[{"href":"https:\/\/ismaelcolosi.com.br\/index.php\/wp-json\/wp\/v2\/media?parent=69919"}],"wp:term":[{"taxonomy":"category","embeddable":true,"href":"https:\/\/ismaelcolosi.com.br\/index.php\/wp-json\/wp\/v2\/categories?post=69919"},{"taxonomy":"post_tag","embeddable":true,"href":"https:\/\/ismaelcolosi.com.br\/index.php\/wp-json\/wp\/v2\/tags?post=69919"}],"curies":[{"name":"wp","href":"https:\/\/api.w.org\/{rel}","templated":true}]}}