{"id":69908,"date":"2024-10-08T16:47:27","date_gmt":"2024-10-08T19:47:27","guid":{"rendered":"https:\/\/ismaelcolosi.com.br\/index.php\/2024\/10\/08\/mulher-presa-na-espanha-acusada-de-tentativa-de-homicidio-em-ribeirao-sera-solta\/"},"modified":"2024-10-08T16:47:27","modified_gmt":"2024-10-08T19:47:27","slug":"mulher-presa-na-espanha-acusada-de-tentativa-de-homicidio-em-ribeirao-sera-solta","status":"publish","type":"post","link":"https:\/\/ismaelcolosi.com.br\/index.php\/2024\/10\/08\/mulher-presa-na-espanha-acusada-de-tentativa-de-homicidio-em-ribeirao-sera-solta\/","title":{"rendered":"Mulher presa na Espanha acusada de tentativa de homic\u00eddio em Ribeir\u00e3o ser\u00e1 solta"},"content":{"rendered":"<p> <br \/>\n<\/p>\n<div>\n<p>A Justi\u00e7a decidiu soltar a brasileira <strong>Aline Fernanda de Siqueira Maschietto<\/strong>, presa na <strong>Espanha<\/strong>, ap\u00f3s ser acusada de envolvimento em uma tentativa de homic\u00eddio em Ribeir\u00e3o Preto. Aline estava detida na Espanha desde dezembro do ano passado e foi extraditada para o Brasil no \u00faltimo m\u00eas de julho.<\/p>\n<p>No pa\u00eds europeu, ela se envolveu em um esc\u00e2ndalo, no qual acusou o filho do presidente do Tribunal Constitucional \u2013 equivalente ao STF no Brasil \u2013 por suposto abuso sexual. J\u00e1 em Ribeir\u00e3o Preto, a mulher \u00e9 alvo de um mandado de pris\u00e3o por tentativa de homic\u00eddio de um estudante de medicina, em mar\u00e7o de 2022.<\/p>\n<p>A decis\u00e3o pela soltura de Aline aconteceu na tarde desta ter\u00e7a-feira (8) durante uma audi\u00eancia virtual, em que tamb\u00e9m foram ouvidas testemunhas do caso e a v\u00edtima da suposta tentativa de homic\u00eddio.<\/p>\n<p>O pedido pela liberdade provis\u00f3ria de Aline foi realizado pela defesa da acusada, que est\u00e1 presa em S\u00e3o Paulo. Segundo a decis\u00e3o, a medida teve concord\u00e2ncia da acusa\u00e7\u00e3o feita pelo <strong>MP-SP (Minist\u00e9rio P\u00fablico de S\u00e3o Paulo).<\/strong><\/p>\n<p>Contudo, Aline dever\u00e1 cumprir medidas cautelares, como comparecimento bimestral em Ju\u00edzo e entrega de documentos. Al\u00e9m disso, o passaporte da acusada dever\u00e1 continuar apreendido pela Pol\u00edcia Federal. J\u00e1 o processo segue para fase de alega\u00e7\u00f5es finais.<\/p>\n<h4 class=\"wp-block-heading\"><strong>O caso<\/strong><\/h4>\n<p>Em mar\u00e7o de 2022, Aline teria se envolvido em uma briga com um estudante de medicina no quarto de um hotel na zona Leste de Ribeir\u00e3o Preto. Na ocasi\u00e3o, testemunhas disseram que encontraram a v\u00edtima tentando conter a mulher.<\/p>\n<p>No quarto do hotel, foram encontradas duas facas ensanguentadas jogadas no ch\u00e3o. O Samu precisou ser chamado para socorrer o estudante de medicina, que foi encaminhado para um hospital particular da cidade. Na ocasi\u00e3o, Aline disse que teria tentado se defender do rapaz.<\/p>\n<p>O caso tramita na 1\u00aa Vara do J\u00fari de Ribeir\u00e3o Preto, que apontou que Aline responde pelo crime de tentativa de homic\u00eddio por motivo torpe e que teria utilizado recurso que impossibilitou a defesa da v\u00edtima.<\/p>\n<p>Em novembro de 2022, a Justi\u00e7a de Ribeir\u00e3o Preto expediu um mandado de pris\u00e3o preventiva contra Aline. A ju\u00edza Marta Rodrigues Maffeis entendeu que \u201capenas a restri\u00e7\u00e3o da liberdade da r\u00e9 \u00e9 capaz de trazer garantia \u00e0 ordem p\u00fablica\u201d.<\/p>\n<h4 class=\"wp-block-heading\"><strong>Outro lado<\/strong><\/h4>\n<p>Em nota, a defesa de Aline Maschietto afirma que ela \u00e9 inocente do crime de tentativa de homic\u00eddio. \u201cAline se defendeu, do contr\u00e1rio, hoje estar\u00edamos falando de mais um feminic\u00eddio\u201d, afirma.<\/p>\n<p>\u201cSe as mulheres tivessem meios, coragem e tempo de se defender, como Aline fez, n\u00e3o ter\u00edamos n\u00fameros t\u00e3o gritantes de mulheres mortas por seus namorados, maridos e ex companheiros\u201d, completa.<\/p>\n<p>SAIBA MAIS<br \/>Chuva tem data para chegar a Ribeir\u00e3o Preto; Saiba quando<\/p>\n<h4 class=\"wp-block-heading\"><strong>FIQUE ON<\/strong><\/h4>\n<p>Fique ligado em tudo que acontece em Ribeir\u00e3o Preto e regi\u00e3o. Siga os perfis do <strong>acidade on<\/strong> no <a href=\"https:\/\/www.instagram.com\/acidadeonribeirao\" target=\"_blank\" rel=\"noreferrer noopener nofollow\">Instagram<\/a> e no <a href=\"https:\/\/www.facebook.com\/acidadeonribeirao\/\" target=\"_blank\" rel=\"noreferrer noopener nofollow\">Facebook<\/a>.<\/p>\n<p>Receba not\u00edcias do <strong>acidade on<\/strong> no WhatsApp.<a href=\"https:\/\/chat.whatsapp.com\/Fg4ok3aAVyB59DP63pRapr\" target=\"_blank\" rel=\"noreferrer noopener nofollow\"> Para entrar no grupo, basta clicar aqui.<\/a><\/p>\n<p>Fa\u00e7a uma den\u00fancia ou sugira uma reportagem sobre Ribeir\u00e3o Preto e regi\u00e3o pelo WhatsApp: 16 99117 7802.<\/p>\n<p>VEJA TAMB\u00c9M<br \/>Furac\u00e3o Milton \u00e9 o mais forte de 2024?<\/p>\n<p><!-- CONTENT END 1 -->\n<\/div>\n<p><script async src=\"\/\/www.instagram.com\/embed.js\"><\/script><br \/>\n<br \/><br \/>\n<br \/><a href=\"https:\/\/www.acidadeon.com\/ribeiraopreto\/cotidiano\/mulher-presa-na-espanha-acusada-de-tentativa-de-homicidio-em-ribeirao-sera-solta\/\">Source link <\/a><\/p>\n","protected":false},"excerpt":{"rendered":"<p>A Justi\u00e7a decidiu soltar a brasileira Aline Fernanda de Siqueira Maschietto, presa na Espanha, ap\u00f3s ser acusada de envolvimento em uma tentativa de homic\u00eddio em&#8230;<\/p>\n","protected":false},"author":1,"featured_media":69909,"comment_status":"open","ping_status":"open","sticky":false,"template":"","format":"standard","meta":{"_uag_custom_page_level_css":"","advanced_seo_description":"","jetpack_seo_html_title":"","jetpack_seo_noindex":false,"jetpack_post_was_ever_published":false,"_jetpack_newsletter_access":"","_jetpack_dont_email_post_to_subs":false,"_jetpack_newsletter_tier_id":0,"_jetpack_memberships_contains_paywalled_content":false,"_jetpack_memberships_contains_paid_content":false,"footnotes":"","jetpack_publicize_message":"","jetpack_publicize_feature_enabled":true,"jetpack_social_post_already_shared":true,"jetpack_social_options":{"image_generator_settings":{"template":"highway","default_image_id":0,"font":"","enabled":false},"version":2}},"categories":[11],"tags":[],"class_list":["post-69908","post","type-post","status-publish","format-standard","has-post-thumbnail","hentry","category-noticias-de-ribeirao-preto-sp-e-regiao-ismael-colosi"],"jetpack_publicize_connections":[],"jetpack_featured_media_url":"https:\/\/i0.wp.com\/ismaelcolosi.com.br\/wp-content\/uploads\/2024\/10\/aline-maschietto-2.jpg?fit=1505%2C893&ssl=1","uagb_featured_image_src":{"full":["https:\/\/i0.wp.com\/ismaelcolosi.com.br\/wp-content\/uploads\/2024\/10\/aline-maschietto-2.jpg?fit=1505%2C893&ssl=1",1505,893,false],"thumbnail":["https:\/\/i0.wp.com\/ismaelcolosi.com.br\/wp-content\/uploads\/2024\/10\/aline-maschietto-2.jpg?resize=150%2C150&ssl=1",150,150,true],"medium":["https:\/\/i0.wp.com\/ismaelcolosi.com.br\/wp-content\/uploads\/2024\/10\/aline-maschietto-2.jpg?fit=300%2C178&ssl=1",300,178,true],"medium_large":["https:\/\/i0.wp.com\/ismaelcolosi.com.br\/wp-content\/uploads\/2024\/10\/aline-maschietto-2.jpg?fit=768%2C456&ssl=1",768,456,true],"large":["https:\/\/i0.wp.com\/ismaelcolosi.com.br\/wp-content\/uploads\/2024\/10\/aline-maschietto-2.jpg?fit=1024%2C608&ssl=1",1024,608,true],"1536x1536":["https:\/\/i0.wp.com\/ismaelcolosi.com.br\/wp-content\/uploads\/2024\/10\/aline-maschietto-2.jpg?fit=1505%2C893&ssl=1",1505,893,true],"2048x2048":["https:\/\/i0.wp.com\/ismaelcolosi.com.br\/wp-content\/uploads\/2024\/10\/aline-maschietto-2.jpg?fit=1505%2C893&ssl=1",1505,893,true],"really-simple-thumb":["https:\/\/i0.wp.com\/ismaelcolosi.com.br\/wp-content\/uploads\/2024\/10\/aline-maschietto-2.jpg?resize=370%2C247&ssl=1",370,247,true]},"uagb_author_info":{"display_name":"ismaelcolosi.com.br","author_link":"https:\/\/ismaelcolosi.com.br\/index.php\/author\/vidareal-online\/"},"uagb_comment_info":0,"uagb_excerpt":"A Justi\u00e7a decidiu soltar a brasileira Aline Fernanda de Siqueira Maschietto, presa na Espanha, ap\u00f3s ser acusada de envolvimento em uma tentativa de homic\u00eddio em...","jetpack-related-posts":[{"id":14828,"url":"https:\/\/ismaelcolosi.com.br\/index.php\/2023\/12\/12\/acusada-de-tentativa-de-homicidio-em-ribeirao-preto-e-presa-na-espanha\/","url_meta":{"origin":69908,"position":0},"title":"Acusada de tentativa de homic\u00eddio em Ribeir\u00e3o Preto \u00e9 presa na Espanha","author":"ismaelcolosi.com.br","date":"12 de December de 2023","format":false,"excerpt":"A mulher acusada de tentativa de homic\u00eddio em Ribeir\u00e3o Preto foi presa pela Guarda Civil da Espanha na manh\u00e3 desta ter\u00e7a-feira (12). Aline Fernanda de Siqueira Maschietto, de 37 anos, \u00e9 investigada pela tentativa de assassinar um estudante de medicina em mar\u00e7o de 2022. De acordo com comunicado publicado no\u2026","rel":"","context":"In &quot;Not\u00edcias de Ribeir\u00e3o Preto-SP e Regi\u00e3o&quot;","block_context":{"text":"Not\u00edcias de Ribeir\u00e3o Preto-SP e Regi\u00e3o","link":"https:\/\/ismaelcolosi.com.br\/index.php\/category\/noticias-de-ribeirao-preto-sp-e-regiao-ismael-colosi\/"},"img":{"alt_text":"","src":"https:\/\/i0.wp.com\/ismaelcolosi.com.br\/wp-content\/uploads\/2023\/12\/1702405658_aline-maschietto-2.jpg?fit=1200%2C712&ssl=1&resize=350%2C200","width":350,"height":200,"srcset":"https:\/\/i0.wp.com\/ismaelcolosi.com.br\/wp-content\/uploads\/2023\/12\/1702405658_aline-maschietto-2.jpg?fit=1200%2C712&ssl=1&resize=350%2C200 1x, https:\/\/i0.wp.com\/ismaelcolosi.com.br\/wp-content\/uploads\/2023\/12\/1702405658_aline-maschietto-2.jpg?fit=1200%2C712&ssl=1&resize=525%2C300 1.5x, https:\/\/i0.wp.com\/ismaelcolosi.com.br\/wp-content\/uploads\/2023\/12\/1702405658_aline-maschietto-2.jpg?fit=1200%2C712&ssl=1&resize=700%2C400 2x, https:\/\/i0.wp.com\/ismaelcolosi.com.br\/wp-content\/uploads\/2023\/12\/1702405658_aline-maschietto-2.jpg?fit=1200%2C712&ssl=1&resize=1050%2C600 3x"},"classes":[]},{"id":15494,"url":"https:\/\/ismaelcolosi.com.br\/index.php\/2023\/12\/13\/acusada-de-tentativa-de-homicidio-em-ribeirao-tem-prisao-preventiva-decretada-na-espanha\/","url_meta":{"origin":69908,"position":1},"title":"Acusada de tentativa de homic\u00eddio em Ribeir\u00e3o tem pris\u00e3o preventiva decretada na Espanha","author":"ismaelcolosi.com.br","date":"13 de December de 2023","format":false,"excerpt":"A Justi\u00e7a da Espanha decretou, nesta quarta-feira (13), a pris\u00e3o preventiva da mulher acusada de tentativa de homic\u00eddio em Ribeir\u00e3o Preto. Aline Fernanda de Siqueira Maschietto, de 37 anos, \u00e9 investigada pela tentativa de assassinar um estudante de medicina em mar\u00e7o de 2022, e est\u00e1 presa desde a \u00faltima ter\u00e7a-feira\u2026","rel":"","context":"In &quot;Not\u00edcias de Ribeir\u00e3o Preto-SP e Regi\u00e3o&quot;","block_context":{"text":"Not\u00edcias de Ribeir\u00e3o Preto-SP e Regi\u00e3o","link":"https:\/\/ismaelcolosi.com.br\/index.php\/category\/noticias-de-ribeirao-preto-sp-e-regiao-ismael-colosi\/"},"img":{"alt_text":"","src":"https:\/\/i0.wp.com\/ismaelcolosi.com.br\/wp-content\/uploads\/2023\/12\/Aline-Maschietto.jpg?fit=1200%2C872&ssl=1&resize=350%2C200","width":350,"height":200,"srcset":"https:\/\/i0.wp.com\/ismaelcolosi.com.br\/wp-content\/uploads\/2023\/12\/Aline-Maschietto.jpg?fit=1200%2C872&ssl=1&resize=350%2C200 1x, https:\/\/i0.wp.com\/ismaelcolosi.com.br\/wp-content\/uploads\/2023\/12\/Aline-Maschietto.jpg?fit=1200%2C872&ssl=1&resize=525%2C300 1.5x, https:\/\/i0.wp.com\/ismaelcolosi.com.br\/wp-content\/uploads\/2023\/12\/Aline-Maschietto.jpg?fit=1200%2C872&ssl=1&resize=700%2C400 2x, https:\/\/i0.wp.com\/ismaelcolosi.com.br\/wp-content\/uploads\/2023\/12\/Aline-Maschietto.jpg?fit=1200%2C872&ssl=1&resize=1050%2C600 3x"},"classes":[]},{"id":55232,"url":"https:\/\/ismaelcolosi.com.br\/index.php\/2024\/07\/01\/brasileira-presa-na-espanha-por-tentativa-de-homicidio-em-ribeirao-e-extraditada\/","url_meta":{"origin":69908,"position":2},"title":"Brasileira presa na Espanha por tentativa de homic\u00eddio em Ribeir\u00e3o \u00e9 extraditada","author":"ismaelcolosi.com.br","date":"1 de July de 2024","format":false,"excerpt":"A brasileira, Aline Fernanda de Siqueira Maschietto, presa na Espanha em cumprimento do mandado de pris\u00e3o expedido no Brasil por conta de uma tentativa de homic\u00eddio, chegou ao Brasil na sexta-feira (28). A mulher \u00e9 acusada de tentar matar um estudante de medicina em Ribeir\u00e3o Preto, depois de brigar com\u2026","rel":"","context":"In &quot;Not\u00edcias de Ribeir\u00e3o Preto-SP e Regi\u00e3o&quot;","block_context":{"text":"Not\u00edcias de Ribeir\u00e3o Preto-SP e Regi\u00e3o","link":"https:\/\/ismaelcolosi.com.br\/index.php\/category\/noticias-de-ribeirao-preto-sp-e-regiao-ismael-colosi\/"},"img":{"alt_text":"","src":"https:\/\/i0.wp.com\/ismaelcolosi.com.br\/wp-content\/uploads\/2024\/07\/Capturar_2024-07-01_15-40-54_jpg_2024-07-01_15-40-54.webp.webp?fit=839%2C482&ssl=1&resize=350%2C200","width":350,"height":200,"srcset":"https:\/\/i0.wp.com\/ismaelcolosi.com.br\/wp-content\/uploads\/2024\/07\/Capturar_2024-07-01_15-40-54_jpg_2024-07-01_15-40-54.webp.webp?fit=839%2C482&ssl=1&resize=350%2C200 1x, https:\/\/i0.wp.com\/ismaelcolosi.com.br\/wp-content\/uploads\/2024\/07\/Capturar_2024-07-01_15-40-54_jpg_2024-07-01_15-40-54.webp.webp?fit=839%2C482&ssl=1&resize=525%2C300 1.5x, https:\/\/i0.wp.com\/ismaelcolosi.com.br\/wp-content\/uploads\/2024\/07\/Capturar_2024-07-01_15-40-54_jpg_2024-07-01_15-40-54.webp.webp?fit=839%2C482&ssl=1&resize=700%2C400 2x"},"classes":[]},{"id":18113,"url":"https:\/\/ismaelcolosi.com.br\/index.php\/2023\/12\/19\/justica-de-ribeirao-pede-que-seja-solicitada-extradicao-de-brasileira-presa-na-espanha\/","url_meta":{"origin":69908,"position":3},"title":"Justi\u00e7a de Ribeir\u00e3o pede que seja solicitada extradi\u00e7\u00e3o de brasileira presa na Espanha","author":"ismaelcolosi.com.br","date":"19 de December de 2023","format":false,"excerpt":"A ju\u00edza Marta Rodrigues Maffeis, da 1\u00aa Vara do J\u00fari e das Execu\u00e7\u00f5es Criminais de Ribeir\u00e3o Preto, determinou que seja solicitada a extradi\u00e7\u00e3o da brasileira que foi presa na Espanha, na semana passada. Aline Fernanda de Siqueira Maschietto \u00e9 acusada de tentar matar um estudante de medicina na cidade. De\u2026","rel":"","context":"In &quot;Not\u00edcias de Ribeir\u00e3o Preto-SP e Regi\u00e3o&quot;","block_context":{"text":"Not\u00edcias de Ribeir\u00e3o Preto-SP e Regi\u00e3o","link":"https:\/\/ismaelcolosi.com.br\/index.php\/category\/noticias-de-ribeirao-preto-sp-e-regiao-ismael-colosi\/"},"img":{"alt_text":"","src":"https:\/\/i0.wp.com\/ismaelcolosi.com.br\/wp-content\/uploads\/2023\/12\/1703024021_aline-maschietto-2.jpg?fit=1200%2C712&ssl=1&resize=350%2C200","width":350,"height":200,"srcset":"https:\/\/i0.wp.com\/ismaelcolosi.com.br\/wp-content\/uploads\/2023\/12\/1703024021_aline-maschietto-2.jpg?fit=1200%2C712&ssl=1&resize=350%2C200 1x, https:\/\/i0.wp.com\/ismaelcolosi.com.br\/wp-content\/uploads\/2023\/12\/1703024021_aline-maschietto-2.jpg?fit=1200%2C712&ssl=1&resize=525%2C300 1.5x, https:\/\/i0.wp.com\/ismaelcolosi.com.br\/wp-content\/uploads\/2023\/12\/1703024021_aline-maschietto-2.jpg?fit=1200%2C712&ssl=1&resize=700%2C400 2x, https:\/\/i0.wp.com\/ismaelcolosi.com.br\/wp-content\/uploads\/2023\/12\/1703024021_aline-maschietto-2.jpg?fit=1200%2C712&ssl=1&resize=1050%2C600 3x"},"classes":[]},{"id":7619,"url":"https:\/\/ismaelcolosi.com.br\/index.php\/2023\/11\/28\/brasileira-envolvida-em-escandalo-na-espanha-e-procurada-pela-justica-de-ribeirao\/","url_meta":{"origin":69908,"position":4},"title":"Brasileira envolvida em esc\u00e2ndalo na Espanha \u00e9 procurada pela Justi\u00e7a de Ribeir\u00e3o","author":"ismaelcolosi.com.br","date":"28 de November de 2023","format":false,"excerpt":"Uma brasileira envolvida em um esc\u00e2ndalo no qual ela denunciou o filho do presidente do Tribunal Constitucional da Espanha \u2013 equivalente ao STF no Brasil \u2013 \u00e9 procurada pela Justi\u00e7a de Ribeir\u00e3o Preto em raz\u00e3o de uma tentativa de homic\u00eddio na cidade. Aline Fernanda de Siqueira Maschietto, de 37 anos,\u2026","rel":"","context":"In &quot;Not\u00edcias de Ribeir\u00e3o Preto-SP e Regi\u00e3o&quot;","block_context":{"text":"Not\u00edcias de Ribeir\u00e3o Preto-SP e Regi\u00e3o","link":"https:\/\/ismaelcolosi.com.br\/index.php\/category\/noticias-de-ribeirao-preto-sp-e-regiao-ismael-colosi\/"},"img":{"alt_text":"","src":"https:\/\/i0.wp.com\/ismaelcolosi.com.br\/wp-content\/uploads\/2023\/11\/Aline-Maschietto.jpg?fit=1200%2C872&ssl=1&resize=350%2C200","width":350,"height":200,"srcset":"https:\/\/i0.wp.com\/ismaelcolosi.com.br\/wp-content\/uploads\/2023\/11\/Aline-Maschietto.jpg?fit=1200%2C872&ssl=1&resize=350%2C200 1x, https:\/\/i0.wp.com\/ismaelcolosi.com.br\/wp-content\/uploads\/2023\/11\/Aline-Maschietto.jpg?fit=1200%2C872&ssl=1&resize=525%2C300 1.5x, https:\/\/i0.wp.com\/ismaelcolosi.com.br\/wp-content\/uploads\/2023\/11\/Aline-Maschietto.jpg?fit=1200%2C872&ssl=1&resize=700%2C400 2x, https:\/\/i0.wp.com\/ismaelcolosi.com.br\/wp-content\/uploads\/2023\/11\/Aline-Maschietto.jpg?fit=1200%2C872&ssl=1&resize=1050%2C600 3x"},"classes":[]},{"id":8149,"url":"https:\/\/ismaelcolosi.com.br\/index.php\/2023\/11\/29\/saiba-quem-e-a-mulher-envolvida-em-escandalo-na-espanha-e-procurada-em-ribeirao-preto\/","url_meta":{"origin":69908,"position":5},"title":"Saiba quem \u00e9 a mulher envolvida em esc\u00e2ndalo na Espanha e procurada em Ribeir\u00e3o Preto","author":"ismaelcolosi.com.br","date":"29 de November de 2023","format":false,"excerpt":"A brasileira Aline Fernanda de Siqueira Maschietto, de 37 anos, est\u00e1 envolvida em um esc\u00e2ndalo na Espanha, no qual acusou o filho do presidente do Tribunal Constitucional \u2013 equivalente ao STF no Brasil \u2013 por suposto abuso sexual. J\u00e1 em Ribeir\u00e3o Preto, a mulher \u00e9 alvo de um mandado de\u2026","rel":"","context":"In &quot;Not\u00edcias de Ribeir\u00e3o Preto-SP e Regi\u00e3o&quot;","block_context":{"text":"Not\u00edcias de Ribeir\u00e3o Preto-SP e Regi\u00e3o","link":"https:\/\/ismaelcolosi.com.br\/index.php\/category\/noticias-de-ribeirao-preto-sp-e-regiao-ismael-colosi\/"},"img":{"alt_text":"","src":"https:\/\/i0.wp.com\/ismaelcolosi.com.br\/wp-content\/uploads\/2023\/11\/1701282821_Aline-Maschietto.jpg?fit=1200%2C872&ssl=1&resize=350%2C200","width":350,"height":200,"srcset":"https:\/\/i0.wp.com\/ismaelcolosi.com.br\/wp-content\/uploads\/2023\/11\/1701282821_Aline-Maschietto.jpg?fit=1200%2C872&ssl=1&resize=350%2C200 1x, https:\/\/i0.wp.com\/ismaelcolosi.com.br\/wp-content\/uploads\/2023\/11\/1701282821_Aline-Maschietto.jpg?fit=1200%2C872&ssl=1&resize=525%2C300 1.5x, https:\/\/i0.wp.com\/ismaelcolosi.com.br\/wp-content\/uploads\/2023\/11\/1701282821_Aline-Maschietto.jpg?fit=1200%2C872&ssl=1&resize=700%2C400 2x, https:\/\/i0.wp.com\/ismaelcolosi.com.br\/wp-content\/uploads\/2023\/11\/1701282821_Aline-Maschietto.jpg?fit=1200%2C872&ssl=1&resize=1050%2C600 3x"},"classes":[]}],"jetpack_sharing_enabled":true,"jetpack_shortlink":"https:\/\/wp.me\/pfMlyK-iby","_links":{"self":[{"href":"https:\/\/ismaelcolosi.com.br\/index.php\/wp-json\/wp\/v2\/posts\/69908","targetHints":{"allow":["GET"]}}],"collection":[{"href":"https:\/\/ismaelcolosi.com.br\/index.php\/wp-json\/wp\/v2\/posts"}],"about":[{"href":"https:\/\/ismaelcolosi.com.br\/index.php\/wp-json\/wp\/v2\/types\/post"}],"author":[{"embeddable":true,"href":"https:\/\/ismaelcolosi.com.br\/index.php\/wp-json\/wp\/v2\/users\/1"}],"replies":[{"embeddable":true,"href":"https:\/\/ismaelcolosi.com.br\/index.php\/wp-json\/wp\/v2\/comments?post=69908"}],"version-history":[{"count":0,"href":"https:\/\/ismaelcolosi.com.br\/index.php\/wp-json\/wp\/v2\/posts\/69908\/revisions"}],"wp:featuredmedia":[{"embeddable":true,"href":"https:\/\/ismaelcolosi.com.br\/index.php\/wp-json\/wp\/v2\/media\/69909"}],"wp:attachment":[{"href":"https:\/\/ismaelcolosi.com.br\/index.php\/wp-json\/wp\/v2\/media?parent=69908"}],"wp:term":[{"taxonomy":"category","embeddable":true,"href":"https:\/\/ismaelcolosi.com.br\/index.php\/wp-json\/wp\/v2\/categories?post=69908"},{"taxonomy":"post_tag","embeddable":true,"href":"https:\/\/ismaelcolosi.com.br\/index.php\/wp-json\/wp\/v2\/tags?post=69908"}],"curies":[{"name":"wp","href":"https:\/\/api.w.org\/{rel}","templated":true}]}}