{"id":69895,"date":"2024-10-08T15:54:51","date_gmt":"2024-10-08T18:54:51","guid":{"rendered":"https:\/\/ismaelcolosi.com.br\/index.php\/2024\/10\/08\/entenda-negocio-milionario-envolvendo-redes-de-supermercados-em-ribeirao-preto\/"},"modified":"2024-10-08T15:54:51","modified_gmt":"2024-10-08T18:54:51","slug":"entenda-negocio-milionario-envolvendo-redes-de-supermercados-em-ribeirao-preto","status":"publish","type":"post","link":"https:\/\/ismaelcolosi.com.br\/index.php\/2024\/10\/08\/entenda-negocio-milionario-envolvendo-redes-de-supermercados-em-ribeirao-preto\/","title":{"rendered":"Entenda neg\u00f3cio milion\u00e1rio envolvendo redes de supermercados em Ribeir\u00e3o Preto"},"content":{"rendered":"<p> <br \/>\n<\/p>\n<div>\n<p>A negocia\u00e7\u00e3o envolvendo o Grupo Solar, dono do supermercado<strong> Alma Julia<\/strong>, em Ribeir\u00e3o Preto, e a Rede de Supermercados <strong>Pague Menos<\/strong>, envolve uma opera\u00e7\u00e3o de investimento, chamada de DIP Financing, que conta com <mark style=\"background-color:#fcb900\" class=\"has-inline-color has-black-color\">aporte de R$ 22 milh\u00f5es<\/mark>, aprovado pela Justi\u00e7a, realizado na \u00faltima segunda-feira (7).<\/p>\n<p>De acordo com a empresa de consultoria Triunfae e com o escrit\u00f3rio Galdino, Pimenta, Takemi, Ayoub, Salgueiro, Rezende de Almeida, respons\u00e1veis pela opera\u00e7\u00e3o, <mark style=\"background-color:#fcb900\" class=\"has-inline-color has-black-color\">esse recurso ser\u00e1 utilizado para pagamento dos credores com aliena\u00e7\u00e3o fiduci\u00e1ria do pr\u00e9dio do Alma Julia, em Ribeir\u00e3o Preto.<\/mark><\/p>\n<p>O acordo tamb\u00e9m contou com parecer do consultor Manoel de Queiroz Pereira Cal\u00e7as e foi publicado pela Justi\u00e7a na \u00faltima sexta-feira (4), data em que o Alma Julia anunciou o encerramento das atividades em Ribeir\u00e3o Preto. A negocia\u00e7\u00e3o tem como garantia o fundo de com\u00e9rcio do Alma Julia para o Pague Menos.<\/p>\n<p>Na segunda-feira, o Pague Menos, que tem sede em Santa B\u00e1rbara d\u2019Oeste, anunciou a chegada a Ribeir\u00e3o Preto. Contudo, ainda n\u00e3o h\u00e1 previs\u00e3o de in\u00edcio das atividades.<\/p>\n<h4 class=\"wp-block-heading\"><strong>O que acontece agora?<\/strong><\/h4>\n<p>Com o investimento aprovado, o fundo de com\u00e9rcio ser\u00e1 dado em pagamento ao Pague Menos, que passar\u00e1 a ter o direito de ocupar o im\u00f3vel, que fica na avenida Jo\u00e3o Fi\u00fasa, na zona Sul de Ribeir\u00e3o Preto, contudo o pr\u00e9dio volta a fazer parte do patrim\u00f4nio do Grupo Solar. Al\u00e9m disso, a nova rede pagar\u00e1 R$ 100 mil por m\u00eas pela loca\u00e7\u00e3o do im\u00f3vel.\u00a0<\/p>\n<p>\u201cO complexo j\u00e1 estava em aliena\u00e7\u00e3o fiduci\u00e1ria para dois credores, Bradesco e a Root Capital (que adquiriu o cr\u00e9dito do Ita\u00fa). N\u00f3s negociamos o DIP financing com a rede Pague Menos, que possibilitar\u00e1 o pagamento aos dois credores\u201d, explica Andr\u00e9 Rocha, s\u00f3cio-fundador da Triunfae.<\/p>\n<p>SAIBA MAIS<br \/>Combust\u00edvel do Futuro: Investimentos podem chegar a R$ 260 bilh\u00f5es<\/p>\n<h4 class=\"wp-block-heading\"><strong>FIQUE ON<\/strong><\/h4>\n<p>Fique ligado em tudo que acontece em Ribeir\u00e3o Preto e regi\u00e3o. Siga os perfis do<strong> acidade on<\/strong> no <a href=\"https:\/\/www.instagram.com\/acidadeonribeirao\" target=\"_blank\" rel=\"noreferrer noopener nofollow\">Instagram <\/a>e no <a href=\"https:\/\/www.facebook.com\/acidadeonribeirao\/\" target=\"_blank\" rel=\"noreferrer noopener nofollow\">Facebook.<\/a><\/p>\n<p>Receba not\u00edcias do<strong> acidade on<\/strong> no WhatsApp.<a href=\"https:\/\/chat.whatsapp.com\/Fg4ok3aAVyB59DP63pRapr\" target=\"_blank\" rel=\"noreferrer noopener nofollow\"> Para entrar no grupo, basta clicar aqui.<\/a><\/p>\n<p>Fa\u00e7a uma den\u00fancia ou sugira uma reportagem sobre Ribeir\u00e3o Preto e regi\u00e3o pelo WhatsApp: 16 99117 7802.<\/p>\n<p>VEJA TAMB\u00c9M<br \/>Quando Lula vai decidir a volta do hor\u00e1rio de ver\u00e3o?<\/p>\n<p><!-- CONTENT END 1 -->\n<\/div>\n<p><script async src=\"\/\/www.instagram.com\/embed.js\"><\/script><br \/>\n<br \/><br \/>\n<br \/><a href=\"https:\/\/www.acidadeon.com\/ribeiraopreto\/economia\/entenda-negocio-milionario-envolvendo-redes-de-supermercados-em-ribeirao-preto\/\">Source link <\/a><\/p>\n","protected":false},"excerpt":{"rendered":"<p>A negocia\u00e7\u00e3o envolvendo o Grupo Solar, dono do supermercado Alma Julia, em Ribeir\u00e3o Preto, e a Rede de Supermercados Pague Menos, envolve uma opera\u00e7\u00e3o de&#8230;<\/p>\n","protected":false},"author":1,"featured_media":58507,"comment_status":"open","ping_status":"open","sticky":false,"template":"","format":"standard","meta":{"_uag_custom_page_level_css":"","advanced_seo_description":"","jetpack_seo_html_title":"","jetpack_seo_noindex":false,"jetpack_post_was_ever_published":false,"_jetpack_newsletter_access":"","_jetpack_dont_email_post_to_subs":false,"_jetpack_newsletter_tier_id":0,"_jetpack_memberships_contains_paywalled_content":false,"_jetpack_memberships_contains_paid_content":false,"footnotes":"","jetpack_publicize_message":"","jetpack_publicize_feature_enabled":true,"jetpack_social_post_already_shared":true,"jetpack_social_options":{"image_generator_settings":{"template":"highway","default_image_id":0,"font":"","enabled":false},"version":2}},"categories":[11],"tags":[],"class_list":["post-69895","post","type-post","status-publish","format-standard","has-post-thumbnail","hentry","category-noticias-de-ribeirao-preto-sp-e-regiao-ismael-colosi"],"jetpack_publicize_connections":[],"jetpack_featured_media_url":"https:\/\/i0.wp.com\/ismaelcolosi.com.br\/wp-content\/uploads\/2024\/07\/alma-julia-ribeirao-preto_2024-07-31_15-00-40_jpg_2024-07-31_15-00-40.webp.webp?fit=1078%2C677&ssl=1","uagb_featured_image_src":{"full":["https:\/\/i0.wp.com\/ismaelcolosi.com.br\/wp-content\/uploads\/2024\/07\/alma-julia-ribeirao-preto_2024-07-31_15-00-40_jpg_2024-07-31_15-00-40.webp.webp?fit=1078%2C677&ssl=1",1078,677,false],"thumbnail":["https:\/\/i0.wp.com\/ismaelcolosi.com.br\/wp-content\/uploads\/2024\/07\/alma-julia-ribeirao-preto_2024-07-31_15-00-40_jpg_2024-07-31_15-00-40.webp.webp?resize=150%2C150&ssl=1",150,150,true],"medium":["https:\/\/i0.wp.com\/ismaelcolosi.com.br\/wp-content\/uploads\/2024\/07\/alma-julia-ribeirao-preto_2024-07-31_15-00-40_jpg_2024-07-31_15-00-40.webp.webp?fit=300%2C188&ssl=1",300,188,true],"medium_large":["https:\/\/i0.wp.com\/ismaelcolosi.com.br\/wp-content\/uploads\/2024\/07\/alma-julia-ribeirao-preto_2024-07-31_15-00-40_jpg_2024-07-31_15-00-40.webp.webp?fit=768%2C482&ssl=1",768,482,true],"large":["https:\/\/i0.wp.com\/ismaelcolosi.com.br\/wp-content\/uploads\/2024\/07\/alma-julia-ribeirao-preto_2024-07-31_15-00-40_jpg_2024-07-31_15-00-40.webp.webp?fit=1024%2C643&ssl=1",1024,643,true],"1536x1536":["https:\/\/i0.wp.com\/ismaelcolosi.com.br\/wp-content\/uploads\/2024\/07\/alma-julia-ribeirao-preto_2024-07-31_15-00-40_jpg_2024-07-31_15-00-40.webp.webp?fit=1078%2C677&ssl=1",1078,677,true],"2048x2048":["https:\/\/i0.wp.com\/ismaelcolosi.com.br\/wp-content\/uploads\/2024\/07\/alma-julia-ribeirao-preto_2024-07-31_15-00-40_jpg_2024-07-31_15-00-40.webp.webp?fit=1078%2C677&ssl=1",1078,677,true],"really-simple-thumb":["https:\/\/i0.wp.com\/ismaelcolosi.com.br\/wp-content\/uploads\/2024\/07\/alma-julia-ribeirao-preto_2024-07-31_15-00-40_jpg_2024-07-31_15-00-40.webp.webp?resize=370%2C247&ssl=1",370,247,true]},"uagb_author_info":{"display_name":"ismaelcolosi.com.br","author_link":"https:\/\/ismaelcolosi.com.br\/index.php\/author\/vidareal-online\/"},"uagb_comment_info":0,"uagb_excerpt":"A negocia\u00e7\u00e3o envolvendo o Grupo Solar, dono do supermercado Alma Julia, em Ribeir\u00e3o Preto, e a Rede de Supermercados Pague Menos, envolve uma opera\u00e7\u00e3o de...","jetpack-related-posts":[{"id":69373,"url":"https:\/\/ismaelcolosi.com.br\/index.php\/2024\/10\/04\/supermercado-em-ribeirao-preto-anuncia-fim-das-atividades\/","url_meta":{"origin":69895,"position":0},"title":"Supermercado em Ribeir\u00e3o Preto anuncia fim das atividades","author":"ismaelcolosi.com.br","date":"4 de October de 2024","format":false,"excerpt":"O\u00a0Grupo Solar Supermercados, propriet\u00e1rio do\u00a0Alma Julia, em\u00a0Ribeir\u00e3o Preto, divulgou o fim das atividades na cidade. O an\u00fancio foi feito por meio das redes sociais do grupo, na tarde desta sexta-feira (4). De acordo com o setor de comunica\u00e7\u00e3o do Grupo Solar, uma nova rede vai assumir o fundo de com\u00e9rcio\u2026","rel":"","context":"In &quot;Not\u00edcias de Ribeir\u00e3o Preto-SP e Regi\u00e3o&quot;","block_context":{"text":"Not\u00edcias de Ribeir\u00e3o Preto-SP e Regi\u00e3o","link":"https:\/\/ismaelcolosi.com.br\/index.php\/category\/noticias-de-ribeirao-preto-sp-e-regiao-ismael-colosi\/"},"img":{"alt_text":"","src":"https:\/\/i0.wp.com\/ismaelcolosi.com.br\/wp-content\/uploads\/2024\/10\/alma-julia-ribeirao-preto_2024-07-31_15-00-40_jpg_2024-07-31_15-00-40-1024x643-1_2024-10-04_22-32-37.webp.webp?fit=1024%2C643&ssl=1&resize=350%2C200","width":350,"height":200,"srcset":"https:\/\/i0.wp.com\/ismaelcolosi.com.br\/wp-content\/uploads\/2024\/10\/alma-julia-ribeirao-preto_2024-07-31_15-00-40_jpg_2024-07-31_15-00-40-1024x643-1_2024-10-04_22-32-37.webp.webp?fit=1024%2C643&ssl=1&resize=350%2C200 1x, https:\/\/i0.wp.com\/ismaelcolosi.com.br\/wp-content\/uploads\/2024\/10\/alma-julia-ribeirao-preto_2024-07-31_15-00-40_jpg_2024-07-31_15-00-40-1024x643-1_2024-10-04_22-32-37.webp.webp?fit=1024%2C643&ssl=1&resize=525%2C300 1.5x, https:\/\/i0.wp.com\/ismaelcolosi.com.br\/wp-content\/uploads\/2024\/10\/alma-julia-ribeirao-preto_2024-07-31_15-00-40_jpg_2024-07-31_15-00-40-1024x643-1_2024-10-04_22-32-37.webp.webp?fit=1024%2C643&ssl=1&resize=700%2C400 2x"},"classes":[]},{"id":69388,"url":"https:\/\/ismaelcolosi.com.br\/index.php\/2024\/10\/04\/supermercado-em-ribeirao-preto-anuncia-fim-das-atividades-2\/","url_meta":{"origin":69895,"position":1},"title":"Supermercado em Ribeir\u00e3o Preto anuncia fim das atividades","author":"ismaelcolosi.com.br","date":"4 de October de 2024","format":false,"excerpt":"O\u00a0Grupo Solar Supermercados, propriet\u00e1rio do\u00a0Alma Julia, em\u00a0Ribeir\u00e3o Preto, divulgou o fim das atividades na cidade. O an\u00fancio foi feito por meio das redes sociais do grupo, na tarde desta sexta-feira (4). De acordo com o setor de comunica\u00e7\u00e3o do Grupo Solar, uma nova rede vai assumir o fundo de com\u00e9rcio\u2026","rel":"","context":"In &quot;Not\u00edcias de Ribeir\u00e3o Preto-SP e Regi\u00e3o&quot;","block_context":{"text":"Not\u00edcias de Ribeir\u00e3o Preto-SP e Regi\u00e3o","link":"https:\/\/ismaelcolosi.com.br\/index.php\/category\/noticias-de-ribeirao-preto-sp-e-regiao-ismael-colosi\/"},"img":{"alt_text":"","src":"https:\/\/i0.wp.com\/ismaelcolosi.com.br\/wp-content\/uploads\/2024\/10\/alma-julia-ribeirao-preto_2024-07-31_15-00-40_jpg_2024-07-31_15-00-40-1024x643-1_2024-10-04_22-32-37.webp.webp?fit=1024%2C643&ssl=1&resize=350%2C200","width":350,"height":200,"srcset":"https:\/\/i0.wp.com\/ismaelcolosi.com.br\/wp-content\/uploads\/2024\/10\/alma-julia-ribeirao-preto_2024-07-31_15-00-40_jpg_2024-07-31_15-00-40-1024x643-1_2024-10-04_22-32-37.webp.webp?fit=1024%2C643&ssl=1&resize=350%2C200 1x, https:\/\/i0.wp.com\/ismaelcolosi.com.br\/wp-content\/uploads\/2024\/10\/alma-julia-ribeirao-preto_2024-07-31_15-00-40_jpg_2024-07-31_15-00-40-1024x643-1_2024-10-04_22-32-37.webp.webp?fit=1024%2C643&ssl=1&resize=525%2C300 1.5x, https:\/\/i0.wp.com\/ismaelcolosi.com.br\/wp-content\/uploads\/2024\/10\/alma-julia-ribeirao-preto_2024-07-31_15-00-40_jpg_2024-07-31_15-00-40-1024x643-1_2024-10-04_22-32-37.webp.webp?fit=1024%2C643&ssl=1&resize=700%2C400 2x"},"classes":[]},{"id":4592,"url":"https:\/\/ismaelcolosi.com.br\/index.php\/2023\/11\/21\/grupo-com-supermercado-em-ribeirao-tem-pedido-de-recuperacao-judicial-aceito\/","url_meta":{"origin":69895,"position":2},"title":"Grupo com supermercado em Ribeir\u00e3o tem pedido de recupera\u00e7\u00e3o judicial aceito","author":"ismaelcolosi.com.br","date":"21 de November de 2023","format":false,"excerpt":"A Justi\u00e7a de Santa Rosa de Viterbo aceitou o pedido de recupera\u00e7\u00e3o judicial do Grupo Solar Supermercados, dono do Alma Julia, de Ribeir\u00e3o Preto. A empresa j\u00e1 tinha tido o pedido de recupera\u00e7\u00e3o judicial negado, ap\u00f3s alegar crise econ\u00f4mica de R$ 135 milh\u00f5es. A decis\u00e3o \u00e9 do juiz Alexandre Cesar\u2026","rel":"","context":"In &quot;Not\u00edcias de Ribeir\u00e3o Preto-SP e Regi\u00e3o&quot;","block_context":{"text":"Not\u00edcias de Ribeir\u00e3o Preto-SP e Regi\u00e3o","link":"https:\/\/ismaelcolosi.com.br\/index.php\/category\/noticias-de-ribeirao-preto-sp-e-regiao-ismael-colosi\/"},"img":{"alt_text":"","src":"https:\/\/i0.wp.com\/ismaelcolosi.com.br\/wp-content\/uploads\/2023\/11\/supermercado-alma-julia.jpg?fit=1200%2C792&ssl=1&resize=350%2C200","width":350,"height":200,"srcset":"https:\/\/i0.wp.com\/ismaelcolosi.com.br\/wp-content\/uploads\/2023\/11\/supermercado-alma-julia.jpg?fit=1200%2C792&ssl=1&resize=350%2C200 1x, https:\/\/i0.wp.com\/ismaelcolosi.com.br\/wp-content\/uploads\/2023\/11\/supermercado-alma-julia.jpg?fit=1200%2C792&ssl=1&resize=525%2C300 1.5x, https:\/\/i0.wp.com\/ismaelcolosi.com.br\/wp-content\/uploads\/2023\/11\/supermercado-alma-julia.jpg?fit=1200%2C792&ssl=1&resize=700%2C400 2x, https:\/\/i0.wp.com\/ismaelcolosi.com.br\/wp-content\/uploads\/2023\/11\/supermercado-alma-julia.jpg?fit=1200%2C792&ssl=1&resize=1050%2C600 3x"},"classes":[]},{"id":72412,"url":"https:\/\/ismaelcolosi.com.br\/index.php\/2024\/10\/21\/rede-de-supermercados-anuncia-contratacoes-em-ribeirao-preto\/","url_meta":{"origin":69895,"position":3},"title":"Rede de supermercados anuncia contrata\u00e7\u00f5es em Ribeir\u00e3o Preto","author":"ismaelcolosi.com.br","date":"21 de October de 2024","format":false,"excerpt":"A rede de supermercados Pague Menos informou que est\u00e1 realizando um processo seletivo para contrata\u00e7\u00e3o de colaboradores para sua nova loja em Ribeir\u00e3o Preto. De acordo com a empresa, s\u00e3o cerca de 100 contrata\u00e7\u00f5es para diversos setores da loja \u2013 veja como participar abaixo. O an\u00fancio da primeira unidade da\u2026","rel":"","context":"In &quot;Not\u00edcias de Ribeir\u00e3o Preto-SP e Regi\u00e3o&quot;","block_context":{"text":"Not\u00edcias de Ribeir\u00e3o Preto-SP e Regi\u00e3o","link":"https:\/\/ismaelcolosi.com.br\/index.php\/category\/noticias-de-ribeirao-preto-sp-e-regiao-ismael-colosi\/"},"img":{"alt_text":"","src":"https:\/\/i0.wp.com\/ismaelcolosi.com.br\/wp-content\/uploads\/2024\/10\/supermercado.jpg?fit=1200%2C800&ssl=1&resize=350%2C200","width":350,"height":200,"srcset":"https:\/\/i0.wp.com\/ismaelcolosi.com.br\/wp-content\/uploads\/2024\/10\/supermercado.jpg?fit=1200%2C800&ssl=1&resize=350%2C200 1x, https:\/\/i0.wp.com\/ismaelcolosi.com.br\/wp-content\/uploads\/2024\/10\/supermercado.jpg?fit=1200%2C800&ssl=1&resize=525%2C300 1.5x, https:\/\/i0.wp.com\/ismaelcolosi.com.br\/wp-content\/uploads\/2024\/10\/supermercado.jpg?fit=1200%2C800&ssl=1&resize=700%2C400 2x, https:\/\/i0.wp.com\/ismaelcolosi.com.br\/wp-content\/uploads\/2024\/10\/supermercado.jpg?fit=1200%2C800&ssl=1&resize=1050%2C600 3x"},"classes":[]},{"id":69756,"url":"https:\/\/ismaelcolosi.com.br\/index.php\/2024\/10\/07\/rede-de-supermercados-anuncia-chegada-a-ribeirao-preto\/","url_meta":{"origin":69895,"position":4},"title":"Rede de supermercados anuncia chegada a Ribeir\u00e3o Preto","author":"ismaelcolosi.com.br","date":"7 de October de 2024","format":false,"excerpt":"A Rede de Supermercados Pague Menos, com sede em Santa B\u00e1rbara d\u2019Oeste, anunciou nesta segunda-feira (7) que vai abrir uma loja em Ribeir\u00e3o Preto. A rede conta com 36 lojas f\u00edsicas em 20 cidades do interior de S\u00e3o Paulo, principalmente nas regi\u00f5es de Piracicaba e Campinas. A rede informou que\u2026","rel":"","context":"In &quot;Not\u00edcias de Ribeir\u00e3o Preto-SP e Regi\u00e3o&quot;","block_context":{"text":"Not\u00edcias de Ribeir\u00e3o Preto-SP e Regi\u00e3o","link":"https:\/\/ismaelcolosi.com.br\/index.php\/category\/noticias-de-ribeirao-preto-sp-e-regiao-ismael-colosi\/"},"img":{"alt_text":"","src":"https:\/\/i0.wp.com\/ismaelcolosi.com.br\/wp-content\/uploads\/2024\/10\/shopping-1165437_1280-1.jpg?fit=1200%2C690&ssl=1&resize=350%2C200","width":350,"height":200,"srcset":"https:\/\/i0.wp.com\/ismaelcolosi.com.br\/wp-content\/uploads\/2024\/10\/shopping-1165437_1280-1.jpg?fit=1200%2C690&ssl=1&resize=350%2C200 1x, https:\/\/i0.wp.com\/ismaelcolosi.com.br\/wp-content\/uploads\/2024\/10\/shopping-1165437_1280-1.jpg?fit=1200%2C690&ssl=1&resize=525%2C300 1.5x, https:\/\/i0.wp.com\/ismaelcolosi.com.br\/wp-content\/uploads\/2024\/10\/shopping-1165437_1280-1.jpg?fit=1200%2C690&ssl=1&resize=700%2C400 2x, https:\/\/i0.wp.com\/ismaelcolosi.com.br\/wp-content\/uploads\/2024\/10\/shopping-1165437_1280-1.jpg?fit=1200%2C690&ssl=1&resize=1050%2C600 3x"},"classes":[]},{"id":58506,"url":"https:\/\/ismaelcolosi.com.br\/index.php\/2024\/07\/31\/grupo-com-supermercado-em-ribeirao-preto-tem-recuperacao-judicial-aprovada\/","url_meta":{"origin":69895,"position":5},"title":"Grupo com supermercado em Ribeir\u00e3o Preto tem recupera\u00e7\u00e3o judicial aprovada","author":"ismaelcolosi.com.br","date":"31 de July de 2024","format":false,"excerpt":"O Grupo Solar Supermercados, propriet\u00e1rio do Alma Julia, em Ribeir\u00e3o Preto, anunciou que teve o plano de recupera\u00e7\u00e3o judicial foi aprovado pela assembleia geral de credores, realizada na \u00faltima ter\u00e7a-feira (30), em Santa Rosa do Viterbo, sede do grupo. Esse \u00e9 o segundo pedido de recupera\u00e7\u00e3o judicial do grupo, que\u2026","rel":"","context":"In &quot;Not\u00edcias de Ribeir\u00e3o Preto-SP e Regi\u00e3o&quot;","block_context":{"text":"Not\u00edcias de Ribeir\u00e3o Preto-SP e Regi\u00e3o","link":"https:\/\/ismaelcolosi.com.br\/index.php\/category\/noticias-de-ribeirao-preto-sp-e-regiao-ismael-colosi\/"},"img":{"alt_text":"","src":"https:\/\/i0.wp.com\/ismaelcolosi.com.br\/wp-content\/uploads\/2024\/07\/alma-julia-ribeirao-preto_2024-07-31_15-00-40_jpg_2024-07-31_15-00-40.webp.webp?fit=1078%2C677&ssl=1&resize=350%2C200","width":350,"height":200,"srcset":"https:\/\/i0.wp.com\/ismaelcolosi.com.br\/wp-content\/uploads\/2024\/07\/alma-julia-ribeirao-preto_2024-07-31_15-00-40_jpg_2024-07-31_15-00-40.webp.webp?fit=1078%2C677&ssl=1&resize=350%2C200 1x, https:\/\/i0.wp.com\/ismaelcolosi.com.br\/wp-content\/uploads\/2024\/07\/alma-julia-ribeirao-preto_2024-07-31_15-00-40_jpg_2024-07-31_15-00-40.webp.webp?fit=1078%2C677&ssl=1&resize=525%2C300 1.5x, https:\/\/i0.wp.com\/ismaelcolosi.com.br\/wp-content\/uploads\/2024\/07\/alma-julia-ribeirao-preto_2024-07-31_15-00-40_jpg_2024-07-31_15-00-40.webp.webp?fit=1078%2C677&ssl=1&resize=700%2C400 2x, https:\/\/i0.wp.com\/ismaelcolosi.com.br\/wp-content\/uploads\/2024\/07\/alma-julia-ribeirao-preto_2024-07-31_15-00-40_jpg_2024-07-31_15-00-40.webp.webp?fit=1078%2C677&ssl=1&resize=1050%2C600 3x"},"classes":[]}],"jetpack_sharing_enabled":true,"jetpack_shortlink":"https:\/\/wp.me\/pfMlyK-ibl","_links":{"self":[{"href":"https:\/\/ismaelcolosi.com.br\/index.php\/wp-json\/wp\/v2\/posts\/69895","targetHints":{"allow":["GET"]}}],"collection":[{"href":"https:\/\/ismaelcolosi.com.br\/index.php\/wp-json\/wp\/v2\/posts"}],"about":[{"href":"https:\/\/ismaelcolosi.com.br\/index.php\/wp-json\/wp\/v2\/types\/post"}],"author":[{"embeddable":true,"href":"https:\/\/ismaelcolosi.com.br\/index.php\/wp-json\/wp\/v2\/users\/1"}],"replies":[{"embeddable":true,"href":"https:\/\/ismaelcolosi.com.br\/index.php\/wp-json\/wp\/v2\/comments?post=69895"}],"version-history":[{"count":0,"href":"https:\/\/ismaelcolosi.com.br\/index.php\/wp-json\/wp\/v2\/posts\/69895\/revisions"}],"wp:featuredmedia":[{"embeddable":true,"href":"https:\/\/ismaelcolosi.com.br\/index.php\/wp-json\/wp\/v2\/media\/58507"}],"wp:attachment":[{"href":"https:\/\/ismaelcolosi.com.br\/index.php\/wp-json\/wp\/v2\/media?parent=69895"}],"wp:term":[{"taxonomy":"category","embeddable":true,"href":"https:\/\/ismaelcolosi.com.br\/index.php\/wp-json\/wp\/v2\/categories?post=69895"},{"taxonomy":"post_tag","embeddable":true,"href":"https:\/\/ismaelcolosi.com.br\/index.php\/wp-json\/wp\/v2\/tags?post=69895"}],"curies":[{"name":"wp","href":"https:\/\/api.w.org\/{rel}","templated":true}]}}