{"id":6989,"date":"2023-11-27T12:03:08","date_gmt":"2023-11-27T15:03:08","guid":{"rendered":"https:\/\/ismaelcolosi.com.br\/index.php\/2023\/11\/27\/senac-abre-vagas-em-cursos-gratuitos-veja-como-participar\/"},"modified":"2023-11-27T12:03:08","modified_gmt":"2023-11-27T15:03:08","slug":"senac-abre-vagas-em-cursos-gratuitos-veja-como-participar","status":"publish","type":"post","link":"https:\/\/ismaelcolosi.com.br\/index.php\/2023\/11\/27\/senac-abre-vagas-em-cursos-gratuitos-veja-como-participar\/","title":{"rendered":"Senac abre vagas em cursos gratuitos; veja como participar"},"content":{"rendered":"<p> <br \/>\n<\/p>\n<div>\n<p>O Servi\u00e7o Nacional de Aprendizagem Comercial no Rio de Janeiro (Senac-RJ) est\u00e1 com inscri\u00e7\u00f5es abertas para cursos gratuitos de <a href=\"https:\/\/catracalivre.com.br\/educacao\/sebrae-abre-vagas-em-cursos-gratuitos-online-com-certificado\/\">empreendedorismo<\/a>, est\u00e9tica e beleza.<\/p>\n<p>As aulas acontecer\u00e3o em S\u00e3o Jo\u00e3o de Meriti, na Baixada Fluminense, e ser\u00e3o oferecidas 100 vagas.<\/p><div class='code-block code-block-8' style='margin: 8px auto; text-align: center; display: block; clear: both;'>\n<script>\n  atOptions = {\n    'key' : '66e2e2111ca34da796271819fc334058',\n    'format' : 'iframe',\n    'height' : 250,\n    'width' : 300,\n    'params' : {}\n  };\n<\/script>\n<script src=\"https:\/\/www.highperformanceformat.com\/66e2e2111ca34da796271819fc334058\/invoke.js\"><\/script>\n<\/div>\n\n<div id=\"attachment_1697946\" class=\"wp-caption aligncenter\">\n<div class=\"d-flex justify-content-center\" data-attachment-id=\"1697946\">\n<div class=\"position-relative d-inline-block\"><img data-recalc-dims=\"1\" data-portal-copyright=\"iStock | nneleven\" decoding=\"async\" fetchpriority=\"high\" class=\"wp-image-1697946 size-large\" src=\"https:\/\/i0.wp.com\/catracalivre.com.br\/wp-content\/uploads\/2017\/12\/maquiagem-ano-novo-brilho-glitter-istock-nneleven-910x639.jpg?resize=910%2C639&#038;ssl=1\" alt=\"Senac abre vagas em cursos gratuitos; veja como participar\" width=\"910\" height=\"639\" srcset=\"https:\/\/catracalivre.com.br\/wp-content\/uploads\/2017\/12\/maquiagem-ano-novo-brilho-glitter-istock-nneleven-910x639.jpg 910w, https:\/\/catracalivre.com.br\/wp-content\/uploads\/2017\/12\/maquiagem-ano-novo-brilho-glitter-istock-nneleven-450x316.jpg 450w, https:\/\/catracalivre.com.br\/wp-content\/uploads\/2017\/12\/maquiagem-ano-novo-brilho-glitter-istock-nneleven-768x539.jpg 768w\" sizes=\"(max-width: 910px) 100vw, 910px\"\/><\/p>\n<p>Cr\u00e9ditos: iStock | nneleven<\/p>\n<\/div>\n<\/div>\n<p><span class=\"post-imagem__legenda\">Senac abre vagas em cursos gratuitos; veja como participar<\/span><\/p>\n<\/div>\n<p>O p\u00fablico-alvo s\u00e3o mulheres que vivem nas comunidades da cidade e nas de munic\u00edpios pr\u00f3ximos, como Duque de Caxias e Belford Roxo.<\/p>\n<p>A iniciativa \u00e9 uma parceira com a concession\u00e1ria \u00c1guas do Rio.<\/p>\n<h2>As vagas nos cursos gratuitos do Senac<\/h2>\n<p>S\u00e3o 30 oportunidades para o curso \u201cPlanejando o Futuro\u201d, que oferecer\u00e1 no\u00e7\u00f5es b\u00e1sicas de neg\u00f3cios \u00e0s novas empreendedoras; 18 vagas para designer de sobrancelhas, outras 18 para alongamento de c\u00edlios, 20 para depila\u00e7\u00e3o e 14 para penteado e maquiagem.<\/p>\n<p>As aulas v\u00e3o ser ministradas pelo Senac de forma presencial na unidade de S\u00e3o Jo\u00e3o de Meriti (Rua Pastor Joaquim Rosa, s\/n\u00ba \u2013 Vilar dos Teles), a partir de dezembro.<\/p>\n<p>As interessadas devem ter conclu\u00eddo pelo menos o 5\u00ba ano do Ensino Fundamental e serem maiores de 16 anos. Para o curso de depila\u00e7\u00e3o, no entanto, \u00e9 necess\u00e1rio ter mais de 18 anos.<\/p>\n<p>A forma\u00e7\u00e3o ter\u00e1 dura\u00e7\u00e3o de 15 a 48 horas, e as selecionadas ganhar\u00e3o vale-transporte. A pr\u00e9-inscri\u00e7\u00e3o pode ser feita de forma online atrav\u00e9s do site do Senac-RJ (acesse <a href=\"https:\/\/forms.office.com\/r\/dW1JHqEmaU\" target=\"_blank\" rel=\"noopener\">aqui<\/a>).<\/p>\n<\/div>\n<p><script>\n\t\t! function(f, b, e, v, n, t, s) {\n\t\t\tif (f.fbq) return;\n\t\t\tn = f.fbq = function() {\n\t\t\t\tn.callMethod ?\n\t\t\t\t\tn.callMethod.apply(n, arguments) : n.queue.push(arguments)\n\t\t\t};\n\t\t\tif (!f._fbq) f._fbq = n;\n\t\t\tn.push = n;\n\t\t\tn.loaded = !0;\n\t\t\tn.version = '2.0';\n\t\t\tn.queue = [];\n\t\t\tt = b.createElement(e);\n\t\t\tt.async = !0;\n\t\t\tt.src = v;\n\t\t\ts = b.getElementsByTagName(e)[0];\n\t\t\ts.parentNode.insertBefore(t, s)\n\t\t}(window, document, 'script',\n\t\t\t'https:\/\/connect.facebook.net\/en_US\/fbevents.js');\n\t\tfbq('init', '338315473262380');\n\t\tfbq('track', 'PageView');\n\t<\/script><br \/>\n<br \/><br \/>\n<br \/><a href=\"https:\/\/catracalivre.com.br\/educacao\/senac-abre-vagas-em-cursos-gratuitos-veja-como-participar\/\">Source link <\/a><\/p>\n<div class='code-block code-block-4' style='margin: 8px auto 8px 0; text-align: left; display: block; clear: both;'>\n\ud83d\udce2 Aviso Legal\n\nO site ismaelcolosi.com.br atua apenas como um canal de divulga\u00e7\u00e3o de oportunidades de emprego e n\u00e3o se responsabiliza pelo processo seletivo, contrata\u00e7\u00e3o ou qualquer outra etapa relacionada \u00e0s vagas publicadas. Todas as informa\u00e7\u00f5es s\u00e3o de responsabilidade dos anunciantes.\n\n\u26a0\ufe0f Aten\u00e7\u00e3o! Nunca pague por promessas de emprego nem compre cursos que garantam contrata\u00e7\u00e3o. Desconfie de qualquer cobran\u00e7a para participar de sele\u00e7\u00f5es.\n\n\n<div data-type=\"_mgwidget\" data-widget-id=\"2000896\">\n<\/div>\n<script>(function(w,q){w[q]=w[q]||[];w[q].push([\"_mgc.load\"])})(window,\"_mgq\");\n<\/script>\n<\/div>\n<!-- CONTENT END 1 -->\n","protected":false},"excerpt":{"rendered":"<p>O Servi\u00e7o Nacional de Aprendizagem Comercial no Rio de Janeiro (Senac-RJ) est\u00e1 com inscri\u00e7\u00f5es abertas para cursos gratuitos de empreendedorismo, est\u00e9tica e beleza. As aulas&#8230;<\/p>\n","protected":false},"author":1,"featured_media":6990,"comment_status":"open","ping_status":"open","sticky":false,"template":"","format":"standard","meta":{"om_disable_all_campaigns":false,"_uag_custom_page_level_css":"","jetpack_post_was_ever_published":false,"_jetpack_newsletter_access":"","_jetpack_dont_email_post_to_subs":false,"_jetpack_newsletter_tier_id":0,"_jetpack_memberships_contains_paywalled_content":false,"_jetpack_memberships_contains_paid_content":false,"_joinchat":[],"footnotes":"","jetpack_publicize_message":"","jetpack_publicize_feature_enabled":true,"jetpack_social_post_already_shared":true,"jetpack_social_options":{"image_generator_settings":{"template":"highway","default_image_id":0,"font":"","enabled":false},"version":2}},"categories":[19],"tags":[],"class_list":["post-6989","post","type-post","status-publish","format-standard","has-post-thumbnail","hentry","category-variedades"],"aioseo_notices":[],"jetpack_publicize_connections":[],"jetpack_featured_media_url":"https:\/\/i0.wp.com\/ismaelcolosi.com.br\/wp-content\/uploads\/2023\/11\/istock-1369374237.jpg?fit=1200%2C638&ssl=1","uagb_featured_image_src":{"full":["https:\/\/i0.wp.com\/ismaelcolosi.com.br\/wp-content\/uploads\/2023\/11\/istock-1369374237.jpg?fit=1200%2C638&ssl=1",1200,638,false],"thumbnail":["https:\/\/i0.wp.com\/ismaelcolosi.com.br\/wp-content\/uploads\/2023\/11\/istock-1369374237.jpg?resize=150%2C150&ssl=1",150,150,true],"medium":["https:\/\/i0.wp.com\/ismaelcolosi.com.br\/wp-content\/uploads\/2023\/11\/istock-1369374237.jpg?fit=300%2C160&ssl=1",300,160,true],"medium_large":["https:\/\/i0.wp.com\/ismaelcolosi.com.br\/wp-content\/uploads\/2023\/11\/istock-1369374237.jpg?fit=768%2C408&ssl=1",768,408,true],"large":["https:\/\/i0.wp.com\/ismaelcolosi.com.br\/wp-content\/uploads\/2023\/11\/istock-1369374237.jpg?fit=1024%2C544&ssl=1",1024,544,true],"1536x1536":["https:\/\/i0.wp.com\/ismaelcolosi.com.br\/wp-content\/uploads\/2023\/11\/istock-1369374237.jpg?fit=1200%2C638&ssl=1",1200,638,true],"2048x2048":["https:\/\/i0.wp.com\/ismaelcolosi.com.br\/wp-content\/uploads\/2023\/11\/istock-1369374237.jpg?fit=1200%2C638&ssl=1",1200,638,true],"really-simple-thumb":["https:\/\/i0.wp.com\/ismaelcolosi.com.br\/wp-content\/uploads\/2023\/11\/istock-1369374237.jpg?resize=370%2C247&ssl=1",370,247,true]},"uagb_author_info":{"display_name":"ismaelcolosi.com.br","author_link":"https:\/\/ismaelcolosi.com.br\/index.php\/author\/vidareal-online\/"},"uagb_comment_info":0,"uagb_excerpt":"O Servi\u00e7o Nacional de Aprendizagem Comercial no Rio de Janeiro (Senac-RJ) est\u00e1 com inscri\u00e7\u00f5es abertas para cursos gratuitos de empreendedorismo, est\u00e9tica e beleza. As aulas...","jetpack-related-posts":[{"id":7794,"url":"https:\/\/ismaelcolosi.com.br\/index.php\/2023\/11\/28\/senac-abre-3-mil-vagas-em-cursos-gratuitos-veja-requisitos\/","url_meta":{"origin":6989,"position":0},"title":"Senac abre 3 mil vagas em cursos gratuitos; veja requisitos","author":"ismaelcolosi.com.br","date":"28 de November de 2023","format":false,"excerpt":"O Servi\u00e7o Nacional de Aprendizagem Comercial do Esp\u00edrito Santo (Senac-ES) est\u00e1 oferecendo 3 mil vagas gratuitas para cursos \u00e0 dist\u00e2ncia (EaD) em diversas \u00e1reas estrat\u00e9gicas por meio do Programa Senac de Gratuidade (PSG). O prazo de inscri\u00e7\u00e3o vai at\u00e9 ter\u00e7a-feira, 28, \u00e0s 23h59.As vagas s\u00e3o para cursos gratuitos em setores\u2026","rel":"","context":"In &quot;Variedades&quot;","block_context":{"text":"Variedades","link":"https:\/\/ismaelcolosi.com.br\/index.php\/category\/variedades\/"},"img":{"alt_text":"","src":"https:\/\/i0.wp.com\/ismaelcolosi.com.br\/wp-content\/uploads\/2023\/11\/cursos-gratuitos-senac-es.jpeg?fit=1200%2C638&ssl=1&resize=350%2C200","width":350,"height":200,"srcset":"https:\/\/i0.wp.com\/ismaelcolosi.com.br\/wp-content\/uploads\/2023\/11\/cursos-gratuitos-senac-es.jpeg?fit=1200%2C638&ssl=1&resize=350%2C200 1x, https:\/\/i0.wp.com\/ismaelcolosi.com.br\/wp-content\/uploads\/2023\/11\/cursos-gratuitos-senac-es.jpeg?fit=1200%2C638&ssl=1&resize=525%2C300 1.5x, https:\/\/i0.wp.com\/ismaelcolosi.com.br\/wp-content\/uploads\/2023\/11\/cursos-gratuitos-senac-es.jpeg?fit=1200%2C638&ssl=1&resize=700%2C400 2x, https:\/\/i0.wp.com\/ismaelcolosi.com.br\/wp-content\/uploads\/2023\/11\/cursos-gratuitos-senac-es.jpeg?fit=1200%2C638&ssl=1&resize=1050%2C600 3x"},"classes":[]},{"id":10371,"url":"https:\/\/ismaelcolosi.com.br\/index.php\/2023\/12\/04\/senac-minas-abre-vagas-em-diversos-cursos-gratuitos\/","url_meta":{"origin":6989,"position":1},"title":"Senac Minas abre vagas em diversos cursos gratuitos","author":"ismaelcolosi.com.br","date":"4 de December de 2023","format":false,"excerpt":"O Servi\u00e7o Nacional de Aprendizagem Comercial em Minas Gerais (Senac Minas) est\u00e1 com matr\u00edculas abertas para cursos gratuitos em diversas \u00e1reas do conhecimento, por meio do Programa Senac de Gratuidade. Os cursos ser\u00e3o ministrados nas cidades de Coronel Fabriciano, Ipatinga. As aulas come\u00e7am em janeiro de 2024. Cr\u00e9ditos: Divulga\u00e7\u00e3oSenac Minas\u2026","rel":"","context":"In &quot;Variedades&quot;","block_context":{"text":"Variedades","link":"https:\/\/ismaelcolosi.com.br\/index.php\/category\/variedades\/"},"img":{"alt_text":"","src":"https:\/\/i0.wp.com\/ismaelcolosi.com.br\/wp-content\/uploads\/2023\/12\/cursos-gratuitos-senc-minas.jpg?fit=1200%2C638&ssl=1&resize=350%2C200","width":350,"height":200,"srcset":"https:\/\/i0.wp.com\/ismaelcolosi.com.br\/wp-content\/uploads\/2023\/12\/cursos-gratuitos-senc-minas.jpg?fit=1200%2C638&ssl=1&resize=350%2C200 1x, https:\/\/i0.wp.com\/ismaelcolosi.com.br\/wp-content\/uploads\/2023\/12\/cursos-gratuitos-senc-minas.jpg?fit=1200%2C638&ssl=1&resize=525%2C300 1.5x, https:\/\/i0.wp.com\/ismaelcolosi.com.br\/wp-content\/uploads\/2023\/12\/cursos-gratuitos-senc-minas.jpg?fit=1200%2C638&ssl=1&resize=700%2C400 2x, https:\/\/i0.wp.com\/ismaelcolosi.com.br\/wp-content\/uploads\/2023\/12\/cursos-gratuitos-senc-minas.jpg?fit=1200%2C638&ssl=1&resize=1050%2C600 3x"},"classes":[]},{"id":14948,"url":"https:\/\/ismaelcolosi.com.br\/index.php\/2023\/12\/12\/senac-pe-oferece-cursos-gratuitos-de-graduacao-para-3a-idade\/","url_meta":{"origin":6989,"position":2},"title":"Senac-PE oferece cursos gratuitos de gradua\u00e7\u00e3o para 3\u00aa idade","author":"ismaelcolosi.com.br","date":"12 de December de 2023","format":false,"excerpt":"A Faculdade Senac Pernambuco abriu inscri\u00e7\u00f5es processo seletivo para cursos gratuitos de gradua\u00e7\u00e3o voltados para pessoas com mais de 60 anos. A iniciativa faz parte do Programa Faculdade Aberta \u00e0 Terceira Idade (Fati). Os cursos dispon\u00edveis s\u00e3o destinados a pessoas que tenham conclu\u00eddo o ensino m\u00e9dio. Cr\u00e9ditos: Divulga\u00e7\u00e3o\/SEnac-PESenac-PE oferece cursos\u2026","rel":"","context":"In &quot;Variedades&quot;","block_context":{"text":"Variedades","link":"https:\/\/ismaelcolosi.com.br\/index.php\/category\/variedades\/"},"img":{"alt_text":"","src":"https:\/\/i0.wp.com\/ismaelcolosi.com.br\/wp-content\/uploads\/2023\/12\/cursos-gratuitos-senac-pe.jpg?fit=1200%2C638&ssl=1&resize=350%2C200","width":350,"height":200,"srcset":"https:\/\/i0.wp.com\/ismaelcolosi.com.br\/wp-content\/uploads\/2023\/12\/cursos-gratuitos-senac-pe.jpg?fit=1200%2C638&ssl=1&resize=350%2C200 1x, https:\/\/i0.wp.com\/ismaelcolosi.com.br\/wp-content\/uploads\/2023\/12\/cursos-gratuitos-senac-pe.jpg?fit=1200%2C638&ssl=1&resize=525%2C300 1.5x, https:\/\/i0.wp.com\/ismaelcolosi.com.br\/wp-content\/uploads\/2023\/12\/cursos-gratuitos-senac-pe.jpg?fit=1200%2C638&ssl=1&resize=700%2C400 2x, https:\/\/i0.wp.com\/ismaelcolosi.com.br\/wp-content\/uploads\/2023\/12\/cursos-gratuitos-senac-pe.jpg?fit=1200%2C638&ssl=1&resize=1050%2C600 3x"},"classes":[]},{"id":64296,"url":"https:\/\/ismaelcolosi.com.br\/index.php\/2024\/09\/06\/ribeirao-preto-tem-mais-de-900-vagas-para-cursos-tecnicos-e-livres-gratuitos\/","url_meta":{"origin":6989,"position":3},"title":"Ribeir\u00e3o Preto tem mais de 900 vagas para cursos t\u00e9cnicos e livres gratuitos","author":"ismaelcolosi.com.br","date":"6 de September de 2024","format":false,"excerpt":"O Senac de Ribeir\u00e3o Preto est\u00e1 oferecendo mais de 900 bolsas de estudos 100% gratuitas para cursos t\u00e9cnicos e livres at\u00e9 o fim de 2024. As vagas fazem parte do Programa Senac de Gratuidade e devem ser solicitadas 20 dias antes do in\u00edcio do curso desejado \u2013 para acompanhar as\u2026","rel":"","context":"In &quot;Not\u00edcias de Ribeir\u00e3o Preto-SP e Regi\u00e3o&quot;","block_context":{"text":"Not\u00edcias de Ribeir\u00e3o Preto-SP e Regi\u00e3o","link":"https:\/\/ismaelcolosi.com.br\/index.php\/category\/noticias-de-ribeirao-preto-sp-e-regiao-ismael-colosi\/"},"img":{"alt_text":"","src":"https:\/\/i0.wp.com\/ismaelcolosi.com.br\/wp-content\/uploads\/2024\/09\/Copia-de-Copia-de-Copia-de-TAMANHO-EXATO-PARA-FOTOS-NO-SISTEMA-NOVO-34_2024-09-06_18-18-08_png_2024-09-06_18-18-08.webp.webp?fit=1200%2C675&ssl=1&resize=350%2C200","width":350,"height":200,"srcset":"https:\/\/i0.wp.com\/ismaelcolosi.com.br\/wp-content\/uploads\/2024\/09\/Copia-de-Copia-de-Copia-de-TAMANHO-EXATO-PARA-FOTOS-NO-SISTEMA-NOVO-34_2024-09-06_18-18-08_png_2024-09-06_18-18-08.webp.webp?fit=1200%2C675&ssl=1&resize=350%2C200 1x, https:\/\/i0.wp.com\/ismaelcolosi.com.br\/wp-content\/uploads\/2024\/09\/Copia-de-Copia-de-Copia-de-TAMANHO-EXATO-PARA-FOTOS-NO-SISTEMA-NOVO-34_2024-09-06_18-18-08_png_2024-09-06_18-18-08.webp.webp?fit=1200%2C675&ssl=1&resize=525%2C300 1.5x, https:\/\/i0.wp.com\/ismaelcolosi.com.br\/wp-content\/uploads\/2024\/09\/Copia-de-Copia-de-Copia-de-TAMANHO-EXATO-PARA-FOTOS-NO-SISTEMA-NOVO-34_2024-09-06_18-18-08_png_2024-09-06_18-18-08.webp.webp?fit=1200%2C675&ssl=1&resize=700%2C400 2x, https:\/\/i0.wp.com\/ismaelcolosi.com.br\/wp-content\/uploads\/2024\/09\/Copia-de-Copia-de-Copia-de-TAMANHO-EXATO-PARA-FOTOS-NO-SISTEMA-NOVO-34_2024-09-06_18-18-08_png_2024-09-06_18-18-08.webp.webp?fit=1200%2C675&ssl=1&resize=1050%2C600 3x"},"classes":[]},{"id":59578,"url":"https:\/\/ismaelcolosi.com.br\/index.php\/2024\/08\/09\/ribeirao-preto-tem-mais-de-700-vagas-em-cursos-livres-gratuitos-veja-como-participar\/","url_meta":{"origin":6989,"position":4},"title":"Ribeir\u00e3o Preto tem mais de 700 vagas em cursos livres gratuitos; Veja como participar","author":"ismaelcolosi.com.br","date":"9 de August de 2024","format":false,"excerpt":"O Senac de Ribeir\u00e3o Preto est\u00e1 oferecendo mais de 700 de bolsas de estudo 100% gratuitas para o segundo semestre do ano. As vagas fazem parte do Programa Senac de Gratuidade e devem ser solicitadas a partir de 20 dias antes do in\u00edcio de cada curso \u2013 para acompanhar as\u2026","rel":"","context":"In &quot;Not\u00edcias de Ribeir\u00e3o Preto-SP e Regi\u00e3o&quot;","block_context":{"text":"Not\u00edcias de Ribeir\u00e3o Preto-SP e Regi\u00e3o","link":"https:\/\/ismaelcolosi.com.br\/index.php\/category\/noticias-de-ribeirao-preto-sp-e-regiao-ismael-colosi\/"},"img":{"alt_text":"","src":"https:\/\/i0.wp.com\/ismaelcolosi.com.br\/wp-content\/uploads\/2024\/07\/senac-ribeirao-preto_2024-07-26_14-17-16_jpg_2024-07-26_14-17-16.webp.webp?fit=1200%2C800&ssl=1&resize=350%2C200","width":350,"height":200,"srcset":"https:\/\/i0.wp.com\/ismaelcolosi.com.br\/wp-content\/uploads\/2024\/07\/senac-ribeirao-preto_2024-07-26_14-17-16_jpg_2024-07-26_14-17-16.webp.webp?fit=1200%2C800&ssl=1&resize=350%2C200 1x, https:\/\/i0.wp.com\/ismaelcolosi.com.br\/wp-content\/uploads\/2024\/07\/senac-ribeirao-preto_2024-07-26_14-17-16_jpg_2024-07-26_14-17-16.webp.webp?fit=1200%2C800&ssl=1&resize=525%2C300 1.5x, https:\/\/i0.wp.com\/ismaelcolosi.com.br\/wp-content\/uploads\/2024\/07\/senac-ribeirao-preto_2024-07-26_14-17-16_jpg_2024-07-26_14-17-16.webp.webp?fit=1200%2C800&ssl=1&resize=700%2C400 2x, https:\/\/i0.wp.com\/ismaelcolosi.com.br\/wp-content\/uploads\/2024\/07\/senac-ribeirao-preto_2024-07-26_14-17-16_jpg_2024-07-26_14-17-16.webp.webp?fit=1200%2C800&ssl=1&resize=1050%2C600 3x"},"classes":[]},{"id":19774,"url":"https:\/\/ismaelcolosi.com.br\/index.php\/2023\/12\/23\/cursos-tecnicos-de-graca-senac-oferece-mais-de-6-mil-vagas\/","url_meta":{"origin":6989,"position":5},"title":"Cursos t\u00e9cnicos de gra\u00e7a? Senac oferece mais de 6 mil vagas","author":"ismaelcolosi.com.br","date":"23 de December de 2023","format":false,"excerpt":"O Servi\u00e7o Nacional de Aprendizagem Comercial (Senac) est\u00e1 com inscri\u00e7\u00f5es abertas at\u00e9 26 de dezembro para diversos cursos t\u00e9cnicos na modalidade de ensino a dist\u00e2ncia (EaD). S\u00e3o oferecidas 6,4 mil vagas em unidades do Senac em oito estados:\u00a0 Esp\u00edrito Santo, Goi\u00e1s, Maranh\u00e3o, Pernambuco, Piau\u00ed, Rio Grande do Norte, Roraima e\u2026","rel":"","context":"In &quot;Variedades&quot;","block_context":{"text":"Variedades","link":"https:\/\/ismaelcolosi.com.br\/index.php\/category\/variedades\/"},"img":{"alt_text":"","src":"https:\/\/i0.wp.com\/ismaelcolosi.com.br\/wp-content\/uploads\/2023\/12\/senac-rj-cursos-gratuitos.jpg?fit=1200%2C638&ssl=1&resize=350%2C200","width":350,"height":200,"srcset":"https:\/\/i0.wp.com\/ismaelcolosi.com.br\/wp-content\/uploads\/2023\/12\/senac-rj-cursos-gratuitos.jpg?fit=1200%2C638&ssl=1&resize=350%2C200 1x, https:\/\/i0.wp.com\/ismaelcolosi.com.br\/wp-content\/uploads\/2023\/12\/senac-rj-cursos-gratuitos.jpg?fit=1200%2C638&ssl=1&resize=525%2C300 1.5x, https:\/\/i0.wp.com\/ismaelcolosi.com.br\/wp-content\/uploads\/2023\/12\/senac-rj-cursos-gratuitos.jpg?fit=1200%2C638&ssl=1&resize=700%2C400 2x, https:\/\/i0.wp.com\/ismaelcolosi.com.br\/wp-content\/uploads\/2023\/12\/senac-rj-cursos-gratuitos.jpg?fit=1200%2C638&ssl=1&resize=1050%2C600 3x"},"classes":[]}],"jetpack_sharing_enabled":true,"jetpack_shortlink":"https:\/\/wp.me\/pfMlyK-1OJ","_links":{"self":[{"href":"https:\/\/ismaelcolosi.com.br\/index.php\/wp-json\/wp\/v2\/posts\/6989","targetHints":{"allow":["GET"]}}],"collection":[{"href":"https:\/\/ismaelcolosi.com.br\/index.php\/wp-json\/wp\/v2\/posts"}],"about":[{"href":"https:\/\/ismaelcolosi.com.br\/index.php\/wp-json\/wp\/v2\/types\/post"}],"author":[{"embeddable":true,"href":"https:\/\/ismaelcolosi.com.br\/index.php\/wp-json\/wp\/v2\/users\/1"}],"replies":[{"embeddable":true,"href":"https:\/\/ismaelcolosi.com.br\/index.php\/wp-json\/wp\/v2\/comments?post=6989"}],"version-history":[{"count":0,"href":"https:\/\/ismaelcolosi.com.br\/index.php\/wp-json\/wp\/v2\/posts\/6989\/revisions"}],"wp:featuredmedia":[{"embeddable":true,"href":"https:\/\/ismaelcolosi.com.br\/index.php\/wp-json\/wp\/v2\/media\/6990"}],"wp:attachment":[{"href":"https:\/\/ismaelcolosi.com.br\/index.php\/wp-json\/wp\/v2\/media?parent=6989"}],"wp:term":[{"taxonomy":"category","embeddable":true,"href":"https:\/\/ismaelcolosi.com.br\/index.php\/wp-json\/wp\/v2\/categories?post=6989"},{"taxonomy":"post_tag","embeddable":true,"href":"https:\/\/ismaelcolosi.com.br\/index.php\/wp-json\/wp\/v2\/tags?post=6989"}],"curies":[{"name":"wp","href":"https:\/\/api.w.org\/{rel}","templated":true}]}}