{"id":69888,"date":"2024-10-08T15:28:49","date_gmt":"2024-10-08T18:28:49","guid":{"rendered":"https:\/\/ismaelcolosi.com.br\/index.php\/2024\/10\/08\/chuva-tem-data-para-chegar-a-ribeirao-preto-saiba-quando\/"},"modified":"2024-10-08T15:28:49","modified_gmt":"2024-10-08T18:28:49","slug":"chuva-tem-data-para-chegar-a-ribeirao-preto-saiba-quando","status":"publish","type":"post","link":"https:\/\/ismaelcolosi.com.br\/index.php\/2024\/10\/08\/chuva-tem-data-para-chegar-a-ribeirao-preto-saiba-quando\/","title":{"rendered":"Chuva tem data para chegar a Ribeir\u00e3o Preto; Saiba quando"},"content":{"rendered":"<p> <br \/>\n<\/p>\n<div data-td-block-uid=\"tdi_106\">\n<div class=\"tdb-block-inner td-fix-index\">\n<p><strong>Ribeir\u00e3o Preto vai registrar o dia mais quente do ano nesta ter\u00e7a-feira (8)<\/strong>,<mark style=\"background-color:#fcb900\" class=\"has-inline-color\"> mas o calor extremo que assola a cidade est\u00e1 com as horas contadas<\/mark>. Segundo a <a href=\"https:\/\/www.climatempo.com.br\/previsao-do-tempo\/cidade\/530\/ribeiraopreto-sp\" target=\"_blank\" rel=\"noreferrer noopener nofollow\">Climatempo<\/a>, <strong>as chuvas chegar\u00e3o nesta quarta-feira (9)<\/strong>, <strong>em Ribeir\u00e3o<\/strong>.<\/p>\n<p>O <strong>dia que marca a chegada da frente fria<\/strong>, vai come\u00e7ar com sol e aumento de nuvens. <mark style=\"background-color:#fcb900\" class=\"has-inline-color\">\u00c0 noite, o c\u00e9u estar\u00e1 nublado e ocorrer\u00e1 pancadas de chuva.<\/mark> A temperatura fica na casa dos 23\u00baC. <\/p>\n<p><mark style=\"background-color:#fcb900\" class=\"has-inline-color\">A chuva permanecer\u00e1 at\u00e9 o final de semana<\/mark>, a<strong> previs\u00e3o do tempo para s\u00e1bado (12)<\/strong> \u00e9 de <strong>c\u00e9u nublado<\/strong> com possibilidade de <strong>garoa o dia todo<\/strong> e <strong>temperatura variando entre 22\u00baC e 27\u00baC.<\/strong> <\/p>\n<p><strong>No domingo (13)<\/strong>, a previs\u00e3o \u00e9 de <strong>muitas nuvens o dia todo<\/strong>, <strong>com aberturas de sol e 36% de chances de chuva. <\/strong><\/p>\n<p>SAIBA MAIS<br \/>Constru\u00e7\u00e3o do Centro Administrativo de Ribeir\u00e3o Preto tem reviravolta; Entenda<\/p>\n<h4 class=\"wp-block-heading\"><strong>FIQUE ON<\/strong><\/h4>\n<p>Fique ligado em tudo que acontece em Ribeir\u00e3o Preto e regi\u00e3o. Siga os perfis do<strong> acidade on<\/strong> no <a href=\"https:\/\/www.instagram.com\/acidadeonribeirao\" target=\"_blank\" rel=\"noreferrer noopener nofollow\">Instagram<\/a> e no <a href=\"https:\/\/www.facebook.com\/acidadeonribeirao\/\" target=\"_blank\" rel=\"noreferrer noopener nofollow\">Facebook<\/a>.<\/p>\n<p>Receba not\u00edcias do<strong> acidade on <\/strong>no WhatsApp. <a href=\"https:\/\/chat.whatsapp.com\/Fg4ok3aAVyB59DP63pRapr\" target=\"_blank\" rel=\"noreferrer noopener nofollow\">Para entrar no grupo, basta clicar aqui.<\/a><\/p>\n<p>Fa\u00e7a uma den\u00fancia ou sugira uma reportagem sobre Ribeir\u00e3o Preto e regi\u00e3o pelo WhatsApp: 16 99117 7802.<\/p>\n<p>VEJA TAMB\u00c9M<br \/>Como ver o resultado do CNU?<\/p>\n<p><!-- CONTENT END 1 -->\n<\/div>\n<\/div>\n<p><script async src=\"\/\/www.instagram.com\/embed.js\"><\/script><br \/>\n<br \/><br \/>\n<br \/><a href=\"https:\/\/www.acidadeon.com\/ribeiraopreto\/cotidiano\/chuva-tem-data-para-chegar-a-ribeirao-preto-saiba-quando\/\">Source link <\/a><\/p>\n","protected":false},"excerpt":{"rendered":"<p>Ribeir\u00e3o Preto vai registrar o dia mais quente do ano nesta ter\u00e7a-feira (8), mas o calor extremo que assola a cidade est\u00e1 com as horas&#8230;<\/p>\n","protected":false},"author":1,"featured_media":66155,"comment_status":"open","ping_status":"open","sticky":false,"template":"","format":"standard","meta":{"_uag_custom_page_level_css":"","advanced_seo_description":"","jetpack_seo_html_title":"","jetpack_seo_noindex":false,"jetpack_post_was_ever_published":false,"_jetpack_newsletter_access":"","_jetpack_dont_email_post_to_subs":false,"_jetpack_newsletter_tier_id":0,"_jetpack_memberships_contains_paywalled_content":false,"_jetpack_memberships_contains_paid_content":false,"footnotes":"","jetpack_publicize_message":"","jetpack_publicize_feature_enabled":true,"jetpack_social_post_already_shared":true,"jetpack_social_options":{"image_generator_settings":{"template":"highway","default_image_id":0,"font":"","enabled":false},"version":2}},"categories":[11],"tags":[],"class_list":["post-69888","post","type-post","status-publish","format-standard","has-post-thumbnail","hentry","category-noticias-de-ribeirao-preto-sp-e-regiao-ismael-colosi"],"jetpack_publicize_connections":[],"jetpack_featured_media_url":"https:\/\/i0.wp.com\/ismaelcolosi.com.br\/wp-content\/uploads\/2024\/09\/WhatsApp-Image-2024-09-16-at-10.47.37_2024-09-16_14-45-55_jpeg_2024-09-16_14-45-55.webp.webp?fit=1600%2C1200&ssl=1","uagb_featured_image_src":{"full":["https:\/\/i0.wp.com\/ismaelcolosi.com.br\/wp-content\/uploads\/2024\/09\/WhatsApp-Image-2024-09-16-at-10.47.37_2024-09-16_14-45-55_jpeg_2024-09-16_14-45-55.webp.webp?fit=1600%2C1200&ssl=1",1600,1200,false],"thumbnail":["https:\/\/i0.wp.com\/ismaelcolosi.com.br\/wp-content\/uploads\/2024\/09\/WhatsApp-Image-2024-09-16-at-10.47.37_2024-09-16_14-45-55_jpeg_2024-09-16_14-45-55.webp.webp?resize=150%2C150&ssl=1",150,150,true],"medium":["https:\/\/i0.wp.com\/ismaelcolosi.com.br\/wp-content\/uploads\/2024\/09\/WhatsApp-Image-2024-09-16-at-10.47.37_2024-09-16_14-45-55_jpeg_2024-09-16_14-45-55.webp.webp?fit=300%2C225&ssl=1",300,225,true],"medium_large":["https:\/\/i0.wp.com\/ismaelcolosi.com.br\/wp-content\/uploads\/2024\/09\/WhatsApp-Image-2024-09-16-at-10.47.37_2024-09-16_14-45-55_jpeg_2024-09-16_14-45-55.webp.webp?fit=768%2C576&ssl=1",768,576,true],"large":["https:\/\/i0.wp.com\/ismaelcolosi.com.br\/wp-content\/uploads\/2024\/09\/WhatsApp-Image-2024-09-16-at-10.47.37_2024-09-16_14-45-55_jpeg_2024-09-16_14-45-55.webp.webp?fit=1024%2C768&ssl=1",1024,768,true],"1536x1536":["https:\/\/i0.wp.com\/ismaelcolosi.com.br\/wp-content\/uploads\/2024\/09\/WhatsApp-Image-2024-09-16-at-10.47.37_2024-09-16_14-45-55_jpeg_2024-09-16_14-45-55.webp.webp?fit=1536%2C1152&ssl=1",1536,1152,true],"2048x2048":["https:\/\/i0.wp.com\/ismaelcolosi.com.br\/wp-content\/uploads\/2024\/09\/WhatsApp-Image-2024-09-16-at-10.47.37_2024-09-16_14-45-55_jpeg_2024-09-16_14-45-55.webp.webp?fit=1600%2C1200&ssl=1",1600,1200,true],"really-simple-thumb":["https:\/\/i0.wp.com\/ismaelcolosi.com.br\/wp-content\/uploads\/2024\/09\/WhatsApp-Image-2024-09-16-at-10.47.37_2024-09-16_14-45-55_jpeg_2024-09-16_14-45-55.webp.webp?resize=370%2C247&ssl=1",370,247,true]},"uagb_author_info":{"display_name":"ismaelcolosi.com.br","author_link":"https:\/\/ismaelcolosi.com.br\/index.php\/author\/vidareal-online\/"},"uagb_comment_info":0,"uagb_excerpt":"Ribeir\u00e3o Preto vai registrar o dia mais quente do ano nesta ter\u00e7a-feira (8), mas o calor extremo que assola a cidade est\u00e1 com as horas...","jetpack-related-posts":[{"id":71146,"url":"https:\/\/ismaelcolosi.com.br\/index.php\/2024\/10\/15\/instabilidades-trazem-chuva-ao-interior-de-sp-nesta-terca-veja-previsao\/","url_meta":{"origin":69888,"position":0},"title":"Instabilidades trazem chuva ao interior de SP nesta ter\u00e7a; Veja previs\u00e3o","author":"ismaelcolosi.com.br","date":"15 de October de 2024","format":false,"excerpt":"\u00c1reas de instabilidade persistem sobre o Norte do estado de S\u00e3o Paulo nesta ter\u00e7a-feira (15). Segundo a Climatempo, a atua\u00e7\u00e3o das instabilidades pode estimular o retorno das pancadas de chuva sobre a regi\u00e3o de Ribeir\u00e3o Preto no per\u00edodo da tarde. A chuva prevista \u00e9 localizada e isolada, por\u00e9m, com potencial\u2026","rel":"","context":"In &quot;Not\u00edcias de Ribeir\u00e3o Preto-SP e Regi\u00e3o&quot;","block_context":{"text":"Not\u00edcias de Ribeir\u00e3o Preto-SP e Regi\u00e3o","link":"https:\/\/ismaelcolosi.com.br\/index.php\/category\/noticias-de-ribeirao-preto-sp-e-regiao-ismael-colosi\/"},"img":{"alt_text":"","src":"https:\/\/i0.wp.com\/ismaelcolosi.com.br\/wp-content\/uploads\/2024\/10\/WhatsApp-Image-2024-10-15-at-08.25.28_2024-10-15_11-26-55_jpeg_2024-10-15_11-26-55.webp.webp?fit=1200%2C540&ssl=1&resize=350%2C200","width":350,"height":200,"srcset":"https:\/\/i0.wp.com\/ismaelcolosi.com.br\/wp-content\/uploads\/2024\/10\/WhatsApp-Image-2024-10-15-at-08.25.28_2024-10-15_11-26-55_jpeg_2024-10-15_11-26-55.webp.webp?fit=1200%2C540&ssl=1&resize=350%2C200 1x, https:\/\/i0.wp.com\/ismaelcolosi.com.br\/wp-content\/uploads\/2024\/10\/WhatsApp-Image-2024-10-15-at-08.25.28_2024-10-15_11-26-55_jpeg_2024-10-15_11-26-55.webp.webp?fit=1200%2C540&ssl=1&resize=525%2C300 1.5x, https:\/\/i0.wp.com\/ismaelcolosi.com.br\/wp-content\/uploads\/2024\/10\/WhatsApp-Image-2024-10-15-at-08.25.28_2024-10-15_11-26-55_jpeg_2024-10-15_11-26-55.webp.webp?fit=1200%2C540&ssl=1&resize=700%2C400 2x, https:\/\/i0.wp.com\/ismaelcolosi.com.br\/wp-content\/uploads\/2024\/10\/WhatsApp-Image-2024-10-15-at-08.25.28_2024-10-15_11-26-55_jpeg_2024-10-15_11-26-55.webp.webp?fit=1200%2C540&ssl=1&resize=1050%2C600 3x"},"classes":[]},{"id":70494,"url":"https:\/\/ismaelcolosi.com.br\/index.php\/2024\/10\/11\/nova-frente-fria-traz-mais-chuva-ao-interior-de-sp-veja-previsao\/","url_meta":{"origin":69888,"position":1},"title":"Nova frente fria traz mais chuva ao interior de SP; Veja previs\u00e3o","author":"ismaelcolosi.com.br","date":"11 de October de 2024","format":false,"excerpt":"Uma nova frente fria avan\u00e7a nesta sexta-feira (11) sobre o Sudeste e refor\u00e7a a condi\u00e7\u00e3o para pancadas de chuva no interior de S\u00e3o Paulo. Segundo a Climatempo, a regi\u00e3o de Ribeir\u00e3o Preto pode ter sol entre nuvens no amanhecer e temperaturas em eleva\u00e7\u00e3o. J\u00e1 a partir da tarde, a meteorologia\u2026","rel":"","context":"In &quot;Not\u00edcias de Ribeir\u00e3o Preto-SP e Regi\u00e3o&quot;","block_context":{"text":"Not\u00edcias de Ribeir\u00e3o Preto-SP e Regi\u00e3o","link":"https:\/\/ismaelcolosi.com.br\/index.php\/category\/noticias-de-ribeirao-preto-sp-e-regiao-ismael-colosi\/"},"img":{"alt_text":"","src":"https:\/\/i0.wp.com\/ismaelcolosi.com.br\/wp-content\/uploads\/2024\/10\/WhatsApp-Image-2024-10-11-at-06.55.12_2024-10-11_09-56-34_jpeg_2024-10-11_09-56-35.webp.webp?fit=1200%2C540&ssl=1&resize=350%2C200","width":350,"height":200,"srcset":"https:\/\/i0.wp.com\/ismaelcolosi.com.br\/wp-content\/uploads\/2024\/10\/WhatsApp-Image-2024-10-11-at-06.55.12_2024-10-11_09-56-34_jpeg_2024-10-11_09-56-35.webp.webp?fit=1200%2C540&ssl=1&resize=350%2C200 1x, https:\/\/i0.wp.com\/ismaelcolosi.com.br\/wp-content\/uploads\/2024\/10\/WhatsApp-Image-2024-10-11-at-06.55.12_2024-10-11_09-56-34_jpeg_2024-10-11_09-56-35.webp.webp?fit=1200%2C540&ssl=1&resize=525%2C300 1.5x, https:\/\/i0.wp.com\/ismaelcolosi.com.br\/wp-content\/uploads\/2024\/10\/WhatsApp-Image-2024-10-11-at-06.55.12_2024-10-11_09-56-34_jpeg_2024-10-11_09-56-35.webp.webp?fit=1200%2C540&ssl=1&resize=700%2C400 2x, https:\/\/i0.wp.com\/ismaelcolosi.com.br\/wp-content\/uploads\/2024\/10\/WhatsApp-Image-2024-10-11-at-06.55.12_2024-10-11_09-56-34_jpeg_2024-10-11_09-56-35.webp.webp?fit=1200%2C540&ssl=1&resize=1050%2C600 3x"},"classes":[]},{"id":72277,"url":"https:\/\/ismaelcolosi.com.br\/index.php\/2024\/10\/21\/ribeirao-preto-registra-maior-quantidade-de-chuva-no-estado-de-sp-veja-previsao-para-semana\/","url_meta":{"origin":69888,"position":2},"title":"Ribeir\u00e3o Preto registra maior quantidade de chuva no estado de SP; Veja previs\u00e3o para semana","author":"ismaelcolosi.com.br","date":"21 de October de 2024","format":false,"excerpt":"Ribeir\u00e3o Preto registrou a maior quantidade de chuva no estado de S\u00e3o Paulo em um per\u00edodo de 48 horas. Segundo dados divulgados pela Defesa Civil, Ribeir\u00e3o teve 112 mil\u00edmetros de chuva entre sexta-feira (18) e este domingo (20). Veja os acumulados de chuva em 48h \u2013 20\/10\/2024, \u00e0s 17h20 1\u2026","rel":"","context":"In &quot;Not\u00edcias de Ribeir\u00e3o Preto-SP e Regi\u00e3o&quot;","block_context":{"text":"Not\u00edcias de Ribeir\u00e3o Preto-SP e Regi\u00e3o","link":"https:\/\/ismaelcolosi.com.br\/index.php\/category\/noticias-de-ribeirao-preto-sp-e-regiao-ismael-colosi\/"},"img":{"alt_text":"","src":"https:\/\/i0.wp.com\/ismaelcolosi.com.br\/wp-content\/uploads\/2024\/10\/WhatsApp-Image-2024-10-15-at-08.25.28_2024-10-15_11-26-55_jpeg_2024-10-15_11-26-55.webp.webp?fit=1200%2C540&ssl=1&resize=350%2C200","width":350,"height":200,"srcset":"https:\/\/i0.wp.com\/ismaelcolosi.com.br\/wp-content\/uploads\/2024\/10\/WhatsApp-Image-2024-10-15-at-08.25.28_2024-10-15_11-26-55_jpeg_2024-10-15_11-26-55.webp.webp?fit=1200%2C540&ssl=1&resize=350%2C200 1x, https:\/\/i0.wp.com\/ismaelcolosi.com.br\/wp-content\/uploads\/2024\/10\/WhatsApp-Image-2024-10-15-at-08.25.28_2024-10-15_11-26-55_jpeg_2024-10-15_11-26-55.webp.webp?fit=1200%2C540&ssl=1&resize=525%2C300 1.5x, https:\/\/i0.wp.com\/ismaelcolosi.com.br\/wp-content\/uploads\/2024\/10\/WhatsApp-Image-2024-10-15-at-08.25.28_2024-10-15_11-26-55_jpeg_2024-10-15_11-26-55.webp.webp?fit=1200%2C540&ssl=1&resize=700%2C400 2x, https:\/\/i0.wp.com\/ismaelcolosi.com.br\/wp-content\/uploads\/2024\/10\/WhatsApp-Image-2024-10-15-at-08.25.28_2024-10-15_11-26-55_jpeg_2024-10-15_11-26-55.webp.webp?fit=1200%2C540&ssl=1&resize=1050%2C600 3x"},"classes":[]},{"id":70846,"url":"https:\/\/ismaelcolosi.com.br\/index.php\/2024\/10\/13\/chuva-tem-data-para-retornar-ao-estado-de-sp-veja-quando\/","url_meta":{"origin":69888,"position":3},"title":"Chuva tem data para retornar ao estado de SP; Veja quando","author":"ismaelcolosi.com.br","date":"13 de October de 2024","format":false,"excerpt":"Nos pr\u00f3ximos dias as temperaturas voltam a subir de forma gradual em algumas regi\u00f5es do estado de S\u00e3o Paulo, contudo, no decorrer da semana as condi\u00e7\u00f5es de chuva aumentam \u2013 veja abaixo. O interior paulista fica mais ensolarado nesta segunda-feira (14) e com as temperaturas em eleva\u00e7\u00e3o, por\u00e9m, existe uma\u2026","rel":"","context":"In &quot;Not\u00edcias de Ribeir\u00e3o Preto-SP e Regi\u00e3o&quot;","block_context":{"text":"Not\u00edcias de Ribeir\u00e3o Preto-SP e Regi\u00e3o","link":"https:\/\/ismaelcolosi.com.br\/index.php\/category\/noticias-de-ribeirao-preto-sp-e-regiao-ismael-colosi\/"},"img":{"alt_text":"","src":"https:\/\/i0.wp.com\/ismaelcolosi.com.br\/wp-content\/uploads\/2024\/09\/Copia-de-Copia-de-Copia-de-TAMANHO-EXATO-PARA-FOTOS-NO-SISTEMA-NOVO-51_2024-09-16_20-04-40_png_2024-09-16_20-04-40.webp.webp?fit=1200%2C675&ssl=1&resize=350%2C200","width":350,"height":200,"srcset":"https:\/\/i0.wp.com\/ismaelcolosi.com.br\/wp-content\/uploads\/2024\/09\/Copia-de-Copia-de-Copia-de-TAMANHO-EXATO-PARA-FOTOS-NO-SISTEMA-NOVO-51_2024-09-16_20-04-40_png_2024-09-16_20-04-40.webp.webp?fit=1200%2C675&ssl=1&resize=350%2C200 1x, https:\/\/i0.wp.com\/ismaelcolosi.com.br\/wp-content\/uploads\/2024\/09\/Copia-de-Copia-de-Copia-de-TAMANHO-EXATO-PARA-FOTOS-NO-SISTEMA-NOVO-51_2024-09-16_20-04-40_png_2024-09-16_20-04-40.webp.webp?fit=1200%2C675&ssl=1&resize=525%2C300 1.5x, https:\/\/i0.wp.com\/ismaelcolosi.com.br\/wp-content\/uploads\/2024\/09\/Copia-de-Copia-de-Copia-de-TAMANHO-EXATO-PARA-FOTOS-NO-SISTEMA-NOVO-51_2024-09-16_20-04-40_png_2024-09-16_20-04-40.webp.webp?fit=1200%2C675&ssl=1&resize=700%2C400 2x, https:\/\/i0.wp.com\/ismaelcolosi.com.br\/wp-content\/uploads\/2024\/09\/Copia-de-Copia-de-Copia-de-TAMANHO-EXATO-PARA-FOTOS-NO-SISTEMA-NOVO-51_2024-09-16_20-04-40_png_2024-09-16_20-04-40.webp.webp?fit=1200%2C675&ssl=1&resize=1050%2C600 3x"},"classes":[]},{"id":65866,"url":"https:\/\/ismaelcolosi.com.br\/index.php\/2024\/09\/14\/frente-fria-avanca-e-traz-chuva-ao-estado-de-sp-veja-previsao\/","url_meta":{"origin":69888,"position":4},"title":"Frente fria avan\u00e7a e traz chuva ao estado de SP; Veja previs\u00e3o","author":"ismaelcolosi.com.br","date":"14 de September de 2024","format":false,"excerpt":"Uma frente fria avan\u00e7a em dire\u00e7\u00e3o ao Sudeste neste \u00faltimo fim de semana do inverno 2024. Segundo a Climatempo, este sistema alcan\u00e7a o litoral paulista neste domingo (15) e pode causar chuva forte nesta regi\u00e3o. \u201cTamb\u00e9m h\u00e1 previs\u00e3o de nebulosidade, garoa e ventos mais fresco sobre o estado de S\u00e3o\u2026","rel":"","context":"In &quot;Not\u00edcias de Ribeir\u00e3o Preto-SP e Regi\u00e3o&quot;","block_context":{"text":"Not\u00edcias de Ribeir\u00e3o Preto-SP e Regi\u00e3o","link":"https:\/\/ismaelcolosi.com.br\/index.php\/category\/noticias-de-ribeirao-preto-sp-e-regiao-ismael-colosi\/"},"img":{"alt_text":"","src":"https:\/\/i0.wp.com\/ismaelcolosi.com.br\/wp-content\/uploads\/2024\/09\/WhatsApp-Image-2024-04-09-at-07.20.27.jpeg?fit=1200%2C541&ssl=1&resize=350%2C200","width":350,"height":200,"srcset":"https:\/\/i0.wp.com\/ismaelcolosi.com.br\/wp-content\/uploads\/2024\/09\/WhatsApp-Image-2024-04-09-at-07.20.27.jpeg?fit=1200%2C541&ssl=1&resize=350%2C200 1x, https:\/\/i0.wp.com\/ismaelcolosi.com.br\/wp-content\/uploads\/2024\/09\/WhatsApp-Image-2024-04-09-at-07.20.27.jpeg?fit=1200%2C541&ssl=1&resize=525%2C300 1.5x, https:\/\/i0.wp.com\/ismaelcolosi.com.br\/wp-content\/uploads\/2024\/09\/WhatsApp-Image-2024-04-09-at-07.20.27.jpeg?fit=1200%2C541&ssl=1&resize=700%2C400 2x, https:\/\/i0.wp.com\/ismaelcolosi.com.br\/wp-content\/uploads\/2024\/09\/WhatsApp-Image-2024-04-09-at-07.20.27.jpeg?fit=1200%2C541&ssl=1&resize=1050%2C600 3x"},"classes":[]},{"id":66328,"url":"https:\/\/ismaelcolosi.com.br\/index.php\/2024\/09\/17\/interior-de-sp-tem-previsao-de-pancadas-de-chuva-nesta-semana-veja-quando\/","url_meta":{"origin":69888,"position":5},"title":"Interior de SP tem previs\u00e3o de pancadas de chuva nesta semana; Veja quando","author":"ismaelcolosi.com.br","date":"17 de September de 2024","format":false,"excerpt":"O tempo volta a ficar est\u00e1vel nesta ter\u00e7a-feira (17), com sol entre poucas nuvens no interior de S\u00e3o Paulo. Nesta segunda-feira (16), o deslocamento de uma frente fria causou chuvisco em Ribeir\u00e3o Preto. De acordo com a Climatempo, nesta ter\u00e7a a umidade do ar pode registrar \u00edndices de aten\u00e7\u00e3o no\u2026","rel":"","context":"In &quot;Not\u00edcias de Ribeir\u00e3o Preto-SP e Regi\u00e3o&quot;","block_context":{"text":"Not\u00edcias de Ribeir\u00e3o Preto-SP e Regi\u00e3o","link":"https:\/\/ismaelcolosi.com.br\/index.php\/category\/noticias-de-ribeirao-preto-sp-e-regiao-ismael-colosi\/"},"img":{"alt_text":"","src":"https:\/\/i0.wp.com\/ismaelcolosi.com.br\/wp-content\/uploads\/2024\/09\/ribeirao-preto.jpg?fit=1200%2C800&ssl=1&resize=350%2C200","width":350,"height":200,"srcset":"https:\/\/i0.wp.com\/ismaelcolosi.com.br\/wp-content\/uploads\/2024\/09\/ribeirao-preto.jpg?fit=1200%2C800&ssl=1&resize=350%2C200 1x, https:\/\/i0.wp.com\/ismaelcolosi.com.br\/wp-content\/uploads\/2024\/09\/ribeirao-preto.jpg?fit=1200%2C800&ssl=1&resize=525%2C300 1.5x, https:\/\/i0.wp.com\/ismaelcolosi.com.br\/wp-content\/uploads\/2024\/09\/ribeirao-preto.jpg?fit=1200%2C800&ssl=1&resize=700%2C400 2x, https:\/\/i0.wp.com\/ismaelcolosi.com.br\/wp-content\/uploads\/2024\/09\/ribeirao-preto.jpg?fit=1200%2C800&ssl=1&resize=1050%2C600 3x"},"classes":[]}],"jetpack_sharing_enabled":true,"jetpack_shortlink":"https:\/\/wp.me\/pfMlyK-ibe","_links":{"self":[{"href":"https:\/\/ismaelcolosi.com.br\/index.php\/wp-json\/wp\/v2\/posts\/69888","targetHints":{"allow":["GET"]}}],"collection":[{"href":"https:\/\/ismaelcolosi.com.br\/index.php\/wp-json\/wp\/v2\/posts"}],"about":[{"href":"https:\/\/ismaelcolosi.com.br\/index.php\/wp-json\/wp\/v2\/types\/post"}],"author":[{"embeddable":true,"href":"https:\/\/ismaelcolosi.com.br\/index.php\/wp-json\/wp\/v2\/users\/1"}],"replies":[{"embeddable":true,"href":"https:\/\/ismaelcolosi.com.br\/index.php\/wp-json\/wp\/v2\/comments?post=69888"}],"version-history":[{"count":0,"href":"https:\/\/ismaelcolosi.com.br\/index.php\/wp-json\/wp\/v2\/posts\/69888\/revisions"}],"wp:featuredmedia":[{"embeddable":true,"href":"https:\/\/ismaelcolosi.com.br\/index.php\/wp-json\/wp\/v2\/media\/66155"}],"wp:attachment":[{"href":"https:\/\/ismaelcolosi.com.br\/index.php\/wp-json\/wp\/v2\/media?parent=69888"}],"wp:term":[{"taxonomy":"category","embeddable":true,"href":"https:\/\/ismaelcolosi.com.br\/index.php\/wp-json\/wp\/v2\/categories?post=69888"},{"taxonomy":"post_tag","embeddable":true,"href":"https:\/\/ismaelcolosi.com.br\/index.php\/wp-json\/wp\/v2\/tags?post=69888"}],"curies":[{"name":"wp","href":"https:\/\/api.w.org\/{rel}","templated":true}]}}