{"id":69883,"date":"2024-10-08T15:16:25","date_gmt":"2024-10-08T18:16:25","guid":{"rendered":"https:\/\/ismaelcolosi.com.br\/index.php\/2024\/10\/08\/2o-turno-em-ribeirao-preto-temos-um-projeto-anticorrupcao-eficaz-diz-marco-aurelio\/"},"modified":"2024-10-08T15:16:25","modified_gmt":"2024-10-08T18:16:25","slug":"2o-turno-em-ribeirao-preto-temos-um-projeto-anticorrupcao-eficaz-diz-marco-aurelio","status":"publish","type":"post","link":"https:\/\/ismaelcolosi.com.br\/index.php\/2024\/10\/08\/2o-turno-em-ribeirao-preto-temos-um-projeto-anticorrupcao-eficaz-diz-marco-aurelio\/","title":{"rendered":"2\u00ba turno em Ribeir\u00e3o Preto: \u2018Temos um projeto anticorrup\u00e7\u00e3o eficaz\u2019, diz Marco Aur\u00e9lio"},"content":{"rendered":"<p> <br \/>\n<\/p>\n<div data-td-block-uid=\"tdi_106\">\n<div class=\"tdb-block-inner td-fix-index\">\n<p><strong>O candidato Marco Aur\u00e9lio (Novo) disse\u00a0nesta ter\u00e7a-feira (8)<\/strong>,<strong>\u00a0em entrevista ao acidade on, ter um \u201cprojeto anticorrup\u00e7\u00e3o eficaz\u201d para Ribeir\u00e3o Preto.\u00a0<\/strong>Ele obteve\u00a0<strong>66.136 votos (24,94%) <\/strong>neste\u00a0<strong>domingo (6)\u00a0<\/strong>e est\u00e1 no\u00a0<strong>segundo turno<\/strong>\u00a0das\u00a0<strong>elei\u00e7\u00f5es 2024<\/strong>.<\/p>\n<p><strong>Assista\u00a0<\/strong>ao\u00a0<strong>v\u00eddeo\u00a0<\/strong>abaixo.<\/p>\n<blockquote class=\"instagram-media\" data-instgrm-permalink=\"https:\/\/www.instagram.com\/reel\/DA317TAuVzA\/?utm_source=ig_embed&amp;utm_campaign=loading\" data-instgrm-version=\"14\" style=\" background:#FFF; border:0; border-radius:3px; box-shadow:0 0 1px 0 rgba(0,0,0,0.5),0 1px 10px 0 rgba(0,0,0,0.15); margin: 1px; max-width:540px; min-width:326px; padding:0; width:99.375%; width:-webkit-calc(100% - 2px); width:calc(100% - 2px);\"\/>\n<blockquote class=\"wp-block-quote\">\n<p>\u201cN\u00f3s estaremos nas propagandas eleitorais [para o eleitor] conhecer nossos projetos, a que viemos. \u00c9 um projeto anticorrup\u00e7\u00e3o e com efic\u00e1cia e efici\u00eancia para a popula\u00e7\u00e3o\u201d<\/p>\n<p><cite><strong>Marco Aur\u00e9lio (Novo)<\/strong><\/cite><\/p><\/blockquote>\n<p><strong>Marco Aur\u00e9lio (Novo) <\/strong>disputa o segundo turno das elei\u00e7\u00f5es para\u00a0<strong>Prefeitura de Ribeir\u00e3o Preto<\/strong>\u00a0com o candidato\u00a0<strong>Ricardo Silva (PSD)<\/strong>, que obteve\u00a0<strong>128.466 votos (48,44%)<\/strong>\u00a0\u00a0no primeiro turno.<\/p>\n<p><strong>Ricardo Silva <\/strong>foi entrevistado pelo<strong>\u00a0acidade on\u00a0<\/strong>na \u00faltima\u00a0<strong>segunda-feira (7)<\/strong>.<\/p>\n<p>SAIBA MAIS<\/p>\n<p>\u2018Quero muito fazer hist\u00f3ria\u2019, diz Ricardo Silva<\/p>\n<h4 class=\"wp-block-heading\"><strong>FIQUE ON<\/strong><\/h4>\n<p>Fique ligado em tudo que acontece em Ribeir\u00e3o Preto e regi\u00e3o. Siga os perfis do\u00a0<strong>acidade on\u00a0<\/strong>no\u00a0<a href=\"https:\/\/www.instagram.com\/acidadeonribeirao\" target=\"_blank\" rel=\"noreferrer noopener\">Instagram<\/a>\u00a0e no\u00a0<a href=\"https:\/\/www.facebook.com\/acidadeonribeirao\/\" target=\"_blank\" rel=\"noreferrer noopener\">Facebook<\/a>.<\/p>\n<p>Receba not\u00edcias do\u00a0<strong>acidade on<\/strong>\u00a0no WhatsApp.\u00a0<a href=\"https:\/\/chat.whatsapp.com\/Fg4ok3aAVyB59DP63pRapr\" target=\"_blank\" rel=\"noreferrer noopener\">Para entrar no grupo, basta clicar aqui.<\/a><\/p>\n<p>Fa\u00e7a uma den\u00fancia ou sugira uma reportagem sobre Ribeir\u00e3o Preto e regi\u00e3o pelo WhatsApp: 16 99117 7802.<\/p>\n<p>VEJA TAMB\u00c9M<\/p>\n<p>Quando \u00e9 o segundo turno das elei\u00e7\u00f5es 2024?<\/p>\n<p><!-- CONTENT END 1 -->\n<\/div>\n<\/div>\n<p><script async src=\"\/\/www.instagram.com\/embed.js\"><\/script><br \/>\n<br \/><br \/>\n<br \/><a href=\"https:\/\/www.acidadeon.com\/ribeiraopreto\/politica\/2o-turno-em-ribeirao-preto-temos-um-projeto-anticorrupcao-eficaz-diz-marco-aurelio\/\">Source link <\/a><\/p>\n","protected":false},"excerpt":{"rendered":"<p>O candidato Marco Aur\u00e9lio (Novo) disse\u00a0nesta ter\u00e7a-feira (8),\u00a0em entrevista ao acidade on, ter um \u201cprojeto anticorrup\u00e7\u00e3o eficaz\u201d para Ribeir\u00e3o Preto.\u00a0Ele obteve\u00a066.136 votos (24,94%) neste\u00a0domingo (6)\u00a0e&#8230;<\/p>\n","protected":false},"author":1,"featured_media":69884,"comment_status":"open","ping_status":"open","sticky":false,"template":"","format":"standard","meta":{"_uag_custom_page_level_css":"","advanced_seo_description":"","jetpack_seo_html_title":"","jetpack_seo_noindex":false,"jetpack_post_was_ever_published":false,"_jetpack_newsletter_access":"","_jetpack_dont_email_post_to_subs":false,"_jetpack_newsletter_tier_id":0,"_jetpack_memberships_contains_paywalled_content":false,"_jetpack_memberships_contains_paid_content":false,"footnotes":"","jetpack_publicize_message":"","jetpack_publicize_feature_enabled":true,"jetpack_social_post_already_shared":true,"jetpack_social_options":{"image_generator_settings":{"template":"highway","default_image_id":0,"font":"","enabled":false},"version":2}},"categories":[11],"tags":[],"class_list":["post-69883","post","type-post","status-publish","format-standard","has-post-thumbnail","hentry","category-noticias-de-ribeirao-preto-sp-e-regiao-ismael-colosi"],"jetpack_publicize_connections":[],"jetpack_featured_media_url":"https:\/\/i0.wp.com\/ismaelcolosi.com.br\/wp-content\/uploads\/2024\/10\/WhatsApp-Image-2024-10-08-at-14.36.13_2024-10-08_17-38-30_jpeg_2024-10-08_17-38-30.webp.webp?fit=601%2C521&ssl=1","uagb_featured_image_src":{"full":["https:\/\/i0.wp.com\/ismaelcolosi.com.br\/wp-content\/uploads\/2024\/10\/WhatsApp-Image-2024-10-08-at-14.36.13_2024-10-08_17-38-30_jpeg_2024-10-08_17-38-30.webp.webp?fit=601%2C521&ssl=1",601,521,false],"thumbnail":["https:\/\/i0.wp.com\/ismaelcolosi.com.br\/wp-content\/uploads\/2024\/10\/WhatsApp-Image-2024-10-08-at-14.36.13_2024-10-08_17-38-30_jpeg_2024-10-08_17-38-30.webp.webp?resize=150%2C150&ssl=1",150,150,true],"medium":["https:\/\/i0.wp.com\/ismaelcolosi.com.br\/wp-content\/uploads\/2024\/10\/WhatsApp-Image-2024-10-08-at-14.36.13_2024-10-08_17-38-30_jpeg_2024-10-08_17-38-30.webp.webp?fit=300%2C260&ssl=1",300,260,true],"medium_large":["https:\/\/i0.wp.com\/ismaelcolosi.com.br\/wp-content\/uploads\/2024\/10\/WhatsApp-Image-2024-10-08-at-14.36.13_2024-10-08_17-38-30_jpeg_2024-10-08_17-38-30.webp.webp?fit=601%2C521&ssl=1",601,521,true],"large":["https:\/\/i0.wp.com\/ismaelcolosi.com.br\/wp-content\/uploads\/2024\/10\/WhatsApp-Image-2024-10-08-at-14.36.13_2024-10-08_17-38-30_jpeg_2024-10-08_17-38-30.webp.webp?fit=601%2C521&ssl=1",601,521,true],"1536x1536":["https:\/\/i0.wp.com\/ismaelcolosi.com.br\/wp-content\/uploads\/2024\/10\/WhatsApp-Image-2024-10-08-at-14.36.13_2024-10-08_17-38-30_jpeg_2024-10-08_17-38-30.webp.webp?fit=601%2C521&ssl=1",601,521,true],"2048x2048":["https:\/\/i0.wp.com\/ismaelcolosi.com.br\/wp-content\/uploads\/2024\/10\/WhatsApp-Image-2024-10-08-at-14.36.13_2024-10-08_17-38-30_jpeg_2024-10-08_17-38-30.webp.webp?fit=601%2C521&ssl=1",601,521,true],"really-simple-thumb":["https:\/\/i0.wp.com\/ismaelcolosi.com.br\/wp-content\/uploads\/2024\/10\/WhatsApp-Image-2024-10-08-at-14.36.13_2024-10-08_17-38-30_jpeg_2024-10-08_17-38-30.webp.webp?resize=370%2C247&ssl=1",370,247,true]},"uagb_author_info":{"display_name":"ismaelcolosi.com.br","author_link":"https:\/\/ismaelcolosi.com.br\/index.php\/author\/vidareal-online\/"},"uagb_comment_info":0,"uagb_excerpt":"O candidato Marco Aur\u00e9lio (Novo) disse\u00a0nesta ter\u00e7a-feira (8),\u00a0em entrevista ao acidade on, ter um \u201cprojeto anticorrup\u00e7\u00e3o eficaz\u201d para Ribeir\u00e3o Preto.\u00a0Ele obteve\u00a066.136 votos (24,94%) neste\u00a0domingo (6)\u00a0e...","jetpack-related-posts":[{"id":73586,"url":"https:\/\/ismaelcolosi.com.br\/index.php\/2024\/10\/27\/saimos-vitoriosos-diz-marco-aurelio-ao-avaliar-desempenho-no-2o-turno-em-ribeirao\/","url_meta":{"origin":69883,"position":0},"title":"\u2018Sa\u00edmos vitoriosos\u2019, diz Marco Aur\u00e9lio ao avaliar desempenho no 2\u00ba turno em Ribeir\u00e3o","author":"ismaelcolosi.com.br","date":"27 de October de 2024","format":false,"excerpt":"O candidato derrotado no 2\u00ba turno das elei\u00e7\u00f5es\u00a02024 em Ribeir\u00e3o Preto, Marco Aur\u00e9lio (Novo), avaliou que saiu vitorioso das urnas, em raz\u00e3o da diferen\u00e7a de apenas 687 votos para Ricardo Silva, o novo prefeito eleito. \u201cN\u00f3s cumprimos com louvor uma bela de uma batalha que o povo veio conosco. Tenho\u2026","rel":"","context":"In &quot;Not\u00edcias de Ribeir\u00e3o Preto-SP e Regi\u00e3o&quot;","block_context":{"text":"Not\u00edcias de Ribeir\u00e3o Preto-SP e Regi\u00e3o","link":"https:\/\/ismaelcolosi.com.br\/index.php\/category\/noticias-de-ribeirao-preto-sp-e-regiao-ismael-colosi\/"},"img":{"alt_text":"","src":"https:\/\/i0.wp.com\/ismaelcolosi.com.br\/wp-content\/uploads\/2024\/10\/WhatsApp-Image-2024-10-08-at-14.36.13_2024-10-08_17-38-30_jpeg_2024-10-08_17-38-30.webp.webp?fit=601%2C521&ssl=1&resize=350%2C200","width":350,"height":200,"srcset":"https:\/\/i0.wp.com\/ismaelcolosi.com.br\/wp-content\/uploads\/2024\/10\/WhatsApp-Image-2024-10-08-at-14.36.13_2024-10-08_17-38-30_jpeg_2024-10-08_17-38-30.webp.webp?fit=601%2C521&ssl=1&resize=350%2C200 1x, https:\/\/i0.wp.com\/ismaelcolosi.com.br\/wp-content\/uploads\/2024\/10\/WhatsApp-Image-2024-10-08-at-14.36.13_2024-10-08_17-38-30_jpeg_2024-10-08_17-38-30.webp.webp?fit=601%2C521&ssl=1&resize=525%2C300 1.5x"},"classes":[]},{"id":69598,"url":"https:\/\/ismaelcolosi.com.br\/index.php\/2024\/10\/06\/veja-o-que-ricardo-silva-falou-sobre-o-1o-turno-das-eleicoes-em-ribeirao-preto\/","url_meta":{"origin":69883,"position":1},"title":"Veja o que Ricardo Silva falou sobre o 1\u00ba turno das elei\u00e7\u00f5es em Ribeir\u00e3o Preto","author":"ismaelcolosi.com.br","date":"6 de October de 2024","format":false,"excerpt":"Ricardo Silva (PSD) est\u00e1 eleito para o 2\u00ba turno das elei\u00e7\u00f5es em Ribeir\u00e3o Preto. O candidato acompanhou a apura\u00e7\u00e3o das urnas na casa do pai, Rafael Silva, em um condom\u00ednio na zona sul do munic\u00edpio. Por volta das 18h30, Ricardo seguiu para o comit\u00ea de campanha, localizado na avenida Saudade.\u2026","rel":"","context":"In &quot;Not\u00edcias de Ribeir\u00e3o Preto-SP e Regi\u00e3o&quot;","block_context":{"text":"Not\u00edcias de Ribeir\u00e3o Preto-SP e Regi\u00e3o","link":"https:\/\/ismaelcolosi.com.br\/index.php\/category\/noticias-de-ribeirao-preto-sp-e-regiao-ismael-colosi\/"},"img":{"alt_text":"","src":"https:\/\/i0.wp.com\/ismaelcolosi.com.br\/wp-content\/uploads\/2024\/10\/456668815_1079387000224005_189519183757748031_n_2024-10-07_00-56-17_jpg_2024-10-07_00-56-17.webp.webp?fit=1200%2C800&ssl=1&resize=350%2C200","width":350,"height":200,"srcset":"https:\/\/i0.wp.com\/ismaelcolosi.com.br\/wp-content\/uploads\/2024\/10\/456668815_1079387000224005_189519183757748031_n_2024-10-07_00-56-17_jpg_2024-10-07_00-56-17.webp.webp?fit=1200%2C800&ssl=1&resize=350%2C200 1x, https:\/\/i0.wp.com\/ismaelcolosi.com.br\/wp-content\/uploads\/2024\/10\/456668815_1079387000224005_189519183757748031_n_2024-10-07_00-56-17_jpg_2024-10-07_00-56-17.webp.webp?fit=1200%2C800&ssl=1&resize=525%2C300 1.5x, https:\/\/i0.wp.com\/ismaelcolosi.com.br\/wp-content\/uploads\/2024\/10\/456668815_1079387000224005_189519183757748031_n_2024-10-07_00-56-17_jpg_2024-10-07_00-56-17.webp.webp?fit=1200%2C800&ssl=1&resize=700%2C400 2x, https:\/\/i0.wp.com\/ismaelcolosi.com.br\/wp-content\/uploads\/2024\/10\/456668815_1079387000224005_189519183757748031_n_2024-10-07_00-56-17_jpg_2024-10-07_00-56-17.webp.webp?fit=1200%2C800&ssl=1&resize=1050%2C600 3x"},"classes":[]},{"id":69594,"url":"https:\/\/ismaelcolosi.com.br\/index.php\/2024\/10\/06\/veja-a-repercussao-da-eleicao-entre-os-candidatos-a-prefeitura-de-ribeirao-preto\/","url_meta":{"origin":69883,"position":2},"title":"Veja a repercuss\u00e3o da elei\u00e7\u00e3o entre os candidatos \u00e0 Prefeitura de Ribeir\u00e3o Preto","author":"ismaelcolosi.com.br","date":"6 de October de 2024","format":false,"excerpt":"Ribeir\u00e3o Preto teve cinco candidatos na disputa para o cargo de prefeito nas elei\u00e7\u00f5es de 2024. Conforme dados do Tribunal Superior Eleitoral (TSE), os candidatos Ricardo Silva (PSD) e Marco Aur\u00e9lio (Novo) v\u00e3o decidir no 2\u00ba turno, que ser\u00e1 realizado no dia 27 de outubro, quem ser\u00e1 o pr\u00f3ximo prefeito\u2026","rel":"","context":"In &quot;Not\u00edcias de Ribeir\u00e3o Preto-SP e Regi\u00e3o&quot;","block_context":{"text":"Not\u00edcias de Ribeir\u00e3o Preto-SP e Regi\u00e3o","link":"https:\/\/ismaelcolosi.com.br\/index.php\/category\/noticias-de-ribeirao-preto-sp-e-regiao-ismael-colosi\/"},"img":{"alt_text":"","src":"https:\/\/i0.wp.com\/ismaelcolosi.com.br\/wp-content\/uploads\/2024\/10\/Copia-de-Copia-de-Copia-de-TAMANHO-EXATO-PARA-FOTOS-NO-SISTEMA-NOVO-97_2024-10-07_00-24-48_png_2024-10-07_00-24-48.webp.webp?fit=1200%2C675&ssl=1&resize=350%2C200","width":350,"height":200,"srcset":"https:\/\/i0.wp.com\/ismaelcolosi.com.br\/wp-content\/uploads\/2024\/10\/Copia-de-Copia-de-Copia-de-TAMANHO-EXATO-PARA-FOTOS-NO-SISTEMA-NOVO-97_2024-10-07_00-24-48_png_2024-10-07_00-24-48.webp.webp?fit=1200%2C675&ssl=1&resize=350%2C200 1x, https:\/\/i0.wp.com\/ismaelcolosi.com.br\/wp-content\/uploads\/2024\/10\/Copia-de-Copia-de-Copia-de-TAMANHO-EXATO-PARA-FOTOS-NO-SISTEMA-NOVO-97_2024-10-07_00-24-48_png_2024-10-07_00-24-48.webp.webp?fit=1200%2C675&ssl=1&resize=525%2C300 1.5x, https:\/\/i0.wp.com\/ismaelcolosi.com.br\/wp-content\/uploads\/2024\/10\/Copia-de-Copia-de-Copia-de-TAMANHO-EXATO-PARA-FOTOS-NO-SISTEMA-NOVO-97_2024-10-07_00-24-48_png_2024-10-07_00-24-48.webp.webp?fit=1200%2C675&ssl=1&resize=700%2C400 2x, https:\/\/i0.wp.com\/ismaelcolosi.com.br\/wp-content\/uploads\/2024\/10\/Copia-de-Copia-de-Copia-de-TAMANHO-EXATO-PARA-FOTOS-NO-SISTEMA-NOVO-97_2024-10-07_00-24-48_png_2024-10-07_00-24-48.webp.webp?fit=1200%2C675&ssl=1&resize=1050%2C600 3x"},"classes":[]},{"id":71301,"url":"https:\/\/ismaelcolosi.com.br\/index.php\/2024\/10\/15\/ao-vivo-acidade-on-ribeirao-entrevista-marco-aurelio-nesta-terca-feira\/","url_meta":{"origin":69883,"position":3},"title":"AO VIVO: acidade on Ribeir\u00e3o entrevista Marco Aur\u00e9lio nesta ter\u00e7a-feira","author":"ismaelcolosi.com.br","date":"15 de October de 2024","format":false,"excerpt":"O acidade on Ribeir\u00e3o entrevista nesta ter\u00e7a-feira (15) o candidato Marco Aur\u00e9lio (Novo), que est\u00e1 no segundo turno das elei\u00e7\u00f5es 2024 na disputa pela Prefeitura de Ribeir\u00e3o Preto. A sabatina ser\u00e1 transmitida ao vivo no canal no YouTube do acidade on \u2013 veja o player acima \u2013 ap\u00f3s a participa\u00e7\u00e3o\u2026","rel":"","context":"In &quot;Not\u00edcias de Ribeir\u00e3o Preto-SP e Regi\u00e3o&quot;","block_context":{"text":"Not\u00edcias de Ribeir\u00e3o Preto-SP e Regi\u00e3o","link":"https:\/\/ismaelcolosi.com.br\/index.php\/category\/noticias-de-ribeirao-preto-sp-e-regiao-ismael-colosi\/"},"img":{"alt_text":"","src":"https:\/\/i0.wp.com\/ismaelcolosi.com.br\/wp-content\/uploads\/2024\/09\/marco-aurelio_2024-09-19_21-26-57_jpg_2024-09-19_21-26-57.webp.webp?fit=1200%2C755&ssl=1&resize=350%2C200","width":350,"height":200,"srcset":"https:\/\/i0.wp.com\/ismaelcolosi.com.br\/wp-content\/uploads\/2024\/09\/marco-aurelio_2024-09-19_21-26-57_jpg_2024-09-19_21-26-57.webp.webp?fit=1200%2C755&ssl=1&resize=350%2C200 1x, https:\/\/i0.wp.com\/ismaelcolosi.com.br\/wp-content\/uploads\/2024\/09\/marco-aurelio_2024-09-19_21-26-57_jpg_2024-09-19_21-26-57.webp.webp?fit=1200%2C755&ssl=1&resize=525%2C300 1.5x, https:\/\/i0.wp.com\/ismaelcolosi.com.br\/wp-content\/uploads\/2024\/09\/marco-aurelio_2024-09-19_21-26-57_jpg_2024-09-19_21-26-57.webp.webp?fit=1200%2C755&ssl=1&resize=700%2C400 2x, https:\/\/i0.wp.com\/ismaelcolosi.com.br\/wp-content\/uploads\/2024\/09\/marco-aurelio_2024-09-19_21-26-57_jpg_2024-09-19_21-26-57.webp.webp?fit=1200%2C755&ssl=1&resize=1050%2C600 3x"},"classes":[]},{"id":69576,"url":"https:\/\/ismaelcolosi.com.br\/index.php\/2024\/10\/06\/2o-turno-saiba-quem-e-marco-aurelio-candidato-a-prefeito-de-ribeirao-preto\/","url_meta":{"origin":69883,"position":4},"title":"2\u00ba turno: Saiba quem \u00e9 Marco Aur\u00e9lio, candidato a prefeito de Ribeir\u00e3o Preto","author":"ismaelcolosi.com.br","date":"6 de October de 2024","format":false,"excerpt":"Os candidatos\u00a0Ricardo Silva (PSD)\u00a0e\u00a0Marco Aur\u00e9lio (Novo)\u00a0v\u00e3o decidir no\u00a02\u00ba turno, que ser\u00e1 realizado no dia\u00a027 de outubro, quem ser\u00e1 o pr\u00f3ximo\u00a0prefeito de Ribeir\u00e3o Preto. Conforme os dados do\u00a0Tribunal Superior Eleitoral (TSE), ao final da apura\u00e7\u00e3o, \u00e0s 19h29, o\u00a0deputado federal recebeu 128.433 mil votos (48%)\u00a0e o\u00a0empres\u00e1rio teve 66.177 mil votos (24%). Quem\u2026","rel":"","context":"In &quot;Not\u00edcias de Ribeir\u00e3o Preto-SP e Regi\u00e3o&quot;","block_context":{"text":"Not\u00edcias de Ribeir\u00e3o Preto-SP e Regi\u00e3o","link":"https:\/\/ismaelcolosi.com.br\/index.php\/category\/noticias-de-ribeirao-preto-sp-e-regiao-ismael-colosi\/"},"img":{"alt_text":"","src":"https:\/\/i0.wp.com\/ismaelcolosi.com.br\/wp-content\/uploads\/2024\/10\/Copia-de-Copia-de-TAMANHO-EXATO-PARA-FOTOS-NO-SISTEMA-NOVO-10_2024-07-23_00-28-01_jpg_2024-07-23_00-28-01.webp.webp?fit=1200%2C675&ssl=1&resize=350%2C200","width":350,"height":200,"srcset":"https:\/\/i0.wp.com\/ismaelcolosi.com.br\/wp-content\/uploads\/2024\/10\/Copia-de-Copia-de-TAMANHO-EXATO-PARA-FOTOS-NO-SISTEMA-NOVO-10_2024-07-23_00-28-01_jpg_2024-07-23_00-28-01.webp.webp?fit=1200%2C675&ssl=1&resize=350%2C200 1x, https:\/\/i0.wp.com\/ismaelcolosi.com.br\/wp-content\/uploads\/2024\/10\/Copia-de-Copia-de-TAMANHO-EXATO-PARA-FOTOS-NO-SISTEMA-NOVO-10_2024-07-23_00-28-01_jpg_2024-07-23_00-28-01.webp.webp?fit=1200%2C675&ssl=1&resize=525%2C300 1.5x, https:\/\/i0.wp.com\/ismaelcolosi.com.br\/wp-content\/uploads\/2024\/10\/Copia-de-Copia-de-TAMANHO-EXATO-PARA-FOTOS-NO-SISTEMA-NOVO-10_2024-07-23_00-28-01_jpg_2024-07-23_00-28-01.webp.webp?fit=1200%2C675&ssl=1&resize=700%2C400 2x, https:\/\/i0.wp.com\/ismaelcolosi.com.br\/wp-content\/uploads\/2024\/10\/Copia-de-Copia-de-TAMANHO-EXATO-PARA-FOTOS-NO-SISTEMA-NOVO-10_2024-07-23_00-28-01_jpg_2024-07-23_00-28-01.webp.webp?fit=1200%2C675&ssl=1&resize=1050%2C600 3x"},"classes":[]},{"id":73531,"url":"https:\/\/ismaelcolosi.com.br\/index.php\/2024\/10\/27\/candidato-marco-aurelio-vota-neste-2o-turno-em-ribeirao-preto-video\/","url_meta":{"origin":69883,"position":5},"title":"Candidato Marco Aur\u00e9lio vota neste 2\u00ba turno em Ribeir\u00e3o Preto; V\u00eddeo","author":"ismaelcolosi.com.br","date":"27 de October de 2024","format":false,"excerpt":"O candidato \u00e0 Prefeitura de Ribeir\u00e3o Preto Marco Aur\u00e9lio (Novo) votou neste segundo turno das elei\u00e7\u00f5es, \u00e0s 9h10 deste domingo (27), no Col\u00e9gio Santa \u00darsula, no Jardim Santa \u00c2ngela, zona Sul da cidade. Assista ao v\u00eddeo abaixo. \u201cAs pessoas entenderam o recado e est\u00e3o caminhando conosco, a gente tem conseguido\u2026","rel":"","context":"In &quot;Not\u00edcias de Ribeir\u00e3o Preto-SP e Regi\u00e3o&quot;","block_context":{"text":"Not\u00edcias de Ribeir\u00e3o Preto-SP e Regi\u00e3o","link":"https:\/\/ismaelcolosi.com.br\/index.php\/category\/noticias-de-ribeirao-preto-sp-e-regiao-ismael-colosi\/"},"img":{"alt_text":"","src":"https:\/\/i0.wp.com\/ismaelcolosi.com.br\/wp-content\/uploads\/2024\/10\/MARCO-AURELIO_2024-10-27_14-54-32_jpg_2024-10-27_14-54-32.webp.webp?fit=1200%2C908&ssl=1&resize=350%2C200","width":350,"height":200,"srcset":"https:\/\/i0.wp.com\/ismaelcolosi.com.br\/wp-content\/uploads\/2024\/10\/MARCO-AURELIO_2024-10-27_14-54-32_jpg_2024-10-27_14-54-32.webp.webp?fit=1200%2C908&ssl=1&resize=350%2C200 1x, https:\/\/i0.wp.com\/ismaelcolosi.com.br\/wp-content\/uploads\/2024\/10\/MARCO-AURELIO_2024-10-27_14-54-32_jpg_2024-10-27_14-54-32.webp.webp?fit=1200%2C908&ssl=1&resize=525%2C300 1.5x, https:\/\/i0.wp.com\/ismaelcolosi.com.br\/wp-content\/uploads\/2024\/10\/MARCO-AURELIO_2024-10-27_14-54-32_jpg_2024-10-27_14-54-32.webp.webp?fit=1200%2C908&ssl=1&resize=700%2C400 2x, https:\/\/i0.wp.com\/ismaelcolosi.com.br\/wp-content\/uploads\/2024\/10\/MARCO-AURELIO_2024-10-27_14-54-32_jpg_2024-10-27_14-54-32.webp.webp?fit=1200%2C908&ssl=1&resize=1050%2C600 3x"},"classes":[]}],"jetpack_sharing_enabled":true,"jetpack_shortlink":"https:\/\/wp.me\/pfMlyK-ib9","_links":{"self":[{"href":"https:\/\/ismaelcolosi.com.br\/index.php\/wp-json\/wp\/v2\/posts\/69883","targetHints":{"allow":["GET"]}}],"collection":[{"href":"https:\/\/ismaelcolosi.com.br\/index.php\/wp-json\/wp\/v2\/posts"}],"about":[{"href":"https:\/\/ismaelcolosi.com.br\/index.php\/wp-json\/wp\/v2\/types\/post"}],"author":[{"embeddable":true,"href":"https:\/\/ismaelcolosi.com.br\/index.php\/wp-json\/wp\/v2\/users\/1"}],"replies":[{"embeddable":true,"href":"https:\/\/ismaelcolosi.com.br\/index.php\/wp-json\/wp\/v2\/comments?post=69883"}],"version-history":[{"count":0,"href":"https:\/\/ismaelcolosi.com.br\/index.php\/wp-json\/wp\/v2\/posts\/69883\/revisions"}],"wp:featuredmedia":[{"embeddable":true,"href":"https:\/\/ismaelcolosi.com.br\/index.php\/wp-json\/wp\/v2\/media\/69884"}],"wp:attachment":[{"href":"https:\/\/ismaelcolosi.com.br\/index.php\/wp-json\/wp\/v2\/media?parent=69883"}],"wp:term":[{"taxonomy":"category","embeddable":true,"href":"https:\/\/ismaelcolosi.com.br\/index.php\/wp-json\/wp\/v2\/categories?post=69883"},{"taxonomy":"post_tag","embeddable":true,"href":"https:\/\/ismaelcolosi.com.br\/index.php\/wp-json\/wp\/v2\/tags?post=69883"}],"curies":[{"name":"wp","href":"https:\/\/api.w.org\/{rel}","templated":true}]}}