{"id":69869,"date":"2024-10-08T14:10:23","date_gmt":"2024-10-08T17:10:23","guid":{"rendered":"https:\/\/ismaelcolosi.com.br\/index.php\/2024\/10\/08\/combustivel-do-futuro-investimentos-podem-chegar-a-r-260-bilhoes\/"},"modified":"2024-10-08T14:10:23","modified_gmt":"2024-10-08T17:10:23","slug":"combustivel-do-futuro-investimentos-podem-chegar-a-r-260-bilhoes","status":"publish","type":"post","link":"https:\/\/ismaelcolosi.com.br\/index.php\/2024\/10\/08\/combustivel-do-futuro-investimentos-podem-chegar-a-r-260-bilhoes\/","title":{"rendered":"Combust\u00edvel do Futuro: Investimentos podem chegar a R$ 260 bilh\u00f5es"},"content":{"rendered":"<p> <br \/>\n<\/p>\n<div>\n<p>O presidente<strong> Luiz In\u00e1cio Lula da Silva (PT)<\/strong> assinou, nesta ter\u00e7a-feira (8), a <strong>Lei Combust\u00edvel do Futuro<\/strong>, que incentiva a produ\u00e7\u00e3o e uso de combust\u00edveis sustent\u00e1veis. A previs\u00e3o do <strong>Governo Federal<\/strong> \u00e9 que o novo marco possa gerar mais de <mark style=\"background-color:#fcb900\" class=\"has-inline-color has-black-color\">R$ 260 bilh\u00f5es de investimentos no agro e na cadeia dos biocombust\u00edveis.<\/mark><\/p>\n<p>A norma cria programas nacionais de diesel verde, de combust\u00edvel sustent\u00e1vel para avia\u00e7\u00e3o e de biometano, al\u00e9m de aumentar a mistura de etanol e de biodiesel \u00e0 gasolina e ao diesel, respectivamente.<\/p>\n<p>De acordo com o texto,<mark style=\"background-color:#fcb900\" class=\"has-inline-color has-black-color\"> a margem de mistura de etanol \u00e0 gasolina passar\u00e1 a ser de 22% a 27%, podendo chegar a 35%.<\/mark> Atualmente, a mistura pode chegar a 27,5%, sendo, no m\u00ednimo, 18% de etanol. O ministro de Minas e Energia, Alexandre Silveira, destacou os investimentos que ser\u00e3o feitos na produ\u00e7\u00e3o de etanol a partir da nova lei.<\/p>\n<p>\u201cVamos aumentar a mistura do etanol na gasolina. Estamos fortalecendo a cadeia do etanol criada h\u00e1 40 anos, impulsionada nos anos 2000 com os ve\u00edculos flex. Poderemos saltar do E27 at\u00e9 35% de etanol na mistura. Isso vai expandir a produ\u00e7\u00e3o nacional, que hoje \u00e9 de 35 bilh\u00f5es de litros, para 50 bilh\u00f5es de litros por ano. S\u00e3o mais de R$ 40 bilh\u00f5es em novos investimentos e R$ 25 bilh\u00f5es para forma\u00e7\u00e3o de canaviais, de mais milharais e transportes. \u00c9 a segunda gera\u00e7\u00e3o do etanol\u201d.<\/p>\n<h4 class=\"wp-block-heading\"><strong>Programas<\/strong><\/h4>\n<p>A lei institui tr\u00eas programas para incentivar a pesquisa, a produ\u00e7\u00e3o, a comercializa\u00e7\u00e3o e o uso de biocombust\u00edveis, com o objetivo de promover a descarboniza\u00e7\u00e3o da matriz de transportes e de mobilidade.<\/p>\n<p>O primeiro deles \u00e9 o<strong> ProBioQAV (Programa Nacional de Combust\u00edvel Sustent\u00e1vel de Avia\u00e7\u00e3o)<\/strong>. Esse programa estabelece que a partir de 2027, os operadores a\u00e9reos ser\u00e3o obrigados a reduzir as emiss\u00f5es de gases do efeito estufa nos voos dom\u00e9sticos por meio do uso do combust\u00edvel sustent\u00e1vel de avia\u00e7\u00e3o (SAF, na sigla em ingl\u00eas). As metas come\u00e7am com 1% de redu\u00e7\u00e3o e crescem gradativamente at\u00e9 atingir 10% em 2037.<\/p>\n<p>J\u00e1 o <strong>PNDV (Programa Nacional de Diesel Verde)<\/strong> prev\u00ea que o <strong>CNPE (Conselho Nacional de Pol\u00edtica Energ\u00e9tica) <\/strong>estabele\u00e7a, a cada ano, a quantidade m\u00ednima, em volume, de diesel verde a ser adicionado ao diesel de origem f\u00f3ssil.<\/p>\n<p>Por fim, o Programa Nacional de Descarboniza\u00e7\u00e3o do Produtor e Importador de G\u00e1s Natural e de Incentivo ao Biometano tem como objetivo estimular a pesquisa, a produ\u00e7\u00e3o, a comercializa\u00e7\u00e3o e o uso do biometano e do biog\u00e1s na matriz energ\u00e9tica brasileira.<\/p>\n<p>O CNPE definir\u00e1 metas anuais para redu\u00e7\u00e3o da emiss\u00e3o de gases do efeito estufa pelo setor de g\u00e1s natural por meio do uso do biometano. A meta entrar\u00e1 em vigor em janeiro de 2026, com valor inicial de 1% e n\u00e3o poder\u00e1 ultrapassar 10% (Com informa\u00e7\u00f5es Ag\u00eancia Brasil).<\/p>\n<p>SAIBA MAIS<br \/>Constru\u00e7\u00e3o do Centro Administrativo de Ribeir\u00e3o Preto tem reviravolta; Entenda<\/p>\n<h4 class=\"wp-block-heading\"><strong>FIQUE ON<\/strong><\/h4>\n<p>Fique ligado em tudo que acontece em Ribeir\u00e3o Preto e regi\u00e3o. Siga os perfis do<strong> acidade on<\/strong> no <a href=\"https:\/\/www.instagram.com\/acidadeonribeirao\" target=\"_blank\" rel=\"noreferrer noopener nofollow\">Instagram<\/a> e no <a href=\"https:\/\/www.facebook.com\/acidadeonribeirao\/\" target=\"_blank\" rel=\"noreferrer noopener nofollow\">Facebook<\/a>.<\/p>\n<p>Receba not\u00edcias do<strong> acidade on <\/strong>no WhatsApp. <a href=\"https:\/\/chat.whatsapp.com\/Fg4ok3aAVyB59DP63pRapr\" target=\"_blank\" rel=\"noreferrer noopener nofollow\">Para entrar no grupo, basta clicar aqui.<\/a><\/p>\n<p>Fa\u00e7a uma den\u00fancia ou sugira uma reportagem sobre Ribeir\u00e3o Preto e regi\u00e3o pelo WhatsApp: 16 99117 7802.<\/p>\n<p>VEJA TAMB\u00c9M<br \/>Como ver o resultado do CNU?<\/p>\n<p><!-- CONTENT END 1 -->\n<\/div>\n<p><script async src=\"\/\/www.instagram.com\/embed.js\"><\/script><br \/>\n<br \/><br \/>\n<br \/><a href=\"https:\/\/www.acidadeon.com\/ribeiraopreto\/economia\/combustivel-do-futuro-investimentos-podem-chegar-a-r-260-bilhoes\/\">Source link <\/a><\/p>\n","protected":false},"excerpt":{"rendered":"<p>O presidente Luiz In\u00e1cio Lula da Silva (PT) assinou, nesta ter\u00e7a-feira (8), a Lei Combust\u00edvel do Futuro, que incentiva a produ\u00e7\u00e3o e uso de combust\u00edveis&#8230;<\/p>\n","protected":false},"author":1,"featured_media":69870,"comment_status":"open","ping_status":"open","sticky":false,"template":"","format":"standard","meta":{"_uag_custom_page_level_css":"","advanced_seo_description":"","jetpack_seo_html_title":"","jetpack_seo_noindex":false,"jetpack_post_was_ever_published":false,"_jetpack_newsletter_access":"","_jetpack_dont_email_post_to_subs":false,"_jetpack_newsletter_tier_id":0,"_jetpack_memberships_contains_paywalled_content":false,"_jetpack_memberships_contains_paid_content":false,"footnotes":"","jetpack_publicize_message":"","jetpack_publicize_feature_enabled":true,"jetpack_social_post_already_shared":true,"jetpack_social_options":{"image_generator_settings":{"template":"highway","default_image_id":0,"font":"","enabled":false},"version":2}},"categories":[11],"tags":[],"class_list":["post-69869","post","type-post","status-publish","format-standard","has-post-thumbnail","hentry","category-noticias-de-ribeirao-preto-sp-e-regiao-ismael-colosi"],"jetpack_publicize_connections":[],"jetpack_featured_media_url":"https:\/\/i0.wp.com\/ismaelcolosi.com.br\/wp-content\/uploads\/2024\/10\/etanol_biocombustivel_1024x576_07052021163315.jpg?fit=1024%2C614&ssl=1","uagb_featured_image_src":{"full":["https:\/\/i0.wp.com\/ismaelcolosi.com.br\/wp-content\/uploads\/2024\/10\/etanol_biocombustivel_1024x576_07052021163315.jpg?fit=1024%2C614&ssl=1",1024,614,false],"thumbnail":["https:\/\/i0.wp.com\/ismaelcolosi.com.br\/wp-content\/uploads\/2024\/10\/etanol_biocombustivel_1024x576_07052021163315.jpg?resize=150%2C150&ssl=1",150,150,true],"medium":["https:\/\/i0.wp.com\/ismaelcolosi.com.br\/wp-content\/uploads\/2024\/10\/etanol_biocombustivel_1024x576_07052021163315.jpg?fit=300%2C180&ssl=1",300,180,true],"medium_large":["https:\/\/i0.wp.com\/ismaelcolosi.com.br\/wp-content\/uploads\/2024\/10\/etanol_biocombustivel_1024x576_07052021163315.jpg?fit=768%2C461&ssl=1",768,461,true],"large":["https:\/\/i0.wp.com\/ismaelcolosi.com.br\/wp-content\/uploads\/2024\/10\/etanol_biocombustivel_1024x576_07052021163315.jpg?fit=1024%2C614&ssl=1",1024,614,true],"1536x1536":["https:\/\/i0.wp.com\/ismaelcolosi.com.br\/wp-content\/uploads\/2024\/10\/etanol_biocombustivel_1024x576_07052021163315.jpg?fit=1024%2C614&ssl=1",1024,614,true],"2048x2048":["https:\/\/i0.wp.com\/ismaelcolosi.com.br\/wp-content\/uploads\/2024\/10\/etanol_biocombustivel_1024x576_07052021163315.jpg?fit=1024%2C614&ssl=1",1024,614,true],"really-simple-thumb":["https:\/\/i0.wp.com\/ismaelcolosi.com.br\/wp-content\/uploads\/2024\/10\/etanol_biocombustivel_1024x576_07052021163315.jpg?resize=370%2C247&ssl=1",370,247,true]},"uagb_author_info":{"display_name":"ismaelcolosi.com.br","author_link":"https:\/\/ismaelcolosi.com.br\/index.php\/author\/vidareal-online\/"},"uagb_comment_info":0,"uagb_excerpt":"O presidente Luiz In\u00e1cio Lula da Silva (PT) assinou, nesta ter\u00e7a-feira (8), a Lei Combust\u00edvel do Futuro, que incentiva a produ\u00e7\u00e3o e uso de combust\u00edveis...","jetpack-related-posts":[{"id":70078,"url":"https:\/\/ismaelcolosi.com.br\/index.php\/2024\/10\/09\/entenda-como-nova-lei-dos-combustiveis-pode-trazer-investimentos-para-regiao-de-ribeirao\/","url_meta":{"origin":69869,"position":0},"title":"Entenda como nova lei dos combust\u00edveis pode trazer investimentos para regi\u00e3o de Ribeir\u00e3o","author":"ismaelcolosi.com.br","date":"9 de October de 2024","format":false,"excerpt":"Na \u00faltima ter\u00e7a-feira (8), o presidente Luiz In\u00e1cio Lula da Silva (PT) sancionou a Lei Combust\u00edvel do Futuro, que incentiva a produ\u00e7\u00e3o e uso de combust\u00edveis sustent\u00e1veis. Segundo o Ceise BR (Centro Nacional das Ind\u00fastrias do Setor Sucroenerg\u00e9tico e Bioenergia), a medida pode trazer novos investimentos para regi\u00e3o de Ribeir\u00e3o\u2026","rel":"","context":"In &quot;Not\u00edcias de Ribeir\u00e3o Preto-SP e Regi\u00e3o&quot;","block_context":{"text":"Not\u00edcias de Ribeir\u00e3o Preto-SP e Regi\u00e3o","link":"https:\/\/ismaelcolosi.com.br\/index.php\/category\/noticias-de-ribeirao-preto-sp-e-regiao-ismael-colosi\/"},"img":{"alt_text":"","src":"https:\/\/i0.wp.com\/ismaelcolosi.com.br\/wp-content\/uploads\/2024\/10\/combustivel-do-futuro_2024-10-09_15-37-07_jpg_2024-10-09_15-37-08.webp.webp?fit=1200%2C616&ssl=1&resize=350%2C200","width":350,"height":200,"srcset":"https:\/\/i0.wp.com\/ismaelcolosi.com.br\/wp-content\/uploads\/2024\/10\/combustivel-do-futuro_2024-10-09_15-37-07_jpg_2024-10-09_15-37-08.webp.webp?fit=1200%2C616&ssl=1&resize=350%2C200 1x, https:\/\/i0.wp.com\/ismaelcolosi.com.br\/wp-content\/uploads\/2024\/10\/combustivel-do-futuro_2024-10-09_15-37-07_jpg_2024-10-09_15-37-08.webp.webp?fit=1200%2C616&ssl=1&resize=525%2C300 1.5x, https:\/\/i0.wp.com\/ismaelcolosi.com.br\/wp-content\/uploads\/2024\/10\/combustivel-do-futuro_2024-10-09_15-37-07_jpg_2024-10-09_15-37-08.webp.webp?fit=1200%2C616&ssl=1&resize=700%2C400 2x, https:\/\/i0.wp.com\/ismaelcolosi.com.br\/wp-content\/uploads\/2024\/10\/combustivel-do-futuro_2024-10-09_15-37-07_jpg_2024-10-09_15-37-08.webp.webp?fit=1200%2C616&ssl=1&resize=1050%2C600 3x"},"classes":[]},{"id":76107,"url":"https:\/\/ismaelcolosi.com.br\/index.php\/2024\/11\/10\/combustivel-do-futuro-agora-e-lei\/","url_meta":{"origin":69869,"position":1},"title":"Combust\u00edvel do Futuro agora \u00e9 lei\u00a0 \u00a0\u00a0","author":"ismaelcolosi.com.br","date":"10 de November de 2024","format":false,"excerpt":"A san\u00e7\u00e3o pelo Governo Federal da Lei do Combust\u00edvel do Futuro, na ter\u00e7a-feira, 8 de outubro, foi fundamental para o setor bioenerg\u00e9tico brasileiro, pois criar\u00e1 mecanismos inovadores de incentivo \u00e0 bioenergia no Brasil. As pol\u00edticas p\u00fablicas a serem implementadas por meio da nova legisla\u00e7\u00e3o v\u00e3o apoiar a produ\u00e7\u00e3o de biocombust\u00edveis\u2026","rel":"","context":"In &quot;Not\u00edcias de Ribeir\u00e3o Preto-SP e Regi\u00e3o&quot;","block_context":{"text":"Not\u00edcias de Ribeir\u00e3o Preto-SP e Regi\u00e3o","link":"https:\/\/ismaelcolosi.com.br\/index.php\/category\/noticias-de-ribeirao-preto-sp-e-regiao-ismael-colosi\/"},"img":{"alt_text":"","src":"https:\/\/i0.wp.com\/ismaelcolosi.com.br\/wp-content\/uploads\/2024\/11\/jardim-risk-arquivo-1-scaled.jpg?fit=750%2C500&ssl=1&resize=350%2C200","width":350,"height":200,"srcset":"https:\/\/i0.wp.com\/ismaelcolosi.com.br\/wp-content\/uploads\/2024\/11\/jardim-risk-arquivo-1-scaled.jpg?fit=750%2C500&ssl=1&resize=350%2C200 1x, https:\/\/i0.wp.com\/ismaelcolosi.com.br\/wp-content\/uploads\/2024\/11\/jardim-risk-arquivo-1-scaled.jpg?fit=750%2C500&ssl=1&resize=525%2C300 1.5x, https:\/\/i0.wp.com\/ismaelcolosi.com.br\/wp-content\/uploads\/2024\/11\/jardim-risk-arquivo-1-scaled.jpg?fit=750%2C500&ssl=1&resize=700%2C400 2x"},"classes":[]},{"id":55036,"url":"https:\/\/ismaelcolosi.com.br\/index.php\/2024\/06\/30\/entenda-como-etanol-produzido-na-regiao-de-ribeirao-pode-parar-na-formula-1\/","url_meta":{"origin":69869,"position":2},"title":"Entenda como etanol produzido na regi\u00e3o de Ribeir\u00e3o pode parar na F\u00f3rmula 1","author":"ismaelcolosi.com.br","date":"30 de June de 2024","format":false,"excerpt":"A regi\u00e3o de Ribeir\u00e3o Preto produz o equivalente a 14% do etanol de cana-de-a\u00e7\u00facar fabricado no Brasil, de acordo com a Unica (Uni\u00e3o da Ind\u00fastria de Cana-de-A\u00e7\u00facar e Bioernegia). S\u00e3o 3,5 bilh\u00f5es de litros por safra. Em raz\u00e3o da import\u00e2ncia da regi\u00e3o, a F\u00f3rmula 1 pode ser importante para economia\u2026","rel":"","context":"In &quot;Not\u00edcias de Ribeir\u00e3o Preto-SP e Regi\u00e3o&quot;","block_context":{"text":"Not\u00edcias de Ribeir\u00e3o Preto-SP e Regi\u00e3o","link":"https:\/\/ismaelcolosi.com.br\/index.php\/category\/noticias-de-ribeirao-preto-sp-e-regiao-ismael-colosi\/"},"img":{"alt_text":"","src":"https:\/\/i0.wp.com\/ismaelcolosi.com.br\/wp-content\/uploads\/2024\/06\/ferrari_2024-06-29_19-59-39_jpg_2024-06-29_19-59-39.webp.webp?fit=1200%2C684&ssl=1&resize=350%2C200","width":350,"height":200,"srcset":"https:\/\/i0.wp.com\/ismaelcolosi.com.br\/wp-content\/uploads\/2024\/06\/ferrari_2024-06-29_19-59-39_jpg_2024-06-29_19-59-39.webp.webp?fit=1200%2C684&ssl=1&resize=350%2C200 1x, https:\/\/i0.wp.com\/ismaelcolosi.com.br\/wp-content\/uploads\/2024\/06\/ferrari_2024-06-29_19-59-39_jpg_2024-06-29_19-59-39.webp.webp?fit=1200%2C684&ssl=1&resize=525%2C300 1.5x, https:\/\/i0.wp.com\/ismaelcolosi.com.br\/wp-content\/uploads\/2024\/06\/ferrari_2024-06-29_19-59-39_jpg_2024-06-29_19-59-39.webp.webp?fit=1200%2C684&ssl=1&resize=700%2C400 2x, https:\/\/i0.wp.com\/ismaelcolosi.com.br\/wp-content\/uploads\/2024\/06\/ferrari_2024-06-29_19-59-39_jpg_2024-06-29_19-59-39.webp.webp?fit=1200%2C684&ssl=1&resize=1050%2C600 3x"},"classes":[]},{"id":15012,"url":"https:\/\/ismaelcolosi.com.br\/index.php\/2023\/12\/12\/etanol-volta-a-cair-nas-usinas-3\/","url_meta":{"origin":69869,"position":3},"title":"Etanol volta a cair nas usinas \u00a0","author":"ismaelcolosi.com.br","date":"12 de December de 2023","format":false,"excerpt":"O pre\u00e7o do \u00e1lcool combust\u00edvel voltou a cair nas usinas paulistas. O valor do hidratado est\u00e1 abaixo de R$ 2,00, mas \u201cencostou\u201d nos R$ 3,90 no final de 2021. Na sexta-feira, 8 de dezembro, recuou 3,57%, de R$ 2,0536 para R$ 1,9803 por litro, valor mais baixo desde outubro de\u2026","rel":"","context":"In &quot;Not\u00edcias de Ribeir\u00e3o Preto-SP e Regi\u00e3o&quot;","block_context":{"text":"Not\u00edcias de Ribeir\u00e3o Preto-SP e Regi\u00e3o","link":"https:\/\/ismaelcolosi.com.br\/index.php\/category\/noticias-de-ribeirao-preto-sp-e-regiao-ismael-colosi\/"},"img":{"alt_text":"","src":"https:\/\/i0.wp.com\/ismaelcolosi.com.br\/wp-content\/uploads\/2023\/12\/etanol.png?fit=1000%2C563&ssl=1&resize=350%2C200","width":350,"height":200,"srcset":"https:\/\/i0.wp.com\/ismaelcolosi.com.br\/wp-content\/uploads\/2023\/12\/etanol.png?fit=1000%2C563&ssl=1&resize=350%2C200 1x, https:\/\/i0.wp.com\/ismaelcolosi.com.br\/wp-content\/uploads\/2023\/12\/etanol.png?fit=1000%2C563&ssl=1&resize=525%2C300 1.5x, https:\/\/i0.wp.com\/ismaelcolosi.com.br\/wp-content\/uploads\/2023\/12\/etanol.png?fit=1000%2C563&ssl=1&resize=700%2C400 2x"},"classes":[]},{"id":17979,"url":"https:\/\/ismaelcolosi.com.br\/index.php\/2023\/12\/19\/preco-do-etanol-desaba-nas-usinas-paulistas\/","url_meta":{"origin":69869,"position":4},"title":"Pre\u00e7o do etanol desaba nas usinas paulistas\u00a0","author":"ismaelcolosi.com.br","date":"19 de December de 2023","format":false,"excerpt":"O pre\u00e7o do \u00e1lcool combust\u00edvel voltou a cair nas usinas paulistas. O valor do hidratado est\u00e1 abaixo de R$ 1,90, mas \u201cencostou\u201d nos R$ 3,90 no final de 2021. Na sexta-feira, 15 de dezembro, desabou mais 6,14%, de R$ 1,9803 para R$ 1,8588 por litro, valor mais baixo desde 5\u2026","rel":"","context":"In &quot;Not\u00edcias de Ribeir\u00e3o Preto-SP e Regi\u00e3o&quot;","block_context":{"text":"Not\u00edcias de Ribeir\u00e3o Preto-SP e Regi\u00e3o","link":"https:\/\/ismaelcolosi.com.br\/index.php\/category\/noticias-de-ribeirao-preto-sp-e-regiao-ismael-colosi\/"},"img":{"alt_text":"","src":"https:\/\/i0.wp.com\/ismaelcolosi.com.br\/wp-content\/uploads\/2023\/12\/EtanolRP-Divulgacao.png?fit=1000%2C563&ssl=1&resize=350%2C200","width":350,"height":200,"srcset":"https:\/\/i0.wp.com\/ismaelcolosi.com.br\/wp-content\/uploads\/2023\/12\/EtanolRP-Divulgacao.png?fit=1000%2C563&ssl=1&resize=350%2C200 1x, https:\/\/i0.wp.com\/ismaelcolosi.com.br\/wp-content\/uploads\/2023\/12\/EtanolRP-Divulgacao.png?fit=1000%2C563&ssl=1&resize=525%2C300 1.5x, https:\/\/i0.wp.com\/ismaelcolosi.com.br\/wp-content\/uploads\/2023\/12\/EtanolRP-Divulgacao.png?fit=1000%2C563&ssl=1&resize=700%2C400 2x"},"classes":[]},{"id":33801,"url":"https:\/\/ismaelcolosi.com.br\/index.php\/2024\/01\/30\/etanol-avanca-708-nas-usinas-paulistas\/","url_meta":{"origin":69869,"position":5},"title":"Etanol avan\u00e7a 7,08%\u00a0 nas usinas paulistas\u00a0","author":"ismaelcolosi.com.br","date":"30 de January de 2024","format":false,"excerpt":"O pre\u00e7o do \u00e1lcool combust\u00edvel disparou nas usinas paulistas pela segunda semana seguida. O valor do hidratado est\u00e1 acima de R$ 2,00, mas \u201cencostou\u201d nos R$ 3,90 no final de 2021. Na sexta-feira, 26 de janeiro, avan\u00e7ou 7,08%, de R$ 1,9012 para R$ 2,0359 por litro. No dia 19, a\u2026","rel":"","context":"In &quot;Not\u00edcias de Ribeir\u00e3o Preto-SP e Regi\u00e3o&quot;","block_context":{"text":"Not\u00edcias de Ribeir\u00e3o Preto-SP e Regi\u00e3o","link":"https:\/\/ismaelcolosi.com.br\/index.php\/category\/noticias-de-ribeirao-preto-sp-e-regiao-ismael-colosi\/"},"img":{"alt_text":"","src":"https:\/\/i0.wp.com\/ismaelcolosi.com.br\/wp-content\/uploads\/2024\/01\/EtanolRP-Divulgacao-01-1.png?fit=1000%2C563&ssl=1&resize=350%2C200","width":350,"height":200,"srcset":"https:\/\/i0.wp.com\/ismaelcolosi.com.br\/wp-content\/uploads\/2024\/01\/EtanolRP-Divulgacao-01-1.png?fit=1000%2C563&ssl=1&resize=350%2C200 1x, https:\/\/i0.wp.com\/ismaelcolosi.com.br\/wp-content\/uploads\/2024\/01\/EtanolRP-Divulgacao-01-1.png?fit=1000%2C563&ssl=1&resize=525%2C300 1.5x, https:\/\/i0.wp.com\/ismaelcolosi.com.br\/wp-content\/uploads\/2024\/01\/EtanolRP-Divulgacao-01-1.png?fit=1000%2C563&ssl=1&resize=700%2C400 2x"},"classes":[]}],"jetpack_sharing_enabled":true,"jetpack_shortlink":"https:\/\/wp.me\/pfMlyK-iaV","_links":{"self":[{"href":"https:\/\/ismaelcolosi.com.br\/index.php\/wp-json\/wp\/v2\/posts\/69869","targetHints":{"allow":["GET"]}}],"collection":[{"href":"https:\/\/ismaelcolosi.com.br\/index.php\/wp-json\/wp\/v2\/posts"}],"about":[{"href":"https:\/\/ismaelcolosi.com.br\/index.php\/wp-json\/wp\/v2\/types\/post"}],"author":[{"embeddable":true,"href":"https:\/\/ismaelcolosi.com.br\/index.php\/wp-json\/wp\/v2\/users\/1"}],"replies":[{"embeddable":true,"href":"https:\/\/ismaelcolosi.com.br\/index.php\/wp-json\/wp\/v2\/comments?post=69869"}],"version-history":[{"count":0,"href":"https:\/\/ismaelcolosi.com.br\/index.php\/wp-json\/wp\/v2\/posts\/69869\/revisions"}],"wp:featuredmedia":[{"embeddable":true,"href":"https:\/\/ismaelcolosi.com.br\/index.php\/wp-json\/wp\/v2\/media\/69870"}],"wp:attachment":[{"href":"https:\/\/ismaelcolosi.com.br\/index.php\/wp-json\/wp\/v2\/media?parent=69869"}],"wp:term":[{"taxonomy":"category","embeddable":true,"href":"https:\/\/ismaelcolosi.com.br\/index.php\/wp-json\/wp\/v2\/categories?post=69869"},{"taxonomy":"post_tag","embeddable":true,"href":"https:\/\/ismaelcolosi.com.br\/index.php\/wp-json\/wp\/v2\/tags?post=69869"}],"curies":[{"name":"wp","href":"https:\/\/api.w.org\/{rel}","templated":true}]}}