{"id":69849,"date":"2024-10-08T12:39:12","date_gmt":"2024-10-08T15:39:12","guid":{"rendered":"https:\/\/ismaelcolosi.com.br\/index.php\/2024\/10\/08\/sesi-ribeirao-preto-tem-programacao-especial-para-o-dia-das-criancas\/"},"modified":"2024-10-08T12:39:12","modified_gmt":"2024-10-08T15:39:12","slug":"sesi-ribeirao-preto-tem-programacao-especial-para-o-dia-das-criancas","status":"publish","type":"post","link":"https:\/\/ismaelcolosi.com.br\/index.php\/2024\/10\/08\/sesi-ribeirao-preto-tem-programacao-especial-para-o-dia-das-criancas\/","title":{"rendered":"Sesi Ribeir\u00e3o Preto tem programa\u00e7\u00e3o especial para o Dia das Crian\u00e7as"},"content":{"rendered":"<p> <br \/>\n<\/p>\n<div data-td-block-uid=\"tdi_106\">\n<div class=\"tdb-block-inner td-fix-index\">\n<p>Mais uma edi\u00e7\u00e3o do \u201c<strong>Brincadeira &amp; Cia<\/strong>\u201d retorna ao <strong>Sesi Ribeir\u00e3o Preto<\/strong> neste <strong>domingo (13)<\/strong>, das <strong>9h \u00e0s 17h<\/strong>, no <strong>Centro de Atividades (CAT)<\/strong>, localizado na <strong>rua Arthur Jos\u00e9 Suzana s\/n\u00ba<\/strong>, no <strong>Jardim Castelo Branco<\/strong>.<\/p>\n<p>O evento foi criado especialmente para comemorar o <strong>Dia das Crian\u00e7as <\/strong>e oferece atividades <strong>gratuitas<\/strong> de lazer, esporte e cultura que envolve crian\u00e7as e pais. <\/p>\n<p>A programa\u00e7\u00e3o traz oficinas de arte, atividades esportivas, brinquedos infl\u00e1veis, m\u00fasica ao vivo e muito mais. Embora a entrada seja <strong>gratuita<\/strong> \u00e9 necess\u00e1rio reservar os ingressos no site (<a href=\"https:\/\/www.sesisp.org.br\/evento\/1c1ee7dd-edc0-40b0-b3f5-2a3efb91abe0\/brincaderiacia-2024\" target=\"_blank\" rel=\"noreferrer noopener\">clique aqui<\/a>).<\/p>\n<h4 class=\"wp-block-heading\"><strong>Servi\u00e7o<\/strong><\/h4>\n<p><strong>Brincadeira&amp;Cia<\/strong><\/p>\n<p><strong>Quando:<\/strong> 13 de outubro, domingo <br \/><strong>Hor\u00e1rio:<\/strong> Das 9h \u00e0s 17h <br \/><strong>Local:<\/strong> CAT \u2013 rua Arthur Jos\u00e9 s\/n\u00ba, Jardim Castelo Branco<br \/><strong>Entrada gratuita<\/strong>, por\u00e9m \u00e9 necess\u00e1rio reservar os ingressos no site (<a href=\"https:\/\/www.sesisp.org.br\/evento\/1c1ee7dd-edc0-40b0-b3f5-2a3efb91abe0\/brincaderiacia-2024\" target=\"_blank\" rel=\"noreferrer noopener\">clique aqui<\/a>)<\/p>\n<p>SAIBA MAIS<br \/>Regi\u00e3o de Ribeir\u00e3o Preto recebe oktoberfest nesta semana<\/p>\n<h4 class=\"wp-block-heading\"><strong>FIQUE ON<\/strong><\/h4>\n<p>Fique ligado em tudo que acontece em Ribeir\u00e3o Preto e regi\u00e3o. Siga os perfis do <strong>acidade on <\/strong>no <a href=\"https:\/\/www.instagram.com\/acidadeonribeirao\" target=\"_blank\" rel=\"noreferrer noopener\">Instagram<\/a> e no <a href=\"https:\/\/www.facebook.com\/acidadeonribeirao\" target=\"_blank\" rel=\"noreferrer noopener\">Facebook<\/a>.<\/p>\n<p>Receba not\u00edcias do <strong>acidade on<\/strong> no WhatsApp. Para entrar no grupo, basta <a href=\"https:\/\/chat.whatsapp.com\/Dtv9mxhy6V5BJBotM2OQ5k\" target=\"_blank\" rel=\"noreferrer noopener\">clicar aqui<\/a>.<\/p>\n<p>Fa\u00e7a uma den\u00fancia ou sugira uma reportagem sobre Ribeir\u00e3o Preto e regi\u00e3o pelo WhatsApp: 16 99117 7802.<\/p>\n<p>VEJA TAMB\u00c9M<br \/>Quantos anos Bruno Mars foi casado?<\/p>\n<p><!-- CONTENT END 1 -->\n<\/div>\n<\/div>\n<p><script async src=\"\/\/www.instagram.com\/embed.js\"><\/script><br \/>\n<br \/><br \/>\n<br \/><a href=\"https:\/\/www.acidadeon.com\/ribeiraopreto\/lazer-e-cultura\/sesi-ribeirao-preto-tem-programacao-especial-para-o-dia-das-criancas\/\">Source link <\/a><\/p>\n","protected":false},"excerpt":{"rendered":"<p>Mais uma edi\u00e7\u00e3o do \u201cBrincadeira &amp; Cia\u201d retorna ao Sesi Ribeir\u00e3o Preto neste domingo (13), das 9h \u00e0s 17h, no Centro de Atividades (CAT), localizado&#8230;<\/p>\n","protected":false},"author":1,"featured_media":69850,"comment_status":"open","ping_status":"open","sticky":false,"template":"","format":"standard","meta":{"_uag_custom_page_level_css":"","advanced_seo_description":"","jetpack_seo_html_title":"","jetpack_seo_noindex":false,"jetpack_post_was_ever_published":false,"_jetpack_newsletter_access":"","_jetpack_dont_email_post_to_subs":false,"_jetpack_newsletter_tier_id":0,"_jetpack_memberships_contains_paywalled_content":false,"_jetpack_memberships_contains_paid_content":false,"footnotes":"","jetpack_publicize_message":"","jetpack_publicize_feature_enabled":true,"jetpack_social_post_already_shared":true,"jetpack_social_options":{"image_generator_settings":{"template":"highway","default_image_id":0,"font":"","enabled":false},"version":2}},"categories":[11],"tags":[],"class_list":["post-69849","post","type-post","status-publish","format-standard","has-post-thumbnail","hentry","category-noticias-de-ribeirao-preto-sp-e-regiao-ismael-colosi"],"jetpack_publicize_connections":[],"jetpack_featured_media_url":"https:\/\/i0.wp.com\/ismaelcolosi.com.br\/wp-content\/uploads\/2024\/10\/medium-shot-kids-holding-balloons_2024-10-08_14-15-02_jpg_2024-10-08_14-15-05-scaled.webp.webp?fit=2560%2C1707&ssl=1","uagb_featured_image_src":{"full":["https:\/\/i0.wp.com\/ismaelcolosi.com.br\/wp-content\/uploads\/2024\/10\/medium-shot-kids-holding-balloons_2024-10-08_14-15-02_jpg_2024-10-08_14-15-05-scaled.webp.webp?fit=2560%2C1707&ssl=1",2560,1707,false],"thumbnail":["https:\/\/i0.wp.com\/ismaelcolosi.com.br\/wp-content\/uploads\/2024\/10\/medium-shot-kids-holding-balloons_2024-10-08_14-15-02_jpg_2024-10-08_14-15-05-scaled.webp.webp?resize=150%2C150&ssl=1",150,150,true],"medium":["https:\/\/i0.wp.com\/ismaelcolosi.com.br\/wp-content\/uploads\/2024\/10\/medium-shot-kids-holding-balloons_2024-10-08_14-15-02_jpg_2024-10-08_14-15-05-scaled.webp.webp?fit=300%2C200&ssl=1",300,200,true],"medium_large":["https:\/\/i0.wp.com\/ismaelcolosi.com.br\/wp-content\/uploads\/2024\/10\/medium-shot-kids-holding-balloons_2024-10-08_14-15-02_jpg_2024-10-08_14-15-05-scaled.webp.webp?fit=768%2C512&ssl=1",768,512,true],"large":["https:\/\/i0.wp.com\/ismaelcolosi.com.br\/wp-content\/uploads\/2024\/10\/medium-shot-kids-holding-balloons_2024-10-08_14-15-02_jpg_2024-10-08_14-15-05-scaled.webp.webp?fit=1024%2C683&ssl=1",1024,683,true],"1536x1536":["https:\/\/i0.wp.com\/ismaelcolosi.com.br\/wp-content\/uploads\/2024\/10\/medium-shot-kids-holding-balloons_2024-10-08_14-15-02_jpg_2024-10-08_14-15-05-scaled.webp.webp?fit=1536%2C1024&ssl=1",1536,1024,true],"2048x2048":["https:\/\/i0.wp.com\/ismaelcolosi.com.br\/wp-content\/uploads\/2024\/10\/medium-shot-kids-holding-balloons_2024-10-08_14-15-02_jpg_2024-10-08_14-15-05-scaled.webp.webp?fit=2048%2C1366&ssl=1",2048,1366,true],"really-simple-thumb":["https:\/\/i0.wp.com\/ismaelcolosi.com.br\/wp-content\/uploads\/2024\/10\/medium-shot-kids-holding-balloons_2024-10-08_14-15-02_jpg_2024-10-08_14-15-05-scaled.webp.webp?resize=370%2C247&ssl=1",370,247,true]},"uagb_author_info":{"display_name":"ismaelcolosi.com.br","author_link":"https:\/\/ismaelcolosi.com.br\/index.php\/author\/vidareal-online\/"},"uagb_comment_info":0,"uagb_excerpt":"Mais uma edi\u00e7\u00e3o do \u201cBrincadeira &amp; Cia\u201d retorna ao Sesi Ribeir\u00e3o Preto neste domingo (13), das 9h \u00e0s 17h, no Centro de Atividades (CAT), localizado...","jetpack-related-posts":[{"id":36474,"url":"https:\/\/ismaelcolosi.com.br\/index.php\/2024\/02\/09\/confira-a-programacao-de-carnaval-em-ribeirao-preto-neste-sabado\/","url_meta":{"origin":69849,"position":0},"title":"Confira a programa\u00e7\u00e3o de Carnaval em Ribeir\u00e3o Preto neste s\u00e1bado","author":"ismaelcolosi.com.br","date":"9 de February de 2024","format":false,"excerpt":"Ribeir\u00e3o Preto se prepara para o final de semana de Carnaval com diversas op\u00e7\u00f5es de lazer, atividades tem\u00e1ticas, blocos e mais. Confira o que \u00e9 destaque na programa\u00e7\u00e3o de Carnaval neste s\u00e1bado (10): Shoppings em Ribeir\u00e3o e Franca A partir do deste s\u00e1bado (10), os shoppings de Ribeir\u00e3o Preto e\u2026","rel":"","context":"In &quot;Not\u00edcias de Ribeir\u00e3o Preto-SP e Regi\u00e3o&quot;","block_context":{"text":"Not\u00edcias de Ribeir\u00e3o Preto-SP e Regi\u00e3o","link":"https:\/\/ismaelcolosi.com.br\/index.php\/category\/noticias-de-ribeirao-preto-sp-e-regiao-ismael-colosi\/"},"img":{"alt_text":"","src":"https:\/\/i0.wp.com\/ismaelcolosi.com.br\/wp-content\/uploads\/2024\/02\/Capturar-6.jpg?fit=935%2C621&ssl=1&resize=350%2C200","width":350,"height":200,"srcset":"https:\/\/i0.wp.com\/ismaelcolosi.com.br\/wp-content\/uploads\/2024\/02\/Capturar-6.jpg?fit=935%2C621&ssl=1&resize=350%2C200 1x, https:\/\/i0.wp.com\/ismaelcolosi.com.br\/wp-content\/uploads\/2024\/02\/Capturar-6.jpg?fit=935%2C621&ssl=1&resize=525%2C300 1.5x, https:\/\/i0.wp.com\/ismaelcolosi.com.br\/wp-content\/uploads\/2024\/02\/Capturar-6.jpg?fit=935%2C621&ssl=1&resize=700%2C400 2x"},"classes":[]},{"id":70549,"url":"https:\/\/ismaelcolosi.com.br\/index.php\/2024\/10\/11\/fim-de-semana-em-ribeirao-preto-tem-shows-e-programacao-de-dia-das-criancas\/","url_meta":{"origin":69849,"position":1},"title":"Fim de semana em Ribeir\u00e3o Preto tem shows e programa\u00e7\u00e3o de Dia das Crian\u00e7as","author":"ismaelcolosi.com.br","date":"11 de October de 2024","format":false,"excerpt":"Este fim de semana \u00e9 marcado pelo feriado de Nossa Senhora Aparecida e o Dia das Crian\u00e7as. Entre as atra\u00e7\u00f5es da agenda cultural est\u00e3o o show da turn\u00ea de despedida da banda Natiruts e a Romaria de Nossa Senhora, que promete reunir diversos fi\u00e9is, al\u00e9m de diversas atividades para a\u2026","rel":"","context":"In &quot;Not\u00edcias de Ribeir\u00e3o Preto-SP e Regi\u00e3o&quot;","block_context":{"text":"Not\u00edcias de Ribeir\u00e3o Preto-SP e Regi\u00e3o","link":"https:\/\/ismaelcolosi.com.br\/index.php\/category\/noticias-de-ribeirao-preto-sp-e-regiao-ismael-colosi\/"},"img":{"alt_text":"","src":"https:\/\/i0.wp.com\/ismaelcolosi.com.br\/wp-content\/uploads\/2024\/10\/children-playing-grass_2024-10-11_13-54-35_jpg_2024-10-11_13-54-38-scaled.webp.webp?fit=1200%2C800&ssl=1&resize=350%2C200","width":350,"height":200,"srcset":"https:\/\/i0.wp.com\/ismaelcolosi.com.br\/wp-content\/uploads\/2024\/10\/children-playing-grass_2024-10-11_13-54-35_jpg_2024-10-11_13-54-38-scaled.webp.webp?fit=1200%2C800&ssl=1&resize=350%2C200 1x, https:\/\/i0.wp.com\/ismaelcolosi.com.br\/wp-content\/uploads\/2024\/10\/children-playing-grass_2024-10-11_13-54-35_jpg_2024-10-11_13-54-38-scaled.webp.webp?fit=1200%2C800&ssl=1&resize=525%2C300 1.5x, https:\/\/i0.wp.com\/ismaelcolosi.com.br\/wp-content\/uploads\/2024\/10\/children-playing-grass_2024-10-11_13-54-35_jpg_2024-10-11_13-54-38-scaled.webp.webp?fit=1200%2C800&ssl=1&resize=700%2C400 2x, https:\/\/i0.wp.com\/ismaelcolosi.com.br\/wp-content\/uploads\/2024\/10\/children-playing-grass_2024-10-11_13-54-35_jpg_2024-10-11_13-54-38-scaled.webp.webp?fit=1200%2C800&ssl=1&resize=1050%2C600 3x"},"classes":[]},{"id":36876,"url":"https:\/\/ismaelcolosi.com.br\/index.php\/2024\/02\/12\/veja-a-programacao-do-ultimo-dia-do-carnaval-2024-em-ribeirao-preto\/","url_meta":{"origin":69849,"position":2},"title":"Veja a programa\u00e7\u00e3o do \u00faltimo dia do Carnaval 2024 em Ribeir\u00e3o Preto","author":"ismaelcolosi.com.br","date":"12 de February de 2024","format":false,"excerpt":"Ribeir\u00e3o Preto oferece diversas op\u00e7\u00f5es para os foli\u00f5es de todas as idades nesta ter\u00e7a-feira (13) de Carnaval. \u00a0A programa\u00e7\u00e3o da cidade conta com blocos de ruas, apresenta\u00e7\u00f5es e matin\u00eas. Confira: Clube Regatas O clube conta com seu \u00faltimo dia de programa\u00e7\u00e3o especial de Carnaval na ter\u00e7a-feira (13). S\u00f3cios n\u00e3o pagam\u2026","rel":"","context":"In &quot;Not\u00edcias de Ribeir\u00e3o Preto-SP e Regi\u00e3o&quot;","block_context":{"text":"Not\u00edcias de Ribeir\u00e3o Preto-SP e Regi\u00e3o","link":"https:\/\/ismaelcolosi.com.br\/index.php\/category\/noticias-de-ribeirao-preto-sp-e-regiao-ismael-colosi\/"},"img":{"alt_text":"","src":"https:\/\/i0.wp.com\/ismaelcolosi.com.br\/wp-content\/uploads\/2024\/02\/carnaval-1.jpg?fit=1200%2C832&ssl=1&resize=350%2C200","width":350,"height":200,"srcset":"https:\/\/i0.wp.com\/ismaelcolosi.com.br\/wp-content\/uploads\/2024\/02\/carnaval-1.jpg?fit=1200%2C832&ssl=1&resize=350%2C200 1x, https:\/\/i0.wp.com\/ismaelcolosi.com.br\/wp-content\/uploads\/2024\/02\/carnaval-1.jpg?fit=1200%2C832&ssl=1&resize=525%2C300 1.5x, https:\/\/i0.wp.com\/ismaelcolosi.com.br\/wp-content\/uploads\/2024\/02\/carnaval-1.jpg?fit=1200%2C832&ssl=1&resize=700%2C400 2x, https:\/\/i0.wp.com\/ismaelcolosi.com.br\/wp-content\/uploads\/2024\/02\/carnaval-1.jpg?fit=1200%2C832&ssl=1&resize=1050%2C600 3x"},"classes":[]},{"id":35858,"url":"https:\/\/ismaelcolosi.com.br\/index.php\/2024\/02\/07\/mais-um-shopping-de-ribeirao-preto-tem-programacao-de-carnaval-confira\/","url_meta":{"origin":69849,"position":3},"title":"Mais um shopping de Ribeir\u00e3o Preto tem programa\u00e7\u00e3o de Carnaval; Confira","author":"ismaelcolosi.com.br","date":"7 de February de 2024","format":false,"excerpt":"O Shopping Santa \u00darsula, que fica na \u00e1rea Central de Ribeir\u00e3o Preto, divulgou nesta quarta-feira (7) a programa\u00e7\u00e3o de Carnaval. As atra\u00e7\u00f5es acontecem de 10 a 12 de fevereiro e s\u00e3o direcionadas para toda fam\u00edlia. Nos dias 10 e 12, as crian\u00e7as podem curtir o Bailinho de Carnaval do Santa.\u2026","rel":"","context":"In &quot;Not\u00edcias de Ribeir\u00e3o Preto-SP e Regi\u00e3o&quot;","block_context":{"text":"Not\u00edcias de Ribeir\u00e3o Preto-SP e Regi\u00e3o","link":"https:\/\/ismaelcolosi.com.br\/index.php\/category\/noticias-de-ribeirao-preto-sp-e-regiao-ismael-colosi\/"},"img":{"alt_text":"","src":"https:\/\/i0.wp.com\/ismaelcolosi.com.br\/wp-content\/uploads\/2024\/02\/linda-garota-com-peruca-de-palhaco-soprando-confete-scaled.jpg?fit=1200%2C800&ssl=1&resize=350%2C200","width":350,"height":200,"srcset":"https:\/\/i0.wp.com\/ismaelcolosi.com.br\/wp-content\/uploads\/2024\/02\/linda-garota-com-peruca-de-palhaco-soprando-confete-scaled.jpg?fit=1200%2C800&ssl=1&resize=350%2C200 1x, https:\/\/i0.wp.com\/ismaelcolosi.com.br\/wp-content\/uploads\/2024\/02\/linda-garota-com-peruca-de-palhaco-soprando-confete-scaled.jpg?fit=1200%2C800&ssl=1&resize=525%2C300 1.5x, https:\/\/i0.wp.com\/ismaelcolosi.com.br\/wp-content\/uploads\/2024\/02\/linda-garota-com-peruca-de-palhaco-soprando-confete-scaled.jpg?fit=1200%2C800&ssl=1&resize=700%2C400 2x, https:\/\/i0.wp.com\/ismaelcolosi.com.br\/wp-content\/uploads\/2024\/02\/linda-garota-com-peruca-de-palhaco-soprando-confete-scaled.jpg?fit=1200%2C800&ssl=1&resize=1050%2C600 3x"},"classes":[]},{"id":70671,"url":"https:\/\/ismaelcolosi.com.br\/index.php\/2024\/10\/11\/museu-de-ribeirao-preto-oferece-programacao-especial-de-dia-das-criancas\/","url_meta":{"origin":69849,"position":4},"title":"Museu de Ribeir\u00e3o Preto oferece programa\u00e7\u00e3o especial de Dia das Crian\u00e7as","author":"ismaelcolosi.com.br","date":"11 de October de 2024","format":false,"excerpt":"O Museu Municipal da Segunda Guerra Mundial \u00a0\u201cExpedicion\u00e1rio Jos\u00e9 Vivanco Solano\u201d oferece uma programa\u00e7\u00e3o especial em comemora\u00e7\u00e3o ao Dia das Crian\u00e7as, no s\u00e1bado (12), a partir das 11h30. O museu fica na rua Liberdade, 182, nos Campos El\u00edseos. A programa\u00e7\u00e3o inclui algod\u00e3o doce, pipoca, bal\u00f5es e anima\u00e7\u00e3o com o Capit\u00e3o\u2026","rel":"","context":"In &quot;Not\u00edcias de Ribeir\u00e3o Preto-SP e Regi\u00e3o&quot;","block_context":{"text":"Not\u00edcias de Ribeir\u00e3o Preto-SP e Regi\u00e3o","link":"https:\/\/ismaelcolosi.com.br\/index.php\/category\/noticias-de-ribeirao-preto-sp-e-regiao-ismael-colosi\/"},"img":{"alt_text":"","src":"https:\/\/i0.wp.com\/ismaelcolosi.com.br\/wp-content\/uploads\/2024\/10\/museu_2024-10-11_21-08-34_png_2024-10-11_21-08-34.webp.webp?fit=800%2C420&ssl=1&resize=350%2C200","width":350,"height":200,"srcset":"https:\/\/i0.wp.com\/ismaelcolosi.com.br\/wp-content\/uploads\/2024\/10\/museu_2024-10-11_21-08-34_png_2024-10-11_21-08-34.webp.webp?fit=800%2C420&ssl=1&resize=350%2C200 1x, https:\/\/i0.wp.com\/ismaelcolosi.com.br\/wp-content\/uploads\/2024\/10\/museu_2024-10-11_21-08-34_png_2024-10-11_21-08-34.webp.webp?fit=800%2C420&ssl=1&resize=525%2C300 1.5x, https:\/\/i0.wp.com\/ismaelcolosi.com.br\/wp-content\/uploads\/2024\/10\/museu_2024-10-11_21-08-34_png_2024-10-11_21-08-34.webp.webp?fit=800%2C420&ssl=1&resize=700%2C400 2x"},"classes":[]},{"id":65169,"url":"https:\/\/ismaelcolosi.com.br\/index.php\/2024\/09\/11\/cinema-troca-de-livros-e-contacao-de-historias-sesi-ribeirao-tem-programacao-gratuita\/","url_meta":{"origin":69849,"position":5},"title":"Cinema, troca de livros e conta\u00e7\u00e3o de hist\u00f3rias: Sesi Ribeir\u00e3o tem programa\u00e7\u00e3o gratuita","author":"ismaelcolosi.com.br","date":"11 de September de 2024","format":false,"excerpt":"O Sesi Ribeir\u00e3o Preto oferece uma programa\u00e7\u00e3o cultural com cinema, feira para troca de livros e conta\u00e7\u00e3o de hist\u00f3rias. As atividades t\u00eam inicio nesta quarta-feira (11), a partir das 19h30. Embora as atividades sejam\u00a0gratuitas, ainda \u00e9 necess\u00e1rio\u00a0reservar os ingressos\u00a0on-line atrav\u00e9s do sistema\u00a0Meu Sesi. Confira a programa\u00e7\u00e3o cultural completa: Mostra Cine\u2026","rel":"","context":"In &quot;Not\u00edcias de Ribeir\u00e3o Preto-SP e Regi\u00e3o&quot;","block_context":{"text":"Not\u00edcias de Ribeir\u00e3o Preto-SP e Regi\u00e3o","link":"https:\/\/ismaelcolosi.com.br\/index.php\/category\/noticias-de-ribeirao-preto-sp-e-regiao-ismael-colosi\/"},"img":{"alt_text":"","src":"https:\/\/i0.wp.com\/ismaelcolosi.com.br\/wp-content\/uploads\/2024\/09\/b1485220-e35f-41ef-ba0a-ac1a202d66f9_2024-09-11_12-14-48_png_2024-09-11_12-14-48.webp.webp?fit=1066%2C600&ssl=1&resize=350%2C200","width":350,"height":200,"srcset":"https:\/\/i0.wp.com\/ismaelcolosi.com.br\/wp-content\/uploads\/2024\/09\/b1485220-e35f-41ef-ba0a-ac1a202d66f9_2024-09-11_12-14-48_png_2024-09-11_12-14-48.webp.webp?fit=1066%2C600&ssl=1&resize=350%2C200 1x, https:\/\/i0.wp.com\/ismaelcolosi.com.br\/wp-content\/uploads\/2024\/09\/b1485220-e35f-41ef-ba0a-ac1a202d66f9_2024-09-11_12-14-48_png_2024-09-11_12-14-48.webp.webp?fit=1066%2C600&ssl=1&resize=525%2C300 1.5x, https:\/\/i0.wp.com\/ismaelcolosi.com.br\/wp-content\/uploads\/2024\/09\/b1485220-e35f-41ef-ba0a-ac1a202d66f9_2024-09-11_12-14-48_png_2024-09-11_12-14-48.webp.webp?fit=1066%2C600&ssl=1&resize=700%2C400 2x, https:\/\/i0.wp.com\/ismaelcolosi.com.br\/wp-content\/uploads\/2024\/09\/b1485220-e35f-41ef-ba0a-ac1a202d66f9_2024-09-11_12-14-48_png_2024-09-11_12-14-48.webp.webp?fit=1066%2C600&ssl=1&resize=1050%2C600 3x"},"classes":[]}],"jetpack_sharing_enabled":true,"jetpack_shortlink":"https:\/\/wp.me\/pfMlyK-iaB","_links":{"self":[{"href":"https:\/\/ismaelcolosi.com.br\/index.php\/wp-json\/wp\/v2\/posts\/69849","targetHints":{"allow":["GET"]}}],"collection":[{"href":"https:\/\/ismaelcolosi.com.br\/index.php\/wp-json\/wp\/v2\/posts"}],"about":[{"href":"https:\/\/ismaelcolosi.com.br\/index.php\/wp-json\/wp\/v2\/types\/post"}],"author":[{"embeddable":true,"href":"https:\/\/ismaelcolosi.com.br\/index.php\/wp-json\/wp\/v2\/users\/1"}],"replies":[{"embeddable":true,"href":"https:\/\/ismaelcolosi.com.br\/index.php\/wp-json\/wp\/v2\/comments?post=69849"}],"version-history":[{"count":0,"href":"https:\/\/ismaelcolosi.com.br\/index.php\/wp-json\/wp\/v2\/posts\/69849\/revisions"}],"wp:featuredmedia":[{"embeddable":true,"href":"https:\/\/ismaelcolosi.com.br\/index.php\/wp-json\/wp\/v2\/media\/69850"}],"wp:attachment":[{"href":"https:\/\/ismaelcolosi.com.br\/index.php\/wp-json\/wp\/v2\/media?parent=69849"}],"wp:term":[{"taxonomy":"category","embeddable":true,"href":"https:\/\/ismaelcolosi.com.br\/index.php\/wp-json\/wp\/v2\/categories?post=69849"},{"taxonomy":"post_tag","embeddable":true,"href":"https:\/\/ismaelcolosi.com.br\/index.php\/wp-json\/wp\/v2\/tags?post=69849"}],"curies":[{"name":"wp","href":"https:\/\/api.w.org\/{rel}","templated":true}]}}