{"id":69841,"date":"2024-10-08T12:12:11","date_gmt":"2024-10-08T15:12:11","guid":{"rendered":"https:\/\/ismaelcolosi.com.br\/index.php\/2024\/10\/08\/idoso-e-forcado-a-sacar-r-13-mil-durante-sequestro-relampago-em-ribeirao\/"},"modified":"2024-10-08T12:12:11","modified_gmt":"2024-10-08T15:12:11","slug":"idoso-e-forcado-a-sacar-r-13-mil-durante-sequestro-relampago-em-ribeirao","status":"publish","type":"post","link":"https:\/\/ismaelcolosi.com.br\/index.php\/2024\/10\/08\/idoso-e-forcado-a-sacar-r-13-mil-durante-sequestro-relampago-em-ribeirao\/","title":{"rendered":"Idoso \u00e9 for\u00e7ado a sacar R$ 13 mil durante sequestro-rel\u00e2mpago em Ribeir\u00e3o"},"content":{"rendered":"<p> <br \/>\n<\/p>\n<div>\n<p><strong>Um homem de 82 anos foi v\u00edtima de sequestro-rel\u00e2mpago e de assalto ao ser for\u00e7ado a sacar R$ 13 mil na tarde desta segunda-feira (7), em Ribeir\u00e3o Preto.<\/strong><\/p>\n<p>Segundo o <strong>boletim de ocorr\u00eancia (BO)<\/strong>, o <strong>idoso<\/strong>, que \u00e9 <strong>vendedor ambulante<\/strong>, foi <strong>obrigado <\/strong>a <strong>entrar <\/strong>em um <strong>carro Hyundai HB20 azul <\/strong>com <strong>tr\u00eas criminosos<\/strong>, na <strong>rua Paulo de Frontim<\/strong>, na <strong>Vila Virg\u00ednia<\/strong>, zona Oeste.<\/p>\n<p>A <strong>v\u00edtima <\/strong>disse que estava pr\u00f3ximo de uma <strong>f\u00e1brica <\/strong>de <strong>doces<\/strong>, onde iria comprar produtos para revender, quando houve a <strong>abordagem<\/strong>. Um dos <strong>criminosos <\/strong>fazia men\u00e7\u00e3o de estar <strong>armado<\/strong>, de acordo com o idoso.<\/p>\n<p>Ainda conforme\u00a0 o relato \u00e0 <strong>pol\u00edcia<\/strong>, o trio levou a <strong>v\u00edtima <\/strong>no <strong>carro <\/strong>com placas de Rio Claro (SP) at\u00e9 uma <strong>ag\u00eancia banc\u00e1ria<\/strong>, cujo endere\u00e7o n\u00e3o foi informado.<\/p>\n<p><mark style=\"background-color:#fcb900\" class=\"has-inline-color has-black-color\">Sob amea\u00e7as, o <strong>idoso <\/strong>sacou todo o dinheiro da conta, que somou R$ 13 mil, e entregou aos criminosos.<\/mark><\/p>\n<p>O <strong>trio fugiu <\/strong>em seguida e deixou a v\u00edtima na ag\u00eancia. <\/p>\n<p>A <strong>PM (Pol\u00edcia Militar)<\/strong> conseguiu <strong>identificar <\/strong>o <strong>carro <\/strong>por meio da <strong>placa <\/strong>nas imagens de <strong>c\u00e2meras de seguran\u00e7a<\/strong>. Tamb\u00e9m constava a informa\u00e7\u00e3o que o ve\u00edculo n\u00e3o havia deixado a cidade. <\/p>\n<p>Posteriormente, durante dilig\u00eancias, os agentes conseguiram localizar o <strong>carro <\/strong>com os <strong>tr\u00eas criminosos <\/strong>em um <strong>motel <\/strong>na <strong>avenida Thomaz Alberto Whately<\/strong>, na zona Norte de <strong>Ribeir\u00e3o<\/strong>.<\/p>\n<p>Com o grupo, a <strong>pol\u00edcia <\/strong>recuperou <strong>R$ 12.040<\/strong> em <strong>dinheiro <\/strong>e apreendeu um <strong>simulacro <\/strong>de <strong>arma <\/strong>de <strong>fogo<\/strong>. <\/p>\n<p>O <strong>trio <\/strong>acabou <strong>preso <\/strong>em <strong>flagrante<\/strong>. O caso foi registrado na <strong>CPJ (Central de Pol\u00edcia Judici\u00e1ria) Permanente<\/strong> como <strong>roubo com restri\u00e7\u00e3o de liberdade<\/strong>.<\/p>\n<p>SAIBA MAIS<\/p>\n<p>Idoso morre ap\u00f3s ser atropelado em avenida na regi\u00e3o de Ribeir\u00e3o Preto<\/p>\n<h4 class=\"wp-block-heading\"><strong>FIQUE ON<\/strong><\/h4>\n<p>Fique ligado em tudo que acontece em Ribeir\u00e3o Preto e regi\u00e3o. Siga os perfis do\u00a0<strong>acidade on\u00a0<\/strong>no\u00a0<a href=\"https:\/\/www.instagram.com\/acidadeonribeirao\" target=\"_blank\" rel=\"noreferrer noopener\">Instagram<\/a>\u00a0e no\u00a0<a href=\"https:\/\/www.facebook.com\/acidadeonribeirao\/\" target=\"_blank\" rel=\"noreferrer noopener\">Facebook<\/a>.<\/p>\n<p>Receba not\u00edcias do\u00a0<strong>acidade on<\/strong>\u00a0no WhatsApp.\u00a0<a href=\"https:\/\/chat.whatsapp.com\/Fg4ok3aAVyB59DP63pRapr\" target=\"_blank\" rel=\"noreferrer noopener\">Para entrar no grupo, basta clicar aqui.<\/a><\/p>\n<p>Fa\u00e7a uma den\u00fancia ou sugira uma reportagem sobre Ribeir\u00e3o Preto e regi\u00e3o pelo WhatsApp: 16 99117 7802.<\/p>\n<p>VEJA TAMB\u00c9M<\/p>\n<p>Campanha de doa\u00e7\u00e3o de sangue de Diablo IV recebe mais de 700 doadores<\/p>\n<p><!-- CONTENT END 1 -->\n<\/div>\n<p><script async src=\"\/\/www.instagram.com\/embed.js\"><\/script><br \/>\n<br \/><br \/>\n<br \/><a href=\"https:\/\/www.acidadeon.com\/ribeiraopreto\/cotidiano\/idoso-e-forcado-a-sacar-r-13-mil-durante-sequestro-relampago-em-ribeirao\/\">Source link <\/a><\/p>\n","protected":false},"excerpt":{"rendered":"<p>Um homem de 82 anos foi v\u00edtima de sequestro-rel\u00e2mpago e de assalto ao ser for\u00e7ado a sacar R$ 13 mil na tarde desta segunda-feira (7),&#8230;<\/p>\n","protected":false},"author":1,"featured_media":69842,"comment_status":"open","ping_status":"open","sticky":false,"template":"","format":"standard","meta":{"_uag_custom_page_level_css":"","advanced_seo_description":"","jetpack_seo_html_title":"","jetpack_seo_noindex":false,"jetpack_post_was_ever_published":false,"_jetpack_newsletter_access":"","_jetpack_dont_email_post_to_subs":false,"_jetpack_newsletter_tier_id":0,"_jetpack_memberships_contains_paywalled_content":false,"_jetpack_memberships_contains_paid_content":false,"footnotes":"","jetpack_publicize_message":"","jetpack_publicize_feature_enabled":true,"jetpack_social_post_already_shared":true,"jetpack_social_options":{"image_generator_settings":{"template":"highway","default_image_id":0,"font":"","enabled":false},"version":2}},"categories":[11],"tags":[],"class_list":["post-69841","post","type-post","status-publish","format-standard","has-post-thumbnail","hentry","category-noticias-de-ribeirao-preto-sp-e-regiao-ismael-colosi"],"jetpack_publicize_connections":[],"jetpack_featured_media_url":"https:\/\/i0.wp.com\/ismaelcolosi.com.br\/wp-content\/uploads\/2024\/10\/WhatsApp-Image-2024-10-07-at-17.41.01_2024-10-08_14-03-15_jpeg_2024-10-08_14-03-17-scaled.webp.webp?fit=2560%2C1920&ssl=1","uagb_featured_image_src":{"full":["https:\/\/i0.wp.com\/ismaelcolosi.com.br\/wp-content\/uploads\/2024\/10\/WhatsApp-Image-2024-10-07-at-17.41.01_2024-10-08_14-03-15_jpeg_2024-10-08_14-03-17-scaled.webp.webp?fit=2560%2C1920&ssl=1",2560,1920,false],"thumbnail":["https:\/\/i0.wp.com\/ismaelcolosi.com.br\/wp-content\/uploads\/2024\/10\/WhatsApp-Image-2024-10-07-at-17.41.01_2024-10-08_14-03-15_jpeg_2024-10-08_14-03-17-scaled.webp.webp?resize=150%2C150&ssl=1",150,150,true],"medium":["https:\/\/i0.wp.com\/ismaelcolosi.com.br\/wp-content\/uploads\/2024\/10\/WhatsApp-Image-2024-10-07-at-17.41.01_2024-10-08_14-03-15_jpeg_2024-10-08_14-03-17-scaled.webp.webp?fit=300%2C225&ssl=1",300,225,true],"medium_large":["https:\/\/i0.wp.com\/ismaelcolosi.com.br\/wp-content\/uploads\/2024\/10\/WhatsApp-Image-2024-10-07-at-17.41.01_2024-10-08_14-03-15_jpeg_2024-10-08_14-03-17-scaled.webp.webp?fit=768%2C576&ssl=1",768,576,true],"large":["https:\/\/i0.wp.com\/ismaelcolosi.com.br\/wp-content\/uploads\/2024\/10\/WhatsApp-Image-2024-10-07-at-17.41.01_2024-10-08_14-03-15_jpeg_2024-10-08_14-03-17-scaled.webp.webp?fit=1024%2C768&ssl=1",1024,768,true],"1536x1536":["https:\/\/i0.wp.com\/ismaelcolosi.com.br\/wp-content\/uploads\/2024\/10\/WhatsApp-Image-2024-10-07-at-17.41.01_2024-10-08_14-03-15_jpeg_2024-10-08_14-03-17-scaled.webp.webp?fit=1536%2C1152&ssl=1",1536,1152,true],"2048x2048":["https:\/\/i0.wp.com\/ismaelcolosi.com.br\/wp-content\/uploads\/2024\/10\/WhatsApp-Image-2024-10-07-at-17.41.01_2024-10-08_14-03-15_jpeg_2024-10-08_14-03-17-scaled.webp.webp?fit=2048%2C1536&ssl=1",2048,1536,true],"really-simple-thumb":["https:\/\/i0.wp.com\/ismaelcolosi.com.br\/wp-content\/uploads\/2024\/10\/WhatsApp-Image-2024-10-07-at-17.41.01_2024-10-08_14-03-15_jpeg_2024-10-08_14-03-17-scaled.webp.webp?resize=370%2C247&ssl=1",370,247,true]},"uagb_author_info":{"display_name":"ismaelcolosi.com.br","author_link":"https:\/\/ismaelcolosi.com.br\/index.php\/author\/vidareal-online\/"},"uagb_comment_info":0,"uagb_excerpt":"Um homem de 82 anos foi v\u00edtima de sequestro-rel\u00e2mpago e de assalto ao ser for\u00e7ado a sacar R$ 13 mil na tarde desta segunda-feira (7),...","jetpack-related-posts":[{"id":35739,"url":"https:\/\/ismaelcolosi.com.br\/index.php\/2024\/02\/07\/motorista-por-aplicativo-sofre-sequestro-relampago-em-ribeirao-preto\/","url_meta":{"origin":69841,"position":0},"title":"Motorista por aplicativo sofre sequestro rel\u00e2mpago em Ribeir\u00e3o Preto","author":"ismaelcolosi.com.br","date":"7 de February de 2024","format":false,"excerpt":"Um motorista de transporte por aplicativo, de 61 anos, sofreu um sequestro rel\u00e2mpago na madrugada desta quarta-feira (7), em Ribeir\u00e3o Preto. De acordo com o B.O. (boletim de ocorr\u00eancia), a v\u00edtima havia aceitado uma viagem entre Serrana e Ribeir\u00e3o Preto, por volta das 3h. Segundo o relato, tr\u00eas homens entraram\u2026","rel":"","context":"In &quot;Not\u00edcias de Ribeir\u00e3o Preto-SP e Regi\u00e3o&quot;","block_context":{"text":"Not\u00edcias de Ribeir\u00e3o Preto-SP e Regi\u00e3o","link":"https:\/\/ismaelcolosi.com.br\/index.php\/category\/noticias-de-ribeirao-preto-sp-e-regiao-ismael-colosi\/"},"img":{"alt_text":"","src":"https:\/\/i0.wp.com\/ismaelcolosi.com.br\/wp-content\/uploads\/2024\/02\/HomemmorreapscairdeandaimeenquantotrabalhavaemRibeiroPreto_Tamanho_2_image.jpg?fit=1200%2C900&ssl=1&resize=350%2C200","width":350,"height":200,"srcset":"https:\/\/i0.wp.com\/ismaelcolosi.com.br\/wp-content\/uploads\/2024\/02\/HomemmorreapscairdeandaimeenquantotrabalhavaemRibeiroPreto_Tamanho_2_image.jpg?fit=1200%2C900&ssl=1&resize=350%2C200 1x, https:\/\/i0.wp.com\/ismaelcolosi.com.br\/wp-content\/uploads\/2024\/02\/HomemmorreapscairdeandaimeenquantotrabalhavaemRibeiroPreto_Tamanho_2_image.jpg?fit=1200%2C900&ssl=1&resize=525%2C300 1.5x, https:\/\/i0.wp.com\/ismaelcolosi.com.br\/wp-content\/uploads\/2024\/02\/HomemmorreapscairdeandaimeenquantotrabalhavaemRibeiroPreto_Tamanho_2_image.jpg?fit=1200%2C900&ssl=1&resize=700%2C400 2x, https:\/\/i0.wp.com\/ismaelcolosi.com.br\/wp-content\/uploads\/2024\/02\/HomemmorreapscairdeandaimeenquantotrabalhavaemRibeiroPreto_Tamanho_2_image.jpg?fit=1200%2C900&ssl=1&resize=1050%2C600 3x"},"classes":[]},{"id":56633,"url":"https:\/\/ismaelcolosi.com.br\/index.php\/2024\/07\/13\/empresario-e-socio-sofrem-sequestro-relampago-e-tem-r-20-mil-roubados-em-ribeirao\/","url_meta":{"origin":69841,"position":1},"title":"Empres\u00e1rio e s\u00f3cio sofrem sequestro-rel\u00e2mpago e t\u00eam R$ 20 mil roubados em Ribeir\u00e3o","author":"ismaelcolosi.com.br","date":"13 de July de 2024","format":false,"excerpt":"Um empres\u00e1rio de 47 anos e seu s\u00f3cio foram v\u00edtimas de um sequestro rel\u00e2mpago na zona Sul de Ribeir\u00e3o Preto, na madrugada de sexta-feira (12). O empres\u00e1rio estima que os criminosos roubaram aproximadamente 20 mil por meio de transa\u00e7\u00f5es via Pix. A v\u00edtima informou \u00e0 pol\u00edcia no boletim de ocorr\u00eancia\u2026","rel":"","context":"In &quot;Not\u00edcias de Ribeir\u00e3o Preto-SP e Regi\u00e3o&quot;","block_context":{"text":"Not\u00edcias de Ribeir\u00e3o Preto-SP e Regi\u00e3o","link":"https:\/\/ismaelcolosi.com.br\/index.php\/category\/noticias-de-ribeirao-preto-sp-e-regiao-ismael-colosi\/"},"img":{"alt_text":"","src":"https:\/\/i0.wp.com\/ismaelcolosi.com.br\/wp-content\/uploads\/2024\/07\/1720892622_cpj_1024x576_21012021092745.jpg?fit=1024%2C575&ssl=1&resize=350%2C200","width":350,"height":200,"srcset":"https:\/\/i0.wp.com\/ismaelcolosi.com.br\/wp-content\/uploads\/2024\/07\/1720892622_cpj_1024x576_21012021092745.jpg?fit=1024%2C575&ssl=1&resize=350%2C200 1x, https:\/\/i0.wp.com\/ismaelcolosi.com.br\/wp-content\/uploads\/2024\/07\/1720892622_cpj_1024x576_21012021092745.jpg?fit=1024%2C575&ssl=1&resize=525%2C300 1.5x, https:\/\/i0.wp.com\/ismaelcolosi.com.br\/wp-content\/uploads\/2024\/07\/1720892622_cpj_1024x576_21012021092745.jpg?fit=1024%2C575&ssl=1&resize=700%2C400 2x"},"classes":[]},{"id":61006,"url":"https:\/\/ismaelcolosi.com.br\/index.php\/2024\/08\/19\/casal-e-vitima-de-sequestro-relampago-em-ribeirao-preto\/","url_meta":{"origin":69841,"position":2},"title":"Casal \u00e9 v\u00edtima de sequestro rel\u00e2mpago em Ribeir\u00e3o Preto","author":"ismaelcolosi.com.br","date":"19 de August de 2024","format":false,"excerpt":"Um casal foi v\u00edtima de sequestro rel\u00e2mpago em Ribeir\u00e3o Preto no \u00faltimo s\u00e1bado (17). Os criminosos levaram o carro em que as v\u00edtimas estavam, R$ 70 em dinheiro, cart\u00f5es, celulares, \u00f3culos de sol e um rel\u00f3gio. De acordo com as informa\u00e7\u00f5es do boletim de ocorr\u00eancia (BO), as v\u00edtimas foram abordadas\u2026","rel":"","context":"In &quot;Not\u00edcias de Ribeir\u00e3o Preto-SP e Regi\u00e3o&quot;","block_context":{"text":"Not\u00edcias de Ribeir\u00e3o Preto-SP e Regi\u00e3o","link":"https:\/\/ismaelcolosi.com.br\/index.php\/category\/noticias-de-ribeirao-preto-sp-e-regiao-ismael-colosi\/"},"img":{"alt_text":"","src":"https:\/\/ismaelcolosi.com.br\/wp-content\/uploads\/2024\/02\/whatsapp_image_2022-08-14_at_12_10_03.jpe","width":350,"height":200,"srcset":"https:\/\/ismaelcolosi.com.br\/wp-content\/uploads\/2024\/02\/whatsapp_image_2022-08-14_at_12_10_03.jpe 1x, https:\/\/ismaelcolosi.com.br\/wp-content\/uploads\/2024\/02\/whatsapp_image_2022-08-14_at_12_10_03.jpe 1.5x, https:\/\/ismaelcolosi.com.br\/wp-content\/uploads\/2024\/02\/whatsapp_image_2022-08-14_at_12_10_03.jpe 2x, https:\/\/ismaelcolosi.com.br\/wp-content\/uploads\/2024\/02\/whatsapp_image_2022-08-14_at_12_10_03.jpe 3x"},"classes":[]},{"id":56931,"url":"https:\/\/ismaelcolosi.com.br\/index.php\/2024\/07\/16\/em-5-dias-ribeirao-preto-registra-3o-caso-de-sequestro-relampago-na-zona-sul\/","url_meta":{"origin":69841,"position":3},"title":"Em 5 dias, Ribeir\u00e3o Preto registra 3\u00ba caso de sequestro-rel\u00e2mpago na zona Sul","author":"ismaelcolosi.com.br","date":"16 de July de 2024","format":false,"excerpt":"Mais uma v\u00edtima sofreu sequestro-rel\u00e2mpago na zona Sul de Ribeir\u00e3o Preto. O caso mais recente, ocorrido na noite desta segunda-feira (15), \u00e9 o terceiro semelhante na cidade \u2013 o primeiro foi no Jardim Iraj\u00e1 e o segundo, no Jardim Bot\u00e2nico \u2013 em um per\u00edodo de cinco dias. Segundo o boletim\u2026","rel":"","context":"In &quot;Not\u00edcias de Ribeir\u00e3o Preto-SP e Regi\u00e3o&quot;","block_context":{"text":"Not\u00edcias de Ribeir\u00e3o Preto-SP e Regi\u00e3o","link":"https:\/\/ismaelcolosi.com.br\/index.php\/category\/noticias-de-ribeirao-preto-sp-e-regiao-ismael-colosi\/"},"img":{"alt_text":"","src":"https:\/\/i0.wp.com\/ismaelcolosi.com.br\/wp-content\/uploads\/2024\/07\/1721147903_sirene_giroflex_1024x576_11032021085153.jpg?fit=1024%2C576&ssl=1&resize=350%2C200","width":350,"height":200,"srcset":"https:\/\/i0.wp.com\/ismaelcolosi.com.br\/wp-content\/uploads\/2024\/07\/1721147903_sirene_giroflex_1024x576_11032021085153.jpg?fit=1024%2C576&ssl=1&resize=350%2C200 1x, https:\/\/i0.wp.com\/ismaelcolosi.com.br\/wp-content\/uploads\/2024\/07\/1721147903_sirene_giroflex_1024x576_11032021085153.jpg?fit=1024%2C576&ssl=1&resize=525%2C300 1.5x, https:\/\/i0.wp.com\/ismaelcolosi.com.br\/wp-content\/uploads\/2024\/07\/1721147903_sirene_giroflex_1024x576_11032021085153.jpg?fit=1024%2C576&ssl=1&resize=700%2C400 2x"},"classes":[]},{"id":56636,"url":"https:\/\/ismaelcolosi.com.br\/index.php\/2024\/07\/13\/empresario-e-socio-sofrem-sequestro-relampago-na-zona-sul-de-ribeirao-preto\/","url_meta":{"origin":69841,"position":4},"title":"Empres\u00e1rio e s\u00f3cio sofrem sequestro-rel\u00e2mpago na zona Sul de Ribeir\u00e3o Preto","author":"ismaelcolosi.com.br","date":"13 de July de 2024","format":false,"excerpt":"Um empres\u00e1rio de 47 anos e seu s\u00f3cio foram v\u00edtimas de um sequestro rel\u00e2mpago na zona Sul de Ribeir\u00e3o Preto, na madrugada de sexta-feira (12). O empres\u00e1rio estima que os criminosos roubaram aproximadamente 20 mil por meio de transa\u00e7\u00f5es via Pix. A v\u00edtima informou \u00e0 pol\u00edcia no boletim de ocorr\u00eancia\u2026","rel":"","context":"In &quot;Not\u00edcias de Ribeir\u00e3o Preto-SP e Regi\u00e3o&quot;","block_context":{"text":"Not\u00edcias de Ribeir\u00e3o Preto-SP e Regi\u00e3o","link":"https:\/\/ismaelcolosi.com.br\/index.php\/category\/noticias-de-ribeirao-preto-sp-e-regiao-ismael-colosi\/"},"img":{"alt_text":"","src":"https:\/\/i0.wp.com\/ismaelcolosi.com.br\/wp-content\/uploads\/2024\/07\/1720894891_cpj_1024x576_21012021092745.jpg?fit=1024%2C575&ssl=1&resize=350%2C200","width":350,"height":200,"srcset":"https:\/\/i0.wp.com\/ismaelcolosi.com.br\/wp-content\/uploads\/2024\/07\/1720894891_cpj_1024x576_21012021092745.jpg?fit=1024%2C575&ssl=1&resize=350%2C200 1x, https:\/\/i0.wp.com\/ismaelcolosi.com.br\/wp-content\/uploads\/2024\/07\/1720894891_cpj_1024x576_21012021092745.jpg?fit=1024%2C575&ssl=1&resize=525%2C300 1.5x, https:\/\/i0.wp.com\/ismaelcolosi.com.br\/wp-content\/uploads\/2024\/07\/1720894891_cpj_1024x576_21012021092745.jpg?fit=1024%2C575&ssl=1&resize=700%2C400 2x"},"classes":[]},{"id":56338,"url":"https:\/\/ismaelcolosi.com.br\/index.php\/2024\/07\/11\/corretor-de-imoveis-sofre-sequestro-relampago-na-zona-sul-de-ribeirao-preto\/","url_meta":{"origin":69841,"position":5},"title":"Corretor de im\u00f3veis sofre sequestro rel\u00e2mpago na zona Sul de Ribeir\u00e3o Preto","author":"ismaelcolosi.com.br","date":"11 de July de 2024","format":false,"excerpt":"Um corretor de im\u00f3veis de 39 anos teve o carro roubado e foi levado como ref\u00e9m no pr\u00f3prio ve\u00edculo pelos criminosos na noite desta quarta-feira (10), no Jardim Iraj\u00e1, zona Sul de Ribeir\u00e3o Preto. A v\u00edtima relatou \u00e0 pol\u00edcia no boletim de ocorr\u00eancia (BO) que foi abordada por dois assaltantes,\u2026","rel":"","context":"In &quot;Not\u00edcias de Ribeir\u00e3o Preto-SP e Regi\u00e3o&quot;","block_context":{"text":"Not\u00edcias de Ribeir\u00e3o Preto-SP e Regi\u00e3o","link":"https:\/\/ismaelcolosi.com.br\/index.php\/category\/noticias-de-ribeirao-preto-sp-e-regiao-ismael-colosi\/"},"img":{"alt_text":"","src":"https:\/\/i0.wp.com\/ismaelcolosi.com.br\/wp-content\/uploads\/2024\/07\/pm_qru_1024x576_25052021184558.jpg?fit=1024%2C576&ssl=1&resize=350%2C200","width":350,"height":200,"srcset":"https:\/\/i0.wp.com\/ismaelcolosi.com.br\/wp-content\/uploads\/2024\/07\/pm_qru_1024x576_25052021184558.jpg?fit=1024%2C576&ssl=1&resize=350%2C200 1x, https:\/\/i0.wp.com\/ismaelcolosi.com.br\/wp-content\/uploads\/2024\/07\/pm_qru_1024x576_25052021184558.jpg?fit=1024%2C576&ssl=1&resize=525%2C300 1.5x, https:\/\/i0.wp.com\/ismaelcolosi.com.br\/wp-content\/uploads\/2024\/07\/pm_qru_1024x576_25052021184558.jpg?fit=1024%2C576&ssl=1&resize=700%2C400 2x"},"classes":[]}],"jetpack_sharing_enabled":true,"jetpack_shortlink":"https:\/\/wp.me\/pfMlyK-iat","_links":{"self":[{"href":"https:\/\/ismaelcolosi.com.br\/index.php\/wp-json\/wp\/v2\/posts\/69841","targetHints":{"allow":["GET"]}}],"collection":[{"href":"https:\/\/ismaelcolosi.com.br\/index.php\/wp-json\/wp\/v2\/posts"}],"about":[{"href":"https:\/\/ismaelcolosi.com.br\/index.php\/wp-json\/wp\/v2\/types\/post"}],"author":[{"embeddable":true,"href":"https:\/\/ismaelcolosi.com.br\/index.php\/wp-json\/wp\/v2\/users\/1"}],"replies":[{"embeddable":true,"href":"https:\/\/ismaelcolosi.com.br\/index.php\/wp-json\/wp\/v2\/comments?post=69841"}],"version-history":[{"count":0,"href":"https:\/\/ismaelcolosi.com.br\/index.php\/wp-json\/wp\/v2\/posts\/69841\/revisions"}],"wp:featuredmedia":[{"embeddable":true,"href":"https:\/\/ismaelcolosi.com.br\/index.php\/wp-json\/wp\/v2\/media\/69842"}],"wp:attachment":[{"href":"https:\/\/ismaelcolosi.com.br\/index.php\/wp-json\/wp\/v2\/media?parent=69841"}],"wp:term":[{"taxonomy":"category","embeddable":true,"href":"https:\/\/ismaelcolosi.com.br\/index.php\/wp-json\/wp\/v2\/categories?post=69841"},{"taxonomy":"post_tag","embeddable":true,"href":"https:\/\/ismaelcolosi.com.br\/index.php\/wp-json\/wp\/v2\/tags?post=69841"}],"curies":[{"name":"wp","href":"https:\/\/api.w.org\/{rel}","templated":true}]}}