{"id":69837,"date":"2024-10-08T11:58:35","date_gmt":"2024-10-08T14:58:35","guid":{"rendered":"https:\/\/ismaelcolosi.com.br\/index.php\/2024\/10\/08\/construcao-do-centro-administrativo-de-ribeirao-preto-tem-reviravolta-entenda\/"},"modified":"2024-10-08T11:58:35","modified_gmt":"2024-10-08T14:58:35","slug":"construcao-do-centro-administrativo-de-ribeirao-preto-tem-reviravolta-entenda","status":"publish","type":"post","link":"https:\/\/ismaelcolosi.com.br\/index.php\/2024\/10\/08\/construcao-do-centro-administrativo-de-ribeirao-preto-tem-reviravolta-entenda\/","title":{"rendered":"Constru\u00e7\u00e3o do Centro Administrativo de Ribeir\u00e3o Preto tem reviravolta; Entenda"},"content":{"rendered":"<p> <br \/>\n<\/p>\n<div>\n<p>O <strong><a href=\"https:\/\/www.tjsp.jus.br\/\" target=\"_blank\" rel=\"noreferrer noopener nofollow\">TJ-SP (Tribunal de Justi\u00e7a de S\u00e3o Paulo) <\/a><\/strong>acatou recurso da <strong><a href=\"https:\/\/www.ribeiraopreto.sp.gov.br\/portal\/\" target=\"_blank\" rel=\"noreferrer noopener nofollow\">Prefeitura de Ribeir\u00e3o Preto<\/a><\/strong> e derrubou a suspens\u00e3o da licita\u00e7\u00e3o para constru\u00e7\u00e3o do Centro Administrativo. Nesta ter\u00e7a-feira (8), a prefeitura deve assinar com a <strong>H2Obras Constru\u00e7\u00f5es Ltda<\/strong> <mark style=\"background-color:#fcb900\" class=\"has-inline-color has-black-color\">o contrato de R$ 173.497.592,89 para constru\u00e7\u00e3o da nova sede do Executivo Municipal.<\/mark><\/p>\n<p>Na semana passada, o TJ-SP publicou um ac\u00f3rd\u00e3o em que reverte a decis\u00e3o da Justi\u00e7a de Ribeir\u00e3o Preto, no \u00faltimo m\u00eas de julho, que suspendeu a assinatura do contrato para constru\u00e7\u00e3o do Centro Administrativo.<\/p>\n<p>Uma a\u00e7\u00e3o popular questionava a titularidade do im\u00f3vel, transferido da Funda\u00e7\u00e3o Educand\u00e1rio para Prefeitura de Ribeir\u00e3o Preto.<mark style=\"background-color:#fcb900\" class=\"has-inline-color has-black-color\"> O terreno fica na avenida Cavalheiro Paschoal Innechi, no Jardim Independ\u00eancia<\/mark>, na zona Norte.<\/p>\n<p>No voto, o relator do recurso, o desembargador Lu\u00eds Francisco Aguilar Cortez afirmou que a prefeitura apresentou documento, formalizado em julho, que comprova a doa\u00e7\u00e3o do im\u00f3vel para o munic\u00edpio.<\/p>\n<p>\u201c[\u2026] ausente outro apontamento de irregularidade no procedimento licitat\u00f3rio, o qual \u00e9 dotado de presun\u00e7\u00e3o de veracidade e legitimidade, este deve prosseguir, a fim de atender o interesse p\u00fablico\u201d, escreveu o desembargador.<\/p>\n<h4 class=\"wp-block-heading\"><strong>Pol\u00eamica<\/strong><\/h4>\n<p>A previs\u00e3o \u00e9 que o Centro Administrativo seja constru\u00eddo em uma \u00e1rea de 106 mil metros quadrados. O munic\u00edpio alega que o empreendimento permitir\u00e1 redu\u00e7\u00e3o de despesas de manuten\u00e7\u00e3o e melhoria no atendimento da popula\u00e7\u00e3o e nas condi\u00e7\u00f5es de trabalho dos servidores municipais.<\/p>\n<p>Parte dos recursos utilizados na constru\u00e7\u00e3o do im\u00f3vel ser\u00e1 custeada pela venda de im\u00f3veis da prefeitura. Al\u00e9m disso, o munic\u00edpio tamb\u00e9m utilizar\u00e1 o montante arrecadado na venda da folha de pagamento dos servidores municipais para Caixa Econ\u00f4mica Federal, que foi de R$ 33 milh\u00f5es.<\/p>\n<p>SAIBA MAIS<br \/>10 bairros de Ribeir\u00e3o Preto t\u00eam alerta para falta d\u2019\u00e1gua; Veja onde<\/p>\n<h4 class=\"wp-block-heading\"><strong>FIQUE ON<\/strong><\/h4>\n<p>Fique ligado em tudo que acontece em Ribeir\u00e3o Preto e regi\u00e3o. Siga os perfis do <strong>acidade on<\/strong> no <a href=\"https:\/\/www.instagram.com\/acidadeonribeirao\" target=\"_blank\" rel=\"noreferrer noopener nofollow\">Instagram<\/a> e no <a href=\"https:\/\/www.facebook.com\/acidadeonribeirao\/\" target=\"_blank\" rel=\"noreferrer noopener nofollow\">Facebook<\/a>.<\/p>\n<p>Receba not\u00edcias do<strong> acidade on<\/strong> no WhatsApp. <a href=\"https:\/\/chat.whatsapp.com\/Fg4ok3aAVyB59DP63pRapr\" target=\"_blank\" rel=\"noreferrer noopener nofollow\">Para entrar no grupo, basta clicar aqui.<\/a><\/p>\n<p>Fa\u00e7a uma den\u00fancia ou sugira uma reportagem sobre Ribeir\u00e3o Preto e regi\u00e3o pelo WhatsApp: 16 99117 7802.<\/p>\n<p>VEJA TAMB\u00c9M<br \/>Qual \u00e9 a previs\u00e3o do tempo para o estado de S\u00e3o Paulo?<\/p>\n<p><!-- CONTENT END 1 -->\n<\/div>\n<p><script async src=\"\/\/www.instagram.com\/embed.js\"><\/script><br \/>\n<br \/><br \/>\n<br \/><a href=\"https:\/\/www.acidadeon.com\/ribeiraopreto\/politica\/construcao-do-centro-administrativo-de-ribeirao-preto-tem-reviravolta-entenda\/\">Source link <\/a><\/p>\n","protected":false},"excerpt":{"rendered":"<p>O TJ-SP (Tribunal de Justi\u00e7a de S\u00e3o Paulo) acatou recurso da Prefeitura de Ribeir\u00e3o Preto e derrubou a suspens\u00e3o da licita\u00e7\u00e3o para constru\u00e7\u00e3o do Centro&#8230;<\/p>\n","protected":false},"author":1,"featured_media":54565,"comment_status":"open","ping_status":"open","sticky":false,"template":"","format":"standard","meta":{"_uag_custom_page_level_css":"","advanced_seo_description":"","jetpack_seo_html_title":"","jetpack_seo_noindex":false,"jetpack_post_was_ever_published":false,"_jetpack_newsletter_access":"","_jetpack_dont_email_post_to_subs":false,"_jetpack_newsletter_tier_id":0,"_jetpack_memberships_contains_paywalled_content":false,"_jetpack_memberships_contains_paid_content":false,"footnotes":"","jetpack_publicize_message":"","jetpack_publicize_feature_enabled":true,"jetpack_social_post_already_shared":true,"jetpack_social_options":{"image_generator_settings":{"template":"highway","default_image_id":0,"font":"","enabled":false},"version":2}},"categories":[11],"tags":[],"class_list":["post-69837","post","type-post","status-publish","format-standard","has-post-thumbnail","hentry","category-noticias-de-ribeirao-preto-sp-e-regiao-ismael-colosi"],"jetpack_publicize_connections":[],"jetpack_featured_media_url":"https:\/\/i0.wp.com\/ismaelcolosi.com.br\/wp-content\/uploads\/2024\/06\/AnyConv.com__centro-administrativo-projeto_2024-06-26_13-44-03.webp.webp?fit=753%2C378&ssl=1","uagb_featured_image_src":{"full":["https:\/\/i0.wp.com\/ismaelcolosi.com.br\/wp-content\/uploads\/2024\/06\/AnyConv.com__centro-administrativo-projeto_2024-06-26_13-44-03.webp.webp?fit=753%2C378&ssl=1",753,378,false],"thumbnail":["https:\/\/i0.wp.com\/ismaelcolosi.com.br\/wp-content\/uploads\/2024\/06\/AnyConv.com__centro-administrativo-projeto_2024-06-26_13-44-03.webp.webp?resize=150%2C150&ssl=1",150,150,true],"medium":["https:\/\/i0.wp.com\/ismaelcolosi.com.br\/wp-content\/uploads\/2024\/06\/AnyConv.com__centro-administrativo-projeto_2024-06-26_13-44-03.webp.webp?fit=300%2C151&ssl=1",300,151,true],"medium_large":["https:\/\/i0.wp.com\/ismaelcolosi.com.br\/wp-content\/uploads\/2024\/06\/AnyConv.com__centro-administrativo-projeto_2024-06-26_13-44-03.webp.webp?fit=753%2C378&ssl=1",753,378,true],"large":["https:\/\/i0.wp.com\/ismaelcolosi.com.br\/wp-content\/uploads\/2024\/06\/AnyConv.com__centro-administrativo-projeto_2024-06-26_13-44-03.webp.webp?fit=753%2C378&ssl=1",753,378,true],"1536x1536":["https:\/\/i0.wp.com\/ismaelcolosi.com.br\/wp-content\/uploads\/2024\/06\/AnyConv.com__centro-administrativo-projeto_2024-06-26_13-44-03.webp.webp?fit=753%2C378&ssl=1",753,378,true],"2048x2048":["https:\/\/i0.wp.com\/ismaelcolosi.com.br\/wp-content\/uploads\/2024\/06\/AnyConv.com__centro-administrativo-projeto_2024-06-26_13-44-03.webp.webp?fit=753%2C378&ssl=1",753,378,true],"really-simple-thumb":["https:\/\/i0.wp.com\/ismaelcolosi.com.br\/wp-content\/uploads\/2024\/06\/AnyConv.com__centro-administrativo-projeto_2024-06-26_13-44-03.webp.webp?resize=370%2C247&ssl=1",370,247,true]},"uagb_author_info":{"display_name":"ismaelcolosi.com.br","author_link":"https:\/\/ismaelcolosi.com.br\/index.php\/author\/vidareal-online\/"},"uagb_comment_info":0,"uagb_excerpt":"O TJ-SP (Tribunal de Justi\u00e7a de S\u00e3o Paulo) acatou recurso da Prefeitura de Ribeir\u00e3o Preto e derrubou a suspens\u00e3o da licita\u00e7\u00e3o para constru\u00e7\u00e3o do Centro...","jetpack-related-posts":[{"id":70149,"url":"https:\/\/ismaelcolosi.com.br\/index.php\/2024\/10\/09\/saiba-como-fica-a-situacao-do-centro-administrativo-de-ribeirao-apos-assinatura-de-contrato\/","url_meta":{"origin":69837,"position":0},"title":"Saiba como fica a situa\u00e7\u00e3o do Centro Administrativo de Ribeir\u00e3o ap\u00f3s assinatura\u00a0de\u00a0contrato","author":"ismaelcolosi.com.br","date":"9 de October de 2024","format":false,"excerpt":"Nesta ter\u00e7a-feira (8), foi assinado o contrato para constru\u00e7\u00e3o do novo Centro Administrativo de Ribeir\u00e3o Preto. O documento ser\u00e1 publicado no Di\u00e1rio Oficial para que, na sequ\u00eancia, seja emitida a ordem de servi\u00e7o. A previs\u00e3o \u00e9 que esse tr\u00e2mite aconte\u00e7a nos pr\u00f3ximos dias. De acordo com o secret\u00e1rio de Administra\u00e7\u00e3o,\u2026","rel":"","context":"In &quot;Not\u00edcias de Ribeir\u00e3o Preto-SP e Regi\u00e3o&quot;","block_context":{"text":"Not\u00edcias de Ribeir\u00e3o Preto-SP e Regi\u00e3o","link":"https:\/\/ismaelcolosi.com.br\/index.php\/category\/noticias-de-ribeirao-preto-sp-e-regiao-ismael-colosi\/"},"img":{"alt_text":"","src":"https:\/\/i0.wp.com\/ismaelcolosi.com.br\/wp-content\/uploads\/2024\/10\/centro_administrativo_1024x576_20112019183024_2024-10-09_20-45-18_jpg_2024-10-09_20-45-18.webp.webp?fit=1024%2C575&ssl=1&resize=350%2C200","width":350,"height":200,"srcset":"https:\/\/i0.wp.com\/ismaelcolosi.com.br\/wp-content\/uploads\/2024\/10\/centro_administrativo_1024x576_20112019183024_2024-10-09_20-45-18_jpg_2024-10-09_20-45-18.webp.webp?fit=1024%2C575&ssl=1&resize=350%2C200 1x, https:\/\/i0.wp.com\/ismaelcolosi.com.br\/wp-content\/uploads\/2024\/10\/centro_administrativo_1024x576_20112019183024_2024-10-09_20-45-18_jpg_2024-10-09_20-45-18.webp.webp?fit=1024%2C575&ssl=1&resize=525%2C300 1.5x, https:\/\/i0.wp.com\/ismaelcolosi.com.br\/wp-content\/uploads\/2024\/10\/centro_administrativo_1024x576_20112019183024_2024-10-09_20-45-18_jpg_2024-10-09_20-45-18.webp.webp?fit=1024%2C575&ssl=1&resize=700%2C400 2x"},"classes":[]},{"id":56632,"url":"https:\/\/ismaelcolosi.com.br\/index.php\/2024\/07\/13\/entenda-a-polemica-da-construcao-do-centro-administrativo-em-ribeirao-preto\/","url_meta":{"origin":69837,"position":1},"title":"Entenda a pol\u00eamica da constru\u00e7\u00e3o do Centro Administrativo em Ribeir\u00e3o Preto","author":"ismaelcolosi.com.br","date":"13 de July de 2024","format":false,"excerpt":"A Justi\u00e7a de Ribeir\u00e3o Preto suspendeu a licita\u00e7\u00e3o para a constru\u00e7\u00e3o do Centro Administrativo na zona Norte da cidade em decis\u00e3o liminiar nesta sexta-feira (12). Ainda cabe recurso. A Prefeitura de Ribeir\u00e3o j\u00e1 havia homologado a empresa vencedora, a H2Obras Constru\u00e7\u00f5es Ltda., com sede em S\u00e3o Bernardo do Campo (SP).\u2026","rel":"","context":"In &quot;Not\u00edcias de Ribeir\u00e3o Preto-SP e Regi\u00e3o&quot;","block_context":{"text":"Not\u00edcias de Ribeir\u00e3o Preto-SP e Regi\u00e3o","link":"https:\/\/ismaelcolosi.com.br\/index.php\/category\/noticias-de-ribeirao-preto-sp-e-regiao-ismael-colosi\/"},"img":{"alt_text":"","src":"https:\/\/i0.wp.com\/ismaelcolosi.com.br\/wp-content\/uploads\/2024\/06\/AnyConv.com__centro-administrativo-projeto_2024-06-26_13-44-03.webp.webp?fit=753%2C378&ssl=1&resize=350%2C200","width":350,"height":200,"srcset":"https:\/\/i0.wp.com\/ismaelcolosi.com.br\/wp-content\/uploads\/2024\/06\/AnyConv.com__centro-administrativo-projeto_2024-06-26_13-44-03.webp.webp?fit=753%2C378&ssl=1&resize=350%2C200 1x, https:\/\/i0.wp.com\/ismaelcolosi.com.br\/wp-content\/uploads\/2024\/06\/AnyConv.com__centro-administrativo-projeto_2024-06-26_13-44-03.webp.webp?fit=753%2C378&ssl=1&resize=525%2C300 1.5x, https:\/\/i0.wp.com\/ismaelcolosi.com.br\/wp-content\/uploads\/2024\/06\/AnyConv.com__centro-administrativo-projeto_2024-06-26_13-44-03.webp.webp?fit=753%2C378&ssl=1&resize=700%2C400 2x"},"classes":[]},{"id":70440,"url":"https:\/\/ismaelcolosi.com.br\/index.php\/2024\/10\/10\/plebiscito-sobre-novo-centro-administrativo-de-ribeirao-e-aprovado-na-camara\/","url_meta":{"origin":69837,"position":2},"title":"Plebiscito sobre novo Centro Administrativo de Ribeir\u00e3o \u00e9 aprovado na C\u00e2mara","author":"ismaelcolosi.com.br","date":"10 de October de 2024","format":false,"excerpt":"A C\u00e2mara Municipal aprovou, na tarde desta quinta-feira (10), o projeto para que a popula\u00e7\u00e3o seja consultada sobre a constru\u00e7\u00e3o do novo Centro Administrativo de Ribeir\u00e3o Preto. O decreto ser\u00e1 publicado no Di\u00e1rio Oficial e, ap\u00f3s publicado, a C\u00e2mara faz um of\u00edcio solicitando provid\u00eancias e encaminha para o presidente da\u2026","rel":"","context":"In &quot;Not\u00edcias de Ribeir\u00e3o Preto-SP e Regi\u00e3o&quot;","block_context":{"text":"Not\u00edcias de Ribeir\u00e3o Preto-SP e Regi\u00e3o","link":"https:\/\/ismaelcolosi.com.br\/index.php\/category\/noticias-de-ribeirao-preto-sp-e-regiao-ismael-colosi\/"},"img":{"alt_text":"","src":"https:\/\/i0.wp.com\/ismaelcolosi.com.br\/wp-content\/uploads\/2024\/10\/centro_administrativo_1024x576_20112019183024_2024-10-09_20-45-18_jpg_2024-10-09_20-45-18.webp.webp?fit=1024%2C575&ssl=1&resize=350%2C200","width":350,"height":200,"srcset":"https:\/\/i0.wp.com\/ismaelcolosi.com.br\/wp-content\/uploads\/2024\/10\/centro_administrativo_1024x576_20112019183024_2024-10-09_20-45-18_jpg_2024-10-09_20-45-18.webp.webp?fit=1024%2C575&ssl=1&resize=350%2C200 1x, https:\/\/i0.wp.com\/ismaelcolosi.com.br\/wp-content\/uploads\/2024\/10\/centro_administrativo_1024x576_20112019183024_2024-10-09_20-45-18_jpg_2024-10-09_20-45-18.webp.webp?fit=1024%2C575&ssl=1&resize=525%2C300 1.5x, https:\/\/i0.wp.com\/ismaelcolosi.com.br\/wp-content\/uploads\/2024\/10\/centro_administrativo_1024x576_20112019183024_2024-10-09_20-45-18_jpg_2024-10-09_20-45-18.webp.webp?fit=1024%2C575&ssl=1&resize=700%2C400 2x"},"classes":[]},{"id":74764,"url":"https:\/\/ismaelcolosi.com.br\/index.php\/2024\/11\/01\/justica-suspende-contrato-para-construcao-do-novo-centro-administrativo-de-ribeirao-preto\/","url_meta":{"origin":69837,"position":3},"title":"Justi\u00e7a suspende contrato para constru\u00e7\u00e3o do novo Centro Administrativo de Ribeir\u00e3o Preto","author":"ismaelcolosi.com.br","date":"1 de November de 2024","format":false,"excerpt":"Nesta sexta-feira (1\u00ba), a constru\u00e7\u00e3o do novo Centro Administrativo de Ribeir\u00e3o Preto ganhou mais um cap\u00edtulo. A ju\u00edza Lucilene Canella de Mello deferiu pedido de liminar para suspender a execu\u00e7\u00e3o do contrato. A a\u00e7\u00e3o foi apresentada pelos vereadores Duda Hidalgo (PT) e Marcos Papa (Podemos). O prefeito Duarte Nogueira acredita\u00a0que\u2026","rel":"","context":"In &quot;Not\u00edcias de Ribeir\u00e3o Preto-SP e Regi\u00e3o&quot;","block_context":{"text":"Not\u00edcias de Ribeir\u00e3o Preto-SP e Regi\u00e3o","link":"https:\/\/ismaelcolosi.com.br\/index.php\/category\/noticias-de-ribeirao-preto-sp-e-regiao-ismael-colosi\/"},"img":{"alt_text":"","src":"https:\/\/i0.wp.com\/ismaelcolosi.com.br\/wp-content\/uploads\/2024\/10\/centro_administrativo_1024x576_20112019183024_2024-10-09_20-45-18_jpg_2024-10-09_20-45-18.webp.webp?fit=1024%2C575&ssl=1&resize=350%2C200","width":350,"height":200,"srcset":"https:\/\/i0.wp.com\/ismaelcolosi.com.br\/wp-content\/uploads\/2024\/10\/centro_administrativo_1024x576_20112019183024_2024-10-09_20-45-18_jpg_2024-10-09_20-45-18.webp.webp?fit=1024%2C575&ssl=1&resize=350%2C200 1x, https:\/\/i0.wp.com\/ismaelcolosi.com.br\/wp-content\/uploads\/2024\/10\/centro_administrativo_1024x576_20112019183024_2024-10-09_20-45-18_jpg_2024-10-09_20-45-18.webp.webp?fit=1024%2C575&ssl=1&resize=525%2C300 1.5x, https:\/\/i0.wp.com\/ismaelcolosi.com.br\/wp-content\/uploads\/2024\/10\/centro_administrativo_1024x576_20112019183024_2024-10-09_20-45-18_jpg_2024-10-09_20-45-18.webp.webp?fit=1024%2C575&ssl=1&resize=700%2C400 2x"},"classes":[]},{"id":55548,"url":"https:\/\/ismaelcolosi.com.br\/index.php\/2024\/07\/03\/prefeitura-de-ribeirao-preto-contrata-empresa-para-construcao-de-centro-administrativo\/","url_meta":{"origin":69837,"position":4},"title":"Prefeitura de Ribeir\u00e3o Preto contrata empresa para constru\u00e7\u00e3o de Centro Administrativo","author":"ismaelcolosi.com.br","date":"3 de July de 2024","format":false,"excerpt":"A Prefeitura de Ribeir\u00e3o Preto publicou no Di\u00e1rio Oficial desta quarta-feira (3), o edital de homologa\u00e7\u00e3o para contrata\u00e7\u00e3o da empresa respons\u00e1vel pela constru\u00e7\u00e3o do Centro Administrativo de Ribeir\u00e3o Preto na zona Norte da cidade. A empresa vencedora da licita\u00e7\u00e3o \u00e9 a H2Obras Constru\u00e7\u00f5es Ltda., com sede em S\u00e3o Bernardo do\u2026","rel":"","context":"In &quot;Not\u00edcias de Ribeir\u00e3o Preto-SP e Regi\u00e3o&quot;","block_context":{"text":"Not\u00edcias de Ribeir\u00e3o Preto-SP e Regi\u00e3o","link":"https:\/\/ismaelcolosi.com.br\/index.php\/category\/noticias-de-ribeirao-preto-sp-e-regiao-ismael-colosi\/"},"img":{"alt_text":"","src":"https:\/\/i0.wp.com\/ismaelcolosi.com.br\/wp-content\/uploads\/2024\/07\/centro-administrativo-ribeirao-preto.jpg?fit=969%2C603&ssl=1&resize=350%2C200","width":350,"height":200,"srcset":"https:\/\/i0.wp.com\/ismaelcolosi.com.br\/wp-content\/uploads\/2024\/07\/centro-administrativo-ribeirao-preto.jpg?fit=969%2C603&ssl=1&resize=350%2C200 1x, https:\/\/i0.wp.com\/ismaelcolosi.com.br\/wp-content\/uploads\/2024\/07\/centro-administrativo-ribeirao-preto.jpg?fit=969%2C603&ssl=1&resize=525%2C300 1.5x, https:\/\/i0.wp.com\/ismaelcolosi.com.br\/wp-content\/uploads\/2024\/07\/centro-administrativo-ribeirao-preto.jpg?fit=969%2C603&ssl=1&resize=700%2C400 2x"},"classes":[]},{"id":74814,"url":"https:\/\/ismaelcolosi.com.br\/index.php\/2024\/11\/02\/justica-suspende-contrato-para-construcao-do-novo-centro-administrativo-de-ribeirao-preto-2\/","url_meta":{"origin":69837,"position":5},"title":"Justi\u00e7a suspende contrato para constru\u00e7\u00e3o do novo Centro Administrativo de Ribeir\u00e3o Preto","author":"ismaelcolosi.com.br","date":"2 de November de 2024","format":false,"excerpt":"Nesta sexta-feira (1\u00ba), a constru\u00e7\u00e3o do novo Centro Administrativo de Ribeir\u00e3o Preto ganhou mais um cap\u00edtulo. A ju\u00edza Lucilene Canella de Mello deferiu pedido de liminar para suspender a execu\u00e7\u00e3o do contrato. A a\u00e7\u00e3o foi apresentada pelos vereadores Duda Hidalgo (PT) e Marcos Papa (Podemos). O prefeito Duarte Nogueira acredita\u00a0que\u2026","rel":"","context":"In &quot;Not\u00edcias de Ribeir\u00e3o Preto-SP e Regi\u00e3o&quot;","block_context":{"text":"Not\u00edcias de Ribeir\u00e3o Preto-SP e Regi\u00e3o","link":"https:\/\/ismaelcolosi.com.br\/index.php\/category\/noticias-de-ribeirao-preto-sp-e-regiao-ismael-colosi\/"},"img":{"alt_text":"","src":"https:\/\/i0.wp.com\/ismaelcolosi.com.br\/wp-content\/uploads\/2024\/10\/centro_administrativo_1024x576_20112019183024_2024-10-09_20-45-18_jpg_2024-10-09_20-45-18.webp.webp?fit=1024%2C575&ssl=1&resize=350%2C200","width":350,"height":200,"srcset":"https:\/\/i0.wp.com\/ismaelcolosi.com.br\/wp-content\/uploads\/2024\/10\/centro_administrativo_1024x576_20112019183024_2024-10-09_20-45-18_jpg_2024-10-09_20-45-18.webp.webp?fit=1024%2C575&ssl=1&resize=350%2C200 1x, https:\/\/i0.wp.com\/ismaelcolosi.com.br\/wp-content\/uploads\/2024\/10\/centro_administrativo_1024x576_20112019183024_2024-10-09_20-45-18_jpg_2024-10-09_20-45-18.webp.webp?fit=1024%2C575&ssl=1&resize=525%2C300 1.5x, https:\/\/i0.wp.com\/ismaelcolosi.com.br\/wp-content\/uploads\/2024\/10\/centro_administrativo_1024x576_20112019183024_2024-10-09_20-45-18_jpg_2024-10-09_20-45-18.webp.webp?fit=1024%2C575&ssl=1&resize=700%2C400 2x"},"classes":[]}],"jetpack_sharing_enabled":true,"jetpack_shortlink":"https:\/\/wp.me\/pfMlyK-iap","_links":{"self":[{"href":"https:\/\/ismaelcolosi.com.br\/index.php\/wp-json\/wp\/v2\/posts\/69837","targetHints":{"allow":["GET"]}}],"collection":[{"href":"https:\/\/ismaelcolosi.com.br\/index.php\/wp-json\/wp\/v2\/posts"}],"about":[{"href":"https:\/\/ismaelcolosi.com.br\/index.php\/wp-json\/wp\/v2\/types\/post"}],"author":[{"embeddable":true,"href":"https:\/\/ismaelcolosi.com.br\/index.php\/wp-json\/wp\/v2\/users\/1"}],"replies":[{"embeddable":true,"href":"https:\/\/ismaelcolosi.com.br\/index.php\/wp-json\/wp\/v2\/comments?post=69837"}],"version-history":[{"count":0,"href":"https:\/\/ismaelcolosi.com.br\/index.php\/wp-json\/wp\/v2\/posts\/69837\/revisions"}],"wp:featuredmedia":[{"embeddable":true,"href":"https:\/\/ismaelcolosi.com.br\/index.php\/wp-json\/wp\/v2\/media\/54565"}],"wp:attachment":[{"href":"https:\/\/ismaelcolosi.com.br\/index.php\/wp-json\/wp\/v2\/media?parent=69837"}],"wp:term":[{"taxonomy":"category","embeddable":true,"href":"https:\/\/ismaelcolosi.com.br\/index.php\/wp-json\/wp\/v2\/categories?post=69837"},{"taxonomy":"post_tag","embeddable":true,"href":"https:\/\/ismaelcolosi.com.br\/index.php\/wp-json\/wp\/v2\/tags?post=69837"}],"curies":[{"name":"wp","href":"https:\/\/api.w.org\/{rel}","templated":true}]}}