{"id":69829,"date":"2024-10-08T11:32:48","date_gmt":"2024-10-08T14:32:48","guid":{"rendered":"https:\/\/ismaelcolosi.com.br\/index.php\/2024\/10\/08\/governo-divulga-notas-do-enem-dos-concursos-veja-como-acessar\/"},"modified":"2024-10-08T11:32:48","modified_gmt":"2024-10-08T14:32:48","slug":"governo-divulga-notas-do-enem-dos-concursos-veja-como-acessar","status":"publish","type":"post","link":"https:\/\/ismaelcolosi.com.br\/index.php\/2024\/10\/08\/governo-divulga-notas-do-enem-dos-concursos-veja-como-acessar\/","title":{"rendered":"Governo divulga notas do \u2018Enem dos Concursos\u2019; veja como acessar"},"content":{"rendered":"<p> <br \/>\n<\/p>\n<div id=\"\">\n<div class=\"content-infos\">\n<div class=\"texts\">\n<p class=\"author tooltip-comp\"> Da reda\u00e7\u00e3o<span class=\"icon-i\">i<\/span><span class=\"tooltiptext\"> <span class=\"author\"><span>Da reda\u00e7\u00e3o<\/span> <\/span><span class=\"desc\"\/> <\/span><\/p>\n<p>08\/10\/2024 &#8211; 11:30<\/p><div class='code-block code-block-8' style='margin: 8px auto; text-align: center; display: block; clear: both;'>\n<script>\n  atOptions = {\n    'key' : '66e2e2111ca34da796271819fc334058',\n    'format' : 'iframe',\n    'height' : 250,\n    'width' : 300,\n    'params' : {}\n  };\n<\/script>\n<script src=\"https:\/\/www.highperformanceformat.com\/66e2e2111ca34da796271819fc334058\/invoke.js\"><\/script>\n<\/div>\n\n<\/div>\n<div id=\"share-modal\" class=\"share-modal\"> <button class=\"box-close btn-share\"> <img decoding=\"async\" src=\"https:\/\/istoedinheiro.com.br\/wp-content\/themes\/dinheiro-wp-theme\/assets\/img\/svg\/closeIcon.svg?x46096\" alt=\"Close icon\" class=\"close-btn lazy\"\/> <\/button><\/div>\n<\/p><\/div>\n<p>O <strong>Governo Federal<\/strong> divulgou nesta ter\u00e7a-feira, 8, as notas finais das provas objetivas e preliminares das provas discursivas do <strong>Concurso P\u00fablico Nacional Unificado (CNPU)<\/strong>, conhecido popularmente como <strong>\u201cEnem dos Concursos\u201d<\/strong>.<\/p>\n<p>Para ter acesso, os participantes devem acessar a \u00e1rea do candidato na mesma p\u00e1gina onde foi realizada a inscri\u00e7\u00e3o no <strong><a href=\"https:\/\/cpnu.cesgranrio.org.br\/login\" target=\"_blank\" rel=\"noopener\">site oficial do CNPU<\/a><\/strong>.<\/p>\n<p>O acesso \u00e0 imagem da prova discursiva e da reda\u00e7\u00e3o est\u00e1 dispon\u00edvel para os candidatos, al\u00e9m de um extrato do resultado, que cont\u00e9m detalhes das notas de cada uma das provas, para que os participantes compreendam suas respectivas notas.<\/p>\n<p>A divulga\u00e7\u00e3o dos resultados das provas do bloco 4 \u00e9 a \u00fanica indispon\u00edvel para consultas, pois est\u00e1 temporariamente suspensa at\u00e9 uma nova decis\u00e3o da justi\u00e7a. Concorrentes de todos os outros blocos (1,2,3,4,6,7 de n\u00edvel superior) e (8 de n\u00edvel m\u00e9dio), j\u00e1 podem conferir suas notas.<\/p>\n<p><strong>+ Concurso dos Correios ter\u00e1 30% das vagas para negros e ind\u00edgenas; veja cronograma<\/strong><\/p>\n<p><img data-recalc-dims=\"1\" loading=\"lazy\" decoding=\"async\" class=\"alignnone wp-image-3242991 size-large lazy\" src=\"https:\/\/i0.wp.com\/istoedinheiro.com.br\/wp-content\/uploads\/sites\/17\/2024\/10\/whatsapp-image-2024-10-08-at-102428-1024x420.jpeg?resize=1024%2C420&#038;ssl=1\" alt=\"\" width=\"1024\" height=\"420\"\/><\/p>\n<p>\u00a0<\/p>\n<h3>Revis\u00e3o<\/h3>\n<p>De acordo com o governo, o prazo para a interposi\u00e7\u00e3o de eventuais pedidos de revis\u00e3o das notas preliminares das provas discursivas e da reda\u00e7\u00e3o dever\u00e3o ser realizadas at\u00e9 esta quarta-feira, 9 de outubro, no campo \u201cInterposi\u00e7\u00e3o de recursos\u201d da \u00e1rea do candidato.<\/p>\n<h3 dir=\"ltr\">Prova de T\u00edtulos<\/h3>\n<p dir=\"ltr\">Os candidatos habilitados para a prova de t\u00edtulos, tanto dos blocos de n\u00edvel superior, quanto do bloco 8, de n\u00edvel m\u00e9dio, foram informados da convoca\u00e7\u00e3o para realizar o envio dos documentos comprobat\u00f3rios no campo \u201csitua\u00e7\u00e3o do cargo\u201d no extrato do resultado.<\/p>\n<p dir=\"ltr\">O envio dos documentos de titula\u00e7\u00e3o acad\u00eamica e experi\u00eancia profissional da etapa de avalia\u00e7\u00e3o de t\u00edtulos dever\u00e1 ser realizado na quarta e quinta-feira, 9 e 10 de outubro.<\/p>\n<h3>Confira abaixo o cronograma do Concurso P\u00fablico Nacional Unificado:<\/h3>\n<p>08\/10 \u2013 Divulga\u00e7\u00e3o das notas finais das provas objetivas e da nota preliminar da discursiva<\/p>\n<p>8 e 9\/10 \u2013 Interposi\u00e7\u00e3o de eventuais pedidos de revis\u00e3o das notas da discursiva<\/p>\n<p>8\/10 \u2013 Convoca\u00e7\u00e3o para o envio de t\u00edtulos (via upload)<\/p>\n<p>9 e 10\/10 \u2013 Envio dos t\u00edtulos<\/p>\n<p>17\/10 \u2013 Divulga\u00e7\u00e3o do resultado dos pedidos de revis\u00e3o das notas da prova discursiva<\/p>\n<p>17\/10 \u2013 Convoca\u00e7\u00e3o para o procedimento de verifica\u00e7\u00e3o da condi\u00e7\u00e3o declarada para concorrer \u00e0s vagas reservadas aos candidatos negros, da condi\u00e7\u00e3o declarada para concorrer \u00e0s vagas reservadas aos candidatos ind\u00edgenas (exclusivamente para os cargos da Funai)<\/p>\n<p>17 a 25\/10 \u2013 Prazo para per\u00edcia m\u00e9dica (avalia\u00e7\u00e3o biopsicossocial) dos candidatos que se declararem com defici\u00eancia, para verificar se efetivamente se trata de pessoas com defici\u00eancia<\/p>\n<p>2 e 3\/11 \u2013 Procedimento de verifica\u00e7\u00e3o da condi\u00e7\u00e3o declarada para concorrer \u00e0s vagas reservadas aos candidatos negros.<\/p>\n<p>2 e 3\/11 \u2013 Procedimento de confirma\u00e7\u00e3o da condi\u00e7\u00e3o declarada para concorrer \u00e0s vagas reservadas aos candidatos ind\u00edgenas<\/p>\n<p>4\/11 \u2013 Resultado preliminar da avalia\u00e7\u00e3o de t\u00edtulos.<\/p>\n<p>4 e 5\/11 \u2013 Prazo para interposi\u00e7\u00e3o de eventuais recursos quanto ao resultado preliminar da avalia\u00e7\u00e3o de t\u00edtulos.<\/p>\n<p>13\/11 \u2013 Divulga\u00e7\u00e3o dos resultados preliminares da avalia\u00e7\u00e3o da veracidade da autodeclara\u00e7\u00e3o prestada por candidatos concorrentes \u00e0s vagas reservadas para negros e ind\u00edgenas e da avalia\u00e7\u00e3o biopsicossocial dos candidatos que se declararem com defici\u00eancia<\/p>\n<p>13 e 14\/11 \u2013 Prazo para interposi\u00e7\u00e3o de eventuais recursos quanto aos resultados preliminares da avalia\u00e7\u00e3o da veracidade da autodeclara\u00e7\u00e3o prestada por candidatos concorrentes \u00e0s vagas reservadas para negros e ind\u00edgenas e da avalia\u00e7\u00e3o biopsicossocial dos candidatos que se declararem com defici\u00eancia<\/p>\n<p>19\/11 \u2013 Divulga\u00e7\u00e3o do resultado dos pedidos de revis\u00e3o das notas dos t\u00edtulos<\/p>\n<p>21\/11 \u2013 Previs\u00e3o de divulga\u00e7\u00e3o dos resultados finais<\/p>\n<div id=\"share-modal\" class=\"share-modal\"> <button class=\"box-close btn-share\"> <img decoding=\"async\" src=\"https:\/\/istoedinheiro.com.br\/wp-content\/themes\/dinheiro-wp-theme\/assets\/img\/svg\/closeIcon.svg?x46096\" alt=\"Close icon\" class=\"close-btn lazy\"\/> <\/button><\/div>\n<\/p><\/div>\n<p><script>!function(f,b,e,v,n,t,s){if(f.fbq)return;n=f.fbq=function(){n.callMethod?n.callMethod.apply(n,arguments):n.queue.push(arguments)};if(!f._fbq)f._fbq=n;n.push=n;n.loaded=!0;n.version='2.0';n.queue=[];t=b.createElement(e);t.async=!0;t.src=v;s=b.getElementsByTagName(e)[0];s.parentNode.insertBefore(t,s)}(window,document,'script','<\/script><br \/>\n<br \/><br \/>\n<br \/><a href=\"https:\/\/istoedinheiro.com.br\/governo-divulga-notas-do-enem-dos-concursos-veja-como-acessar\/\">Source link <\/a><\/p>\n<div class='code-block code-block-4' style='margin: 8px auto 8px 0; text-align: left; display: block; clear: both;'>\n\ud83d\udce2 Aviso Legal\n\nO site ismaelcolosi.com.br atua apenas como um canal de divulga\u00e7\u00e3o de oportunidades de emprego e n\u00e3o se responsabiliza pelo processo seletivo, contrata\u00e7\u00e3o ou qualquer outra etapa relacionada \u00e0s vagas publicadas. Todas as informa\u00e7\u00f5es s\u00e3o de responsabilidade dos anunciantes.\n\n\u26a0\ufe0f Aten\u00e7\u00e3o! Nunca pague por promessas de emprego nem compre cursos que garantam contrata\u00e7\u00e3o. Desconfie de qualquer cobran\u00e7a para participar de sele\u00e7\u00f5es.\n\n\n\n<\/div>\n<!-- CONTENT END 1 -->\n","protected":false},"excerpt":{"rendered":"<p>Da reda\u00e7\u00e3oi Da reda\u00e7\u00e3o 08\/10\/2024 &#8211; 11:30 O Governo Federal divulgou nesta ter\u00e7a-feira, 8, as notas finais das provas objetivas e preliminares das provas discursivas&#8230;<\/p>\n","protected":false},"author":1,"featured_media":69830,"comment_status":"open","ping_status":"open","sticky":false,"template":"","format":"standard","meta":{"_uag_custom_page_level_css":"","advanced_seo_description":"","jetpack_seo_html_title":"","jetpack_seo_noindex":false,"jetpack_post_was_ever_published":false,"_jetpack_newsletter_access":"","_jetpack_dont_email_post_to_subs":false,"_jetpack_newsletter_tier_id":0,"_jetpack_memberships_contains_paywalled_content":false,"_jetpack_memberships_contains_paid_content":false,"footnotes":"","jetpack_publicize_message":"","jetpack_publicize_feature_enabled":true,"jetpack_social_post_already_shared":true,"jetpack_social_options":{"image_generator_settings":{"template":"highway","default_image_id":0,"font":"","enabled":false},"version":2}},"categories":[3598],"tags":[],"class_list":["post-69829","post","type-post","status-publish","format-standard","has-post-thumbnail","hentry","category-empregos-classificados-vagas-trabalho"],"jetpack_publicize_connections":[],"jetpack_featured_media_url":"https:\/\/i0.wp.com\/ismaelcolosi.com.br\/wp-content\/uploads\/2024\/10\/cnu.jpg?fit=900%2C600&ssl=1","uagb_featured_image_src":{"full":["https:\/\/i0.wp.com\/ismaelcolosi.com.br\/wp-content\/uploads\/2024\/10\/cnu.jpg?fit=900%2C600&ssl=1",900,600,false],"thumbnail":["https:\/\/i0.wp.com\/ismaelcolosi.com.br\/wp-content\/uploads\/2024\/10\/cnu.jpg?resize=150%2C150&ssl=1",150,150,true],"medium":["https:\/\/i0.wp.com\/ismaelcolosi.com.br\/wp-content\/uploads\/2024\/10\/cnu.jpg?fit=300%2C200&ssl=1",300,200,true],"medium_large":["https:\/\/i0.wp.com\/ismaelcolosi.com.br\/wp-content\/uploads\/2024\/10\/cnu.jpg?fit=768%2C512&ssl=1",768,512,true],"large":["https:\/\/i0.wp.com\/ismaelcolosi.com.br\/wp-content\/uploads\/2024\/10\/cnu.jpg?fit=900%2C600&ssl=1",900,600,true],"1536x1536":["https:\/\/i0.wp.com\/ismaelcolosi.com.br\/wp-content\/uploads\/2024\/10\/cnu.jpg?fit=900%2C600&ssl=1",900,600,true],"2048x2048":["https:\/\/i0.wp.com\/ismaelcolosi.com.br\/wp-content\/uploads\/2024\/10\/cnu.jpg?fit=900%2C600&ssl=1",900,600,true],"really-simple-thumb":["https:\/\/i0.wp.com\/ismaelcolosi.com.br\/wp-content\/uploads\/2024\/10\/cnu.jpg?resize=370%2C247&ssl=1",370,247,true]},"uagb_author_info":{"display_name":"ismaelcolosi.com.br","author_link":"https:\/\/ismaelcolosi.com.br\/index.php\/author\/vidareal-online\/"},"uagb_comment_info":0,"uagb_excerpt":"Da reda\u00e7\u00e3oi Da reda\u00e7\u00e3o 08\/10\/2024 &#8211; 11:30 O Governo Federal divulgou nesta ter\u00e7a-feira, 8, as notas finais das provas objetivas e preliminares das provas discursivas...","jetpack-related-posts":[{"id":69684,"url":"https:\/\/ismaelcolosi.com.br\/index.php\/2024\/10\/07\/enem-dos-concursos-notas-do-cpnu-saem-nesta-terca-saiba-como-conferir\/","url_meta":{"origin":69829,"position":0},"title":"Enem dos Concursos: notas do CPNU saem nesta ter\u00e7a; saiba como conferir","author":"ismaelcolosi.com.br","date":"7 de October de 2024","format":false,"excerpt":"Da reda\u00e7\u00e3oi Da reda\u00e7\u00e3o 07\/10\/2024 - 13:04 O Concurso P\u00fablico Nacional Unificado (CPNU), apelidado de \u201cEnem dos Concursos\u201d, divulgou nesta segunda-feira,\u00a0 7, as notas finais das provas objetivas e preliminares das provas discursivas. Para conferir seu resultado, basta fazer login na \u00e1rea do candidato no site oficial do certame, neste\u2026","rel":"","context":"In &quot;Empregos - Classificados&quot;","block_context":{"text":"Empregos - Classificados","link":"https:\/\/ismaelcolosi.com.br\/index.php\/category\/empregos-classificados-vagas-trabalho\/"},"img":{"alt_text":"","src":"https:\/\/i0.wp.com\/ismaelcolosi.com.br\/wp-content\/uploads\/2024\/10\/prova-1.jpg?fit=1200%2C751&ssl=1&resize=350%2C200","width":350,"height":200,"srcset":"https:\/\/i0.wp.com\/ismaelcolosi.com.br\/wp-content\/uploads\/2024\/10\/prova-1.jpg?fit=1200%2C751&ssl=1&resize=350%2C200 1x, https:\/\/i0.wp.com\/ismaelcolosi.com.br\/wp-content\/uploads\/2024\/10\/prova-1.jpg?fit=1200%2C751&ssl=1&resize=525%2C300 1.5x, https:\/\/i0.wp.com\/ismaelcolosi.com.br\/wp-content\/uploads\/2024\/10\/prova-1.jpg?fit=1200%2C751&ssl=1&resize=700%2C400 2x, https:\/\/i0.wp.com\/ismaelcolosi.com.br\/wp-content\/uploads\/2024\/10\/prova-1.jpg?fit=1200%2C751&ssl=1&resize=1050%2C600 3x"},"classes":[]},{"id":69941,"url":"https:\/\/ismaelcolosi.com.br\/index.php\/2024\/10\/08\/enem-dos-concursos-justica-suspende-liminar-e-candidatos-do-bloco-4-podem-conferir-gabaritos-e-resultados\/","url_meta":{"origin":69829,"position":1},"title":"\u2018Enem dos Concursos\u2019: justi\u00e7a suspende liminar e candidatos do Bloco 4 podem conferir gabaritos e resultados","author":"ismaelcolosi.com.br","date":"8 de October de 2024","format":false,"excerpt":"Da reda\u00e7\u00e3oi Da reda\u00e7\u00e3o 08\/10\/2024 - 18:35 O Minist\u00e9rio da Gest\u00e3o e da Inova\u00e7\u00e3o anunciou no in\u00edcio da noite desta ter\u00e7a-feira, 8, que os candidatos que concorrem \u00e0s 971 vagas do Bloco 4 \u2013 Trabalho e Sa\u00fade do Servidor \u2013 do Concurso P\u00fablico Nacional Unificado (CPNU), apelidado de \u201cEnem dos\u2026","rel":"","context":"In &quot;Empregos - Classificados&quot;","block_context":{"text":"Empregos - Classificados","link":"https:\/\/ismaelcolosi.com.br\/index.php\/category\/empregos-classificados-vagas-trabalho\/"},"img":{"alt_text":"","src":"https:\/\/i0.wp.com\/ismaelcolosi.com.br\/wp-content\/uploads\/2024\/10\/prova.jpg?fit=1200%2C704&ssl=1&resize=350%2C200","width":350,"height":200,"srcset":"https:\/\/i0.wp.com\/ismaelcolosi.com.br\/wp-content\/uploads\/2024\/10\/prova.jpg?fit=1200%2C704&ssl=1&resize=350%2C200 1x, https:\/\/i0.wp.com\/ismaelcolosi.com.br\/wp-content\/uploads\/2024\/10\/prova.jpg?fit=1200%2C704&ssl=1&resize=525%2C300 1.5x, https:\/\/i0.wp.com\/ismaelcolosi.com.br\/wp-content\/uploads\/2024\/10\/prova.jpg?fit=1200%2C704&ssl=1&resize=700%2C400 2x, https:\/\/i0.wp.com\/ismaelcolosi.com.br\/wp-content\/uploads\/2024\/10\/prova.jpg?fit=1200%2C704&ssl=1&resize=1050%2C600 3x"},"classes":[]},{"id":64742,"url":"https:\/\/ismaelcolosi.com.br\/index.php\/2024\/09\/09\/enem-dos-concursos-veja-como-acessar-cartao-de-resposta-e-proximas-etapas\/","url_meta":{"origin":69829,"position":2},"title":"\u2018Enem dos Concursos\u2019: veja como acessar cart\u00e3o de resposta e pr\u00f3ximas etapas","author":"ismaelcolosi.com.br","date":"9 de September de 2024","format":false,"excerpt":"darlanlvarengai darlanlvarenga - 09\/09\/2024 - 8:21 A partir das 10h desta ter\u00e7a-feira, 10, ser\u00e3o disponibilizadas para os quase um milh\u00e3o de candidatos do Concurso P\u00fablico Nacional Unificado (CPNU) as imagens dos cart\u00f5es de resposta. Os candidatos poder\u00e3o acessar o material na \u00e1rea do candidato, mesma p\u00e1gina onde foi realizada a\u2026","rel":"","context":"In &quot;Empregos - Classificados&quot;","block_context":{"text":"Empregos - Classificados","link":"https:\/\/ismaelcolosi.com.br\/index.php\/category\/empregos-classificados-vagas-trabalho\/"},"img":{"alt_text":"","src":"https:\/\/i0.wp.com\/ismaelcolosi.com.br\/wp-content\/uploads\/2024\/09\/prova-1.jpg?fit=1200%2C751&ssl=1&resize=350%2C200","width":350,"height":200,"srcset":"https:\/\/i0.wp.com\/ismaelcolosi.com.br\/wp-content\/uploads\/2024\/09\/prova-1.jpg?fit=1200%2C751&ssl=1&resize=350%2C200 1x, https:\/\/i0.wp.com\/ismaelcolosi.com.br\/wp-content\/uploads\/2024\/09\/prova-1.jpg?fit=1200%2C751&ssl=1&resize=525%2C300 1.5x, https:\/\/i0.wp.com\/ismaelcolosi.com.br\/wp-content\/uploads\/2024\/09\/prova-1.jpg?fit=1200%2C751&ssl=1&resize=700%2C400 2x, https:\/\/i0.wp.com\/ismaelcolosi.com.br\/wp-content\/uploads\/2024\/09\/prova-1.jpg?fit=1200%2C751&ssl=1&resize=1050%2C600 3x"},"classes":[]},{"id":48461,"url":"https:\/\/ismaelcolosi.com.br\/index.php\/2024\/05\/03\/governo-mantem-enem-dos-concursos-em-todo-o-pais-neste-domingo-5\/","url_meta":{"origin":69829,"position":3},"title":"Governo mant\u00e9m \u2018Enem dos concursos\u2019 em todo o pa\u00eds neste domingo (5)","author":"ismaelcolosi.com.br","date":"3 de May de 2024","format":false,"excerpt":"Da Reda\u00e7\u00e3o - com informa\u00e7\u00f5es da Ag\u00eancia Brasili Da Reda\u00e7\u00e3o - com informa\u00e7\u00f5es da Ag\u00eancia Brasil 03\/05\/2024 - 7:35 O governo federal, nesta quinta-feira, 2, confirmou a aplica\u00e7\u00e3o das provas do CPNU (Concurso P\u00fablico Nacional Unificado) ou o chamado \u201cEnem dos Concursos\u201d, em todo o pa\u00eds, para o pr\u00f3ximo domingo,\u2026","rel":"","context":"In &quot;Empregos - Classificados&quot;","block_context":{"text":"Empregos - Classificados","link":"https:\/\/ismaelcolosi.com.br\/index.php\/category\/empregos-classificados-vagas-trabalho\/"},"img":{"alt_text":"","src":"https:\/\/i0.wp.com\/ismaelcolosi.com.br\/wp-content\/uploads\/2024\/05\/enem01.jpg?fit=744%2C454&ssl=1&resize=350%2C200","width":350,"height":200,"srcset":"https:\/\/i0.wp.com\/ismaelcolosi.com.br\/wp-content\/uploads\/2024\/05\/enem01.jpg?fit=744%2C454&ssl=1&resize=350%2C200 1x, https:\/\/i0.wp.com\/ismaelcolosi.com.br\/wp-content\/uploads\/2024\/05\/enem01.jpg?fit=744%2C454&ssl=1&resize=525%2C300 1.5x, https:\/\/i0.wp.com\/ismaelcolosi.com.br\/wp-content\/uploads\/2024\/05\/enem01.jpg?fit=744%2C454&ssl=1&resize=700%2C400 2x"},"classes":[]},{"id":70004,"url":"https:\/\/ismaelcolosi.com.br\/index.php\/2024\/10\/09\/enem-dos-concursos-veja-como-sera-a-prova-de-titulos-e-prazos\/","url_meta":{"origin":69829,"position":4},"title":"\u2018Enem dos concursos\u2019: veja como ser\u00e1 a prova de t\u00edtulos e prazos","author":"ismaelcolosi.com.br","date":"9 de October de 2024","format":false,"excerpt":"Da reda\u00e7\u00e3oi Da reda\u00e7\u00e3o 09\/10\/2024 - 6:00 Alguns dos candidatos habilitados no Concurso P\u00fablico Nacional Unificado (CPNU), apelidado de \u201cEnem dos Concursos\u201d, t\u00eam que cumprir nos pr\u00f3ximos dias \u00a09 e 10 de outubro a etapa de Prova de T\u00edtulos.As notas finais das provas objetivas e as notas preliminares das provas\u2026","rel":"","context":"In &quot;Empregos - Classificados&quot;","block_context":{"text":"Empregos - Classificados","link":"https:\/\/ismaelcolosi.com.br\/index.php\/category\/empregos-classificados-vagas-trabalho\/"},"img":{"alt_text":"","src":"https:\/\/i0.wp.com\/ismaelcolosi.com.br\/wp-content\/uploads\/2024\/10\/prova.png?fit=700%2C439&ssl=1&resize=350%2C200","width":350,"height":200,"srcset":"https:\/\/i0.wp.com\/ismaelcolosi.com.br\/wp-content\/uploads\/2024\/10\/prova.png?fit=700%2C439&ssl=1&resize=350%2C200 1x, https:\/\/i0.wp.com\/ismaelcolosi.com.br\/wp-content\/uploads\/2024\/10\/prova.png?fit=700%2C439&ssl=1&resize=525%2C300 1.5x, https:\/\/i0.wp.com\/ismaelcolosi.com.br\/wp-content\/uploads\/2024\/10\/prova.png?fit=700%2C439&ssl=1&resize=700%2C400 2x"},"classes":[]},{"id":59917,"url":"https:\/\/ismaelcolosi.com.br\/index.php\/2024\/08\/13\/enem-dos-concursos-tera-provas-em-braile-e-em-libras-entenda\/","url_meta":{"origin":69829,"position":5},"title":"\u2018Enem dos concursos\u2019 ter\u00e1 provas em braile e em Libras; entenda","author":"ismaelcolosi.com.br","date":"13 de August de 2024","format":false,"excerpt":"Da reda\u00e7\u00e3oi Da reda\u00e7\u00e3o 13\/08\/2024 - 11:25 O CPNU (Concurso P\u00fablico Nacional Unificado), ou o \u201cEnem dos concursos\u201d, que tem prova marcada para este domingo, 18, possui 5% das vagas destinadas a pessoas com defici\u00eancia.Dos 2,1 milh\u00f5es de inscritos, 54.219 solicitaram atendimento especial para o dia da prova. O grupo\u2026","rel":"","context":"In &quot;Empregos - Classificados&quot;","block_context":{"text":"Empregos - Classificados","link":"https:\/\/ismaelcolosi.com.br\/index.php\/category\/empregos-classificados-vagas-trabalho\/"},"img":{"alt_text":"","src":"https:\/\/i0.wp.com\/ismaelcolosi.com.br\/wp-content\/uploads\/2024\/08\/braile.jpg?fit=1200%2C732&ssl=1&resize=350%2C200","width":350,"height":200,"srcset":"https:\/\/i0.wp.com\/ismaelcolosi.com.br\/wp-content\/uploads\/2024\/08\/braile.jpg?fit=1200%2C732&ssl=1&resize=350%2C200 1x, https:\/\/i0.wp.com\/ismaelcolosi.com.br\/wp-content\/uploads\/2024\/08\/braile.jpg?fit=1200%2C732&ssl=1&resize=525%2C300 1.5x, https:\/\/i0.wp.com\/ismaelcolosi.com.br\/wp-content\/uploads\/2024\/08\/braile.jpg?fit=1200%2C732&ssl=1&resize=700%2C400 2x, https:\/\/i0.wp.com\/ismaelcolosi.com.br\/wp-content\/uploads\/2024\/08\/braile.jpg?fit=1200%2C732&ssl=1&resize=1050%2C600 3x"},"classes":[]}],"jetpack_sharing_enabled":true,"jetpack_shortlink":"https:\/\/wp.me\/pfMlyK-iah","_links":{"self":[{"href":"https:\/\/ismaelcolosi.com.br\/index.php\/wp-json\/wp\/v2\/posts\/69829","targetHints":{"allow":["GET"]}}],"collection":[{"href":"https:\/\/ismaelcolosi.com.br\/index.php\/wp-json\/wp\/v2\/posts"}],"about":[{"href":"https:\/\/ismaelcolosi.com.br\/index.php\/wp-json\/wp\/v2\/types\/post"}],"author":[{"embeddable":true,"href":"https:\/\/ismaelcolosi.com.br\/index.php\/wp-json\/wp\/v2\/users\/1"}],"replies":[{"embeddable":true,"href":"https:\/\/ismaelcolosi.com.br\/index.php\/wp-json\/wp\/v2\/comments?post=69829"}],"version-history":[{"count":0,"href":"https:\/\/ismaelcolosi.com.br\/index.php\/wp-json\/wp\/v2\/posts\/69829\/revisions"}],"wp:featuredmedia":[{"embeddable":true,"href":"https:\/\/ismaelcolosi.com.br\/index.php\/wp-json\/wp\/v2\/media\/69830"}],"wp:attachment":[{"href":"https:\/\/ismaelcolosi.com.br\/index.php\/wp-json\/wp\/v2\/media?parent=69829"}],"wp:term":[{"taxonomy":"category","embeddable":true,"href":"https:\/\/ismaelcolosi.com.br\/index.php\/wp-json\/wp\/v2\/categories?post=69829"},{"taxonomy":"post_tag","embeddable":true,"href":"https:\/\/ismaelcolosi.com.br\/index.php\/wp-json\/wp\/v2\/tags?post=69829"}],"curies":[{"name":"wp","href":"https:\/\/api.w.org\/{rel}","templated":true}]}}