{"id":6975,"date":"2023-11-27T11:42:53","date_gmt":"2023-11-27T14:42:53","guid":{"rendered":"https:\/\/ismaelcolosi.com.br\/index.php\/2023\/11\/27\/esses-12-sinais-revelam-uma-doenca-que-causa-dor-insuportavel-e-incapacitante-voce-nao-pode-ignora-los\/"},"modified":"2023-11-27T11:42:53","modified_gmt":"2023-11-27T14:42:53","slug":"esses-12-sinais-revelam-uma-doenca-que-causa-dor-insuportavel-e-incapacitante-voce-nao-pode-ignora-los","status":"publish","type":"post","link":"https:\/\/ismaelcolosi.com.br\/index.php\/2023\/11\/27\/esses-12-sinais-revelam-uma-doenca-que-causa-dor-insuportavel-e-incapacitante-voce-nao-pode-ignora-los\/","title":{"rendered":"Esses 12 sinais revelam uma doen\u00e7a que causa dor insuport\u00e1vel e incapacitante; voc\u00ea N\u00c3O pode ignor\u00e1-los"},"content":{"rendered":"<p> <br \/>\n<\/p>\n<div itemprop=\"text\">\n<p>Muitas pessoas desconhecem os sinais e sintomas dessa doen\u00e7a que afeta diretamente a musculatura causando dor insuport\u00e1vel e que pode deixar a pessoa incapacitada, com dificuldade de manter sua rotina di\u00e1ria, seus afazeres dom\u00e9sticos e at\u00e9 mesmo tendo a necessidade de se afastar temporariamente ou de forma definitiva do trabalho.<\/p>\n<p>\u00c9 certo que ultimamente muito se tem ouvido falar em fibromialgia, mas voc\u00ea sabe o que \u00e9 essa doen\u00e7a, quais sintomas, quais os sinais que devem ser observado para que voc\u00ea procure um m\u00e9dico para diagnostico e tratamento adequado ?<\/p><div class='code-block code-block-8' style='margin: 8px auto; text-align: center; display: block; clear: both;'>\n<script>\n  atOptions = {\n    'key' : '66e2e2111ca34da796271819fc334058',\n    'format' : 'iframe',\n    'height' : 250,\n    'width' : 300,\n    'params' : {}\n  };\n<\/script>\n<script src=\"https:\/\/www.highperformanceformat.com\/66e2e2111ca34da796271819fc334058\/invoke.js\"><\/script>\n<\/div>\n\n<p>Observe a figura aqui abaixo e veja os pontos de foco da dor provocada pela fibromialgia.<\/p>\n<p><img data-recalc-dims=\"1\" decoding=\"async\" src=\"https:\/\/i0.wp.com\/fnmais.com\/wp-content\/uploads\/2023\/11\/postiimg-6564a2715ec297791.jpg?ssl=1\" alt=\"\"\/><\/p>\n<p>Segundo informa\u00e7\u00f5es e declara\u00e7\u00f5es do Dr. Drazio Vaella, a fibromialgia \u00e9 caracterizada pelo surgimento de dor cr\u00f4nica em v\u00e1rios pontos do corpo, como mostrado na imagem acima, principalmente nas articula\u00e7\u00f5es, tend\u00f5es e nos m\u00fasculos.<\/p>\n<p><img decoding=\"async\" src=\"https:\/\/lh4.googleusercontent.com\/m_vJ6LmLmFN48EgethHpwwyBuMDk_G86EmL8yu8G5JOJKZHfazUaL4ybzei5h1tsVJPQiBZq79E3XOE4IeU69i8XBgowPLG5jzqQ8_o_PCvAvtabSj3e8nIlLa4hpT3AIOvVVL0f\" alt=\"\"\/><\/p>\n<p>Fora isso, o paciente portador de fibromialgia ainda poder\u00e1 apresentar outros sintomas como falha na mem\u00f3ria, falta de sono, mal estar, fadiga intensa, humor alterado, desanimo, altera\u00e7\u00e3o no apetite, prostra\u00e7\u00e3o, entre outros.<\/p>\n<p>nos casos avan\u00e7ados, a doen\u00e7a pode causar deformidade f\u00edsica, pois a patologia est\u00e1 diretamente ligada ao funcionamento do sistema nervoso central.<\/p>\n<p>Mesmo que seja uma doen\u00e7a que atinge qualquer faixa et\u00e1ria, seu maior \u00edndice est\u00e1 entre s\u00e3o as mulheres de 35 a 50 anos, correspondendo a 90% dos casos com diagnostico confirmados.<\/p>\n<h2>Confira os 12 sintomas de fibromialgia:<\/h2>\n<ol>\n<li>Dor persistente e forte<\/li>\n<li>Ins\u00f4nia<\/li>\n<li>Intestino irritado<\/li>\n<li>Secura e amargo na boca<\/li>\n<li>Mal estar generalizado<\/li>\n<li>falta de concentra\u00e7\u00e3o<\/li>\n<li>Urina solta<\/li>\n<li>Dist\u00farbios psicol\u00f3gicos<\/li>\n<li>Altera\u00e7\u00e3o no humor<\/li>\n<li>Dor de cabe\u00e7a<\/li>\n<li>Indisposi\u00e7\u00e3o<\/li>\n<li>Estresse aumentado<\/li>\n<\/ol>\n<\/div>\n<p><br \/>\n<br \/><a href=\"https:\/\/fnmais.com\/esses-12-sinais-revelam-doenca-que-causa-dor-insuportavel-incapacitante-voce-nao-pode-ignora-los\/\">Source link <\/a><\/p>\n<div class='code-block code-block-4' style='margin: 8px auto 8px 0; text-align: left; display: block; clear: both;'>\n\ud83d\udce2 Aviso Legal\n\nO site ismaelcolosi.com.br atua apenas como um canal de divulga\u00e7\u00e3o de oportunidades de emprego e n\u00e3o se responsabiliza pelo processo seletivo, contrata\u00e7\u00e3o ou qualquer outra etapa relacionada \u00e0s vagas publicadas. Todas as informa\u00e7\u00f5es s\u00e3o de responsabilidade dos anunciantes.\n\n\u26a0\ufe0f Aten\u00e7\u00e3o! Nunca pague por promessas de emprego nem compre cursos que garantam contrata\u00e7\u00e3o. Desconfie de qualquer cobran\u00e7a para participar de sele\u00e7\u00f5es.\n\n\n\n<\/div>\n<!-- CONTENT END 1 -->\n","protected":false},"excerpt":{"rendered":"<p>Muitas pessoas desconhecem os sinais e sintomas dessa doen\u00e7a que afeta diretamente a musculatura causando dor insuport\u00e1vel e que pode deixar a pessoa incapacitada, com&#8230;<\/p>\n","protected":false},"author":1,"featured_media":6976,"comment_status":"open","ping_status":"open","sticky":false,"template":"","format":"standard","meta":{"_uag_custom_page_level_css":"","advanced_seo_description":"","jetpack_seo_html_title":"","jetpack_seo_noindex":false,"jetpack_post_was_ever_published":false,"_jetpack_newsletter_access":"","_jetpack_dont_email_post_to_subs":false,"_jetpack_newsletter_tier_id":0,"_jetpack_memberships_contains_paywalled_content":false,"_jetpack_memberships_contains_paid_content":false,"footnotes":"","jetpack_publicize_message":"","jetpack_publicize_feature_enabled":true,"jetpack_social_post_already_shared":true,"jetpack_social_options":{"image_generator_settings":{"template":"highway","default_image_id":0,"font":"","enabled":false},"version":2}},"categories":[1],"tags":[],"class_list":["post-6975","post","type-post","status-publish","format-standard","has-post-thumbnail","hentry","category-blog"],"jetpack_publicize_connections":[],"jetpack_featured_media_url":"https:\/\/i0.wp.com\/ismaelcolosi.com.br\/wp-content\/uploads\/2023\/11\/postimg-6564a2722e4292379.jpg?fit=1200%2C628&ssl=1","uagb_featured_image_src":{"full":["https:\/\/i0.wp.com\/ismaelcolosi.com.br\/wp-content\/uploads\/2023\/11\/postimg-6564a2722e4292379.jpg?fit=1200%2C628&ssl=1",1200,628,false],"thumbnail":["https:\/\/i0.wp.com\/ismaelcolosi.com.br\/wp-content\/uploads\/2023\/11\/postimg-6564a2722e4292379.jpg?resize=150%2C150&ssl=1",150,150,true],"medium":["https:\/\/i0.wp.com\/ismaelcolosi.com.br\/wp-content\/uploads\/2023\/11\/postimg-6564a2722e4292379.jpg?fit=300%2C157&ssl=1",300,157,true],"medium_large":["https:\/\/i0.wp.com\/ismaelcolosi.com.br\/wp-content\/uploads\/2023\/11\/postimg-6564a2722e4292379.jpg?fit=768%2C402&ssl=1",768,402,true],"large":["https:\/\/i0.wp.com\/ismaelcolosi.com.br\/wp-content\/uploads\/2023\/11\/postimg-6564a2722e4292379.jpg?fit=1024%2C536&ssl=1",1024,536,true],"1536x1536":["https:\/\/i0.wp.com\/ismaelcolosi.com.br\/wp-content\/uploads\/2023\/11\/postimg-6564a2722e4292379.jpg?fit=1200%2C628&ssl=1",1200,628,true],"2048x2048":["https:\/\/i0.wp.com\/ismaelcolosi.com.br\/wp-content\/uploads\/2023\/11\/postimg-6564a2722e4292379.jpg?fit=1200%2C628&ssl=1",1200,628,true],"really-simple-thumb":["https:\/\/i0.wp.com\/ismaelcolosi.com.br\/wp-content\/uploads\/2023\/11\/postimg-6564a2722e4292379.jpg?resize=370%2C247&ssl=1",370,247,true]},"uagb_author_info":{"display_name":"ismaelcolosi.com.br","author_link":"https:\/\/ismaelcolosi.com.br\/index.php\/author\/vidareal-online\/"},"uagb_comment_info":0,"uagb_excerpt":"Muitas pessoas desconhecem os sinais e sintomas dessa doen\u00e7a que afeta diretamente a musculatura causando dor insuport\u00e1vel e que pode deixar a pessoa incapacitada, com...","jetpack-related-posts":[{"id":36972,"url":"https:\/\/ismaelcolosi.com.br\/index.php\/2024\/02\/13\/e-dengue-ou-gripe-saiba-como-diferenciar-os-sintomas-das-doencas\/","url_meta":{"origin":6975,"position":0},"title":"\u00c9 dengue ou gripe? Saiba como diferenciar os sintomas das doen\u00e7as","author":"ismaelcolosi.com.br","date":"13 de February de 2024","format":false,"excerpt":"Sintomas como dor de cabe\u00e7a, mal-estar, febre e fraqueza s\u00e3o sinais comuns presentes em v\u00e1rias enfermidades, incluindo a dengue e a gripe. Desta forma, em caso de suspeita de alguma dessas doen\u00e7as \u00e9 importante aumentar a hidrata\u00e7\u00e3o e evitar a automedica\u00e7\u00e3o. Somente um m\u00e9dico pode fazer o diagn\u00f3stico correto.\u201c\u00c9 poss\u00edvel\u2026","rel":"","context":"In &quot;Not\u00edcias de Ribeir\u00e3o Preto-SP e Regi\u00e3o&quot;","block_context":{"text":"Not\u00edcias de Ribeir\u00e3o Preto-SP e Regi\u00e3o","link":"https:\/\/ismaelcolosi.com.br\/index.php\/category\/noticias-de-ribeirao-preto-sp-e-regiao-ismael-colosi\/"},"img":{"alt_text":"","src":"https:\/\/i0.wp.com\/ismaelcolosi.com.br\/wp-content\/uploads\/2024\/02\/gripe-resfriado-dengue-ou-covid.png-1.jpg?fit=800%2C481&ssl=1&resize=350%2C200","width":350,"height":200,"srcset":"https:\/\/i0.wp.com\/ismaelcolosi.com.br\/wp-content\/uploads\/2024\/02\/gripe-resfriado-dengue-ou-covid.png-1.jpg?fit=800%2C481&ssl=1&resize=350%2C200 1x, https:\/\/i0.wp.com\/ismaelcolosi.com.br\/wp-content\/uploads\/2024\/02\/gripe-resfriado-dengue-ou-covid.png-1.jpg?fit=800%2C481&ssl=1&resize=525%2C300 1.5x, https:\/\/i0.wp.com\/ismaelcolosi.com.br\/wp-content\/uploads\/2024\/02\/gripe-resfriado-dengue-ou-covid.png-1.jpg?fit=800%2C481&ssl=1&resize=700%2C400 2x"},"classes":[]},{"id":6427,"url":"https:\/\/ismaelcolosi.com.br\/index.php\/2023\/11\/25\/5-sinais-da-doenca-que-os-homens-mais-ignoram\/","url_meta":{"origin":6975,"position":1},"title":"5 sinais da doen\u00e7a que os homens mais ignoram","author":"ismaelcolosi.com.br","date":"25 de November de 2023","format":false,"excerpt":"Cr\u00e9ditos: Getty Images\/iStockphotoSinais de c\u00e2ncer podem se manifestar por meio de dores e queixas do dia a dia, alertam especialistas \u2013 iStock\/Getty Images O avan\u00e7o da medicina permitiu compreender que, eventualmente, alguns sinais que se manifestam em nosso corpo podem indicar sintomas de doen\u00e7as graves, como o c\u00e2ncer. Sobretudo em\u2026","rel":"","context":"In &quot;Variedades&quot;","block_context":{"text":"Variedades","link":"https:\/\/ismaelcolosi.com.br\/index.php\/category\/variedades\/"},"img":{"alt_text":"","src":"https:\/\/i0.wp.com\/ismaelcolosi.com.br\/wp-content\/uploads\/2023\/11\/istock-1417310641.jpg?fit=1200%2C638&ssl=1&resize=350%2C200","width":350,"height":200,"srcset":"https:\/\/i0.wp.com\/ismaelcolosi.com.br\/wp-content\/uploads\/2023\/11\/istock-1417310641.jpg?fit=1200%2C638&ssl=1&resize=350%2C200 1x, https:\/\/i0.wp.com\/ismaelcolosi.com.br\/wp-content\/uploads\/2023\/11\/istock-1417310641.jpg?fit=1200%2C638&ssl=1&resize=525%2C300 1.5x, https:\/\/i0.wp.com\/ismaelcolosi.com.br\/wp-content\/uploads\/2023\/11\/istock-1417310641.jpg?fit=1200%2C638&ssl=1&resize=700%2C400 2x, https:\/\/i0.wp.com\/ismaelcolosi.com.br\/wp-content\/uploads\/2023\/11\/istock-1417310641.jpg?fit=1200%2C638&ssl=1&resize=1050%2C600 3x"},"classes":[]},{"id":40437,"url":"https:\/\/ismaelcolosi.com.br\/index.php\/2024\/03\/03\/entenda-a-diferenca-dos-sintomas-de-dengue-e-de-covid-19\/","url_meta":{"origin":6975,"position":2},"title":"Entenda a diferen\u00e7a dos sintomas de dengue e de covid-19\u00a0","author":"ismaelcolosi.com.br","date":"3 de March de 2024","format":false,"excerpt":"Em meio a uma explos\u00e3o de casos de dengue e o aumento de infec\u00e7\u00f5es por covid-19 no Brasil, sintomas como febre, dor de cabe\u00e7a e mal-estar passaram a assustar e gerar muitas d\u00favidas. No atual cen\u00e1rio epidemiol\u00f3gico, \u00e9 importante saber diferenciar os sinais de cada enfermidade.\u00a0O infectologista do Servi\u00e7o de\u2026","rel":"","context":"In &quot;Not\u00edcias de Ribeir\u00e3o Preto-SP e Regi\u00e3o&quot;","block_context":{"text":"Not\u00edcias de Ribeir\u00e3o Preto-SP e Regi\u00e3o","link":"https:\/\/ismaelcolosi.com.br\/index.php\/category\/noticias-de-ribeirao-preto-sp-e-regiao-ismael-colosi\/"},"img":{"alt_text":"","src":"https:\/\/i0.wp.com\/ismaelcolosi.com.br\/wp-content\/uploads\/2024\/03\/sintomas-covid-coronavirus-pandemia-diagnostico-teste.png?fit=1000%2C523&ssl=1&resize=350%2C200","width":350,"height":200,"srcset":"https:\/\/i0.wp.com\/ismaelcolosi.com.br\/wp-content\/uploads\/2024\/03\/sintomas-covid-coronavirus-pandemia-diagnostico-teste.png?fit=1000%2C523&ssl=1&resize=350%2C200 1x, https:\/\/i0.wp.com\/ismaelcolosi.com.br\/wp-content\/uploads\/2024\/03\/sintomas-covid-coronavirus-pandemia-diagnostico-teste.png?fit=1000%2C523&ssl=1&resize=525%2C300 1.5x, https:\/\/i0.wp.com\/ismaelcolosi.com.br\/wp-content\/uploads\/2024\/03\/sintomas-covid-coronavirus-pandemia-diagnostico-teste.png?fit=1000%2C523&ssl=1&resize=700%2C400 2x"},"classes":[]},{"id":9749,"url":"https:\/\/ismaelcolosi.com.br\/index.php\/2023\/12\/02\/tres-tipos-de-cancer-que-podem-surgir-sem-dar-sinal\/","url_meta":{"origin":6975,"position":3},"title":"Tr\u00eas tipos de c\u00e2ncer que podem surgir sem dar sinal","author":"ismaelcolosi.com.br","date":"2 de December de 2023","format":false,"excerpt":"Cr\u00e9ditos: Getty ImagesMais de 10 milh\u00f5es de pessoas morrem todos os anos por c\u00e2ncer, segundo n\u00fameros divulgados pela Organiza\u00e7\u00e3o Mundial da Sa\u00fade (OMS) \u2013 iStock\/Getty Images Todos os anos, o c\u00e2ncer afeta milh\u00f5es de pessoas em todo o mundo e, muitas vezes, alguns sinais da doen\u00e7a podem ser silenciosos e\u2026","rel":"","context":"In &quot;Variedades&quot;","block_context":{"text":"Variedades","link":"https:\/\/ismaelcolosi.com.br\/index.php\/category\/variedades\/"},"img":{"alt_text":"","src":"https:\/\/i0.wp.com\/ismaelcolosi.com.br\/wp-content\/uploads\/2023\/12\/istock-1124543330-1.jpg?fit=1200%2C638&ssl=1&resize=350%2C200","width":350,"height":200,"srcset":"https:\/\/i0.wp.com\/ismaelcolosi.com.br\/wp-content\/uploads\/2023\/12\/istock-1124543330-1.jpg?fit=1200%2C638&ssl=1&resize=350%2C200 1x, https:\/\/i0.wp.com\/ismaelcolosi.com.br\/wp-content\/uploads\/2023\/12\/istock-1124543330-1.jpg?fit=1200%2C638&ssl=1&resize=525%2C300 1.5x, https:\/\/i0.wp.com\/ismaelcolosi.com.br\/wp-content\/uploads\/2023\/12\/istock-1124543330-1.jpg?fit=1200%2C638&ssl=1&resize=700%2C400 2x, https:\/\/i0.wp.com\/ismaelcolosi.com.br\/wp-content\/uploads\/2023\/12\/istock-1124543330-1.jpg?fit=1200%2C638&ssl=1&resize=1050%2C600 3x"},"classes":[]},{"id":17897,"url":"https:\/\/ismaelcolosi.com.br\/index.php\/2023\/12\/19\/sinais-de-alerta-que-voce-nao-deve-ignorar\/","url_meta":{"origin":6975,"position":4},"title":"sinais de alerta que voc\u00ea n\u00e3o deve ignorar","author":"ismaelcolosi.com.br","date":"19 de December de 2023","format":false,"excerpt":"Os infartos silenciosos do mioc\u00e1rdio s\u00e3o respons\u00e1veis por 45% dos ataques card\u00edacos, muitas vezes com sintomas leves e passageiros. A detec\u00e7\u00e3o e interven\u00e7\u00e3o precoces s\u00e3o cruciais para prevenir danos ao tecido card\u00edaco. Chamados de \u201csilenciosos\u201d esses ataques card\u00edacos desviam-se dos sintomas cl\u00e1ssicos. Por conta disso, muitas pessoas acabam considerando que\u2026","rel":"","context":"In &quot;Variedades&quot;","block_context":{"text":"Variedades","link":"https:\/\/ismaelcolosi.com.br\/index.php\/category\/variedades\/"},"img":{"alt_text":"","src":"https:\/\/i0.wp.com\/ismaelcolosi.com.br\/wp-content\/uploads\/2023\/12\/istock-700262796.jpg?fit=1200%2C638&ssl=1&resize=350%2C200","width":350,"height":200,"srcset":"https:\/\/i0.wp.com\/ismaelcolosi.com.br\/wp-content\/uploads\/2023\/12\/istock-700262796.jpg?fit=1200%2C638&ssl=1&resize=350%2C200 1x, https:\/\/i0.wp.com\/ismaelcolosi.com.br\/wp-content\/uploads\/2023\/12\/istock-700262796.jpg?fit=1200%2C638&ssl=1&resize=525%2C300 1.5x, https:\/\/i0.wp.com\/ismaelcolosi.com.br\/wp-content\/uploads\/2023\/12\/istock-700262796.jpg?fit=1200%2C638&ssl=1&resize=700%2C400 2x, https:\/\/i0.wp.com\/ismaelcolosi.com.br\/wp-content\/uploads\/2023\/12\/istock-700262796.jpg?fit=1200%2C638&ssl=1&resize=1050%2C600 3x"},"classes":[]},{"id":18327,"url":"https:\/\/ismaelcolosi.com.br\/index.php\/2023\/12\/20\/tres-sinais-na-pele-que-podem-indicar-doenca-cardiovascular\/","url_meta":{"origin":6975,"position":5},"title":"Tr\u00eas sinais na pele que podem indicar doen\u00e7a cardiovascular","author":"ismaelcolosi.com.br","date":"20 de December de 2023","format":false,"excerpt":"Se n\u00e3o forem detectadas precocemente e tratadas, as doen\u00e7as cardiovasculares podem ser fatais. Portanto, detectar quaisquer sinais de alerta \u00e9 muito importante. Alguns dos sinais de doen\u00e7a card\u00edaca s\u00e3o bastante conhecidos, como dor no peito. No entanto, outros s\u00e3o menos. De acordo com um especialista, existem mais alguns sintomas inesperados\u2026","rel":"","context":"In &quot;Variedades&quot;","block_context":{"text":"Variedades","link":"https:\/\/ismaelcolosi.com.br\/index.php\/category\/variedades\/"},"img":{"alt_text":"","src":"https:\/\/i0.wp.com\/ismaelcolosi.com.br\/wp-content\/uploads\/2023\/12\/istock-174688223.jpg?fit=1200%2C638&ssl=1&resize=350%2C200","width":350,"height":200,"srcset":"https:\/\/i0.wp.com\/ismaelcolosi.com.br\/wp-content\/uploads\/2023\/12\/istock-174688223.jpg?fit=1200%2C638&ssl=1&resize=350%2C200 1x, https:\/\/i0.wp.com\/ismaelcolosi.com.br\/wp-content\/uploads\/2023\/12\/istock-174688223.jpg?fit=1200%2C638&ssl=1&resize=525%2C300 1.5x, https:\/\/i0.wp.com\/ismaelcolosi.com.br\/wp-content\/uploads\/2023\/12\/istock-174688223.jpg?fit=1200%2C638&ssl=1&resize=700%2C400 2x, https:\/\/i0.wp.com\/ismaelcolosi.com.br\/wp-content\/uploads\/2023\/12\/istock-174688223.jpg?fit=1200%2C638&ssl=1&resize=1050%2C600 3x"},"classes":[]}],"jetpack_sharing_enabled":true,"jetpack_shortlink":"https:\/\/wp.me\/pfMlyK-1Ov","_links":{"self":[{"href":"https:\/\/ismaelcolosi.com.br\/index.php\/wp-json\/wp\/v2\/posts\/6975","targetHints":{"allow":["GET"]}}],"collection":[{"href":"https:\/\/ismaelcolosi.com.br\/index.php\/wp-json\/wp\/v2\/posts"}],"about":[{"href":"https:\/\/ismaelcolosi.com.br\/index.php\/wp-json\/wp\/v2\/types\/post"}],"author":[{"embeddable":true,"href":"https:\/\/ismaelcolosi.com.br\/index.php\/wp-json\/wp\/v2\/users\/1"}],"replies":[{"embeddable":true,"href":"https:\/\/ismaelcolosi.com.br\/index.php\/wp-json\/wp\/v2\/comments?post=6975"}],"version-history":[{"count":0,"href":"https:\/\/ismaelcolosi.com.br\/index.php\/wp-json\/wp\/v2\/posts\/6975\/revisions"}],"wp:featuredmedia":[{"embeddable":true,"href":"https:\/\/ismaelcolosi.com.br\/index.php\/wp-json\/wp\/v2\/media\/6976"}],"wp:attachment":[{"href":"https:\/\/ismaelcolosi.com.br\/index.php\/wp-json\/wp\/v2\/media?parent=6975"}],"wp:term":[{"taxonomy":"category","embeddable":true,"href":"https:\/\/ismaelcolosi.com.br\/index.php\/wp-json\/wp\/v2\/categories?post=6975"},{"taxonomy":"post_tag","embeddable":true,"href":"https:\/\/ismaelcolosi.com.br\/index.php\/wp-json\/wp\/v2\/tags?post=6975"}],"curies":[{"name":"wp","href":"https:\/\/api.w.org\/{rel}","templated":true}]}}