{"id":69658,"date":"2024-10-07T11:32:02","date_gmt":"2024-10-07T14:32:02","guid":{"rendered":"https:\/\/ismaelcolosi.com.br\/index.php\/2024\/10\/07\/semana-da-crianca-veja-a-programacao-cultural-em-ribeirao-preto-e-regiao\/"},"modified":"2024-10-07T11:32:02","modified_gmt":"2024-10-07T14:32:02","slug":"semana-da-crianca-veja-a-programacao-cultural-em-ribeirao-preto-e-regiao","status":"publish","type":"post","link":"https:\/\/ismaelcolosi.com.br\/index.php\/2024\/10\/07\/semana-da-crianca-veja-a-programacao-cultural-em-ribeirao-preto-e-regiao\/","title":{"rendered":"Semana da crian\u00e7a: Veja a programa\u00e7\u00e3o cultural em Ribeir\u00e3o Preto e regi\u00e3o"},"content":{"rendered":"<p> <br \/>\n<\/p>\n<div data-td-block-uid=\"tdi_106\">\n<div class=\"tdb-block-inner td-fix-index\">\n<p>Al\u00e9m do feriado <strong>de Nossa Senhora Aparecida<\/strong>, o <strong>Dia das Crian\u00e7as tamb\u00e9m \u00e9 comemorado no pr\u00f3ximo 12 de outubro<\/strong>. <strong>Ribeir\u00e3o Preto e regi\u00e3o<\/strong> contam com uma <strong>programa\u00e7\u00e3o cultural<\/strong> com diversas atividades para aqueles que desejam se divertir ao lado dos pequenos. Confira:<\/p>\n<h4 class=\"wp-block-heading\"><strong>1. Museu Casa de Portinari<\/strong><\/h4>\n<ul>\n<li><strong>\u201cBrinCandinho\u201d \u2013 \u00c9 Gostoso Ser Crian\u00e7a no Museu Casa de Portinari \u2013<\/strong> De 8 a 13 de outubro, das 10h \u00e0s 16h. Brincadeiras e jogos infantis na esplanada do museu;<\/li>\n<li><strong>Feira de Artesanato <\/strong>\u2013 Dias 12, 13, 19 e 20 de outubro, das 10h \u00e0s 16h;<\/li>\n<li><strong>Oficina de Constru\u00e7\u00e3o de Cavalinho de Brinquedo<\/strong> \u2013 Dia 13 de outubro, \u00e0s 10h e \u00e0s 14h;<\/li>\n<li><strong>Domingo com Arte Ateli\u00ea ao vivo<\/strong> \u2013 Dia 13 de outubro, \u00e0s 10h | <strong>Virtual<\/strong> \u00e0s 15h.<\/li>\n<\/ul>\n<h4 class=\"wp-block-heading\"><strong>2.Bandalheira do Bem<\/strong><\/h4>\n<p>Dia <strong>11 de outubro<\/strong>, \u00e0s<strong> 9h30,<\/strong> no <strong>Teatro Municipal<\/strong>. <strong>Entrada gratuita<\/strong>, por\u00e9m \u00e9 necess\u00e1rio retirar ingressos com uma hora de anteced\u00eancia na bilheteria.<\/p>\n<h4 class=\"wp-block-heading\"><strong>3.Peter Pan \u2013 Crescer \u00c9 Preciso<\/strong><\/h4>\n<p>No dia <strong>12 de outubro<\/strong>, \u00e0s <strong>15h<\/strong>, no<strong> Teatro Municipal <\/strong>de Ribeir\u00e3o Preto. <strong>Entrada gratuita<\/strong>, por\u00e9m \u00e9 necess\u00e1rio retirar ingressos com uma hora de anteced\u00eancia na bilheteria. No enredo, Peter e seus amigos enfrentam a transi\u00e7\u00e3o para a vida adulta e se deparam com a responsabilidade de cuidar do planeta e do futuro.<\/p>\n<h4 class=\"wp-block-heading\"><strong>4. Divertidamente 2<\/strong><\/h4>\n<p>Dia<strong> 13 de outubro<\/strong>, \u00e0s <strong>15h<\/strong>, no <strong>Teatro Municipal<\/strong>. Ingressos a partir de<strong> R$ 35 (meia-entrada)<\/strong>, no site (<a href=\"https:\/\/www.bilheteriaexpress.com.br\/ingressos-para-divertidamente-2-sucesso-na-telona-ribeirao-preto-teatro-marista-teatro-marista-teatro-infantil-4176973668951.html.\" target=\"_blank\" rel=\"noreferrer noopener\">clique aqui<\/a>). Pe\u00e7a de teatro mergulha nas emo\u00e7\u00f5es da adolescente Riley, trazendo uma hist\u00f3ria comovente.<\/p>\n<h4 class=\"wp-block-heading\"><strong>5. Sesc Ribeir\u00e3o Preto<\/strong><\/h4>\n<ul>\n<li><strong>Quintal de Brincar<\/strong> \u2013 Dias 12 e 13 de outubro, \u00e0s 10h. Brincadeiras infantis para crian\u00e7as de 0 a 3 anos e seus respons\u00e1veis.<\/li>\n<li><strong>Feira de Troca de Brinquedos<\/strong> \u2013 Dias 12 e 13 de outubro, \u00e0s 13h. Cada crian\u00e7a leva brinquedo e pode trocar por outro.<\/li>\n<\/ul>\n<h4 class=\"wp-block-heading\"><strong>6. Biblioteca Sinh\u00e1 Junqueira<\/strong><\/h4>\n<ul>\n<li><strong>Pintando o set <\/strong>\u2013 Dia 12 de outubro, \u00e0s 10h. Oficina para crian\u00e7as de 8 a 12 anos com cineasta, escritor e educomunicador Anderson Lima para aprender no\u00e7\u00f5es b\u00e1sicas de filmagem. Entrega de senhas come\u00e7a uma hora antes.<\/li>\n<li><strong>Yoga para crian\u00e7as <\/strong>\u2013 Dia 12 de outubro, \u00e0s 11h. Tati Priolli<\/li>\n<li><strong>Brinquedos: Cama el\u00e1stica com monitor, hockey de mesa e \u00e1rea baby<\/strong> \u2013 Dia 12 de outubro, \u00e0s 13h ter\u00e1 brinquedos para crian\u00e7as na biblioteca.<\/li>\n<li><strong>Maquiagem infantil com Suhelen Tica <\/strong>\u2013 Dia 12 de outubro, \u00e0s 13h, Suelen Tica far\u00e1 maquiagem infantil.<\/li>\n<li><strong>Lan\u00e7amento de livro<\/strong> \u2013 Dia 12 de outubro, \u00e0s 15h, Anderson LadoBeco far\u00e1 lan\u00e7amento de seu livro \u2018Irm\u00e3o da Chapeuzinho Vermelho\u2019.<\/li>\n<li><strong>Show musical com Canto Kids <\/strong>\u00a0\u2013 Dia 12 de outubro, \u00e0s 16h, Canto Kids faz uma apresenta\u00e7\u00e3o.<\/li>\n<\/ul>\n<h4 class=\"wp-block-heading\"><strong>7. Show da Luna<\/strong><\/h4>\n<p>Dia <strong>12 de outubro, \u00e0s 19h<\/strong>. <strong>Multiplan Hall<\/strong> recebe o <strong>Show da Luna<\/strong> para um dia de muita m\u00fasica e intera\u00e7\u00e3o com os personagens. O ingresso pode ser adquirido on-line<a href=\"https:\/\/www.ticketmaster.com.br\/event\/showdaluna-ribeiraopreto\" target=\"_blank\" rel=\"noreferrer noopener\"><strong>(clique aqui<\/strong><\/a>), a partir de <strong>R$ 90 (meia-entrada)<\/strong>.  <\/p>\n<p>SAIBA MAIS<\/p>\n<p>Frente fria chega nesta semana e interior de SP tem previs\u00e3o de chuva forte<\/p>\n<h4 class=\"wp-block-heading\"><strong>FIQUE ON<\/strong><\/h4>\n<p>Fique ligado em tudo que acontece em Ribeir\u00e3o Preto e regi\u00e3o. Siga os perfis do <strong>acidade on <\/strong>no <a href=\"https:\/\/www.instagram.com\/acidadeonribeirao\" target=\"_blank\" rel=\"noreferrer noopener\">Instagram<\/a> e no <a href=\"https:\/\/www.facebook.com\/acidadeonribeirao\" target=\"_blank\" rel=\"noreferrer noopener\">Facebook<\/a>.<\/p>\n<p>Receba not\u00edcias do <strong>acidade on <\/strong>no WhatsApp. Para entrar no grupo, basta <a href=\"https:\/\/chat.whatsapp.com\/Dtv9mxhy6V5BJBotM2OQ5k\" target=\"_blank\" rel=\"noreferrer noopener\">clicar aqui<\/a>.<\/p>\n<p>Fa\u00e7a uma den\u00fancia ou sugira uma reportagem sobre Ribeir\u00e3o Preto e regi\u00e3o pelo WhatsApp: 16 99117 7802.<\/p>\n<p>VEJA TAMB\u00c9M<\/p>\n<p>Quando come\u00e7a a campanha eleitoral para segundo turno?<\/p>\n<p><!-- CONTENT END 1 -->\n<\/div>\n<\/div>\n<p><script async src=\"\/\/www.instagram.com\/embed.js\"><\/script><br \/>\n<br \/><br \/>\n<br \/><a href=\"https:\/\/www.acidadeon.com\/ribeiraopreto\/lazer-e-cultura\/semana-da-crianca-veja-a-programacao-cultural-em-ribeirao-preto-e-regiao\/\">Source link <\/a><\/p>\n","protected":false},"excerpt":{"rendered":"<p>Al\u00e9m do feriado de Nossa Senhora Aparecida, o Dia das Crian\u00e7as tamb\u00e9m \u00e9 comemorado no pr\u00f3ximo 12 de outubro. Ribeir\u00e3o Preto e regi\u00e3o contam com&#8230;<\/p>\n","protected":false},"author":1,"featured_media":69659,"comment_status":"open","ping_status":"open","sticky":false,"template":"","format":"standard","meta":{"_uag_custom_page_level_css":"","advanced_seo_description":"","jetpack_seo_html_title":"","jetpack_seo_noindex":false,"jetpack_post_was_ever_published":false,"_jetpack_newsletter_access":"","_jetpack_dont_email_post_to_subs":false,"_jetpack_newsletter_tier_id":0,"_jetpack_memberships_contains_paywalled_content":false,"_jetpack_memberships_contains_paid_content":false,"footnotes":"","jetpack_publicize_message":"","jetpack_publicize_feature_enabled":true,"jetpack_social_post_already_shared":true,"jetpack_social_options":{"image_generator_settings":{"template":"highway","default_image_id":0,"font":"","enabled":false},"version":2}},"categories":[11],"tags":[],"class_list":["post-69658","post","type-post","status-publish","format-standard","has-post-thumbnail","hentry","category-noticias-de-ribeirao-preto-sp-e-regiao-ismael-colosi"],"jetpack_publicize_connections":[],"jetpack_featured_media_url":"https:\/\/i0.wp.com\/ismaelcolosi.com.br\/wp-content\/uploads\/2024\/10\/brincadeiras-antigas-amarelinha_2024-10-07_13-35-36_jpg_2024-10-07_13-35-36.webp.webp?fit=1200%2C800&ssl=1","uagb_featured_image_src":{"full":["https:\/\/i0.wp.com\/ismaelcolosi.com.br\/wp-content\/uploads\/2024\/10\/brincadeiras-antigas-amarelinha_2024-10-07_13-35-36_jpg_2024-10-07_13-35-36.webp.webp?fit=1200%2C800&ssl=1",1200,800,false],"thumbnail":["https:\/\/i0.wp.com\/ismaelcolosi.com.br\/wp-content\/uploads\/2024\/10\/brincadeiras-antigas-amarelinha_2024-10-07_13-35-36_jpg_2024-10-07_13-35-36.webp.webp?resize=150%2C150&ssl=1",150,150,true],"medium":["https:\/\/i0.wp.com\/ismaelcolosi.com.br\/wp-content\/uploads\/2024\/10\/brincadeiras-antigas-amarelinha_2024-10-07_13-35-36_jpg_2024-10-07_13-35-36.webp.webp?fit=300%2C200&ssl=1",300,200,true],"medium_large":["https:\/\/i0.wp.com\/ismaelcolosi.com.br\/wp-content\/uploads\/2024\/10\/brincadeiras-antigas-amarelinha_2024-10-07_13-35-36_jpg_2024-10-07_13-35-36.webp.webp?fit=768%2C512&ssl=1",768,512,true],"large":["https:\/\/i0.wp.com\/ismaelcolosi.com.br\/wp-content\/uploads\/2024\/10\/brincadeiras-antigas-amarelinha_2024-10-07_13-35-36_jpg_2024-10-07_13-35-36.webp.webp?fit=1024%2C683&ssl=1",1024,683,true],"1536x1536":["https:\/\/i0.wp.com\/ismaelcolosi.com.br\/wp-content\/uploads\/2024\/10\/brincadeiras-antigas-amarelinha_2024-10-07_13-35-36_jpg_2024-10-07_13-35-36.webp.webp?fit=1200%2C800&ssl=1",1200,800,true],"2048x2048":["https:\/\/i0.wp.com\/ismaelcolosi.com.br\/wp-content\/uploads\/2024\/10\/brincadeiras-antigas-amarelinha_2024-10-07_13-35-36_jpg_2024-10-07_13-35-36.webp.webp?fit=1200%2C800&ssl=1",1200,800,true],"really-simple-thumb":["https:\/\/i0.wp.com\/ismaelcolosi.com.br\/wp-content\/uploads\/2024\/10\/brincadeiras-antigas-amarelinha_2024-10-07_13-35-36_jpg_2024-10-07_13-35-36.webp.webp?resize=370%2C247&ssl=1",370,247,true]},"uagb_author_info":{"display_name":"ismaelcolosi.com.br","author_link":"https:\/\/ismaelcolosi.com.br\/index.php\/author\/vidareal-online\/"},"uagb_comment_info":0,"uagb_excerpt":"Al\u00e9m do feriado de Nossa Senhora Aparecida, o Dia das Crian\u00e7as tamb\u00e9m \u00e9 comemorado no pr\u00f3ximo 12 de outubro. Ribeir\u00e3o Preto e regi\u00e3o contam com...","jetpack-related-posts":[{"id":49391,"url":"https:\/\/ismaelcolosi.com.br\/index.php\/2024\/05\/10\/confira-a-programacao-do-dia-das-maes-no-museu-casa-de-portinari-na-regiao-de-ribeirao\/","url_meta":{"origin":69658,"position":0},"title":"Confira a programa\u00e7\u00e3o do \u2018Dia das M\u00e3es\u2019 no Museu Casa de Portinari na regi\u00e3o de Ribeir\u00e3o","author":"ismaelcolosi.com.br","date":"10 de May de 2024","format":false,"excerpt":"O Museu Casa de Portinari, que fica em Brodowski, na regi\u00e3o de Ribeir\u00e3o Preto, tem programa\u00e7\u00e3o especial para o \u201cDia das M\u00e3es\u201d neste domingo (12) (veja abaixo). Al\u00e9m da tradicional Feira de Artesanato, que re\u00fane artistas locais e da regi\u00e3o, no s\u00e1bado (11) e no domingo, haver\u00e1 uma apresenta\u00e7\u00e3o de\u2026","rel":"","context":"In &quot;Not\u00edcias de Ribeir\u00e3o Preto-SP e Regi\u00e3o&quot;","block_context":{"text":"Not\u00edcias de Ribeir\u00e3o Preto-SP e Regi\u00e3o","link":"https:\/\/ismaelcolosi.com.br\/index.php\/category\/noticias-de-ribeirao-preto-sp-e-regiao-ismael-colosi\/"},"img":{"alt_text":"","src":"https:\/\/i0.wp.com\/ismaelcolosi.com.br\/wp-content\/uploads\/2024\/05\/1f896dfc-dc2c-4b5d-8fe4-2042e6d380b8_2024-05-10_15-45-03_jpg_2024-05-10_15-45-05-scaled.webp.webp?fit=1200%2C900&ssl=1&resize=350%2C200","width":350,"height":200,"srcset":"https:\/\/i0.wp.com\/ismaelcolosi.com.br\/wp-content\/uploads\/2024\/05\/1f896dfc-dc2c-4b5d-8fe4-2042e6d380b8_2024-05-10_15-45-03_jpg_2024-05-10_15-45-05-scaled.webp.webp?fit=1200%2C900&ssl=1&resize=350%2C200 1x, https:\/\/i0.wp.com\/ismaelcolosi.com.br\/wp-content\/uploads\/2024\/05\/1f896dfc-dc2c-4b5d-8fe4-2042e6d380b8_2024-05-10_15-45-03_jpg_2024-05-10_15-45-05-scaled.webp.webp?fit=1200%2C900&ssl=1&resize=525%2C300 1.5x, https:\/\/i0.wp.com\/ismaelcolosi.com.br\/wp-content\/uploads\/2024\/05\/1f896dfc-dc2c-4b5d-8fe4-2042e6d380b8_2024-05-10_15-45-03_jpg_2024-05-10_15-45-05-scaled.webp.webp?fit=1200%2C900&ssl=1&resize=700%2C400 2x, https:\/\/i0.wp.com\/ismaelcolosi.com.br\/wp-content\/uploads\/2024\/05\/1f896dfc-dc2c-4b5d-8fe4-2042e6d380b8_2024-05-10_15-45-03_jpg_2024-05-10_15-45-05-scaled.webp.webp?fit=1200%2C900&ssl=1&resize=1050%2C600 3x"},"classes":[]},{"id":56532,"url":"https:\/\/ismaelcolosi.com.br\/index.php\/2024\/07\/12\/ferias-no-museu-casa-de-portinari-promove-programacao-gratuita-confira\/","url_meta":{"origin":69658,"position":1},"title":"F\u00e9rias no Museu: Casa de Portinari promove programa\u00e7\u00e3o gratuita; Confira","author":"ismaelcolosi.com.br","date":"12 de July de 2024","format":false,"excerpt":"O Museu Casa de Portinari promove uma programa\u00e7\u00e3o gratuita para o projeto \u201cF\u00e9rias no Museu\u201d que acontece at\u00e9 o dia 31 de julho. Entre as principais atividades est\u00e3o: oficinas, ateli\u00ea ao vivo, palestra e brincadeiras . Confira a agenda completa: Oficina de fantoche A oficina \u201cMenina de Fita e Palaninho\u201d\u2026","rel":"","context":"In &quot;Not\u00edcias de Ribeir\u00e3o Preto-SP e Regi\u00e3o&quot;","block_context":{"text":"Not\u00edcias de Ribeir\u00e3o Preto-SP e Regi\u00e3o","link":"https:\/\/ismaelcolosi.com.br\/index.php\/category\/noticias-de-ribeirao-preto-sp-e-regiao-ismael-colosi\/"},"img":{"alt_text":"","src":"https:\/\/i0.wp.com\/ismaelcolosi.com.br\/wp-content\/uploads\/2024\/07\/e592a339-3e52-4970-943d-2d20643e9b7b_2024-07-12_14-30-44_jpeg_2024-07-12_14-30-45.webp.webp?fit=1200%2C1200&ssl=1&resize=350%2C200","width":350,"height":200,"srcset":"https:\/\/i0.wp.com\/ismaelcolosi.com.br\/wp-content\/uploads\/2024\/07\/e592a339-3e52-4970-943d-2d20643e9b7b_2024-07-12_14-30-44_jpeg_2024-07-12_14-30-45.webp.webp?fit=1200%2C1200&ssl=1&resize=350%2C200 1x, https:\/\/i0.wp.com\/ismaelcolosi.com.br\/wp-content\/uploads\/2024\/07\/e592a339-3e52-4970-943d-2d20643e9b7b_2024-07-12_14-30-44_jpeg_2024-07-12_14-30-45.webp.webp?fit=1200%2C1200&ssl=1&resize=525%2C300 1.5x, https:\/\/i0.wp.com\/ismaelcolosi.com.br\/wp-content\/uploads\/2024\/07\/e592a339-3e52-4970-943d-2d20643e9b7b_2024-07-12_14-30-44_jpeg_2024-07-12_14-30-45.webp.webp?fit=1200%2C1200&ssl=1&resize=700%2C400 2x, https:\/\/i0.wp.com\/ismaelcolosi.com.br\/wp-content\/uploads\/2024\/07\/e592a339-3e52-4970-943d-2d20643e9b7b_2024-07-12_14-30-44_jpeg_2024-07-12_14-30-45.webp.webp?fit=1200%2C1200&ssl=1&resize=1050%2C600 3x"},"classes":[]},{"id":70671,"url":"https:\/\/ismaelcolosi.com.br\/index.php\/2024\/10\/11\/museu-de-ribeirao-preto-oferece-programacao-especial-de-dia-das-criancas\/","url_meta":{"origin":69658,"position":2},"title":"Museu de Ribeir\u00e3o Preto oferece programa\u00e7\u00e3o especial de Dia das Crian\u00e7as","author":"ismaelcolosi.com.br","date":"11 de October de 2024","format":false,"excerpt":"O Museu Municipal da Segunda Guerra Mundial \u00a0\u201cExpedicion\u00e1rio Jos\u00e9 Vivanco Solano\u201d oferece uma programa\u00e7\u00e3o especial em comemora\u00e7\u00e3o ao Dia das Crian\u00e7as, no s\u00e1bado (12), a partir das 11h30. O museu fica na rua Liberdade, 182, nos Campos El\u00edseos. A programa\u00e7\u00e3o inclui algod\u00e3o doce, pipoca, bal\u00f5es e anima\u00e7\u00e3o com o Capit\u00e3o\u2026","rel":"","context":"In &quot;Not\u00edcias de Ribeir\u00e3o Preto-SP e Regi\u00e3o&quot;","block_context":{"text":"Not\u00edcias de Ribeir\u00e3o Preto-SP e Regi\u00e3o","link":"https:\/\/ismaelcolosi.com.br\/index.php\/category\/noticias-de-ribeirao-preto-sp-e-regiao-ismael-colosi\/"},"img":{"alt_text":"","src":"https:\/\/i0.wp.com\/ismaelcolosi.com.br\/wp-content\/uploads\/2024\/10\/museu_2024-10-11_21-08-34_png_2024-10-11_21-08-34.webp.webp?fit=800%2C420&ssl=1&resize=350%2C200","width":350,"height":200,"srcset":"https:\/\/i0.wp.com\/ismaelcolosi.com.br\/wp-content\/uploads\/2024\/10\/museu_2024-10-11_21-08-34_png_2024-10-11_21-08-34.webp.webp?fit=800%2C420&ssl=1&resize=350%2C200 1x, https:\/\/i0.wp.com\/ismaelcolosi.com.br\/wp-content\/uploads\/2024\/10\/museu_2024-10-11_21-08-34_png_2024-10-11_21-08-34.webp.webp?fit=800%2C420&ssl=1&resize=525%2C300 1.5x, https:\/\/i0.wp.com\/ismaelcolosi.com.br\/wp-content\/uploads\/2024\/10\/museu_2024-10-11_21-08-34_png_2024-10-11_21-08-34.webp.webp?fit=800%2C420&ssl=1&resize=700%2C400 2x"},"classes":[]},{"id":36433,"url":"https:\/\/ismaelcolosi.com.br\/index.php\/2024\/02\/09\/casa-de-portinari-tem-programacao-gratuita-de-carnaval-na-regiao-de-ribeirao-preto\/","url_meta":{"origin":69658,"position":3},"title":"Casa de Portinari tem programa\u00e7\u00e3o gratuita de Carnaval na regi\u00e3o de Ribeir\u00e3o Preto","author":"ismaelcolosi.com.br","date":"9 de February de 2024","format":false,"excerpt":"O Museu Casa de Portinari, em Brodowski, na regi\u00e3o de Ribeir\u00e3o Preto, promove uma programa\u00e7\u00e3o especial e gratuita para o Carnaval. A programa\u00e7\u00e3o iniciou nesta sexta-feira (9) e vai at\u00e9 o dia 13. Entre as atividades est\u00e3o: conta\u00e7\u00e3o de hist\u00f3ria, instala\u00e7\u00e3o interativa, apresenta\u00e7\u00e3o de mestre-sala e porta-bandeira de Batatais e\u2026","rel":"","context":"In &quot;Not\u00edcias de Ribeir\u00e3o Preto-SP e Regi\u00e3o&quot;","block_context":{"text":"Not\u00edcias de Ribeir\u00e3o Preto-SP e Regi\u00e3o","link":"https:\/\/ismaelcolosi.com.br\/index.php\/category\/noticias-de-ribeirao-preto-sp-e-regiao-ismael-colosi\/"},"img":{"alt_text":"","src":"https:\/\/i0.wp.com\/ismaelcolosi.com.br\/wp-content\/uploads\/2024\/02\/museu_casa_1024x576_15072020113515.jpg?fit=1024%2C576&ssl=1&resize=350%2C200","width":350,"height":200,"srcset":"https:\/\/i0.wp.com\/ismaelcolosi.com.br\/wp-content\/uploads\/2024\/02\/museu_casa_1024x576_15072020113515.jpg?fit=1024%2C576&ssl=1&resize=350%2C200 1x, https:\/\/i0.wp.com\/ismaelcolosi.com.br\/wp-content\/uploads\/2024\/02\/museu_casa_1024x576_15072020113515.jpg?fit=1024%2C576&ssl=1&resize=525%2C300 1.5x, https:\/\/i0.wp.com\/ismaelcolosi.com.br\/wp-content\/uploads\/2024\/02\/museu_casa_1024x576_15072020113515.jpg?fit=1024%2C576&ssl=1&resize=700%2C400 2x"},"classes":[]},{"id":27577,"url":"https:\/\/ismaelcolosi.com.br\/index.php\/2024\/01\/12\/confira-as-atividades-do-museu-casa-de-portinari-para-os-proximos-dias\/","url_meta":{"origin":69658,"position":4},"title":"Confira as atividades do Museu Casa de Portinari para os pr\u00f3ximos dias","author":"ismaelcolosi.com.br","date":"12 de January de 2024","format":false,"excerpt":"Os destaques s\u00e3o uma pe\u00e7a de teatro que conta de forma l\u00fadica a inf\u00e2ncia de Candido Portinari e a 11\u00aa edi\u00e7\u00e3o do #MuseumSelfieDay, que convida visitantes de museus do mundo inteiro a compartilharem suas impress\u00f5es sobre as mostras visitadas.Al\u00e9m disso, o projeto \u201cF\u00e9rias no Museu\u201d continua a todo o vapor,\u2026","rel":"","context":"In &quot;Not\u00edcias de Ribeir\u00e3o Preto-SP e Regi\u00e3o&quot;","block_context":{"text":"Not\u00edcias de Ribeir\u00e3o Preto-SP e Regi\u00e3o","link":"https:\/\/ismaelcolosi.com.br\/index.php\/category\/noticias-de-ribeirao-preto-sp-e-regiao-ismael-colosi\/"},"img":{"alt_text":"","src":"https:\/\/i0.wp.com\/ismaelcolosi.com.br\/wp-content\/uploads\/2024\/01\/download.png?fit=524%2C295&ssl=1&resize=350%2C200","width":350,"height":200},"classes":[]},{"id":52537,"url":"https:\/\/ismaelcolosi.com.br\/index.php\/2024\/06\/07\/museu-casa-de-portinari-na-regiao-de-ribeirao-preto-tem-arraia-neste-fim-de-semana\/","url_meta":{"origin":69658,"position":5},"title":"Museu Casa de Portinari na regi\u00e3o de Ribeir\u00e3o Preto tem &#8216;arrai\u00e1&#8217; neste fim de semana","author":"ismaelcolosi.com.br","date":"7 de June de 2024","format":false,"excerpt":"O Museu Casa de Portinari realiza, neste domingo (9), um \u201carrai\u00e1\u201d durante a edi\u00e7\u00e3o do \u201cDomingo com Arte\u201d, que acontece sempre no segundo domingo de cada m\u00eas, na esplanada do local em Brodowski, na regi\u00e3o de Ribeir\u00e3o Preto. A edi\u00e7\u00e3o especial em celebra\u00e7\u00e3o \u00e0 tradicional festa cultural caipira conta com\u2026","rel":"","context":"In &quot;Not\u00edcias de Ribeir\u00e3o Preto-SP e Regi\u00e3o&quot;","block_context":{"text":"Not\u00edcias de Ribeir\u00e3o Preto-SP e Regi\u00e3o","link":"https:\/\/ismaelcolosi.com.br\/index.php\/category\/noticias-de-ribeirao-preto-sp-e-regiao-ismael-colosi\/"},"img":{"alt_text":"","src":"https:\/\/i0.wp.com\/ismaelcolosi.com.br\/wp-content\/uploads\/2024\/06\/Copia-de-Copia-de-TAMANHO-EXATO-PARA-FOTOS-NO-SISTEMA-NOVO-14_2024-06-07_14-15-18_jpg_2024-06-07_14-15-18.webp.webp?fit=1200%2C675&ssl=1&resize=350%2C200","width":350,"height":200,"srcset":"https:\/\/i0.wp.com\/ismaelcolosi.com.br\/wp-content\/uploads\/2024\/06\/Copia-de-Copia-de-TAMANHO-EXATO-PARA-FOTOS-NO-SISTEMA-NOVO-14_2024-06-07_14-15-18_jpg_2024-06-07_14-15-18.webp.webp?fit=1200%2C675&ssl=1&resize=350%2C200 1x, https:\/\/i0.wp.com\/ismaelcolosi.com.br\/wp-content\/uploads\/2024\/06\/Copia-de-Copia-de-TAMANHO-EXATO-PARA-FOTOS-NO-SISTEMA-NOVO-14_2024-06-07_14-15-18_jpg_2024-06-07_14-15-18.webp.webp?fit=1200%2C675&ssl=1&resize=525%2C300 1.5x, https:\/\/i0.wp.com\/ismaelcolosi.com.br\/wp-content\/uploads\/2024\/06\/Copia-de-Copia-de-TAMANHO-EXATO-PARA-FOTOS-NO-SISTEMA-NOVO-14_2024-06-07_14-15-18_jpg_2024-06-07_14-15-18.webp.webp?fit=1200%2C675&ssl=1&resize=700%2C400 2x, https:\/\/i0.wp.com\/ismaelcolosi.com.br\/wp-content\/uploads\/2024\/06\/Copia-de-Copia-de-TAMANHO-EXATO-PARA-FOTOS-NO-SISTEMA-NOVO-14_2024-06-07_14-15-18_jpg_2024-06-07_14-15-18.webp.webp?fit=1200%2C675&ssl=1&resize=1050%2C600 3x"},"classes":[]}],"jetpack_sharing_enabled":true,"jetpack_shortlink":"https:\/\/wp.me\/pfMlyK-i7w","_links":{"self":[{"href":"https:\/\/ismaelcolosi.com.br\/index.php\/wp-json\/wp\/v2\/posts\/69658","targetHints":{"allow":["GET"]}}],"collection":[{"href":"https:\/\/ismaelcolosi.com.br\/index.php\/wp-json\/wp\/v2\/posts"}],"about":[{"href":"https:\/\/ismaelcolosi.com.br\/index.php\/wp-json\/wp\/v2\/types\/post"}],"author":[{"embeddable":true,"href":"https:\/\/ismaelcolosi.com.br\/index.php\/wp-json\/wp\/v2\/users\/1"}],"replies":[{"embeddable":true,"href":"https:\/\/ismaelcolosi.com.br\/index.php\/wp-json\/wp\/v2\/comments?post=69658"}],"version-history":[{"count":0,"href":"https:\/\/ismaelcolosi.com.br\/index.php\/wp-json\/wp\/v2\/posts\/69658\/revisions"}],"wp:featuredmedia":[{"embeddable":true,"href":"https:\/\/ismaelcolosi.com.br\/index.php\/wp-json\/wp\/v2\/media\/69659"}],"wp:attachment":[{"href":"https:\/\/ismaelcolosi.com.br\/index.php\/wp-json\/wp\/v2\/media?parent=69658"}],"wp:term":[{"taxonomy":"category","embeddable":true,"href":"https:\/\/ismaelcolosi.com.br\/index.php\/wp-json\/wp\/v2\/categories?post=69658"},{"taxonomy":"post_tag","embeddable":true,"href":"https:\/\/ismaelcolosi.com.br\/index.php\/wp-json\/wp\/v2\/tags?post=69658"}],"curies":[{"name":"wp","href":"https:\/\/api.w.org\/{rel}","templated":true}]}}