{"id":69647,"date":"2024-10-07T10:55:21","date_gmt":"2024-10-07T13:55:21","guid":{"rendered":"https:\/\/ismaelcolosi.com.br\/index.php\/2024\/10\/07\/analista-de-marketing-senior\/"},"modified":"2024-10-07T10:55:21","modified_gmt":"2024-10-07T13:55:21","slug":"analista-de-marketing-senior","status":"publish","type":"post","link":"https:\/\/ismaelcolosi.com.br\/index.php\/2024\/10\/07\/analista-de-marketing-senior\/","title":{"rendered":"Analista de Marketing S\u00eanior"},"content":{"rendered":"<div class=\"VM7gjN\">\n<div role=\"listitem\" class=\"Zc7IjY\">\n<div id=\"comp-lp0groo2__5ecd097e-9105-4aa8-89a9-2cfea12fed7c\" class=\"comp-lp0groo2 YzqVVZ wixui-repeater__item\">\n<div id=\"bgLayers_comp-lp0groo2\" data-hook=\"bgLayers\" data-motion-part=\"BG_LAYER\" class=\"MW5IWV\">\n<div data-testid=\"colorUnderlay\" class=\"LWbAav Kv1aVt\"><\/div>\n<div id=\"bgMedia_comp-lp0groo2\" data-motion-part=\"BG_MEDIA\" class=\"VgO9Yg\"><\/div>\n<\/div>\n<div data-mesh-id=\"comp-lp0groo2__5ecd097e-9105-4aa8-89a9-2cfea12fed7cinlineContent\" data-testid=\"inline-content\" class=\"\">\n<div data-mesh-id=\"comp-lp0groo2__5ecd097e-9105-4aa8-89a9-2cfea12fed7cinlineContent-gridContainer\" data-testid=\"mesh-container-content\">\n<div id=\"comp-lp0groo92__5ecd097e-9105-4aa8-89a9-2cfea12fed7c\" class=\"HcOXKn SxM0TO QxJLC3 lq2cno comp-lp0groo92 wixui-rich-text\" data-testid=\"richTextElement\">\n<h2 class=\"font_2 wixui-rich-text__text\" style=\"font-size:26px; line-height:1.6em;\"><span style=\"font-size:26px;\" class=\"wixui-rich-text__text\">Analista de Marketing S\u00eanior<\/span><\/h2>\n<\/div>\n<div id=\"comp-lp0grood2__5ecd097e-9105-4aa8-89a9-2cfea12fed7c\" class=\"HcOXKn SxM0TO QxJLC3 lq2cno comp-lp0grood2 wixui-rich-text\" data-testid=\"richTextElement\">\n<p class=\"font_8 wixui-rich-text__text\" style=\"font-size:16px; line-height:1.6em;\"><span style=\"font-size:16px;\" class=\"wixui-rich-text__text\">Ribeir\u00e3o Preto\/SP<\/span><\/p>\n<\/div>\n<div class=\"comp-lp0grooh1 FubTgk\" id=\"comp-lp0grooh1__5ecd097e-9105-4aa8-89a9-2cfea12fed7c\" aria-disabled=\"false\"><a data-testid=\"linkElement\" href=\"https:\/\/www.corporaterh.com.br\/jobs\/analista-de-marketing-s%C3%AAnior\" target=\"_self\" class=\"uDW_Qe wixui-button PlZyDq\" aria-disabled=\"false\" rel=\"noopener\"><span class=\"l7_2fn wixui-button__label\">View Job<\/span><\/a><\/div>\n<\/div>\n<\/div>\n<\/div>\n<\/div>\n<div role=\"listitem\" class=\"Zc7IjY\">\n<div id=\"comp-lp0groo2__df08ad4c-e180-4c16-badf-8f61918a8af5\" class=\"comp-lp0groo2 YzqVVZ wixui-repeater__item\">\n<div id=\"bgLayers_comp-lp0groo2\" data-hook=\"bgLayers\" data-motion-part=\"BG_LAYER\" class=\"MW5IWV\">\n<div data-testid=\"colorUnderlay\" class=\"LWbAav Kv1aVt\"><\/div>\n<div id=\"bgMedia_comp-lp0groo2\" data-motion-part=\"BG_MEDIA\" class=\"VgO9Yg\"><\/div>\n<\/div>\n<div data-mesh-id=\"comp-lp0groo2__df08ad4c-e180-4c16-badf-8f61918a8af5inlineContent\" data-testid=\"inline-content\" class=\"\">\n<div data-mesh-id=\"comp-lp0groo2__df08ad4c-e180-4c16-badf-8f61918a8af5inlineContent-gridContainer\" data-testid=\"mesh-container-content\">\n<div id=\"comp-lp0groo92__df08ad4c-e180-4c16-badf-8f61918a8af5\" class=\"HcOXKn SxM0TO QxJLC3 lq2cno comp-lp0groo92 wixui-rich-text\" data-testid=\"richTextElement\">\n<h2 class=\"font_2 wixui-rich-text__text\" style=\"font-size:26px; line-height:1.6em;\"><span style=\"font-size:26px;\" class=\"wixui-rich-text__text\">Gerente de Produ\u00e7\u00e3o<\/span><\/h2>\n<\/div>\n<div id=\"comp-lp0grood2__df08ad4c-e180-4c16-badf-8f61918a8af5\" class=\"HcOXKn SxM0TO QxJLC3 lq2cno comp-lp0grood2 wixui-rich-text\" data-testid=\"richTextElement\">\n<p class=\"font_8 wixui-rich-text__text\" style=\"font-size:16px; line-height:1.6em;\"><span style=\"font-size:16px;\" class=\"wixui-rich-text__text\">Regi\u00e3o de Ribeir\u00e3o Preto\/SP<\/span><\/p>\n<\/div>\n<div class=\"comp-lp0grooh1 FubTgk\" id=\"comp-lp0grooh1__df08ad4c-e180-4c16-badf-8f61918a8af5\" aria-disabled=\"false\"><a data-testid=\"linkElement\" href=\"https:\/\/www.corporaterh.com.br\/jobs\/gerente-de-produ%C3%A7%C3%A3o\" target=\"_self\" class=\"uDW_Qe wixui-button PlZyDq\" aria-disabled=\"false\" rel=\"noopener\"><span class=\"l7_2fn wixui-button__label\">View Job<\/span><\/a><\/div>\n<\/div>\n<\/div>\n<\/div>\n<\/div>\n<div role=\"listitem\" class=\"Zc7IjY\">\n<div id=\"comp-lp0groo2__c6983f97-7a6b-4deb-bc16-07de6f8ef1c3\" class=\"comp-lp0groo2 YzqVVZ wixui-repeater__item\">\n<div id=\"bgLayers_comp-lp0groo2\" data-hook=\"bgLayers\" data-motion-part=\"BG_LAYER\" class=\"MW5IWV\">\n<div data-testid=\"colorUnderlay\" class=\"LWbAav Kv1aVt\"><\/div>\n<div id=\"bgMedia_comp-lp0groo2\" data-motion-part=\"BG_MEDIA\" class=\"VgO9Yg\"><\/div>\n<\/div>\n<div data-mesh-id=\"comp-lp0groo2__c6983f97-7a6b-4deb-bc16-07de6f8ef1c3inlineContent\" data-testid=\"inline-content\" class=\"\">\n<div data-mesh-id=\"comp-lp0groo2__c6983f97-7a6b-4deb-bc16-07de6f8ef1c3inlineContent-gridContainer\" data-testid=\"mesh-container-content\">\n<div id=\"comp-lp0groo92__c6983f97-7a6b-4deb-bc16-07de6f8ef1c3\" class=\"HcOXKn SxM0TO QxJLC3 lq2cno comp-lp0groo92 wixui-rich-text\" data-testid=\"richTextElement\">\n<h2 class=\"font_2 wixui-rich-text__text\" style=\"font-size:26px; line-height:1.6em;\"><span style=\"font-size:26px;\" class=\"wixui-rich-text__text\">Gerente de Compras S\u00eanior<\/span><\/h2>\n<\/div>\n<div id=\"comp-lp0grood2__c6983f97-7a6b-4deb-bc16-07de6f8ef1c3\" class=\"HcOXKn SxM0TO QxJLC3 lq2cno comp-lp0grood2 wixui-rich-text\" data-testid=\"richTextElement\">\n<p class=\"font_8 wixui-rich-text__text\" style=\"font-size:16px; line-height:1.6em;\"><span style=\"font-size:16px;\" class=\"wixui-rich-text__text\">Ribeir\u00e3o Preto\/SP<\/span><\/p>\n<\/div>\n<div class=\"comp-lp0grooh1 FubTgk\" id=\"comp-lp0grooh1__c6983f97-7a6b-4deb-bc16-07de6f8ef1c3\" aria-disabled=\"false\"><a data-testid=\"linkElement\" href=\"https:\/\/www.corporaterh.com.br\/jobs\/gerente-de-compras-s%C3%AAnior\" target=\"_self\" class=\"uDW_Qe wixui-button PlZyDq\" aria-disabled=\"false\" rel=\"noopener\"><span class=\"l7_2fn wixui-button__label\">View Job<\/span><\/a><\/div>\n<\/div>\n<\/div>\n<\/div>\n<\/div>\n<div role=\"listitem\" class=\"Zc7IjY\">\n<div id=\"comp-lp0groo2__7f41881d-f847-47d0-ab64-37eff7ad7640\" class=\"comp-lp0groo2 YzqVVZ wixui-repeater__item\">\n<div id=\"bgLayers_comp-lp0groo2\" data-hook=\"bgLayers\" data-motion-part=\"BG_LAYER\" class=\"MW5IWV\">\n<div data-testid=\"colorUnderlay\" class=\"LWbAav Kv1aVt\"><\/div>\n<div id=\"bgMedia_comp-lp0groo2\" data-motion-part=\"BG_MEDIA\" class=\"VgO9Yg\"><\/div>\n<\/div>\n<div data-mesh-id=\"comp-lp0groo2__7f41881d-f847-47d0-ab64-37eff7ad7640inlineContent\" data-testid=\"inline-content\" class=\"\">\n<div data-mesh-id=\"comp-lp0groo2__7f41881d-f847-47d0-ab64-37eff7ad7640inlineContent-gridContainer\" data-testid=\"mesh-container-content\">\n<div id=\"comp-lp0groo92__7f41881d-f847-47d0-ab64-37eff7ad7640\" class=\"HcOXKn SxM0TO QxJLC3 lq2cno comp-lp0groo92 wixui-rich-text\" data-testid=\"richTextElement\">\n<h2 class=\"font_2 wixui-rich-text__text\" style=\"font-size:26px; line-height:1.6em;\"><span style=\"font-size:26px;\" class=\"wixui-rich-text__text\">Gerente Comercial (Seguros)<\/span><\/h2>\n<\/div>\n<div id=\"comp-lp0grood2__7f41881d-f847-47d0-ab64-37eff7ad7640\" class=\"HcOXKn SxM0TO QxJLC3 lq2cno comp-lp0grood2 wixui-rich-text\" data-testid=\"richTextElement\">\n<p class=\"font_8 wixui-rich-text__text\" style=\"font-size:16px; line-height:1.6em;\"><span style=\"font-size:16px;\" class=\"wixui-rich-text__text\">Regi\u00e3o de Ribeir\u00e3o Preto\/SP<\/span><\/p>\n<\/div>\n<div class=\"comp-lp0grooh1 FubTgk\" id=\"comp-lp0grooh1__7f41881d-f847-47d0-ab64-37eff7ad7640\" aria-disabled=\"false\"><a data-testid=\"linkElement\" href=\"https:\/\/www.corporaterh.com.br\/jobs\/gerente-comercial-(seguros)\" target=\"_self\" class=\"uDW_Qe wixui-button PlZyDq\" aria-disabled=\"false\" rel=\"noopener\"><span class=\"l7_2fn wixui-button__label\">View Job<\/span><\/a><\/div>\n<\/div>\n<\/div>\n<\/div>\n<\/div>\n<div role=\"listitem\" class=\"Zc7IjY\">\n<div id=\"comp-lp0groo2__ae13abf6-82a4-423a-a442-7af4d34be420\" class=\"comp-lp0groo2 YzqVVZ wixui-repeater__item\">\n<div id=\"bgLayers_comp-lp0groo2\" data-hook=\"bgLayers\" data-motion-part=\"BG_LAYER\" class=\"MW5IWV\">\n<div data-testid=\"colorUnderlay\" class=\"LWbAav Kv1aVt\"><\/div>\n<div id=\"bgMedia_comp-lp0groo2\" data-motion-part=\"BG_MEDIA\" class=\"VgO9Yg\"><\/div>\n<\/div>\n<div data-mesh-id=\"comp-lp0groo2__ae13abf6-82a4-423a-a442-7af4d34be420inlineContent\" data-testid=\"inline-content\" class=\"\">\n<div data-mesh-id=\"comp-lp0groo2__ae13abf6-82a4-423a-a442-7af4d34be420inlineContent-gridContainer\" data-testid=\"mesh-container-content\">\n<div id=\"comp-lp0groo92__ae13abf6-82a4-423a-a442-7af4d34be420\" class=\"HcOXKn SxM0TO QxJLC3 lq2cno comp-lp0groo92 wixui-rich-text\" data-testid=\"richTextElement\">\n<h2 class=\"font_2 wixui-rich-text__text\" style=\"font-size:26px; line-height:1.6em;\"><span style=\"font-size:26px;\" class=\"wixui-rich-text__text\">Diretora Financeira<\/span><\/h2>\n<\/div>\n<div id=\"comp-lp0grood2__ae13abf6-82a4-423a-a442-7af4d34be420\" class=\"HcOXKn SxM0TO QxJLC3 lq2cno comp-lp0grood2 wixui-rich-text\" data-testid=\"richTextElement\">\n<p class=\"font_8 wixui-rich-text__text\" style=\"font-size:16px; line-height:1.6em;\"><span style=\"font-size:16px;\" class=\"wixui-rich-text__text\">Campinas\/SP<\/span><\/p>\n<\/div>\n<div class=\"comp-lp0grooh1 FubTgk\" id=\"comp-lp0grooh1__ae13abf6-82a4-423a-a442-7af4d34be420\" aria-disabled=\"false\"><a data-testid=\"linkElement\" href=\"https:\/\/www.corporaterh.com.br\/jobs\/diretora-financeira\" target=\"_self\" class=\"uDW_Qe wixui-button PlZyDq\" aria-disabled=\"false\" rel=\"noopener\"><span class=\"l7_2fn wixui-button__label\">View Job<\/span><\/a><\/div>\n<\/div>\n<\/div>\n<\/div>\n<\/div>\n<div role=\"listitem\" class=\"Zc7IjY\">\n<div id=\"comp-lp0groo2__1b383807-d0f1-4682-b4b3-8bf173b4f468\" class=\"comp-lp0groo2 YzqVVZ wixui-repeater__item\">\n<div id=\"bgLayers_comp-lp0groo2\" data-hook=\"bgLayers\" data-motion-part=\"BG_LAYER\" class=\"MW5IWV\">\n<div data-testid=\"colorUnderlay\" class=\"LWbAav Kv1aVt\"><\/div>\n<div id=\"bgMedia_comp-lp0groo2\" data-motion-part=\"BG_MEDIA\" class=\"VgO9Yg\"><\/div>\n<\/div>\n<div data-mesh-id=\"comp-lp0groo2__1b383807-d0f1-4682-b4b3-8bf173b4f468inlineContent\" data-testid=\"inline-content\" class=\"\">\n<div data-mesh-id=\"comp-lp0groo2__1b383807-d0f1-4682-b4b3-8bf173b4f468inlineContent-gridContainer\" data-testid=\"mesh-container-content\">\n<div id=\"comp-lp0groo92__1b383807-d0f1-4682-b4b3-8bf173b4f468\" class=\"HcOXKn SxM0TO QxJLC3 lq2cno comp-lp0groo92 wixui-rich-text\" data-testid=\"richTextElement\">\n<h2 class=\"font_2 wixui-rich-text__text\" style=\"font-size:26px; line-height:1.6em;\"><span style=\"font-size:26px;\" class=\"wixui-rich-text__text\">Gerente de Investimentos (CGA)<\/span><\/h2>\n<\/div>\n<div id=\"comp-lp0grood2__1b383807-d0f1-4682-b4b3-8bf173b4f468\" class=\"HcOXKn SxM0TO QxJLC3 lq2cno comp-lp0grood2 wixui-rich-text\" data-testid=\"richTextElement\">\n<p class=\"font_8 wixui-rich-text__text\" style=\"font-size:16px; line-height:1.6em;\"><span style=\"font-size:16px;\" class=\"wixui-rich-text__text\">S\u00e3o Paulo\/SP<\/span><\/p>\n<\/div>\n<div class=\"comp-lp0grooh1 FubTgk\" id=\"comp-lp0grooh1__1b383807-d0f1-4682-b4b3-8bf173b4f468\" aria-disabled=\"false\"><a data-testid=\"linkElement\" href=\"https:\/\/www.corporaterh.com.br\/jobs\/gerente-de-investimentos-(cga)\" target=\"_self\" class=\"uDW_Qe wixui-button PlZyDq\" aria-disabled=\"false\" rel=\"noopener\"><span class=\"l7_2fn wixui-button__label\">View Job<\/span><\/a><\/div>\n<\/div>\n<\/div>\n<\/div>\n<\/div>\n<div role=\"listitem\" class=\"Zc7IjY\">\n<div id=\"comp-lp0groo2__7bf519a8-124b-40f7-8b13-19c5ed20faf8\" class=\"comp-lp0groo2 YzqVVZ wixui-repeater__item\">\n<div id=\"bgLayers_comp-lp0groo2\" data-hook=\"bgLayers\" data-motion-part=\"BG_LAYER\" class=\"MW5IWV\">\n<div data-testid=\"colorUnderlay\" class=\"LWbAav Kv1aVt\"><\/div>\n<div id=\"bgMedia_comp-lp0groo2\" data-motion-part=\"BG_MEDIA\" class=\"VgO9Yg\"><\/div>\n<\/div>\n<div data-mesh-id=\"comp-lp0groo2__7bf519a8-124b-40f7-8b13-19c5ed20faf8inlineContent\" data-testid=\"inline-content\" class=\"\">\n<div data-mesh-id=\"comp-lp0groo2__7bf519a8-124b-40f7-8b13-19c5ed20faf8inlineContent-gridContainer\" data-testid=\"mesh-container-content\">\n<div id=\"comp-lp0groo92__7bf519a8-124b-40f7-8b13-19c5ed20faf8\" class=\"HcOXKn SxM0TO QxJLC3 lq2cno comp-lp0groo92 wixui-rich-text\" data-testid=\"richTextElement\">\n<h2 class=\"font_2 wixui-rich-text__text\" style=\"font-size:26px; line-height:1.6em;\"><span style=\"font-size:26px;\" class=\"wixui-rich-text__text\">Diretor de Fazenda<\/span><\/h2>\n<\/div>\n<div id=\"comp-lp0grood2__7bf519a8-124b-40f7-8b13-19c5ed20faf8\" class=\"HcOXKn SxM0TO QxJLC3 lq2cno comp-lp0grood2 wixui-rich-text\" data-testid=\"richTextElement\">\n<p class=\"font_8 wixui-rich-text__text\" style=\"font-size:16px; line-height:1.6em;\"><span style=\"font-size:16px;\" class=\"wixui-rich-text__text\">Interior de Mato Grosso\/MT<\/span><\/p>\n<\/div>\n<div class=\"comp-lp0grooh1 FubTgk\" id=\"comp-lp0grooh1__7bf519a8-124b-40f7-8b13-19c5ed20faf8\" aria-disabled=\"false\"><a data-testid=\"linkElement\" href=\"https:\/\/www.corporaterh.com.br\/jobs\/diretor-de-fazenda\" target=\"_self\" class=\"uDW_Qe wixui-button PlZyDq\" aria-disabled=\"false\" rel=\"noopener\"><span class=\"l7_2fn wixui-button__label\">View Job<\/span><\/a><\/div>\n<\/div>\n<\/div>\n<\/div>\n<\/div>\n<div role=\"listitem\" class=\"Zc7IjY\">\n<div id=\"comp-lp0groo2__17416e59-fc84-4a7f-9691-d3fcf09f249a\" class=\"comp-lp0groo2 YzqVVZ wixui-repeater__item\">\n<div id=\"bgLayers_comp-lp0groo2\" data-hook=\"bgLayers\" data-motion-part=\"BG_LAYER\" class=\"MW5IWV\">\n<div data-testid=\"colorUnderlay\" class=\"LWbAav Kv1aVt\"><\/div>\n<div id=\"bgMedia_comp-lp0groo2\" data-motion-part=\"BG_MEDIA\" class=\"VgO9Yg\"><\/div>\n<\/div>\n<div data-mesh-id=\"comp-lp0groo2__17416e59-fc84-4a7f-9691-d3fcf09f249ainlineContent\" data-testid=\"inline-content\" class=\"\">\n<div data-mesh-id=\"comp-lp0groo2__17416e59-fc84-4a7f-9691-d3fcf09f249ainlineContent-gridContainer\" data-testid=\"mesh-container-content\">\n<div id=\"comp-lp0groo92__17416e59-fc84-4a7f-9691-d3fcf09f249a\" class=\"HcOXKn SxM0TO QxJLC3 lq2cno comp-lp0groo92 wixui-rich-text\" data-testid=\"richTextElement\">\n<h2 class=\"font_2 wixui-rich-text__text\" style=\"font-size:26px; line-height:1.6em;\"><span style=\"font-size:26px;\" class=\"wixui-rich-text__text\">Gerente de Contabilidade (Nacional e Internacional)<\/span><\/h2>\n<\/div>\n<div id=\"comp-lp0grood2__17416e59-fc84-4a7f-9691-d3fcf09f249a\" class=\"HcOXKn SxM0TO QxJLC3 lq2cno comp-lp0grood2 wixui-rich-text\" data-testid=\"richTextElement\">\n<p class=\"font_8 wixui-rich-text__text\" style=\"font-size:16px; line-height:1.6em;\"><span style=\"font-size:16px;\" class=\"wixui-rich-text__text\">Ribeir\u00e3o Preto\/SP<\/span><\/p>\n<\/div>\n<div class=\"comp-lp0grooh1 FubTgk\" id=\"comp-lp0grooh1__17416e59-fc84-4a7f-9691-d3fcf09f249a\" aria-disabled=\"false\"><a data-testid=\"linkElement\" href=\"https:\/\/www.corporaterh.com.br\/jobs\/gerente-de-contabilidade-(nacional-e-internacional)\" target=\"_self\" class=\"uDW_Qe wixui-button PlZyDq\" aria-disabled=\"false\" rel=\"noopener\"><span class=\"l7_2fn wixui-button__label\">View Job<\/span><\/a><\/div>\n<\/div>\n<\/div>\n<\/div>\n<\/div>\n<div role=\"listitem\" class=\"Zc7IjY\">\n<div id=\"comp-lp0groo2__8af89b5a-f4f4-451f-b913-bac0aef17260\" class=\"comp-lp0groo2 YzqVVZ wixui-repeater__item\">\n<div id=\"bgLayers_comp-lp0groo2\" data-hook=\"bgLayers\" data-motion-part=\"BG_LAYER\" class=\"MW5IWV\">\n<div data-testid=\"colorUnderlay\" class=\"LWbAav Kv1aVt\"><\/div>\n<div id=\"bgMedia_comp-lp0groo2\" data-motion-part=\"BG_MEDIA\" class=\"VgO9Yg\"><\/div>\n<\/div>\n<div data-mesh-id=\"comp-lp0groo2__8af89b5a-f4f4-451f-b913-bac0aef17260inlineContent\" data-testid=\"inline-content\" class=\"\">\n<div data-mesh-id=\"comp-lp0groo2__8af89b5a-f4f4-451f-b913-bac0aef17260inlineContent-gridContainer\" data-testid=\"mesh-container-content\">\n<div id=\"comp-lp0groo92__8af89b5a-f4f4-451f-b913-bac0aef17260\" class=\"HcOXKn SxM0TO QxJLC3 lq2cno comp-lp0groo92 wixui-rich-text\" data-testid=\"richTextElement\">\n<h2 class=\"font_2 wixui-rich-text__text\" style=\"font-size:26px; line-height:1.6em;\"><span style=\"font-size:26px;\" class=\"wixui-rich-text__text\">Analista Financeiro Jr<\/span><\/h2>\n<\/div>\n<div id=\"comp-lp0grood2__8af89b5a-f4f4-451f-b913-bac0aef17260\" class=\"HcOXKn SxM0TO QxJLC3 lq2cno comp-lp0grood2 wixui-rich-text\" data-testid=\"richTextElement\">\n<p class=\"font_8 wixui-rich-text__text\" style=\"font-size:16px; line-height:1.6em;\"><span style=\"font-size:16px;\" class=\"wixui-rich-text__text\">Ribeir\u00e3o Preto\/SP<\/span><\/p>\n<\/div>\n<div class=\"comp-lp0grooh1 FubTgk\" id=\"comp-lp0grooh1__8af89b5a-f4f4-451f-b913-bac0aef17260\" aria-disabled=\"false\"><a data-testid=\"linkElement\" href=\"https:\/\/www.corporaterh.com.br\/jobs\/analista-financeiro-jr\" target=\"_self\" class=\"uDW_Qe wixui-button PlZyDq\" aria-disabled=\"false\" rel=\"noopener\"><span class=\"l7_2fn wixui-button__label\">View Job<\/span><\/a><\/div>\n<\/div>\n<\/div>\n<\/div>\n<\/div>\n<div role=\"listitem\" class=\"Zc7IjY\">\n<div id=\"comp-lp0groo2__5816f750-db3a-415b-b251-f86324a718cd\" class=\"comp-lp0groo2 YzqVVZ wixui-repeater__item\">\n<div id=\"bgLayers_comp-lp0groo2\" data-hook=\"bgLayers\" data-motion-part=\"BG_LAYER\" class=\"MW5IWV\">\n<div data-testid=\"colorUnderlay\" class=\"LWbAav Kv1aVt\"><\/div>\n<div id=\"bgMedia_comp-lp0groo2\" data-motion-part=\"BG_MEDIA\" class=\"VgO9Yg\"><\/div>\n<\/div>\n<div data-mesh-id=\"comp-lp0groo2__5816f750-db3a-415b-b251-f86324a718cdinlineContent\" data-testid=\"inline-content\" class=\"\">\n<div data-mesh-id=\"comp-lp0groo2__5816f750-db3a-415b-b251-f86324a718cdinlineContent-gridContainer\" data-testid=\"mesh-container-content\">\n<div id=\"comp-lp0groo92__5816f750-db3a-415b-b251-f86324a718cd\" class=\"HcOXKn SxM0TO QxJLC3 lq2cno comp-lp0groo92 wixui-rich-text\" data-testid=\"richTextElement\">\n<h2 class=\"font_2 wixui-rich-text__text\" style=\"font-size:26px; line-height:1.6em;\"><span style=\"font-size:26px;\" class=\"wixui-rich-text__text\">Consultor T\u00e9cnico de Vendas<\/span><\/h2>\n<\/div>\n<div id=\"comp-lp0grood2__5816f750-db3a-415b-b251-f86324a718cd\" class=\"HcOXKn SxM0TO QxJLC3 lq2cno comp-lp0grood2 wixui-rich-text\" data-testid=\"richTextElement\">\n<p class=\"font_8 wixui-rich-text__text\" style=\"font-size:16px; line-height:1.6em;\"><span style=\"font-size:16px;\" class=\"wixui-rich-text__text\">Ribeir\u00e3o Preto\/SP<\/span><\/p>\n<\/div>\n<div class=\"comp-lp0grooh1 FubTgk\" id=\"comp-lp0grooh1__5816f750-db3a-415b-b251-f86324a718cd\" aria-disabled=\"false\"><a data-testid=\"linkElement\" href=\"https:\/\/www.corporaterh.com.br\/jobs\/consultor-t%C3%A9cnico-de-vendas\" target=\"_self\" class=\"uDW_Qe wixui-button PlZyDq\" aria-disabled=\"false\" rel=\"noopener\"><span class=\"l7_2fn wixui-button__label\">View Job<\/span><\/a><\/div>\n<\/div>\n<\/div>\n<\/div>\n<\/div>\n<div role=\"listitem\" class=\"Zc7IjY\">\n<div id=\"comp-lp0groo2__ffd0dd8f-330c-4db6-bf5a-231ff302e549\" class=\"comp-lp0groo2 YzqVVZ wixui-repeater__item\">\n<div id=\"bgLayers_comp-lp0groo2\" data-hook=\"bgLayers\" data-motion-part=\"BG_LAYER\" class=\"MW5IWV\">\n<div data-testid=\"colorUnderlay\" class=\"LWbAav Kv1aVt\"><\/div>\n<div id=\"bgMedia_comp-lp0groo2\" data-motion-part=\"BG_MEDIA\" class=\"VgO9Yg\"><\/div>\n<\/div>\n<div data-mesh-id=\"comp-lp0groo2__ffd0dd8f-330c-4db6-bf5a-231ff302e549inlineContent\" data-testid=\"inline-content\" class=\"\">\n<div data-mesh-id=\"comp-lp0groo2__ffd0dd8f-330c-4db6-bf5a-231ff302e549inlineContent-gridContainer\" data-testid=\"mesh-container-content\">\n<div id=\"comp-lp0groo92__ffd0dd8f-330c-4db6-bf5a-231ff302e549\" class=\"HcOXKn SxM0TO QxJLC3 lq2cno comp-lp0groo92 wixui-rich-text\" data-testid=\"richTextElement\">\n<h2 class=\"font_2 wixui-rich-text__text\" style=\"font-size:26px; line-height:1.6em;\"><span style=\"font-size:26px;\" class=\"wixui-rich-text__text\">Vendedor Externo &#8211; regi\u00e3o de Limeira\/SP<\/span><\/h2>\n<\/div>\n<div id=\"comp-lp0grood2__ffd0dd8f-330c-4db6-bf5a-231ff302e549\" class=\"HcOXKn SxM0TO QxJLC3 lq2cno comp-lp0grood2 wixui-rich-text\" data-testid=\"richTextElement\">\n<p class=\"font_8 wixui-rich-text__text\" style=\"font-size:16px; line-height:1.6em;\"><span style=\"font-size:16px;\" class=\"wixui-rich-text__text\">Limeira\/SP<\/span><\/p>\n<\/div>\n<div class=\"comp-lp0grooh1 FubTgk\" id=\"comp-lp0grooh1__ffd0dd8f-330c-4db6-bf5a-231ff302e549\" aria-disabled=\"false\"><a data-testid=\"linkElement\" href=\"https:\/\/www.corporaterh.com.br\/jobs\/vendedor-externo---regi%C3%A3o-de-limeira%2Fsp\" target=\"_self\" class=\"uDW_Qe wixui-button PlZyDq\" aria-disabled=\"false\" rel=\"noopener\"><span class=\"l7_2fn wixui-button__label\">View Job<\/span><\/a><\/div>\n<\/div>\n<\/div>\n<\/div>\n<\/div>\n<div role=\"listitem\" class=\"Zc7IjY\">\n<div id=\"comp-lp0groo2__b5a85483-338e-4839-94c3-f1cc03db988f\" class=\"comp-lp0groo2 YzqVVZ wixui-repeater__item\">\n<div id=\"bgLayers_comp-lp0groo2\" data-hook=\"bgLayers\" data-motion-part=\"BG_LAYER\" class=\"MW5IWV\">\n<div data-testid=\"colorUnderlay\" class=\"LWbAav Kv1aVt\"><\/div>\n<div id=\"bgMedia_comp-lp0groo2\" data-motion-part=\"BG_MEDIA\" class=\"VgO9Yg\"><\/div>\n<\/div>\n<div data-mesh-id=\"comp-lp0groo2__b5a85483-338e-4839-94c3-f1cc03db988finlineContent\" data-testid=\"inline-content\" class=\"\">\n<div data-mesh-id=\"comp-lp0groo2__b5a85483-338e-4839-94c3-f1cc03db988finlineContent-gridContainer\" data-testid=\"mesh-container-content\">\n<div id=\"comp-lp0groo92__b5a85483-338e-4839-94c3-f1cc03db988f\" class=\"HcOXKn SxM0TO QxJLC3 lq2cno comp-lp0groo92 wixui-rich-text\" data-testid=\"richTextElement\">\n<h2 class=\"font_2 wixui-rich-text__text\" style=\"font-size:26px; line-height:1.6em;\"><span style=\"font-size:26px;\" class=\"wixui-rich-text__text\">Vendedor Externo &#8211; regi\u00e3o de S\u00e3o Jos\u00e9 do Rio Preto\/SP<\/span><\/h2>\n<\/div>\n<div id=\"comp-lp0grood2__b5a85483-338e-4839-94c3-f1cc03db988f\" class=\"HcOXKn SxM0TO QxJLC3 lq2cno comp-lp0grood2 wixui-rich-text\" data-testid=\"richTextElement\">\n<p class=\"font_8 wixui-rich-text__text\" style=\"font-size:16px; line-height:1.6em;\"><span style=\"font-size:16px;\" class=\"wixui-rich-text__text\">S\u00e3o Jos\u00e9 do Rio Preto\/SP<\/span><\/p>\n<\/div>\n<div class=\"comp-lp0grooh1 FubTgk\" id=\"comp-lp0grooh1__b5a85483-338e-4839-94c3-f1cc03db988f\" aria-disabled=\"false\"><a data-testid=\"linkElement\" href=\"https:\/\/www.corporaterh.com.br\/jobs\/vendedor-externo---regi%C3%A3o-de-s%C3%A3o-jos%C3%A9-do-rio-preto%2Fsp\" target=\"_self\" class=\"uDW_Qe wixui-button PlZyDq\" aria-disabled=\"false\" rel=\"noopener\"><span class=\"l7_2fn wixui-button__label\">View Job<\/span><\/a><\/div>\n<\/div>\n<\/div>\n<\/div>\n<\/div>\n<div role=\"listitem\" class=\"Zc7IjY\">\n<div id=\"comp-lp0groo2__51e5d355-dc5e-4a3b-ae34-ff0ac9a6fb21\" class=\"comp-lp0groo2 YzqVVZ wixui-repeater__item\">\n<div id=\"bgLayers_comp-lp0groo2\" data-hook=\"bgLayers\" data-motion-part=\"BG_LAYER\" class=\"MW5IWV\">\n<div data-testid=\"colorUnderlay\" class=\"LWbAav Kv1aVt\"><\/div>\n<div id=\"bgMedia_comp-lp0groo2\" data-motion-part=\"BG_MEDIA\" class=\"VgO9Yg\"><\/div>\n<\/div>\n<div data-mesh-id=\"comp-lp0groo2__51e5d355-dc5e-4a3b-ae34-ff0ac9a6fb21inlineContent\" data-testid=\"inline-content\" class=\"\">\n<div data-mesh-id=\"comp-lp0groo2__51e5d355-dc5e-4a3b-ae34-ff0ac9a6fb21inlineContent-gridContainer\" data-testid=\"mesh-container-content\">\n<div id=\"comp-lp0groo92__51e5d355-dc5e-4a3b-ae34-ff0ac9a6fb21\" class=\"HcOXKn SxM0TO QxJLC3 lq2cno comp-lp0groo92 wixui-rich-text\" data-testid=\"richTextElement\">\n<h2 class=\"font_2 wixui-rich-text__text\" style=\"font-size:26px; line-height:1.6em;\"><span style=\"font-size:26px;\" class=\"wixui-rich-text__text\">Vendedor(a)<\/span><\/h2>\n<\/div>\n<div id=\"comp-lp0grood2__51e5d355-dc5e-4a3b-ae34-ff0ac9a6fb21\" class=\"HcOXKn SxM0TO QxJLC3 lq2cno comp-lp0grood2 wixui-rich-text\" data-testid=\"richTextElement\">\n<p class=\"font_8 wixui-rich-text__text\" style=\"font-size:16px; line-height:1.6em;\"><span style=\"font-size:16px;\" class=\"wixui-rich-text__text\">Ribeir\u00e3o Preto\/SP<\/span><\/p>\n<\/div>\n<div class=\"comp-lp0grooh1 FubTgk\" id=\"comp-lp0grooh1__51e5d355-dc5e-4a3b-ae34-ff0ac9a6fb21\" aria-disabled=\"false\"><a data-testid=\"linkElement\" href=\"https:\/\/www.corporaterh.com.br\/jobs\/vendedor(a)\" target=\"_self\" class=\"uDW_Qe wixui-button PlZyDq\" aria-disabled=\"false\" rel=\"noopener\"><span class=\"l7_2fn wixui-button__label\">View Job<\/span><\/a><\/div>\n<\/div>\n<\/div>\n<\/div>\n<\/div>\n<div role=\"listitem\" class=\"Zc7IjY\">\n<div id=\"comp-lp0groo2__4e46ac0c-d368-4db4-a398-da0352ea8d6d\" class=\"comp-lp0groo2 YzqVVZ wixui-repeater__item\">\n<div id=\"bgLayers_comp-lp0groo2\" data-hook=\"bgLayers\" data-motion-part=\"BG_LAYER\" class=\"MW5IWV\">\n<div data-testid=\"colorUnderlay\" class=\"LWbAav Kv1aVt\"><\/div>\n<div id=\"bgMedia_comp-lp0groo2\" data-motion-part=\"BG_MEDIA\" class=\"VgO9Yg\"><\/div>\n<\/div>\n<div data-mesh-id=\"comp-lp0groo2__4e46ac0c-d368-4db4-a398-da0352ea8d6dinlineContent\" data-testid=\"inline-content\" class=\"\">\n<div data-mesh-id=\"comp-lp0groo2__4e46ac0c-d368-4db4-a398-da0352ea8d6dinlineContent-gridContainer\" data-testid=\"mesh-container-content\">\n<div id=\"comp-lp0groo92__4e46ac0c-d368-4db4-a398-da0352ea8d6d\" class=\"HcOXKn SxM0TO QxJLC3 lq2cno comp-lp0groo92 wixui-rich-text\" data-testid=\"richTextElement\">\n<h2 class=\"font_2 wixui-rich-text__text\" style=\"font-size:26px; line-height:1.6em;\"><span style=\"font-size:26px;\" class=\"wixui-rich-text__text\">Assistente Administrativo (Financeiro e DP)<\/span><\/h2>\n<\/div>\n<div id=\"comp-lp0grood2__4e46ac0c-d368-4db4-a398-da0352ea8d6d\" class=\"HcOXKn SxM0TO QxJLC3 lq2cno comp-lp0grood2 wixui-rich-text\" data-testid=\"richTextElement\">\n<p class=\"font_8 wixui-rich-text__text\" style=\"font-size:16px; line-height:1.6em;\"><span style=\"font-size:16px;\" class=\"wixui-rich-text__text\">Ribeir\u00e3o Preto\/SP<\/span><\/p>\n<\/div>\n<div class=\"comp-lp0grooh1 FubTgk\" id=\"comp-lp0grooh1__4e46ac0c-d368-4db4-a398-da0352ea8d6d\" aria-disabled=\"false\"><a data-testid=\"linkElement\" href=\"https:\/\/www.corporaterh.com.br\/jobs\/assistente-administrativo-(financeiro-e-dp)\" target=\"_self\" class=\"uDW_Qe wixui-button PlZyDq\" aria-disabled=\"false\" rel=\"noopener\"><span class=\"l7_2fn wixui-button__label\">View Job<\/span><\/a><\/div>\n<\/div>\n<\/div>\n<\/div>\n<\/div>\n<div role=\"listitem\" class=\"Zc7IjY\">\n<div id=\"comp-lp0groo2__5fc6d34b-5495-4c1f-af90-3d3e4cb7a8dd\" class=\"comp-lp0groo2 YzqVVZ wixui-repeater__item\">\n<div id=\"bgLayers_comp-lp0groo2\" data-hook=\"bgLayers\" data-motion-part=\"BG_LAYER\" class=\"MW5IWV\">\n<div data-testid=\"colorUnderlay\" class=\"LWbAav Kv1aVt\"><\/div>\n<div id=\"bgMedia_comp-lp0groo2\" data-motion-part=\"BG_MEDIA\" class=\"VgO9Yg\"><\/div>\n<\/div>\n<div data-mesh-id=\"comp-lp0groo2__5fc6d34b-5495-4c1f-af90-3d3e4cb7a8ddinlineContent\" data-testid=\"inline-content\" class=\"\">\n<div data-mesh-id=\"comp-lp0groo2__5fc6d34b-5495-4c1f-af90-3d3e4cb7a8ddinlineContent-gridContainer\" data-testid=\"mesh-container-content\">\n<div id=\"comp-lp0groo92__5fc6d34b-5495-4c1f-af90-3d3e4cb7a8dd\" class=\"HcOXKn SxM0TO QxJLC3 lq2cno comp-lp0groo92 wixui-rich-text\" data-testid=\"richTextElement\">\n<h2 class=\"font_2 wixui-rich-text__text\" style=\"font-size:26px; line-height:1.6em;\"><span style=\"font-size:26px;\" class=\"wixui-rich-text__text\">Diretor de Relacionamento com Investidores<\/span><\/h2>\n<\/div>\n<div id=\"comp-lp0grood2__5fc6d34b-5495-4c1f-af90-3d3e4cb7a8dd\" class=\"HcOXKn SxM0TO QxJLC3 lq2cno comp-lp0grood2 wixui-rich-text\" data-testid=\"richTextElement\">\n<p class=\"font_8 wixui-rich-text__text\" style=\"font-size:16px; line-height:1.6em;\"><span style=\"font-size:16px;\" class=\"wixui-rich-text__text\">Regi\u00e3o Faria Lima, S\u00e3o Paulo\/SP<\/span><\/p>\n<\/div>\n<div class=\"comp-lp0grooh1 FubTgk\" id=\"comp-lp0grooh1__5fc6d34b-5495-4c1f-af90-3d3e4cb7a8dd\" aria-disabled=\"false\"><a data-testid=\"linkElement\" href=\"https:\/\/www.corporaterh.com.br\/jobs\/diretor-de-relacionamento-com-investidores\" target=\"_self\" class=\"uDW_Qe wixui-button PlZyDq\" aria-disabled=\"false\" rel=\"noopener\"><span class=\"l7_2fn wixui-button__label\">View Job<\/span><\/a><\/div>\n<\/div>\n<\/div>\n<\/div>\n<\/div>\n<div role=\"listitem\" class=\"Zc7IjY\">\n<div id=\"comp-lp0groo2__d76c7b35-4da5-428e-a60b-bfb85ec85c35\" class=\"comp-lp0groo2 YzqVVZ wixui-repeater__item\">\n<div id=\"bgLayers_comp-lp0groo2\" data-hook=\"bgLayers\" data-motion-part=\"BG_LAYER\" class=\"MW5IWV\">\n<div data-testid=\"colorUnderlay\" class=\"LWbAav Kv1aVt\"><\/div>\n<div id=\"bgMedia_comp-lp0groo2\" data-motion-part=\"BG_MEDIA\" class=\"VgO9Yg\"><\/div>\n<\/div>\n<div data-mesh-id=\"comp-lp0groo2__d76c7b35-4da5-428e-a60b-bfb85ec85c35inlineContent\" data-testid=\"inline-content\" class=\"\">\n<div data-mesh-id=\"comp-lp0groo2__d76c7b35-4da5-428e-a60b-bfb85ec85c35inlineContent-gridContainer\" data-testid=\"mesh-container-content\">\n<div id=\"comp-lp0groo92__d76c7b35-4da5-428e-a60b-bfb85ec85c35\" class=\"HcOXKn SxM0TO QxJLC3 lq2cno comp-lp0groo92 wixui-rich-text\" data-testid=\"richTextElement\">\n<h2 class=\"font_2 wixui-rich-text__text\" style=\"font-size:26px; line-height:1.6em;\"><span style=\"font-size:26px;\" class=\"wixui-rich-text__text\">Gerente de F\u00e1brica<\/span><\/h2>\n<\/div>\n<div id=\"comp-lp0grood2__d76c7b35-4da5-428e-a60b-bfb85ec85c35\" class=\"HcOXKn SxM0TO QxJLC3 lq2cno comp-lp0grood2 wixui-rich-text\" data-testid=\"richTextElement\">\n<p class=\"font_8 wixui-rich-text__text\" style=\"font-size:16px; line-height:1.6em;\"><span style=\"font-size:16px;\" class=\"wixui-rich-text__text\">Campinas\/SP<\/span><\/p>\n<\/div>\n<div class=\"comp-lp0grooh1 FubTgk\" id=\"comp-lp0grooh1__d76c7b35-4da5-428e-a60b-bfb85ec85c35\" aria-disabled=\"false\"><a data-testid=\"linkElement\" href=\"https:\/\/www.corporaterh.com.br\/jobs\/gerente-de-f%C3%A1brica\" target=\"_self\" class=\"uDW_Qe wixui-button PlZyDq\" aria-disabled=\"false\" rel=\"noopener\"><span class=\"l7_2fn wixui-button__label\">View Job<\/span><\/a><\/div>\n<\/div>\n<\/div>\n<\/div>\n<\/div>\n<div role=\"listitem\" class=\"Zc7IjY\">\n<div id=\"comp-lp0groo2__5119ea3a-a0d7-4a83-a35f-813ab53f328d\" class=\"comp-lp0groo2 YzqVVZ wixui-repeater__item\">\n<div id=\"bgLayers_comp-lp0groo2\" data-hook=\"bgLayers\" data-motion-part=\"BG_LAYER\" class=\"MW5IWV\">\n<div data-testid=\"colorUnderlay\" class=\"LWbAav Kv1aVt\"><\/div>\n<div id=\"bgMedia_comp-lp0groo2\" data-motion-part=\"BG_MEDIA\" class=\"VgO9Yg\"><\/div>\n<\/div>\n<div data-mesh-id=\"comp-lp0groo2__5119ea3a-a0d7-4a83-a35f-813ab53f328dinlineContent\" data-testid=\"inline-content\" class=\"\">\n<div data-mesh-id=\"comp-lp0groo2__5119ea3a-a0d7-4a83-a35f-813ab53f328dinlineContent-gridContainer\" data-testid=\"mesh-container-content\">\n<div id=\"comp-lp0groo92__5119ea3a-a0d7-4a83-a35f-813ab53f328d\" class=\"HcOXKn SxM0TO QxJLC3 lq2cno comp-lp0groo92 wixui-rich-text\" data-testid=\"richTextElement\">\n<h2 class=\"font_2 wixui-rich-text__text\" style=\"font-size:26px; line-height:1.6em;\"><span style=\"font-size:26px;\" class=\"wixui-rich-text__text\">Diretor Industrial<\/span><\/h2>\n<\/div>\n<div id=\"comp-lp0grood2__5119ea3a-a0d7-4a83-a35f-813ab53f328d\" class=\"HcOXKn SxM0TO QxJLC3 lq2cno comp-lp0grood2 wixui-rich-text\" data-testid=\"richTextElement\">\n<p class=\"font_8 wixui-rich-text__text\" style=\"font-size:16px; line-height:1.6em;\"><span style=\"font-size:16px;\" class=\"wixui-rich-text__text\">S\u00e3o Jos\u00e9 dos Campos\/SP<\/span><\/p>\n<\/div>\n<div class=\"comp-lp0grooh1 FubTgk\" id=\"comp-lp0grooh1__5119ea3a-a0d7-4a83-a35f-813ab53f328d\" aria-disabled=\"false\"><a data-testid=\"linkElement\" href=\"https:\/\/www.corporaterh.com.br\/jobs\/diretor-industrial\" target=\"_self\" class=\"uDW_Qe wixui-button PlZyDq\" aria-disabled=\"false\" rel=\"noopener\"><span class=\"l7_2fn wixui-button__label\">View Job<\/span><\/a><\/div>\n<\/div>\n<\/div>\n<\/div>\n<\/div>\n<div role=\"listitem\" class=\"Zc7IjY\">\n<div id=\"comp-lp0groo2__765b8918-b227-4511-861d-eed8125cb1f6\" class=\"comp-lp0groo2 YzqVVZ wixui-repeater__item\">\n<div id=\"bgLayers_comp-lp0groo2\" data-hook=\"bgLayers\" data-motion-part=\"BG_LAYER\" class=\"MW5IWV\">\n<div data-testid=\"colorUnderlay\" class=\"LWbAav Kv1aVt\"><\/div>\n<div id=\"bgMedia_comp-lp0groo2\" data-motion-part=\"BG_MEDIA\" class=\"VgO9Yg\"><\/div>\n<\/div>\n<div data-mesh-id=\"comp-lp0groo2__765b8918-b227-4511-861d-eed8125cb1f6inlineContent\" data-testid=\"inline-content\" class=\"\">\n<div data-mesh-id=\"comp-lp0groo2__765b8918-b227-4511-861d-eed8125cb1f6inlineContent-gridContainer\" data-testid=\"mesh-container-content\">\n<div id=\"comp-lp0groo92__765b8918-b227-4511-861d-eed8125cb1f6\" class=\"HcOXKn SxM0TO QxJLC3 lq2cno comp-lp0groo92 wixui-rich-text\" data-testid=\"richTextElement\">\n<h2 class=\"font_2 wixui-rich-text__text\" style=\"font-size:26px; line-height:1.6em;\"><span style=\"font-size:26px;\" class=\"wixui-rich-text__text\">Gerente de Marketing<\/span><\/h2>\n<\/div>\n<div id=\"comp-lp0grood2__765b8918-b227-4511-861d-eed8125cb1f6\" class=\"HcOXKn SxM0TO QxJLC3 lq2cno comp-lp0grood2 wixui-rich-text\" data-testid=\"richTextElement\">\n<p class=\"font_8 wixui-rich-text__text\" style=\"font-size:16px; line-height:1.6em;\"><span style=\"font-size:16px;\" class=\"wixui-rich-text__text\">Ribeir\u00e3o Preto\/SP<\/span><\/p>\n<\/div>\n<div class=\"comp-lp0grooh1 FubTgk\" id=\"comp-lp0grooh1__765b8918-b227-4511-861d-eed8125cb1f6\" aria-disabled=\"false\"><a data-testid=\"linkElement\" href=\"https:\/\/www.corporaterh.com.br\/jobs\/gerente-de-marketing\" target=\"_self\" class=\"uDW_Qe wixui-button PlZyDq\" aria-disabled=\"false\" rel=\"noopener\"><span class=\"l7_2fn wixui-button__label\">View Job<\/span><\/a><\/div>\n<\/div>\n<\/div>\n<\/div>\n<\/div>\n<div role=\"listitem\" class=\"Zc7IjY\">\n<div id=\"comp-lp0groo2__7e115ae7-5539-4750-8d37-9e7f39975d85\" class=\"comp-lp0groo2 YzqVVZ wixui-repeater__item\">\n<div id=\"bgLayers_comp-lp0groo2\" data-hook=\"bgLayers\" data-motion-part=\"BG_LAYER\" class=\"MW5IWV\">\n<div data-testid=\"colorUnderlay\" class=\"LWbAav Kv1aVt\"><\/div>\n<div id=\"bgMedia_comp-lp0groo2\" data-motion-part=\"BG_MEDIA\" class=\"VgO9Yg\"><\/div>\n<\/div>\n<div data-mesh-id=\"comp-lp0groo2__7e115ae7-5539-4750-8d37-9e7f39975d85inlineContent\" data-testid=\"inline-content\" class=\"\">\n<div data-mesh-id=\"comp-lp0groo2__7e115ae7-5539-4750-8d37-9e7f39975d85inlineContent-gridContainer\" data-testid=\"mesh-container-content\">\n<div id=\"comp-lp0groo92__7e115ae7-5539-4750-8d37-9e7f39975d85\" class=\"HcOXKn SxM0TO QxJLC3 lq2cno comp-lp0groo92 wixui-rich-text\" data-testid=\"richTextElement\">\n<h2 class=\"font_2 wixui-rich-text__text\" style=\"font-size:26px; line-height:1.6em;\"><span style=\"font-size:26px;\" class=\"wixui-rich-text__text\">Coordenador de Marketing <\/span><\/h2>\n<\/div>\n<div id=\"comp-lp0grood2__7e115ae7-5539-4750-8d37-9e7f39975d85\" class=\"HcOXKn SxM0TO QxJLC3 lq2cno comp-lp0grood2 wixui-rich-text\" data-testid=\"richTextElement\">\n<p class=\"font_8 wixui-rich-text__text\" style=\"font-size:16px; line-height:1.6em;\"><span style=\"font-size:16px;\" class=\"wixui-rich-text__text\">Ribeir\u00e3o Preto\/SP<\/span><\/p>\n<\/div>\n<div class=\"comp-lp0grooh1 FubTgk\" id=\"comp-lp0grooh1__7e115ae7-5539-4750-8d37-9e7f39975d85\" aria-disabled=\"false\"><a data-testid=\"linkElement\" href=\"https:\/\/www.corporaterh.com.br\/jobs\/coordenador-de-marketing-\" target=\"_self\" class=\"uDW_Qe wixui-button PlZyDq\" aria-disabled=\"false\" rel=\"noopener\"><span class=\"l7_2fn wixui-button__label\">View Job<\/span><\/a><\/div>\n<\/div>\n<\/div>\n<\/div>\n<\/div>\n<div role=\"listitem\" class=\"Zc7IjY\">\n<div id=\"comp-lp0groo2__b4729970-b742-4c75-b8eb-9ca55c57540e\" class=\"comp-lp0groo2 YzqVVZ wixui-repeater__item\">\n<div id=\"bgLayers_comp-lp0groo2\" data-hook=\"bgLayers\" data-motion-part=\"BG_LAYER\" class=\"MW5IWV\">\n<div data-testid=\"colorUnderlay\" class=\"LWbAav Kv1aVt\"><\/div>\n<div id=\"bgMedia_comp-lp0groo2\" data-motion-part=\"BG_MEDIA\" class=\"VgO9Yg\"><\/div>\n<\/div>\n<div data-mesh-id=\"comp-lp0groo2__b4729970-b742-4c75-b8eb-9ca55c57540einlineContent\" data-testid=\"inline-content\" class=\"\">\n<div data-mesh-id=\"comp-lp0groo2__b4729970-b742-4c75-b8eb-9ca55c57540einlineContent-gridContainer\" data-testid=\"mesh-container-content\">\n<div id=\"comp-lp0groo92__b4729970-b742-4c75-b8eb-9ca55c57540e\" class=\"HcOXKn SxM0TO QxJLC3 lq2cno comp-lp0groo92 wixui-rich-text\" data-testid=\"richTextElement\">\n<h2 class=\"font_2 wixui-rich-text__text\" style=\"font-size:26px; line-height:1.6em;\"><span style=\"font-size:26px;\" class=\"wixui-rich-text__text\">Diretor Administrativo<\/span><\/h2>\n<\/div>\n<div id=\"comp-lp0grood2__b4729970-b742-4c75-b8eb-9ca55c57540e\" class=\"HcOXKn SxM0TO QxJLC3 lq2cno comp-lp0grood2 wixui-rich-text\" data-testid=\"richTextElement\">\n<p class=\"font_8 wixui-rich-text__text\" style=\"font-size:16px; line-height:1.6em;\"><span style=\"font-size:16px;\" class=\"wixui-rich-text__text\">Ribeir\u00e3o Preto\/SP<\/span><\/p>\n<\/div>\n<div class=\"comp-lp0grooh1 FubTgk\" id=\"comp-lp0grooh1__b4729970-b742-4c75-b8eb-9ca55c57540e\" aria-disabled=\"false\"><a data-testid=\"linkElement\" href=\"https:\/\/www.corporaterh.com.br\/jobs\/diretor-administrativo\" target=\"_self\" class=\"uDW_Qe wixui-button PlZyDq\" aria-disabled=\"false\" rel=\"noopener\"><span class=\"l7_2fn wixui-button__label\">View Job<\/span><\/a><\/div>\n<\/div>\n<\/div>\n<\/div>\n<\/div>\n<div role=\"listitem\" class=\"Zc7IjY\">\n<div id=\"comp-lp0groo2__f8260fbd-a55c-415c-9611-511bac51f390\" class=\"comp-lp0groo2 YzqVVZ wixui-repeater__item\">\n<div id=\"bgLayers_comp-lp0groo2\" data-hook=\"bgLayers\" data-motion-part=\"BG_LAYER\" class=\"MW5IWV\">\n<div data-testid=\"colorUnderlay\" class=\"LWbAav Kv1aVt\"><\/div>\n<div id=\"bgMedia_comp-lp0groo2\" data-motion-part=\"BG_MEDIA\" class=\"VgO9Yg\"><\/div>\n<\/div>\n<div data-mesh-id=\"comp-lp0groo2__f8260fbd-a55c-415c-9611-511bac51f390inlineContent\" data-testid=\"inline-content\" class=\"\">\n<div data-mesh-id=\"comp-lp0groo2__f8260fbd-a55c-415c-9611-511bac51f390inlineContent-gridContainer\" data-testid=\"mesh-container-content\">\n<div id=\"comp-lp0groo92__f8260fbd-a55c-415c-9611-511bac51f390\" class=\"HcOXKn SxM0TO QxJLC3 lq2cno comp-lp0groo92 wixui-rich-text\" data-testid=\"richTextElement\">\n<h2 class=\"font_2 wixui-rich-text__text\" style=\"font-size:26px; line-height:1.6em;\"><span style=\"font-size:26px;\" class=\"wixui-rich-text__text\">Supervisor de Vendas<\/span><\/h2>\n<\/div>\n<div id=\"comp-lp0grood2__f8260fbd-a55c-415c-9611-511bac51f390\" class=\"HcOXKn SxM0TO QxJLC3 lq2cno comp-lp0grood2 wixui-rich-text\" data-testid=\"richTextElement\">\n<p class=\"font_8 wixui-rich-text__text\" style=\"font-size:16px; line-height:1.6em;\"><span style=\"font-size:16px;\" class=\"wixui-rich-text__text\">Ribeir\u00e3o Preto\/SP<\/span><\/p>\n<\/div>\n<div class=\"comp-lp0grooh1 FubTgk\" id=\"comp-lp0grooh1__f8260fbd-a55c-415c-9611-511bac51f390\" aria-disabled=\"false\"><a data-testid=\"linkElement\" href=\"https:\/\/www.corporaterh.com.br\/jobs\/supervisor-de-vendas\" target=\"_self\" class=\"uDW_Qe wixui-button PlZyDq\" aria-disabled=\"false\" rel=\"noopener\"><span class=\"l7_2fn wixui-button__label\">View Job<\/span><\/a><\/div>\n<\/div>\n<\/div>\n<\/div>\n<\/div>\n<div role=\"listitem\" class=\"Zc7IjY\">\n<div id=\"comp-lp0groo2__7d062f63-6c14-4444-b1e5-43479ac9a802\" class=\"comp-lp0groo2 YzqVVZ wixui-repeater__item\">\n<div id=\"bgLayers_comp-lp0groo2\" data-hook=\"bgLayers\" data-motion-part=\"BG_LAYER\" class=\"MW5IWV\">\n<div data-testid=\"colorUnderlay\" class=\"LWbAav Kv1aVt\"><\/div>\n<div id=\"bgMedia_comp-lp0groo2\" data-motion-part=\"BG_MEDIA\" class=\"VgO9Yg\"><\/div>\n<\/div>\n<div data-mesh-id=\"comp-lp0groo2__7d062f63-6c14-4444-b1e5-43479ac9a802inlineContent\" data-testid=\"inline-content\" class=\"\">\n<div data-mesh-id=\"comp-lp0groo2__7d062f63-6c14-4444-b1e5-43479ac9a802inlineContent-gridContainer\" data-testid=\"mesh-container-content\">\n<div id=\"comp-lp0groo92__7d062f63-6c14-4444-b1e5-43479ac9a802\" class=\"HcOXKn SxM0TO QxJLC3 lq2cno comp-lp0groo92 wixui-rich-text\" data-testid=\"richTextElement\">\n<h2 class=\"font_2 wixui-rich-text__text\" style=\"font-size:26px; line-height:1.6em;\"><span style=\"font-size:26px;\" class=\"wixui-rich-text__text\">Diretor Industrial \u2013 Agroneg\u00f3cio<\/span><\/h2>\n<\/div>\n<div id=\"comp-lp0grood2__7d062f63-6c14-4444-b1e5-43479ac9a802\" class=\"HcOXKn SxM0TO QxJLC3 lq2cno comp-lp0grood2 wixui-rich-text\" data-testid=\"richTextElement\">\n<p class=\"font_8 wixui-rich-text__text\" style=\"font-size:16px; line-height:1.6em;\"><span style=\"font-size:16px;\" class=\"wixui-rich-text__text\">Ribeir\u00e3o Preto\/SP<\/span><\/p>\n<\/div>\n<div class=\"comp-lp0grooh1 FubTgk\" id=\"comp-lp0grooh1__7d062f63-6c14-4444-b1e5-43479ac9a802\" aria-disabled=\"false\"><a data-testid=\"linkElement\" href=\"https:\/\/www.corporaterh.com.br\/jobs\/diretor-industrial-%E2%80%93-agroneg%C3%B3cio\" target=\"_self\" class=\"uDW_Qe wixui-button PlZyDq\" aria-disabled=\"false\" rel=\"noopener\"><span class=\"l7_2fn wixui-button__label\">View Job<\/span><\/a><\/div>\n<\/div>\n<\/div>\n<\/div>\n<\/div>\n<div role=\"listitem\" class=\"Zc7IjY\">\n<div id=\"comp-lp0groo2__b0dcc689-ee8e-488c-a081-b963a50c665d\" class=\"comp-lp0groo2 YzqVVZ wixui-repeater__item\">\n<div id=\"bgLayers_comp-lp0groo2\" data-hook=\"bgLayers\" data-motion-part=\"BG_LAYER\" class=\"MW5IWV\">\n<div data-testid=\"colorUnderlay\" class=\"LWbAav Kv1aVt\"><\/div>\n<div id=\"bgMedia_comp-lp0groo2\" data-motion-part=\"BG_MEDIA\" class=\"VgO9Yg\"><\/div>\n<\/div>\n<div data-mesh-id=\"comp-lp0groo2__b0dcc689-ee8e-488c-a081-b963a50c665dinlineContent\" data-testid=\"inline-content\" class=\"\">\n<div data-mesh-id=\"comp-lp0groo2__b0dcc689-ee8e-488c-a081-b963a50c665dinlineContent-gridContainer\" data-testid=\"mesh-container-content\">\n<div id=\"comp-lp0groo92__b0dcc689-ee8e-488c-a081-b963a50c665d\" class=\"HcOXKn SxM0TO QxJLC3 lq2cno comp-lp0groo92 wixui-rich-text\" data-testid=\"richTextElement\">\n<h2 class=\"font_2 wixui-rich-text__text\" style=\"font-size:26px; line-height:1.6em;\"><span style=\"font-size:26px;\" class=\"wixui-rich-text__text\">Gerente de PCP <\/span><\/h2>\n<\/div>\n<div id=\"comp-lp0grood2__b0dcc689-ee8e-488c-a081-b963a50c665d\" class=\"HcOXKn SxM0TO QxJLC3 lq2cno comp-lp0grood2 wixui-rich-text\" data-testid=\"richTextElement\">\n<p class=\"font_8 wixui-rich-text__text\" style=\"font-size:16px; line-height:1.6em;\"><span style=\"font-size:16px;\" class=\"wixui-rich-text__text\">Campinas\/SP<\/span><\/p>\n<\/div>\n<div class=\"comp-lp0grooh1 FubTgk\" id=\"comp-lp0grooh1__b0dcc689-ee8e-488c-a081-b963a50c665d\" aria-disabled=\"false\"><a data-testid=\"linkElement\" href=\"https:\/\/www.corporaterh.com.br\/jobs\/gerente-de-pcp-\" target=\"_self\" class=\"uDW_Qe wixui-button PlZyDq\" aria-disabled=\"false\" rel=\"noopener\"><span class=\"l7_2fn wixui-button__label\">View Job<\/span><\/a><\/div>\n<\/div>\n<\/div>\n<\/div>\n<\/div>\n<div role=\"listitem\" class=\"Zc7IjY\">\n<div id=\"comp-lp0groo2__34d7c620-257c-4959-9b9c-11e7f8bc03dd\" class=\"comp-lp0groo2 YzqVVZ wixui-repeater__item\">\n<div id=\"bgLayers_comp-lp0groo2\" data-hook=\"bgLayers\" data-motion-part=\"BG_LAYER\" class=\"MW5IWV\">\n<div data-testid=\"colorUnderlay\" class=\"LWbAav Kv1aVt\"><\/div>\n<div id=\"bgMedia_comp-lp0groo2\" data-motion-part=\"BG_MEDIA\" class=\"VgO9Yg\"><\/div>\n<\/div>\n<div data-mesh-id=\"comp-lp0groo2__34d7c620-257c-4959-9b9c-11e7f8bc03ddinlineContent\" data-testid=\"inline-content\" class=\"\">\n<div data-mesh-id=\"comp-lp0groo2__34d7c620-257c-4959-9b9c-11e7f8bc03ddinlineContent-gridContainer\" data-testid=\"mesh-container-content\">\n<div id=\"comp-lp0groo92__34d7c620-257c-4959-9b9c-11e7f8bc03dd\" class=\"HcOXKn SxM0TO QxJLC3 lq2cno comp-lp0groo92 wixui-rich-text\" data-testid=\"richTextElement\">\n<h2 class=\"font_2 wixui-rich-text__text\" style=\"font-size:26px; line-height:1.6em;\"><span style=\"font-size:26px;\" class=\"wixui-rich-text__text\">Gerente de Controle da Qualidade Farmac\u00eautica <\/span><\/h2>\n<\/div>\n<div id=\"comp-lp0grood2__34d7c620-257c-4959-9b9c-11e7f8bc03dd\" class=\"HcOXKn SxM0TO QxJLC3 lq2cno comp-lp0grood2 wixui-rich-text\" data-testid=\"richTextElement\">\n<p class=\"font_8 wixui-rich-text__text\" style=\"font-size:16px; line-height:1.6em;\"><span style=\"font-size:16px;\" class=\"wixui-rich-text__text\">Ribeir\u00e3o Preto\/SP<\/span><\/p>\n<\/div>\n<div class=\"comp-lp0grooh1 FubTgk\" id=\"comp-lp0grooh1__34d7c620-257c-4959-9b9c-11e7f8bc03dd\" aria-disabled=\"false\"><a data-testid=\"linkElement\" href=\"https:\/\/www.corporaterh.com.br\/jobs\/gerente-de-controle-da-qualidade-farmac%C3%AAutica-\" target=\"_self\" class=\"uDW_Qe wixui-button PlZyDq\" aria-disabled=\"false\" rel=\"noopener\"><span class=\"l7_2fn wixui-button__label\">View Job<\/span><\/a><\/div>\n<\/div>\n<\/div>\n<\/div>\n<\/div>\n<div role=\"listitem\" class=\"Zc7IjY\">\n<div id=\"comp-lp0groo2__2da9d54a-0a82-4f27-8113-0206f91be508\" class=\"comp-lp0groo2 YzqVVZ wixui-repeater__item\">\n<div id=\"bgLayers_comp-lp0groo2\" data-hook=\"bgLayers\" data-motion-part=\"BG_LAYER\" class=\"MW5IWV\">\n<div data-testid=\"colorUnderlay\" class=\"LWbAav Kv1aVt\"><\/div>\n<div id=\"bgMedia_comp-lp0groo2\" data-motion-part=\"BG_MEDIA\" class=\"VgO9Yg\"><\/div>\n<\/div>\n<div data-mesh-id=\"comp-lp0groo2__2da9d54a-0a82-4f27-8113-0206f91be508inlineContent\" data-testid=\"inline-content\" class=\"\">\n<div data-mesh-id=\"comp-lp0groo2__2da9d54a-0a82-4f27-8113-0206f91be508inlineContent-gridContainer\" data-testid=\"mesh-container-content\">\n<div id=\"comp-lp0groo92__2da9d54a-0a82-4f27-8113-0206f91be508\" class=\"HcOXKn SxM0TO QxJLC3 lq2cno comp-lp0groo92 wixui-rich-text\" data-testid=\"richTextElement\">\n<h2 class=\"font_2 wixui-rich-text__text\" style=\"font-size:26px; line-height:1.6em;\"><span style=\"font-size:26px;\" class=\"wixui-rich-text__text\">Consultora de Vendas<\/span><\/h2>\n<\/div>\n<div id=\"comp-lp0grood2__2da9d54a-0a82-4f27-8113-0206f91be508\" class=\"HcOXKn SxM0TO QxJLC3 lq2cno comp-lp0grood2 wixui-rich-text\" data-testid=\"richTextElement\">\n<p class=\"font_8 wixui-rich-text__text\" style=\"font-size:16px; line-height:1.6em;\"><span style=\"font-size:16px;\" class=\"wixui-rich-text__text\">Ribeir\u00e3o Preto\/SP<\/span><\/p>\n<\/div>\n<div class=\"comp-lp0grooh1 FubTgk\" id=\"comp-lp0grooh1__2da9d54a-0a82-4f27-8113-0206f91be508\" aria-disabled=\"false\"><a data-testid=\"linkElement\" href=\"https:\/\/www.corporaterh.com.br\/jobs\/consultora-de-vendas\" target=\"_self\" class=\"uDW_Qe wixui-button PlZyDq\" aria-disabled=\"false\" rel=\"noopener\"><span class=\"l7_2fn wixui-button__label\">View Job<\/span><\/a><\/div>\n<\/div>\n<\/div>\n<\/div>\n<\/div>\n<div role=\"listitem\" class=\"Zc7IjY\">\n<div id=\"comp-lp0groo2__96ca4f03-3daa-4459-a1bf-2858e73d26c6\" class=\"comp-lp0groo2 YzqVVZ wixui-repeater__item\">\n<div id=\"bgLayers_comp-lp0groo2\" data-hook=\"bgLayers\" data-motion-part=\"BG_LAYER\" class=\"MW5IWV\">\n<div data-testid=\"colorUnderlay\" class=\"LWbAav Kv1aVt\"><\/div>\n<div id=\"bgMedia_comp-lp0groo2\" data-motion-part=\"BG_MEDIA\" class=\"VgO9Yg\"><\/div>\n<\/div>\n<div data-mesh-id=\"comp-lp0groo2__96ca4f03-3daa-4459-a1bf-2858e73d26c6inlineContent\" data-testid=\"inline-content\" class=\"\">\n<div data-mesh-id=\"comp-lp0groo2__96ca4f03-3daa-4459-a1bf-2858e73d26c6inlineContent-gridContainer\" data-testid=\"mesh-container-content\">\n<div id=\"comp-lp0groo92__96ca4f03-3daa-4459-a1bf-2858e73d26c6\" class=\"HcOXKn SxM0TO QxJLC3 lq2cno comp-lp0groo92 wixui-rich-text\" data-testid=\"richTextElement\">\n<h2 class=\"font_2 wixui-rich-text__text\" style=\"font-size:26px; line-height:1.6em;\"><span style=\"font-size:26px;\" class=\"wixui-rich-text__text\">Consultora Assistente &#8211; Assessoria <\/span><\/h2>\n<\/div>\n<div id=\"comp-lp0grood2__96ca4f03-3daa-4459-a1bf-2858e73d26c6\" class=\"HcOXKn SxM0TO QxJLC3 lq2cno comp-lp0grood2 wixui-rich-text\" data-testid=\"richTextElement\">\n<p class=\"font_8 wixui-rich-text__text\" style=\"font-size:16px; line-height:1.6em;\"><span style=\"font-size:16px;\" class=\"wixui-rich-text__text\">Ribeir\u00e3o Preto\/SP<\/span><\/p>\n<\/div>\n<div class=\"comp-lp0grooh1 FubTgk\" id=\"comp-lp0grooh1__96ca4f03-3daa-4459-a1bf-2858e73d26c6\" aria-disabled=\"false\"><a data-testid=\"linkElement\" href=\"https:\/\/www.corporaterh.com.br\/jobs\/consultora-assistente---assessoria-\" target=\"_self\" class=\"uDW_Qe wixui-button PlZyDq\" aria-disabled=\"false\" rel=\"noopener\"><span class=\"l7_2fn wixui-button__label\">View Job<\/span><\/a><\/div>\n<\/div>\n<\/div>\n<\/div>\n<\/div>\n<div role=\"listitem\" class=\"Zc7IjY\">\n<div id=\"comp-lp0groo2__074df1bf-6901-46c7-9085-1bf433b29ba3\" class=\"comp-lp0groo2 YzqVVZ wixui-repeater__item\">\n<div id=\"bgLayers_comp-lp0groo2\" data-hook=\"bgLayers\" data-motion-part=\"BG_LAYER\" class=\"MW5IWV\">\n<div data-testid=\"colorUnderlay\" class=\"LWbAav Kv1aVt\"><\/div>\n<div id=\"bgMedia_comp-lp0groo2\" data-motion-part=\"BG_MEDIA\" class=\"VgO9Yg\"><\/div>\n<\/div>\n<div data-mesh-id=\"comp-lp0groo2__074df1bf-6901-46c7-9085-1bf433b29ba3inlineContent\" data-testid=\"inline-content\" class=\"\">\n<div data-mesh-id=\"comp-lp0groo2__074df1bf-6901-46c7-9085-1bf433b29ba3inlineContent-gridContainer\" data-testid=\"mesh-container-content\">\n<div id=\"comp-lp0groo92__074df1bf-6901-46c7-9085-1bf433b29ba3\" class=\"HcOXKn SxM0TO QxJLC3 lq2cno comp-lp0groo92 wixui-rich-text\" data-testid=\"richTextElement\">\n<h2 class=\"font_2 wixui-rich-text__text\" style=\"font-size:26px; line-height:1.6em;\"><span style=\"font-size:26px;\" class=\"wixui-rich-text__text\">Consultora Assistente de Recrutamento e Sele\u00e7\u00e3o <\/span><\/h2>\n<\/div>\n<div id=\"comp-lp0grood2__074df1bf-6901-46c7-9085-1bf433b29ba3\" class=\"HcOXKn SxM0TO QxJLC3 lq2cno comp-lp0grood2 wixui-rich-text\" data-testid=\"richTextElement\">\n<p class=\"font_8 wixui-rich-text__text\" style=\"font-size:16px; line-height:1.6em;\"><span style=\"font-size:16px;\" class=\"wixui-rich-text__text\">Ribeir\u00e3o Preto\/SP<\/span><\/p>\n<\/div>\n<div class=\"comp-lp0grooh1 FubTgk\" id=\"comp-lp0grooh1__074df1bf-6901-46c7-9085-1bf433b29ba3\" aria-disabled=\"false\"><a data-testid=\"linkElement\" href=\"https:\/\/www.corporaterh.com.br\/jobs\/consultora-assistente-de-recrutamento-e-sele%C3%A7%C3%A3o-\" target=\"_self\" class=\"uDW_Qe wixui-button PlZyDq\" aria-disabled=\"false\" rel=\"noopener\"><span class=\"l7_2fn wixui-button__label\">View Job<\/span><\/a><\/div>\n<\/div>\n<\/div>\n<\/div>\n<\/div>\n<div role=\"listitem\" class=\"Zc7IjY\">\n<div id=\"comp-lp0groo2__bdef50ad-3e89-4518-9e83-bc3b9eeeac36\" class=\"comp-lp0groo2 YzqVVZ wixui-repeater__item\">\n<div id=\"bgLayers_comp-lp0groo2\" data-hook=\"bgLayers\" data-motion-part=\"BG_LAYER\" class=\"MW5IWV\">\n<div data-testid=\"colorUnderlay\" class=\"LWbAav Kv1aVt\"><\/div>\n<div id=\"bgMedia_comp-lp0groo2\" data-motion-part=\"BG_MEDIA\" class=\"VgO9Yg\"><\/div>\n<\/div>\n<div data-mesh-id=\"comp-lp0groo2__bdef50ad-3e89-4518-9e83-bc3b9eeeac36inlineContent\" data-testid=\"inline-content\" class=\"\">\n<div data-mesh-id=\"comp-lp0groo2__bdef50ad-3e89-4518-9e83-bc3b9eeeac36inlineContent-gridContainer\" data-testid=\"mesh-container-content\">\n<div id=\"comp-lp0groo92__bdef50ad-3e89-4518-9e83-bc3b9eeeac36\" class=\"HcOXKn SxM0TO QxJLC3 lq2cno comp-lp0groo92 wixui-rich-text\" data-testid=\"richTextElement\">\n<h2 class=\"font_2 wixui-rich-text__text\" style=\"font-size:26px; line-height:1.6em;\"><span style=\"font-size:26px;\" class=\"wixui-rich-text__text\">Analista de Recursos Humanos S\u00eanior <\/span><\/h2>\n<\/div>\n<div id=\"comp-lp0grood2__bdef50ad-3e89-4518-9e83-bc3b9eeeac36\" class=\"HcOXKn SxM0TO QxJLC3 lq2cno comp-lp0grood2 wixui-rich-text\" data-testid=\"richTextElement\">\n<p class=\"font_8 wixui-rich-text__text\" style=\"font-size:16px; line-height:1.6em;\"><span style=\"font-size:16px;\" class=\"wixui-rich-text__text\">Ribeir\u00e3o Preto\/SP<\/span><\/p>\n<\/div>\n<div class=\"comp-lp0grooh1 FubTgk\" id=\"comp-lp0grooh1__bdef50ad-3e89-4518-9e83-bc3b9eeeac36\" aria-disabled=\"false\"><a data-testid=\"linkElement\" href=\"https:\/\/www.corporaterh.com.br\/jobs\/analista-de-recursos-humanos-s%C3%AAnior-\" target=\"_self\" class=\"uDW_Qe wixui-button PlZyDq\" aria-disabled=\"false\" rel=\"noopener\"><span class=\"l7_2fn wixui-button__label\">View Job<\/span><\/a><\/div>\n<\/div>\n<\/div>\n<\/div>\n<\/div>\n<div role=\"listitem\" class=\"Zc7IjY\">\n<div id=\"comp-lp0groo2__5af5eef8-8c36-487a-98be-30836ad64264\" class=\"comp-lp0groo2 YzqVVZ wixui-repeater__item\">\n<div id=\"bgLayers_comp-lp0groo2\" data-hook=\"bgLayers\" data-motion-part=\"BG_LAYER\" class=\"MW5IWV\">\n<div data-testid=\"colorUnderlay\" class=\"LWbAav Kv1aVt\"><\/div>\n<div id=\"bgMedia_comp-lp0groo2\" data-motion-part=\"BG_MEDIA\" class=\"VgO9Yg\"><\/div>\n<\/div>\n<div data-mesh-id=\"comp-lp0groo2__5af5eef8-8c36-487a-98be-30836ad64264inlineContent\" data-testid=\"inline-content\" class=\"\">\n<div data-mesh-id=\"comp-lp0groo2__5af5eef8-8c36-487a-98be-30836ad64264inlineContent-gridContainer\" data-testid=\"mesh-container-content\">\n<div id=\"comp-lp0groo92__5af5eef8-8c36-487a-98be-30836ad64264\" class=\"HcOXKn SxM0TO QxJLC3 lq2cno comp-lp0groo92 wixui-rich-text\" data-testid=\"richTextElement\">\n<h2 class=\"font_2 wixui-rich-text__text\" style=\"font-size:26px; line-height:1.6em;\"><span style=\"font-size:26px;\" class=\"wixui-rich-text__text\">Vendedor de Alta Performance<\/span><\/h2>\n<\/div>\n<div id=\"comp-lp0grood2__5af5eef8-8c36-487a-98be-30836ad64264\" class=\"HcOXKn SxM0TO QxJLC3 lq2cno comp-lp0grood2 wixui-rich-text\" data-testid=\"richTextElement\">\n<p class=\"font_8 wixui-rich-text__text\" style=\"font-size:16px; line-height:1.6em;\"><span style=\"font-size:16px;\" class=\"wixui-rich-text__text\">Ribeir\u00e3o Preto\/SP <\/span><\/p>\n<\/div>\n<div class=\"comp-lp0grooh1 FubTgk\" id=\"comp-lp0grooh1__5af5eef8-8c36-487a-98be-30836ad64264\" aria-disabled=\"false\"><a data-testid=\"linkElement\" href=\"https:\/\/www.corporaterh.com.br\/jobs\/vendedor-de-alta-performance\" target=\"_self\" class=\"uDW_Qe wixui-button PlZyDq\" aria-disabled=\"false\" rel=\"noopener\"><span class=\"l7_2fn wixui-button__label\">View Job<\/span><\/a><\/div>\n<\/div>\n<\/div>\n<\/div>\n<\/div>\n<div role=\"listitem\" class=\"Zc7IjY\">\n<div id=\"comp-lp0groo2__e81f8409-8dc9-453d-acc5-9ffdda1f3af5\" class=\"comp-lp0groo2 YzqVVZ wixui-repeater__item\">\n<div id=\"bgLayers_comp-lp0groo2\" data-hook=\"bgLayers\" data-motion-part=\"BG_LAYER\" class=\"MW5IWV\">\n<div data-testid=\"colorUnderlay\" class=\"LWbAav Kv1aVt\"><\/div>\n<div id=\"bgMedia_comp-lp0groo2\" data-motion-part=\"BG_MEDIA\" class=\"VgO9Yg\"><\/div>\n<\/div>\n<div data-mesh-id=\"comp-lp0groo2__e81f8409-8dc9-453d-acc5-9ffdda1f3af5inlineContent\" data-testid=\"inline-content\" class=\"\">\n<div data-mesh-id=\"comp-lp0groo2__e81f8409-8dc9-453d-acc5-9ffdda1f3af5inlineContent-gridContainer\" data-testid=\"mesh-container-content\">\n<div id=\"comp-lp0groo92__e81f8409-8dc9-453d-acc5-9ffdda1f3af5\" class=\"HcOXKn SxM0TO QxJLC3 lq2cno comp-lp0groo92 wixui-rich-text\" data-testid=\"richTextElement\">\n<h2 class=\"font_2 wixui-rich-text__text\" style=\"font-size:26px; line-height:1.6em;\"><span style=\"font-size:26px;\" class=\"wixui-rich-text__text\">Consultor de Vendas Pleno <\/span><\/h2>\n<\/div>\n<div id=\"comp-lp0grood2__e81f8409-8dc9-453d-acc5-9ffdda1f3af5\" class=\"HcOXKn SxM0TO QxJLC3 lq2cno comp-lp0grood2 wixui-rich-text\" data-testid=\"richTextElement\">\n<p class=\"font_8 wixui-rich-text__text\" style=\"font-size:16px; line-height:1.6em;\"><span style=\"font-size:16px;\" class=\"wixui-rich-text__text\">Ribeir\u00e3o Preto\/SP<\/span><\/p>\n<\/div>\n<div class=\"comp-lp0grooh1 FubTgk\" id=\"comp-lp0grooh1__e81f8409-8dc9-453d-acc5-9ffdda1f3af5\" aria-disabled=\"false\"><a data-testid=\"linkElement\" href=\"https:\/\/www.corporaterh.com.br\/jobs\/consultor-de-vendas-pleno-\" target=\"_self\" class=\"uDW_Qe wixui-button PlZyDq\" aria-disabled=\"false\" rel=\"noopener\"><span class=\"l7_2fn wixui-button__label\">View Job<\/span><\/a><\/div>\n<\/div>\n<\/div>\n<\/div>\n<\/div>\n<div role=\"listitem\" class=\"Zc7IjY\">\n<div id=\"comp-lp0groo2__c96a6bc3-b47a-4922-9289-59e4c9a62a84\" class=\"comp-lp0groo2 YzqVVZ wixui-repeater__item\">\n<div id=\"bgLayers_comp-lp0groo2\" data-hook=\"bgLayers\" data-motion-part=\"BG_LAYER\" class=\"MW5IWV\">\n<div data-testid=\"colorUnderlay\" class=\"LWbAav Kv1aVt\"><\/div>\n<div id=\"bgMedia_comp-lp0groo2\" data-motion-part=\"BG_MEDIA\" class=\"VgO9Yg\"><\/div>\n<\/div>\n<div data-mesh-id=\"comp-lp0groo2__c96a6bc3-b47a-4922-9289-59e4c9a62a84inlineContent\" data-testid=\"inline-content\" class=\"\">\n<div data-mesh-id=\"comp-lp0groo2__c96a6bc3-b47a-4922-9289-59e4c9a62a84inlineContent-gridContainer\" data-testid=\"mesh-container-content\">\n<div id=\"comp-lp0groo92__c96a6bc3-b47a-4922-9289-59e4c9a62a84\" class=\"HcOXKn SxM0TO QxJLC3 lq2cno comp-lp0groo92 wixui-rich-text\" data-testid=\"richTextElement\">\n<h2 class=\"font_2 wixui-rich-text__text\" style=\"font-size:26px; line-height:1.6em;\"><span style=\"font-size:26px;\" class=\"wixui-rich-text__text\">Analista de Departamento Pessoal Pleno<\/span><\/h2>\n<\/div>\n<div id=\"comp-lp0grood2__c96a6bc3-b47a-4922-9289-59e4c9a62a84\" class=\"HcOXKn SxM0TO QxJLC3 lq2cno comp-lp0grood2 wixui-rich-text\" data-testid=\"richTextElement\">\n<p class=\"font_8 wixui-rich-text__text\" style=\"font-size:16px; line-height:1.6em;\"><span style=\"font-size:16px;\" class=\"wixui-rich-text__text\">Sert\u00e3ozinho\/SP<\/span><\/p>\n<\/div>\n<div class=\"comp-lp0grooh1 FubTgk\" id=\"comp-lp0grooh1__c96a6bc3-b47a-4922-9289-59e4c9a62a84\" aria-disabled=\"false\"><a data-testid=\"linkElement\" href=\"https:\/\/www.corporaterh.com.br\/jobs\/analista-de-departamento-pessoal-pleno\" target=\"_self\" class=\"uDW_Qe wixui-button PlZyDq\" aria-disabled=\"false\" rel=\"noopener\"><span class=\"l7_2fn wixui-button__label\">View Job<\/span><\/a><\/div>\n<\/div>\n<\/div>\n<\/div>\n<\/div>\n<div role=\"listitem\" class=\"Zc7IjY\">\n<div id=\"comp-lp0groo2__e3ae2c01-5981-473c-a38a-c485d26423f9\" class=\"comp-lp0groo2 YzqVVZ wixui-repeater__item\">\n<div id=\"bgLayers_comp-lp0groo2\" data-hook=\"bgLayers\" data-motion-part=\"BG_LAYER\" class=\"MW5IWV\">\n<div data-testid=\"colorUnderlay\" class=\"LWbAav Kv1aVt\"><\/div>\n<div id=\"bgMedia_comp-lp0groo2\" data-motion-part=\"BG_MEDIA\" class=\"VgO9Yg\"><\/div>\n<\/div>\n<div data-mesh-id=\"comp-lp0groo2__e3ae2c01-5981-473c-a38a-c485d26423f9inlineContent\" data-testid=\"inline-content\" class=\"\">\n<div data-mesh-id=\"comp-lp0groo2__e3ae2c01-5981-473c-a38a-c485d26423f9inlineContent-gridContainer\" data-testid=\"mesh-container-content\">\n<div id=\"comp-lp0groo92__e3ae2c01-5981-473c-a38a-c485d26423f9\" class=\"HcOXKn SxM0TO QxJLC3 lq2cno comp-lp0groo92 wixui-rich-text\" data-testid=\"richTextElement\">\n<h2 class=\"font_2 wixui-rich-text__text\" style=\"font-size:26px; line-height:1.6em;\"><span style=\"font-size:26px;\" class=\"wixui-rich-text__text\">Analista Financeiro<\/span><\/h2>\n<\/div>\n<div id=\"comp-lp0grood2__e3ae2c01-5981-473c-a38a-c485d26423f9\" class=\"HcOXKn SxM0TO QxJLC3 lq2cno comp-lp0grood2 wixui-rich-text\" data-testid=\"richTextElement\">\n<p class=\"font_8 wixui-rich-text__text\" style=\"font-size:16px; line-height:1.6em;\"><span style=\"font-size:16px;\" class=\"wixui-rich-text__text\">Ribeir\u00e3o Preto\/SP<\/span><\/p>\n<\/div>\n<div class=\"comp-lp0grooh1 FubTgk\" id=\"comp-lp0grooh1__e3ae2c01-5981-473c-a38a-c485d26423f9\" aria-disabled=\"false\"><a data-testid=\"linkElement\" href=\"https:\/\/www.corporaterh.com.br\/jobs\/analista-financeiro\" target=\"_self\" class=\"uDW_Qe wixui-button PlZyDq\" aria-disabled=\"false\" rel=\"noopener\"><span class=\"l7_2fn wixui-button__label\">View Job<\/span><\/a><\/div>\n<\/div>\n<\/div>\n<\/div>\n<\/div>\n<div role=\"listitem\" class=\"Zc7IjY\">\n<div id=\"comp-lp0groo2__ad997c07-b90e-4e9a-9640-a94343ee37a5\" class=\"comp-lp0groo2 YzqVVZ wixui-repeater__item\">\n<div id=\"bgLayers_comp-lp0groo2\" data-hook=\"bgLayers\" data-motion-part=\"BG_LAYER\" class=\"MW5IWV\">\n<div data-testid=\"colorUnderlay\" class=\"LWbAav Kv1aVt\"><\/div>\n<div id=\"bgMedia_comp-lp0groo2\" data-motion-part=\"BG_MEDIA\" class=\"VgO9Yg\"><\/div>\n<\/div>\n<div data-mesh-id=\"comp-lp0groo2__ad997c07-b90e-4e9a-9640-a94343ee37a5inlineContent\" data-testid=\"inline-content\" class=\"\">\n<div data-mesh-id=\"comp-lp0groo2__ad997c07-b90e-4e9a-9640-a94343ee37a5inlineContent-gridContainer\" data-testid=\"mesh-container-content\">\n<div id=\"comp-lp0groo92__ad997c07-b90e-4e9a-9640-a94343ee37a5\" class=\"HcOXKn SxM0TO QxJLC3 lq2cno comp-lp0groo92 wixui-rich-text\" data-testid=\"richTextElement\">\n<h2 class=\"font_2 wixui-rich-text__text\" style=\"font-size:26px; line-height:1.6em;\"><span style=\"font-size:26px;\" class=\"wixui-rich-text__text\">Diretor Industrial<\/span><\/h2>\n<\/div>\n<div id=\"comp-lp0grood2__ad997c07-b90e-4e9a-9640-a94343ee37a5\" class=\"HcOXKn SxM0TO QxJLC3 lq2cno comp-lp0grood2 wixui-rich-text\" data-testid=\"richTextElement\">\n<p class=\"font_8 wixui-rich-text__text\" style=\"font-size:16px; line-height:1.6em;\"><span style=\"font-size:16px;\" class=\"wixui-rich-text__text\">Ribeir\u00e3o Preto e regi\u00e3o\/SP<\/span><\/p>\n<\/div>\n<div class=\"comp-lp0grooh1 FubTgk\" id=\"comp-lp0grooh1__ad997c07-b90e-4e9a-9640-a94343ee37a5\" aria-disabled=\"false\"><a data-testid=\"linkElement\" href=\"https:\/\/www.corporaterh.com.br\/jobs\/diretor-industrial\" target=\"_self\" class=\"uDW_Qe wixui-button PlZyDq\" aria-disabled=\"false\" rel=\"noopener\"><span class=\"l7_2fn wixui-button__label\">View Job<\/span><\/a><\/div>\n<\/div>\n<\/div>\n<\/div>\n<\/div>\n<div role=\"listitem\" class=\"Zc7IjY\">\n<div id=\"comp-lp0groo2__1a219e82-e232-4347-b592-c47a5bb23332\" class=\"comp-lp0groo2 YzqVVZ wixui-repeater__item\">\n<div id=\"bgLayers_comp-lp0groo2\" data-hook=\"bgLayers\" data-motion-part=\"BG_LAYER\" class=\"MW5IWV\">\n<div data-testid=\"colorUnderlay\" class=\"LWbAav Kv1aVt\"><\/div>\n<div id=\"bgMedia_comp-lp0groo2\" data-motion-part=\"BG_MEDIA\" class=\"VgO9Yg\"><\/div>\n<\/div>\n<div data-mesh-id=\"comp-lp0groo2__1a219e82-e232-4347-b592-c47a5bb23332inlineContent\" data-testid=\"inline-content\" class=\"\">\n<div data-mesh-id=\"comp-lp0groo2__1a219e82-e232-4347-b592-c47a5bb23332inlineContent-gridContainer\" data-testid=\"mesh-container-content\">\n<div id=\"comp-lp0groo92__1a219e82-e232-4347-b592-c47a5bb23332\" class=\"HcOXKn SxM0TO QxJLC3 lq2cno comp-lp0groo92 wixui-rich-text\" data-testid=\"richTextElement\">\n<h2 class=\"font_2 wixui-rich-text__text\" style=\"font-size:26px; line-height:1.6em;\"><span style=\"font-size:26px;\" class=\"wixui-rich-text__text\">Gerente de P\u00f3s-Vendas<\/span><\/h2>\n<\/div>\n<div id=\"comp-lp0grood2__1a219e82-e232-4347-b592-c47a5bb23332\" class=\"HcOXKn SxM0TO QxJLC3 lq2cno comp-lp0grood2 wixui-rich-text\" data-testid=\"richTextElement\">\n<p class=\"font_8 wixui-rich-text__text\" style=\"font-size:16px; line-height:1.6em;\"><span style=\"font-size:16px;\" class=\"wixui-rich-text__text\">Regi\u00e3o de Ribeir\u00e3o Preto\/SP<\/span><\/p>\n<\/div>\n<div class=\"comp-lp0grooh1 FubTgk\" id=\"comp-lp0grooh1__1a219e82-e232-4347-b592-c47a5bb23332\" aria-disabled=\"false\"><a data-testid=\"linkElement\" href=\"https:\/\/www.corporaterh.com.br\/jobs\/gerente-de-p%C3%B3s-vendas\" target=\"_self\" class=\"uDW_Qe wixui-button PlZyDq\" aria-disabled=\"false\" rel=\"noopener\"><span class=\"l7_2fn wixui-button__label\">View Job<\/span><\/a><\/div>\n<\/div>\n<\/div>\n<\/div>\n<\/div>\n<\/div>\n<p><span style=\"font-size:26px;\" class=\"wixui-rich-text__text\">Gerente de Produ\u00e7\u00e3o<\/span><\/p>\n<div class='code-block code-block-4' style='margin: 8px auto 8px 0; text-align: left; display: block; clear: both;'>\n\ud83d\udce2 Aviso Legal\n\nO site ismaelcolosi.com.br atua apenas como um canal de divulga\u00e7\u00e3o de oportunidades de emprego e n\u00e3o se responsabiliza pelo processo seletivo, contrata\u00e7\u00e3o ou qualquer outra etapa relacionada \u00e0s vagas publicadas. Todas as informa\u00e7\u00f5es s\u00e3o de responsabilidade dos anunciantes.\n\n\u26a0\ufe0f Aten\u00e7\u00e3o! Nunca pague por promessas de emprego nem compre cursos que garantam contrata\u00e7\u00e3o. Desconfie de qualquer cobran\u00e7a para participar de sele\u00e7\u00f5es.\n\n\n\n<\/div>\n<!-- CONTENT END 1 -->\n","protected":false},"excerpt":{"rendered":"<p>Analista de Marketing S\u00eanior Ribeir\u00e3o Preto\/SP View Job Gerente de Produ\u00e7\u00e3o Regi\u00e3o de Ribeir\u00e3o Preto\/SP View Job Gerente de Compras S\u00eanior Ribeir\u00e3o Preto\/SP View Job&#8230;<\/p>\n","protected":false},"author":1,"featured_media":0,"comment_status":"open","ping_status":"open","sticky":false,"template":"","format":"standard","meta":{"_uag_custom_page_level_css":"","advanced_seo_description":"","jetpack_seo_html_title":"","jetpack_seo_noindex":false,"jetpack_post_was_ever_published":false,"_jetpack_newsletter_access":"","_jetpack_dont_email_post_to_subs":false,"_jetpack_newsletter_tier_id":0,"_jetpack_memberships_contains_paywalled_content":false,"_jetpack_memberships_contains_paid_content":false,"footnotes":"","jetpack_publicize_message":"","jetpack_publicize_feature_enabled":true,"jetpack_social_post_already_shared":true,"jetpack_social_options":{"image_generator_settings":{"template":"highway","default_image_id":0,"font":"","enabled":false},"version":2}},"categories":[7],"tags":[],"class_list":["post-69647","post","type-post","status-publish","format-standard","hentry","category-vagas-de-empregos-em-ribeirao-preto-regiao-brasil"],"jetpack_publicize_connections":[],"jetpack_featured_media_url":"","uagb_featured_image_src":{"full":false,"thumbnail":false,"medium":false,"medium_large":false,"large":false,"1536x1536":false,"2048x2048":false,"really-simple-thumb":false},"uagb_author_info":{"display_name":"ismaelcolosi.com.br","author_link":"https:\/\/ismaelcolosi.com.br\/index.php\/author\/vidareal-online\/"},"uagb_comment_info":0,"uagb_excerpt":"Analista de Marketing S\u00eanior Ribeir\u00e3o Preto\/SP View Job Gerente de Produ\u00e7\u00e3o Regi\u00e3o de Ribeir\u00e3o Preto\/SP View Job Gerente de Compras S\u00eanior Ribeir\u00e3o Preto\/SP View Job...","jetpack-related-posts":[{"id":84467,"url":"https:\/\/ismaelcolosi.com.br\/index.php\/2025\/04\/11\/30-novas-vagas-de-emprego-em-ribeirao-preto-sp-123\/","url_meta":{"origin":69647,"position":0},"title":"30 novas vagas de emprego em Ribeir\u00e3o Preto-SP","author":"ismaelcolosi.com.br","date":"11 de April de 2025","format":false,"excerpt":"Diretor(a) EscolarS\u00e3o Jos\u00e9 do Rio Preto\/SPView JobRedator PlenoRibeir\u00e3o Preto\/SPView JobRedator S\u00eaniorRibeir\u00e3o Preto\/SPView JobCoordenador FinanceiroRibeir\u00e3o Preto\/SPView JobGerente de P\u00f3s-VendaRibeir\u00e3o Preto\/SPView JobCampeiroLaranjeiras (Col\u00f4mbia)View JobSocial Media PlenoRibeir\u00e3o Preto\/SPView JobDesigner S\u00eaniorRibeir\u00e3o Preto\/SPView JobAnalista S\u00eanior de Inbound MarketingRibeir\u00e3o Preto\/SPView JobAnalista S\u00eanior de Comunica\u00e7\u00e3o Interna, Endomarketing e EventosRibeir\u00e3o Preto\/SPView JobAnalista de Controladoria S\u00eaniorRibeir\u00e3o Preto\/SPView JobAnalista de\u2026","rel":"","context":"In &quot;Vagas de Emprego em Ribeir\u00e3o Preto-SP&quot;","block_context":{"text":"Vagas de Emprego em Ribeir\u00e3o Preto-SP","link":"https:\/\/ismaelcolosi.com.br\/index.php\/category\/empregos-classificados-vagas-trabalho\/vagas-de-empregos-em-ribeirao-preto-regiao-brasil\/"},"img":{"alt_text":"","src":"","width":0,"height":0},"classes":[]},{"id":84005,"url":"https:\/\/ismaelcolosi.com.br\/index.php\/2025\/03\/24\/30-novas-vagas-de-emprego-em-ribeirao-preto-sp-121\/","url_meta":{"origin":69647,"position":1},"title":"30 novas vagas de emprego em Ribeir\u00e3o Preto-SP","author":"ismaelcolosi.com.br","date":"24 de March de 2025","format":false,"excerpt":"Redator PlenoRibeir\u00e3o Preto\/SPView JobRedator S\u00eaniorRibeir\u00e3o Preto\/SPView JobCoordenador FinanceiroRibeir\u00e3o Preto\/SPView JobGerente de P\u00f3s-VendaRibeir\u00e3o Preto\/SPView JobCampeiroLaranjeiras (Col\u00f4mbia)View JobSocial Media PlenoRibeir\u00e3o Preto\/SPView JobDesigner S\u00eaniorRibeir\u00e3o Preto\/SPView JobAnalista S\u00eanior de Inbound MarketingRibeir\u00e3o Preto\/SPView JobAnalista S\u00eanior de Comunica\u00e7\u00e3o Interna, Endomarketing e EventosRibeir\u00e3o Preto\/SPView JobAnalista de Controladoria S\u00eaniorRibeir\u00e3o Preto\/SPView JobAnalista de Controladoria PlenoRibeir\u00e3o Preto\/SPView JobAnalista Administrativo e\u2026","rel":"","context":"In &quot;Vagas de Emprego em Ribeir\u00e3o Preto-SP&quot;","block_context":{"text":"Vagas de Emprego em Ribeir\u00e3o Preto-SP","link":"https:\/\/ismaelcolosi.com.br\/index.php\/category\/empregos-classificados-vagas-trabalho\/vagas-de-empregos-em-ribeirao-preto-regiao-brasil\/"},"img":{"alt_text":"","src":"","width":0,"height":0},"classes":[]},{"id":84211,"url":"https:\/\/ismaelcolosi.com.br\/index.php\/2025\/04\/02\/30-novas-vagas-de-emprego-em-ribeirao-preto-sp-122\/","url_meta":{"origin":69647,"position":2},"title":"30 novas vagas de emprego em Ribeir\u00e3o Preto-SP","author":"ismaelcolosi.com.br","date":"2 de April de 2025","format":false,"excerpt":"Redator PlenoRibeir\u00e3o Preto\/SPView JobRedator S\u00eaniorRibeir\u00e3o Preto\/SPView JobCoordenador FinanceiroRibeir\u00e3o Preto\/SPView JobGerente de P\u00f3s-VendaRibeir\u00e3o Preto\/SPView JobCampeiroLaranjeiras (Col\u00f4mbia)View JobSocial Media PlenoRibeir\u00e3o Preto\/SPView JobDesigner S\u00eaniorRibeir\u00e3o Preto\/SPView JobAnalista S\u00eanior de Inbound MarketingRibeir\u00e3o Preto\/SPView JobAnalista S\u00eanior de Comunica\u00e7\u00e3o Interna, Endomarketing e EventosRibeir\u00e3o Preto\/SPView JobAnalista de Controladoria S\u00eaniorRibeir\u00e3o Preto\/SPView JobAnalista de Controladoria PlenoRibeir\u00e3o Preto\/SPView JobAnalista Administrativo e\u2026","rel":"","context":"In &quot;Vagas de Emprego em Ribeir\u00e3o Preto-SP&quot;","block_context":{"text":"Vagas de Emprego em Ribeir\u00e3o Preto-SP","link":"https:\/\/ismaelcolosi.com.br\/index.php\/category\/empregos-classificados-vagas-trabalho\/vagas-de-empregos-em-ribeirao-preto-regiao-brasil\/"},"img":{"alt_text":"","src":"","width":0,"height":0},"classes":[]},{"id":77457,"url":"https:\/\/ismaelcolosi.com.br\/index.php\/2024\/11\/25\/30-novas-vagas-de-emprego-em-ribeirao-preto-sp-109\/","url_meta":{"origin":69647,"position":3},"title":"30 novas vagas de emprego em Ribeir\u00e3o Preto-SP","author":"ismaelcolosi.com.br","date":"25 de November de 2024","format":false,"excerpt":"Gerente ComercialS\u00e3o Paulo\/SP - Regi\u00e3o Central\/CambuciView JobAnalista de Marketing S\u00eaniorS\u00e3o Paulo\/SP - Cidade JardimView JobCoordenador de MarketingS\u00e3o Paulo\/SP - Cidade JardimView JobGerente OperacionalS\u00e3o Paulo\/SP - Cidade JardimView JobAnalista DBAS\u00e3o Paulo\/SP - Butant\u00e3\/zona OesteView JobVendedor InternoRibeir\u00e3o Preto\/SPView JobMotorista (Categoria D)Ribeir\u00e3o Preto\/SPView JobAssistente Administrativo FiscalRibeir\u00e3o Preto\/SPView JobAnalista de Banco de Dados PlenoS\u00e3o\u2026","rel":"","context":"In &quot;Vagas de Emprego em Ribeir\u00e3o Preto-SP&quot;","block_context":{"text":"Vagas de Emprego em Ribeir\u00e3o Preto-SP","link":"https:\/\/ismaelcolosi.com.br\/index.php\/category\/empregos-classificados-vagas-trabalho\/vagas-de-empregos-em-ribeirao-preto-regiao-brasil\/"},"img":{"alt_text":"","src":"","width":0,"height":0},"classes":[]},{"id":83807,"url":"https:\/\/ismaelcolosi.com.br\/index.php\/2025\/03\/15\/30-novas-vagas-de-emprego-em-ribeirao-preto-sp-120\/","url_meta":{"origin":69647,"position":4},"title":"30 novas vagas de emprego em Ribeir\u00e3o Preto-SP","author":"ismaelcolosi.com.br","date":"15 de March de 2025","format":false,"excerpt":"Coordenador FinanceiroRibeir\u00e3o Preto\/SPView JobGerente de P\u00f3s-VendaRibeir\u00e3o Preto\/SPView JobCampeiroLaranjeiras (Col\u00f4mbia)View JobSocial Media PlenoRibeir\u00e3o Preto\/SPView JobDesigner S\u00eaniorRibeir\u00e3o Preto\/SPView JobAnalista S\u00eanior de Inbound MarketingRibeir\u00e3o Preto\/SPView JobAnalista S\u00eanior de Comunica\u00e7\u00e3o Interna, Endomarketing e EventosRibeir\u00e3o Preto\/SPView JobAnalista de Controladoria S\u00eaniorRibeir\u00e3o Preto\/SPView JobAnalista de Controladoria PlenoRibeir\u00e3o Preto\/SPView JobAnalista Administrativo e Financeiro \u2013 S\u00e3o Paulo\/SP.S\u00e3o Paulo -SPView\u2026","rel":"","context":"In &quot;Vagas de Emprego em Ribeir\u00e3o Preto-SP&quot;","block_context":{"text":"Vagas de Emprego em Ribeir\u00e3o Preto-SP","link":"https:\/\/ismaelcolosi.com.br\/index.php\/category\/empregos-classificados-vagas-trabalho\/vagas-de-empregos-em-ribeirao-preto-regiao-brasil\/"},"img":{"alt_text":"","src":"","width":0,"height":0},"classes":[]},{"id":71505,"url":"https:\/\/ismaelcolosi.com.br\/index.php\/2024\/10\/16\/30-novas-vagas-de-emprego-em-ribeirao-preto-sp-107\/","url_meta":{"origin":69647,"position":5},"title":"30 novas vagas de emprego em Ribeir\u00e3o Preto-SP","author":"ismaelcolosi.com.br","date":"16 de October de 2024","format":false,"excerpt":"FrentistaRibeir\u00e3o Preto\/SPView JobGerente de Posto de Combust\u00edvelRibeir\u00e3o Preto\/SPView JobGerente de PizzariaS\u00e3o Paulo\/SP - Regi\u00e3o Alto da Lapa.View JobAnalista de Departamento PessoalRibeir\u00e3o Preto\/SPView JobAnalista de Suprimentos S\u00eaniorRibeir\u00e3o Preto\/SPView JobAnalista de Suprimentos PlenoRibeir\u00e3o Preto\/SPView JobAnalista de Suprimentos JrRibeir\u00e3o Preto\/SPView JobGerente Jur\u00eddico Regi\u00e3o de Ribeir\u00e3o Preto\/SPView JobSupervisor de SuprimentosRibeir\u00e3o Preto\/SPView JobAnalista de Marketing\u2026","rel":"","context":"In &quot;Vagas de Emprego em Ribeir\u00e3o Preto-SP&quot;","block_context":{"text":"Vagas de Emprego em Ribeir\u00e3o Preto-SP","link":"https:\/\/ismaelcolosi.com.br\/index.php\/category\/empregos-classificados-vagas-trabalho\/vagas-de-empregos-em-ribeirao-preto-regiao-brasil\/"},"img":{"alt_text":"","src":"","width":0,"height":0},"classes":[]}],"jetpack_sharing_enabled":true,"jetpack_shortlink":"https:\/\/wp.me\/pfMlyK-i7l","_links":{"self":[{"href":"https:\/\/ismaelcolosi.com.br\/index.php\/wp-json\/wp\/v2\/posts\/69647","targetHints":{"allow":["GET"]}}],"collection":[{"href":"https:\/\/ismaelcolosi.com.br\/index.php\/wp-json\/wp\/v2\/posts"}],"about":[{"href":"https:\/\/ismaelcolosi.com.br\/index.php\/wp-json\/wp\/v2\/types\/post"}],"author":[{"embeddable":true,"href":"https:\/\/ismaelcolosi.com.br\/index.php\/wp-json\/wp\/v2\/users\/1"}],"replies":[{"embeddable":true,"href":"https:\/\/ismaelcolosi.com.br\/index.php\/wp-json\/wp\/v2\/comments?post=69647"}],"version-history":[{"count":0,"href":"https:\/\/ismaelcolosi.com.br\/index.php\/wp-json\/wp\/v2\/posts\/69647\/revisions"}],"wp:attachment":[{"href":"https:\/\/ismaelcolosi.com.br\/index.php\/wp-json\/wp\/v2\/media?parent=69647"}],"wp:term":[{"taxonomy":"category","embeddable":true,"href":"https:\/\/ismaelcolosi.com.br\/index.php\/wp-json\/wp\/v2\/categories?post=69647"},{"taxonomy":"post_tag","embeddable":true,"href":"https:\/\/ismaelcolosi.com.br\/index.php\/wp-json\/wp\/v2\/tags?post=69647"}],"curies":[{"name":"wp","href":"https:\/\/api.w.org\/{rel}","templated":true}]}}