{"id":69646,"date":"2024-10-07T10:51:15","date_gmt":"2024-10-07T13:51:15","guid":{"rendered":"https:\/\/ismaelcolosi.com.br\/index.php\/2024\/10\/07\/inscricoes-para-o-concurso-publico-de-sertaozinho-comecam-nesta-semana\/"},"modified":"2024-10-07T10:51:15","modified_gmt":"2024-10-07T13:51:15","slug":"inscricoes-para-o-concurso-publico-de-sertaozinho-comecam-nesta-semana","status":"publish","type":"post","link":"https:\/\/ismaelcolosi.com.br\/index.php\/2024\/10\/07\/inscricoes-para-o-concurso-publico-de-sertaozinho-comecam-nesta-semana\/","title":{"rendered":"Inscri\u00e7\u00f5es para o concurso p\u00fablico de Sert\u00e3ozinho come\u00e7am nesta semana"},"content":{"rendered":"<p> <br \/>\n<\/p>\n<div>\n<p>As inscri\u00e7\u00f5es para o <strong>concurso p\u00fablico<\/strong> da <strong>Prefeitura de Sert\u00e3ozinho<\/strong>, na regi\u00e3o de<strong> Ribeir\u00e3o Preto<\/strong>, come\u00e7am nesta quarta-feira (9). Ao todo, s\u00e3o 42 vagas com sal\u00e1rios entre R$ 2,1 mil e R$ 12,6 mil.<\/p>\n<p>As inscri\u00e7\u00f5es devem ser realizadas pela internet, no<a href=\"https:\/\/www.vunesp.com.br\/PMST2401\" target=\"_blank\" rel=\"noreferrer noopener nofollow\"> site da <strong>Funda\u00e7\u00e3o Vunesp<\/strong> (clique aqui)<\/a>, <mark style=\"background-color:#fcb900\" class=\"has-inline-color has-black-color\">no per\u00edodo entre 9 de outubro e 7 de novembro.<\/mark> O valor da taxa de inscri\u00e7\u00e3o varia entre R$ 54,90 e R$ 98,80.<\/p>\n<h4 class=\"wp-block-heading\"><strong>Veja as vagas<\/strong><\/h4>\n<p>Confira as vagas<\/p>\n<p>Auxiliar de Desenvolvimento Escolar<\/p>\n<p>Monitor de Cultura e Turismo\u00a0<\/p>\n<p>Agente da Vigil\u00e2ncia em Sa\u00fade<\/p>\n<p>Agente de Organiza\u00e7\u00e3o Escolar<\/p>\n<p>Agente de Saneamento<\/p>\n<p>Almoxarife<\/p>\n<p>Auxiliar de Farmac\u00eautico<\/p>\n<p>Auxiliar de Sa\u00fade Bucal<\/p>\n<p>Escritur\u00e1rio<\/p>\n<p>T\u00e9cnico de Enfermagem<\/p>\n<p>Analista de Or\u00e7amento e Planejamento\u00a0<\/p>\n<p>Assistente Social<\/p>\n<p>Contador\u00a0<\/p>\n<p>Dentista Cl\u00ednico Geral<\/p>\n<p>Dentista Endodontista<\/p>\n<p>Dentista Odontopediatria<\/p>\n<p>Dentista para Pessoas com Necessidades Especiais<\/p>\n<p>Dentista Periodontista<\/p>\n<p>Enfermeiro<\/p>\n<p>Engenheiro Agr\u00f4nomo<\/p>\n<p>Engenheiro Ambiental<\/p>\n<p>Engenheiro El\u00e9trico\u00a0<\/p>\n<p>Farmac\u00eautico<\/p>\n<p>Fiscal de Meio Ambiente<\/p>\n<p>Fiscal Tribut\u00e1rio<\/p>\n<p>Fisioterapeuta<\/p>\n<p>Fonoaudi\u00f3logo<\/p>\n<p>Jornalista\u00a0<\/p>\n<p>M\u00e9dico Cardiologista<\/p>\n<p>M\u00e9dico do Trabalho\u00a0<\/p>\n<p>M\u00e9dico Geriatra<\/p>\n<p>M\u00e9dico Hematologista<\/p>\n<p>M\u00e9dico Nefrologista<\/p>\n<p>M\u00e9dico Neurologista\u00a0<\/p>\n<p>M\u00e9dico Pediatra\u00a0\u00a0<\/p>\n<p>M\u00e9dico Pneumologista\u00a0\u00a0<\/p>\n<p>M\u00e9dico Psiquiatra Infantil<\/p>\n<p>M\u00e9dico Reumatologista\u00a0<\/p>\n<p>M\u00e9dico Veterin\u00e1rio\u00a0<\/p>\n<p>Nutricionista\u00a0<\/p>\n<p>Professor PEB I\u00a0<\/p>\n<p>Professor PEB II \u2013 Arte<\/p>\n<p>Professor PEB II \u2013 Ci\u00eancias\u00a0<\/p>\n<p>Professor PEB II \u2013 Educa\u00e7\u00e3o F\u00edsica\u00a0\u00a0<\/p>\n<p>Professor PEB II \u2013 Geografia<\/p>\n<p>Professor PEB II \u2013 Hist\u00f3ria<\/p>\n<p>Professor PEB II \u2013 Ingl\u00eas\u00a0<\/p>\n<p>Professor PEB II \u2013 Matem\u00e1tica\u00a0<\/p>\n<p>Professor PEB II \u2013 Portugu\u00eas<\/p>\n<p>Psic\u00f3logo<\/p>\n<p>Psicopedagogo\u00a0\u00a0<\/p>\n<p>Subcontador\u00a0<\/p>\n<p>SAIBA MAIS<br \/>Frente fria chega nesta semana e interior de SP tem previs\u00e3o de chuva forte<\/p>\n<h4 class=\"wp-block-heading\"><strong>FIQUE ON<\/strong><\/h4>\n<p>Fique ligado em tudo que acontece em Ribeir\u00e3o Preto e regi\u00e3o. Siga os perfis do<strong> acidade on<\/strong> no <a href=\"https:\/\/www.instagram.com\/acidadeonribeirao\" target=\"_blank\" rel=\"noreferrer noopener nofollow\">Instagram<\/a> e no <a href=\"https:\/\/www.facebook.com\/acidadeonribeirao\/\" target=\"_blank\" rel=\"noreferrer noopener nofollow\">Facebook<\/a>.<\/p>\n<p>Receba not\u00edcias do <strong>acidade on<\/strong> no WhatsApp. <a href=\"https:\/\/chat.whatsapp.com\/Fg4ok3aAVyB59DP63pRapr\" target=\"_blank\" rel=\"noreferrer noopener nofollow\">Para entrar no grupo, basta clicar aqui.<\/a><\/p>\n<p>Fa\u00e7a uma den\u00fancia ou sugira uma reportagem sobre Ribeir\u00e3o Preto e regi\u00e3o pelo WhatsApp: 16 99117 7802.<\/p>\n<p>VEJA TAMB\u00c9M<br \/>Quando \u00e9 o segundo turno das elei\u00e7\u00f5es 2024?<\/p>\n<p><!-- CONTENT END 1 -->\n<\/div>\n<p><script async src=\"\/\/www.instagram.com\/embed.js\"><\/script><br \/>\n<br \/><br \/>\n<br \/><a href=\"https:\/\/www.acidadeon.com\/ribeiraopreto\/economia\/inscricoes-para-o-concurso-publico-de-sertaozinho-comecam-nesta-semana\/\">Source link <\/a><\/p>\n","protected":false},"excerpt":{"rendered":"<p>As inscri\u00e7\u00f5es para o concurso p\u00fablico da Prefeitura de Sert\u00e3ozinho, na regi\u00e3o de Ribeir\u00e3o Preto, come\u00e7am nesta quarta-feira (9). Ao todo, s\u00e3o 42 vagas com&#8230;<\/p>\n","protected":false},"author":1,"featured_media":59877,"comment_status":"open","ping_status":"open","sticky":false,"template":"","format":"standard","meta":{"_uag_custom_page_level_css":"","advanced_seo_description":"","jetpack_seo_html_title":"","jetpack_seo_noindex":false,"jetpack_post_was_ever_published":false,"_jetpack_newsletter_access":"","_jetpack_dont_email_post_to_subs":false,"_jetpack_newsletter_tier_id":0,"_jetpack_memberships_contains_paywalled_content":false,"_jetpack_memberships_contains_paid_content":false,"footnotes":"","jetpack_publicize_message":"","jetpack_publicize_feature_enabled":true,"jetpack_social_post_already_shared":true,"jetpack_social_options":{"image_generator_settings":{"template":"highway","default_image_id":0,"font":"","enabled":false},"version":2}},"categories":[11],"tags":[],"class_list":["post-69646","post","type-post","status-publish","format-standard","has-post-thumbnail","hentry","category-noticias-de-ribeirao-preto-sp-e-regiao-ismael-colosi"],"jetpack_publicize_connections":[],"jetpack_featured_media_url":"https:\/\/i0.wp.com\/ismaelcolosi.com.br\/wp-content\/uploads\/2024\/08\/concurso-publico-ribeirao-preto_2024-08-13_10-44-40_jpg_2024-08-13_10-44-40.webp.webp?fit=1200%2C800&ssl=1","uagb_featured_image_src":{"full":["https:\/\/i0.wp.com\/ismaelcolosi.com.br\/wp-content\/uploads\/2024\/08\/concurso-publico-ribeirao-preto_2024-08-13_10-44-40_jpg_2024-08-13_10-44-40.webp.webp?fit=1200%2C800&ssl=1",1200,800,false],"thumbnail":["https:\/\/i0.wp.com\/ismaelcolosi.com.br\/wp-content\/uploads\/2024\/08\/concurso-publico-ribeirao-preto_2024-08-13_10-44-40_jpg_2024-08-13_10-44-40.webp.webp?resize=150%2C150&ssl=1",150,150,true],"medium":["https:\/\/i0.wp.com\/ismaelcolosi.com.br\/wp-content\/uploads\/2024\/08\/concurso-publico-ribeirao-preto_2024-08-13_10-44-40_jpg_2024-08-13_10-44-40.webp.webp?fit=300%2C200&ssl=1",300,200,true],"medium_large":["https:\/\/i0.wp.com\/ismaelcolosi.com.br\/wp-content\/uploads\/2024\/08\/concurso-publico-ribeirao-preto_2024-08-13_10-44-40_jpg_2024-08-13_10-44-40.webp.webp?fit=768%2C512&ssl=1",768,512,true],"large":["https:\/\/i0.wp.com\/ismaelcolosi.com.br\/wp-content\/uploads\/2024\/08\/concurso-publico-ribeirao-preto_2024-08-13_10-44-40_jpg_2024-08-13_10-44-40.webp.webp?fit=1024%2C683&ssl=1",1024,683,true],"1536x1536":["https:\/\/i0.wp.com\/ismaelcolosi.com.br\/wp-content\/uploads\/2024\/08\/concurso-publico-ribeirao-preto_2024-08-13_10-44-40_jpg_2024-08-13_10-44-40.webp.webp?fit=1200%2C800&ssl=1",1200,800,true],"2048x2048":["https:\/\/i0.wp.com\/ismaelcolosi.com.br\/wp-content\/uploads\/2024\/08\/concurso-publico-ribeirao-preto_2024-08-13_10-44-40_jpg_2024-08-13_10-44-40.webp.webp?fit=1200%2C800&ssl=1",1200,800,true],"really-simple-thumb":["https:\/\/i0.wp.com\/ismaelcolosi.com.br\/wp-content\/uploads\/2024\/08\/concurso-publico-ribeirao-preto_2024-08-13_10-44-40_jpg_2024-08-13_10-44-40.webp.webp?resize=370%2C247&ssl=1",370,247,true]},"uagb_author_info":{"display_name":"ismaelcolosi.com.br","author_link":"https:\/\/ismaelcolosi.com.br\/index.php\/author\/vidareal-online\/"},"uagb_comment_info":0,"uagb_excerpt":"As inscri\u00e7\u00f5es para o concurso p\u00fablico da Prefeitura de Sert\u00e3ozinho, na regi\u00e3o de Ribeir\u00e3o Preto, come\u00e7am nesta quarta-feira (9). Ao todo, s\u00e3o 42 vagas com...","jetpack-related-posts":[{"id":68642,"url":"https:\/\/ismaelcolosi.com.br\/index.php\/2024\/10\/01\/prefeitura-da-regiao-de-ribeirao-abre-concurso-com-salario-ate-r-12-mil\/","url_meta":{"origin":69646,"position":0},"title":"Prefeitura da regi\u00e3o de Ribeir\u00e3o abre concurso com sal\u00e1rio at\u00e9 R$ 12 mil","author":"ismaelcolosi.com.br","date":"1 de October de 2024","format":false,"excerpt":"A Prefeitura de Sert\u00e3ozinho, na regi\u00e3o de Ribeir\u00e3o Preto, anunciou a abertura de um novo concurso p\u00fablico para preencher 42 vagas e formar cadastro reserva. As oportunidades s\u00e3o para cargos de n\u00edveis fundamental, m\u00e9dio, t\u00e9cnico e superior. Os profissionais contratados dever\u00e3o cumprir jornadas de 20 a 40 horas semanais e\u2026","rel":"","context":"In &quot;Not\u00edcias de Ribeir\u00e3o Preto-SP e Regi\u00e3o&quot;","block_context":{"text":"Not\u00edcias de Ribeir\u00e3o Preto-SP e Regi\u00e3o","link":"https:\/\/ismaelcolosi.com.br\/index.php\/category\/noticias-de-ribeirao-preto-sp-e-regiao-ismael-colosi\/"},"img":{"alt_text":"","src":"https:\/\/i0.wp.com\/ismaelcolosi.com.br\/wp-content\/uploads\/2024\/10\/prova-concurso-publico-3.jpg?fit=1200%2C800&ssl=1&resize=350%2C200","width":350,"height":200,"srcset":"https:\/\/i0.wp.com\/ismaelcolosi.com.br\/wp-content\/uploads\/2024\/10\/prova-concurso-publico-3.jpg?fit=1200%2C800&ssl=1&resize=350%2C200 1x, https:\/\/i0.wp.com\/ismaelcolosi.com.br\/wp-content\/uploads\/2024\/10\/prova-concurso-publico-3.jpg?fit=1200%2C800&ssl=1&resize=525%2C300 1.5x, https:\/\/i0.wp.com\/ismaelcolosi.com.br\/wp-content\/uploads\/2024\/10\/prova-concurso-publico-3.jpg?fit=1200%2C800&ssl=1&resize=700%2C400 2x, https:\/\/i0.wp.com\/ismaelcolosi.com.br\/wp-content\/uploads\/2024\/10\/prova-concurso-publico-3.jpg?fit=1200%2C800&ssl=1&resize=1050%2C600 3x"},"classes":[]},{"id":47788,"url":"https:\/\/ismaelcolosi.com.br\/index.php\/2024\/04\/28\/veja-quando-comecam-as-inscricoes-para-concurso-com-salarios-de-r-10-mil-no-interior-de-sp\/","url_meta":{"origin":69646,"position":1},"title":"Veja quando come\u00e7am as inscri\u00e7\u00f5es para concurso com sal\u00e1rios de R$ 10 mil no interior de SP","author":"ismaelcolosi.com.br","date":"28 de April de 2024","format":false,"excerpt":"As inscri\u00e7\u00f5es para o concurso da Prefeitura de Monte Alto, no interior de S\u00e3o Paulo, come\u00e7am nesta segunda-feira (29). S\u00e3o dois editais com 103 vagas e sal\u00e1rios de at\u00e9 R$ 10 mil. Al\u00e9m do sal\u00e1rio, a Prefeitura oferecer\u00e1 o benef\u00edcio de aux\u00edlio alimenta\u00e7\u00e3o no valor de R$ 1.000,00 (a informa\u00e7\u00e3o\u2026","rel":"","context":"In &quot;Not\u00edcias de Ribeir\u00e3o Preto-SP e Regi\u00e3o&quot;","block_context":{"text":"Not\u00edcias de Ribeir\u00e3o Preto-SP e Regi\u00e3o","link":"https:\/\/ismaelcolosi.com.br\/index.php\/category\/noticias-de-ribeirao-preto-sp-e-regiao-ismael-colosi\/"},"img":{"alt_text":"","src":"https:\/\/i0.wp.com\/ismaelcolosi.com.br\/wp-content\/uploads\/2024\/04\/concurso-publico-15.jpg?fit=1200%2C800&ssl=1&resize=350%2C200","width":350,"height":200,"srcset":"https:\/\/i0.wp.com\/ismaelcolosi.com.br\/wp-content\/uploads\/2024\/04\/concurso-publico-15.jpg?fit=1200%2C800&ssl=1&resize=350%2C200 1x, https:\/\/i0.wp.com\/ismaelcolosi.com.br\/wp-content\/uploads\/2024\/04\/concurso-publico-15.jpg?fit=1200%2C800&ssl=1&resize=525%2C300 1.5x, https:\/\/i0.wp.com\/ismaelcolosi.com.br\/wp-content\/uploads\/2024\/04\/concurso-publico-15.jpg?fit=1200%2C800&ssl=1&resize=700%2C400 2x, https:\/\/i0.wp.com\/ismaelcolosi.com.br\/wp-content\/uploads\/2024\/04\/concurso-publico-15.jpg?fit=1200%2C800&ssl=1&resize=1050%2C600 3x"},"classes":[]},{"id":52990,"url":"https:\/\/ismaelcolosi.com.br\/index.php\/2024\/06\/12\/prefeitura-do-interior-de-sp-abre-inscricoes-para-concurso-com-salarios-de-ate-r-7-mil\/","url_meta":{"origin":69646,"position":2},"title":"Prefeitura do interior de SP abre inscri\u00e7\u00f5es para concurso com sal\u00e1rios de at\u00e9 R$ 7 mil","author":"ismaelcolosi.com.br","date":"12 de June de 2024","format":false,"excerpt":"A Prefeitura de Guar\u00e1, cidade no interior de S\u00e3o Paulo, est\u00e1 com as inscri\u00e7\u00f5es abertas para concurso p\u00fablico com oito vagas, al\u00e9m de oportunidades para cadastro de reserva. As vagas s\u00e3o de n\u00edvel fundamental, m\u00e9dio e superior. Os sal\u00e1rios variam entre R$ 2 mil e R$ 7 mil. Para os\u2026","rel":"","context":"In &quot;Not\u00edcias de Ribeir\u00e3o Preto-SP e Regi\u00e3o&quot;","block_context":{"text":"Not\u00edcias de Ribeir\u00e3o Preto-SP e Regi\u00e3o","link":"https:\/\/ismaelcolosi.com.br\/index.php\/category\/noticias-de-ribeirao-preto-sp-e-regiao-ismael-colosi\/"},"img":{"alt_text":"","src":"https:\/\/i0.wp.com\/ismaelcolosi.com.br\/wp-content\/uploads\/2024\/06\/concurso-publico-6.jpg?fit=1200%2C800&ssl=1&resize=350%2C200","width":350,"height":200,"srcset":"https:\/\/i0.wp.com\/ismaelcolosi.com.br\/wp-content\/uploads\/2024\/06\/concurso-publico-6.jpg?fit=1200%2C800&ssl=1&resize=350%2C200 1x, https:\/\/i0.wp.com\/ismaelcolosi.com.br\/wp-content\/uploads\/2024\/06\/concurso-publico-6.jpg?fit=1200%2C800&ssl=1&resize=525%2C300 1.5x, https:\/\/i0.wp.com\/ismaelcolosi.com.br\/wp-content\/uploads\/2024\/06\/concurso-publico-6.jpg?fit=1200%2C800&ssl=1&resize=700%2C400 2x, https:\/\/i0.wp.com\/ismaelcolosi.com.br\/wp-content\/uploads\/2024\/06\/concurso-publico-6.jpg?fit=1200%2C800&ssl=1&resize=1050%2C600 3x"},"classes":[]},{"id":53315,"url":"https:\/\/ismaelcolosi.com.br\/index.php\/2024\/06\/15\/prefeitura-no-interior-de-sp-prorroga-inscricoes-em-concurso-com-salarios-de-ate-r-7-mil\/","url_meta":{"origin":69646,"position":3},"title":"Prefeitura no interior de SP prorroga inscri\u00e7\u00f5es em concurso com sal\u00e1rios de at\u00e9 R$ 7 mil","author":"ismaelcolosi.com.br","date":"15 de June de 2024","format":false,"excerpt":"O concurso p\u00fablico com vagas na Prefeitura de Guar\u00e1, munic\u00edpio do interior de S\u00e3o Paulo, ampliou o prazo de inscri\u00e7\u00f5es que se encerraria na pr\u00f3xima quinta-feira (20). O novo prazo \u00e9 o pr\u00f3ximo dia 30 de junho. As vagas, que totalizam dez, s\u00e3o para candidatos dos n\u00edveis fundamental e m\u00e9dio.\u2026","rel":"","context":"In &quot;Not\u00edcias de Ribeir\u00e3o Preto-SP e Regi\u00e3o&quot;","block_context":{"text":"Not\u00edcias de Ribeir\u00e3o Preto-SP e Regi\u00e3o","link":"https:\/\/ismaelcolosi.com.br\/index.php\/category\/noticias-de-ribeirao-preto-sp-e-regiao-ismael-colosi\/"},"img":{"alt_text":"","src":"https:\/\/i0.wp.com\/ismaelcolosi.com.br\/wp-content\/uploads\/2024\/05\/AnyConv.com__concurso-publico-5.webp.webp?fit=1200%2C800&ssl=1&resize=350%2C200","width":350,"height":200,"srcset":"https:\/\/i0.wp.com\/ismaelcolosi.com.br\/wp-content\/uploads\/2024\/05\/AnyConv.com__concurso-publico-5.webp.webp?fit=1200%2C800&ssl=1&resize=350%2C200 1x, https:\/\/i0.wp.com\/ismaelcolosi.com.br\/wp-content\/uploads\/2024\/05\/AnyConv.com__concurso-publico-5.webp.webp?fit=1200%2C800&ssl=1&resize=525%2C300 1.5x, https:\/\/i0.wp.com\/ismaelcolosi.com.br\/wp-content\/uploads\/2024\/05\/AnyConv.com__concurso-publico-5.webp.webp?fit=1200%2C800&ssl=1&resize=700%2C400 2x, https:\/\/i0.wp.com\/ismaelcolosi.com.br\/wp-content\/uploads\/2024\/05\/AnyConv.com__concurso-publico-5.webp.webp?fit=1200%2C800&ssl=1&resize=1050%2C600 3x"},"classes":[]},{"id":44840,"url":"https:\/\/ismaelcolosi.com.br\/index.php\/2024\/03\/31\/inscricoes-para-concurso-publico-do-hc-de-ribeirao-terminam-nesta-segunda-feira\/","url_meta":{"origin":69646,"position":4},"title":"Inscri\u00e7\u00f5es para concurso p\u00fablico do HC de Ribeir\u00e3o terminam nesta segunda-feira","author":"ismaelcolosi.com.br","date":"31 de March de 2024","format":false,"excerpt":"As inscri\u00e7\u00f5es para os concursos p\u00fablicos do Hospital das Cl\u00ednicas de Ribeir\u00e3o Preto para seis vagas de n\u00edvel t\u00e9cnico e superior, terminam nesta segunda-feira (1\u00ba). As vagas s\u00e3o para agentes t\u00e9cnicos de assist\u00eancia \u00e0 sa\u00fade (fonoaudi\u00f3logo), engenheiro de seguran\u00e7a do trabalho e agente de sa\u00fade. Os sal\u00e1rios variam entre R$\u2026","rel":"","context":"In &quot;Not\u00edcias de Ribeir\u00e3o Preto-SP e Regi\u00e3o&quot;","block_context":{"text":"Not\u00edcias de Ribeir\u00e3o Preto-SP e Regi\u00e3o","link":"https:\/\/ismaelcolosi.com.br\/index.php\/category\/noticias-de-ribeirao-preto-sp-e-regiao-ismael-colosi\/"},"img":{"alt_text":"","src":"https:\/\/i0.wp.com\/ismaelcolosi.com.br\/wp-content\/uploads\/2024\/03\/concurso_publico_500x320_26052018171840.jpg?fit=500%2C322&ssl=1&resize=350%2C200","width":350,"height":200},"classes":[]},{"id":72556,"url":"https:\/\/ismaelcolosi.com.br\/index.php\/2024\/10\/22\/cidade-na-regiao-de-ribeirao-preto-tem-concurso-publico-com-salarios-de-r-4-mil\/","url_meta":{"origin":69646,"position":5},"title":"Cidade na regi\u00e3o de Ribeir\u00e3o Preto tem concurso p\u00fablico com sal\u00e1rios de R$ 4 mil","author":"ismaelcolosi.com.br","date":"22 de October de 2024","format":false,"excerpt":"A Prefeitura de Santo Ant\u00f4nio da Alegria, na regi\u00e3o de Ribeir\u00e3o Preto, est\u00e1 com as inscri\u00e7\u00f5es abertas de concurso p\u00fablico com 14 vagas, al\u00e9m de oportunidades para o cadastro de reserva. Os sal\u00e1rios para os cargos variam entre R$ 1,4 mil e R$ 4,5 mil. As inscri\u00e7\u00f5es devem ser realizadas\u2026","rel":"","context":"In &quot;Not\u00edcias de Ribeir\u00e3o Preto-SP e Regi\u00e3o&quot;","block_context":{"text":"Not\u00edcias de Ribeir\u00e3o Preto-SP e Regi\u00e3o","link":"https:\/\/ismaelcolosi.com.br\/index.php\/category\/noticias-de-ribeirao-preto-sp-e-regiao-ismael-colosi\/"},"img":{"alt_text":"","src":"https:\/\/i0.wp.com\/ismaelcolosi.com.br\/wp-content\/uploads\/2024\/05\/Copia-de-Copia-de-TAMANHO-EXATO-PARA-FOTOS-NO-SISTEMA-NOVO-33_2024-05-23_13-39-05_jpg_2024-05-23_13-39-05.webp.webp?fit=1200%2C675&ssl=1&resize=350%2C200","width":350,"height":200,"srcset":"https:\/\/i0.wp.com\/ismaelcolosi.com.br\/wp-content\/uploads\/2024\/05\/Copia-de-Copia-de-TAMANHO-EXATO-PARA-FOTOS-NO-SISTEMA-NOVO-33_2024-05-23_13-39-05_jpg_2024-05-23_13-39-05.webp.webp?fit=1200%2C675&ssl=1&resize=350%2C200 1x, https:\/\/i0.wp.com\/ismaelcolosi.com.br\/wp-content\/uploads\/2024\/05\/Copia-de-Copia-de-TAMANHO-EXATO-PARA-FOTOS-NO-SISTEMA-NOVO-33_2024-05-23_13-39-05_jpg_2024-05-23_13-39-05.webp.webp?fit=1200%2C675&ssl=1&resize=525%2C300 1.5x, https:\/\/i0.wp.com\/ismaelcolosi.com.br\/wp-content\/uploads\/2024\/05\/Copia-de-Copia-de-TAMANHO-EXATO-PARA-FOTOS-NO-SISTEMA-NOVO-33_2024-05-23_13-39-05_jpg_2024-05-23_13-39-05.webp.webp?fit=1200%2C675&ssl=1&resize=700%2C400 2x, https:\/\/i0.wp.com\/ismaelcolosi.com.br\/wp-content\/uploads\/2024\/05\/Copia-de-Copia-de-TAMANHO-EXATO-PARA-FOTOS-NO-SISTEMA-NOVO-33_2024-05-23_13-39-05_jpg_2024-05-23_13-39-05.webp.webp?fit=1200%2C675&ssl=1&resize=1050%2C600 3x"},"classes":[]}],"jetpack_sharing_enabled":true,"jetpack_shortlink":"https:\/\/wp.me\/pfMlyK-i7k","_links":{"self":[{"href":"https:\/\/ismaelcolosi.com.br\/index.php\/wp-json\/wp\/v2\/posts\/69646","targetHints":{"allow":["GET"]}}],"collection":[{"href":"https:\/\/ismaelcolosi.com.br\/index.php\/wp-json\/wp\/v2\/posts"}],"about":[{"href":"https:\/\/ismaelcolosi.com.br\/index.php\/wp-json\/wp\/v2\/types\/post"}],"author":[{"embeddable":true,"href":"https:\/\/ismaelcolosi.com.br\/index.php\/wp-json\/wp\/v2\/users\/1"}],"replies":[{"embeddable":true,"href":"https:\/\/ismaelcolosi.com.br\/index.php\/wp-json\/wp\/v2\/comments?post=69646"}],"version-history":[{"count":0,"href":"https:\/\/ismaelcolosi.com.br\/index.php\/wp-json\/wp\/v2\/posts\/69646\/revisions"}],"wp:featuredmedia":[{"embeddable":true,"href":"https:\/\/ismaelcolosi.com.br\/index.php\/wp-json\/wp\/v2\/media\/59877"}],"wp:attachment":[{"href":"https:\/\/ismaelcolosi.com.br\/index.php\/wp-json\/wp\/v2\/media?parent=69646"}],"wp:term":[{"taxonomy":"category","embeddable":true,"href":"https:\/\/ismaelcolosi.com.br\/index.php\/wp-json\/wp\/v2\/categories?post=69646"},{"taxonomy":"post_tag","embeddable":true,"href":"https:\/\/ismaelcolosi.com.br\/index.php\/wp-json\/wp\/v2\/tags?post=69646"}],"curies":[{"name":"wp","href":"https:\/\/api.w.org\/{rel}","templated":true}]}}