{"id":69639,"date":"2024-10-07T10:15:15","date_gmt":"2024-10-07T13:15:15","guid":{"rendered":"https:\/\/ismaelcolosi.com.br\/index.php\/2024\/10\/07\/incendio-volta-a-atingir-reserva-ecologica-na-regiao-de-ribeirao-preto-video\/"},"modified":"2024-10-07T10:15:15","modified_gmt":"2024-10-07T13:15:15","slug":"incendio-volta-a-atingir-reserva-ecologica-na-regiao-de-ribeirao-preto-video","status":"publish","type":"post","link":"https:\/\/ismaelcolosi.com.br\/index.php\/2024\/10\/07\/incendio-volta-a-atingir-reserva-ecologica-na-regiao-de-ribeirao-preto-video\/","title":{"rendered":"Inc\u00eandio volta a atingir reserva ecol\u00f3gica na regi\u00e3o de Ribeir\u00e3o Preto; V\u00eddeo"},"content":{"rendered":"<p> <br \/>\n<\/p>\n<p><strong>A Defesa Civil de S\u00e3o Paulo informou que a Esta\u00e7\u00e3o Ecol\u00f3gica Jata\u00ed voltou a ser atingida pelo fogo em Luiz Ant\u00f4nio, na regi\u00e3o de Ribeir\u00e3o Preto.<\/strong><\/p>\n<p>Imagens mostram as chamas nas proximidades da cidade. Assista ao v\u00eddeo abaixo.<\/p>\n<p>Segundo informa\u00e7\u00f5es, parte da sede da Funda\u00e7\u00e3o Florestal teve de ser evacuada neste domingo (6). Apesar do susto, n\u00e3o houve registro de v\u00edtimas.<\/p>\n<p>Equipes atuam no local para conter o fogo.<\/p>\n<p>De acordo com a <strong>Defesa Civil<\/strong>, nesta segunda (7) h\u00e1 apenas este inc\u00eandio em andamento em todo o estado de S\u00e3o Paulo.<\/p>\n<blockquote class=\"instagram-media\" data-instgrm-permalink=\"https:\/\/www.instagram.com\/reel\/DA0t96aRNm6\/?utm_source=ig_embed&amp;utm_campaign=loading\" data-instgrm-version=\"14\" style=\"background:#FFF;border:0;border-radius:3px;margin: 1px;max-width:540px;min-width:326px;padding:0;width:99.375%;width:-webkit-calc(100% - 2px);width:calc(100% - 2px)\">\n<div style=\"padding:16px\"> <a href=\"https:\/\/www.instagram.com\/reel\/DA0t96aRNm6\/?utm_source=ig_embed&amp;utm_campaign=loading\" style=\"background:#FFFFFF;line-height:0;padding:0 0;text-align:center;text-decoration:none;width:100%\" target=\"_blank\" rel=\"noopener\"> <\/p>\n<div style=\"flex-direction: row;align-items: center\">\n<div style=\"background-color: #F4F4F4;border-radius: 50%;flex-grow: 0;height: 40px;margin-right: 14px;width: 40px\"><\/div>\n<div style=\"flex-direction: column;flex-grow: 1;justify-content: center\">\n<div style=\"background-color: #F4F4F4;border-radius: 4px;flex-grow: 0;height: 14px;margin-bottom: 6px;width: 100px\"><\/div>\n<div style=\"background-color: #F4F4F4;border-radius: 4px;flex-grow: 0;height: 14px;width: 60px\"><\/div>\n<\/div>\n<\/div>\n<div style=\"padding: 19% 0\"><\/div>\n<div style=\"height:50px;margin:0 auto 12px;width:50px\"><\/div>\n<div style=\"padding-top: 8px\">\n<div style=\"color:#3897f0;font-family:Arial,sans-serif;font-size:14px;font-style:normal;font-weight:550;line-height:18px\">Ver essa foto no Instagram<\/div>\n<\/div>\n<div style=\"padding: 12.5% 0\"><\/div>\n<div style=\"flex-direction: row;margin-bottom: 14px;align-items: center\">\n<div>\n<div style=\"background-color: #F4F4F4;border-radius: 50%;height: 12.5px;width: 12.5px\"><\/div>\n<div style=\"background-color: #F4F4F4;height: 12.5px;width: 12.5px;flex-grow: 0;margin-right: 14px;margin-left: 2px\"><\/div>\n<div style=\"background-color: #F4F4F4;border-radius: 50%;height: 12.5px;width: 12.5px\"><\/div>\n<\/div>\n<div style=\"margin-left: 8px\">\n<div style=\"background-color: #F4F4F4;border-radius: 50%;flex-grow: 0;height: 20px;width: 20px\"><\/div>\n<div style=\"width: 0;height: 0;border-top: 2px solid transparent;border-left: 6px solid #f4f4f4;border-bottom: 2px solid transparent\"><\/div>\n<\/div>\n<div style=\"margin-left: auto\">\n<div style=\"width: 0px;border-top: 8px solid #F4F4F4;border-right: 8px solid transparent\"><\/div>\n<div style=\"background-color: #F4F4F4;flex-grow: 0;height: 12px;width: 16px\"><\/div>\n<div style=\"width: 0;height: 0;border-top: 8px solid #F4F4F4;border-left: 8px solid transparent\"><\/div>\n<\/div>\n<\/div>\n<div style=\"flex-direction: column;flex-grow: 1;justify-content: center;margin-bottom: 24px\">\n<div style=\"background-color: #F4F4F4;border-radius: 4px;flex-grow: 0;height: 14px;margin-bottom: 6px;width: 224px\"><\/div>\n<div style=\"background-color: #F4F4F4;border-radius: 4px;flex-grow: 0;height: 14px;width: 144px\"><\/div>\n<\/div>\n<p><\/a><\/p>\n<p style=\"color:#c9c8cd;font-family:Arial,sans-serif;font-size:14px;line-height:17px;margin-bottom:0;margin-top:8px;overflow:hidden;padding:8px 0 7px;text-align:center\"><a href=\"https:\/\/www.instagram.com\/reel\/DA0t96aRNm6\/?utm_source=ig_embed&amp;utm_campaign=loading\" style=\"color:#c9c8cd;font-family:Arial,sans-serif;font-size:14px;font-style:normal;font-weight:normal;line-height:17px;text-decoration:none\" target=\"_blank\" rel=\"noopener\">Uma publica\u00e7\u00e3o compartilhada por acidade on Ribeir\u00e3o (@acidadeonribeirao)<\/a><\/p>\n<\/div>\n<\/blockquote>\n<p>SAIBA MAIS<\/p>\n<p>Frente fria chega nesta semana e interior de SP tem previs\u00e3o de chuva forte<\/p>\n<h4 class=\"wp-block-heading\"><strong>FIQUE ON<\/strong><\/h4>\n<p>Fique ligado em tudo que acontece em Ribeir\u00e3o Preto e regi\u00e3o. Siga os perfis do&nbsp;<strong>acidade on&nbsp;<\/strong>no&nbsp;<a href=\"https:\/\/www.instagram.com\/acidadeonribeirao\" target=\"_blank\" rel=\"noreferrer noopener\">Instagram<\/a>&nbsp;e no&nbsp;<a href=\"https:\/\/www.facebook.com\/acidadeonribeirao\/\" target=\"_blank\" rel=\"noreferrer noopener\">Facebook<\/a>.<\/p>\n<p>Receba not\u00edcias do&nbsp;<strong>acidade on<\/strong>&nbsp;no WhatsApp.&nbsp;<a href=\"https:\/\/chat.whatsapp.com\/Fg4ok3aAVyB59DP63pRapr\" target=\"_blank\" rel=\"noreferrer noopener\">Para entrar no grupo, basta clicar aqui.<\/a><\/p>\n<p>Fa\u00e7a uma den\u00fancia ou sugira uma reportagem sobre Ribeir\u00e3o Preto e regi\u00e3o pelo WhatsApp: 16 99117 7802.<\/p>\n<p>VEJA TAMB\u00c9M<\/p>\n<p>Quando \u00e9 o segundo turno das elei\u00e7\u00f5es 2024?<\/p>\n<p>O post Inc\u00eandio volta a atingir reserva ecol\u00f3gica na regi\u00e3o de Ribeir\u00e3o Preto; V\u00eddeo apareceu primeiro em ACidade ON Ribeir\u00e3o Preto.<\/p>\n<p><script async src=\"\/\/www.instagram.com\/embed.js\"><\/script><br \/>\n<br \/><br \/>\n<br \/><a href=\"https:\/\/www.acidadeon.com\/ribeiraopreto\/cotidiano\/incendio-volta-a-atingir-reserva-ecologica-na-regiao-ribeirao-preto-video\/\">Source link <\/a><\/p>\n<div class='code-block code-block-4' style='margin: 8px auto 8px 0; text-align: left; display: block; clear: both;'>\n\ud83d\udce2 Aviso Legal\n\nO site ismaelcolosi.com.br atua apenas como um canal de divulga\u00e7\u00e3o de oportunidades de emprego e n\u00e3o se responsabiliza pelo processo seletivo, contrata\u00e7\u00e3o ou qualquer outra etapa relacionada \u00e0s vagas publicadas. Todas as informa\u00e7\u00f5es s\u00e3o de responsabilidade dos anunciantes.\n\n\u26a0\ufe0f Aten\u00e7\u00e3o! Nunca pague por promessas de emprego nem compre cursos que garantam contrata\u00e7\u00e3o. Desconfie de qualquer cobran\u00e7a para participar de sele\u00e7\u00f5es.\n\n\n\n<\/div>\n<!-- CONTENT END 1 -->\n","protected":false},"excerpt":{"rendered":"<p>A Defesa Civil de S\u00e3o Paulo informou que a Esta\u00e7\u00e3o Ecol\u00f3gica Jata\u00ed voltou a ser atingida pelo fogo em Luiz Ant\u00f4nio, na regi\u00e3o de Ribeir\u00e3o&#8230;<\/p>\n","protected":false},"author":1,"featured_media":69640,"comment_status":"open","ping_status":"open","sticky":false,"template":"","format":"standard","meta":{"_uag_custom_page_level_css":"","advanced_seo_description":"","jetpack_seo_html_title":"","jetpack_seo_noindex":false,"jetpack_post_was_ever_published":false,"_jetpack_newsletter_access":"","_jetpack_dont_email_post_to_subs":false,"_jetpack_newsletter_tier_id":0,"_jetpack_memberships_contains_paywalled_content":false,"_jetpack_memberships_contains_paid_content":false,"footnotes":"","jetpack_publicize_message":"","jetpack_publicize_feature_enabled":true,"jetpack_social_post_already_shared":true,"jetpack_social_options":{"image_generator_settings":{"template":"highway","default_image_id":0,"font":"","enabled":false},"version":2}},"categories":[11],"tags":[],"class_list":["post-69639","post","type-post","status-publish","format-standard","has-post-thumbnail","hentry","category-noticias-de-ribeirao-preto-sp-e-regiao-ismael-colosi"],"jetpack_publicize_connections":[],"jetpack_featured_media_url":"https:\/\/i0.wp.com\/ismaelcolosi.com.br\/wp-content\/uploads\/2024\/10\/INCENDIO_2024-10-07_13-08-44_jpg_2024-10-07_13-08-45.webp.webp?fit=2000%2C1105&ssl=1","uagb_featured_image_src":{"full":["https:\/\/i0.wp.com\/ismaelcolosi.com.br\/wp-content\/uploads\/2024\/10\/INCENDIO_2024-10-07_13-08-44_jpg_2024-10-07_13-08-45.webp.webp?fit=2000%2C1105&ssl=1",2000,1105,false],"thumbnail":["https:\/\/i0.wp.com\/ismaelcolosi.com.br\/wp-content\/uploads\/2024\/10\/INCENDIO_2024-10-07_13-08-44_jpg_2024-10-07_13-08-45.webp.webp?resize=150%2C150&ssl=1",150,150,true],"medium":["https:\/\/i0.wp.com\/ismaelcolosi.com.br\/wp-content\/uploads\/2024\/10\/INCENDIO_2024-10-07_13-08-44_jpg_2024-10-07_13-08-45.webp.webp?fit=300%2C166&ssl=1",300,166,true],"medium_large":["https:\/\/i0.wp.com\/ismaelcolosi.com.br\/wp-content\/uploads\/2024\/10\/INCENDIO_2024-10-07_13-08-44_jpg_2024-10-07_13-08-45.webp.webp?fit=768%2C424&ssl=1",768,424,true],"large":["https:\/\/i0.wp.com\/ismaelcolosi.com.br\/wp-content\/uploads\/2024\/10\/INCENDIO_2024-10-07_13-08-44_jpg_2024-10-07_13-08-45.webp.webp?fit=1024%2C566&ssl=1",1024,566,true],"1536x1536":["https:\/\/i0.wp.com\/ismaelcolosi.com.br\/wp-content\/uploads\/2024\/10\/INCENDIO_2024-10-07_13-08-44_jpg_2024-10-07_13-08-45.webp.webp?fit=1536%2C849&ssl=1",1536,849,true],"2048x2048":["https:\/\/i0.wp.com\/ismaelcolosi.com.br\/wp-content\/uploads\/2024\/10\/INCENDIO_2024-10-07_13-08-44_jpg_2024-10-07_13-08-45.webp.webp?fit=2000%2C1105&ssl=1",2000,1105,true],"really-simple-thumb":["https:\/\/i0.wp.com\/ismaelcolosi.com.br\/wp-content\/uploads\/2024\/10\/INCENDIO_2024-10-07_13-08-44_jpg_2024-10-07_13-08-45.webp.webp?resize=370%2C247&ssl=1",370,247,true]},"uagb_author_info":{"display_name":"ismaelcolosi.com.br","author_link":"https:\/\/ismaelcolosi.com.br\/index.php\/author\/vidareal-online\/"},"uagb_comment_info":0,"uagb_excerpt":"A Defesa Civil de S\u00e3o Paulo informou que a Esta\u00e7\u00e3o Ecol\u00f3gica Jata\u00ed voltou a ser atingida pelo fogo em Luiz Ant\u00f4nio, na regi\u00e3o de Ribeir\u00e3o...","jetpack-related-posts":[{"id":68368,"url":"https:\/\/ismaelcolosi.com.br\/index.php\/2024\/09\/29\/governo-de-sp-mobiliza-contingente-para-combater-incendio-na-regiao-de-ribeirao\/","url_meta":{"origin":69639,"position":0},"title":"Governo de SP mobiliza contingente para combater inc\u00eandio na regi\u00e3o de Ribeir\u00e3o","author":"ismaelcolosi.com.br","date":"29 de September de 2024","format":false,"excerpt":"O Governo de S\u00e3o Paulo informou, neste domingo (29), que mobiliza um contingente duas vezes maior que o de 2020 e 2021 para combater um inc\u00eandio na Esta\u00e7\u00e3o Ecol\u00f3gica do Jata\u00ed, em Luiz Ant\u00f4nio, na regi\u00e3o de Ribeir\u00e3o Preto. Na manh\u00e3 deste s\u00e1bado (28), o fogo atingiu uma \u00e1rea da\u2026","rel":"","context":"In &quot;Not\u00edcias de Ribeir\u00e3o Preto-SP e Regi\u00e3o&quot;","block_context":{"text":"Not\u00edcias de Ribeir\u00e3o Preto-SP e Regi\u00e3o","link":"https:\/\/ismaelcolosi.com.br\/index.php\/category\/noticias-de-ribeirao-preto-sp-e-regiao-ismael-colosi\/"},"img":{"alt_text":"","src":"https:\/\/i0.wp.com\/ismaelcolosi.com.br\/wp-content\/uploads\/2024\/09\/WhatsApp-Image-2024-09-29-at-11.49.00_2024-09-29_15-59-32_jpeg_2024-09-29_15-59-33.webp.webp?fit=1200%2C800&ssl=1&resize=350%2C200","width":350,"height":200,"srcset":"https:\/\/i0.wp.com\/ismaelcolosi.com.br\/wp-content\/uploads\/2024\/09\/WhatsApp-Image-2024-09-29-at-11.49.00_2024-09-29_15-59-32_jpeg_2024-09-29_15-59-33.webp.webp?fit=1200%2C800&ssl=1&resize=350%2C200 1x, https:\/\/i0.wp.com\/ismaelcolosi.com.br\/wp-content\/uploads\/2024\/09\/WhatsApp-Image-2024-09-29-at-11.49.00_2024-09-29_15-59-32_jpeg_2024-09-29_15-59-33.webp.webp?fit=1200%2C800&ssl=1&resize=525%2C300 1.5x, https:\/\/i0.wp.com\/ismaelcolosi.com.br\/wp-content\/uploads\/2024\/09\/WhatsApp-Image-2024-09-29-at-11.49.00_2024-09-29_15-59-32_jpeg_2024-09-29_15-59-33.webp.webp?fit=1200%2C800&ssl=1&resize=700%2C400 2x, https:\/\/i0.wp.com\/ismaelcolosi.com.br\/wp-content\/uploads\/2024\/09\/WhatsApp-Image-2024-09-29-at-11.49.00_2024-09-29_15-59-32_jpeg_2024-09-29_15-59-33.webp.webp?fit=1200%2C800&ssl=1&resize=1050%2C600 3x"},"classes":[]},{"id":67443,"url":"https:\/\/ismaelcolosi.com.br\/index.php\/2024\/09\/23\/helicoptero-e-utilizado-no-combate-a-incendio-na-regiao-de-ribeirao-preto-veja-o-video\/","url_meta":{"origin":69639,"position":1},"title":"Helic\u00f3ptero \u00e9 utilizado no combate a inc\u00eandio na regi\u00e3o de Ribeir\u00e3o Preto; Veja o v\u00eddeo","author":"ismaelcolosi.com.br","date":"23 de September de 2024","format":false,"excerpt":"A Defesa Civil de S\u00e3o Paulo segue nesta segunda-feira (23) no combate a um inc\u00eandio em Cajuru, na regi\u00e3o de Ribeir\u00e3o Preto \u2013 veja o v\u00eddeo abaixo. Um helic\u00f3ptero est\u00e1 sendo utilizado no combate ao fogo. N\u00e3o h\u00e1 informa\u00e7\u00f5es sobre feridos. VEJA O V\u00cdDEO Segundo o \u00f3rg\u00e3o, o Estado de\u2026","rel":"","context":"In &quot;Not\u00edcias de Ribeir\u00e3o Preto-SP e Regi\u00e3o&quot;","block_context":{"text":"Not\u00edcias de Ribeir\u00e3o Preto-SP e Regi\u00e3o","link":"https:\/\/ismaelcolosi.com.br\/index.php\/category\/noticias-de-ribeirao-preto-sp-e-regiao-ismael-colosi\/"},"img":{"alt_text":"","src":"https:\/\/i0.wp.com\/ismaelcolosi.com.br\/wp-content\/uploads\/2024\/09\/cajuru-fogo_2024-09-23_17-04-50_jpg_2024-09-23_17-04-50.webp.webp?fit=1200%2C744&ssl=1&resize=350%2C200","width":350,"height":200,"srcset":"https:\/\/i0.wp.com\/ismaelcolosi.com.br\/wp-content\/uploads\/2024\/09\/cajuru-fogo_2024-09-23_17-04-50_jpg_2024-09-23_17-04-50.webp.webp?fit=1200%2C744&ssl=1&resize=350%2C200 1x, https:\/\/i0.wp.com\/ismaelcolosi.com.br\/wp-content\/uploads\/2024\/09\/cajuru-fogo_2024-09-23_17-04-50_jpg_2024-09-23_17-04-50.webp.webp?fit=1200%2C744&ssl=1&resize=525%2C300 1.5x, https:\/\/i0.wp.com\/ismaelcolosi.com.br\/wp-content\/uploads\/2024\/09\/cajuru-fogo_2024-09-23_17-04-50_jpg_2024-09-23_17-04-50.webp.webp?fit=1200%2C744&ssl=1&resize=700%2C400 2x, https:\/\/i0.wp.com\/ismaelcolosi.com.br\/wp-content\/uploads\/2024\/09\/cajuru-fogo_2024-09-23_17-04-50_jpg_2024-09-23_17-04-50.webp.webp?fit=1200%2C744&ssl=1&resize=1050%2C600 3x"},"classes":[]},{"id":62120,"url":"https:\/\/ismaelcolosi.com.br\/index.php\/2024\/08\/25\/regiao-de-ribeirao-preto-tem-mais-de-200-familias-desabrigadas-por-conta-do-fogo\/","url_meta":{"origin":69639,"position":2},"title":"Regi\u00e3o de Ribeir\u00e3o Preto tem mais de 200 fam\u00edlias desabrigadas por conta do fogo","author":"ismaelcolosi.com.br","date":"25 de August de 2024","format":false,"excerpt":"O gabinete de crise criado pelo Governo de S\u00e3o Paulo para a\u00e7\u00f5es contra os inc\u00eandios informou que 270 fam\u00edlias de Prad\u00f3polis, na regi\u00e3o de Ribeir\u00e3o Preto, ficaram desabrigadas por conta do fogo. De acordo com o gabinete de crise, a Defesa Civil e o Fundo Social do Estado enviaram ajuda\u2026","rel":"","context":"In &quot;Not\u00edcias de Ribeir\u00e3o Preto-SP e Regi\u00e3o&quot;","block_context":{"text":"Not\u00edcias de Ribeir\u00e3o Preto-SP e Regi\u00e3o","link":"https:\/\/ismaelcolosi.com.br\/index.php\/category\/noticias-de-ribeirao-preto-sp-e-regiao-ismael-colosi\/"},"img":{"alt_text":"","src":"https:\/\/i0.wp.com\/ismaelcolosi.com.br\/wp-content\/uploads\/2024\/08\/incendio-leo-gomes_2024-08-23_20-31-31_jpg_2024-08-23_20-31-31.webp.webp?fit=861%2C586&ssl=1&resize=350%2C200","width":350,"height":200,"srcset":"https:\/\/i0.wp.com\/ismaelcolosi.com.br\/wp-content\/uploads\/2024\/08\/incendio-leo-gomes_2024-08-23_20-31-31_jpg_2024-08-23_20-31-31.webp.webp?fit=861%2C586&ssl=1&resize=350%2C200 1x, https:\/\/i0.wp.com\/ismaelcolosi.com.br\/wp-content\/uploads\/2024\/08\/incendio-leo-gomes_2024-08-23_20-31-31_jpg_2024-08-23_20-31-31.webp.webp?fit=861%2C586&ssl=1&resize=525%2C300 1.5x, https:\/\/i0.wp.com\/ismaelcolosi.com.br\/wp-content\/uploads\/2024\/08\/incendio-leo-gomes_2024-08-23_20-31-31_jpg_2024-08-23_20-31-31.webp.webp?fit=861%2C586&ssl=1&resize=700%2C400 2x"},"classes":[]},{"id":69307,"url":"https:\/\/ismaelcolosi.com.br\/index.php\/2024\/10\/04\/apos-uma-semana-incendio-e-extinto-em-reserva-ecologica-na-regiao-de-ribeirao\/","url_meta":{"origin":69639,"position":3},"title":"Ap\u00f3s uma semana: Inc\u00eandio \u00e9 extinto em reserva ecol\u00f3gica na regi\u00e3o de Ribeir\u00e3o","author":"ismaelcolosi.com.br","date":"4 de October de 2024","format":false,"excerpt":"A Defesa Civil de S\u00e3o Paulo informou nesta sexta-feira (4) que n\u00e3o foram detectados focos de inc\u00eandio na reserva da Esta\u00e7\u00e3o Ecol\u00f3gica Jata\u00ed, em Luiz Ant\u00f4nio, na regi\u00e3o de Ribeir\u00e3o Preto. O inc\u00eandio de grandes propor\u00e7\u00f5es que atingiu a reserva come\u00e7ou h\u00e1 uma semana. De acordo com a Defesa Civil,\u2026","rel":"","context":"In &quot;Not\u00edcias de Ribeir\u00e3o Preto-SP e Regi\u00e3o&quot;","block_context":{"text":"Not\u00edcias de Ribeir\u00e3o Preto-SP e Regi\u00e3o","link":"https:\/\/ismaelcolosi.com.br\/index.php\/category\/noticias-de-ribeirao-preto-sp-e-regiao-ismael-colosi\/"},"img":{"alt_text":"","src":"https:\/\/i0.wp.com\/ismaelcolosi.com.br\/wp-content\/uploads\/2024\/10\/reserva-jatai_2024-10-04_18-35-16_jpeg_2024-10-04_18-35-16.webp.webp?fit=1200%2C540&ssl=1&resize=350%2C200","width":350,"height":200,"srcset":"https:\/\/i0.wp.com\/ismaelcolosi.com.br\/wp-content\/uploads\/2024\/10\/reserva-jatai_2024-10-04_18-35-16_jpeg_2024-10-04_18-35-16.webp.webp?fit=1200%2C540&ssl=1&resize=350%2C200 1x, https:\/\/i0.wp.com\/ismaelcolosi.com.br\/wp-content\/uploads\/2024\/10\/reserva-jatai_2024-10-04_18-35-16_jpeg_2024-10-04_18-35-16.webp.webp?fit=1200%2C540&ssl=1&resize=525%2C300 1.5x, https:\/\/i0.wp.com\/ismaelcolosi.com.br\/wp-content\/uploads\/2024\/10\/reserva-jatai_2024-10-04_18-35-16_jpeg_2024-10-04_18-35-16.webp.webp?fit=1200%2C540&ssl=1&resize=700%2C400 2x, https:\/\/i0.wp.com\/ismaelcolosi.com.br\/wp-content\/uploads\/2024\/10\/reserva-jatai_2024-10-04_18-35-16_jpeg_2024-10-04_18-35-16.webp.webp?fit=1200%2C540&ssl=1&resize=1050%2C600 3x"},"classes":[]},{"id":68718,"url":"https:\/\/ismaelcolosi.com.br\/index.php\/2024\/10\/01\/saiba-o-que-e-o-produto-vermelho-jogado-por-avioes-em-incendio-na-regiao-de-ribeirao\/","url_meta":{"origin":69639,"position":4},"title":"Saiba o que \u00e9 o produto vermelho jogado por avi\u00f5es em inc\u00eandio na regi\u00e3o de Ribeir\u00e3o","author":"ismaelcolosi.com.br","date":"1 de October de 2024","format":false,"excerpt":"A Defesa Civil de S\u00e3o Paulo informou que utiliza um produto retardante de chamas no combate ao inc\u00eandio da reserva Jata\u00ed, em Luiz Ant\u00f4nio, na regi\u00e3o de Ribeir\u00e3o Preto. Segundo o governo estadual, o produto \u00e9 capaz de apagar o fogo cinco vezes mais r\u00e1pido que o uso da \u00e1gua.\u2026","rel":"","context":"In &quot;Not\u00edcias de Ribeir\u00e3o Preto-SP e Regi\u00e3o&quot;","block_context":{"text":"Not\u00edcias de Ribeir\u00e3o Preto-SP e Regi\u00e3o","link":"https:\/\/ismaelcolosi.com.br\/index.php\/category\/noticias-de-ribeirao-preto-sp-e-regiao-ismael-colosi\/"},"img":{"alt_text":"","src":"https:\/\/i0.wp.com\/ismaelcolosi.com.br\/wp-content\/uploads\/2024\/10\/reserva-jatai_2024-10-01_20-12-33_jpg_2024-10-01_20-12-33.webp.webp?fit=1200%2C690&ssl=1&resize=350%2C200","width":350,"height":200,"srcset":"https:\/\/i0.wp.com\/ismaelcolosi.com.br\/wp-content\/uploads\/2024\/10\/reserva-jatai_2024-10-01_20-12-33_jpg_2024-10-01_20-12-33.webp.webp?fit=1200%2C690&ssl=1&resize=350%2C200 1x, https:\/\/i0.wp.com\/ismaelcolosi.com.br\/wp-content\/uploads\/2024\/10\/reserva-jatai_2024-10-01_20-12-33_jpg_2024-10-01_20-12-33.webp.webp?fit=1200%2C690&ssl=1&resize=525%2C300 1.5x, https:\/\/i0.wp.com\/ismaelcolosi.com.br\/wp-content\/uploads\/2024\/10\/reserva-jatai_2024-10-01_20-12-33_jpg_2024-10-01_20-12-33.webp.webp?fit=1200%2C690&ssl=1&resize=700%2C400 2x, https:\/\/i0.wp.com\/ismaelcolosi.com.br\/wp-content\/uploads\/2024\/10\/reserva-jatai_2024-10-01_20-12-33_jpg_2024-10-01_20-12-33.webp.webp?fit=1200%2C690&ssl=1&resize=1050%2C600 3x"},"classes":[]},{"id":63096,"url":"https:\/\/ismaelcolosi.com.br\/index.php\/2024\/08\/30\/incendio-destroi-parte-de-mata-na-zona-leste-de-ribeirao-veja-imagens-aereas\/","url_meta":{"origin":69639,"position":5},"title":"Inc\u00eandio destr\u00f3i parte de mata na zona Leste de Ribeir\u00e3o; Veja imagens a\u00e9reas","author":"ismaelcolosi.com.br","date":"30 de August de 2024","format":false,"excerpt":"Um inc\u00eandio de grandes propor\u00e7\u00f5es destruiu parte de uma reserva florestal localizada no Parque dos Flamboyans, na zona Leste de Ribeir\u00e3o Preto, no come\u00e7o da tarde desta sexta-feira (30) \u2013 veja as imagens a\u00e9reas logo abaixo. De acordo com a Guarda Civil Metropolitana (GCM) de Ribeir\u00e3o Preto, o inc\u00eandio foi\u2026","rel":"","context":"In &quot;Not\u00edcias de Ribeir\u00e3o Preto-SP e Regi\u00e3o&quot;","block_context":{"text":"Not\u00edcias de Ribeir\u00e3o Preto-SP e Regi\u00e3o","link":"https:\/\/ismaelcolosi.com.br\/index.php\/category\/noticias-de-ribeirao-preto-sp-e-regiao-ismael-colosi\/"},"img":{"alt_text":"","src":"https:\/\/i0.wp.com\/ismaelcolosi.com.br\/wp-content\/uploads\/2024\/08\/WhatsApp-Image-2024-08-30-at-18.18.00_2024-08-30_21-42-45_jpeg_2024-08-30_21-42-46.webp.webp?fit=1200%2C675&ssl=1&resize=350%2C200","width":350,"height":200,"srcset":"https:\/\/i0.wp.com\/ismaelcolosi.com.br\/wp-content\/uploads\/2024\/08\/WhatsApp-Image-2024-08-30-at-18.18.00_2024-08-30_21-42-45_jpeg_2024-08-30_21-42-46.webp.webp?fit=1200%2C675&ssl=1&resize=350%2C200 1x, https:\/\/i0.wp.com\/ismaelcolosi.com.br\/wp-content\/uploads\/2024\/08\/WhatsApp-Image-2024-08-30-at-18.18.00_2024-08-30_21-42-45_jpeg_2024-08-30_21-42-46.webp.webp?fit=1200%2C675&ssl=1&resize=525%2C300 1.5x, https:\/\/i0.wp.com\/ismaelcolosi.com.br\/wp-content\/uploads\/2024\/08\/WhatsApp-Image-2024-08-30-at-18.18.00_2024-08-30_21-42-45_jpeg_2024-08-30_21-42-46.webp.webp?fit=1200%2C675&ssl=1&resize=700%2C400 2x, https:\/\/i0.wp.com\/ismaelcolosi.com.br\/wp-content\/uploads\/2024\/08\/WhatsApp-Image-2024-08-30-at-18.18.00_2024-08-30_21-42-45_jpeg_2024-08-30_21-42-46.webp.webp?fit=1200%2C675&ssl=1&resize=1050%2C600 3x"},"classes":[]}],"jetpack_sharing_enabled":true,"jetpack_shortlink":"https:\/\/wp.me\/pfMlyK-i7d","_links":{"self":[{"href":"https:\/\/ismaelcolosi.com.br\/index.php\/wp-json\/wp\/v2\/posts\/69639","targetHints":{"allow":["GET"]}}],"collection":[{"href":"https:\/\/ismaelcolosi.com.br\/index.php\/wp-json\/wp\/v2\/posts"}],"about":[{"href":"https:\/\/ismaelcolosi.com.br\/index.php\/wp-json\/wp\/v2\/types\/post"}],"author":[{"embeddable":true,"href":"https:\/\/ismaelcolosi.com.br\/index.php\/wp-json\/wp\/v2\/users\/1"}],"replies":[{"embeddable":true,"href":"https:\/\/ismaelcolosi.com.br\/index.php\/wp-json\/wp\/v2\/comments?post=69639"}],"version-history":[{"count":0,"href":"https:\/\/ismaelcolosi.com.br\/index.php\/wp-json\/wp\/v2\/posts\/69639\/revisions"}],"wp:featuredmedia":[{"embeddable":true,"href":"https:\/\/ismaelcolosi.com.br\/index.php\/wp-json\/wp\/v2\/media\/69640"}],"wp:attachment":[{"href":"https:\/\/ismaelcolosi.com.br\/index.php\/wp-json\/wp\/v2\/media?parent=69639"}],"wp:term":[{"taxonomy":"category","embeddable":true,"href":"https:\/\/ismaelcolosi.com.br\/index.php\/wp-json\/wp\/v2\/categories?post=69639"},{"taxonomy":"post_tag","embeddable":true,"href":"https:\/\/ismaelcolosi.com.br\/index.php\/wp-json\/wp\/v2\/tags?post=69639"}],"curies":[{"name":"wp","href":"https:\/\/api.w.org\/{rel}","templated":true}]}}