{"id":69606,"date":"2024-10-06T22:52:44","date_gmt":"2024-10-07T01:52:44","guid":{"rendered":"https:\/\/ismaelcolosi.com.br\/index.php\/2024\/10\/06\/veja-como-foi-a-votacao-nas-principais-cidades-do-interior-de-sp\/"},"modified":"2024-10-06T22:52:44","modified_gmt":"2024-10-07T01:52:44","slug":"veja-como-foi-a-votacao-nas-principais-cidades-do-interior-de-sp","status":"publish","type":"post","link":"https:\/\/ismaelcolosi.com.br\/index.php\/2024\/10\/06\/veja-como-foi-a-votacao-nas-principais-cidades-do-interior-de-sp\/","title":{"rendered":"Veja como foi a vota\u00e7\u00e3o nas principais cidades do interior de SP"},"content":{"rendered":"<p> <br \/>\n<\/p>\n<div>\n<p>Com 100% das urnas apuradas em todo o <strong>Estado de S\u00e3o Paulo<\/strong>, as principais cidades do<strong> interior paulista <\/strong>j\u00e1 definiram se v\u00e3o ter segundo turno ou se elegeram seus novos prefeitos nas <strong>elei\u00e7\u00f5es 2024.<\/strong><\/p>\n<p><strong>Ribeir\u00e3o Preto <\/strong>vai ter segundo turno entre <strong>Ricardo Silva (PSD)<\/strong> e <strong>Marco Aur\u00e9lio (Novo)<\/strong>, j\u00e1 em <strong>Franca<\/strong> a disputa ser\u00e1 entre <strong>Alexandre Ferreira (MDB)<\/strong> e <strong>Jo\u00e3o Rocha (PL)<\/strong>.<\/p>\n<h4 class=\"wp-block-heading\"><strong>Veja como foi a vota\u00e7\u00e3o no interior de SP<\/strong><\/h4>\n<p><strong>Campinas<\/strong><\/p>\n<p><strong>Dario Saadi (REP) <\/strong>\u2013 eleito em 1\u00ba turno com 66,77% dos votos<\/p>\n<p><strong>S\u00e3o Jos\u00e9 dos Campos<\/strong><\/p>\n<p>Anderson (PSD) \u2013 recebeu 39,66% dos votos, e Eduardo Cury (PL) \u2013 recebeu 25,96% dos votos, v\u00e3o disputar o 2\u00ba turno.<\/p>\n<p><strong>Sorocaba<\/strong><\/p>\n<p><strong>Rodrigo Manga (REP)<\/strong> \u2013 eleito em 1\u00ba turno com 73,75% dos votos<\/p>\n<p><strong>S\u00e3o Jos\u00e9 do Rio Preto<\/strong><\/p>\n<p>Coronel F\u00e1bio C\u00e2ndido (PL) \u2013 recebeu 40,46% dos votos, e Itamar (MDB), recebeu 25,68% dos votos, v\u00e3o disputar o 2\u00ba turno<\/p>\n<h4 class=\"wp-block-heading\"><strong>Grandes cidades<\/strong><\/h4>\n<p><strong>Guarulhos<\/strong><\/p>\n<p>Lucas Sanches (PL) \u2013 recebeu 33,25% dos votos, e El\u00f3i Piet\u00e1 (Solidariedade)- recebeu 29,81% dos votos, v\u00e3o disputar o 2\u00ba turno<\/p>\n<p><strong>S\u00e3o Bernardo do Campo<\/strong><\/p>\n<p>Marcelo Lima (Pode) \u2013 recebeu 28,64% dos votos, e Alex Manente (Cidadania) \u2013 recebeu 26,53% dos votos, v\u00e3o disputar 2\u00ba turno<\/p>\n<p><strong>Santo Andr\u00e9<\/strong><\/p>\n<p><strong>Gilvan (PSDB) <\/strong>\u2013 eleito em 1\u00ba turno com 60,98% dos votos<\/p>\n<p><strong>Santos<\/strong><\/p>\n<p>Rog\u00e9rio Santos (REP) \u2013 recebeu 43,29% dos votos, e Rosana Valle (PL) \u2013 recebeu 42,65% dos votos, v\u00e3o disputar o 2\u00b0 turno<\/p>\n<p><strong>Osasco<\/strong><\/p>\n<p><strong>Gerson Pessoa (Pode) <\/strong>\u2013 eleito em 1\u00ba turno com 75,28% dos votos<\/p>\n<p>SAIBA MAIS<br \/>Elei\u00e7\u00f5es 2024: Veja quais foram os vereadores eleitos em Ribeir\u00e3o Preto<\/p>\n<h4 class=\"wp-block-heading\"><strong>FIQUE ON<\/strong><\/h4>\n<p>Fique ligado em tudo que acontece em Ribeir\u00e3o Preto e regi\u00e3o. Siga os perfis do <strong>acidade on <\/strong>no <a href=\"https:\/\/www.instagram.com\/acidadeonribeirao\" target=\"_blank\" rel=\"noreferrer noopener nofollow\">Instagram<\/a> e no <a href=\"https:\/\/www.facebook.com\/acidadeonribeirao\/\" target=\"_blank\" rel=\"noreferrer noopener nofollow\">Facebook<\/a>.<\/p>\n<p>Receba not\u00edcias do <strong>acidade on<\/strong> no WhatsApp. <a href=\"https:\/\/chat.whatsapp.com\/Fg4ok3aAVyB59DP63pRapr\" target=\"_blank\" rel=\"noreferrer noopener nofollow\">Para entrar no grupo, basta clicar aqui.<\/a><\/p>\n<p>Fa\u00e7a uma den\u00fancia ou sugira uma reportagem sobre Ribeir\u00e3o Preto e regi\u00e3o pelo WhatsApp: 16 99117 7802.<\/p>\n<p>VEJA TAMB\u00c9M<br \/>Qual a previs\u00e3o do tempo para a pr\u00f3xima semana em SP?<\/p>\n<p><!-- CONTENT END 1 -->\n<\/div>\n<p><script async src=\"\/\/www.instagram.com\/embed.js\"><\/script><br \/>\n<br \/><br \/>\n<br \/><a href=\"https:\/\/www.acidadeon.com\/ribeiraopreto\/politica\/eleicoes\/veja-como-foi-a-votacao-nas-principais-cidades-do-interior-de-sp\/\">Source link <\/a><\/p>\n","protected":false},"excerpt":{"rendered":"<p>Com 100% das urnas apuradas em todo o Estado de S\u00e3o Paulo, as principais cidades do interior paulista j\u00e1 definiram se v\u00e3o ter segundo turno&#8230;<\/p>\n","protected":false},"author":1,"featured_media":67074,"comment_status":"open","ping_status":"open","sticky":false,"template":"","format":"standard","meta":{"_uag_custom_page_level_css":"","advanced_seo_description":"","jetpack_seo_html_title":"","jetpack_seo_noindex":false,"jetpack_post_was_ever_published":false,"_jetpack_newsletter_access":"","_jetpack_dont_email_post_to_subs":false,"_jetpack_newsletter_tier_id":0,"_jetpack_memberships_contains_paywalled_content":false,"_jetpack_memberships_contains_paid_content":false,"footnotes":"","jetpack_publicize_message":"","jetpack_publicize_feature_enabled":true,"jetpack_social_post_already_shared":true,"jetpack_social_options":{"image_generator_settings":{"template":"highway","default_image_id":0,"font":"","enabled":false},"version":2}},"categories":[11],"tags":[],"class_list":["post-69606","post","type-post","status-publish","format-standard","has-post-thumbnail","hentry","category-noticias-de-ribeirao-preto-sp-e-regiao-ismael-colosi"],"jetpack_publicize_connections":[],"jetpack_featured_media_url":"https:\/\/i0.wp.com\/ismaelcolosi.com.br\/wp-content\/uploads\/2024\/09\/urna-nova_2024-09-20_19-00-21_jpg_2024-09-20_19-00-21.webp.webp?fit=1170%2C700&ssl=1","uagb_featured_image_src":{"full":["https:\/\/i0.wp.com\/ismaelcolosi.com.br\/wp-content\/uploads\/2024\/09\/urna-nova_2024-09-20_19-00-21_jpg_2024-09-20_19-00-21.webp.webp?fit=1170%2C700&ssl=1",1170,700,false],"thumbnail":["https:\/\/i0.wp.com\/ismaelcolosi.com.br\/wp-content\/uploads\/2024\/09\/urna-nova_2024-09-20_19-00-21_jpg_2024-09-20_19-00-21.webp.webp?resize=150%2C150&ssl=1",150,150,true],"medium":["https:\/\/i0.wp.com\/ismaelcolosi.com.br\/wp-content\/uploads\/2024\/09\/urna-nova_2024-09-20_19-00-21_jpg_2024-09-20_19-00-21.webp.webp?fit=300%2C179&ssl=1",300,179,true],"medium_large":["https:\/\/i0.wp.com\/ismaelcolosi.com.br\/wp-content\/uploads\/2024\/09\/urna-nova_2024-09-20_19-00-21_jpg_2024-09-20_19-00-21.webp.webp?fit=768%2C459&ssl=1",768,459,true],"large":["https:\/\/i0.wp.com\/ismaelcolosi.com.br\/wp-content\/uploads\/2024\/09\/urna-nova_2024-09-20_19-00-21_jpg_2024-09-20_19-00-21.webp.webp?fit=1024%2C613&ssl=1",1024,613,true],"1536x1536":["https:\/\/i0.wp.com\/ismaelcolosi.com.br\/wp-content\/uploads\/2024\/09\/urna-nova_2024-09-20_19-00-21_jpg_2024-09-20_19-00-21.webp.webp?fit=1170%2C700&ssl=1",1170,700,true],"2048x2048":["https:\/\/i0.wp.com\/ismaelcolosi.com.br\/wp-content\/uploads\/2024\/09\/urna-nova_2024-09-20_19-00-21_jpg_2024-09-20_19-00-21.webp.webp?fit=1170%2C700&ssl=1",1170,700,true],"really-simple-thumb":["https:\/\/i0.wp.com\/ismaelcolosi.com.br\/wp-content\/uploads\/2024\/09\/urna-nova_2024-09-20_19-00-21_jpg_2024-09-20_19-00-21.webp.webp?resize=370%2C247&ssl=1",370,247,true]},"uagb_author_info":{"display_name":"ismaelcolosi.com.br","author_link":"https:\/\/ismaelcolosi.com.br\/index.php\/author\/vidareal-online\/"},"uagb_comment_info":0,"uagb_excerpt":"Com 100% das urnas apuradas em todo o Estado de S\u00e3o Paulo, as principais cidades do interior paulista j\u00e1 definiram se v\u00e3o ter segundo turno...","jetpack-related-posts":[{"id":71528,"url":"https:\/\/ismaelcolosi.com.br\/index.php\/2024\/10\/16\/saiba-quais-sao-as-propostas-de-ricardo-silva-psd-antes-do-2o-turno-em-ribeirao\/","url_meta":{"origin":69606,"position":0},"title":"Saiba quais s\u00e3o as propostas de Ricardo Silva (PSD) antes do 2\u00ba turno em Ribeir\u00e3o","author":"ismaelcolosi.com.br","date":"16 de October de 2024","format":false,"excerpt":"O candidato Ricardo Silva (PSD) participou de uma nova entrevista com o portal acidade on na \u00faltima segunda-feira (14). Na ocasi\u00e3o, o deputado federal falou mais sobre as suas propostas caso seja eleito prefeito de Ribeir\u00e3o Preto \u2013 veja o player acima. Nesta rodada de entrevista, o candidato disse ser\u2026","rel":"","context":"In &quot;Not\u00edcias de Ribeir\u00e3o Preto-SP e Regi\u00e3o&quot;","block_context":{"text":"Not\u00edcias de Ribeir\u00e3o Preto-SP e Regi\u00e3o","link":"https:\/\/ismaelcolosi.com.br\/index.php\/category\/noticias-de-ribeirao-preto-sp-e-regiao-ismael-colosi\/"},"img":{"alt_text":"","src":"https:\/\/i0.wp.com\/ismaelcolosi.com.br\/wp-content\/uploads\/2024\/09\/ricardo-silva_2024-09-27_14-05-41_jpg_2024-09-27_14-05-41.webp.webp?fit=1200%2C863&ssl=1&resize=350%2C200","width":350,"height":200,"srcset":"https:\/\/i0.wp.com\/ismaelcolosi.com.br\/wp-content\/uploads\/2024\/09\/ricardo-silva_2024-09-27_14-05-41_jpg_2024-09-27_14-05-41.webp.webp?fit=1200%2C863&ssl=1&resize=350%2C200 1x, https:\/\/i0.wp.com\/ismaelcolosi.com.br\/wp-content\/uploads\/2024\/09\/ricardo-silva_2024-09-27_14-05-41_jpg_2024-09-27_14-05-41.webp.webp?fit=1200%2C863&ssl=1&resize=525%2C300 1.5x, https:\/\/i0.wp.com\/ismaelcolosi.com.br\/wp-content\/uploads\/2024\/09\/ricardo-silva_2024-09-27_14-05-41_jpg_2024-09-27_14-05-41.webp.webp?fit=1200%2C863&ssl=1&resize=700%2C400 2x, https:\/\/i0.wp.com\/ismaelcolosi.com.br\/wp-content\/uploads\/2024\/09\/ricardo-silva_2024-09-27_14-05-41_jpg_2024-09-27_14-05-41.webp.webp?fit=1200%2C863&ssl=1&resize=1050%2C600 3x"},"classes":[]},{"id":71522,"url":"https:\/\/ismaelcolosi.com.br\/index.php\/2024\/10\/16\/saiba-quais-sao-propostas-de-marco-aurelio-novo-antes-do-2o-turno-em-ribeirao\/","url_meta":{"origin":69606,"position":1},"title":"Saiba quais s\u00e3o propostas de Marco Aur\u00e9lio (Novo) antes do 2\u00ba turno em Ribeir\u00e3o","author":"ismaelcolosi.com.br","date":"16 de October de 2024","format":false,"excerpt":"O candidato Marco Aur\u00e9lio (Novo) participou de uma nova entrevista com o portal acidade on na \u00faltima ter\u00e7a-feira (15). Na ocasi\u00e3o, o empres\u00e1rio falou mais sobre as suas propostas caso seja eleito prefeito de Ribeir\u00e3o Preto \u2013 veja o player acima. Nesta rodada de entrevista, o candidato afirmou que sua\u2026","rel":"","context":"In &quot;Not\u00edcias de Ribeir\u00e3o Preto-SP e Regi\u00e3o&quot;","block_context":{"text":"Not\u00edcias de Ribeir\u00e3o Preto-SP e Regi\u00e3o","link":"https:\/\/ismaelcolosi.com.br\/index.php\/category\/noticias-de-ribeirao-preto-sp-e-regiao-ismael-colosi\/"},"img":{"alt_text":"","src":"https:\/\/i0.wp.com\/ismaelcolosi.com.br\/wp-content\/uploads\/2024\/09\/marco-aurelio_2024-09-19_21-26-57_jpg_2024-09-19_21-26-57.webp.webp?fit=1200%2C755&ssl=1&resize=350%2C200","width":350,"height":200,"srcset":"https:\/\/i0.wp.com\/ismaelcolosi.com.br\/wp-content\/uploads\/2024\/09\/marco-aurelio_2024-09-19_21-26-57_jpg_2024-09-19_21-26-57.webp.webp?fit=1200%2C755&ssl=1&resize=350%2C200 1x, https:\/\/i0.wp.com\/ismaelcolosi.com.br\/wp-content\/uploads\/2024\/09\/marco-aurelio_2024-09-19_21-26-57_jpg_2024-09-19_21-26-57.webp.webp?fit=1200%2C755&ssl=1&resize=525%2C300 1.5x, https:\/\/i0.wp.com\/ismaelcolosi.com.br\/wp-content\/uploads\/2024\/09\/marco-aurelio_2024-09-19_21-26-57_jpg_2024-09-19_21-26-57.webp.webp?fit=1200%2C755&ssl=1&resize=700%2C400 2x, https:\/\/i0.wp.com\/ismaelcolosi.com.br\/wp-content\/uploads\/2024\/09\/marco-aurelio_2024-09-19_21-26-57_jpg_2024-09-19_21-26-57.webp.webp?fit=1200%2C755&ssl=1&resize=1050%2C600 3x"},"classes":[]},{"id":69732,"url":"https:\/\/ismaelcolosi.com.br\/index.php\/2024\/10\/07\/vereador-tem-mais-votos-do-que-nove-eleitos-mas-fica-sem-vaga-na-camara-de-ribeirao\/","url_meta":{"origin":69606,"position":2},"title":"Vereador tem mais votos do que nove eleitos, mas fica sem vaga na C\u00e2mara de Ribeir\u00e3o","author":"ismaelcolosi.com.br","date":"7 de October de 2024","format":false,"excerpt":"Ap\u00f3s tr\u00eas mandatos, o vereador Marcos Papa (Pode), n\u00e3o conseguiu a reelei\u00e7\u00e3o para C\u00e2mara de Ribeir\u00e3o Preto mesmo tendo mais votos do que nove parlamentares eleitos no primeiro turno das elei\u00e7\u00f5es 2024, realizado no \u00faltimo domingo (6). Papa recebeu 3.518 votos e ficou fora do Legislativo a partir de 2025.\u2026","rel":"","context":"In &quot;Not\u00edcias de Ribeir\u00e3o Preto-SP e Regi\u00e3o&quot;","block_context":{"text":"Not\u00edcias de Ribeir\u00e3o Preto-SP e Regi\u00e3o","link":"https:\/\/ismaelcolosi.com.br\/index.php\/category\/noticias-de-ribeirao-preto-sp-e-regiao-ismael-colosi\/"},"img":{"alt_text":"","src":"https:\/\/i0.wp.com\/ismaelcolosi.com.br\/wp-content\/uploads\/2024\/10\/marcos-papa_2024-10-07_19-11-00_jpg_2024-10-07_19-11-00.webp.webp?fit=1198%2C840&ssl=1&resize=350%2C200","width":350,"height":200,"srcset":"https:\/\/i0.wp.com\/ismaelcolosi.com.br\/wp-content\/uploads\/2024\/10\/marcos-papa_2024-10-07_19-11-00_jpg_2024-10-07_19-11-00.webp.webp?fit=1198%2C840&ssl=1&resize=350%2C200 1x, https:\/\/i0.wp.com\/ismaelcolosi.com.br\/wp-content\/uploads\/2024\/10\/marcos-papa_2024-10-07_19-11-00_jpg_2024-10-07_19-11-00.webp.webp?fit=1198%2C840&ssl=1&resize=525%2C300 1.5x, https:\/\/i0.wp.com\/ismaelcolosi.com.br\/wp-content\/uploads\/2024\/10\/marcos-papa_2024-10-07_19-11-00_jpg_2024-10-07_19-11-00.webp.webp?fit=1198%2C840&ssl=1&resize=700%2C400 2x, https:\/\/i0.wp.com\/ismaelcolosi.com.br\/wp-content\/uploads\/2024\/10\/marcos-papa_2024-10-07_19-11-00_jpg_2024-10-07_19-11-00.webp.webp?fit=1198%2C840&ssl=1&resize=1050%2C600 3x"},"classes":[]},{"id":73556,"url":"https:\/\/ismaelcolosi.com.br\/index.php\/2024\/10\/27\/tempo-real-acompanhe-a-apuracao-dos-votos-do-2o-turno-em-ribeirao-preto\/","url_meta":{"origin":69606,"position":3},"title":"Tempo real: Acompanhe a apura\u00e7\u00e3o dos votos do 2\u00ba turno em Ribeir\u00e3o Preto","author":"ismaelcolosi.com.br","date":"27 de October de 2024","format":false,"excerpt":"Carregando... N\u00e3o foram encontrados candidatos com o nome pesquisado. MARCO AURELIO (30) NOVO VICE: ANTONIO CARLOS DA FREIRIA 0.00% (0 votos) RICARDO SILVA (55) PSD VICE: ALESSANDRO DA SILVA FIRMINO 0.00% (0 votos) O 2\u00ba turno das elei\u00e7\u00f5es municipais acontece neste domingo (27) para escolha do pr\u00f3ximo prefeito de Ribeir\u00e3o\u2026","rel":"","context":"In &quot;Not\u00edcias de Ribeir\u00e3o Preto-SP e Regi\u00e3o&quot;","block_context":{"text":"Not\u00edcias de Ribeir\u00e3o Preto-SP e Regi\u00e3o","link":"https:\/\/ismaelcolosi.com.br\/index.php\/category\/noticias-de-ribeirao-preto-sp-e-regiao-ismael-colosi\/"},"img":{"alt_text":"","src":"https:\/\/i0.wp.com\/ismaelcolosi.com.br\/wp-content\/uploads\/2024\/09\/urna-nova_2024-09-20_19-00-21_jpg_2024-09-20_19-00-21.webp.webp?fit=1170%2C700&ssl=1&resize=350%2C200","width":350,"height":200,"srcset":"https:\/\/i0.wp.com\/ismaelcolosi.com.br\/wp-content\/uploads\/2024\/09\/urna-nova_2024-09-20_19-00-21_jpg_2024-09-20_19-00-21.webp.webp?fit=1170%2C700&ssl=1&resize=350%2C200 1x, https:\/\/i0.wp.com\/ismaelcolosi.com.br\/wp-content\/uploads\/2024\/09\/urna-nova_2024-09-20_19-00-21_jpg_2024-09-20_19-00-21.webp.webp?fit=1170%2C700&ssl=1&resize=525%2C300 1.5x, https:\/\/i0.wp.com\/ismaelcolosi.com.br\/wp-content\/uploads\/2024\/09\/urna-nova_2024-09-20_19-00-21_jpg_2024-09-20_19-00-21.webp.webp?fit=1170%2C700&ssl=1&resize=700%2C400 2x, https:\/\/i0.wp.com\/ismaelcolosi.com.br\/wp-content\/uploads\/2024\/09\/urna-nova_2024-09-20_19-00-21_jpg_2024-09-20_19-00-21.webp.webp?fit=1170%2C700&ssl=1&resize=1050%2C600 3x"},"classes":[]},{"id":73578,"url":"https:\/\/ismaelcolosi.com.br\/index.php\/2024\/10\/27\/perfil-saiba-quem-e-ricardo-silva-o-novo-prefeito-de-ribeirao-preto\/","url_meta":{"origin":69606,"position":4},"title":"Perfil: Saiba quem \u00e9 Ricardo Silva, o novo prefeito de Ribeir\u00e3o Preto","author":"ismaelcolosi.com.br","date":"27 de October de 2024","format":false,"excerpt":"Ricardo Silva (PSD)\u00a0recebeu 50,13% dos votos e foi eleito no novo prefeito de Ribeir\u00e3o Preto na noite deste domingo (27). Ele venceu Marco Aur\u00e9lio (Novo) no segundo turno. Quem \u00e9 Ricardo Silva? Ricardo Silva tem 39 anos, \u00e9 casado, pai da Helena, graduado em Direito, advogado, e tamb\u00e9m formado em\u2026","rel":"","context":"In &quot;Not\u00edcias de Ribeir\u00e3o Preto-SP e Regi\u00e3o&quot;","block_context":{"text":"Not\u00edcias de Ribeir\u00e3o Preto-SP e Regi\u00e3o","link":"https:\/\/ismaelcolosi.com.br\/index.php\/category\/noticias-de-ribeirao-preto-sp-e-regiao-ismael-colosi\/"},"img":{"alt_text":"","src":"https:\/\/i0.wp.com\/ismaelcolosi.com.br\/wp-content\/uploads\/2024\/09\/ricardo-silva-1_2024-09-19_21-15-11_jpg_2024-09-19_21-15-11.webp.webp?fit=1200%2C739&ssl=1&resize=350%2C200","width":350,"height":200,"srcset":"https:\/\/i0.wp.com\/ismaelcolosi.com.br\/wp-content\/uploads\/2024\/09\/ricardo-silva-1_2024-09-19_21-15-11_jpg_2024-09-19_21-15-11.webp.webp?fit=1200%2C739&ssl=1&resize=350%2C200 1x, https:\/\/i0.wp.com\/ismaelcolosi.com.br\/wp-content\/uploads\/2024\/09\/ricardo-silva-1_2024-09-19_21-15-11_jpg_2024-09-19_21-15-11.webp.webp?fit=1200%2C739&ssl=1&resize=525%2C300 1.5x, https:\/\/i0.wp.com\/ismaelcolosi.com.br\/wp-content\/uploads\/2024\/09\/ricardo-silva-1_2024-09-19_21-15-11_jpg_2024-09-19_21-15-11.webp.webp?fit=1200%2C739&ssl=1&resize=700%2C400 2x, https:\/\/i0.wp.com\/ismaelcolosi.com.br\/wp-content\/uploads\/2024\/09\/ricardo-silva-1_2024-09-19_21-15-11_jpg_2024-09-19_21-15-11.webp.webp?fit=1200%2C739&ssl=1&resize=1050%2C600 3x"},"classes":[]},{"id":74080,"url":"https:\/\/ismaelcolosi.com.br\/index.php\/2024\/10\/29\/novo-pedira-auditoria-nas-eleicoes-de-ribeirao\/","url_meta":{"origin":69606,"position":5},"title":"Novo pedir\u00e1 auditoria nas elei\u00e7\u00f5es de Ribeir\u00e3o","author":"ismaelcolosi.com.br","date":"29 de October de 2024","format":false,"excerpt":"29 de outubro de 202429 de outubro de 2024174 Compartilhar0 O Partido Novo anunciou na manh\u00e3 desta ter\u00e7a-feira, 29 de outubro, que pedir\u00e1 auditoria nos resultados das elei\u00e7\u00f5es para prefeito em Ribeir\u00e3o Preto. O an\u00fancio foi feito pelo candidato Marco Aur\u00e9lio que ficou em segundo lugar no segundo turno na\u2026","rel":"","context":"In &quot;Not\u00edcias de Ribeir\u00e3o Preto-SP e Regi\u00e3o&quot;","block_context":{"text":"Not\u00edcias de Ribeir\u00e3o Preto-SP e Regi\u00e3o","link":"https:\/\/ismaelcolosi.com.br\/index.php\/category\/noticias-de-ribeirao-preto-sp-e-regiao-ismael-colosi\/"},"img":{"alt_text":"","src":"https:\/\/i0.wp.com\/ismaelcolosi.com.br\/wp-content\/uploads\/2024\/10\/foto-04-Marco-aurelio-scaled.jpeg?fit=500%2C500&ssl=1&resize=350%2C200","width":350,"height":200},"classes":[]}],"jetpack_sharing_enabled":true,"jetpack_shortlink":"https:\/\/wp.me\/pfMlyK-i6G","_links":{"self":[{"href":"https:\/\/ismaelcolosi.com.br\/index.php\/wp-json\/wp\/v2\/posts\/69606","targetHints":{"allow":["GET"]}}],"collection":[{"href":"https:\/\/ismaelcolosi.com.br\/index.php\/wp-json\/wp\/v2\/posts"}],"about":[{"href":"https:\/\/ismaelcolosi.com.br\/index.php\/wp-json\/wp\/v2\/types\/post"}],"author":[{"embeddable":true,"href":"https:\/\/ismaelcolosi.com.br\/index.php\/wp-json\/wp\/v2\/users\/1"}],"replies":[{"embeddable":true,"href":"https:\/\/ismaelcolosi.com.br\/index.php\/wp-json\/wp\/v2\/comments?post=69606"}],"version-history":[{"count":0,"href":"https:\/\/ismaelcolosi.com.br\/index.php\/wp-json\/wp\/v2\/posts\/69606\/revisions"}],"wp:featuredmedia":[{"embeddable":true,"href":"https:\/\/ismaelcolosi.com.br\/index.php\/wp-json\/wp\/v2\/media\/67074"}],"wp:attachment":[{"href":"https:\/\/ismaelcolosi.com.br\/index.php\/wp-json\/wp\/v2\/media?parent=69606"}],"wp:term":[{"taxonomy":"category","embeddable":true,"href":"https:\/\/ismaelcolosi.com.br\/index.php\/wp-json\/wp\/v2\/categories?post=69606"},{"taxonomy":"post_tag","embeddable":true,"href":"https:\/\/ismaelcolosi.com.br\/index.php\/wp-json\/wp\/v2\/tags?post=69606"}],"curies":[{"name":"wp","href":"https:\/\/api.w.org\/{rel}","templated":true}]}}