{"id":69598,"date":"2024-10-06T22:08:29","date_gmt":"2024-10-07T01:08:29","guid":{"rendered":"https:\/\/ismaelcolosi.com.br\/index.php\/2024\/10\/06\/veja-o-que-ricardo-silva-falou-sobre-o-1o-turno-das-eleicoes-em-ribeirao-preto\/"},"modified":"2024-10-06T22:08:29","modified_gmt":"2024-10-07T01:08:29","slug":"veja-o-que-ricardo-silva-falou-sobre-o-1o-turno-das-eleicoes-em-ribeirao-preto","status":"publish","type":"post","link":"https:\/\/ismaelcolosi.com.br\/index.php\/2024\/10\/06\/veja-o-que-ricardo-silva-falou-sobre-o-1o-turno-das-eleicoes-em-ribeirao-preto\/","title":{"rendered":"Veja o que Ricardo Silva falou sobre o 1\u00ba turno das elei\u00e7\u00f5es em Ribeir\u00e3o Preto"},"content":{"rendered":"<p> <br \/>\n<\/p>\n<div data-td-block-uid=\"tdi_106\">\n<div class=\"tdb-block-inner td-fix-index\">\n<p><strong>Ricardo Silva (PSD)<\/strong> est\u00e1 eleito para o <strong>2\u00ba turno das elei\u00e7\u00f5es em Ribeir\u00e3o Preto<\/strong>. O candidato acompanhou a apura\u00e7\u00e3o das urnas na casa do pai, Rafael Silva, em um condom\u00ednio na zona sul do munic\u00edpio.<\/p>\n<p>Por volta das 18h30, <strong>Ricardo <\/strong>seguiu para o <strong>comit\u00ea de campanha<\/strong>, localizado na avenida Saudade. Confira o que o candidato disse ap\u00f3s o resultado do <strong>1\u00ba turno em Ribeir\u00e3o Preto<\/strong>:<\/p>\n<p>\u201cMuito feliz com os quase 130 mil votos.\u00a0 Agrade\u00e7o a cada um que nos deu essa vantagem gigantesca. Agora, vamos para o segundo turno para mostrar que nosso projeto \u00e9 o melhor, que nosso planejamento vai recolocar Ribeir\u00e3o Preto nos trilhos do respeito \u00e0s pessoas, a quem investe em Ribeir\u00e3o e ao nosso com\u00e9rcio.\u00a0 No segundo turno vamos seguir ao lado das pessoas, sentindo todo esse carinho das pessoas e levando o nosso projeto para Ribeir\u00e3o avan\u00e7ar\u201d.<\/p>\n<h3 class=\"wp-block-heading\"><strong>2\u00ba turno<\/strong><\/h3>\n<p>A disputa entre <strong>Marco Aur\u00e9lio (Novo)<\/strong> e <strong>Ricardo Silva (PSD)<\/strong> pelo cargo de <strong>prefeito<\/strong> acontece no dia <strong>27 de outubro<\/strong>, a partir das 8h.<\/p>\n<p>Clique aqui e confira a repercuss\u00e3o da elei\u00e7\u00e3o entre<strong> todos os candidatos \u00e0 Prefeitura de Ribeir\u00e3o Preto.<\/strong><\/p>\n<hr class=\"wp-block-separator has-alpha-channel-opacity\"\/>\n<p>SAIBA MAIS<\/p>\n<p>Ricardo Silva e Marco Aur\u00e9lio v\u00e3o disputar o 2\u00ba turno em Ribeir\u00e3o Preto<\/p>\n<h4 class=\"wp-block-heading\"><strong>FIQUE ON<\/strong><\/h4>\n<p>Fique ligado em tudo que acontece em Ribeir\u00e3o Preto e regi\u00e3o. Siga os perfis do<strong>\u00a0acidade on\u00a0<\/strong>no\u00a0<a href=\"https:\/\/www.instagram.com\/acidadeonribeirao\" target=\"_blank\" rel=\"noreferrer noopener\">Instagram<\/a>\u00a0e no\u00a0<a href=\"https:\/\/www.facebook.com\/acidadeonribeirao\/\" target=\"_blank\" rel=\"noreferrer noopener\">Facebook<\/a>.<\/p>\n<p>Receba not\u00edcias do\u00a0<strong>acidade on\u00a0<\/strong>no WhatsApp.<a href=\"https:\/\/chat.whatsapp.com\/Fg4ok3aAVyB59DP63pRapr\" target=\"_blank\" rel=\"noreferrer noopener\">\u00a0Para entrar no grupo, basta clicar aqui.<\/a><\/p>\n<p>Fa\u00e7a uma den\u00fancia ou sugira uma reportagem sobre Ribeir\u00e3o Preto e regi\u00e3o pelo WhatsApp: 16 99117 7802.<\/p>\n<p>VEJA TAMB\u00c9M<\/p>\n<p>Massa de pastel com dois ingredientes; veja receita<\/p>\n<p><!-- CONTENT END 1 -->\n<\/div>\n<\/div>\n<p><script async src=\"\/\/www.instagram.com\/embed.js\"><\/script><br \/>\n<br \/><br \/>\n<br \/><a href=\"https:\/\/www.acidadeon.com\/ribeiraopreto\/politica\/eleicoes\/veja-o-que-ricardo-silva-falou-sobre-o-1o-turno-das-eleicoes-em-ribeirao-preto\/\">Source link <\/a><\/p>\n","protected":false},"excerpt":{"rendered":"<p>Ricardo Silva (PSD) est\u00e1 eleito para o 2\u00ba turno das elei\u00e7\u00f5es em Ribeir\u00e3o Preto. O candidato acompanhou a apura\u00e7\u00e3o das urnas na casa do pai,&#8230;<\/p>\n","protected":false},"author":1,"featured_media":69599,"comment_status":"open","ping_status":"open","sticky":false,"template":"","format":"standard","meta":{"_uag_custom_page_level_css":"","advanced_seo_description":"","jetpack_seo_html_title":"","jetpack_seo_noindex":false,"jetpack_post_was_ever_published":false,"_jetpack_newsletter_access":"","_jetpack_dont_email_post_to_subs":false,"_jetpack_newsletter_tier_id":0,"_jetpack_memberships_contains_paywalled_content":false,"_jetpack_memberships_contains_paid_content":false,"footnotes":"","jetpack_publicize_message":"","jetpack_publicize_feature_enabled":true,"jetpack_social_post_already_shared":true,"jetpack_social_options":{"image_generator_settings":{"template":"highway","default_image_id":0,"font":"","enabled":false},"version":2}},"categories":[11],"tags":[],"class_list":["post-69598","post","type-post","status-publish","format-standard","has-post-thumbnail","hentry","category-noticias-de-ribeirao-preto-sp-e-regiao-ismael-colosi"],"jetpack_publicize_connections":[],"jetpack_featured_media_url":"https:\/\/i0.wp.com\/ismaelcolosi.com.br\/wp-content\/uploads\/2024\/10\/456668815_1079387000224005_189519183757748031_n_2024-10-07_00-56-17_jpg_2024-10-07_00-56-17.webp.webp?fit=1600%2C1066&ssl=1","uagb_featured_image_src":{"full":["https:\/\/i0.wp.com\/ismaelcolosi.com.br\/wp-content\/uploads\/2024\/10\/456668815_1079387000224005_189519183757748031_n_2024-10-07_00-56-17_jpg_2024-10-07_00-56-17.webp.webp?fit=1600%2C1066&ssl=1",1600,1066,false],"thumbnail":["https:\/\/i0.wp.com\/ismaelcolosi.com.br\/wp-content\/uploads\/2024\/10\/456668815_1079387000224005_189519183757748031_n_2024-10-07_00-56-17_jpg_2024-10-07_00-56-17.webp.webp?resize=150%2C150&ssl=1",150,150,true],"medium":["https:\/\/i0.wp.com\/ismaelcolosi.com.br\/wp-content\/uploads\/2024\/10\/456668815_1079387000224005_189519183757748031_n_2024-10-07_00-56-17_jpg_2024-10-07_00-56-17.webp.webp?fit=300%2C200&ssl=1",300,200,true],"medium_large":["https:\/\/i0.wp.com\/ismaelcolosi.com.br\/wp-content\/uploads\/2024\/10\/456668815_1079387000224005_189519183757748031_n_2024-10-07_00-56-17_jpg_2024-10-07_00-56-17.webp.webp?fit=768%2C512&ssl=1",768,512,true],"large":["https:\/\/i0.wp.com\/ismaelcolosi.com.br\/wp-content\/uploads\/2024\/10\/456668815_1079387000224005_189519183757748031_n_2024-10-07_00-56-17_jpg_2024-10-07_00-56-17.webp.webp?fit=1024%2C682&ssl=1",1024,682,true],"1536x1536":["https:\/\/i0.wp.com\/ismaelcolosi.com.br\/wp-content\/uploads\/2024\/10\/456668815_1079387000224005_189519183757748031_n_2024-10-07_00-56-17_jpg_2024-10-07_00-56-17.webp.webp?fit=1536%2C1023&ssl=1",1536,1023,true],"2048x2048":["https:\/\/i0.wp.com\/ismaelcolosi.com.br\/wp-content\/uploads\/2024\/10\/456668815_1079387000224005_189519183757748031_n_2024-10-07_00-56-17_jpg_2024-10-07_00-56-17.webp.webp?fit=1600%2C1066&ssl=1",1600,1066,true],"really-simple-thumb":["https:\/\/i0.wp.com\/ismaelcolosi.com.br\/wp-content\/uploads\/2024\/10\/456668815_1079387000224005_189519183757748031_n_2024-10-07_00-56-17_jpg_2024-10-07_00-56-17.webp.webp?resize=370%2C247&ssl=1",370,247,true]},"uagb_author_info":{"display_name":"ismaelcolosi.com.br","author_link":"https:\/\/ismaelcolosi.com.br\/index.php\/author\/vidareal-online\/"},"uagb_comment_info":0,"uagb_excerpt":"Ricardo Silva (PSD) est\u00e1 eleito para o 2\u00ba turno das elei\u00e7\u00f5es em Ribeir\u00e3o Preto. O candidato acompanhou a apura\u00e7\u00e3o das urnas na casa do pai,...","jetpack-related-posts":[{"id":69594,"url":"https:\/\/ismaelcolosi.com.br\/index.php\/2024\/10\/06\/veja-a-repercussao-da-eleicao-entre-os-candidatos-a-prefeitura-de-ribeirao-preto\/","url_meta":{"origin":69598,"position":0},"title":"Veja a repercuss\u00e3o da elei\u00e7\u00e3o entre os candidatos \u00e0 Prefeitura de Ribeir\u00e3o Preto","author":"ismaelcolosi.com.br","date":"6 de October de 2024","format":false,"excerpt":"Ribeir\u00e3o Preto teve cinco candidatos na disputa para o cargo de prefeito nas elei\u00e7\u00f5es de 2024. Conforme dados do Tribunal Superior Eleitoral (TSE), os candidatos Ricardo Silva (PSD) e Marco Aur\u00e9lio (Novo) v\u00e3o decidir no 2\u00ba turno, que ser\u00e1 realizado no dia 27 de outubro, quem ser\u00e1 o pr\u00f3ximo prefeito\u2026","rel":"","context":"In &quot;Not\u00edcias de Ribeir\u00e3o Preto-SP e Regi\u00e3o&quot;","block_context":{"text":"Not\u00edcias de Ribeir\u00e3o Preto-SP e Regi\u00e3o","link":"https:\/\/ismaelcolosi.com.br\/index.php\/category\/noticias-de-ribeirao-preto-sp-e-regiao-ismael-colosi\/"},"img":{"alt_text":"","src":"https:\/\/i0.wp.com\/ismaelcolosi.com.br\/wp-content\/uploads\/2024\/10\/Copia-de-Copia-de-Copia-de-TAMANHO-EXATO-PARA-FOTOS-NO-SISTEMA-NOVO-97_2024-10-07_00-24-48_png_2024-10-07_00-24-48.webp.webp?fit=1200%2C675&ssl=1&resize=350%2C200","width":350,"height":200,"srcset":"https:\/\/i0.wp.com\/ismaelcolosi.com.br\/wp-content\/uploads\/2024\/10\/Copia-de-Copia-de-Copia-de-TAMANHO-EXATO-PARA-FOTOS-NO-SISTEMA-NOVO-97_2024-10-07_00-24-48_png_2024-10-07_00-24-48.webp.webp?fit=1200%2C675&ssl=1&resize=350%2C200 1x, https:\/\/i0.wp.com\/ismaelcolosi.com.br\/wp-content\/uploads\/2024\/10\/Copia-de-Copia-de-Copia-de-TAMANHO-EXATO-PARA-FOTOS-NO-SISTEMA-NOVO-97_2024-10-07_00-24-48_png_2024-10-07_00-24-48.webp.webp?fit=1200%2C675&ssl=1&resize=525%2C300 1.5x, https:\/\/i0.wp.com\/ismaelcolosi.com.br\/wp-content\/uploads\/2024\/10\/Copia-de-Copia-de-Copia-de-TAMANHO-EXATO-PARA-FOTOS-NO-SISTEMA-NOVO-97_2024-10-07_00-24-48_png_2024-10-07_00-24-48.webp.webp?fit=1200%2C675&ssl=1&resize=700%2C400 2x, https:\/\/i0.wp.com\/ismaelcolosi.com.br\/wp-content\/uploads\/2024\/10\/Copia-de-Copia-de-Copia-de-TAMANHO-EXATO-PARA-FOTOS-NO-SISTEMA-NOVO-97_2024-10-07_00-24-48_png_2024-10-07_00-24-48.webp.webp?fit=1200%2C675&ssl=1&resize=1050%2C600 3x"},"classes":[]},{"id":73517,"url":"https:\/\/ismaelcolosi.com.br\/index.php\/2024\/10\/27\/candidato-ricardo-silva-vota-neste-2o-turno-em-ribeirao-preto-video\/","url_meta":{"origin":69598,"position":1},"title":"Candidato Ricardo Silva vota neste 2\u00ba turno em Ribeir\u00e3o Preto; V\u00eddeo","author":"ismaelcolosi.com.br","date":"27 de October de 2024","format":false,"excerpt":"O candidato \u00e0 Prefeitura de Ribeir\u00e3o Preto Ricardo Silva (PSD) votou neste segundo turno das elei\u00e7\u00f5es, \u00e0s 8h45 deste domingo (27), na Escola Am\u00e9lia Junqueira, no Jardim Paulistano, zona Leste da cidade. \u201cPor onde eu caminhei, pude conversar com pessoas incr\u00edveis, que sofrem muito com essa aus\u00eancia do poder p\u00fablico.\u2026","rel":"","context":"In &quot;Not\u00edcias de Ribeir\u00e3o Preto-SP e Regi\u00e3o&quot;","block_context":{"text":"Not\u00edcias de Ribeir\u00e3o Preto-SP e Regi\u00e3o","link":"https:\/\/ismaelcolosi.com.br\/index.php\/category\/noticias-de-ribeirao-preto-sp-e-regiao-ismael-colosi\/"},"img":{"alt_text":"","src":"https:\/\/i0.wp.com\/ismaelcolosi.com.br\/wp-content\/uploads\/2024\/10\/WhatsApp-Image-2024-10-27-at-10.11.56_2024-10-27_13-12-41_jpeg_2024-10-27_13-12-42.webp.webp?fit=1200%2C819&ssl=1&resize=350%2C200","width":350,"height":200,"srcset":"https:\/\/i0.wp.com\/ismaelcolosi.com.br\/wp-content\/uploads\/2024\/10\/WhatsApp-Image-2024-10-27-at-10.11.56_2024-10-27_13-12-41_jpeg_2024-10-27_13-12-42.webp.webp?fit=1200%2C819&ssl=1&resize=350%2C200 1x, https:\/\/i0.wp.com\/ismaelcolosi.com.br\/wp-content\/uploads\/2024\/10\/WhatsApp-Image-2024-10-27-at-10.11.56_2024-10-27_13-12-41_jpeg_2024-10-27_13-12-42.webp.webp?fit=1200%2C819&ssl=1&resize=525%2C300 1.5x, https:\/\/i0.wp.com\/ismaelcolosi.com.br\/wp-content\/uploads\/2024\/10\/WhatsApp-Image-2024-10-27-at-10.11.56_2024-10-27_13-12-41_jpeg_2024-10-27_13-12-42.webp.webp?fit=1200%2C819&ssl=1&resize=700%2C400 2x, https:\/\/i0.wp.com\/ismaelcolosi.com.br\/wp-content\/uploads\/2024\/10\/WhatsApp-Image-2024-10-27-at-10.11.56_2024-10-27_13-12-41_jpeg_2024-10-27_13-12-42.webp.webp?fit=1200%2C819&ssl=1&resize=1050%2C600 3x"},"classes":[]},{"id":69711,"url":"https:\/\/ismaelcolosi.com.br\/index.php\/2024\/10\/07\/2o-turno-em-ribeirao-preto-quero-muito-fazer-historia-diz-ricardo-silva\/","url_meta":{"origin":69598,"position":2},"title":"2\u00ba turno em Ribeir\u00e3o Preto: \u2018Quero muito fazer hist\u00f3ria\u2019, diz Ricardo Silva","author":"ismaelcolosi.com.br","date":"7 de October de 2024","format":false,"excerpt":"O candidato Ricardo Silva (PSD) disse nesta segunda-feira (7), em entrevista ao acidade on, querer \u201cfazer hist\u00f3ria\u201d em Ribeir\u00e3o Preto. Ele obteve 128.466 votos (48,44%) neste domingo (6) e est\u00e1 no segundo turno das elei\u00e7\u00f5es 2024. Assista ao v\u00eddeo abaixo. Ver essa foto no Instagram Uma publica\u00e7\u00e3o compartilhada por acidade\u2026","rel":"","context":"In &quot;Not\u00edcias de Ribeir\u00e3o Preto-SP e Regi\u00e3o&quot;","block_context":{"text":"Not\u00edcias de Ribeir\u00e3o Preto-SP e Regi\u00e3o","link":"https:\/\/ismaelcolosi.com.br\/index.php\/category\/noticias-de-ribeirao-preto-sp-e-regiao-ismael-colosi\/"},"img":{"alt_text":"","src":"https:\/\/i0.wp.com\/ismaelcolosi.com.br\/wp-content\/uploads\/2024\/10\/ricardo-silva-on_2024-10-07_17-59-54_jpg_2024-10-07_17-59-54.webp.webp?fit=1200%2C887&ssl=1&resize=350%2C200","width":350,"height":200,"srcset":"https:\/\/i0.wp.com\/ismaelcolosi.com.br\/wp-content\/uploads\/2024\/10\/ricardo-silva-on_2024-10-07_17-59-54_jpg_2024-10-07_17-59-54.webp.webp?fit=1200%2C887&ssl=1&resize=350%2C200 1x, https:\/\/i0.wp.com\/ismaelcolosi.com.br\/wp-content\/uploads\/2024\/10\/ricardo-silva-on_2024-10-07_17-59-54_jpg_2024-10-07_17-59-54.webp.webp?fit=1200%2C887&ssl=1&resize=525%2C300 1.5x, https:\/\/i0.wp.com\/ismaelcolosi.com.br\/wp-content\/uploads\/2024\/10\/ricardo-silva-on_2024-10-07_17-59-54_jpg_2024-10-07_17-59-54.webp.webp?fit=1200%2C887&ssl=1&resize=700%2C400 2x, https:\/\/i0.wp.com\/ismaelcolosi.com.br\/wp-content\/uploads\/2024\/10\/ricardo-silva-on_2024-10-07_17-59-54_jpg_2024-10-07_17-59-54.webp.webp?fit=1200%2C887&ssl=1&resize=1050%2C600 3x"},"classes":[]},{"id":69883,"url":"https:\/\/ismaelcolosi.com.br\/index.php\/2024\/10\/08\/2o-turno-em-ribeirao-preto-temos-um-projeto-anticorrupcao-eficaz-diz-marco-aurelio\/","url_meta":{"origin":69598,"position":3},"title":"2\u00ba turno em Ribeir\u00e3o Preto: \u2018Temos um projeto anticorrup\u00e7\u00e3o eficaz\u2019, diz Marco Aur\u00e9lio","author":"ismaelcolosi.com.br","date":"8 de October de 2024","format":false,"excerpt":"O candidato Marco Aur\u00e9lio (Novo) disse\u00a0nesta ter\u00e7a-feira (8),\u00a0em entrevista ao acidade on, ter um \u201cprojeto anticorrup\u00e7\u00e3o eficaz\u201d para Ribeir\u00e3o Preto.\u00a0Ele obteve\u00a066.136 votos (24,94%) neste\u00a0domingo (6)\u00a0e est\u00e1 no\u00a0segundo turno\u00a0das\u00a0elei\u00e7\u00f5es 2024. Assista\u00a0ao\u00a0v\u00eddeo\u00a0abaixo. \u201cN\u00f3s estaremos nas propagandas eleitorais [para o eleitor] conhecer nossos projetos, a que viemos. \u00c9 um projeto anticorrup\u00e7\u00e3o e com\u2026","rel":"","context":"In &quot;Not\u00edcias de Ribeir\u00e3o Preto-SP e Regi\u00e3o&quot;","block_context":{"text":"Not\u00edcias de Ribeir\u00e3o Preto-SP e Regi\u00e3o","link":"https:\/\/ismaelcolosi.com.br\/index.php\/category\/noticias-de-ribeirao-preto-sp-e-regiao-ismael-colosi\/"},"img":{"alt_text":"","src":"https:\/\/i0.wp.com\/ismaelcolosi.com.br\/wp-content\/uploads\/2024\/10\/WhatsApp-Image-2024-10-08-at-14.36.13_2024-10-08_17-38-30_jpeg_2024-10-08_17-38-30.webp.webp?fit=601%2C521&ssl=1&resize=350%2C200","width":350,"height":200,"srcset":"https:\/\/i0.wp.com\/ismaelcolosi.com.br\/wp-content\/uploads\/2024\/10\/WhatsApp-Image-2024-10-08-at-14.36.13_2024-10-08_17-38-30_jpeg_2024-10-08_17-38-30.webp.webp?fit=601%2C521&ssl=1&resize=350%2C200 1x, https:\/\/i0.wp.com\/ismaelcolosi.com.br\/wp-content\/uploads\/2024\/10\/WhatsApp-Image-2024-10-08-at-14.36.13_2024-10-08_17-38-30_jpeg_2024-10-08_17-38-30.webp.webp?fit=601%2C521&ssl=1&resize=525%2C300 1.5x"},"classes":[]},{"id":73586,"url":"https:\/\/ismaelcolosi.com.br\/index.php\/2024\/10\/27\/saimos-vitoriosos-diz-marco-aurelio-ao-avaliar-desempenho-no-2o-turno-em-ribeirao\/","url_meta":{"origin":69598,"position":4},"title":"\u2018Sa\u00edmos vitoriosos\u2019, diz Marco Aur\u00e9lio ao avaliar desempenho no 2\u00ba turno em Ribeir\u00e3o","author":"ismaelcolosi.com.br","date":"27 de October de 2024","format":false,"excerpt":"O candidato derrotado no 2\u00ba turno das elei\u00e7\u00f5es\u00a02024 em Ribeir\u00e3o Preto, Marco Aur\u00e9lio (Novo), avaliou que saiu vitorioso das urnas, em raz\u00e3o da diferen\u00e7a de apenas 687 votos para Ricardo Silva, o novo prefeito eleito. \u201cN\u00f3s cumprimos com louvor uma bela de uma batalha que o povo veio conosco. Tenho\u2026","rel":"","context":"In &quot;Not\u00edcias de Ribeir\u00e3o Preto-SP e Regi\u00e3o&quot;","block_context":{"text":"Not\u00edcias de Ribeir\u00e3o Preto-SP e Regi\u00e3o","link":"https:\/\/ismaelcolosi.com.br\/index.php\/category\/noticias-de-ribeirao-preto-sp-e-regiao-ismael-colosi\/"},"img":{"alt_text":"","src":"https:\/\/i0.wp.com\/ismaelcolosi.com.br\/wp-content\/uploads\/2024\/10\/WhatsApp-Image-2024-10-08-at-14.36.13_2024-10-08_17-38-30_jpeg_2024-10-08_17-38-30.webp.webp?fit=601%2C521&ssl=1&resize=350%2C200","width":350,"height":200,"srcset":"https:\/\/i0.wp.com\/ismaelcolosi.com.br\/wp-content\/uploads\/2024\/10\/WhatsApp-Image-2024-10-08-at-14.36.13_2024-10-08_17-38-30_jpeg_2024-10-08_17-38-30.webp.webp?fit=601%2C521&ssl=1&resize=350%2C200 1x, https:\/\/i0.wp.com\/ismaelcolosi.com.br\/wp-content\/uploads\/2024\/10\/WhatsApp-Image-2024-10-08-at-14.36.13_2024-10-08_17-38-30_jpeg_2024-10-08_17-38-30.webp.webp?fit=601%2C521&ssl=1&resize=525%2C300 1.5x"},"classes":[]},{"id":66700,"url":"https:\/\/ismaelcolosi.com.br\/index.php\/2024\/09\/18\/veja-a-simulacao-do-2o-turno-das-eleicoes-municipais-em-ribeirao-preto\/","url_meta":{"origin":69598,"position":5},"title":"Veja a simula\u00e7\u00e3o do 2\u00ba turno das elei\u00e7\u00f5es municipais em Ribeir\u00e3o Preto","author":"ismaelcolosi.com.br","date":"18 de September de 2024","format":false,"excerpt":"O instituto Quaest e a EPTV divulgaram nesta quarta-feira (18), a segunda pesquisa de inten\u00e7\u00e3o de voto \u00e0 Prefeitura de Ribeir\u00e3o Preto. O levantamento mostra as inten\u00e7\u00f5es de voto em eventual segundo turno nas elei\u00e7\u00f5es de 2024. Conforme a pesquisa, o candidato Ricardo Silva (PSD) venceria Jorge Roque (PT), Andr\u00e9\u2026","rel":"","context":"In &quot;Not\u00edcias de Ribeir\u00e3o Preto-SP e Regi\u00e3o&quot;","block_context":{"text":"Not\u00edcias de Ribeir\u00e3o Preto-SP e Regi\u00e3o","link":"https:\/\/ismaelcolosi.com.br\/index.php\/category\/noticias-de-ribeirao-preto-sp-e-regiao-ismael-colosi\/"},"img":{"alt_text":"","src":"https:\/\/i0.wp.com\/ismaelcolosi.com.br\/wp-content\/uploads\/2024\/09\/1726702779_urnas_ribeirao.jpg?fit=1200%2C717&ssl=1&resize=350%2C200","width":350,"height":200,"srcset":"https:\/\/i0.wp.com\/ismaelcolosi.com.br\/wp-content\/uploads\/2024\/09\/1726702779_urnas_ribeirao.jpg?fit=1200%2C717&ssl=1&resize=350%2C200 1x, https:\/\/i0.wp.com\/ismaelcolosi.com.br\/wp-content\/uploads\/2024\/09\/1726702779_urnas_ribeirao.jpg?fit=1200%2C717&ssl=1&resize=525%2C300 1.5x, https:\/\/i0.wp.com\/ismaelcolosi.com.br\/wp-content\/uploads\/2024\/09\/1726702779_urnas_ribeirao.jpg?fit=1200%2C717&ssl=1&resize=700%2C400 2x, https:\/\/i0.wp.com\/ismaelcolosi.com.br\/wp-content\/uploads\/2024\/09\/1726702779_urnas_ribeirao.jpg?fit=1200%2C717&ssl=1&resize=1050%2C600 3x"},"classes":[]}],"jetpack_sharing_enabled":true,"jetpack_shortlink":"https:\/\/wp.me\/pfMlyK-i6y","_links":{"self":[{"href":"https:\/\/ismaelcolosi.com.br\/index.php\/wp-json\/wp\/v2\/posts\/69598","targetHints":{"allow":["GET"]}}],"collection":[{"href":"https:\/\/ismaelcolosi.com.br\/index.php\/wp-json\/wp\/v2\/posts"}],"about":[{"href":"https:\/\/ismaelcolosi.com.br\/index.php\/wp-json\/wp\/v2\/types\/post"}],"author":[{"embeddable":true,"href":"https:\/\/ismaelcolosi.com.br\/index.php\/wp-json\/wp\/v2\/users\/1"}],"replies":[{"embeddable":true,"href":"https:\/\/ismaelcolosi.com.br\/index.php\/wp-json\/wp\/v2\/comments?post=69598"}],"version-history":[{"count":0,"href":"https:\/\/ismaelcolosi.com.br\/index.php\/wp-json\/wp\/v2\/posts\/69598\/revisions"}],"wp:featuredmedia":[{"embeddable":true,"href":"https:\/\/ismaelcolosi.com.br\/index.php\/wp-json\/wp\/v2\/media\/69599"}],"wp:attachment":[{"href":"https:\/\/ismaelcolosi.com.br\/index.php\/wp-json\/wp\/v2\/media?parent=69598"}],"wp:term":[{"taxonomy":"category","embeddable":true,"href":"https:\/\/ismaelcolosi.com.br\/index.php\/wp-json\/wp\/v2\/categories?post=69598"},{"taxonomy":"post_tag","embeddable":true,"href":"https:\/\/ismaelcolosi.com.br\/index.php\/wp-json\/wp\/v2\/tags?post=69598"}],"curies":[{"name":"wp","href":"https:\/\/api.w.org\/{rel}","templated":true}]}}