{"id":69596,"date":"2024-10-06T21:53:37","date_gmt":"2024-10-07T00:53:37","guid":{"rendered":"https:\/\/ismaelcolosi.com.br\/index.php\/2024\/10\/06\/ricardo-nunes-e-guilherme-boulos-vao-disputar-o-2o-turno-em-sao-paulo\/"},"modified":"2024-10-06T21:53:37","modified_gmt":"2024-10-07T00:53:37","slug":"ricardo-nunes-e-guilherme-boulos-vao-disputar-o-2o-turno-em-sao-paulo","status":"publish","type":"post","link":"https:\/\/ismaelcolosi.com.br\/index.php\/2024\/10\/06\/ricardo-nunes-e-guilherme-boulos-vao-disputar-o-2o-turno-em-sao-paulo\/","title":{"rendered":"Ricardo Nunes e Guilherme Boulos v\u00e3o disputar o 2\u00ba turno em S\u00e3o Paulo"},"content":{"rendered":"<p> <br \/>\n<\/p>\n<div data-td-block-uid=\"tdi_106\">\n<div class=\"tdb-block-inner td-fix-index\">\n<p>Os candidatos <strong>Ricardo Nunes (MDB)<\/strong> e <strong>Guilherme Boulos (PSOL)<\/strong> v\u00e3o decidir no <strong>2\u00ba turno<\/strong> em <strong>S\u00e3o Paulo<\/strong>, que ser\u00e1 realizado no dia <strong>27 de outubro<\/strong>.<\/p>\n<p>Conforme os dados do <strong>Tribunal Superior Eleitoral (TSE)<\/strong>, \u00e0s <strong>21h<\/strong>, <strong>Ricardo<\/strong> <strong>Nunes<\/strong> recebeu <strong>1.769,638 <\/strong>votos <strong>(29,52%)<\/strong> e <strong>Boulos<\/strong> teve <strong>1.740.393<\/strong> votos <strong>(29,03%)<\/strong>.<\/p>\n<p><strong>Pablo Mar\u00e7al (PRTB)<\/strong> ficou em terceiro lugar com <strong>1.686.523 <\/strong>\u00a0votos, o que representa <strong>28,13%<\/strong> dos votos. J\u00e1 o quarto e quinto colocados, respectivamente, foram <strong>Tabata Amaral (PSB)<\/strong>, com <strong>9,94%<\/strong> e <strong>595.800<\/strong> dos votos e <strong>Datena (PSDB)<\/strong> com <strong>1,83%<\/strong> e <strong>109.850<\/strong> votos.<\/p>\n<p><strong>Marina Helena (Novo)<\/strong> teve <strong>1,39%<\/strong> e <strong>83.094 <\/strong>dos votos. <strong>Ricardo Senese (UP) <\/strong>teve <strong>0,09% <\/strong>e <strong>5.477<\/strong> dos votos. <strong>Altino Prazeres (PSTU) <\/strong>teve <strong>0,05%<\/strong> e <strong>2.965 <\/strong>dos votos. <strong>Jo\u00e3o Pimenta <\/strong>teve <strong>0,02% <\/strong>e <strong>942<\/strong> votos e <strong>Bebeto Haddad <\/strong>teve <strong>0,01%<\/strong> e <strong>811<\/strong> votos.<\/p>\n<p>O <strong>1\u00ba turno<\/strong> das elei\u00e7\u00f5es em <strong>S\u00e3o Paulo <\/strong>teve <strong>3,55%<\/strong> de votos brancos e <strong>6,22%<\/strong> de votos nulos.<\/p>\n<p>A apura\u00e7\u00e3o completa voc\u00ea acompanha no<strong>\u00a0acidade on<\/strong>. Os n\u00fameros ser\u00e3o atualizados pelo\u00a0<strong>TSE (Tribunal Superior Eleitoral)\u00a0<\/strong>logo em seguida ao t\u00e9rmino da vota\u00e7\u00e3o.\u00a0<a href=\"https:\/\/apuracao.acidadeon.com\/ribeiraopreto\/\" target=\"_blank\" rel=\"noreferrer noopener\">Clique aqui para acompanhar.<\/a><\/p>\n<p><!-- CONTENT END 1 -->\n<\/div>\n<\/div>\n<p><br \/>\n<br \/><a href=\"https:\/\/www.acidadeon.com\/ribeiraopreto\/politica\/ricardo-nunes-e-guilherme-boulos-vao-disputar-o-2o-turno-em-sao-paulo\/\">Source link <\/a><\/p>\n","protected":false},"excerpt":{"rendered":"<p>Os candidatos Ricardo Nunes (MDB) e Guilherme Boulos (PSOL) v\u00e3o decidir no 2\u00ba turno em S\u00e3o Paulo, que ser\u00e1 realizado no dia 27 de outubro&#8230;.<\/p>\n","protected":false},"author":1,"featured_media":69597,"comment_status":"open","ping_status":"open","sticky":false,"template":"","format":"standard","meta":{"_uag_custom_page_level_css":"","advanced_seo_description":"","jetpack_seo_html_title":"","jetpack_seo_noindex":false,"jetpack_post_was_ever_published":false,"_jetpack_newsletter_access":"","_jetpack_dont_email_post_to_subs":false,"_jetpack_newsletter_tier_id":0,"_jetpack_memberships_contains_paywalled_content":false,"_jetpack_memberships_contains_paid_content":false,"footnotes":"","jetpack_publicize_message":"","jetpack_publicize_feature_enabled":true,"jetpack_social_post_already_shared":true,"jetpack_social_options":{"image_generator_settings":{"template":"highway","default_image_id":0,"font":"","enabled":false},"version":2}},"categories":[11],"tags":[],"class_list":["post-69596","post","type-post","status-publish","format-standard","has-post-thumbnail","hentry","category-noticias-de-ribeirao-preto-sp-e-regiao-ismael-colosi"],"jetpack_publicize_connections":[],"jetpack_featured_media_url":"https:\/\/i0.wp.com\/ismaelcolosi.com.br\/wp-content\/uploads\/2024\/10\/Copia-de-Copia-de-Copia-de-TAMANHO-EXATO-PARA-FOTOS-NO-SISTEMA-NOVO-23_2024-10-07_00-00-04_jpg_2024-10-07_00-00-04.webp.webp?fit=1200%2C675&ssl=1","uagb_featured_image_src":{"full":["https:\/\/i0.wp.com\/ismaelcolosi.com.br\/wp-content\/uploads\/2024\/10\/Copia-de-Copia-de-Copia-de-TAMANHO-EXATO-PARA-FOTOS-NO-SISTEMA-NOVO-23_2024-10-07_00-00-04_jpg_2024-10-07_00-00-04.webp.webp?fit=1200%2C675&ssl=1",1200,675,false],"thumbnail":["https:\/\/i0.wp.com\/ismaelcolosi.com.br\/wp-content\/uploads\/2024\/10\/Copia-de-Copia-de-Copia-de-TAMANHO-EXATO-PARA-FOTOS-NO-SISTEMA-NOVO-23_2024-10-07_00-00-04_jpg_2024-10-07_00-00-04.webp.webp?resize=150%2C150&ssl=1",150,150,true],"medium":["https:\/\/i0.wp.com\/ismaelcolosi.com.br\/wp-content\/uploads\/2024\/10\/Copia-de-Copia-de-Copia-de-TAMANHO-EXATO-PARA-FOTOS-NO-SISTEMA-NOVO-23_2024-10-07_00-00-04_jpg_2024-10-07_00-00-04.webp.webp?fit=300%2C169&ssl=1",300,169,true],"medium_large":["https:\/\/i0.wp.com\/ismaelcolosi.com.br\/wp-content\/uploads\/2024\/10\/Copia-de-Copia-de-Copia-de-TAMANHO-EXATO-PARA-FOTOS-NO-SISTEMA-NOVO-23_2024-10-07_00-00-04_jpg_2024-10-07_00-00-04.webp.webp?fit=768%2C432&ssl=1",768,432,true],"large":["https:\/\/i0.wp.com\/ismaelcolosi.com.br\/wp-content\/uploads\/2024\/10\/Copia-de-Copia-de-Copia-de-TAMANHO-EXATO-PARA-FOTOS-NO-SISTEMA-NOVO-23_2024-10-07_00-00-04_jpg_2024-10-07_00-00-04.webp.webp?fit=1024%2C576&ssl=1",1024,576,true],"1536x1536":["https:\/\/i0.wp.com\/ismaelcolosi.com.br\/wp-content\/uploads\/2024\/10\/Copia-de-Copia-de-Copia-de-TAMANHO-EXATO-PARA-FOTOS-NO-SISTEMA-NOVO-23_2024-10-07_00-00-04_jpg_2024-10-07_00-00-04.webp.webp?fit=1200%2C675&ssl=1",1200,675,true],"2048x2048":["https:\/\/i0.wp.com\/ismaelcolosi.com.br\/wp-content\/uploads\/2024\/10\/Copia-de-Copia-de-Copia-de-TAMANHO-EXATO-PARA-FOTOS-NO-SISTEMA-NOVO-23_2024-10-07_00-00-04_jpg_2024-10-07_00-00-04.webp.webp?fit=1200%2C675&ssl=1",1200,675,true],"really-simple-thumb":["https:\/\/i0.wp.com\/ismaelcolosi.com.br\/wp-content\/uploads\/2024\/10\/Copia-de-Copia-de-Copia-de-TAMANHO-EXATO-PARA-FOTOS-NO-SISTEMA-NOVO-23_2024-10-07_00-00-04_jpg_2024-10-07_00-00-04.webp.webp?resize=370%2C247&ssl=1",370,247,true]},"uagb_author_info":{"display_name":"ismaelcolosi.com.br","author_link":"https:\/\/ismaelcolosi.com.br\/index.php\/author\/vidareal-online\/"},"uagb_comment_info":0,"uagb_excerpt":"Os candidatos Ricardo Nunes (MDB) e Guilherme Boulos (PSOL) v\u00e3o decidir no 2\u00ba turno em S\u00e3o Paulo, que ser\u00e1 realizado no dia 27 de outubro....","jetpack-related-posts":[{"id":71716,"url":"https:\/\/ismaelcolosi.com.br\/index.php\/2024\/10\/17\/de-saida-reuniao-na-proxima-semana-pode-definir-futuro-de-nogueira-no-psdb\/","url_meta":{"origin":69596,"position":0},"title":"De sa\u00edda? Reuni\u00e3o na pr\u00f3xima semana pode definir futuro de Nogueira no PSDB","author":"ismaelcolosi.com.br","date":"17 de October de 2024","format":false,"excerpt":"O presidente nacional do PSDB, Marconi Perillo, deve se reunir com Duarte Nogueira para discutir a manuten\u00e7\u00e3o do prefeito de Ribeir\u00e3o Preto na legenda. Nogueira \u00e9 o atual presidente da Federa\u00e7\u00e3o PSDB\/Cidadania no Estado de S\u00e3o Paulo. A informa\u00e7\u00e3o foi publicada pela coluna Painel, da Folha de S. Paulo, e\u2026","rel":"","context":"In &quot;Not\u00edcias de Ribeir\u00e3o Preto-SP e Regi\u00e3o&quot;","block_context":{"text":"Not\u00edcias de Ribeir\u00e3o Preto-SP e Regi\u00e3o","link":"https:\/\/ismaelcolosi.com.br\/index.php\/category\/noticias-de-ribeirao-preto-sp-e-regiao-ismael-colosi\/"},"img":{"alt_text":"","src":"https:\/\/i0.wp.com\/ismaelcolosi.com.br\/wp-content\/uploads\/2024\/10\/duarte-nogueira_2024-10-17_17-55-49_jpeg_2024-10-17_17-55-50.webp.webp?fit=1200%2C800&ssl=1&resize=350%2C200","width":350,"height":200,"srcset":"https:\/\/i0.wp.com\/ismaelcolosi.com.br\/wp-content\/uploads\/2024\/10\/duarte-nogueira_2024-10-17_17-55-49_jpeg_2024-10-17_17-55-50.webp.webp?fit=1200%2C800&ssl=1&resize=350%2C200 1x, https:\/\/i0.wp.com\/ismaelcolosi.com.br\/wp-content\/uploads\/2024\/10\/duarte-nogueira_2024-10-17_17-55-49_jpeg_2024-10-17_17-55-50.webp.webp?fit=1200%2C800&ssl=1&resize=525%2C300 1.5x, https:\/\/i0.wp.com\/ismaelcolosi.com.br\/wp-content\/uploads\/2024\/10\/duarte-nogueira_2024-10-17_17-55-49_jpeg_2024-10-17_17-55-50.webp.webp?fit=1200%2C800&ssl=1&resize=700%2C400 2x, https:\/\/i0.wp.com\/ismaelcolosi.com.br\/wp-content\/uploads\/2024\/10\/duarte-nogueira_2024-10-17_17-55-49_jpeg_2024-10-17_17-55-50.webp.webp?fit=1200%2C800&ssl=1&resize=1050%2C600 3x"},"classes":[]},{"id":74101,"url":"https:\/\/ismaelcolosi.com.br\/index.php\/2024\/10\/29\/abstencao-na-eleicao-de-sao-paulo-e-a-maior-em-40-anos\/","url_meta":{"origin":69596,"position":1},"title":"Absten\u00e7\u00e3o na elei\u00e7\u00e3o de S\u00e3o Paulo \u00e9 a maior em 40 anos","author":"ismaelcolosi.com.br","date":"29 de October de 2024","format":false,"excerpt":"Ricardo Nunes foi reeleito prefeito de S\u00e3o Paulo neste domingo, 27, em vota\u00e7\u00e3o que teve absten\u00e7\u00e3o recorde. A capital registrou neste ano o maior \u00edndice de aus\u00eancia em um segundo turno desde a redemocratiza\u00e7\u00e3o: mais de 2,94 milh\u00f5es de eleitores (31,54%) n\u00e3o foram \u00e0s urnas. O n\u00famero supera a vota\u00e7\u00e3o\u2026","rel":"","context":"In &quot;Not\u00edcias de Ribeir\u00e3o Preto-SP e Regi\u00e3o&quot;","block_context":{"text":"Not\u00edcias de Ribeir\u00e3o Preto-SP e Regi\u00e3o","link":"https:\/\/ismaelcolosi.com.br\/index.php\/category\/noticias-de-ribeirao-preto-sp-e-regiao-ismael-colosi\/"},"img":{"alt_text":"","src":"https:\/\/i0.wp.com\/ismaelcolosi.com.br\/wp-content\/uploads\/2024\/10\/c9495433-f207-48b0-ac4f-af1cf1c84d96-scaled.jpeg?fit=800%2C450&ssl=1&resize=350%2C200","width":350,"height":200,"srcset":"https:\/\/i0.wp.com\/ismaelcolosi.com.br\/wp-content\/uploads\/2024\/10\/c9495433-f207-48b0-ac4f-af1cf1c84d96-scaled.jpeg?fit=800%2C450&ssl=1&resize=350%2C200 1x, https:\/\/i0.wp.com\/ismaelcolosi.com.br\/wp-content\/uploads\/2024\/10\/c9495433-f207-48b0-ac4f-af1cf1c84d96-scaled.jpeg?fit=800%2C450&ssl=1&resize=525%2C300 1.5x, https:\/\/i0.wp.com\/ismaelcolosi.com.br\/wp-content\/uploads\/2024\/10\/c9495433-f207-48b0-ac4f-af1cf1c84d96-scaled.jpeg?fit=800%2C450&ssl=1&resize=700%2C400 2x"},"classes":[]},{"id":69606,"url":"https:\/\/ismaelcolosi.com.br\/index.php\/2024\/10\/06\/veja-como-foi-a-votacao-nas-principais-cidades-do-interior-de-sp\/","url_meta":{"origin":69596,"position":2},"title":"Veja como foi a vota\u00e7\u00e3o nas principais cidades do interior de SP","author":"ismaelcolosi.com.br","date":"6 de October de 2024","format":false,"excerpt":"Com 100% das urnas apuradas em todo o Estado de S\u00e3o Paulo, as principais cidades do interior paulista j\u00e1 definiram se v\u00e3o ter segundo turno ou se elegeram seus novos prefeitos nas elei\u00e7\u00f5es 2024. Ribeir\u00e3o Preto vai ter segundo turno entre Ricardo Silva (PSD) e Marco Aur\u00e9lio (Novo), j\u00e1 em\u2026","rel":"","context":"In &quot;Not\u00edcias de Ribeir\u00e3o Preto-SP e Regi\u00e3o&quot;","block_context":{"text":"Not\u00edcias de Ribeir\u00e3o Preto-SP e Regi\u00e3o","link":"https:\/\/ismaelcolosi.com.br\/index.php\/category\/noticias-de-ribeirao-preto-sp-e-regiao-ismael-colosi\/"},"img":{"alt_text":"","src":"https:\/\/i0.wp.com\/ismaelcolosi.com.br\/wp-content\/uploads\/2024\/09\/urna-nova_2024-09-20_19-00-21_jpg_2024-09-20_19-00-21.webp.webp?fit=1170%2C700&ssl=1&resize=350%2C200","width":350,"height":200,"srcset":"https:\/\/i0.wp.com\/ismaelcolosi.com.br\/wp-content\/uploads\/2024\/09\/urna-nova_2024-09-20_19-00-21_jpg_2024-09-20_19-00-21.webp.webp?fit=1170%2C700&ssl=1&resize=350%2C200 1x, https:\/\/i0.wp.com\/ismaelcolosi.com.br\/wp-content\/uploads\/2024\/09\/urna-nova_2024-09-20_19-00-21_jpg_2024-09-20_19-00-21.webp.webp?fit=1170%2C700&ssl=1&resize=525%2C300 1.5x, https:\/\/i0.wp.com\/ismaelcolosi.com.br\/wp-content\/uploads\/2024\/09\/urna-nova_2024-09-20_19-00-21_jpg_2024-09-20_19-00-21.webp.webp?fit=1170%2C700&ssl=1&resize=700%2C400 2x, https:\/\/i0.wp.com\/ismaelcolosi.com.br\/wp-content\/uploads\/2024\/09\/urna-nova_2024-09-20_19-00-21_jpg_2024-09-20_19-00-21.webp.webp?fit=1170%2C700&ssl=1&resize=1050%2C600 3x"},"classes":[]},{"id":69581,"url":"https:\/\/ismaelcolosi.com.br\/index.php\/2024\/10\/06\/ricardo-silva-e-marco-aurelio-vao-disputar-o-2o-turno-em-ribeirao-preto\/","url_meta":{"origin":69596,"position":3},"title":"Ricardo Silva e Marco Aurelio v\u00e3o disputar o 2\u00ba turno em Ribeir\u00e3o Preto","author":"ismaelcolosi.com.br","date":"6 de October de 2024","format":false,"excerpt":"Os candidatos Ricardo Silva (PSD) e Marco Aurelio (Novo) v\u00e3o decidir no 2\u00ba turno, que ser\u00e1 realizado no dia 27 de outubro, quem ser\u00e1 o pr\u00f3ximo prefeito de Ribeir\u00e3o Preto. Conforme os dados do Tribunal Superior Eleitoral (TSE), ao final da apura\u00e7\u00e3o, \u00e0s 19h29, o deputado federal recebeu 128.433 mil\u2026","rel":"","context":"In &quot;Not\u00edcias de Ribeir\u00e3o Preto-SP e Regi\u00e3o&quot;","block_context":{"text":"Not\u00edcias de Ribeir\u00e3o Preto-SP e Regi\u00e3o","link":"https:\/\/ismaelcolosi.com.br\/index.php\/category\/noticias-de-ribeirao-preto-sp-e-regiao-ismael-colosi\/"},"img":{"alt_text":"","src":"https:\/\/i0.wp.com\/ismaelcolosi.com.br\/wp-content\/uploads\/2024\/10\/Copia-de-Copia-de-Copia-de-TAMANHO-EXATO-PARA-FOTOS-NO-SISTEMA-NOVO-95_2024-10-06_22-19-13_png_2024-10-06_22-19-13.webp.webp?fit=1200%2C675&ssl=1&resize=350%2C200","width":350,"height":200,"srcset":"https:\/\/i0.wp.com\/ismaelcolosi.com.br\/wp-content\/uploads\/2024\/10\/Copia-de-Copia-de-Copia-de-TAMANHO-EXATO-PARA-FOTOS-NO-SISTEMA-NOVO-95_2024-10-06_22-19-13_png_2024-10-06_22-19-13.webp.webp?fit=1200%2C675&ssl=1&resize=350%2C200 1x, https:\/\/i0.wp.com\/ismaelcolosi.com.br\/wp-content\/uploads\/2024\/10\/Copia-de-Copia-de-Copia-de-TAMANHO-EXATO-PARA-FOTOS-NO-SISTEMA-NOVO-95_2024-10-06_22-19-13_png_2024-10-06_22-19-13.webp.webp?fit=1200%2C675&ssl=1&resize=525%2C300 1.5x, https:\/\/i0.wp.com\/ismaelcolosi.com.br\/wp-content\/uploads\/2024\/10\/Copia-de-Copia-de-Copia-de-TAMANHO-EXATO-PARA-FOTOS-NO-SISTEMA-NOVO-95_2024-10-06_22-19-13_png_2024-10-06_22-19-13.webp.webp?fit=1200%2C675&ssl=1&resize=700%2C400 2x, https:\/\/i0.wp.com\/ismaelcolosi.com.br\/wp-content\/uploads\/2024\/10\/Copia-de-Copia-de-Copia-de-TAMANHO-EXATO-PARA-FOTOS-NO-SISTEMA-NOVO-95_2024-10-06_22-19-13_png_2024-10-06_22-19-13.webp.webp?fit=1200%2C675&ssl=1&resize=1050%2C600 3x"},"classes":[]},{"id":69770,"url":"https:\/\/ismaelcolosi.com.br\/index.php\/2024\/10\/07\/quaest-explica-resultado-diferente-do-divulgado-na-ultima-pesquisa-para-ribeirao-preto\/","url_meta":{"origin":69596,"position":4},"title":"Quaest explica resultado diferente do divulgado na \u00faltima\u00a0pesquisa para Ribeir\u00e3o Preto","author":"ismaelcolosi.com.br","date":"7 de October de 2024","format":false,"excerpt":"Na v\u00e9spera do primeiro turno das elei\u00e7\u00f5es municipais, a Quaest divulgou uma pesquisa, contratada pela EPTV, que indicava a elei\u00e7\u00e3o do candidato Ricardo Silva (PSD). No entanto, o resultado foi diferente do projetado pelo instituto. Ricardo Silva (PSD) teve 48,44% dos votos, e Marco Aurelio (NOVO) ficou com 24,94%. Os\u2026","rel":"","context":"In &quot;Not\u00edcias de Ribeir\u00e3o Preto-SP e Regi\u00e3o&quot;","block_context":{"text":"Not\u00edcias de Ribeir\u00e3o Preto-SP e Regi\u00e3o","link":"https:\/\/ismaelcolosi.com.br\/index.php\/category\/noticias-de-ribeirao-preto-sp-e-regiao-ismael-colosi\/"},"img":{"alt_text":"","src":"https:\/\/i0.wp.com\/ismaelcolosi.com.br\/wp-content\/uploads\/2024\/10\/Copia-de-Copia-de-Copia-de-TAMANHO-EXATO-PARA-FOTOS-NO-SISTEMA-NOVO-9_2024-10-07_23-09-12_png_2024-10-07_23-09-13.webp.webp?fit=1200%2C675&ssl=1&resize=350%2C200","width":350,"height":200,"srcset":"https:\/\/i0.wp.com\/ismaelcolosi.com.br\/wp-content\/uploads\/2024\/10\/Copia-de-Copia-de-Copia-de-TAMANHO-EXATO-PARA-FOTOS-NO-SISTEMA-NOVO-9_2024-10-07_23-09-12_png_2024-10-07_23-09-13.webp.webp?fit=1200%2C675&ssl=1&resize=350%2C200 1x, https:\/\/i0.wp.com\/ismaelcolosi.com.br\/wp-content\/uploads\/2024\/10\/Copia-de-Copia-de-Copia-de-TAMANHO-EXATO-PARA-FOTOS-NO-SISTEMA-NOVO-9_2024-10-07_23-09-12_png_2024-10-07_23-09-13.webp.webp?fit=1200%2C675&ssl=1&resize=525%2C300 1.5x, https:\/\/i0.wp.com\/ismaelcolosi.com.br\/wp-content\/uploads\/2024\/10\/Copia-de-Copia-de-Copia-de-TAMANHO-EXATO-PARA-FOTOS-NO-SISTEMA-NOVO-9_2024-10-07_23-09-12_png_2024-10-07_23-09-13.webp.webp?fit=1200%2C675&ssl=1&resize=700%2C400 2x, https:\/\/i0.wp.com\/ismaelcolosi.com.br\/wp-content\/uploads\/2024\/10\/Copia-de-Copia-de-Copia-de-TAMANHO-EXATO-PARA-FOTOS-NO-SISTEMA-NOVO-9_2024-10-07_23-09-12_png_2024-10-07_23-09-13.webp.webp?fit=1200%2C675&ssl=1&resize=1050%2C600 3x"},"classes":[]},{"id":73822,"url":"https:\/\/ismaelcolosi.com.br\/index.php\/2024\/10\/28\/quaest-explica-resultado-diferente-do-divulgado-na-ultima-pesquisa-para-ribeirao-preto-2\/","url_meta":{"origin":69596,"position":5},"title":"Quaest explica resultado diferente do divulgado na \u00faltima\u00a0pesquisa para Ribeir\u00e3o Preto","author":"ismaelcolosi.com.br","date":"28 de October de 2024","format":false,"excerpt":"O recorde de absten\u00e7\u00e3o no 2\u00ba turno das elei\u00e7\u00f5es 2024 e a incapacidade de mobilizar eleitores contribu\u00edram para o resultado nas urnas diferente do apontado pela pesquisa divulgada no s\u00e1bado (26), afirma Felipe Nunes, diretor do Quaest. No levantamento publicado \u00e0s v\u00e9speras da vota\u00e7\u00e3o, Ricardo Silva (PSD) aparecia com 57%\u2026","rel":"","context":"In &quot;Not\u00edcias de Ribeir\u00e3o Preto-SP e Regi\u00e3o&quot;","block_context":{"text":"Not\u00edcias de Ribeir\u00e3o Preto-SP e Regi\u00e3o","link":"https:\/\/ismaelcolosi.com.br\/index.php\/category\/noticias-de-ribeirao-preto-sp-e-regiao-ismael-colosi\/"},"img":{"alt_text":"","src":"https:\/\/i0.wp.com\/ismaelcolosi.com.br\/wp-content\/uploads\/2024\/10\/Sem-titulo_2024-10-28_23-55-53_png_2024-10-28_23-55-53.webp.webp?fit=1200%2C536&ssl=1&resize=350%2C200","width":350,"height":200,"srcset":"https:\/\/i0.wp.com\/ismaelcolosi.com.br\/wp-content\/uploads\/2024\/10\/Sem-titulo_2024-10-28_23-55-53_png_2024-10-28_23-55-53.webp.webp?fit=1200%2C536&ssl=1&resize=350%2C200 1x, https:\/\/i0.wp.com\/ismaelcolosi.com.br\/wp-content\/uploads\/2024\/10\/Sem-titulo_2024-10-28_23-55-53_png_2024-10-28_23-55-53.webp.webp?fit=1200%2C536&ssl=1&resize=525%2C300 1.5x, https:\/\/i0.wp.com\/ismaelcolosi.com.br\/wp-content\/uploads\/2024\/10\/Sem-titulo_2024-10-28_23-55-53_png_2024-10-28_23-55-53.webp.webp?fit=1200%2C536&ssl=1&resize=700%2C400 2x, https:\/\/i0.wp.com\/ismaelcolosi.com.br\/wp-content\/uploads\/2024\/10\/Sem-titulo_2024-10-28_23-55-53_png_2024-10-28_23-55-53.webp.webp?fit=1200%2C536&ssl=1&resize=1050%2C600 3x"},"classes":[]}],"jetpack_sharing_enabled":true,"jetpack_shortlink":"https:\/\/wp.me\/pfMlyK-i6w","_links":{"self":[{"href":"https:\/\/ismaelcolosi.com.br\/index.php\/wp-json\/wp\/v2\/posts\/69596","targetHints":{"allow":["GET"]}}],"collection":[{"href":"https:\/\/ismaelcolosi.com.br\/index.php\/wp-json\/wp\/v2\/posts"}],"about":[{"href":"https:\/\/ismaelcolosi.com.br\/index.php\/wp-json\/wp\/v2\/types\/post"}],"author":[{"embeddable":true,"href":"https:\/\/ismaelcolosi.com.br\/index.php\/wp-json\/wp\/v2\/users\/1"}],"replies":[{"embeddable":true,"href":"https:\/\/ismaelcolosi.com.br\/index.php\/wp-json\/wp\/v2\/comments?post=69596"}],"version-history":[{"count":0,"href":"https:\/\/ismaelcolosi.com.br\/index.php\/wp-json\/wp\/v2\/posts\/69596\/revisions"}],"wp:featuredmedia":[{"embeddable":true,"href":"https:\/\/ismaelcolosi.com.br\/index.php\/wp-json\/wp\/v2\/media\/69597"}],"wp:attachment":[{"href":"https:\/\/ismaelcolosi.com.br\/index.php\/wp-json\/wp\/v2\/media?parent=69596"}],"wp:term":[{"taxonomy":"category","embeddable":true,"href":"https:\/\/ismaelcolosi.com.br\/index.php\/wp-json\/wp\/v2\/categories?post=69596"},{"taxonomy":"post_tag","embeddable":true,"href":"https:\/\/ismaelcolosi.com.br\/index.php\/wp-json\/wp\/v2\/tags?post=69596"}],"curies":[{"name":"wp","href":"https:\/\/api.w.org\/{rel}","templated":true}]}}