{"id":69594,"date":"2024-10-06T21:40:48","date_gmt":"2024-10-07T00:40:48","guid":{"rendered":"https:\/\/ismaelcolosi.com.br\/index.php\/2024\/10\/06\/veja-a-repercussao-da-eleicao-entre-os-candidatos-a-prefeitura-de-ribeirao-preto\/"},"modified":"2024-10-06T21:40:48","modified_gmt":"2024-10-07T00:40:48","slug":"veja-a-repercussao-da-eleicao-entre-os-candidatos-a-prefeitura-de-ribeirao-preto","status":"publish","type":"post","link":"https:\/\/ismaelcolosi.com.br\/index.php\/2024\/10\/06\/veja-a-repercussao-da-eleicao-entre-os-candidatos-a-prefeitura-de-ribeirao-preto\/","title":{"rendered":"Veja a repercuss\u00e3o da elei\u00e7\u00e3o entre os candidatos \u00e0 Prefeitura de Ribeir\u00e3o Preto"},"content":{"rendered":"<p> <br \/>\n<\/p>\n<div data-td-block-uid=\"tdi_106\">\n<div class=\"tdb-block-inner td-fix-index\">\n<p><strong>Ribeir\u00e3o Preto<\/strong> teve <strong>cinco candidatos<\/strong> na disputa para o cargo de <strong>prefeito <\/strong>nas <strong>elei\u00e7\u00f5es de 2024<\/strong>.<\/p>\n<p>Conforme dados do<strong> Tribunal Superior Eleitoral (TSE)<\/strong>, os candidatos <strong>Ricardo Silva (PSD)<\/strong> e <strong>Marco Aur\u00e9lio (Novo)<\/strong> v\u00e3o decidir no <strong>2\u00ba turno<\/strong>, que ser\u00e1 realizado no dia 27 de outubro, quem <strong>ser\u00e1 o pr\u00f3ximo prefeito de Ribeir\u00e3o Preto<\/strong>.<\/p>\n<h4 class=\"wp-block-heading\"><strong>Confira o que cada candidato falou sobre o resultado das elei\u00e7\u00f5es<\/strong><\/h4>\n<ul>\n<li><strong>Andr\u00e9 Trindade (Uni\u00e3o) \u2013 <\/strong>\u201cEm rela\u00e7\u00e3o a todos que nos apoiaram gratid\u00e3o nada a reclamar fizemos tudo que pod\u00edamos dentro de um processo eleitoral e a confian\u00e7a dessas pessoas fizeram com que eu, que fui vereador, que tinha vota\u00e7\u00f5es de vereador, fui o \u00faltimo candidato a se apresentado para disputar as elei\u00e7\u00f5es, tivesse uma vota\u00e7\u00f5es expressiva e que deixa a mensagem da gente continuar trabalhando para defender nossa cidade a nossa regi\u00e3o e em todos os aspectos\u201d.<\/li>\n<\/ul>\n<ul>\n<li><strong>Marco Aur\u00e9lio (Novo) \u2013 <\/strong>\u201cUm partido ainda com pouca representatividade no Congresso Nacional. Aqui, a nossa estrutura ainda \u00e9 pequena, mas estamos levando uma mensagem grande para a popula\u00e7\u00e3o. A mensagem de fazer da gest\u00e3o p\u00fablica o que ela deve fazer, servir a popula\u00e7\u00e3o. E a popula\u00e7\u00e3o entendeu isso\u201d.<\/li>\n<\/ul>\n<ul>\n<li><strong>Matheus Coelho (DC) \u2013<\/strong> O portal aguarda um retorno da equipe do candidato.<\/li>\n<\/ul>\n<ul>\n<li><strong>Ricardo Silva (PSD) \u2013 <\/strong>\u201cMuito feliz com os quase 130 mil votos. Agrade\u00e7o a cada um que nos deu essa vantagem gigantesca. Agora, vamos para o segundo turno para mostrar que nosso projeto \u00e9 o melhor, que nosso planejamento vai recolocar Ribeir\u00e3o Preto nos trilhos do respeito \u00e0s pessoas, a quem investe em Ribeir\u00e3o e ao nosso com\u00e9rcio.\u00a0 No segundo turno vamos seguir ao lado das pessoas, sentindo todo esse carinho das pessoas e levando o nosso projeto para Ribeir\u00e3o avan\u00e7ar\u201d.<\/li>\n<\/ul>\n<ul>\n<li><strong>Roque (PT) \u2013 <\/strong>\u201cFizemos uma campanha propositiva e tivemos o melhor resultado da Frente Popular em anos. Sa\u00edmos de cabe\u00e7a erguida e iremos continuar combatendo a onda reacion\u00e1ria que assola o Brasil. Elegemos tr\u00eas vereadoras! Venceremos\u201d.<\/li>\n<\/ul>\n<hr class=\"wp-block-separator has-alpha-channel-opacity\"\/>\n<p>SAIBA MAIS<\/p>\n<p>Ricardo Silva e Marco Aur\u00e9lio v\u00e3o disputar o 2\u00ba turno em Ribeir\u00e3o Preto<\/p>\n<h4 class=\"wp-block-heading\"><strong>FIQUE ON<\/strong><\/h4>\n<p>Fique ligado em tudo que acontece em Ribeir\u00e3o Preto e regi\u00e3o. Siga os perfis do<strong>\u00a0acidade on\u00a0<\/strong>no\u00a0<a href=\"https:\/\/www.instagram.com\/acidadeonribeirao\" target=\"_blank\" rel=\"noreferrer noopener\">Instagram<\/a>\u00a0e no\u00a0<a href=\"https:\/\/www.facebook.com\/acidadeonribeirao\/\" target=\"_blank\" rel=\"noreferrer noopener\">Facebook<\/a>.<\/p>\n<p>Receba not\u00edcias do\u00a0<strong>acidade on\u00a0<\/strong>no WhatsApp.<a href=\"https:\/\/chat.whatsapp.com\/Fg4ok3aAVyB59DP63pRapr\" target=\"_blank\" rel=\"noreferrer noopener\">\u00a0Para entrar no grupo, basta clicar aqui.<\/a><\/p>\n<p>Fa\u00e7a uma den\u00fancia ou sugira uma reportagem sobre Ribeir\u00e3o Preto e regi\u00e3o pelo WhatsApp: 16 99117 7802.<\/p>\n<p>VEJA TAMB\u00c9M<\/p>\n<p>Ubisoft est\u00e1 na mira da Tencent<\/p>\n<p><!-- CONTENT END 1 -->\n<\/div>\n<\/div>\n<p><script async src=\"\/\/www.instagram.com\/embed.js\"><\/script><br \/>\n<br \/><br \/>\n<br \/><a href=\"https:\/\/www.acidadeon.com\/ribeiraopreto\/politica\/eleicoes\/veja-a-repercussao-da-eleicao-entre-os-candidatos-a-prefeitura-de-ribeirao-preto\/\">Source link <\/a><\/p>\n","protected":false},"excerpt":{"rendered":"<p>Ribeir\u00e3o Preto teve cinco candidatos na disputa para o cargo de prefeito nas elei\u00e7\u00f5es de 2024. Conforme dados do Tribunal Superior Eleitoral (TSE), os candidatos&#8230;<\/p>\n","protected":false},"author":1,"featured_media":69595,"comment_status":"open","ping_status":"open","sticky":false,"template":"","format":"standard","meta":{"_uag_custom_page_level_css":"","advanced_seo_description":"","jetpack_seo_html_title":"","jetpack_seo_noindex":false,"jetpack_post_was_ever_published":false,"_jetpack_newsletter_access":"","_jetpack_dont_email_post_to_subs":false,"_jetpack_newsletter_tier_id":0,"_jetpack_memberships_contains_paywalled_content":false,"_jetpack_memberships_contains_paid_content":false,"footnotes":"","jetpack_publicize_message":"","jetpack_publicize_feature_enabled":true,"jetpack_social_post_already_shared":true,"jetpack_social_options":{"image_generator_settings":{"template":"highway","default_image_id":0,"font":"","enabled":false},"version":2}},"categories":[11],"tags":[],"class_list":["post-69594","post","type-post","status-publish","format-standard","has-post-thumbnail","hentry","category-noticias-de-ribeirao-preto-sp-e-regiao-ismael-colosi"],"jetpack_publicize_connections":[],"jetpack_featured_media_url":"https:\/\/i0.wp.com\/ismaelcolosi.com.br\/wp-content\/uploads\/2024\/10\/Copia-de-Copia-de-Copia-de-TAMANHO-EXATO-PARA-FOTOS-NO-SISTEMA-NOVO-97_2024-10-07_00-24-48_png_2024-10-07_00-24-48.webp.webp?fit=1200%2C675&ssl=1","uagb_featured_image_src":{"full":["https:\/\/i0.wp.com\/ismaelcolosi.com.br\/wp-content\/uploads\/2024\/10\/Copia-de-Copia-de-Copia-de-TAMANHO-EXATO-PARA-FOTOS-NO-SISTEMA-NOVO-97_2024-10-07_00-24-48_png_2024-10-07_00-24-48.webp.webp?fit=1200%2C675&ssl=1",1200,675,false],"thumbnail":["https:\/\/i0.wp.com\/ismaelcolosi.com.br\/wp-content\/uploads\/2024\/10\/Copia-de-Copia-de-Copia-de-TAMANHO-EXATO-PARA-FOTOS-NO-SISTEMA-NOVO-97_2024-10-07_00-24-48_png_2024-10-07_00-24-48.webp.webp?resize=150%2C150&ssl=1",150,150,true],"medium":["https:\/\/i0.wp.com\/ismaelcolosi.com.br\/wp-content\/uploads\/2024\/10\/Copia-de-Copia-de-Copia-de-TAMANHO-EXATO-PARA-FOTOS-NO-SISTEMA-NOVO-97_2024-10-07_00-24-48_png_2024-10-07_00-24-48.webp.webp?fit=300%2C169&ssl=1",300,169,true],"medium_large":["https:\/\/i0.wp.com\/ismaelcolosi.com.br\/wp-content\/uploads\/2024\/10\/Copia-de-Copia-de-Copia-de-TAMANHO-EXATO-PARA-FOTOS-NO-SISTEMA-NOVO-97_2024-10-07_00-24-48_png_2024-10-07_00-24-48.webp.webp?fit=768%2C432&ssl=1",768,432,true],"large":["https:\/\/i0.wp.com\/ismaelcolosi.com.br\/wp-content\/uploads\/2024\/10\/Copia-de-Copia-de-Copia-de-TAMANHO-EXATO-PARA-FOTOS-NO-SISTEMA-NOVO-97_2024-10-07_00-24-48_png_2024-10-07_00-24-48.webp.webp?fit=1024%2C576&ssl=1",1024,576,true],"1536x1536":["https:\/\/i0.wp.com\/ismaelcolosi.com.br\/wp-content\/uploads\/2024\/10\/Copia-de-Copia-de-Copia-de-TAMANHO-EXATO-PARA-FOTOS-NO-SISTEMA-NOVO-97_2024-10-07_00-24-48_png_2024-10-07_00-24-48.webp.webp?fit=1200%2C675&ssl=1",1200,675,true],"2048x2048":["https:\/\/i0.wp.com\/ismaelcolosi.com.br\/wp-content\/uploads\/2024\/10\/Copia-de-Copia-de-Copia-de-TAMANHO-EXATO-PARA-FOTOS-NO-SISTEMA-NOVO-97_2024-10-07_00-24-48_png_2024-10-07_00-24-48.webp.webp?fit=1200%2C675&ssl=1",1200,675,true],"really-simple-thumb":["https:\/\/i0.wp.com\/ismaelcolosi.com.br\/wp-content\/uploads\/2024\/10\/Copia-de-Copia-de-Copia-de-TAMANHO-EXATO-PARA-FOTOS-NO-SISTEMA-NOVO-97_2024-10-07_00-24-48_png_2024-10-07_00-24-48.webp.webp?resize=370%2C247&ssl=1",370,247,true]},"uagb_author_info":{"display_name":"ismaelcolosi.com.br","author_link":"https:\/\/ismaelcolosi.com.br\/index.php\/author\/vidareal-online\/"},"uagb_comment_info":0,"uagb_excerpt":"Ribeir\u00e3o Preto teve cinco candidatos na disputa para o cargo de prefeito nas elei\u00e7\u00f5es de 2024. Conforme dados do Tribunal Superior Eleitoral (TSE), os candidatos...","jetpack-related-posts":[{"id":57404,"url":"https:\/\/ismaelcolosi.com.br\/index.php\/2024\/07\/21\/saiba-quanto-cada-candidato-vai-poder-gastar-nas-eleicoes-em-ribeirao-preto\/","url_meta":{"origin":69594,"position":0},"title":"Saiba quanto cada candidato vai poder gastar nas elei\u00e7\u00f5es em Ribeir\u00e3o Preto","author":"ismaelcolosi.com.br","date":"21 de July de 2024","format":false,"excerpt":"O TSE (Tribunal Superior Eleitoral) divulgou o limite de gastos para as campanhas de prefeito e vereador em Ribeir\u00e3o Preto nas elei\u00e7\u00f5es de 2024. At\u00e9 o momento, Ribeir\u00e3o Preto conta com sete pr\u00e9-candidatos ao Executivo Municipal. Segundo o TSE, quem pretende concorrer \u00e0 Prefeitura de Ribeir\u00e3o Preto poder\u00e1 gastar at\u00e9\u2026","rel":"","context":"In &quot;Not\u00edcias de Ribeir\u00e3o Preto-SP e Regi\u00e3o&quot;","block_context":{"text":"Not\u00edcias de Ribeir\u00e3o Preto-SP e Regi\u00e3o","link":"https:\/\/ismaelcolosi.com.br\/index.php\/category\/noticias-de-ribeirao-preto-sp-e-regiao-ismael-colosi\/"},"img":{"alt_text":"","src":"https:\/\/i0.wp.com\/ismaelcolosi.com.br\/wp-content\/uploads\/2024\/07\/urna-eletronica_2024-07-20_21-25-53_jpg_2024-07-20_21-25-53.webp.webp?fit=1170%2C700&ssl=1&resize=350%2C200","width":350,"height":200,"srcset":"https:\/\/i0.wp.com\/ismaelcolosi.com.br\/wp-content\/uploads\/2024\/07\/urna-eletronica_2024-07-20_21-25-53_jpg_2024-07-20_21-25-53.webp.webp?fit=1170%2C700&ssl=1&resize=350%2C200 1x, https:\/\/i0.wp.com\/ismaelcolosi.com.br\/wp-content\/uploads\/2024\/07\/urna-eletronica_2024-07-20_21-25-53_jpg_2024-07-20_21-25-53.webp.webp?fit=1170%2C700&ssl=1&resize=525%2C300 1.5x, https:\/\/i0.wp.com\/ismaelcolosi.com.br\/wp-content\/uploads\/2024\/07\/urna-eletronica_2024-07-20_21-25-53_jpg_2024-07-20_21-25-53.webp.webp?fit=1170%2C700&ssl=1&resize=700%2C400 2x, https:\/\/i0.wp.com\/ismaelcolosi.com.br\/wp-content\/uploads\/2024\/07\/urna-eletronica_2024-07-20_21-25-53_jpg_2024-07-20_21-25-53.webp.webp?fit=1170%2C700&ssl=1&resize=1050%2C600 3x"},"classes":[]},{"id":66475,"url":"https:\/\/ismaelcolosi.com.br\/index.php\/2024\/09\/17\/dois-candidatos-estao-fora-da-corrida-eleitoral-em-ribeirao-preto\/","url_meta":{"origin":69594,"position":1},"title":"Dois candidatos est\u00e3o fora da corrida eleitoral em Ribeir\u00e3o Preto","author":"ismaelcolosi.com.br","date":"17 de September de 2024","format":false,"excerpt":"Dois candidatos est\u00e3o fora da corrida eleitoral para o cargo de prefeito de Ribeir\u00e3o Preto, sendo eles: Douglas de Andrade (PCO) e Ismar Menezes (Agir). O primeiro turno das elei\u00e7\u00f5es de 2024 acontece no dia 6 de outubro. Douglas de Andrade Conforme os dados da plataforma DivulgaCand, o Minist\u00e9rio P\u00fablico\u2026","rel":"","context":"In &quot;Not\u00edcias de Ribeir\u00e3o Preto-SP e Regi\u00e3o&quot;","block_context":{"text":"Not\u00edcias de Ribeir\u00e3o Preto-SP e Regi\u00e3o","link":"https:\/\/ismaelcolosi.com.br\/index.php\/category\/noticias-de-ribeirao-preto-sp-e-regiao-ismael-colosi\/"},"img":{"alt_text":"","src":"https:\/\/i0.wp.com\/ismaelcolosi.com.br\/wp-content\/uploads\/2024\/09\/1726608574_ribeirao-preto-prefeitura.jpg?fit=1200%2C900&ssl=1&resize=350%2C200","width":350,"height":200,"srcset":"https:\/\/i0.wp.com\/ismaelcolosi.com.br\/wp-content\/uploads\/2024\/09\/1726608574_ribeirao-preto-prefeitura.jpg?fit=1200%2C900&ssl=1&resize=350%2C200 1x, https:\/\/i0.wp.com\/ismaelcolosi.com.br\/wp-content\/uploads\/2024\/09\/1726608574_ribeirao-preto-prefeitura.jpg?fit=1200%2C900&ssl=1&resize=525%2C300 1.5x, https:\/\/i0.wp.com\/ismaelcolosi.com.br\/wp-content\/uploads\/2024\/09\/1726608574_ribeirao-preto-prefeitura.jpg?fit=1200%2C900&ssl=1&resize=700%2C400 2x, https:\/\/i0.wp.com\/ismaelcolosi.com.br\/wp-content\/uploads\/2024\/09\/1726608574_ribeirao-preto-prefeitura.jpg?fit=1200%2C900&ssl=1&resize=1050%2C600 3x"},"classes":[]},{"id":47480,"url":"https:\/\/ismaelcolosi.com.br\/index.php\/2024\/04\/25\/veja-quem-sao-os-pre-candidatos-a-prefeito-de-ribeirao-preto-nas-eleicoes-de-2024\/","url_meta":{"origin":69594,"position":2},"title":"Veja quem s\u00e3o os pr\u00e9-candidatos a prefeito de Ribeir\u00e3o Preto nas elei\u00e7\u00f5es de 2024","author":"ismaelcolosi.com.br","date":"25 de April de 2024","format":false,"excerpt":"Faltando 164 dias para o primeiro turno das elei\u00e7\u00f5es municipais, diversos nomes j\u00e1 se lan\u00e7aram como pr\u00e9-candidatos na disputa pela Prefeitura de Ribeir\u00e3o Preto. Ao menos, nove nomes anunciaram a pretens\u00e3o de concorrer ao pleito marcado para o dia 6 de outubro. Contudo, os nomes s\u00f3 ser\u00e3o oficializados durante as\u2026","rel":"","context":"In &quot;Not\u00edcias de Ribeir\u00e3o Preto-SP e Regi\u00e3o&quot;","block_context":{"text":"Not\u00edcias de Ribeir\u00e3o Preto-SP e Regi\u00e3o","link":"https:\/\/ismaelcolosi.com.br\/index.php\/category\/noticias-de-ribeirao-preto-sp-e-regiao-ismael-colosi\/"},"img":{"alt_text":"","src":"https:\/\/i0.wp.com\/ismaelcolosi.com.br\/wp-content\/uploads\/2024\/04\/1714079636_ribeirao-preto-prefeitura.jpg?fit=1200%2C900&ssl=1&resize=350%2C200","width":350,"height":200,"srcset":"https:\/\/i0.wp.com\/ismaelcolosi.com.br\/wp-content\/uploads\/2024\/04\/1714079636_ribeirao-preto-prefeitura.jpg?fit=1200%2C900&ssl=1&resize=350%2C200 1x, https:\/\/i0.wp.com\/ismaelcolosi.com.br\/wp-content\/uploads\/2024\/04\/1714079636_ribeirao-preto-prefeitura.jpg?fit=1200%2C900&ssl=1&resize=525%2C300 1.5x, https:\/\/i0.wp.com\/ismaelcolosi.com.br\/wp-content\/uploads\/2024\/04\/1714079636_ribeirao-preto-prefeitura.jpg?fit=1200%2C900&ssl=1&resize=700%2C400 2x, https:\/\/i0.wp.com\/ismaelcolosi.com.br\/wp-content\/uploads\/2024\/04\/1714079636_ribeirao-preto-prefeitura.jpg?fit=1200%2C900&ssl=1&resize=1050%2C600 3x"},"classes":[]},{"id":74478,"url":"https:\/\/ismaelcolosi.com.br\/index.php\/2024\/10\/31\/resultado-de-eleicao-racha-novo-em-ribeirao\/","url_meta":{"origin":69594,"position":3},"title":"Resultado de elei\u00e7\u00e3o \u201cracha\u201d Novo em Ribeir\u00e3o","author":"ismaelcolosi.com.br","date":"31 de October de 2024","format":false,"excerpt":"O resultado das elei\u00e7\u00f5es para prefeito em Ribeir\u00e3o preto, que teve segundo turno realizado no domingo 27 de outubro, criou um racha de discursos entre o vereador Andr\u00e9 Rodini e o candidato a prefeito do partido, Marco Aur\u00e9lio, que perdeu a elei\u00e7\u00e3o para Ricardo Silva (PSD). Rodini \u00e9 o \u00fanico\u2026","rel":"","context":"In &quot;Not\u00edcias de Ribeir\u00e3o Preto-SP e Regi\u00e3o&quot;","block_context":{"text":"Not\u00edcias de Ribeir\u00e3o Preto-SP e Regi\u00e3o","link":"https:\/\/ismaelcolosi.com.br\/index.php\/category\/noticias-de-ribeirao-preto-sp-e-regiao-ismael-colosi\/"},"img":{"alt_text":"","src":"https:\/\/i0.wp.com\/ismaelcolosi.com.br\/wp-content\/uploads\/2024\/10\/EleicaoRP-Alfredo-Risk-scaled-1.jpg?fit=345%2C500&ssl=1&resize=350%2C200","width":350,"height":200},"classes":[]},{"id":28024,"url":"https:\/\/ismaelcolosi.com.br\/index.php\/2024\/01\/14\/eleicoes-2024-menos-candidatos-a-vereador\/","url_meta":{"origin":69594,"position":4},"title":"Elei\u00e7\u00f5es 2024: Menos candidatos a vereador\u00a0em RP","author":"ismaelcolosi.com.br","date":"14 de January de 2024","format":false,"excerpt":"A Lei 14.211\/2021, diminuiu o total de candidatos a vereador que cada partido poder\u00e1 registrar para as elei\u00e7\u00f5es do pr\u00f3ximo ano. Antes da mudan\u00e7a, cada legenda podia lan\u00e7ar 50% a mais de candidatos calculado sobre o total de cadeiras da C\u00e2mara de Vereadores. No caso de Ribeir\u00e3o Preto, que tem\u2026","rel":"","context":"In &quot;Not\u00edcias de Ribeir\u00e3o Preto-SP e Regi\u00e3o&quot;","block_context":{"text":"Not\u00edcias de Ribeir\u00e3o Preto-SP e Regi\u00e3o","link":"https:\/\/ismaelcolosi.com.br\/index.php\/category\/noticias-de-ribeirao-preto-sp-e-regiao-ismael-colosi\/"},"img":{"alt_text":"","src":"https:\/\/i0.wp.com\/ismaelcolosi.com.br\/wp-content\/uploads\/2024\/01\/2-FACHADA-Camara-Municipal-4-1-scaled.jpg?fit=967%2C645&ssl=1&resize=350%2C200","width":350,"height":200,"srcset":"https:\/\/i0.wp.com\/ismaelcolosi.com.br\/wp-content\/uploads\/2024\/01\/2-FACHADA-Camara-Municipal-4-1-scaled.jpg?fit=967%2C645&ssl=1&resize=350%2C200 1x, https:\/\/i0.wp.com\/ismaelcolosi.com.br\/wp-content\/uploads\/2024\/01\/2-FACHADA-Camara-Municipal-4-1-scaled.jpg?fit=967%2C645&ssl=1&resize=525%2C300 1.5x, https:\/\/i0.wp.com\/ismaelcolosi.com.br\/wp-content\/uploads\/2024\/01\/2-FACHADA-Camara-Municipal-4-1-scaled.jpg?fit=967%2C645&ssl=1&resize=700%2C400 2x"},"classes":[]},{"id":67073,"url":"https:\/\/ismaelcolosi.com.br\/index.php\/2024\/09\/20\/entenda-por-que-candidatos-nao-podem-ser-presos-a-partir-deste-sabado\/","url_meta":{"origin":69594,"position":5},"title":"Entenda por que candidatos n\u00e3o podem ser presos a partir deste s\u00e1bado","author":"ismaelcolosi.com.br","date":"20 de September de 2024","format":false,"excerpt":"A partir deste s\u00e1bado (21), os candidatos que disputam as elei\u00e7\u00f5es municipais de 2024 n\u00e3o poder\u00e3o ser detidos ou presos, salvo em flagrante delito. Segundo a lei eleitoral, postulantes ao cargos de prefeito, vice-prefeito e vereador ficam impedidos de deten\u00e7\u00e3o durante os 15 dias que antecedem o primeiro turno. Neste\u2026","rel":"","context":"In &quot;Not\u00edcias de Ribeir\u00e3o Preto-SP e Regi\u00e3o&quot;","block_context":{"text":"Not\u00edcias de Ribeir\u00e3o Preto-SP e Regi\u00e3o","link":"https:\/\/ismaelcolosi.com.br\/index.php\/category\/noticias-de-ribeirao-preto-sp-e-regiao-ismael-colosi\/"},"img":{"alt_text":"","src":"https:\/\/i0.wp.com\/ismaelcolosi.com.br\/wp-content\/uploads\/2024\/09\/urna-nova_2024-09-20_19-00-21_jpg_2024-09-20_19-00-21.webp.webp?fit=1170%2C700&ssl=1&resize=350%2C200","width":350,"height":200,"srcset":"https:\/\/i0.wp.com\/ismaelcolosi.com.br\/wp-content\/uploads\/2024\/09\/urna-nova_2024-09-20_19-00-21_jpg_2024-09-20_19-00-21.webp.webp?fit=1170%2C700&ssl=1&resize=350%2C200 1x, https:\/\/i0.wp.com\/ismaelcolosi.com.br\/wp-content\/uploads\/2024\/09\/urna-nova_2024-09-20_19-00-21_jpg_2024-09-20_19-00-21.webp.webp?fit=1170%2C700&ssl=1&resize=525%2C300 1.5x, https:\/\/i0.wp.com\/ismaelcolosi.com.br\/wp-content\/uploads\/2024\/09\/urna-nova_2024-09-20_19-00-21_jpg_2024-09-20_19-00-21.webp.webp?fit=1170%2C700&ssl=1&resize=700%2C400 2x, https:\/\/i0.wp.com\/ismaelcolosi.com.br\/wp-content\/uploads\/2024\/09\/urna-nova_2024-09-20_19-00-21_jpg_2024-09-20_19-00-21.webp.webp?fit=1170%2C700&ssl=1&resize=1050%2C600 3x"},"classes":[]}],"jetpack_sharing_enabled":true,"jetpack_shortlink":"https:\/\/wp.me\/pfMlyK-i6u","_links":{"self":[{"href":"https:\/\/ismaelcolosi.com.br\/index.php\/wp-json\/wp\/v2\/posts\/69594","targetHints":{"allow":["GET"]}}],"collection":[{"href":"https:\/\/ismaelcolosi.com.br\/index.php\/wp-json\/wp\/v2\/posts"}],"about":[{"href":"https:\/\/ismaelcolosi.com.br\/index.php\/wp-json\/wp\/v2\/types\/post"}],"author":[{"embeddable":true,"href":"https:\/\/ismaelcolosi.com.br\/index.php\/wp-json\/wp\/v2\/users\/1"}],"replies":[{"embeddable":true,"href":"https:\/\/ismaelcolosi.com.br\/index.php\/wp-json\/wp\/v2\/comments?post=69594"}],"version-history":[{"count":0,"href":"https:\/\/ismaelcolosi.com.br\/index.php\/wp-json\/wp\/v2\/posts\/69594\/revisions"}],"wp:featuredmedia":[{"embeddable":true,"href":"https:\/\/ismaelcolosi.com.br\/index.php\/wp-json\/wp\/v2\/media\/69595"}],"wp:attachment":[{"href":"https:\/\/ismaelcolosi.com.br\/index.php\/wp-json\/wp\/v2\/media?parent=69594"}],"wp:term":[{"taxonomy":"category","embeddable":true,"href":"https:\/\/ismaelcolosi.com.br\/index.php\/wp-json\/wp\/v2\/categories?post=69594"},{"taxonomy":"post_tag","embeddable":true,"href":"https:\/\/ismaelcolosi.com.br\/index.php\/wp-json\/wp\/v2\/tags?post=69594"}],"curies":[{"name":"wp","href":"https:\/\/api.w.org\/{rel}","templated":true}]}}