{"id":69591,"date":"2024-10-06T21:25:52","date_gmt":"2024-10-07T00:25:52","guid":{"rendered":"https:\/\/ismaelcolosi.com.br\/index.php\/2024\/10\/06\/eleicoes-2024-leo-capitelli-e-reeleito-prefeito-de-serrana\/"},"modified":"2024-10-06T21:25:52","modified_gmt":"2024-10-07T00:25:52","slug":"eleicoes-2024-leo-capitelli-e-reeleito-prefeito-de-serrana","status":"publish","type":"post","link":"https:\/\/ismaelcolosi.com.br\/index.php\/2024\/10\/06\/eleicoes-2024-leo-capitelli-e-reeleito-prefeito-de-serrana\/","title":{"rendered":"Elei\u00e7\u00f5es 2024: L\u00e9o Capitelli \u00e9 reeleito prefeito de Serrana"},"content":{"rendered":"<p> <br \/>\n<\/p>\n<div data-td-block-uid=\"tdi_106\">\n<div class=\"tdb-block-inner td-fix-index\">\n<p>Com <strong>100%<\/strong> das urnas apuradas, o candidato <strong>L\u00e9o Capitelli<\/strong> <strong>(MDB)<\/strong> foi reeleito como prefeito de <strong>Serrana<\/strong>, com <strong>77,89%<\/strong> e <strong>19.001<\/strong> votos neste <strong>domingo (6)<\/strong>.<\/p>\n<p><strong>Conforme os dados do<strong>\u00a0Tribunal Superior Eleitoral (TSE)<\/strong>,<\/strong> a candidata <strong>Andr\u00e9ia Prates (PSB) <\/strong>recebeu <strong>5.393 votos<\/strong>, representando <strong>22,11%<\/strong>. As elei\u00e7\u00f5es de <strong>Serrana <\/strong>tiveram <strong>3,23%<\/strong> de votos <strong>brancos<\/strong> e <strong>4,28%<\/strong> de votos <strong>nulos<\/strong>.<\/p>\n<p>A apura\u00e7\u00e3o voc\u00ea acompanha no<strong>\u00a0acidade on<\/strong>\u00a0em tempo real. Os n\u00fameros ser\u00e3o atualizados pelo\u00a0<strong>TSE (Tribunal Superior Eleitoral)\u00a0<\/strong>logo em seguida ao t\u00e9rmino da vota\u00e7\u00e3o.\u00a0<a href=\"https:\/\/apuracao.acidadeon.com\/ribeiraopreto\/\" target=\"_blank\" rel=\"noreferrer noopener\">Clique aqui para acompanhar.<\/a><\/p>\n<p><!-- CONTENT END 1 -->\n<\/div>\n<\/div>\n<p><br \/>\n<br \/><a href=\"https:\/\/www.acidadeon.com\/ribeiraopreto\/politica\/eleicoes\/eleicoes-2024-leo-capitelli-e-reeleito-prefeito-de-serrana-1\/\">Source link <\/a><\/p>\n","protected":false},"excerpt":{"rendered":"<p>Com 100% das urnas apuradas, o candidato L\u00e9o Capitelli (MDB) foi reeleito como prefeito de Serrana, com 77,89% e 19.001 votos neste domingo (6). Conforme&#8230;<\/p>\n","protected":false},"author":1,"featured_media":69592,"comment_status":"open","ping_status":"open","sticky":false,"template":"","format":"standard","meta":{"_uag_custom_page_level_css":"","advanced_seo_description":"","jetpack_seo_html_title":"","jetpack_seo_noindex":false,"jetpack_post_was_ever_published":false,"_jetpack_newsletter_access":"","_jetpack_dont_email_post_to_subs":false,"_jetpack_newsletter_tier_id":0,"_jetpack_memberships_contains_paywalled_content":false,"_jetpack_memberships_contains_paid_content":false,"footnotes":"","jetpack_publicize_message":"","jetpack_publicize_feature_enabled":true,"jetpack_social_post_already_shared":true,"jetpack_social_options":{"image_generator_settings":{"template":"highway","default_image_id":0,"font":"","enabled":false},"version":2}},"categories":[11],"tags":[],"class_list":["post-69591","post","type-post","status-publish","format-standard","has-post-thumbnail","hentry","category-noticias-de-ribeirao-preto-sp-e-regiao-ismael-colosi"],"jetpack_publicize_connections":[],"jetpack_featured_media_url":"https:\/\/i0.wp.com\/ismaelcolosi.com.br\/wp-content\/uploads\/2024\/10\/455694350_877780544370854_4119940491297921876_n_2024-10-06_23-24-46_jpg_2024-10-06_23-24-46.webp.webp?fit=1080%2C1080&ssl=1","uagb_featured_image_src":{"full":["https:\/\/i0.wp.com\/ismaelcolosi.com.br\/wp-content\/uploads\/2024\/10\/455694350_877780544370854_4119940491297921876_n_2024-10-06_23-24-46_jpg_2024-10-06_23-24-46.webp.webp?fit=1080%2C1080&ssl=1",1080,1080,false],"thumbnail":["https:\/\/i0.wp.com\/ismaelcolosi.com.br\/wp-content\/uploads\/2024\/10\/455694350_877780544370854_4119940491297921876_n_2024-10-06_23-24-46_jpg_2024-10-06_23-24-46.webp.webp?resize=150%2C150&ssl=1",150,150,true],"medium":["https:\/\/i0.wp.com\/ismaelcolosi.com.br\/wp-content\/uploads\/2024\/10\/455694350_877780544370854_4119940491297921876_n_2024-10-06_23-24-46_jpg_2024-10-06_23-24-46.webp.webp?fit=300%2C300&ssl=1",300,300,true],"medium_large":["https:\/\/i0.wp.com\/ismaelcolosi.com.br\/wp-content\/uploads\/2024\/10\/455694350_877780544370854_4119940491297921876_n_2024-10-06_23-24-46_jpg_2024-10-06_23-24-46.webp.webp?fit=768%2C768&ssl=1",768,768,true],"large":["https:\/\/i0.wp.com\/ismaelcolosi.com.br\/wp-content\/uploads\/2024\/10\/455694350_877780544370854_4119940491297921876_n_2024-10-06_23-24-46_jpg_2024-10-06_23-24-46.webp.webp?fit=1024%2C1024&ssl=1",1024,1024,true],"1536x1536":["https:\/\/i0.wp.com\/ismaelcolosi.com.br\/wp-content\/uploads\/2024\/10\/455694350_877780544370854_4119940491297921876_n_2024-10-06_23-24-46_jpg_2024-10-06_23-24-46.webp.webp?fit=1080%2C1080&ssl=1",1080,1080,true],"2048x2048":["https:\/\/i0.wp.com\/ismaelcolosi.com.br\/wp-content\/uploads\/2024\/10\/455694350_877780544370854_4119940491297921876_n_2024-10-06_23-24-46_jpg_2024-10-06_23-24-46.webp.webp?fit=1080%2C1080&ssl=1",1080,1080,true],"really-simple-thumb":["https:\/\/i0.wp.com\/ismaelcolosi.com.br\/wp-content\/uploads\/2024\/10\/455694350_877780544370854_4119940491297921876_n_2024-10-06_23-24-46_jpg_2024-10-06_23-24-46.webp.webp?resize=370%2C247&ssl=1",370,247,true]},"uagb_author_info":{"display_name":"ismaelcolosi.com.br","author_link":"https:\/\/ismaelcolosi.com.br\/index.php\/author\/vidareal-online\/"},"uagb_comment_info":0,"uagb_excerpt":"Com 100% das urnas apuradas, o candidato L\u00e9o Capitelli (MDB) foi reeleito como prefeito de Serrana, com 77,89% e 19.001 votos neste domingo (6). Conforme...","jetpack-related-posts":[{"id":69601,"url":"https:\/\/ismaelcolosi.com.br\/index.php\/2024\/10\/06\/eleicoes-2024-lucas-seren-e-reeleito-prefeito-de-bebedouro\/","url_meta":{"origin":69591,"position":0},"title":"Elei\u00e7\u00f5es 2024: Lucas Seren \u00e9 reeleito prefeito de Bebedouro","author":"ismaelcolosi.com.br","date":"6 de October de 2024","format":false,"excerpt":"O candidato Lucas Seren (PL) foi eleito prefeito de Bebedouro, cidade na regi\u00e3o de Ribeir\u00e3o Preto, na noite deste domingo (6). Conforme os dados do Tribunal Superior Eleitoral (TSE), com 100% dos votos apurados, Lucas Seren foi reeleito prefeito de Bebedouro, com 57,70% dos votos. Dr. Fernando Piffer (PSD) teve\u2026","rel":"","context":"In &quot;Not\u00edcias de Ribeir\u00e3o Preto-SP e Regi\u00e3o&quot;","block_context":{"text":"Not\u00edcias de Ribeir\u00e3o Preto-SP e Regi\u00e3o","link":"https:\/\/ismaelcolosi.com.br\/index.php\/category\/noticias-de-ribeirao-preto-sp-e-regiao-ismael-colosi\/"},"img":{"alt_text":"","src":"https:\/\/i0.wp.com\/ismaelcolosi.com.br\/wp-content\/uploads\/2024\/10\/lucas-seren_2024-10-06_22-24-01_jpg_2024-10-06_22-24-01.webp.webp?fit=975%2C484&ssl=1&resize=350%2C200","width":350,"height":200,"srcset":"https:\/\/i0.wp.com\/ismaelcolosi.com.br\/wp-content\/uploads\/2024\/10\/lucas-seren_2024-10-06_22-24-01_jpg_2024-10-06_22-24-01.webp.webp?fit=975%2C484&ssl=1&resize=350%2C200 1x, https:\/\/i0.wp.com\/ismaelcolosi.com.br\/wp-content\/uploads\/2024\/10\/lucas-seren_2024-10-06_22-24-01_jpg_2024-10-06_22-24-01.webp.webp?fit=975%2C484&ssl=1&resize=525%2C300 1.5x, https:\/\/i0.wp.com\/ismaelcolosi.com.br\/wp-content\/uploads\/2024\/10\/lucas-seren_2024-10-06_22-24-01_jpg_2024-10-06_22-24-01.webp.webp?fit=975%2C484&ssl=1&resize=700%2C400 2x"},"classes":[]},{"id":69585,"url":"https:\/\/ismaelcolosi.com.br\/index.php\/2024\/10\/06\/eleicoes-2024-itamar-bueno-e-eleito-prefeito-de-cravinhos\/","url_meta":{"origin":69591,"position":1},"title":"Elei\u00e7\u00f5es 2024: Itamar Bueno \u00e9 eleito prefeito de Cravinhos","author":"ismaelcolosi.com.br","date":"6 de October de 2024","format":false,"excerpt":"O candidato Itamar Bueno (MDB) foi eleito prefeito de Cravinhos, cidade na regi\u00e3o de Ribeir\u00e3o Preto, na noite deste domingo (6). Conforme os dados do Tribunal Superior Eleitoral (TSE), com 100% dos votos apurados, Itamar Bueno foi reeleito prefeito de Cravinhos, com 66,36% e 12.159 votos. Curumim (Solidariedade) teve 33,64%\u2026","rel":"","context":"In &quot;Not\u00edcias de Ribeir\u00e3o Preto-SP e Regi\u00e3o&quot;","block_context":{"text":"Not\u00edcias de Ribeir\u00e3o Preto-SP e Regi\u00e3o","link":"https:\/\/ismaelcolosi.com.br\/index.php\/category\/noticias-de-ribeirao-preto-sp-e-regiao-ismael-colosi\/"},"img":{"alt_text":"","src":"https:\/\/i0.wp.com\/ismaelcolosi.com.br\/wp-content\/uploads\/2024\/10\/454476234_1117424409804059_55167205197634569_n_2024-10-06_23-18-16_jpg_2024-10-06_23-18-16.webp.webp?fit=1181%2C777&ssl=1&resize=350%2C200","width":350,"height":200,"srcset":"https:\/\/i0.wp.com\/ismaelcolosi.com.br\/wp-content\/uploads\/2024\/10\/454476234_1117424409804059_55167205197634569_n_2024-10-06_23-18-16_jpg_2024-10-06_23-18-16.webp.webp?fit=1181%2C777&ssl=1&resize=350%2C200 1x, https:\/\/i0.wp.com\/ismaelcolosi.com.br\/wp-content\/uploads\/2024\/10\/454476234_1117424409804059_55167205197634569_n_2024-10-06_23-18-16_jpg_2024-10-06_23-18-16.webp.webp?fit=1181%2C777&ssl=1&resize=525%2C300 1.5x, https:\/\/i0.wp.com\/ismaelcolosi.com.br\/wp-content\/uploads\/2024\/10\/454476234_1117424409804059_55167205197634569_n_2024-10-06_23-18-16_jpg_2024-10-06_23-18-16.webp.webp?fit=1181%2C777&ssl=1&resize=700%2C400 2x, https:\/\/i0.wp.com\/ismaelcolosi.com.br\/wp-content\/uploads\/2024\/10\/454476234_1117424409804059_55167205197634569_n_2024-10-06_23-18-16_jpg_2024-10-06_23-18-16.webp.webp?fit=1181%2C777&ssl=1&resize=1050%2C600 3x"},"classes":[]},{"id":69574,"url":"https:\/\/ismaelcolosi.com.br\/index.php\/2024\/10\/06\/eleicoes-2024-professor-emerson-e-eleito-prefeito-de-jaboticabal\/","url_meta":{"origin":69591,"position":2},"title":"Elei\u00e7\u00f5es 2024: Professor Emerson \u00e9 eleito prefeito de Jaboticabal","author":"ismaelcolosi.com.br","date":"6 de October de 2024","format":false,"excerpt":"Com 85,99% das urnas apuradas, o candidato Professor Emerson, do MDB, foi reeleito como prefeito de Jaboticabal com 55,76% dos votos. A candidata Adriana Hori, do PSD teve 31,80% dos votos; Nelsinho Gimenez, do PL teve 7,33% dos votos e o Professor Jo\u00e3o Roberto, do Rede teve 2,93%. A apura\u00e7\u00e3o\u2026","rel":"","context":"In &quot;Not\u00edcias de Ribeir\u00e3o Preto-SP e Regi\u00e3o&quot;","block_context":{"text":"Not\u00edcias de Ribeir\u00e3o Preto-SP e Regi\u00e3o","link":"https:\/\/ismaelcolosi.com.br\/index.php\/category\/noticias-de-ribeirao-preto-sp-e-regiao-ismael-colosi\/"},"img":{"alt_text":"","src":"https:\/\/i0.wp.com\/ismaelcolosi.com.br\/wp-content\/uploads\/2024\/10\/15996632525f58ec944a495_1599663252_3x2_md_2024-10-06_22-02-26_jpg_2024-10-06_22-02-26.webp.webp?fit=768%2C512&ssl=1&resize=350%2C200","width":350,"height":200,"srcset":"https:\/\/i0.wp.com\/ismaelcolosi.com.br\/wp-content\/uploads\/2024\/10\/15996632525f58ec944a495_1599663252_3x2_md_2024-10-06_22-02-26_jpg_2024-10-06_22-02-26.webp.webp?fit=768%2C512&ssl=1&resize=350%2C200 1x, https:\/\/i0.wp.com\/ismaelcolosi.com.br\/wp-content\/uploads\/2024\/10\/15996632525f58ec944a495_1599663252_3x2_md_2024-10-06_22-02-26_jpg_2024-10-06_22-02-26.webp.webp?fit=768%2C512&ssl=1&resize=525%2C300 1.5x, https:\/\/i0.wp.com\/ismaelcolosi.com.br\/wp-content\/uploads\/2024\/10\/15996632525f58ec944a495_1599663252_3x2_md_2024-10-06_22-02-26_jpg_2024-10-06_22-02-26.webp.webp?fit=768%2C512&ssl=1&resize=700%2C400 2x"},"classes":[]},{"id":69571,"url":"https:\/\/ismaelcolosi.com.br\/index.php\/2024\/10\/06\/eleicoes-2024-zezinho-gimenez-e-eleito-prefeito-de-sertaozinho\/","url_meta":{"origin":69591,"position":3},"title":"Elei\u00e7\u00f5es 2024: Zezinho Gimenez \u00e9 eleito prefeito de Sert\u00e3ozinho","author":"ismaelcolosi.com.br","date":"6 de October de 2024","format":false,"excerpt":"O candidato Zezinho Gimenez (MDB) foi eleito Prefeito de Sert\u00e3ozinho, cidade na regi\u00e3o de Ribeir\u00e3o Preto, na noite deste domingo (6). Conforme os dados do Tribunal Superior Eleitoral (TSE), com 78,83% dos votos apurados, Zezinho Gimenez foi eleito prefeito de Sert\u00e3ozinho, pelo quinto mandato. Dr. Wilsinho, do PSD, teve 8,41%\u2026","rel":"","context":"In &quot;Not\u00edcias de Ribeir\u00e3o Preto-SP e Regi\u00e3o&quot;","block_context":{"text":"Not\u00edcias de Ribeir\u00e3o Preto-SP e Regi\u00e3o","link":"https:\/\/ismaelcolosi.com.br\/index.php\/category\/noticias-de-ribeirao-preto-sp-e-regiao-ismael-colosi\/"},"img":{"alt_text":"","src":"https:\/\/i0.wp.com\/ismaelcolosi.com.br\/wp-content\/uploads\/2024\/10\/zEZINHO-GIMENEZ_2024-09-18_20-33-12_jpeg_2024-09-18_20-33-12.webp.webp?fit=1200%2C675&ssl=1&resize=350%2C200","width":350,"height":200,"srcset":"https:\/\/i0.wp.com\/ismaelcolosi.com.br\/wp-content\/uploads\/2024\/10\/zEZINHO-GIMENEZ_2024-09-18_20-33-12_jpeg_2024-09-18_20-33-12.webp.webp?fit=1200%2C675&ssl=1&resize=350%2C200 1x, https:\/\/i0.wp.com\/ismaelcolosi.com.br\/wp-content\/uploads\/2024\/10\/zEZINHO-GIMENEZ_2024-09-18_20-33-12_jpeg_2024-09-18_20-33-12.webp.webp?fit=1200%2C675&ssl=1&resize=525%2C300 1.5x, https:\/\/i0.wp.com\/ismaelcolosi.com.br\/wp-content\/uploads\/2024\/10\/zEZINHO-GIMENEZ_2024-09-18_20-33-12_jpeg_2024-09-18_20-33-12.webp.webp?fit=1200%2C675&ssl=1&resize=700%2C400 2x, https:\/\/i0.wp.com\/ismaelcolosi.com.br\/wp-content\/uploads\/2024\/10\/zEZINHO-GIMENEZ_2024-09-18_20-33-12_jpeg_2024-09-18_20-33-12.webp.webp?fit=1200%2C675&ssl=1&resize=1050%2C600 3x"},"classes":[]},{"id":69588,"url":"https:\/\/ismaelcolosi.com.br\/index.php\/2024\/10\/06\/eleicoes-2024-degan-e-eleito-prefeito-de-jardinopolis\/","url_meta":{"origin":69591,"position":4},"title":"Elei\u00e7\u00f5es 2024: Degan \u00e9 eleito prefeito de Jardin\u00f3polis","author":"ismaelcolosi.com.br","date":"6 de October de 2024","format":false,"excerpt":"O candidato Degan (MDB) foi eleito prefeito de Jardin\u00f3polis, cidade na regi\u00e3o de Ribeir\u00e3o Preto, na noite deste domingo (6). Conforme os dados do Tribunal Superior Eleitoral (TSE), com 100% dos votos apurados, Degan foi eleito prefeito de Jardin\u00f3polis, com 39,36% e 7.597 votos. Coronel Gustavo Falc\u00e3o (PL) teve 35,40%\u2026","rel":"","context":"In &quot;Not\u00edcias de Ribeir\u00e3o Preto-SP e Regi\u00e3o&quot;","block_context":{"text":"Not\u00edcias de Ribeir\u00e3o Preto-SP e Regi\u00e3o","link":"https:\/\/ismaelcolosi.com.br\/index.php\/category\/noticias-de-ribeirao-preto-sp-e-regiao-ismael-colosi\/"},"img":{"alt_text":"","src":"https:\/\/i0.wp.com\/ismaelcolosi.com.br\/wp-content\/uploads\/2024\/10\/Copia-de-Copia-de-Copia-de-TAMANHO-EXATO-PARA-FOTOS-NO-SISTEMA-NOVO-21_2024-10-06_23-38-54_jpg_2024-10-06_23-38-54.webp.webp?fit=1200%2C675&ssl=1&resize=350%2C200","width":350,"height":200,"srcset":"https:\/\/i0.wp.com\/ismaelcolosi.com.br\/wp-content\/uploads\/2024\/10\/Copia-de-Copia-de-Copia-de-TAMANHO-EXATO-PARA-FOTOS-NO-SISTEMA-NOVO-21_2024-10-06_23-38-54_jpg_2024-10-06_23-38-54.webp.webp?fit=1200%2C675&ssl=1&resize=350%2C200 1x, https:\/\/i0.wp.com\/ismaelcolosi.com.br\/wp-content\/uploads\/2024\/10\/Copia-de-Copia-de-Copia-de-TAMANHO-EXATO-PARA-FOTOS-NO-SISTEMA-NOVO-21_2024-10-06_23-38-54_jpg_2024-10-06_23-38-54.webp.webp?fit=1200%2C675&ssl=1&resize=525%2C300 1.5x, https:\/\/i0.wp.com\/ismaelcolosi.com.br\/wp-content\/uploads\/2024\/10\/Copia-de-Copia-de-Copia-de-TAMANHO-EXATO-PARA-FOTOS-NO-SISTEMA-NOVO-21_2024-10-06_23-38-54_jpg_2024-10-06_23-38-54.webp.webp?fit=1200%2C675&ssl=1&resize=700%2C400 2x, https:\/\/i0.wp.com\/ismaelcolosi.com.br\/wp-content\/uploads\/2024\/10\/Copia-de-Copia-de-Copia-de-TAMANHO-EXATO-PARA-FOTOS-NO-SISTEMA-NOVO-21_2024-10-06_23-38-54_jpg_2024-10-06_23-38-54.webp.webp?fit=1200%2C675&ssl=1&resize=1050%2C600 3x"},"classes":[]},{"id":73571,"url":"https:\/\/ismaelcolosi.com.br\/index.php\/2024\/10\/27\/alexandre-ferreira-e-reeleito-prefeito-de-franca\/","url_meta":{"origin":69591,"position":5},"title":"Alexandre Ferreira \u00e9 reeleito prefeito de Franca","author":"ismaelcolosi.com.br","date":"27 de October de 2024","format":false,"excerpt":"O candidato Alexandre Ferreira (MDB) foi reeleito prefeito de Franca, cidade na regi\u00e3o de Ribeir\u00e3o Preto, no come\u00e7o da noite deste domingo (27). Conforme os dados do Tribunal Superior Eleitoral (TSE), ao final da apura\u00e7\u00e3o, \u00e0s xx, o Chefe do Poder Executivo municipal recebeu 82.856 votos (58,64%). J\u00e1 Jo\u00e3o Rocha\u2026","rel":"","context":"In &quot;Not\u00edcias de Ribeir\u00e3o Preto-SP e Regi\u00e3o&quot;","block_context":{"text":"Not\u00edcias de Ribeir\u00e3o Preto-SP e Regi\u00e3o","link":"https:\/\/ismaelcolosi.com.br\/index.php\/category\/noticias-de-ribeirao-preto-sp-e-regiao-ismael-colosi\/"},"img":{"alt_text":"","src":"https:\/\/i0.wp.com\/ismaelcolosi.com.br\/wp-content\/uploads\/2024\/09\/alexandre-ferreira_2024-09-09_14-40-04_jpg_2024-09-09_14-40-04.webp.webp?fit=1079%2C845&ssl=1&resize=350%2C200","width":350,"height":200,"srcset":"https:\/\/i0.wp.com\/ismaelcolosi.com.br\/wp-content\/uploads\/2024\/09\/alexandre-ferreira_2024-09-09_14-40-04_jpg_2024-09-09_14-40-04.webp.webp?fit=1079%2C845&ssl=1&resize=350%2C200 1x, https:\/\/i0.wp.com\/ismaelcolosi.com.br\/wp-content\/uploads\/2024\/09\/alexandre-ferreira_2024-09-09_14-40-04_jpg_2024-09-09_14-40-04.webp.webp?fit=1079%2C845&ssl=1&resize=525%2C300 1.5x, https:\/\/i0.wp.com\/ismaelcolosi.com.br\/wp-content\/uploads\/2024\/09\/alexandre-ferreira_2024-09-09_14-40-04_jpg_2024-09-09_14-40-04.webp.webp?fit=1079%2C845&ssl=1&resize=700%2C400 2x, https:\/\/i0.wp.com\/ismaelcolosi.com.br\/wp-content\/uploads\/2024\/09\/alexandre-ferreira_2024-09-09_14-40-04_jpg_2024-09-09_14-40-04.webp.webp?fit=1079%2C845&ssl=1&resize=1050%2C600 3x"},"classes":[]}],"jetpack_sharing_enabled":true,"jetpack_shortlink":"https:\/\/wp.me\/pfMlyK-i6r","_links":{"self":[{"href":"https:\/\/ismaelcolosi.com.br\/index.php\/wp-json\/wp\/v2\/posts\/69591","targetHints":{"allow":["GET"]}}],"collection":[{"href":"https:\/\/ismaelcolosi.com.br\/index.php\/wp-json\/wp\/v2\/posts"}],"about":[{"href":"https:\/\/ismaelcolosi.com.br\/index.php\/wp-json\/wp\/v2\/types\/post"}],"author":[{"embeddable":true,"href":"https:\/\/ismaelcolosi.com.br\/index.php\/wp-json\/wp\/v2\/users\/1"}],"replies":[{"embeddable":true,"href":"https:\/\/ismaelcolosi.com.br\/index.php\/wp-json\/wp\/v2\/comments?post=69591"}],"version-history":[{"count":0,"href":"https:\/\/ismaelcolosi.com.br\/index.php\/wp-json\/wp\/v2\/posts\/69591\/revisions"}],"wp:featuredmedia":[{"embeddable":true,"href":"https:\/\/ismaelcolosi.com.br\/index.php\/wp-json\/wp\/v2\/media\/69592"}],"wp:attachment":[{"href":"https:\/\/ismaelcolosi.com.br\/index.php\/wp-json\/wp\/v2\/media?parent=69591"}],"wp:term":[{"taxonomy":"category","embeddable":true,"href":"https:\/\/ismaelcolosi.com.br\/index.php\/wp-json\/wp\/v2\/categories?post=69591"},{"taxonomy":"post_tag","embeddable":true,"href":"https:\/\/ismaelcolosi.com.br\/index.php\/wp-json\/wp\/v2\/tags?post=69591"}],"curies":[{"name":"wp","href":"https:\/\/api.w.org\/{rel}","templated":true}]}}