{"id":69588,"date":"2024-10-06T21:10:24","date_gmt":"2024-10-07T00:10:24","guid":{"rendered":"https:\/\/ismaelcolosi.com.br\/index.php\/2024\/10\/06\/eleicoes-2024-degan-e-eleito-prefeito-de-jardinopolis\/"},"modified":"2024-10-06T21:10:24","modified_gmt":"2024-10-07T00:10:24","slug":"eleicoes-2024-degan-e-eleito-prefeito-de-jardinopolis","status":"publish","type":"post","link":"https:\/\/ismaelcolosi.com.br\/index.php\/2024\/10\/06\/eleicoes-2024-degan-e-eleito-prefeito-de-jardinopolis\/","title":{"rendered":"Elei\u00e7\u00f5es 2024: Degan \u00e9 eleito prefeito de Jardin\u00f3polis"},"content":{"rendered":"<p> <br \/>\n<\/p>\n<div data-td-block-uid=\"tdi_106\">\n<div class=\"tdb-block-inner td-fix-index\">\n<p>O candidato <strong>Degan (MDB)<\/strong> foi eleito prefeito de <strong>Jardin\u00f3polis<\/strong>, cidade na regi\u00e3o de <strong>Ribeir\u00e3o Preto<\/strong>, na noite deste <strong>domingo (6)<\/strong>.<\/p>\n<p>Conforme os dados do <strong>Tribunal Superior Eleitoral (TSE)<\/strong>, com <strong>100%<\/strong> dos votos apurados, <strong>Degan<\/strong> foi eleito prefeito de <strong>Jardin\u00f3polis<\/strong>, com <strong>39,36% <\/strong>e <strong>7.597 <\/strong>votos.<\/p>\n<p><strong>Coronel Gustavo Falc\u00e3o<\/strong> <strong>(PL) <\/strong>teve <strong>35,40%<\/strong> e <strong>Amauri Pegoraro<\/strong> <strong>(PP) <\/strong>teve <strong>25,24%<\/strong> dos votos em <strong>Jardin\u00f3polis<\/strong>.<\/p>\n<p>A apura\u00e7\u00e3o voc\u00ea acompanha no<strong>\u00a0acidade on<\/strong>\u00a0em tempo real. Os n\u00fameros ser\u00e3o atualizados pelo\u00a0<strong>TSE (Tribunal Superior Eleitoral)\u00a0<\/strong>logo em seguida ao t\u00e9rmino da vota\u00e7\u00e3o.\u00a0<a href=\"https:\/\/apuracao.acidadeon.com\/ribeiraopreto\/\" target=\"_blank\" rel=\"noreferrer noopener\">Clique aqui para acompanhar.<\/a><\/p>\n<p><!-- CONTENT END 1 -->\n<\/div>\n<\/div>\n<p><br \/>\n<br \/><a href=\"https:\/\/www.acidadeon.com\/ribeiraopreto\/politica\/eleicoes\/eleicoes-2024-degan-e-eleito-prefeito-de-jardinopolis\/\">Source link <\/a><\/p>\n","protected":false},"excerpt":{"rendered":"<p>O candidato Degan (MDB) foi eleito prefeito de Jardin\u00f3polis, cidade na regi\u00e3o de Ribeir\u00e3o Preto, na noite deste domingo (6). Conforme os dados do Tribunal&#8230;<\/p>\n","protected":false},"author":1,"featured_media":69589,"comment_status":"open","ping_status":"open","sticky":false,"template":"","format":"standard","meta":{"_uag_custom_page_level_css":"","advanced_seo_description":"","jetpack_seo_html_title":"","jetpack_seo_noindex":false,"jetpack_post_was_ever_published":false,"_jetpack_newsletter_access":"","_jetpack_dont_email_post_to_subs":false,"_jetpack_newsletter_tier_id":0,"_jetpack_memberships_contains_paywalled_content":false,"_jetpack_memberships_contains_paid_content":false,"footnotes":"","jetpack_publicize_message":"","jetpack_publicize_feature_enabled":true,"jetpack_social_post_already_shared":true,"jetpack_social_options":{"image_generator_settings":{"template":"highway","default_image_id":0,"font":"","enabled":false},"version":2}},"categories":[11],"tags":[],"class_list":["post-69588","post","type-post","status-publish","format-standard","has-post-thumbnail","hentry","category-noticias-de-ribeirao-preto-sp-e-regiao-ismael-colosi"],"jetpack_publicize_connections":[],"jetpack_featured_media_url":"https:\/\/i0.wp.com\/ismaelcolosi.com.br\/wp-content\/uploads\/2024\/10\/Copia-de-Copia-de-Copia-de-TAMANHO-EXATO-PARA-FOTOS-NO-SISTEMA-NOVO-21_2024-10-06_23-38-54_jpg_2024-10-06_23-38-54.webp.webp?fit=1200%2C675&ssl=1","uagb_featured_image_src":{"full":["https:\/\/i0.wp.com\/ismaelcolosi.com.br\/wp-content\/uploads\/2024\/10\/Copia-de-Copia-de-Copia-de-TAMANHO-EXATO-PARA-FOTOS-NO-SISTEMA-NOVO-21_2024-10-06_23-38-54_jpg_2024-10-06_23-38-54.webp.webp?fit=1200%2C675&ssl=1",1200,675,false],"thumbnail":["https:\/\/i0.wp.com\/ismaelcolosi.com.br\/wp-content\/uploads\/2024\/10\/Copia-de-Copia-de-Copia-de-TAMANHO-EXATO-PARA-FOTOS-NO-SISTEMA-NOVO-21_2024-10-06_23-38-54_jpg_2024-10-06_23-38-54.webp.webp?resize=150%2C150&ssl=1",150,150,true],"medium":["https:\/\/i0.wp.com\/ismaelcolosi.com.br\/wp-content\/uploads\/2024\/10\/Copia-de-Copia-de-Copia-de-TAMANHO-EXATO-PARA-FOTOS-NO-SISTEMA-NOVO-21_2024-10-06_23-38-54_jpg_2024-10-06_23-38-54.webp.webp?fit=300%2C169&ssl=1",300,169,true],"medium_large":["https:\/\/i0.wp.com\/ismaelcolosi.com.br\/wp-content\/uploads\/2024\/10\/Copia-de-Copia-de-Copia-de-TAMANHO-EXATO-PARA-FOTOS-NO-SISTEMA-NOVO-21_2024-10-06_23-38-54_jpg_2024-10-06_23-38-54.webp.webp?fit=768%2C432&ssl=1",768,432,true],"large":["https:\/\/i0.wp.com\/ismaelcolosi.com.br\/wp-content\/uploads\/2024\/10\/Copia-de-Copia-de-Copia-de-TAMANHO-EXATO-PARA-FOTOS-NO-SISTEMA-NOVO-21_2024-10-06_23-38-54_jpg_2024-10-06_23-38-54.webp.webp?fit=1024%2C576&ssl=1",1024,576,true],"1536x1536":["https:\/\/i0.wp.com\/ismaelcolosi.com.br\/wp-content\/uploads\/2024\/10\/Copia-de-Copia-de-Copia-de-TAMANHO-EXATO-PARA-FOTOS-NO-SISTEMA-NOVO-21_2024-10-06_23-38-54_jpg_2024-10-06_23-38-54.webp.webp?fit=1200%2C675&ssl=1",1200,675,true],"2048x2048":["https:\/\/i0.wp.com\/ismaelcolosi.com.br\/wp-content\/uploads\/2024\/10\/Copia-de-Copia-de-Copia-de-TAMANHO-EXATO-PARA-FOTOS-NO-SISTEMA-NOVO-21_2024-10-06_23-38-54_jpg_2024-10-06_23-38-54.webp.webp?fit=1200%2C675&ssl=1",1200,675,true],"really-simple-thumb":["https:\/\/i0.wp.com\/ismaelcolosi.com.br\/wp-content\/uploads\/2024\/10\/Copia-de-Copia-de-Copia-de-TAMANHO-EXATO-PARA-FOTOS-NO-SISTEMA-NOVO-21_2024-10-06_23-38-54_jpg_2024-10-06_23-38-54.webp.webp?resize=370%2C247&ssl=1",370,247,true]},"uagb_author_info":{"display_name":"ismaelcolosi.com.br","author_link":"https:\/\/ismaelcolosi.com.br\/index.php\/author\/vidareal-online\/"},"uagb_comment_info":0,"uagb_excerpt":"O candidato Degan (MDB) foi eleito prefeito de Jardin\u00f3polis, cidade na regi\u00e3o de Ribeir\u00e3o Preto, na noite deste domingo (6). Conforme os dados do Tribunal...","jetpack-related-posts":[{"id":69571,"url":"https:\/\/ismaelcolosi.com.br\/index.php\/2024\/10\/06\/eleicoes-2024-zezinho-gimenez-e-eleito-prefeito-de-sertaozinho\/","url_meta":{"origin":69588,"position":0},"title":"Elei\u00e7\u00f5es 2024: Zezinho Gimenez \u00e9 eleito prefeito de Sert\u00e3ozinho","author":"ismaelcolosi.com.br","date":"6 de October de 2024","format":false,"excerpt":"O candidato Zezinho Gimenez (MDB) foi eleito Prefeito de Sert\u00e3ozinho, cidade na regi\u00e3o de Ribeir\u00e3o Preto, na noite deste domingo (6). Conforme os dados do Tribunal Superior Eleitoral (TSE), com 78,83% dos votos apurados, Zezinho Gimenez foi eleito prefeito de Sert\u00e3ozinho, pelo quinto mandato. Dr. Wilsinho, do PSD, teve 8,41%\u2026","rel":"","context":"In &quot;Not\u00edcias de Ribeir\u00e3o Preto-SP e Regi\u00e3o&quot;","block_context":{"text":"Not\u00edcias de Ribeir\u00e3o Preto-SP e Regi\u00e3o","link":"https:\/\/ismaelcolosi.com.br\/index.php\/category\/noticias-de-ribeirao-preto-sp-e-regiao-ismael-colosi\/"},"img":{"alt_text":"","src":"https:\/\/i0.wp.com\/ismaelcolosi.com.br\/wp-content\/uploads\/2024\/10\/zEZINHO-GIMENEZ_2024-09-18_20-33-12_jpeg_2024-09-18_20-33-12.webp.webp?fit=1200%2C675&ssl=1&resize=350%2C200","width":350,"height":200,"srcset":"https:\/\/i0.wp.com\/ismaelcolosi.com.br\/wp-content\/uploads\/2024\/10\/zEZINHO-GIMENEZ_2024-09-18_20-33-12_jpeg_2024-09-18_20-33-12.webp.webp?fit=1200%2C675&ssl=1&resize=350%2C200 1x, https:\/\/i0.wp.com\/ismaelcolosi.com.br\/wp-content\/uploads\/2024\/10\/zEZINHO-GIMENEZ_2024-09-18_20-33-12_jpeg_2024-09-18_20-33-12.webp.webp?fit=1200%2C675&ssl=1&resize=525%2C300 1.5x, https:\/\/i0.wp.com\/ismaelcolosi.com.br\/wp-content\/uploads\/2024\/10\/zEZINHO-GIMENEZ_2024-09-18_20-33-12_jpeg_2024-09-18_20-33-12.webp.webp?fit=1200%2C675&ssl=1&resize=700%2C400 2x, https:\/\/i0.wp.com\/ismaelcolosi.com.br\/wp-content\/uploads\/2024\/10\/zEZINHO-GIMENEZ_2024-09-18_20-33-12_jpeg_2024-09-18_20-33-12.webp.webp?fit=1200%2C675&ssl=1&resize=1050%2C600 3x"},"classes":[]},{"id":69601,"url":"https:\/\/ismaelcolosi.com.br\/index.php\/2024\/10\/06\/eleicoes-2024-lucas-seren-e-reeleito-prefeito-de-bebedouro\/","url_meta":{"origin":69588,"position":1},"title":"Elei\u00e7\u00f5es 2024: Lucas Seren \u00e9 reeleito prefeito de Bebedouro","author":"ismaelcolosi.com.br","date":"6 de October de 2024","format":false,"excerpt":"O candidato Lucas Seren (PL) foi eleito prefeito de Bebedouro, cidade na regi\u00e3o de Ribeir\u00e3o Preto, na noite deste domingo (6). Conforme os dados do Tribunal Superior Eleitoral (TSE), com 100% dos votos apurados, Lucas Seren foi reeleito prefeito de Bebedouro, com 57,70% dos votos. Dr. Fernando Piffer (PSD) teve\u2026","rel":"","context":"In &quot;Not\u00edcias de Ribeir\u00e3o Preto-SP e Regi\u00e3o&quot;","block_context":{"text":"Not\u00edcias de Ribeir\u00e3o Preto-SP e Regi\u00e3o","link":"https:\/\/ismaelcolosi.com.br\/index.php\/category\/noticias-de-ribeirao-preto-sp-e-regiao-ismael-colosi\/"},"img":{"alt_text":"","src":"https:\/\/i0.wp.com\/ismaelcolosi.com.br\/wp-content\/uploads\/2024\/10\/lucas-seren_2024-10-06_22-24-01_jpg_2024-10-06_22-24-01.webp.webp?fit=975%2C484&ssl=1&resize=350%2C200","width":350,"height":200,"srcset":"https:\/\/i0.wp.com\/ismaelcolosi.com.br\/wp-content\/uploads\/2024\/10\/lucas-seren_2024-10-06_22-24-01_jpg_2024-10-06_22-24-01.webp.webp?fit=975%2C484&ssl=1&resize=350%2C200 1x, https:\/\/i0.wp.com\/ismaelcolosi.com.br\/wp-content\/uploads\/2024\/10\/lucas-seren_2024-10-06_22-24-01_jpg_2024-10-06_22-24-01.webp.webp?fit=975%2C484&ssl=1&resize=525%2C300 1.5x, https:\/\/i0.wp.com\/ismaelcolosi.com.br\/wp-content\/uploads\/2024\/10\/lucas-seren_2024-10-06_22-24-01_jpg_2024-10-06_22-24-01.webp.webp?fit=975%2C484&ssl=1&resize=700%2C400 2x"},"classes":[]},{"id":69585,"url":"https:\/\/ismaelcolosi.com.br\/index.php\/2024\/10\/06\/eleicoes-2024-itamar-bueno-e-eleito-prefeito-de-cravinhos\/","url_meta":{"origin":69588,"position":2},"title":"Elei\u00e7\u00f5es 2024: Itamar Bueno \u00e9 eleito prefeito de Cravinhos","author":"ismaelcolosi.com.br","date":"6 de October de 2024","format":false,"excerpt":"O candidato Itamar Bueno (MDB) foi eleito prefeito de Cravinhos, cidade na regi\u00e3o de Ribeir\u00e3o Preto, na noite deste domingo (6). Conforme os dados do Tribunal Superior Eleitoral (TSE), com 100% dos votos apurados, Itamar Bueno foi reeleito prefeito de Cravinhos, com 66,36% e 12.159 votos. Curumim (Solidariedade) teve 33,64%\u2026","rel":"","context":"In &quot;Not\u00edcias de Ribeir\u00e3o Preto-SP e Regi\u00e3o&quot;","block_context":{"text":"Not\u00edcias de Ribeir\u00e3o Preto-SP e Regi\u00e3o","link":"https:\/\/ismaelcolosi.com.br\/index.php\/category\/noticias-de-ribeirao-preto-sp-e-regiao-ismael-colosi\/"},"img":{"alt_text":"","src":"https:\/\/i0.wp.com\/ismaelcolosi.com.br\/wp-content\/uploads\/2024\/10\/454476234_1117424409804059_55167205197634569_n_2024-10-06_23-18-16_jpg_2024-10-06_23-18-16.webp.webp?fit=1181%2C777&ssl=1&resize=350%2C200","width":350,"height":200,"srcset":"https:\/\/i0.wp.com\/ismaelcolosi.com.br\/wp-content\/uploads\/2024\/10\/454476234_1117424409804059_55167205197634569_n_2024-10-06_23-18-16_jpg_2024-10-06_23-18-16.webp.webp?fit=1181%2C777&ssl=1&resize=350%2C200 1x, https:\/\/i0.wp.com\/ismaelcolosi.com.br\/wp-content\/uploads\/2024\/10\/454476234_1117424409804059_55167205197634569_n_2024-10-06_23-18-16_jpg_2024-10-06_23-18-16.webp.webp?fit=1181%2C777&ssl=1&resize=525%2C300 1.5x, https:\/\/i0.wp.com\/ismaelcolosi.com.br\/wp-content\/uploads\/2024\/10\/454476234_1117424409804059_55167205197634569_n_2024-10-06_23-18-16_jpg_2024-10-06_23-18-16.webp.webp?fit=1181%2C777&ssl=1&resize=700%2C400 2x, https:\/\/i0.wp.com\/ismaelcolosi.com.br\/wp-content\/uploads\/2024\/10\/454476234_1117424409804059_55167205197634569_n_2024-10-06_23-18-16_jpg_2024-10-06_23-18-16.webp.webp?fit=1181%2C777&ssl=1&resize=1050%2C600 3x"},"classes":[]},{"id":69565,"url":"https:\/\/ismaelcolosi.com.br\/index.php\/2024\/10\/06\/regiao-de-ribeirao-preto-ja-tem-primeiros-prefeitos-eleitos-confira\/","url_meta":{"origin":69588,"position":3},"title":"Regi\u00e3o de Ribeir\u00e3o Preto j\u00e1 tem primeiros prefeitos eleitos; Confira","author":"ismaelcolosi.com.br","date":"6 de October de 2024","format":false,"excerpt":"Cajuru foi a primeira cidade a contabilizar todos os votos e anunciar o prefeito na regi\u00e3o de Ribeir\u00e3o Preto. O candidato Alex Morentini do MDB foi eleito com 48,80 % dos votos. O candidato Jo\u00e3o Ruggeri, do PSD, teve 33,54 % de votos; Jo\u00e3o Greg\u00f3rio, do PL teve 13,36% e\u2026","rel":"","context":"In &quot;Not\u00edcias de Ribeir\u00e3o Preto-SP e Regi\u00e3o&quot;","block_context":{"text":"Not\u00edcias de Ribeir\u00e3o Preto-SP e Regi\u00e3o","link":"https:\/\/ismaelcolosi.com.br\/index.php\/category\/noticias-de-ribeirao-preto-sp-e-regiao-ismael-colosi\/"},"img":{"alt_text":"","src":"https:\/\/i0.wp.com\/ismaelcolosi.com.br\/wp-content\/uploads\/2024\/07\/urna-eletronica_2024-07-20_21-25-53_jpg_2024-07-20_21-25-53.webp.webp?fit=1170%2C700&ssl=1&resize=350%2C200","width":350,"height":200,"srcset":"https:\/\/i0.wp.com\/ismaelcolosi.com.br\/wp-content\/uploads\/2024\/07\/urna-eletronica_2024-07-20_21-25-53_jpg_2024-07-20_21-25-53.webp.webp?fit=1170%2C700&ssl=1&resize=350%2C200 1x, https:\/\/i0.wp.com\/ismaelcolosi.com.br\/wp-content\/uploads\/2024\/07\/urna-eletronica_2024-07-20_21-25-53_jpg_2024-07-20_21-25-53.webp.webp?fit=1170%2C700&ssl=1&resize=525%2C300 1.5x, https:\/\/i0.wp.com\/ismaelcolosi.com.br\/wp-content\/uploads\/2024\/07\/urna-eletronica_2024-07-20_21-25-53_jpg_2024-07-20_21-25-53.webp.webp?fit=1170%2C700&ssl=1&resize=700%2C400 2x, https:\/\/i0.wp.com\/ismaelcolosi.com.br\/wp-content\/uploads\/2024\/07\/urna-eletronica_2024-07-20_21-25-53_jpg_2024-07-20_21-25-53.webp.webp?fit=1170%2C700&ssl=1&resize=1050%2C600 3x"},"classes":[]},{"id":69574,"url":"https:\/\/ismaelcolosi.com.br\/index.php\/2024\/10\/06\/eleicoes-2024-professor-emerson-e-eleito-prefeito-de-jaboticabal\/","url_meta":{"origin":69588,"position":4},"title":"Elei\u00e7\u00f5es 2024: Professor Emerson \u00e9 eleito prefeito de Jaboticabal","author":"ismaelcolosi.com.br","date":"6 de October de 2024","format":false,"excerpt":"Com 85,99% das urnas apuradas, o candidato Professor Emerson, do MDB, foi reeleito como prefeito de Jaboticabal com 55,76% dos votos. A candidata Adriana Hori, do PSD teve 31,80% dos votos; Nelsinho Gimenez, do PL teve 7,33% dos votos e o Professor Jo\u00e3o Roberto, do Rede teve 2,93%. A apura\u00e7\u00e3o\u2026","rel":"","context":"In &quot;Not\u00edcias de Ribeir\u00e3o Preto-SP e Regi\u00e3o&quot;","block_context":{"text":"Not\u00edcias de Ribeir\u00e3o Preto-SP e Regi\u00e3o","link":"https:\/\/ismaelcolosi.com.br\/index.php\/category\/noticias-de-ribeirao-preto-sp-e-regiao-ismael-colosi\/"},"img":{"alt_text":"","src":"https:\/\/i0.wp.com\/ismaelcolosi.com.br\/wp-content\/uploads\/2024\/10\/15996632525f58ec944a495_1599663252_3x2_md_2024-10-06_22-02-26_jpg_2024-10-06_22-02-26.webp.webp?fit=768%2C512&ssl=1&resize=350%2C200","width":350,"height":200,"srcset":"https:\/\/i0.wp.com\/ismaelcolosi.com.br\/wp-content\/uploads\/2024\/10\/15996632525f58ec944a495_1599663252_3x2_md_2024-10-06_22-02-26_jpg_2024-10-06_22-02-26.webp.webp?fit=768%2C512&ssl=1&resize=350%2C200 1x, https:\/\/i0.wp.com\/ismaelcolosi.com.br\/wp-content\/uploads\/2024\/10\/15996632525f58ec944a495_1599663252_3x2_md_2024-10-06_22-02-26_jpg_2024-10-06_22-02-26.webp.webp?fit=768%2C512&ssl=1&resize=525%2C300 1.5x, https:\/\/i0.wp.com\/ismaelcolosi.com.br\/wp-content\/uploads\/2024\/10\/15996632525f58ec944a495_1599663252_3x2_md_2024-10-06_22-02-26_jpg_2024-10-06_22-02-26.webp.webp?fit=768%2C512&ssl=1&resize=700%2C400 2x"},"classes":[]},{"id":73574,"url":"https:\/\/ismaelcolosi.com.br\/index.php\/2024\/10\/27\/ricardo-silva-e-eleito-o-novo-prefeito-de-ribeirao-preto\/","url_meta":{"origin":69588,"position":5},"title":"Ricardo Silva \u00e9 eleito o novo prefeito de Ribeir\u00e3o Preto","author":"ismaelcolosi.com.br","date":"27 de October de 2024","format":false,"excerpt":"O candidato Ricardo Silva (PSD) foi eleito o novo prefeito de Ribeir\u00e3o Preto, no come\u00e7o da noite deste domingo (27). Alessandro Maraca \u00e9 o vice-prefeito. Conforme os dados do Tribunal Superior Eleitoral (TSE), ao final da apura\u00e7\u00e3o, \u00e0s 19h, o deputado federal recebeu 131.421 votos (50,13%). O empres\u00e1rio Marco Aur\u00e9lio\u2026","rel":"","context":"In &quot;Not\u00edcias de Ribeir\u00e3o Preto-SP e Regi\u00e3o&quot;","block_context":{"text":"Not\u00edcias de Ribeir\u00e3o Preto-SP e Regi\u00e3o","link":"https:\/\/ismaelcolosi.com.br\/index.php\/category\/noticias-de-ribeirao-preto-sp-e-regiao-ismael-colosi\/"},"img":{"alt_text":"","src":"https:\/\/i0.wp.com\/ismaelcolosi.com.br\/wp-content\/uploads\/2024\/10\/WhatsApp-Image-2024-10-27-at-17.10.11_2024-10-27_20-10-40_jpeg_2024-10-27_20-10-40.webp.webp?fit=1200%2C800&ssl=1&resize=350%2C200","width":350,"height":200,"srcset":"https:\/\/i0.wp.com\/ismaelcolosi.com.br\/wp-content\/uploads\/2024\/10\/WhatsApp-Image-2024-10-27-at-17.10.11_2024-10-27_20-10-40_jpeg_2024-10-27_20-10-40.webp.webp?fit=1200%2C800&ssl=1&resize=350%2C200 1x, https:\/\/i0.wp.com\/ismaelcolosi.com.br\/wp-content\/uploads\/2024\/10\/WhatsApp-Image-2024-10-27-at-17.10.11_2024-10-27_20-10-40_jpeg_2024-10-27_20-10-40.webp.webp?fit=1200%2C800&ssl=1&resize=525%2C300 1.5x, https:\/\/i0.wp.com\/ismaelcolosi.com.br\/wp-content\/uploads\/2024\/10\/WhatsApp-Image-2024-10-27-at-17.10.11_2024-10-27_20-10-40_jpeg_2024-10-27_20-10-40.webp.webp?fit=1200%2C800&ssl=1&resize=700%2C400 2x, https:\/\/i0.wp.com\/ismaelcolosi.com.br\/wp-content\/uploads\/2024\/10\/WhatsApp-Image-2024-10-27-at-17.10.11_2024-10-27_20-10-40_jpeg_2024-10-27_20-10-40.webp.webp?fit=1200%2C800&ssl=1&resize=1050%2C600 3x"},"classes":[]}],"jetpack_sharing_enabled":true,"jetpack_shortlink":"https:\/\/wp.me\/pfMlyK-i6o","_links":{"self":[{"href":"https:\/\/ismaelcolosi.com.br\/index.php\/wp-json\/wp\/v2\/posts\/69588","targetHints":{"allow":["GET"]}}],"collection":[{"href":"https:\/\/ismaelcolosi.com.br\/index.php\/wp-json\/wp\/v2\/posts"}],"about":[{"href":"https:\/\/ismaelcolosi.com.br\/index.php\/wp-json\/wp\/v2\/types\/post"}],"author":[{"embeddable":true,"href":"https:\/\/ismaelcolosi.com.br\/index.php\/wp-json\/wp\/v2\/users\/1"}],"replies":[{"embeddable":true,"href":"https:\/\/ismaelcolosi.com.br\/index.php\/wp-json\/wp\/v2\/comments?post=69588"}],"version-history":[{"count":0,"href":"https:\/\/ismaelcolosi.com.br\/index.php\/wp-json\/wp\/v2\/posts\/69588\/revisions"}],"wp:featuredmedia":[{"embeddable":true,"href":"https:\/\/ismaelcolosi.com.br\/index.php\/wp-json\/wp\/v2\/media\/69589"}],"wp:attachment":[{"href":"https:\/\/ismaelcolosi.com.br\/index.php\/wp-json\/wp\/v2\/media?parent=69588"}],"wp:term":[{"taxonomy":"category","embeddable":true,"href":"https:\/\/ismaelcolosi.com.br\/index.php\/wp-json\/wp\/v2\/categories?post=69588"},{"taxonomy":"post_tag","embeddable":true,"href":"https:\/\/ismaelcolosi.com.br\/index.php\/wp-json\/wp\/v2\/tags?post=69588"}],"curies":[{"name":"wp","href":"https:\/\/api.w.org\/{rel}","templated":true}]}}