{"id":69583,"date":"2024-10-06T20:40:06","date_gmt":"2024-10-06T23:40:06","guid":{"rendered":"https:\/\/ismaelcolosi.com.br\/index.php\/2024\/10\/06\/eleicoes-2024-veja-quais-foram-os-vereadores-eleitos-em-ribeirao-preto\/"},"modified":"2024-10-06T20:40:06","modified_gmt":"2024-10-06T23:40:06","slug":"eleicoes-2024-veja-quais-foram-os-vereadores-eleitos-em-ribeirao-preto","status":"publish","type":"post","link":"https:\/\/ismaelcolosi.com.br\/index.php\/2024\/10\/06\/eleicoes-2024-veja-quais-foram-os-vereadores-eleitos-em-ribeirao-preto\/","title":{"rendered":"Elei\u00e7\u00f5es 2024: Veja quais foram os vereadores eleitos em Ribeir\u00e3o Preto"},"content":{"rendered":"<p> <br \/>\n<\/p>\n<p>O<strong> TSE (Tribunal Superior Eleitoral)<\/strong> j\u00e1 conclui a apura\u00e7\u00e3o dos votos em <strong>Ribeir\u00e3o Preto<\/strong> e os novos vereadores, a partir de 2025 j\u00e1 podem ser conhecidos. Confira os vereadores eleitos em Ribeir\u00e3o Preto para legislatura 2025\/2029.<\/p>\n<p><strong>Danilo Scochi (MDB)<\/strong><\/p><div class='code-block code-block-8' style='margin: 8px auto; text-align: center; display: block; clear: both;'>\n<script>\n  atOptions = {\n    'key' : '66e2e2111ca34da796271819fc334058',\n    'format' : 'iframe',\n    'height' : 250,\n    'width' : 300,\n    'params' : {}\n  };\n<\/script>\n<script src=\"https:\/\/www.highperformanceformat.com\/66e2e2111ca34da796271819fc334058\/invoke.js\"><\/script>\n<\/div>\n\n<p><strong>Isaac Antunes (PL)<\/strong><\/p>\n<p><strong>Duda Hidalgo (PT)<\/strong><\/p>\n<p><strong>Igor Oliveira (MDB)<\/strong><\/p>\n<p><strong>Bigodini (MDB)<\/strong><\/p>\n<p><strong>Paulo Modas (PSD)<\/strong><\/p>\n<p><strong>Delegado Martinez (MDB)<\/strong><\/p>\n<p><strong>Brando Veiga (REP)<\/strong><\/p>\n<p><strong>Andr\u00e9 Rodini (Novo)<\/strong><\/p>\n<p><strong>Jean Corauci (PSD)<\/strong><\/p>\n<p><strong>Di\u00e1cono Ramos (Uni\u00e3o)<\/strong><\/p>\n<p><strong>Lincoln Fernandes (PL)<\/strong><\/p>\n<p><strong>Rangel Scandiuzzi (PSD)<\/strong><\/p>\n<p><strong>Gasparini (Uni\u00e3o)<\/strong><\/p>\n<p><strong>Franco Ferro (PP)<\/strong><\/p>\n<p><strong>Perla Muller (PT)<\/strong><\/p>\n<p><strong>Junin D\u00ead\u00ea (PL)<\/strong><\/p>\n<p><strong>Matheus Moreno (MDB)<\/strong><\/p>\n<p><strong>Daniel Gobbi (PP)<\/strong><\/p>\n<p><strong>Maur\u00edcio Vila Abranches (PSDB)<\/strong><\/p>\n<p><strong>Coletivo Judeti Zilli (PT)<\/strong><\/p>\n<p><strong>Daniel do Bus\u00e3o (PL)<\/strong><\/p>\n<p>A apura\u00e7\u00e3o voc\u00ea acompanha no <strong>acidade on<\/strong> em tempo real. Os n\u00fameros ser\u00e3o atualizados pelo<strong> TSE (Tribunal Superior Eleitoral)<\/strong> logo em seguida ao t\u00e9rmino da vota\u00e7\u00e3o. <a href=\"https:\/\/apuracao.acidadeon.com\/ribeiraopreto\/\" target=\"_blank\" rel=\"noreferrer noopener nofollow\">Clique aqui para acompanhar.<\/a><\/p>\n<p>O post Elei\u00e7\u00f5es 2024: Veja quais foram os vereadores eleitos em Ribeir\u00e3o Preto apareceu primeiro em ACidade ON Ribeir\u00e3o Preto.<\/p>\n<p><br \/>\n<br \/><a href=\"https:\/\/www.acidadeon.com\/ribeiraopreto\/politica\/eleicoes\/eleicoes-2024-veja-quais-foram-vereadores-em-ribeirao-preto\/\">Source link <\/a><\/p>\n<div class='code-block code-block-4' style='margin: 8px auto 8px 0; text-align: left; display: block; clear: both;'>\n\ud83d\udce2 Aviso Legal\n\nO site ismaelcolosi.com.br atua apenas como um canal de divulga\u00e7\u00e3o de oportunidades de emprego e n\u00e3o se responsabiliza pelo processo seletivo, contrata\u00e7\u00e3o ou qualquer outra etapa relacionada \u00e0s vagas publicadas. Todas as informa\u00e7\u00f5es s\u00e3o de responsabilidade dos anunciantes.\n\n\u26a0\ufe0f Aten\u00e7\u00e3o! Nunca pague por promessas de emprego nem compre cursos que garantam contrata\u00e7\u00e3o. Desconfie de qualquer cobran\u00e7a para participar de sele\u00e7\u00f5es.\n\n\n\n<\/div>\n<!-- CONTENT END 1 -->\n","protected":false},"excerpt":{"rendered":"<p>O TSE (Tribunal Superior Eleitoral) j\u00e1 conclui a apura\u00e7\u00e3o dos votos em Ribeir\u00e3o Preto e os novos vereadores, a partir de 2025 j\u00e1 podem ser&#8230;<\/p>\n","protected":false},"author":1,"featured_media":69584,"comment_status":"open","ping_status":"open","sticky":false,"template":"","format":"standard","meta":{"_uag_custom_page_level_css":"","advanced_seo_description":"","jetpack_seo_html_title":"","jetpack_seo_noindex":false,"jetpack_post_was_ever_published":false,"_jetpack_newsletter_access":"","_jetpack_dont_email_post_to_subs":false,"_jetpack_newsletter_tier_id":0,"_jetpack_memberships_contains_paywalled_content":false,"_jetpack_memberships_contains_paid_content":false,"footnotes":"","jetpack_publicize_message":"","jetpack_publicize_feature_enabled":true,"jetpack_social_post_already_shared":true,"jetpack_social_options":{"image_generator_settings":{"template":"highway","default_image_id":0,"font":"","enabled":false},"version":2}},"categories":[11],"tags":[],"class_list":["post-69583","post","type-post","status-publish","format-standard","has-post-thumbnail","hentry","category-noticias-de-ribeirao-preto-sp-e-regiao-ismael-colosi"],"jetpack_publicize_connections":[],"jetpack_featured_media_url":"https:\/\/i0.wp.com\/ismaelcolosi.com.br\/wp-content\/uploads\/2024\/10\/Copia-de-Copia-de-Copia-de-TAMANHO-EXATO-PARA-FOTOS-NO-SISTEMA-NOVO-96_2024-10-06_22-58-49_png_2024-10-06_22-58-49.webp.webp?fit=1200%2C675&ssl=1","uagb_featured_image_src":{"full":["https:\/\/i0.wp.com\/ismaelcolosi.com.br\/wp-content\/uploads\/2024\/10\/Copia-de-Copia-de-Copia-de-TAMANHO-EXATO-PARA-FOTOS-NO-SISTEMA-NOVO-96_2024-10-06_22-58-49_png_2024-10-06_22-58-49.webp.webp?fit=1200%2C675&ssl=1",1200,675,false],"thumbnail":["https:\/\/i0.wp.com\/ismaelcolosi.com.br\/wp-content\/uploads\/2024\/10\/Copia-de-Copia-de-Copia-de-TAMANHO-EXATO-PARA-FOTOS-NO-SISTEMA-NOVO-96_2024-10-06_22-58-49_png_2024-10-06_22-58-49.webp.webp?resize=150%2C150&ssl=1",150,150,true],"medium":["https:\/\/i0.wp.com\/ismaelcolosi.com.br\/wp-content\/uploads\/2024\/10\/Copia-de-Copia-de-Copia-de-TAMANHO-EXATO-PARA-FOTOS-NO-SISTEMA-NOVO-96_2024-10-06_22-58-49_png_2024-10-06_22-58-49.webp.webp?fit=300%2C169&ssl=1",300,169,true],"medium_large":["https:\/\/i0.wp.com\/ismaelcolosi.com.br\/wp-content\/uploads\/2024\/10\/Copia-de-Copia-de-Copia-de-TAMANHO-EXATO-PARA-FOTOS-NO-SISTEMA-NOVO-96_2024-10-06_22-58-49_png_2024-10-06_22-58-49.webp.webp?fit=768%2C432&ssl=1",768,432,true],"large":["https:\/\/i0.wp.com\/ismaelcolosi.com.br\/wp-content\/uploads\/2024\/10\/Copia-de-Copia-de-Copia-de-TAMANHO-EXATO-PARA-FOTOS-NO-SISTEMA-NOVO-96_2024-10-06_22-58-49_png_2024-10-06_22-58-49.webp.webp?fit=1024%2C576&ssl=1",1024,576,true],"1536x1536":["https:\/\/i0.wp.com\/ismaelcolosi.com.br\/wp-content\/uploads\/2024\/10\/Copia-de-Copia-de-Copia-de-TAMANHO-EXATO-PARA-FOTOS-NO-SISTEMA-NOVO-96_2024-10-06_22-58-49_png_2024-10-06_22-58-49.webp.webp?fit=1200%2C675&ssl=1",1200,675,true],"2048x2048":["https:\/\/i0.wp.com\/ismaelcolosi.com.br\/wp-content\/uploads\/2024\/10\/Copia-de-Copia-de-Copia-de-TAMANHO-EXATO-PARA-FOTOS-NO-SISTEMA-NOVO-96_2024-10-06_22-58-49_png_2024-10-06_22-58-49.webp.webp?fit=1200%2C675&ssl=1",1200,675,true],"really-simple-thumb":["https:\/\/i0.wp.com\/ismaelcolosi.com.br\/wp-content\/uploads\/2024\/10\/Copia-de-Copia-de-Copia-de-TAMANHO-EXATO-PARA-FOTOS-NO-SISTEMA-NOVO-96_2024-10-06_22-58-49_png_2024-10-06_22-58-49.webp.webp?resize=370%2C247&ssl=1",370,247,true]},"uagb_author_info":{"display_name":"ismaelcolosi.com.br","author_link":"https:\/\/ismaelcolosi.com.br\/index.php\/author\/vidareal-online\/"},"uagb_comment_info":0,"uagb_excerpt":"O TSE (Tribunal Superior Eleitoral) j\u00e1 conclui a apura\u00e7\u00e3o dos votos em Ribeir\u00e3o Preto e os novos vereadores, a partir de 2025 j\u00e1 podem ser...","jetpack-related-posts":[{"id":77645,"url":"https:\/\/ismaelcolosi.com.br\/index.php\/2024\/11\/27\/tre-vai-diplomar-eleitos-no-dia-18\/","url_meta":{"origin":69583,"position":0},"title":"TRE vai diplomar eleitos no dia 18\u00a0","author":"ismaelcolosi.com.br","date":"27 de November de 2024","format":false,"excerpt":"O Tribunal Regional Eleitoral de S\u00e3o Paulo (TRE-SP) marcou para 18 de dezembro a diploma\u00e7\u00e3o do prefeito eleito Ricardo Silva (PSD), do vice-prefeito Alessandro Maraca (MDB) e dos 22 vereadores que v\u00e3o compor a 19\u00aa legislatura (2025-2028) em Ribeir\u00e3o Preto. A cerim\u00f4nia ser\u00e1 online, \u00e0s 14 horas, no site da\u2026","rel":"","context":"In &quot;Not\u00edcias de Ribeir\u00e3o Preto-SP e Regi\u00e3o&quot;","block_context":{"text":"Not\u00edcias de Ribeir\u00e3o Preto-SP e Regi\u00e3o","link":"https:\/\/ismaelcolosi.com.br\/index.php\/category\/noticias-de-ribeirao-preto-sp-e-regiao-ismael-colosi\/"},"img":{"alt_text":"","src":"https:\/\/i0.wp.com\/ismaelcolosi.com.br\/wp-content\/uploads\/2024\/11\/EleicaoRP-Alfredo-Risk-TRE-scaled.jpg?fit=800%2C417&ssl=1&resize=350%2C200","width":350,"height":200,"srcset":"https:\/\/i0.wp.com\/ismaelcolosi.com.br\/wp-content\/uploads\/2024\/11\/EleicaoRP-Alfredo-Risk-TRE-scaled.jpg?fit=800%2C417&ssl=1&resize=350%2C200 1x, https:\/\/i0.wp.com\/ismaelcolosi.com.br\/wp-content\/uploads\/2024\/11\/EleicaoRP-Alfredo-Risk-TRE-scaled.jpg?fit=800%2C417&ssl=1&resize=525%2C300 1.5x, https:\/\/i0.wp.com\/ismaelcolosi.com.br\/wp-content\/uploads\/2024\/11\/EleicaoRP-Alfredo-Risk-TRE-scaled.jpg?fit=800%2C417&ssl=1&resize=700%2C400 2x"},"classes":[]},{"id":74068,"url":"https:\/\/ismaelcolosi.com.br\/index.php\/2024\/10\/29\/ricardo-silva-tera-maioria-na-camara\/","url_meta":{"origin":69583,"position":1},"title":"Ricardo Silva ter\u00e1 maioria na C\u00e2mara \u00a0","author":"ismaelcolosi.com.br","date":"29 de October de 2024","format":false,"excerpt":"O atual deputado federal Ricardo Silva (PSD), de 39 anos, ser\u00e1 o prefeito de Ribeir\u00e3o Preto a partir de 1\u00ba de janeiro de 2025 e at\u00e9 31 de dezembro de 2028. O candidato da coliga\u00e7\u00e3o \u201cPara Ribeir\u00e3o avan\u00e7ar\u201d, que tem o vereador Alessandro Maraca (MDB) como vice, venceu a elei\u00e7\u00e3o\u2026","rel":"","context":"In &quot;Not\u00edcias de Ribeir\u00e3o Preto-SP e Regi\u00e3o&quot;","block_context":{"text":"Not\u00edcias de Ribeir\u00e3o Preto-SP e Regi\u00e3o","link":"https:\/\/ismaelcolosi.com.br\/index.php\/category\/noticias-de-ribeirao-preto-sp-e-regiao-ismael-colosi\/"},"img":{"alt_text":"","src":"https:\/\/i0.wp.com\/ismaelcolosi.com.br\/wp-content\/uploads\/2024\/10\/EleicaoCAM-Silvia-Morais-Camara-scaled.jpg?fit=800%2C413&ssl=1&resize=350%2C200","width":350,"height":200,"srcset":"https:\/\/i0.wp.com\/ismaelcolosi.com.br\/wp-content\/uploads\/2024\/10\/EleicaoCAM-Silvia-Morais-Camara-scaled.jpg?fit=800%2C413&ssl=1&resize=350%2C200 1x, https:\/\/i0.wp.com\/ismaelcolosi.com.br\/wp-content\/uploads\/2024\/10\/EleicaoCAM-Silvia-Morais-Camara-scaled.jpg?fit=800%2C413&ssl=1&resize=525%2C300 1.5x, https:\/\/i0.wp.com\/ismaelcolosi.com.br\/wp-content\/uploads\/2024\/10\/EleicaoCAM-Silvia-Morais-Camara-scaled.jpg?fit=800%2C413&ssl=1&resize=700%2C400 2x"},"classes":[]},{"id":77340,"url":"https:\/\/ismaelcolosi.com.br\/index.php\/2024\/11\/24\/vereador-isaac-antunes-continuara-no-comando-da-camara-em-2025\/","url_meta":{"origin":69583,"position":2},"title":"Vereador Isaac Antunes continuar\u00e1 no comando da C\u00e2mara em 2025","author":"ismaelcolosi.com.br","date":"24 de November de 2024","format":false,"excerpt":"24 de novembro de 202422 de novembro de 202410 Compartilhar0 O vereador Isaac Antunes (PL), atual presidente da C\u00e2mara Municipal de Ribeir\u00e3o Preto, reeleito nas elei\u00e7\u00f5es municipais deste ano, continuar\u00e1 comandado o Legislativo municipal em 2025, primeiro ano da 19\u00aa. legislatura, cujos 22 parlamentares eleitos e reeleitos para o primeiro\u2026","rel":"","context":"In &quot;Not\u00edcias de Ribeir\u00e3o Preto-SP e Regi\u00e3o&quot;","block_context":{"text":"Not\u00edcias de Ribeir\u00e3o Preto-SP e Regi\u00e3o","link":"https:\/\/ismaelcolosi.com.br\/index.php\/category\/noticias-de-ribeirao-preto-sp-e-regiao-ismael-colosi\/"},"img":{"alt_text":"","src":"https:\/\/i0.wp.com\/ismaelcolosi.com.br\/wp-content\/uploads\/2024\/11\/IMG_0571-1-scaled.jpg?fit=750%2C500&ssl=1&resize=350%2C200","width":350,"height":200,"srcset":"https:\/\/i0.wp.com\/ismaelcolosi.com.br\/wp-content\/uploads\/2024\/11\/IMG_0571-1-scaled.jpg?fit=750%2C500&ssl=1&resize=350%2C200 1x, https:\/\/i0.wp.com\/ismaelcolosi.com.br\/wp-content\/uploads\/2024\/11\/IMG_0571-1-scaled.jpg?fit=750%2C500&ssl=1&resize=525%2C300 1.5x, https:\/\/i0.wp.com\/ismaelcolosi.com.br\/wp-content\/uploads\/2024\/11\/IMG_0571-1-scaled.jpg?fit=750%2C500&ssl=1&resize=700%2C400 2x"},"classes":[]},{"id":78016,"url":"https:\/\/ismaelcolosi.com.br\/index.php\/2024\/12\/01\/como-seria-o-legislativo-municipal-com-mais-cinco-cadeiras\/","url_meta":{"origin":69583,"position":3},"title":"Como seria o Legislativo municipal com mais cinco cadeiras?","author":"ismaelcolosi.com.br","date":"1 de December de 2024","format":false,"excerpt":"Um estudo da Faculdade de Direito da Universidade de S\u00e3o Paulo (USP) de Ribeir\u00e3o Preto analisou o impacto que o aumento de 22 para 27 vereadores, na composi\u00e7\u00e3o da C\u00e2mara Municipal de Ribeir\u00e3o Preto, teria na pr\u00f3xima Legislatura, que se inicia no dia 1 de janeiro. O estudo considerou os\u2026","rel":"","context":"In &quot;Not\u00edcias de Ribeir\u00e3o Preto-SP e Regi\u00e3o&quot;","block_context":{"text":"Not\u00edcias de Ribeir\u00e3o Preto-SP e Regi\u00e3o","link":"https:\/\/ismaelcolosi.com.br\/index.php\/category\/noticias-de-ribeirao-preto-sp-e-regiao-ismael-colosi\/"},"img":{"alt_text":"","src":"https:\/\/i0.wp.com\/ismaelcolosi.com.br\/wp-content\/uploads\/2024\/12\/Camara_ThaisaCoroado.jpg?fit=750%2C500&ssl=1&resize=350%2C200","width":350,"height":200,"srcset":"https:\/\/i0.wp.com\/ismaelcolosi.com.br\/wp-content\/uploads\/2024\/12\/Camara_ThaisaCoroado.jpg?fit=750%2C500&ssl=1&resize=350%2C200 1x, https:\/\/i0.wp.com\/ismaelcolosi.com.br\/wp-content\/uploads\/2024\/12\/Camara_ThaisaCoroado.jpg?fit=750%2C500&ssl=1&resize=525%2C300 1.5x, https:\/\/i0.wp.com\/ismaelcolosi.com.br\/wp-content\/uploads\/2024\/12\/Camara_ThaisaCoroado.jpg?fit=750%2C500&ssl=1&resize=700%2C400 2x"},"classes":[]},{"id":45598,"url":"https:\/\/ismaelcolosi.com.br\/index.php\/2024\/04\/05\/nove-integrantes-deixam-o-governo\/","url_meta":{"origin":69583,"position":4},"title":"Nove integrantes deixam o governo","author":"ismaelcolosi.com.br","date":"5 de April de 2024","format":false,"excerpt":"Nove integrantes do alto escal\u00e3o do governo Duarte Nogueira (PSDB) pediram exonera\u00e7\u00e3o de seus cargos. Os desligamentos foram publicados no Di\u00e1rio Oficial do Munic\u00edpio (DOM) de quarta-feira (3). A debandada tem rela\u00e7\u00e3o direta com as elei\u00e7\u00f5es municipais deste ano. V\u00e1rios pretendem disputar uma vaga na C\u00e2mara de Vereadores e outros\u2026","rel":"","context":"In &quot;Not\u00edcias de Ribeir\u00e3o Preto-SP e Regi\u00e3o&quot;","block_context":{"text":"Not\u00edcias de Ribeir\u00e3o Preto-SP e Regi\u00e3o","link":"https:\/\/ismaelcolosi.com.br\/index.php\/category\/noticias-de-ribeirao-preto-sp-e-regiao-ismael-colosi\/"},"img":{"alt_text":"","src":"https:\/\/i0.wp.com\/ismaelcolosi.com.br\/wp-content\/uploads\/2024\/04\/Prefeitura-de-RP-Foto-CCS-scaled.jpeg?fit=970%2C645&ssl=1&resize=350%2C200","width":350,"height":200,"srcset":"https:\/\/i0.wp.com\/ismaelcolosi.com.br\/wp-content\/uploads\/2024\/04\/Prefeitura-de-RP-Foto-CCS-scaled.jpeg?fit=970%2C645&ssl=1&resize=350%2C200 1x, https:\/\/i0.wp.com\/ismaelcolosi.com.br\/wp-content\/uploads\/2024\/04\/Prefeitura-de-RP-Foto-CCS-scaled.jpeg?fit=970%2C645&ssl=1&resize=525%2C300 1.5x, https:\/\/i0.wp.com\/ismaelcolosi.com.br\/wp-content\/uploads\/2024\/04\/Prefeitura-de-RP-Foto-CCS-scaled.jpeg?fit=970%2C645&ssl=1&resize=700%2C400 2x"},"classes":[]},{"id":69565,"url":"https:\/\/ismaelcolosi.com.br\/index.php\/2024\/10\/06\/regiao-de-ribeirao-preto-ja-tem-primeiros-prefeitos-eleitos-confira\/","url_meta":{"origin":69583,"position":5},"title":"Regi\u00e3o de Ribeir\u00e3o Preto j\u00e1 tem primeiros prefeitos eleitos; Confira","author":"ismaelcolosi.com.br","date":"6 de October de 2024","format":false,"excerpt":"Cajuru foi a primeira cidade a contabilizar todos os votos e anunciar o prefeito na regi\u00e3o de Ribeir\u00e3o Preto. O candidato Alex Morentini do MDB foi eleito com 48,80 % dos votos. O candidato Jo\u00e3o Ruggeri, do PSD, teve 33,54 % de votos; Jo\u00e3o Greg\u00f3rio, do PL teve 13,36% e\u2026","rel":"","context":"In &quot;Not\u00edcias de Ribeir\u00e3o Preto-SP e Regi\u00e3o&quot;","block_context":{"text":"Not\u00edcias de Ribeir\u00e3o Preto-SP e Regi\u00e3o","link":"https:\/\/ismaelcolosi.com.br\/index.php\/category\/noticias-de-ribeirao-preto-sp-e-regiao-ismael-colosi\/"},"img":{"alt_text":"","src":"https:\/\/i0.wp.com\/ismaelcolosi.com.br\/wp-content\/uploads\/2024\/07\/urna-eletronica_2024-07-20_21-25-53_jpg_2024-07-20_21-25-53.webp.webp?fit=1170%2C700&ssl=1&resize=350%2C200","width":350,"height":200,"srcset":"https:\/\/i0.wp.com\/ismaelcolosi.com.br\/wp-content\/uploads\/2024\/07\/urna-eletronica_2024-07-20_21-25-53_jpg_2024-07-20_21-25-53.webp.webp?fit=1170%2C700&ssl=1&resize=350%2C200 1x, https:\/\/i0.wp.com\/ismaelcolosi.com.br\/wp-content\/uploads\/2024\/07\/urna-eletronica_2024-07-20_21-25-53_jpg_2024-07-20_21-25-53.webp.webp?fit=1170%2C700&ssl=1&resize=525%2C300 1.5x, https:\/\/i0.wp.com\/ismaelcolosi.com.br\/wp-content\/uploads\/2024\/07\/urna-eletronica_2024-07-20_21-25-53_jpg_2024-07-20_21-25-53.webp.webp?fit=1170%2C700&ssl=1&resize=700%2C400 2x, https:\/\/i0.wp.com\/ismaelcolosi.com.br\/wp-content\/uploads\/2024\/07\/urna-eletronica_2024-07-20_21-25-53_jpg_2024-07-20_21-25-53.webp.webp?fit=1170%2C700&ssl=1&resize=1050%2C600 3x"},"classes":[]}],"jetpack_sharing_enabled":true,"jetpack_shortlink":"https:\/\/wp.me\/pfMlyK-i6j","_links":{"self":[{"href":"https:\/\/ismaelcolosi.com.br\/index.php\/wp-json\/wp\/v2\/posts\/69583","targetHints":{"allow":["GET"]}}],"collection":[{"href":"https:\/\/ismaelcolosi.com.br\/index.php\/wp-json\/wp\/v2\/posts"}],"about":[{"href":"https:\/\/ismaelcolosi.com.br\/index.php\/wp-json\/wp\/v2\/types\/post"}],"author":[{"embeddable":true,"href":"https:\/\/ismaelcolosi.com.br\/index.php\/wp-json\/wp\/v2\/users\/1"}],"replies":[{"embeddable":true,"href":"https:\/\/ismaelcolosi.com.br\/index.php\/wp-json\/wp\/v2\/comments?post=69583"}],"version-history":[{"count":0,"href":"https:\/\/ismaelcolosi.com.br\/index.php\/wp-json\/wp\/v2\/posts\/69583\/revisions"}],"wp:featuredmedia":[{"embeddable":true,"href":"https:\/\/ismaelcolosi.com.br\/index.php\/wp-json\/wp\/v2\/media\/69584"}],"wp:attachment":[{"href":"https:\/\/ismaelcolosi.com.br\/index.php\/wp-json\/wp\/v2\/media?parent=69583"}],"wp:term":[{"taxonomy":"category","embeddable":true,"href":"https:\/\/ismaelcolosi.com.br\/index.php\/wp-json\/wp\/v2\/categories?post=69583"},{"taxonomy":"post_tag","embeddable":true,"href":"https:\/\/ismaelcolosi.com.br\/index.php\/wp-json\/wp\/v2\/tags?post=69583"}],"curies":[{"name":"wp","href":"https:\/\/api.w.org\/{rel}","templated":true}]}}