{"id":69581,"date":"2024-10-06T20:25:17","date_gmt":"2024-10-06T23:25:17","guid":{"rendered":"https:\/\/ismaelcolosi.com.br\/index.php\/2024\/10\/06\/ricardo-silva-e-marco-aurelio-vao-disputar-o-2o-turno-em-ribeirao-preto\/"},"modified":"2024-10-06T20:25:17","modified_gmt":"2024-10-06T23:25:17","slug":"ricardo-silva-e-marco-aurelio-vao-disputar-o-2o-turno-em-ribeirao-preto","status":"publish","type":"post","link":"https:\/\/ismaelcolosi.com.br\/index.php\/2024\/10\/06\/ricardo-silva-e-marco-aurelio-vao-disputar-o-2o-turno-em-ribeirao-preto\/","title":{"rendered":"Ricardo Silva e Marco Aurelio v\u00e3o disputar o 2\u00ba turno em Ribeir\u00e3o Preto"},"content":{"rendered":"<p> <br \/>\n<\/p>\n<div data-td-block-uid=\"tdi_106\">\n<div class=\"tdb-block-inner td-fix-index\">\n<p>Os candidatos <strong>Ricardo Silva (PSD)<\/strong> e <strong>Marco Aurelio (Novo)<\/strong> v\u00e3o decidir no <strong>2\u00ba turno<\/strong>, que ser\u00e1 realizado no dia <strong>27 de outubro<\/strong>, quem ser\u00e1 o pr\u00f3ximo <strong>prefeito de Ribeir\u00e3o Preto<\/strong>.<\/p>\n<p><span style=\"background-color:#fff9c0\" class=\"td_text_highlight_marker\"><mark style=\"background-color:rgba(0, 0, 0, 0)\" class=\"has-inline-color has-black-color\">Conforme os dados do <strong><a href=\"https:\/\/www.tse.jus.br\/\" target=\"_blank\" rel=\"noreferrer noopener\">Tribunal Superior Eleitoral (TSE)<\/a><\/strong>, ao final da apura\u00e7\u00e3o, \u00e0s 19h29, o <strong>deputado federal recebeu 128.433 mil votos (48%)<\/strong> e o <strong>empres\u00e1rio teve 66.177 mil votos (24%)<\/strong>.<\/mark><\/span><\/p>\n<p><strong>Jorge Roque (PT)<\/strong> ficou em terceiro lugar com 40.528 votos, o que representa 15% dos votos. J\u00e1 o quarto e quinto candidato, respectivamente, foram <strong>Andr\u00e9 Trindade (Uni\u00e3o)<\/strong>, com 10% e 29.105 mil votos, e <strong>Matheus Coelho (DC)<\/strong> com 0,35% e 920 votos.<\/p>\n<p>O<strong> 1\u00ba turno das elei\u00e7\u00f5es<\/strong> em <strong>Ribeir\u00e3o Preto<\/strong> teve 6,11% de votos brancos e 10,38% de votos nulos.<\/p>\n<hr class=\"wp-block-separator has-alpha-channel-opacity\"\/>\n<p>SAIBA MAIS <\/p>\n<p>Cidade na regi\u00e3o de Ribeir\u00e3o tem ruas totalmente limpas durante as elei\u00e7\u00f5es; V\u00eddeo<\/p>\n<h4 class=\"wp-block-heading\"><strong>FIQUE ON<\/strong><\/h4>\n<p>Fique ligado em tudo que acontece em Ribeir\u00e3o Preto e regi\u00e3o. Siga os perfis do<strong>\u00a0acidade on\u00a0<\/strong>no\u00a0<a href=\"https:\/\/www.instagram.com\/acidadeonribeirao\" target=\"_blank\" rel=\"noreferrer noopener\">Instagram<\/a>\u00a0e no\u00a0<a href=\"https:\/\/www.facebook.com\/acidadeonribeirao\/\" target=\"_blank\" rel=\"noreferrer noopener\">Facebook<\/a>.<\/p>\n<p>Receba not\u00edcias do\u00a0<strong>acidade on\u00a0<\/strong>no WhatsApp.<a href=\"https:\/\/chat.whatsapp.com\/Fg4ok3aAVyB59DP63pRapr\" target=\"_blank\" rel=\"noreferrer noopener\">\u00a0Para entrar no grupo, basta clicar aqui.<\/a><\/p>\n<p>Fa\u00e7a uma den\u00fancia ou sugira uma reportagem sobre Ribeir\u00e3o Preto e regi\u00e3o pelo WhatsApp: 16 99117 7802.<\/p>\n<p>VEJA TAMB\u00c9M<\/p>\n<p>X vai pagar as multas, mas quando voltar\u00e1 a operar no Brasil?<\/p>\n<p><!-- CONTENT END 1 -->\n<\/div>\n<\/div>\n<p><script async src=\"\/\/www.instagram.com\/embed.js\"><\/script><br \/>\n<br \/><br \/>\n<br \/><a href=\"https:\/\/www.acidadeon.com\/ribeiraopreto\/politica\/eleicoes\/ricardo-silva-e-marco-aurelio-vao-disputar-o-2o-turno-em-ribeirao-preto\/\">Source link <\/a><\/p>\n","protected":false},"excerpt":{"rendered":"<p>Os candidatos Ricardo Silva (PSD) e Marco Aurelio (Novo) v\u00e3o decidir no 2\u00ba turno, que ser\u00e1 realizado no dia 27 de outubro, quem ser\u00e1 o&#8230;<\/p>\n","protected":false},"author":1,"featured_media":69582,"comment_status":"open","ping_status":"open","sticky":false,"template":"","format":"standard","meta":{"_uag_custom_page_level_css":"","advanced_seo_description":"","jetpack_seo_html_title":"","jetpack_seo_noindex":false,"jetpack_post_was_ever_published":false,"_jetpack_newsletter_access":"","_jetpack_dont_email_post_to_subs":false,"_jetpack_newsletter_tier_id":0,"_jetpack_memberships_contains_paywalled_content":false,"_jetpack_memberships_contains_paid_content":false,"footnotes":"","jetpack_publicize_message":"","jetpack_publicize_feature_enabled":true,"jetpack_social_post_already_shared":true,"jetpack_social_options":{"image_generator_settings":{"template":"highway","default_image_id":0,"font":"","enabled":false},"version":2}},"categories":[11],"tags":[],"class_list":["post-69581","post","type-post","status-publish","format-standard","has-post-thumbnail","hentry","category-noticias-de-ribeirao-preto-sp-e-regiao-ismael-colosi"],"jetpack_publicize_connections":[],"jetpack_featured_media_url":"https:\/\/i0.wp.com\/ismaelcolosi.com.br\/wp-content\/uploads\/2024\/10\/Copia-de-Copia-de-Copia-de-TAMANHO-EXATO-PARA-FOTOS-NO-SISTEMA-NOVO-95_2024-10-06_22-19-13_png_2024-10-06_22-19-13.webp.webp?fit=1200%2C675&ssl=1","uagb_featured_image_src":{"full":["https:\/\/i0.wp.com\/ismaelcolosi.com.br\/wp-content\/uploads\/2024\/10\/Copia-de-Copia-de-Copia-de-TAMANHO-EXATO-PARA-FOTOS-NO-SISTEMA-NOVO-95_2024-10-06_22-19-13_png_2024-10-06_22-19-13.webp.webp?fit=1200%2C675&ssl=1",1200,675,false],"thumbnail":["https:\/\/i0.wp.com\/ismaelcolosi.com.br\/wp-content\/uploads\/2024\/10\/Copia-de-Copia-de-Copia-de-TAMANHO-EXATO-PARA-FOTOS-NO-SISTEMA-NOVO-95_2024-10-06_22-19-13_png_2024-10-06_22-19-13.webp.webp?resize=150%2C150&ssl=1",150,150,true],"medium":["https:\/\/i0.wp.com\/ismaelcolosi.com.br\/wp-content\/uploads\/2024\/10\/Copia-de-Copia-de-Copia-de-TAMANHO-EXATO-PARA-FOTOS-NO-SISTEMA-NOVO-95_2024-10-06_22-19-13_png_2024-10-06_22-19-13.webp.webp?fit=300%2C169&ssl=1",300,169,true],"medium_large":["https:\/\/i0.wp.com\/ismaelcolosi.com.br\/wp-content\/uploads\/2024\/10\/Copia-de-Copia-de-Copia-de-TAMANHO-EXATO-PARA-FOTOS-NO-SISTEMA-NOVO-95_2024-10-06_22-19-13_png_2024-10-06_22-19-13.webp.webp?fit=768%2C432&ssl=1",768,432,true],"large":["https:\/\/i0.wp.com\/ismaelcolosi.com.br\/wp-content\/uploads\/2024\/10\/Copia-de-Copia-de-Copia-de-TAMANHO-EXATO-PARA-FOTOS-NO-SISTEMA-NOVO-95_2024-10-06_22-19-13_png_2024-10-06_22-19-13.webp.webp?fit=1024%2C576&ssl=1",1024,576,true],"1536x1536":["https:\/\/i0.wp.com\/ismaelcolosi.com.br\/wp-content\/uploads\/2024\/10\/Copia-de-Copia-de-Copia-de-TAMANHO-EXATO-PARA-FOTOS-NO-SISTEMA-NOVO-95_2024-10-06_22-19-13_png_2024-10-06_22-19-13.webp.webp?fit=1200%2C675&ssl=1",1200,675,true],"2048x2048":["https:\/\/i0.wp.com\/ismaelcolosi.com.br\/wp-content\/uploads\/2024\/10\/Copia-de-Copia-de-Copia-de-TAMANHO-EXATO-PARA-FOTOS-NO-SISTEMA-NOVO-95_2024-10-06_22-19-13_png_2024-10-06_22-19-13.webp.webp?fit=1200%2C675&ssl=1",1200,675,true],"really-simple-thumb":["https:\/\/i0.wp.com\/ismaelcolosi.com.br\/wp-content\/uploads\/2024\/10\/Copia-de-Copia-de-Copia-de-TAMANHO-EXATO-PARA-FOTOS-NO-SISTEMA-NOVO-95_2024-10-06_22-19-13_png_2024-10-06_22-19-13.webp.webp?resize=370%2C247&ssl=1",370,247,true]},"uagb_author_info":{"display_name":"ismaelcolosi.com.br","author_link":"https:\/\/ismaelcolosi.com.br\/index.php\/author\/vidareal-online\/"},"uagb_comment_info":0,"uagb_excerpt":"Os candidatos Ricardo Silva (PSD) e Marco Aurelio (Novo) v\u00e3o decidir no 2\u00ba turno, que ser\u00e1 realizado no dia 27 de outubro, quem ser\u00e1 o...","jetpack-related-posts":[{"id":69576,"url":"https:\/\/ismaelcolosi.com.br\/index.php\/2024\/10\/06\/2o-turno-saiba-quem-e-marco-aurelio-candidato-a-prefeito-de-ribeirao-preto\/","url_meta":{"origin":69581,"position":0},"title":"2\u00ba turno: Saiba quem \u00e9 Marco Aur\u00e9lio, candidato a prefeito de Ribeir\u00e3o Preto","author":"ismaelcolosi.com.br","date":"6 de October de 2024","format":false,"excerpt":"Os candidatos\u00a0Ricardo Silva (PSD)\u00a0e\u00a0Marco Aur\u00e9lio (Novo)\u00a0v\u00e3o decidir no\u00a02\u00ba turno, que ser\u00e1 realizado no dia\u00a027 de outubro, quem ser\u00e1 o pr\u00f3ximo\u00a0prefeito de Ribeir\u00e3o Preto. Conforme os dados do\u00a0Tribunal Superior Eleitoral (TSE), ao final da apura\u00e7\u00e3o, \u00e0s 19h29, o\u00a0deputado federal recebeu 128.433 mil votos (48%)\u00a0e o\u00a0empres\u00e1rio teve 66.177 mil votos (24%). Quem\u2026","rel":"","context":"In &quot;Not\u00edcias de Ribeir\u00e3o Preto-SP e Regi\u00e3o&quot;","block_context":{"text":"Not\u00edcias de Ribeir\u00e3o Preto-SP e Regi\u00e3o","link":"https:\/\/ismaelcolosi.com.br\/index.php\/category\/noticias-de-ribeirao-preto-sp-e-regiao-ismael-colosi\/"},"img":{"alt_text":"","src":"https:\/\/i0.wp.com\/ismaelcolosi.com.br\/wp-content\/uploads\/2024\/10\/Copia-de-Copia-de-TAMANHO-EXATO-PARA-FOTOS-NO-SISTEMA-NOVO-10_2024-07-23_00-28-01_jpg_2024-07-23_00-28-01.webp.webp?fit=1200%2C675&ssl=1&resize=350%2C200","width":350,"height":200,"srcset":"https:\/\/i0.wp.com\/ismaelcolosi.com.br\/wp-content\/uploads\/2024\/10\/Copia-de-Copia-de-TAMANHO-EXATO-PARA-FOTOS-NO-SISTEMA-NOVO-10_2024-07-23_00-28-01_jpg_2024-07-23_00-28-01.webp.webp?fit=1200%2C675&ssl=1&resize=350%2C200 1x, https:\/\/i0.wp.com\/ismaelcolosi.com.br\/wp-content\/uploads\/2024\/10\/Copia-de-Copia-de-TAMANHO-EXATO-PARA-FOTOS-NO-SISTEMA-NOVO-10_2024-07-23_00-28-01_jpg_2024-07-23_00-28-01.webp.webp?fit=1200%2C675&ssl=1&resize=525%2C300 1.5x, https:\/\/i0.wp.com\/ismaelcolosi.com.br\/wp-content\/uploads\/2024\/10\/Copia-de-Copia-de-TAMANHO-EXATO-PARA-FOTOS-NO-SISTEMA-NOVO-10_2024-07-23_00-28-01_jpg_2024-07-23_00-28-01.webp.webp?fit=1200%2C675&ssl=1&resize=700%2C400 2x, https:\/\/i0.wp.com\/ismaelcolosi.com.br\/wp-content\/uploads\/2024\/10\/Copia-de-Copia-de-TAMANHO-EXATO-PARA-FOTOS-NO-SISTEMA-NOVO-10_2024-07-23_00-28-01_jpg_2024-07-23_00-28-01.webp.webp?fit=1200%2C675&ssl=1&resize=1050%2C600 3x"},"classes":[]},{"id":73586,"url":"https:\/\/ismaelcolosi.com.br\/index.php\/2024\/10\/27\/saimos-vitoriosos-diz-marco-aurelio-ao-avaliar-desempenho-no-2o-turno-em-ribeirao\/","url_meta":{"origin":69581,"position":1},"title":"\u2018Sa\u00edmos vitoriosos\u2019, diz Marco Aur\u00e9lio ao avaliar desempenho no 2\u00ba turno em Ribeir\u00e3o","author":"ismaelcolosi.com.br","date":"27 de October de 2024","format":false,"excerpt":"O candidato derrotado no 2\u00ba turno das elei\u00e7\u00f5es\u00a02024 em Ribeir\u00e3o Preto, Marco Aur\u00e9lio (Novo), avaliou que saiu vitorioso das urnas, em raz\u00e3o da diferen\u00e7a de apenas 687 votos para Ricardo Silva, o novo prefeito eleito. \u201cN\u00f3s cumprimos com louvor uma bela de uma batalha que o povo veio conosco. Tenho\u2026","rel":"","context":"In &quot;Not\u00edcias de Ribeir\u00e3o Preto-SP e Regi\u00e3o&quot;","block_context":{"text":"Not\u00edcias de Ribeir\u00e3o Preto-SP e Regi\u00e3o","link":"https:\/\/ismaelcolosi.com.br\/index.php\/category\/noticias-de-ribeirao-preto-sp-e-regiao-ismael-colosi\/"},"img":{"alt_text":"","src":"https:\/\/i0.wp.com\/ismaelcolosi.com.br\/wp-content\/uploads\/2024\/10\/WhatsApp-Image-2024-10-08-at-14.36.13_2024-10-08_17-38-30_jpeg_2024-10-08_17-38-30.webp.webp?fit=601%2C521&ssl=1&resize=350%2C200","width":350,"height":200,"srcset":"https:\/\/i0.wp.com\/ismaelcolosi.com.br\/wp-content\/uploads\/2024\/10\/WhatsApp-Image-2024-10-08-at-14.36.13_2024-10-08_17-38-30_jpeg_2024-10-08_17-38-30.webp.webp?fit=601%2C521&ssl=1&resize=350%2C200 1x, https:\/\/i0.wp.com\/ismaelcolosi.com.br\/wp-content\/uploads\/2024\/10\/WhatsApp-Image-2024-10-08-at-14.36.13_2024-10-08_17-38-30_jpeg_2024-10-08_17-38-30.webp.webp?fit=601%2C521&ssl=1&resize=525%2C300 1.5x"},"classes":[]},{"id":74080,"url":"https:\/\/ismaelcolosi.com.br\/index.php\/2024\/10\/29\/novo-pedira-auditoria-nas-eleicoes-de-ribeirao\/","url_meta":{"origin":69581,"position":2},"title":"Novo pedir\u00e1 auditoria nas elei\u00e7\u00f5es de Ribeir\u00e3o","author":"ismaelcolosi.com.br","date":"29 de October de 2024","format":false,"excerpt":"29 de outubro de 202429 de outubro de 2024174 Compartilhar0 O Partido Novo anunciou na manh\u00e3 desta ter\u00e7a-feira, 29 de outubro, que pedir\u00e1 auditoria nos resultados das elei\u00e7\u00f5es para prefeito em Ribeir\u00e3o Preto. O an\u00fancio foi feito pelo candidato Marco Aur\u00e9lio que ficou em segundo lugar no segundo turno na\u2026","rel":"","context":"In &quot;Not\u00edcias de Ribeir\u00e3o Preto-SP e Regi\u00e3o&quot;","block_context":{"text":"Not\u00edcias de Ribeir\u00e3o Preto-SP e Regi\u00e3o","link":"https:\/\/ismaelcolosi.com.br\/index.php\/category\/noticias-de-ribeirao-preto-sp-e-regiao-ismael-colosi\/"},"img":{"alt_text":"","src":"https:\/\/i0.wp.com\/ismaelcolosi.com.br\/wp-content\/uploads\/2024\/10\/foto-04-Marco-aurelio-scaled.jpeg?fit=500%2C500&ssl=1&resize=350%2C200","width":350,"height":200},"classes":[]},{"id":73564,"url":"https:\/\/ismaelcolosi.com.br\/index.php\/2024\/10\/27\/ricardo-silva-passa-marco-aurelio-na-apuracao-dos-votos-em-ribeirao-preto\/","url_meta":{"origin":69581,"position":3},"title":"Ricardo Silva passa Marco Aur\u00e9lio na apura\u00e7\u00e3o dos votos em Ribeir\u00e3o Preto","author":"ismaelcolosi.com.br","date":"27 de October de 2024","format":false,"excerpt":"Com 33,85% das urnas apuradas, Ricardo Silva (PSD) ultrapassou Marco Aur\u00e9lio (Novo) na apura\u00e7\u00e3o dos votos em Ribeir\u00e3o Preto. A apura\u00e7\u00e3o em tempo real voc\u00ea acompanha no acidade on Ribeir\u00e3o \u2013 clique aqui. Ricardo Silva aparece com 50,29% dos votos e Marco Aur\u00e9lio com 49,71%. O post Ricardo Silva passa\u2026","rel":"","context":"In &quot;Not\u00edcias de Ribeir\u00e3o Preto-SP e Regi\u00e3o&quot;","block_context":{"text":"Not\u00edcias de Ribeir\u00e3o Preto-SP e Regi\u00e3o","link":"https:\/\/ismaelcolosi.com.br\/index.php\/category\/noticias-de-ribeirao-preto-sp-e-regiao-ismael-colosi\/"},"img":{"alt_text":"","src":"https:\/\/i0.wp.com\/ismaelcolosi.com.br\/wp-content\/uploads\/2024\/10\/Copia-de-Copia-de-Copia-de-TAMANHO-EXATO-PARA-FOTOS-NO-SISTEMA-NOVO-95_2024-10-06_22-19-13_png_2024-10-06_22-19-13.webp.webp?fit=1200%2C675&ssl=1&resize=350%2C200","width":350,"height":200,"srcset":"https:\/\/i0.wp.com\/ismaelcolosi.com.br\/wp-content\/uploads\/2024\/10\/Copia-de-Copia-de-Copia-de-TAMANHO-EXATO-PARA-FOTOS-NO-SISTEMA-NOVO-95_2024-10-06_22-19-13_png_2024-10-06_22-19-13.webp.webp?fit=1200%2C675&ssl=1&resize=350%2C200 1x, https:\/\/i0.wp.com\/ismaelcolosi.com.br\/wp-content\/uploads\/2024\/10\/Copia-de-Copia-de-Copia-de-TAMANHO-EXATO-PARA-FOTOS-NO-SISTEMA-NOVO-95_2024-10-06_22-19-13_png_2024-10-06_22-19-13.webp.webp?fit=1200%2C675&ssl=1&resize=525%2C300 1.5x, https:\/\/i0.wp.com\/ismaelcolosi.com.br\/wp-content\/uploads\/2024\/10\/Copia-de-Copia-de-Copia-de-TAMANHO-EXATO-PARA-FOTOS-NO-SISTEMA-NOVO-95_2024-10-06_22-19-13_png_2024-10-06_22-19-13.webp.webp?fit=1200%2C675&ssl=1&resize=700%2C400 2x, https:\/\/i0.wp.com\/ismaelcolosi.com.br\/wp-content\/uploads\/2024\/10\/Copia-de-Copia-de-Copia-de-TAMANHO-EXATO-PARA-FOTOS-NO-SISTEMA-NOVO-95_2024-10-06_22-19-13_png_2024-10-06_22-19-13.webp.webp?fit=1200%2C675&ssl=1&resize=1050%2C600 3x"},"classes":[]},{"id":70680,"url":"https:\/\/ismaelcolosi.com.br\/index.php\/2024\/10\/11\/mapa-interativo-saiba-onde-os-candidatos-do-2o-turno-venceram-em-ribeirao-preto\/","url_meta":{"origin":69581,"position":4},"title":"Mapa interativo: Saiba onde os candidatos do 2\u00ba turno venceram em Ribeir\u00e3o Preto","author":"ismaelcolosi.com.br","date":"11 de October de 2024","format":false,"excerpt":"Conforme dados do TSE (Tribunal Superior Eleitoral), 317.568 mil cidad\u00e3os (66,49%) foram \u00e0s urnas durante o 1\u00ba turno das elei\u00e7\u00f5es em Ribeir\u00e3o Preto. Com isso, foi decidido que os candidatos Ricardo Silva (PSD) e Marco Aur\u00e9lio (Novo) seguem na disputa pelo cargo de Prefeito no munic\u00edpio. Para te ajudar a\u2026","rel":"","context":"In &quot;Not\u00edcias de Ribeir\u00e3o Preto-SP e Regi\u00e3o&quot;","block_context":{"text":"Not\u00edcias de Ribeir\u00e3o Preto-SP e Regi\u00e3o","link":"https:\/\/ismaelcolosi.com.br\/index.php\/category\/noticias-de-ribeirao-preto-sp-e-regiao-ismael-colosi\/"},"img":{"alt_text":"","src":"https:\/\/i0.wp.com\/ismaelcolosi.com.br\/wp-content\/uploads\/2024\/10\/Copia-de-Copia-de-Copia-de-TAMANHO-EXATO-PARA-FOTOS-NO-SISTEMA-NOVO-100_2024-10-11_21-27-44_png_2024-10-11_21-27-44.webp.webp?fit=1200%2C675&ssl=1&resize=350%2C200","width":350,"height":200,"srcset":"https:\/\/i0.wp.com\/ismaelcolosi.com.br\/wp-content\/uploads\/2024\/10\/Copia-de-Copia-de-Copia-de-TAMANHO-EXATO-PARA-FOTOS-NO-SISTEMA-NOVO-100_2024-10-11_21-27-44_png_2024-10-11_21-27-44.webp.webp?fit=1200%2C675&ssl=1&resize=350%2C200 1x, https:\/\/i0.wp.com\/ismaelcolosi.com.br\/wp-content\/uploads\/2024\/10\/Copia-de-Copia-de-Copia-de-TAMANHO-EXATO-PARA-FOTOS-NO-SISTEMA-NOVO-100_2024-10-11_21-27-44_png_2024-10-11_21-27-44.webp.webp?fit=1200%2C675&ssl=1&resize=525%2C300 1.5x, https:\/\/i0.wp.com\/ismaelcolosi.com.br\/wp-content\/uploads\/2024\/10\/Copia-de-Copia-de-Copia-de-TAMANHO-EXATO-PARA-FOTOS-NO-SISTEMA-NOVO-100_2024-10-11_21-27-44_png_2024-10-11_21-27-44.webp.webp?fit=1200%2C675&ssl=1&resize=700%2C400 2x, https:\/\/i0.wp.com\/ismaelcolosi.com.br\/wp-content\/uploads\/2024\/10\/Copia-de-Copia-de-Copia-de-TAMANHO-EXATO-PARA-FOTOS-NO-SISTEMA-NOVO-100_2024-10-11_21-27-44_png_2024-10-11_21-27-44.webp.webp?fit=1200%2C675&ssl=1&resize=1050%2C600 3x"},"classes":[]},{"id":69711,"url":"https:\/\/ismaelcolosi.com.br\/index.php\/2024\/10\/07\/2o-turno-em-ribeirao-preto-quero-muito-fazer-historia-diz-ricardo-silva\/","url_meta":{"origin":69581,"position":5},"title":"2\u00ba turno em Ribeir\u00e3o Preto: \u2018Quero muito fazer hist\u00f3ria\u2019, diz Ricardo Silva","author":"ismaelcolosi.com.br","date":"7 de October de 2024","format":false,"excerpt":"O candidato Ricardo Silva (PSD) disse nesta segunda-feira (7), em entrevista ao acidade on, querer \u201cfazer hist\u00f3ria\u201d em Ribeir\u00e3o Preto. Ele obteve 128.466 votos (48,44%) neste domingo (6) e est\u00e1 no segundo turno das elei\u00e7\u00f5es 2024. Assista ao v\u00eddeo abaixo. Ver essa foto no Instagram Uma publica\u00e7\u00e3o compartilhada por acidade\u2026","rel":"","context":"In &quot;Not\u00edcias de Ribeir\u00e3o Preto-SP e Regi\u00e3o&quot;","block_context":{"text":"Not\u00edcias de Ribeir\u00e3o Preto-SP e Regi\u00e3o","link":"https:\/\/ismaelcolosi.com.br\/index.php\/category\/noticias-de-ribeirao-preto-sp-e-regiao-ismael-colosi\/"},"img":{"alt_text":"","src":"https:\/\/i0.wp.com\/ismaelcolosi.com.br\/wp-content\/uploads\/2024\/10\/ricardo-silva-on_2024-10-07_17-59-54_jpg_2024-10-07_17-59-54.webp.webp?fit=1200%2C887&ssl=1&resize=350%2C200","width":350,"height":200,"srcset":"https:\/\/i0.wp.com\/ismaelcolosi.com.br\/wp-content\/uploads\/2024\/10\/ricardo-silva-on_2024-10-07_17-59-54_jpg_2024-10-07_17-59-54.webp.webp?fit=1200%2C887&ssl=1&resize=350%2C200 1x, https:\/\/i0.wp.com\/ismaelcolosi.com.br\/wp-content\/uploads\/2024\/10\/ricardo-silva-on_2024-10-07_17-59-54_jpg_2024-10-07_17-59-54.webp.webp?fit=1200%2C887&ssl=1&resize=525%2C300 1.5x, https:\/\/i0.wp.com\/ismaelcolosi.com.br\/wp-content\/uploads\/2024\/10\/ricardo-silva-on_2024-10-07_17-59-54_jpg_2024-10-07_17-59-54.webp.webp?fit=1200%2C887&ssl=1&resize=700%2C400 2x, https:\/\/i0.wp.com\/ismaelcolosi.com.br\/wp-content\/uploads\/2024\/10\/ricardo-silva-on_2024-10-07_17-59-54_jpg_2024-10-07_17-59-54.webp.webp?fit=1200%2C887&ssl=1&resize=1050%2C600 3x"},"classes":[]}],"jetpack_sharing_enabled":true,"jetpack_shortlink":"https:\/\/wp.me\/pfMlyK-i6h","_links":{"self":[{"href":"https:\/\/ismaelcolosi.com.br\/index.php\/wp-json\/wp\/v2\/posts\/69581","targetHints":{"allow":["GET"]}}],"collection":[{"href":"https:\/\/ismaelcolosi.com.br\/index.php\/wp-json\/wp\/v2\/posts"}],"about":[{"href":"https:\/\/ismaelcolosi.com.br\/index.php\/wp-json\/wp\/v2\/types\/post"}],"author":[{"embeddable":true,"href":"https:\/\/ismaelcolosi.com.br\/index.php\/wp-json\/wp\/v2\/users\/1"}],"replies":[{"embeddable":true,"href":"https:\/\/ismaelcolosi.com.br\/index.php\/wp-json\/wp\/v2\/comments?post=69581"}],"version-history":[{"count":0,"href":"https:\/\/ismaelcolosi.com.br\/index.php\/wp-json\/wp\/v2\/posts\/69581\/revisions"}],"wp:featuredmedia":[{"embeddable":true,"href":"https:\/\/ismaelcolosi.com.br\/index.php\/wp-json\/wp\/v2\/media\/69582"}],"wp:attachment":[{"href":"https:\/\/ismaelcolosi.com.br\/index.php\/wp-json\/wp\/v2\/media?parent=69581"}],"wp:term":[{"taxonomy":"category","embeddable":true,"href":"https:\/\/ismaelcolosi.com.br\/index.php\/wp-json\/wp\/v2\/categories?post=69581"},{"taxonomy":"post_tag","embeddable":true,"href":"https:\/\/ismaelcolosi.com.br\/index.php\/wp-json\/wp\/v2\/tags?post=69581"}],"curies":[{"name":"wp","href":"https:\/\/api.w.org\/{rel}","templated":true}]}}