{"id":69579,"date":"2024-10-06T20:10:19","date_gmt":"2024-10-06T23:10:19","guid":{"rendered":"https:\/\/ismaelcolosi.com.br\/index.php\/2024\/10\/06\/alexandre-ferreira-e-joao-rocha-vao-disputar-o-2o-turno-em-franca\/"},"modified":"2024-10-06T20:10:19","modified_gmt":"2024-10-06T23:10:19","slug":"alexandre-ferreira-e-joao-rocha-vao-disputar-o-2o-turno-em-franca","status":"publish","type":"post","link":"https:\/\/ismaelcolosi.com.br\/index.php\/2024\/10\/06\/alexandre-ferreira-e-joao-rocha-vao-disputar-o-2o-turno-em-franca\/","title":{"rendered":"Alexandre Ferreira e Jo\u00e3o Rocha v\u00e3o disputar o 2\u00ba turno em Franca"},"content":{"rendered":"<p> <br \/>\n<\/p>\n<div data-td-block-uid=\"tdi_106\">\n<div class=\"tdb-block-inner td-fix-index\">\n<p>Os candidatos <strong>Alexandre Ferreira (MDB) <\/strong>e <strong>Jo\u00e3o Rocha (PL)<\/strong> v\u00e3o decidir no <strong>2\u00ba turno<\/strong>, que ser\u00e1 realizado no dia <strong>27 de outubro<\/strong>, quem ser\u00e1 o pr\u00f3ximo prefeito de<strong> Franca<\/strong>.<\/p>\n<p>Conforme os dados do <strong>Tribunal Superior Eleitoral (TSE)<\/strong>, ao final da apura\u00e7\u00e3o, \u00e0s <strong>19h30<\/strong>, <strong>Alexandre<\/strong> recebeu <strong>73.390 votos (47,18%)<\/strong> e o <strong>Jo\u00e3o<\/strong> teve <strong>44.474 votos (28,59%)<\/strong>.<\/p>\n<p><strong>Guilherme Cortez (PSOL)<\/strong> ficou em terceiro lugar com <strong>22.818 votos<\/strong>, o que representa <strong>14,65%<\/strong> dos votos. <\/p>\n<p>J\u00e1 o quarto e quinto lugares, respectivamente, foram <strong>Mariana Negri (PT)<\/strong>, com <strong>5,02%<\/strong> e <strong>7.821 <\/strong>dos votos, <strong>Dr. Ubiali (PSB)<\/strong> com <strong>3,44%<\/strong> e <strong>5.359<\/strong> votos. <\/p>\n<p><strong>Alexandre Tabah (Novo)<\/strong> teve <strong>0,87%<\/strong> e <strong>1.348 <\/strong>votos. <strong>Tito (PCB)<\/strong> teve<strong> 236 votos<\/strong>, representando<strong> 0,15%<\/strong> dos votos.\u00a0<strong>Jonas Carvalho<\/strong> teve <strong>141 votos<\/strong>, representando <strong>0,09%<\/strong> dos votos e <strong>Jo\u00e3o Scarpanti<\/strong> teve <strong>0,03%<\/strong>, com <strong>40 votos<\/strong>.<\/p>\n<p>O<strong> 1\u00ba turno das elei\u00e7\u00f5es<\/strong> em <strong>Franca<\/strong> teve <strong>5,35%<\/strong> de votos brancos e <strong>5,12% <\/strong>de votos nulos.<\/p>\n<p>A apura\u00e7\u00e3o voc\u00ea acompanha no<strong>\u00a0acidade on<\/strong>\u00a0em tempo real, a partir das 17h. Os n\u00fameros ser\u00e3o atualizados pelo\u00a0<strong>TSE (Tribunal Superior Eleitoral)\u00a0<\/strong>logo em seguida ao t\u00e9rmino da vota\u00e7\u00e3o.\u00a0<a href=\"https:\/\/apuracao.acidadeon.com\/ribeiraopreto\/\" target=\"_blank\" rel=\"noreferrer noopener\">Clique aqui para acompanhar.<\/a><\/p>\n<p><!-- CONTENT END 1 -->\n<\/div>\n<\/div>\n<p><br \/>\n<br \/><a href=\"https:\/\/www.acidadeon.com\/ribeiraopreto\/politica\/alexandre-ferreira-e-joao-rocha-vao-disputar-o-2o-turno-em-franca\/\">Source link <\/a><\/p>\n","protected":false},"excerpt":{"rendered":"<p>Os candidatos Alexandre Ferreira (MDB) e Jo\u00e3o Rocha (PL) v\u00e3o decidir no 2\u00ba turno, que ser\u00e1 realizado no dia 27 de outubro, quem ser\u00e1 o&#8230;<\/p>\n","protected":false},"author":1,"featured_media":69580,"comment_status":"open","ping_status":"open","sticky":false,"template":"","format":"standard","meta":{"_uag_custom_page_level_css":"","advanced_seo_description":"","jetpack_seo_html_title":"","jetpack_seo_noindex":false,"jetpack_post_was_ever_published":false,"_jetpack_newsletter_access":"","_jetpack_dont_email_post_to_subs":false,"_jetpack_newsletter_tier_id":0,"_jetpack_memberships_contains_paywalled_content":false,"_jetpack_memberships_contains_paid_content":false,"footnotes":"","jetpack_publicize_message":"","jetpack_publicize_feature_enabled":true,"jetpack_social_post_already_shared":true,"jetpack_social_options":{"image_generator_settings":{"template":"highway","default_image_id":0,"font":"","enabled":false},"version":2}},"categories":[11],"tags":[],"class_list":["post-69579","post","type-post","status-publish","format-standard","has-post-thumbnail","hentry","category-noticias-de-ribeirao-preto-sp-e-regiao-ismael-colosi"],"jetpack_publicize_connections":[],"jetpack_featured_media_url":"https:\/\/i0.wp.com\/ismaelcolosi.com.br\/wp-content\/uploads\/2024\/10\/Copia-de-Copia-de-Copia-de-TAMANHO-EXATO-PARA-FOTOS-NO-SISTEMA-NOVO-20_2024-10-06_22-39-25_jpg_2024-10-06_22-39-25.webp.webp?fit=1200%2C675&ssl=1","uagb_featured_image_src":{"full":["https:\/\/i0.wp.com\/ismaelcolosi.com.br\/wp-content\/uploads\/2024\/10\/Copia-de-Copia-de-Copia-de-TAMANHO-EXATO-PARA-FOTOS-NO-SISTEMA-NOVO-20_2024-10-06_22-39-25_jpg_2024-10-06_22-39-25.webp.webp?fit=1200%2C675&ssl=1",1200,675,false],"thumbnail":["https:\/\/i0.wp.com\/ismaelcolosi.com.br\/wp-content\/uploads\/2024\/10\/Copia-de-Copia-de-Copia-de-TAMANHO-EXATO-PARA-FOTOS-NO-SISTEMA-NOVO-20_2024-10-06_22-39-25_jpg_2024-10-06_22-39-25.webp.webp?resize=150%2C150&ssl=1",150,150,true],"medium":["https:\/\/i0.wp.com\/ismaelcolosi.com.br\/wp-content\/uploads\/2024\/10\/Copia-de-Copia-de-Copia-de-TAMANHO-EXATO-PARA-FOTOS-NO-SISTEMA-NOVO-20_2024-10-06_22-39-25_jpg_2024-10-06_22-39-25.webp.webp?fit=300%2C169&ssl=1",300,169,true],"medium_large":["https:\/\/i0.wp.com\/ismaelcolosi.com.br\/wp-content\/uploads\/2024\/10\/Copia-de-Copia-de-Copia-de-TAMANHO-EXATO-PARA-FOTOS-NO-SISTEMA-NOVO-20_2024-10-06_22-39-25_jpg_2024-10-06_22-39-25.webp.webp?fit=768%2C432&ssl=1",768,432,true],"large":["https:\/\/i0.wp.com\/ismaelcolosi.com.br\/wp-content\/uploads\/2024\/10\/Copia-de-Copia-de-Copia-de-TAMANHO-EXATO-PARA-FOTOS-NO-SISTEMA-NOVO-20_2024-10-06_22-39-25_jpg_2024-10-06_22-39-25.webp.webp?fit=1024%2C576&ssl=1",1024,576,true],"1536x1536":["https:\/\/i0.wp.com\/ismaelcolosi.com.br\/wp-content\/uploads\/2024\/10\/Copia-de-Copia-de-Copia-de-TAMANHO-EXATO-PARA-FOTOS-NO-SISTEMA-NOVO-20_2024-10-06_22-39-25_jpg_2024-10-06_22-39-25.webp.webp?fit=1200%2C675&ssl=1",1200,675,true],"2048x2048":["https:\/\/i0.wp.com\/ismaelcolosi.com.br\/wp-content\/uploads\/2024\/10\/Copia-de-Copia-de-Copia-de-TAMANHO-EXATO-PARA-FOTOS-NO-SISTEMA-NOVO-20_2024-10-06_22-39-25_jpg_2024-10-06_22-39-25.webp.webp?fit=1200%2C675&ssl=1",1200,675,true],"really-simple-thumb":["https:\/\/i0.wp.com\/ismaelcolosi.com.br\/wp-content\/uploads\/2024\/10\/Copia-de-Copia-de-Copia-de-TAMANHO-EXATO-PARA-FOTOS-NO-SISTEMA-NOVO-20_2024-10-06_22-39-25_jpg_2024-10-06_22-39-25.webp.webp?resize=370%2C247&ssl=1",370,247,true]},"uagb_author_info":{"display_name":"ismaelcolosi.com.br","author_link":"https:\/\/ismaelcolosi.com.br\/index.php\/author\/vidareal-online\/"},"uagb_comment_info":0,"uagb_excerpt":"Os candidatos Alexandre Ferreira (MDB) e Jo\u00e3o Rocha (PL) v\u00e3o decidir no 2\u00ba turno, que ser\u00e1 realizado no dia 27 de outubro, quem ser\u00e1 o...","jetpack-related-posts":[{"id":70065,"url":"https:\/\/ismaelcolosi.com.br\/index.php\/2024\/10\/09\/2o-turno-em-franca-a-cidade-precisa-continuar-diz-alexandre-ferreira\/","url_meta":{"origin":69579,"position":0},"title":"2\u00ba turno em Franca: \u2018A cidade precisa continuar\u2019, diz Alexandre Ferreira","author":"ismaelcolosi.com.br","date":"9 de October de 2024","format":false,"excerpt":"O candidato \u00e0 Prefeitura de Franca Alexandre Ferreira (MDB) disse\u00a0nesta quarta-feira (9),\u00a0em entrevista ao acidade on, que \u201ca cidade precisa continuar\u201d.\u00a0Ele obteve\u00a073.496 votos (47,17%)\u00a0no \u00faltimo\u00a0domingo (6)\u00a0e est\u00e1 no\u00a0segundo turno\u00a0das\u00a0elei\u00e7\u00f5es 2024. Assista\u00a0ao\u00a0v\u00eddeo\u00a0abaixo. Ver essa foto no Instagram Uma publica\u00e7\u00e3o compartilhada por acidade on Ribeir\u00e3o (@acidadeonribeirao) \u201c[Vamos] mostrar para as pessoas como\u2026","rel":"","context":"In &quot;Not\u00edcias de Ribeir\u00e3o Preto-SP e Regi\u00e3o&quot;","block_context":{"text":"Not\u00edcias de Ribeir\u00e3o Preto-SP e Regi\u00e3o","link":"https:\/\/ismaelcolosi.com.br\/index.php\/category\/noticias-de-ribeirao-preto-sp-e-regiao-ismael-colosi\/"},"img":{"alt_text":"","src":"https:\/\/i0.wp.com\/ismaelcolosi.com.br\/wp-content\/uploads\/2024\/10\/WhatsApp-Image-2024-10-09-at-12.06.01_2024-10-09_15-07-20_jpeg_2024-10-09_15-07-20.webp.webp?fit=470%2C334&ssl=1&resize=350%2C200","width":350,"height":200},"classes":[]},{"id":70334,"url":"https:\/\/ismaelcolosi.com.br\/index.php\/2024\/10\/10\/2o-turno-em-franca-a-cidade-precisa-mudar-diz-joao-rocha\/","url_meta":{"origin":69579,"position":1},"title":"2\u00ba turno em Franca: \u2018A cidade precisa mudar\u2019, diz Jo\u00e3o Rocha","author":"ismaelcolosi.com.br","date":"10 de October de 2024","format":false,"excerpt":"O candidato \u00e0 Prefeitura de Franca Jo\u00e3o Rocha (PL) disse\u00a0nesta quinta-feira (10),\u00a0em entrevista ao acidade on, que \u201ca cidade precisa mudar\u201d.\u00a0Ele obteve\u00a044.545 votos (28,59%)\u00a0no \u00faltimo\u00a0domingo (6)\u00a0e est\u00e1 no\u00a0segundo turno\u00a0das\u00a0elei\u00e7\u00f5es 2024. Assista\u00a0ao\u00a0v\u00eddeo\u00a0abaixo. \u201c[O eleitor pode esperar] uma campanha com clareza, mostrando os nossos prop\u00f3sitos pra sa\u00fade, educa\u00e7\u00e3o, seguran\u00e7a e [aos] problemas\u2026","rel":"","context":"In &quot;Not\u00edcias de Ribeir\u00e3o Preto-SP e Regi\u00e3o&quot;","block_context":{"text":"Not\u00edcias de Ribeir\u00e3o Preto-SP e Regi\u00e3o","link":"https:\/\/ismaelcolosi.com.br\/index.php\/category\/noticias-de-ribeirao-preto-sp-e-regiao-ismael-colosi\/"},"img":{"alt_text":"","src":"https:\/\/i0.wp.com\/ismaelcolosi.com.br\/wp-content\/uploads\/2024\/10\/WhatsApp-Image-2024-10-10-at-11.51.10_2024-10-10_14-52-20_jpeg_2024-10-10_14-52-20.webp.webp?fit=478%2C397&ssl=1&resize=350%2C200","width":350,"height":200},"classes":[]},{"id":73558,"url":"https:\/\/ismaelcolosi.com.br\/index.php\/2024\/10\/27\/tempo-real-acompanhe-a-apuracao-dos-votos-do-2o-turno-em-franca\/","url_meta":{"origin":69579,"position":2},"title":"Tempo real: Acompanhe a apura\u00e7\u00e3o dos votos do 2\u00ba turno em Franca","author":"ismaelcolosi.com.br","date":"27 de October de 2024","format":false,"excerpt":"Carregando... N\u00e3o foram encontrados candidatos com o nome pesquisado. ALEXANDRE FERREIRA (15) MDB VICE: EVERTON DE PAULA 0.00% (0 votos) JO\u00c3O ROCHA (22) PL VICE: ILTON S\u00c9RGIO FERREIRA 0.00% (0 votos) O 2\u00ba turno das elei\u00e7\u00f5es municipais acontece neste domingo (27) para escolha do pr\u00f3ximo prefeito de Franca. Voc\u00ea pode\u2026","rel":"","context":"In &quot;Not\u00edcias de Ribeir\u00e3o Preto-SP e Regi\u00e3o&quot;","block_context":{"text":"Not\u00edcias de Ribeir\u00e3o Preto-SP e Regi\u00e3o","link":"https:\/\/ismaelcolosi.com.br\/index.php\/category\/noticias-de-ribeirao-preto-sp-e-regiao-ismael-colosi\/"},"img":{"alt_text":"","src":"https:\/\/i0.wp.com\/ismaelcolosi.com.br\/wp-content\/uploads\/2024\/07\/urna-eletronica_2024-07-20_21-25-53_jpg_2024-07-20_21-25-53.webp.webp?fit=1170%2C700&ssl=1&resize=350%2C200","width":350,"height":200,"srcset":"https:\/\/i0.wp.com\/ismaelcolosi.com.br\/wp-content\/uploads\/2024\/07\/urna-eletronica_2024-07-20_21-25-53_jpg_2024-07-20_21-25-53.webp.webp?fit=1170%2C700&ssl=1&resize=350%2C200 1x, https:\/\/i0.wp.com\/ismaelcolosi.com.br\/wp-content\/uploads\/2024\/07\/urna-eletronica_2024-07-20_21-25-53_jpg_2024-07-20_21-25-53.webp.webp?fit=1170%2C700&ssl=1&resize=525%2C300 1.5x, https:\/\/i0.wp.com\/ismaelcolosi.com.br\/wp-content\/uploads\/2024\/07\/urna-eletronica_2024-07-20_21-25-53_jpg_2024-07-20_21-25-53.webp.webp?fit=1170%2C700&ssl=1&resize=700%2C400 2x, https:\/\/i0.wp.com\/ismaelcolosi.com.br\/wp-content\/uploads\/2024\/07\/urna-eletronica_2024-07-20_21-25-53_jpg_2024-07-20_21-25-53.webp.webp?fit=1170%2C700&ssl=1&resize=1050%2C600 3x"},"classes":[]},{"id":73571,"url":"https:\/\/ismaelcolosi.com.br\/index.php\/2024\/10\/27\/alexandre-ferreira-e-reeleito-prefeito-de-franca\/","url_meta":{"origin":69579,"position":3},"title":"Alexandre Ferreira \u00e9 reeleito prefeito de Franca","author":"ismaelcolosi.com.br","date":"27 de October de 2024","format":false,"excerpt":"O candidato Alexandre Ferreira (MDB) foi reeleito prefeito de Franca, cidade na regi\u00e3o de Ribeir\u00e3o Preto, no come\u00e7o da noite deste domingo (27). Conforme os dados do Tribunal Superior Eleitoral (TSE), ao final da apura\u00e7\u00e3o, \u00e0s xx, o Chefe do Poder Executivo municipal recebeu 82.856 votos (58,64%). J\u00e1 Jo\u00e3o Rocha\u2026","rel":"","context":"In &quot;Not\u00edcias de Ribeir\u00e3o Preto-SP e Regi\u00e3o&quot;","block_context":{"text":"Not\u00edcias de Ribeir\u00e3o Preto-SP e Regi\u00e3o","link":"https:\/\/ismaelcolosi.com.br\/index.php\/category\/noticias-de-ribeirao-preto-sp-e-regiao-ismael-colosi\/"},"img":{"alt_text":"","src":"https:\/\/i0.wp.com\/ismaelcolosi.com.br\/wp-content\/uploads\/2024\/09\/alexandre-ferreira_2024-09-09_14-40-04_jpg_2024-09-09_14-40-04.webp.webp?fit=1079%2C845&ssl=1&resize=350%2C200","width":350,"height":200,"srcset":"https:\/\/i0.wp.com\/ismaelcolosi.com.br\/wp-content\/uploads\/2024\/09\/alexandre-ferreira_2024-09-09_14-40-04_jpg_2024-09-09_14-40-04.webp.webp?fit=1079%2C845&ssl=1&resize=350%2C200 1x, https:\/\/i0.wp.com\/ismaelcolosi.com.br\/wp-content\/uploads\/2024\/09\/alexandre-ferreira_2024-09-09_14-40-04_jpg_2024-09-09_14-40-04.webp.webp?fit=1079%2C845&ssl=1&resize=525%2C300 1.5x, https:\/\/i0.wp.com\/ismaelcolosi.com.br\/wp-content\/uploads\/2024\/09\/alexandre-ferreira_2024-09-09_14-40-04_jpg_2024-09-09_14-40-04.webp.webp?fit=1079%2C845&ssl=1&resize=700%2C400 2x, https:\/\/i0.wp.com\/ismaelcolosi.com.br\/wp-content\/uploads\/2024\/09\/alexandre-ferreira_2024-09-09_14-40-04_jpg_2024-09-09_14-40-04.webp.webp?fit=1079%2C845&ssl=1&resize=1050%2C600 3x"},"classes":[]},{"id":69606,"url":"https:\/\/ismaelcolosi.com.br\/index.php\/2024\/10\/06\/veja-como-foi-a-votacao-nas-principais-cidades-do-interior-de-sp\/","url_meta":{"origin":69579,"position":4},"title":"Veja como foi a vota\u00e7\u00e3o nas principais cidades do interior de SP","author":"ismaelcolosi.com.br","date":"6 de October de 2024","format":false,"excerpt":"Com 100% das urnas apuradas em todo o Estado de S\u00e3o Paulo, as principais cidades do interior paulista j\u00e1 definiram se v\u00e3o ter segundo turno ou se elegeram seus novos prefeitos nas elei\u00e7\u00f5es 2024. Ribeir\u00e3o Preto vai ter segundo turno entre Ricardo Silva (PSD) e Marco Aur\u00e9lio (Novo), j\u00e1 em\u2026","rel":"","context":"In &quot;Not\u00edcias de Ribeir\u00e3o Preto-SP e Regi\u00e3o&quot;","block_context":{"text":"Not\u00edcias de Ribeir\u00e3o Preto-SP e Regi\u00e3o","link":"https:\/\/ismaelcolosi.com.br\/index.php\/category\/noticias-de-ribeirao-preto-sp-e-regiao-ismael-colosi\/"},"img":{"alt_text":"","src":"https:\/\/i0.wp.com\/ismaelcolosi.com.br\/wp-content\/uploads\/2024\/09\/urna-nova_2024-09-20_19-00-21_jpg_2024-09-20_19-00-21.webp.webp?fit=1170%2C700&ssl=1&resize=350%2C200","width":350,"height":200,"srcset":"https:\/\/i0.wp.com\/ismaelcolosi.com.br\/wp-content\/uploads\/2024\/09\/urna-nova_2024-09-20_19-00-21_jpg_2024-09-20_19-00-21.webp.webp?fit=1170%2C700&ssl=1&resize=350%2C200 1x, https:\/\/i0.wp.com\/ismaelcolosi.com.br\/wp-content\/uploads\/2024\/09\/urna-nova_2024-09-20_19-00-21_jpg_2024-09-20_19-00-21.webp.webp?fit=1170%2C700&ssl=1&resize=525%2C300 1.5x, https:\/\/i0.wp.com\/ismaelcolosi.com.br\/wp-content\/uploads\/2024\/09\/urna-nova_2024-09-20_19-00-21_jpg_2024-09-20_19-00-21.webp.webp?fit=1170%2C700&ssl=1&resize=700%2C400 2x, https:\/\/i0.wp.com\/ismaelcolosi.com.br\/wp-content\/uploads\/2024\/09\/urna-nova_2024-09-20_19-00-21_jpg_2024-09-20_19-00-21.webp.webp?fit=1170%2C700&ssl=1&resize=1050%2C600 3x"},"classes":[]},{"id":69559,"url":"https:\/\/ismaelcolosi.com.br\/index.php\/2024\/10\/06\/tempo-real-acompanhe-a-apuracao-dos-votos-do-1o-turno-em-franca\/","url_meta":{"origin":69579,"position":5},"title":"Tempo real: Acompanhe a apura\u00e7\u00e3o dos votos do 1\u00ba turno em Franca","author":"ismaelcolosi.com.br","date":"6 de October de 2024","format":false,"excerpt":"Carregando... Cidades: ... Mais cidades ...CAJURUIGARAPAVAJERIQUARASANTA ERNESTINABURITIZALLU\u00cdS ANT\u00d4NIOMIGUEL\u00d3POLISC\u00c2NDIDO RODRIGUESJARDIN\u00d3POLISCRAVINHOSRIBEIR\u00c3O PRETOIPU\u00c3BARRINHAPEDREGULHOMONTE ALTOJABORANDIC\u00c1SSIA DOS COQUEIROSORL\u00c2NDIARIFAINAGUARIBASANTA ROSA DE VITERBOPATROC\u00cdNIO PAULISTAPIRANGIRIBEIR\u00c3O CORRENTEITIRAPU\u00c3SERRA AZULPITANGUEIRASS\u00c3O JOAQUIM DA BARRAJABOTICABALSERT\u00c3OZINHO N\u00e3o foram encontrados candidatos com o nome pesquisado. \u00daltima atualiza\u00e7\u00e3o: 06\/10\/2024 17:35:26 ALEXANDRE TABAH (30) NOVO VICE: FERNANDA KELLNER DE OLIVEIRA PALERMO 0.00% (0 votos) TITO FL\u00c1VIO BELLINI\u2026","rel":"","context":"In &quot;Not\u00edcias de Ribeir\u00e3o Preto-SP e Regi\u00e3o&quot;","block_context":{"text":"Not\u00edcias de Ribeir\u00e3o Preto-SP e Regi\u00e3o","link":"https:\/\/ismaelcolosi.com.br\/index.php\/category\/noticias-de-ribeirao-preto-sp-e-regiao-ismael-colosi\/"},"img":{"alt_text":"","src":"https:\/\/i0.wp.com\/ismaelcolosi.com.br\/wp-content\/uploads\/2024\/10\/votacao_2024-10-04_13-06-05_jpg_2024-10-04_13-06-05.webp.webp?fit=1170%2C700&ssl=1&resize=350%2C200","width":350,"height":200,"srcset":"https:\/\/i0.wp.com\/ismaelcolosi.com.br\/wp-content\/uploads\/2024\/10\/votacao_2024-10-04_13-06-05_jpg_2024-10-04_13-06-05.webp.webp?fit=1170%2C700&ssl=1&resize=350%2C200 1x, https:\/\/i0.wp.com\/ismaelcolosi.com.br\/wp-content\/uploads\/2024\/10\/votacao_2024-10-04_13-06-05_jpg_2024-10-04_13-06-05.webp.webp?fit=1170%2C700&ssl=1&resize=525%2C300 1.5x, https:\/\/i0.wp.com\/ismaelcolosi.com.br\/wp-content\/uploads\/2024\/10\/votacao_2024-10-04_13-06-05_jpg_2024-10-04_13-06-05.webp.webp?fit=1170%2C700&ssl=1&resize=700%2C400 2x, https:\/\/i0.wp.com\/ismaelcolosi.com.br\/wp-content\/uploads\/2024\/10\/votacao_2024-10-04_13-06-05_jpg_2024-10-04_13-06-05.webp.webp?fit=1170%2C700&ssl=1&resize=1050%2C600 3x"},"classes":[]}],"jetpack_sharing_enabled":true,"jetpack_shortlink":"https:\/\/wp.me\/pfMlyK-i6f","_links":{"self":[{"href":"https:\/\/ismaelcolosi.com.br\/index.php\/wp-json\/wp\/v2\/posts\/69579","targetHints":{"allow":["GET"]}}],"collection":[{"href":"https:\/\/ismaelcolosi.com.br\/index.php\/wp-json\/wp\/v2\/posts"}],"about":[{"href":"https:\/\/ismaelcolosi.com.br\/index.php\/wp-json\/wp\/v2\/types\/post"}],"author":[{"embeddable":true,"href":"https:\/\/ismaelcolosi.com.br\/index.php\/wp-json\/wp\/v2\/users\/1"}],"replies":[{"embeddable":true,"href":"https:\/\/ismaelcolosi.com.br\/index.php\/wp-json\/wp\/v2\/comments?post=69579"}],"version-history":[{"count":0,"href":"https:\/\/ismaelcolosi.com.br\/index.php\/wp-json\/wp\/v2\/posts\/69579\/revisions"}],"wp:featuredmedia":[{"embeddable":true,"href":"https:\/\/ismaelcolosi.com.br\/index.php\/wp-json\/wp\/v2\/media\/69580"}],"wp:attachment":[{"href":"https:\/\/ismaelcolosi.com.br\/index.php\/wp-json\/wp\/v2\/media?parent=69579"}],"wp:term":[{"taxonomy":"category","embeddable":true,"href":"https:\/\/ismaelcolosi.com.br\/index.php\/wp-json\/wp\/v2\/categories?post=69579"},{"taxonomy":"post_tag","embeddable":true,"href":"https:\/\/ismaelcolosi.com.br\/index.php\/wp-json\/wp\/v2\/tags?post=69579"}],"curies":[{"name":"wp","href":"https:\/\/api.w.org\/{rel}","templated":true}]}}