{"id":69576,"date":"2024-10-06T19:55:20","date_gmt":"2024-10-06T22:55:20","guid":{"rendered":"https:\/\/ismaelcolosi.com.br\/index.php\/2024\/10\/06\/2o-turno-saiba-quem-e-marco-aurelio-candidato-a-prefeito-de-ribeirao-preto\/"},"modified":"2024-10-06T19:55:20","modified_gmt":"2024-10-06T22:55:20","slug":"2o-turno-saiba-quem-e-marco-aurelio-candidato-a-prefeito-de-ribeirao-preto","status":"publish","type":"post","link":"https:\/\/ismaelcolosi.com.br\/index.php\/2024\/10\/06\/2o-turno-saiba-quem-e-marco-aurelio-candidato-a-prefeito-de-ribeirao-preto\/","title":{"rendered":"2\u00ba turno: Saiba quem \u00e9 Marco Aur\u00e9lio, candidato a prefeito de Ribeir\u00e3o Preto"},"content":{"rendered":"<p> <br \/>\n<\/p>\n<div data-td-block-uid=\"tdi_106\">\n<div class=\"tdb-block-inner td-fix-index\">\n<p>Os candidatos\u00a0<strong>Ricardo Silva (PSD)<\/strong>\u00a0e\u00a0<strong>Marco Aur\u00e9lio (Novo)<\/strong>\u00a0v\u00e3o decidir no\u00a0<strong>2\u00ba turno<\/strong>, que ser\u00e1 realizado no dia\u00a0<strong>27 de outubro<\/strong>, quem ser\u00e1 o pr\u00f3ximo\u00a0<strong>prefeito de Ribeir\u00e3o Preto<\/strong>.<\/p>\n<p><mark style=\"background-color:#fcb900\" class=\"has-inline-color\">Conforme os dados do\u00a0<strong><a href=\"https:\/\/www.tse.jus.br\/\" target=\"_blank\" rel=\"noreferrer noopener\">Tribunal Superior Eleitoral (TSE)<\/a><\/strong>, ao final da apura\u00e7\u00e3o, \u00e0s 19h29, o\u00a0<strong>deputado federal recebeu 128.433 mil votos (48%)<\/strong>\u00a0e o\u00a0<strong>empres\u00e1rio teve 66.177 mil votos (24%)<\/strong>.<\/mark><\/p>\n<h4 class=\"wp-block-heading\"><strong>Quem \u00e9 Marco Aur\u00e9lio?<\/strong><\/h4>\n<p><mark style=\"background-color:#fcb900\" class=\"has-inline-color\">Marco Aur\u00e9lio tem 54 anos<\/mark>, \u00e9 casado e pai de cinco filhos. Ele nasceu em Serrana. O empres\u00e1rio \u00e9 formado em Qu\u00edmica Industrial, pela Universidade de Ribeir\u00e3o Preto. Ele tamb\u00e9m tem p\u00f3s-graduado em Gest\u00e3o Empresarial, pela FGV (Funda\u00e7\u00e3o Get\u00falio Vargas).<\/p>\n<p>O candidato \u00e9 CEO do Grupo Empresarial Ely Martins e foi superintendente da Acirp (Associa\u00e7\u00e3o Comercial e Industrial de Ribeir\u00e3o Preto), Distrital Norte, entre 2005 e 2011, al\u00e9m de ser presidente do Grupo Somos Brasil.<\/p>\n<p>Marco Aur\u00e9lio tamb\u00e9m \u00e9 membro da Amaclerp (Academia de Ci\u00eancias, Artes e Letras de Ribeir\u00e3o Preto e Regi\u00e3o) e vice-presidente do Fenasp (F\u00f3rum Evang\u00e9lico Nacional de A\u00e7\u00e3o Social e Pol\u00edtica).<\/p>\n<p>O perfil no Instagram\u00a0<a href=\"https:\/\/www.instagram.com\/marcoaurelioempreendedor\/\" target=\"_blank\" rel=\"noreferrer noopener\">\u00e9 @marcoaurelioempreendedor<\/a><\/p>\n<h4 class=\"wp-block-heading\"><strong>Declara\u00e7\u00e3o de bens<\/strong><\/h4>\n<p>De acordo com o\u00a0<strong><a href=\"https:\/\/divulgacandcontas.tse.jus.br\/divulga\/#\/candidato\/SUDESTE\/SP\/2045202024\/250001909045\/2024\/69698\" target=\"_blank\" rel=\"noreferrer noopener\">Divulgacand<\/a><\/strong>,\u00a0Marco Aur\u00e9lio Martins declarou R$ 9.544.787,14 em bens \u00e0 Justi\u00e7a Eleitoral.<\/p>\n<p><!-- CONTENT END 1 -->\n<\/div>\n<\/div>\n<p><script async src=\"\/\/www.instagram.com\/embed.js\"><\/script><br \/>\n<br \/><br \/>\n<br \/><a href=\"https:\/\/www.acidadeon.com\/ribeiraopreto\/politica\/eleicoes\/2o-turno-saiba-quem-e-marco-aurelio-candidato-a-prefeito-de-ribeirao-preto\/\">Source link <\/a><\/p>\n","protected":false},"excerpt":{"rendered":"<p>Os candidatos\u00a0Ricardo Silva (PSD)\u00a0e\u00a0Marco Aur\u00e9lio (Novo)\u00a0v\u00e3o decidir no\u00a02\u00ba turno, que ser\u00e1 realizado no dia\u00a027 de outubro, quem ser\u00e1 o pr\u00f3ximo\u00a0prefeito de Ribeir\u00e3o Preto. Conforme os&#8230;<\/p>\n","protected":false},"author":1,"featured_media":69577,"comment_status":"open","ping_status":"open","sticky":false,"template":"","format":"standard","meta":{"_uag_custom_page_level_css":"","advanced_seo_description":"","jetpack_seo_html_title":"","jetpack_seo_noindex":false,"jetpack_post_was_ever_published":false,"_jetpack_newsletter_access":"","_jetpack_dont_email_post_to_subs":false,"_jetpack_newsletter_tier_id":0,"_jetpack_memberships_contains_paywalled_content":false,"_jetpack_memberships_contains_paid_content":false,"footnotes":"","jetpack_publicize_message":"","jetpack_publicize_feature_enabled":true,"jetpack_social_post_already_shared":true,"jetpack_social_options":{"image_generator_settings":{"template":"highway","default_image_id":0,"font":"","enabled":false},"version":2}},"categories":[11],"tags":[],"class_list":["post-69576","post","type-post","status-publish","format-standard","has-post-thumbnail","hentry","category-noticias-de-ribeirao-preto-sp-e-regiao-ismael-colosi"],"jetpack_publicize_connections":[],"jetpack_featured_media_url":"https:\/\/i0.wp.com\/ismaelcolosi.com.br\/wp-content\/uploads\/2024\/10\/Copia-de-Copia-de-TAMANHO-EXATO-PARA-FOTOS-NO-SISTEMA-NOVO-10_2024-07-23_00-28-01_jpg_2024-07-23_00-28-01.webp.webp?fit=1200%2C675&ssl=1","uagb_featured_image_src":{"full":["https:\/\/i0.wp.com\/ismaelcolosi.com.br\/wp-content\/uploads\/2024\/10\/Copia-de-Copia-de-TAMANHO-EXATO-PARA-FOTOS-NO-SISTEMA-NOVO-10_2024-07-23_00-28-01_jpg_2024-07-23_00-28-01.webp.webp?fit=1200%2C675&ssl=1",1200,675,false],"thumbnail":["https:\/\/i0.wp.com\/ismaelcolosi.com.br\/wp-content\/uploads\/2024\/10\/Copia-de-Copia-de-TAMANHO-EXATO-PARA-FOTOS-NO-SISTEMA-NOVO-10_2024-07-23_00-28-01_jpg_2024-07-23_00-28-01.webp.webp?resize=150%2C150&ssl=1",150,150,true],"medium":["https:\/\/i0.wp.com\/ismaelcolosi.com.br\/wp-content\/uploads\/2024\/10\/Copia-de-Copia-de-TAMANHO-EXATO-PARA-FOTOS-NO-SISTEMA-NOVO-10_2024-07-23_00-28-01_jpg_2024-07-23_00-28-01.webp.webp?fit=300%2C169&ssl=1",300,169,true],"medium_large":["https:\/\/i0.wp.com\/ismaelcolosi.com.br\/wp-content\/uploads\/2024\/10\/Copia-de-Copia-de-TAMANHO-EXATO-PARA-FOTOS-NO-SISTEMA-NOVO-10_2024-07-23_00-28-01_jpg_2024-07-23_00-28-01.webp.webp?fit=768%2C432&ssl=1",768,432,true],"large":["https:\/\/i0.wp.com\/ismaelcolosi.com.br\/wp-content\/uploads\/2024\/10\/Copia-de-Copia-de-TAMANHO-EXATO-PARA-FOTOS-NO-SISTEMA-NOVO-10_2024-07-23_00-28-01_jpg_2024-07-23_00-28-01.webp.webp?fit=1024%2C576&ssl=1",1024,576,true],"1536x1536":["https:\/\/i0.wp.com\/ismaelcolosi.com.br\/wp-content\/uploads\/2024\/10\/Copia-de-Copia-de-TAMANHO-EXATO-PARA-FOTOS-NO-SISTEMA-NOVO-10_2024-07-23_00-28-01_jpg_2024-07-23_00-28-01.webp.webp?fit=1200%2C675&ssl=1",1200,675,true],"2048x2048":["https:\/\/i0.wp.com\/ismaelcolosi.com.br\/wp-content\/uploads\/2024\/10\/Copia-de-Copia-de-TAMANHO-EXATO-PARA-FOTOS-NO-SISTEMA-NOVO-10_2024-07-23_00-28-01_jpg_2024-07-23_00-28-01.webp.webp?fit=1200%2C675&ssl=1",1200,675,true],"really-simple-thumb":["https:\/\/i0.wp.com\/ismaelcolosi.com.br\/wp-content\/uploads\/2024\/10\/Copia-de-Copia-de-TAMANHO-EXATO-PARA-FOTOS-NO-SISTEMA-NOVO-10_2024-07-23_00-28-01_jpg_2024-07-23_00-28-01.webp.webp?resize=370%2C247&ssl=1",370,247,true]},"uagb_author_info":{"display_name":"ismaelcolosi.com.br","author_link":"https:\/\/ismaelcolosi.com.br\/index.php\/author\/vidareal-online\/"},"uagb_comment_info":0,"uagb_excerpt":"Os candidatos\u00a0Ricardo Silva (PSD)\u00a0e\u00a0Marco Aur\u00e9lio (Novo)\u00a0v\u00e3o decidir no\u00a02\u00ba turno, que ser\u00e1 realizado no dia\u00a027 de outubro, quem ser\u00e1 o pr\u00f3ximo\u00a0prefeito de Ribeir\u00e3o Preto. Conforme os...","jetpack-related-posts":[{"id":69581,"url":"https:\/\/ismaelcolosi.com.br\/index.php\/2024\/10\/06\/ricardo-silva-e-marco-aurelio-vao-disputar-o-2o-turno-em-ribeirao-preto\/","url_meta":{"origin":69576,"position":0},"title":"Ricardo Silva e Marco Aurelio v\u00e3o disputar o 2\u00ba turno em Ribeir\u00e3o Preto","author":"ismaelcolosi.com.br","date":"6 de October de 2024","format":false,"excerpt":"Os candidatos Ricardo Silva (PSD) e Marco Aurelio (Novo) v\u00e3o decidir no 2\u00ba turno, que ser\u00e1 realizado no dia 27 de outubro, quem ser\u00e1 o pr\u00f3ximo prefeito de Ribeir\u00e3o Preto. Conforme os dados do Tribunal Superior Eleitoral (TSE), ao final da apura\u00e7\u00e3o, \u00e0s 19h29, o deputado federal recebeu 128.433 mil\u2026","rel":"","context":"In &quot;Not\u00edcias de Ribeir\u00e3o Preto-SP e Regi\u00e3o&quot;","block_context":{"text":"Not\u00edcias de Ribeir\u00e3o Preto-SP e Regi\u00e3o","link":"https:\/\/ismaelcolosi.com.br\/index.php\/category\/noticias-de-ribeirao-preto-sp-e-regiao-ismael-colosi\/"},"img":{"alt_text":"","src":"https:\/\/i0.wp.com\/ismaelcolosi.com.br\/wp-content\/uploads\/2024\/10\/Copia-de-Copia-de-Copia-de-TAMANHO-EXATO-PARA-FOTOS-NO-SISTEMA-NOVO-95_2024-10-06_22-19-13_png_2024-10-06_22-19-13.webp.webp?fit=1200%2C675&ssl=1&resize=350%2C200","width":350,"height":200,"srcset":"https:\/\/i0.wp.com\/ismaelcolosi.com.br\/wp-content\/uploads\/2024\/10\/Copia-de-Copia-de-Copia-de-TAMANHO-EXATO-PARA-FOTOS-NO-SISTEMA-NOVO-95_2024-10-06_22-19-13_png_2024-10-06_22-19-13.webp.webp?fit=1200%2C675&ssl=1&resize=350%2C200 1x, https:\/\/i0.wp.com\/ismaelcolosi.com.br\/wp-content\/uploads\/2024\/10\/Copia-de-Copia-de-Copia-de-TAMANHO-EXATO-PARA-FOTOS-NO-SISTEMA-NOVO-95_2024-10-06_22-19-13_png_2024-10-06_22-19-13.webp.webp?fit=1200%2C675&ssl=1&resize=525%2C300 1.5x, https:\/\/i0.wp.com\/ismaelcolosi.com.br\/wp-content\/uploads\/2024\/10\/Copia-de-Copia-de-Copia-de-TAMANHO-EXATO-PARA-FOTOS-NO-SISTEMA-NOVO-95_2024-10-06_22-19-13_png_2024-10-06_22-19-13.webp.webp?fit=1200%2C675&ssl=1&resize=700%2C400 2x, https:\/\/i0.wp.com\/ismaelcolosi.com.br\/wp-content\/uploads\/2024\/10\/Copia-de-Copia-de-Copia-de-TAMANHO-EXATO-PARA-FOTOS-NO-SISTEMA-NOVO-95_2024-10-06_22-19-13_png_2024-10-06_22-19-13.webp.webp?fit=1200%2C675&ssl=1&resize=1050%2C600 3x"},"classes":[]},{"id":73586,"url":"https:\/\/ismaelcolosi.com.br\/index.php\/2024\/10\/27\/saimos-vitoriosos-diz-marco-aurelio-ao-avaliar-desempenho-no-2o-turno-em-ribeirao\/","url_meta":{"origin":69576,"position":1},"title":"\u2018Sa\u00edmos vitoriosos\u2019, diz Marco Aur\u00e9lio ao avaliar desempenho no 2\u00ba turno em Ribeir\u00e3o","author":"ismaelcolosi.com.br","date":"27 de October de 2024","format":false,"excerpt":"O candidato derrotado no 2\u00ba turno das elei\u00e7\u00f5es\u00a02024 em Ribeir\u00e3o Preto, Marco Aur\u00e9lio (Novo), avaliou que saiu vitorioso das urnas, em raz\u00e3o da diferen\u00e7a de apenas 687 votos para Ricardo Silva, o novo prefeito eleito. \u201cN\u00f3s cumprimos com louvor uma bela de uma batalha que o povo veio conosco. Tenho\u2026","rel":"","context":"In &quot;Not\u00edcias de Ribeir\u00e3o Preto-SP e Regi\u00e3o&quot;","block_context":{"text":"Not\u00edcias de Ribeir\u00e3o Preto-SP e Regi\u00e3o","link":"https:\/\/ismaelcolosi.com.br\/index.php\/category\/noticias-de-ribeirao-preto-sp-e-regiao-ismael-colosi\/"},"img":{"alt_text":"","src":"https:\/\/i0.wp.com\/ismaelcolosi.com.br\/wp-content\/uploads\/2024\/10\/WhatsApp-Image-2024-10-08-at-14.36.13_2024-10-08_17-38-30_jpeg_2024-10-08_17-38-30.webp.webp?fit=601%2C521&ssl=1&resize=350%2C200","width":350,"height":200,"srcset":"https:\/\/i0.wp.com\/ismaelcolosi.com.br\/wp-content\/uploads\/2024\/10\/WhatsApp-Image-2024-10-08-at-14.36.13_2024-10-08_17-38-30_jpeg_2024-10-08_17-38-30.webp.webp?fit=601%2C521&ssl=1&resize=350%2C200 1x, https:\/\/i0.wp.com\/ismaelcolosi.com.br\/wp-content\/uploads\/2024\/10\/WhatsApp-Image-2024-10-08-at-14.36.13_2024-10-08_17-38-30_jpeg_2024-10-08_17-38-30.webp.webp?fit=601%2C521&ssl=1&resize=525%2C300 1.5x"},"classes":[]},{"id":66888,"url":"https:\/\/ismaelcolosi.com.br\/index.php\/2024\/09\/19\/saiba-quem-e-marco-aurelio-candidato-a-prefeito-de-ribeirao-preto\/","url_meta":{"origin":69576,"position":2},"title":"Saiba quem \u00e9 Marco Aur\u00e9lio, candidato a prefeito de Ribeir\u00e3o Preto","author":"ismaelcolosi.com.br","date":"19 de September de 2024","format":false,"excerpt":"A pesquisa Quaest\/EPTV, divulgada na \u00faltima quarta-feira (18), apontou que o empres\u00e1rio Marco Aur\u00e9lio Martins (Novo), aparece em terceiro na inten\u00e7\u00e3o de votos dos eleitores de Ribeir\u00e3o Preto, com 5%. A Quaest consultou 852 eleitores presencialmente entre os dias 15 e 17 de setembro. A margem de erro \u00e9 de\u2026","rel":"","context":"In &quot;Not\u00edcias de Ribeir\u00e3o Preto-SP e Regi\u00e3o&quot;","block_context":{"text":"Not\u00edcias de Ribeir\u00e3o Preto-SP e Regi\u00e3o","link":"https:\/\/ismaelcolosi.com.br\/index.php\/category\/noticias-de-ribeirao-preto-sp-e-regiao-ismael-colosi\/"},"img":{"alt_text":"","src":"https:\/\/i0.wp.com\/ismaelcolosi.com.br\/wp-content\/uploads\/2024\/09\/marco-aurelio_2024-09-19_21-26-57_jpg_2024-09-19_21-26-57.webp.webp?fit=1200%2C755&ssl=1&resize=350%2C200","width":350,"height":200,"srcset":"https:\/\/i0.wp.com\/ismaelcolosi.com.br\/wp-content\/uploads\/2024\/09\/marco-aurelio_2024-09-19_21-26-57_jpg_2024-09-19_21-26-57.webp.webp?fit=1200%2C755&ssl=1&resize=350%2C200 1x, https:\/\/i0.wp.com\/ismaelcolosi.com.br\/wp-content\/uploads\/2024\/09\/marco-aurelio_2024-09-19_21-26-57_jpg_2024-09-19_21-26-57.webp.webp?fit=1200%2C755&ssl=1&resize=525%2C300 1.5x, https:\/\/i0.wp.com\/ismaelcolosi.com.br\/wp-content\/uploads\/2024\/09\/marco-aurelio_2024-09-19_21-26-57_jpg_2024-09-19_21-26-57.webp.webp?fit=1200%2C755&ssl=1&resize=700%2C400 2x, https:\/\/i0.wp.com\/ismaelcolosi.com.br\/wp-content\/uploads\/2024\/09\/marco-aurelio_2024-09-19_21-26-57_jpg_2024-09-19_21-26-57.webp.webp?fit=1200%2C755&ssl=1&resize=1050%2C600 3x"},"classes":[]},{"id":73599,"url":"https:\/\/ismaelcolosi.com.br\/index.php\/2024\/10\/27\/essa-vitoria-meu-pai-eu-devo-ao-senhor-diz-ricardo-silva-apos-ser-eleito-prefeito-de-ribeirao\/","url_meta":{"origin":69576,"position":3},"title":"&#8216;Essa vit\u00f3ria, meu pai, eu devo ao senhor&#8217;, diz Ricardo Silva, ap\u00f3s ser eleito prefeito de Ribeir\u00e3o","author":"ismaelcolosi.com.br","date":"27 de October de 2024","format":false,"excerpt":"Ap\u00f3s ser eleito o novo prefeito de Ribeir\u00e3o Preto, na noite deste domingo (27), Ricardo Silva (PSD) agradeceu todo o apoio da fam\u00edlia, em especial, de seu pai, o deputado estadual Rafael Silva (PSD). Durante discurso realizado no comit\u00ea de campanha, localizado na avenida Saudade, zona Norte do munic\u00edpio, o\u2026","rel":"","context":"In &quot;Not\u00edcias de Ribeir\u00e3o Preto-SP e Regi\u00e3o&quot;","block_context":{"text":"Not\u00edcias de Ribeir\u00e3o Preto-SP e Regi\u00e3o","link":"https:\/\/ismaelcolosi.com.br\/index.php\/category\/noticias-de-ribeirao-preto-sp-e-regiao-ismael-colosi\/"},"img":{"alt_text":"","src":"https:\/\/i0.wp.com\/ismaelcolosi.com.br\/wp-content\/uploads\/2024\/10\/Copia-de-Copia-de-Copia-de-TAMANHO-EXATO-PARA-FOTOS-NO-SISTEMA-NOVO-2024-10-27T214412.260_2024-10-28_00-44-18_png_2024-10-28_00-44-18.webp.webp?fit=1200%2C675&ssl=1&resize=350%2C200","width":350,"height":200,"srcset":"https:\/\/i0.wp.com\/ismaelcolosi.com.br\/wp-content\/uploads\/2024\/10\/Copia-de-Copia-de-Copia-de-TAMANHO-EXATO-PARA-FOTOS-NO-SISTEMA-NOVO-2024-10-27T214412.260_2024-10-28_00-44-18_png_2024-10-28_00-44-18.webp.webp?fit=1200%2C675&ssl=1&resize=350%2C200 1x, https:\/\/i0.wp.com\/ismaelcolosi.com.br\/wp-content\/uploads\/2024\/10\/Copia-de-Copia-de-Copia-de-TAMANHO-EXATO-PARA-FOTOS-NO-SISTEMA-NOVO-2024-10-27T214412.260_2024-10-28_00-44-18_png_2024-10-28_00-44-18.webp.webp?fit=1200%2C675&ssl=1&resize=525%2C300 1.5x, https:\/\/i0.wp.com\/ismaelcolosi.com.br\/wp-content\/uploads\/2024\/10\/Copia-de-Copia-de-Copia-de-TAMANHO-EXATO-PARA-FOTOS-NO-SISTEMA-NOVO-2024-10-27T214412.260_2024-10-28_00-44-18_png_2024-10-28_00-44-18.webp.webp?fit=1200%2C675&ssl=1&resize=700%2C400 2x, https:\/\/i0.wp.com\/ismaelcolosi.com.br\/wp-content\/uploads\/2024\/10\/Copia-de-Copia-de-Copia-de-TAMANHO-EXATO-PARA-FOTOS-NO-SISTEMA-NOVO-2024-10-27T214412.260_2024-10-28_00-44-18_png_2024-10-28_00-44-18.webp.webp?fit=1200%2C675&ssl=1&resize=1050%2C600 3x"},"classes":[]},{"id":71301,"url":"https:\/\/ismaelcolosi.com.br\/index.php\/2024\/10\/15\/ao-vivo-acidade-on-ribeirao-entrevista-marco-aurelio-nesta-terca-feira\/","url_meta":{"origin":69576,"position":4},"title":"AO VIVO: acidade on Ribeir\u00e3o entrevista Marco Aur\u00e9lio nesta ter\u00e7a-feira","author":"ismaelcolosi.com.br","date":"15 de October de 2024","format":false,"excerpt":"O acidade on Ribeir\u00e3o entrevista nesta ter\u00e7a-feira (15) o candidato Marco Aur\u00e9lio (Novo), que est\u00e1 no segundo turno das elei\u00e7\u00f5es 2024 na disputa pela Prefeitura de Ribeir\u00e3o Preto. A sabatina ser\u00e1 transmitida ao vivo no canal no YouTube do acidade on \u2013 veja o player acima \u2013 ap\u00f3s a participa\u00e7\u00e3o\u2026","rel":"","context":"In &quot;Not\u00edcias de Ribeir\u00e3o Preto-SP e Regi\u00e3o&quot;","block_context":{"text":"Not\u00edcias de Ribeir\u00e3o Preto-SP e Regi\u00e3o","link":"https:\/\/ismaelcolosi.com.br\/index.php\/category\/noticias-de-ribeirao-preto-sp-e-regiao-ismael-colosi\/"},"img":{"alt_text":"","src":"https:\/\/i0.wp.com\/ismaelcolosi.com.br\/wp-content\/uploads\/2024\/09\/marco-aurelio_2024-09-19_21-26-57_jpg_2024-09-19_21-26-57.webp.webp?fit=1200%2C755&ssl=1&resize=350%2C200","width":350,"height":200,"srcset":"https:\/\/i0.wp.com\/ismaelcolosi.com.br\/wp-content\/uploads\/2024\/09\/marco-aurelio_2024-09-19_21-26-57_jpg_2024-09-19_21-26-57.webp.webp?fit=1200%2C755&ssl=1&resize=350%2C200 1x, https:\/\/i0.wp.com\/ismaelcolosi.com.br\/wp-content\/uploads\/2024\/09\/marco-aurelio_2024-09-19_21-26-57_jpg_2024-09-19_21-26-57.webp.webp?fit=1200%2C755&ssl=1&resize=525%2C300 1.5x, https:\/\/i0.wp.com\/ismaelcolosi.com.br\/wp-content\/uploads\/2024\/09\/marco-aurelio_2024-09-19_21-26-57_jpg_2024-09-19_21-26-57.webp.webp?fit=1200%2C755&ssl=1&resize=700%2C400 2x, https:\/\/i0.wp.com\/ismaelcolosi.com.br\/wp-content\/uploads\/2024\/09\/marco-aurelio_2024-09-19_21-26-57_jpg_2024-09-19_21-26-57.webp.webp?fit=1200%2C755&ssl=1&resize=1050%2C600 3x"},"classes":[]},{"id":73587,"url":"https:\/\/ismaelcolosi.com.br\/index.php\/2024\/10\/27\/obrigacao-de-fazer-o-melhor-governo-da-historia-diz-ricardo-silva-novo-prefeito-de-ribeirao-preto\/","url_meta":{"origin":69576,"position":5},"title":"\u2018Obriga\u00e7\u00e3o de fazer o melhor governo da hist\u00f3ria\u2019, diz Ricardo Silva, novo prefeito de Ribeir\u00e3o Preto","author":"ismaelcolosi.com.br","date":"27 de October de 2024","format":false,"excerpt":"Ricardo Silva (PSD), eleito o novo prefeito de Ribeir\u00e3o Preto, disse que a vit\u00f3ria nas elei\u00e7\u00f5es municipais na noite deste domingo (27), \u00e9 um recado para que ele fa\u00e7a \u201co melhor governo da hist\u00f3ria de Ribeir\u00e3o Preto\u201d. \u201cEssa vit\u00f3ria, ela d\u00e1 um recado que \u00e9 da cidade de Ribeir\u00e3o Preto.\u2026","rel":"","context":"In &quot;Not\u00edcias de Ribeir\u00e3o Preto-SP e Regi\u00e3o&quot;","block_context":{"text":"Not\u00edcias de Ribeir\u00e3o Preto-SP e Regi\u00e3o","link":"https:\/\/ismaelcolosi.com.br\/index.php\/category\/noticias-de-ribeirao-preto-sp-e-regiao-ismael-colosi\/"},"img":{"alt_text":"","src":"https:\/\/i0.wp.com\/ismaelcolosi.com.br\/wp-content\/uploads\/2024\/10\/ricardo-silva-3_2024-10-27_23-19-58_jpeg_2024-10-27_23-19-58.webp.webp?fit=1200%2C900&ssl=1&resize=350%2C200","width":350,"height":200,"srcset":"https:\/\/i0.wp.com\/ismaelcolosi.com.br\/wp-content\/uploads\/2024\/10\/ricardo-silva-3_2024-10-27_23-19-58_jpeg_2024-10-27_23-19-58.webp.webp?fit=1200%2C900&ssl=1&resize=350%2C200 1x, https:\/\/i0.wp.com\/ismaelcolosi.com.br\/wp-content\/uploads\/2024\/10\/ricardo-silva-3_2024-10-27_23-19-58_jpeg_2024-10-27_23-19-58.webp.webp?fit=1200%2C900&ssl=1&resize=525%2C300 1.5x, https:\/\/i0.wp.com\/ismaelcolosi.com.br\/wp-content\/uploads\/2024\/10\/ricardo-silva-3_2024-10-27_23-19-58_jpeg_2024-10-27_23-19-58.webp.webp?fit=1200%2C900&ssl=1&resize=700%2C400 2x, https:\/\/i0.wp.com\/ismaelcolosi.com.br\/wp-content\/uploads\/2024\/10\/ricardo-silva-3_2024-10-27_23-19-58_jpeg_2024-10-27_23-19-58.webp.webp?fit=1200%2C900&ssl=1&resize=1050%2C600 3x"},"classes":[]}],"jetpack_sharing_enabled":true,"jetpack_shortlink":"https:\/\/wp.me\/pfMlyK-i6c","_links":{"self":[{"href":"https:\/\/ismaelcolosi.com.br\/index.php\/wp-json\/wp\/v2\/posts\/69576","targetHints":{"allow":["GET"]}}],"collection":[{"href":"https:\/\/ismaelcolosi.com.br\/index.php\/wp-json\/wp\/v2\/posts"}],"about":[{"href":"https:\/\/ismaelcolosi.com.br\/index.php\/wp-json\/wp\/v2\/types\/post"}],"author":[{"embeddable":true,"href":"https:\/\/ismaelcolosi.com.br\/index.php\/wp-json\/wp\/v2\/users\/1"}],"replies":[{"embeddable":true,"href":"https:\/\/ismaelcolosi.com.br\/index.php\/wp-json\/wp\/v2\/comments?post=69576"}],"version-history":[{"count":0,"href":"https:\/\/ismaelcolosi.com.br\/index.php\/wp-json\/wp\/v2\/posts\/69576\/revisions"}],"wp:featuredmedia":[{"embeddable":true,"href":"https:\/\/ismaelcolosi.com.br\/index.php\/wp-json\/wp\/v2\/media\/69577"}],"wp:attachment":[{"href":"https:\/\/ismaelcolosi.com.br\/index.php\/wp-json\/wp\/v2\/media?parent=69576"}],"wp:term":[{"taxonomy":"category","embeddable":true,"href":"https:\/\/ismaelcolosi.com.br\/index.php\/wp-json\/wp\/v2\/categories?post=69576"},{"taxonomy":"post_tag","embeddable":true,"href":"https:\/\/ismaelcolosi.com.br\/index.php\/wp-json\/wp\/v2\/tags?post=69576"}],"curies":[{"name":"wp","href":"https:\/\/api.w.org\/{rel}","templated":true}]}}