{"id":69574,"date":"2024-10-06T19:39:12","date_gmt":"2024-10-06T22:39:12","guid":{"rendered":"https:\/\/ismaelcolosi.com.br\/index.php\/2024\/10\/06\/eleicoes-2024-professor-emerson-e-eleito-prefeito-de-jaboticabal\/"},"modified":"2024-10-06T19:39:12","modified_gmt":"2024-10-06T22:39:12","slug":"eleicoes-2024-professor-emerson-e-eleito-prefeito-de-jaboticabal","status":"publish","type":"post","link":"https:\/\/ismaelcolosi.com.br\/index.php\/2024\/10\/06\/eleicoes-2024-professor-emerson-e-eleito-prefeito-de-jaboticabal\/","title":{"rendered":"Elei\u00e7\u00f5es 2024: Professor Emerson \u00e9 eleito prefeito de Jaboticabal"},"content":{"rendered":"<p> <br \/>\n<\/p>\n<div data-td-block-uid=\"tdi_106\">\n<div class=\"tdb-block-inner td-fix-index\">\n<p>Com<strong> 85,99%<\/strong> das urnas apuradas, o candidato <strong>Professor Emerson<\/strong>, do <strong>MDB<\/strong>, foi reeleito como prefeito de <strong>Jaboticabal<\/strong> com <strong>55,76%<\/strong> dos votos.<\/p>\n<p>A candidata <strong>Adriana Hori<\/strong>, do <strong>PSD<\/strong> teve <strong>31,80%<\/strong> dos votos; <strong>Nelsinho Gimenez<\/strong>, do <strong>PL<\/strong> teve <strong>7,33%<\/strong> dos votos e o <strong>Professor Jo\u00e3o Roberto<\/strong>, do <strong>Rede<\/strong> teve <strong>2,93%<\/strong>.<\/p>\n<p>A apura\u00e7\u00e3o voc\u00ea acompanha no<strong>\u00a0acidade on<\/strong>\u00a0em tempo real, a partir das 17h. Os n\u00fameros ser\u00e3o atualizados pelo\u00a0<strong>TSE (Tribunal Superior Eleitoral)\u00a0<\/strong>logo em seguida ao t\u00e9rmino da vota\u00e7\u00e3o.\u00a0<a href=\"https:\/\/apuracao.acidadeon.com\/ribeiraopreto\/\" target=\"_blank\" rel=\"noreferrer noopener\">Clique aqui para acompanhar.<\/a><\/p>\n<p><!-- CONTENT END 1 -->\n<\/div>\n<\/div>\n<p><br \/>\n<br \/><a href=\"https:\/\/www.acidadeon.com\/ribeiraopreto\/politica\/eleicoes-2024-jaboticabal-tem-prefeito-eleito\/\">Source link <\/a><\/p>\n","protected":false},"excerpt":{"rendered":"<p>Com 85,99% das urnas apuradas, o candidato Professor Emerson, do MDB, foi reeleito como prefeito de Jaboticabal com 55,76% dos votos. A candidata Adriana Hori,&#8230;<\/p>\n","protected":false},"author":1,"featured_media":69575,"comment_status":"open","ping_status":"open","sticky":false,"template":"","format":"standard","meta":{"_uag_custom_page_level_css":"","advanced_seo_description":"","jetpack_seo_html_title":"","jetpack_seo_noindex":false,"jetpack_post_was_ever_published":false,"_jetpack_newsletter_access":"","_jetpack_dont_email_post_to_subs":false,"_jetpack_newsletter_tier_id":0,"_jetpack_memberships_contains_paywalled_content":false,"_jetpack_memberships_contains_paid_content":false,"footnotes":"","jetpack_publicize_message":"","jetpack_publicize_feature_enabled":true,"jetpack_social_post_already_shared":true,"jetpack_social_options":{"image_generator_settings":{"template":"highway","default_image_id":0,"font":"","enabled":false},"version":2}},"categories":[11],"tags":[],"class_list":["post-69574","post","type-post","status-publish","format-standard","has-post-thumbnail","hentry","category-noticias-de-ribeirao-preto-sp-e-regiao-ismael-colosi"],"jetpack_publicize_connections":[],"jetpack_featured_media_url":"https:\/\/i0.wp.com\/ismaelcolosi.com.br\/wp-content\/uploads\/2024\/10\/15996632525f58ec944a495_1599663252_3x2_md_2024-10-06_22-02-26_jpg_2024-10-06_22-02-26.webp.webp?fit=768%2C512&ssl=1","uagb_featured_image_src":{"full":["https:\/\/i0.wp.com\/ismaelcolosi.com.br\/wp-content\/uploads\/2024\/10\/15996632525f58ec944a495_1599663252_3x2_md_2024-10-06_22-02-26_jpg_2024-10-06_22-02-26.webp.webp?fit=768%2C512&ssl=1",768,512,false],"thumbnail":["https:\/\/i0.wp.com\/ismaelcolosi.com.br\/wp-content\/uploads\/2024\/10\/15996632525f58ec944a495_1599663252_3x2_md_2024-10-06_22-02-26_jpg_2024-10-06_22-02-26.webp.webp?resize=150%2C150&ssl=1",150,150,true],"medium":["https:\/\/i0.wp.com\/ismaelcolosi.com.br\/wp-content\/uploads\/2024\/10\/15996632525f58ec944a495_1599663252_3x2_md_2024-10-06_22-02-26_jpg_2024-10-06_22-02-26.webp.webp?fit=300%2C200&ssl=1",300,200,true],"medium_large":["https:\/\/i0.wp.com\/ismaelcolosi.com.br\/wp-content\/uploads\/2024\/10\/15996632525f58ec944a495_1599663252_3x2_md_2024-10-06_22-02-26_jpg_2024-10-06_22-02-26.webp.webp?fit=768%2C512&ssl=1",768,512,true],"large":["https:\/\/i0.wp.com\/ismaelcolosi.com.br\/wp-content\/uploads\/2024\/10\/15996632525f58ec944a495_1599663252_3x2_md_2024-10-06_22-02-26_jpg_2024-10-06_22-02-26.webp.webp?fit=768%2C512&ssl=1",768,512,true],"1536x1536":["https:\/\/i0.wp.com\/ismaelcolosi.com.br\/wp-content\/uploads\/2024\/10\/15996632525f58ec944a495_1599663252_3x2_md_2024-10-06_22-02-26_jpg_2024-10-06_22-02-26.webp.webp?fit=768%2C512&ssl=1",768,512,true],"2048x2048":["https:\/\/i0.wp.com\/ismaelcolosi.com.br\/wp-content\/uploads\/2024\/10\/15996632525f58ec944a495_1599663252_3x2_md_2024-10-06_22-02-26_jpg_2024-10-06_22-02-26.webp.webp?fit=768%2C512&ssl=1",768,512,true],"really-simple-thumb":["https:\/\/i0.wp.com\/ismaelcolosi.com.br\/wp-content\/uploads\/2024\/10\/15996632525f58ec944a495_1599663252_3x2_md_2024-10-06_22-02-26_jpg_2024-10-06_22-02-26.webp.webp?resize=370%2C247&ssl=1",370,247,true]},"uagb_author_info":{"display_name":"ismaelcolosi.com.br","author_link":"https:\/\/ismaelcolosi.com.br\/index.php\/author\/vidareal-online\/"},"uagb_comment_info":0,"uagb_excerpt":"Com 85,99% das urnas apuradas, o candidato Professor Emerson, do MDB, foi reeleito como prefeito de Jaboticabal com 55,76% dos votos. A candidata Adriana Hori,...","jetpack-related-posts":[{"id":71660,"url":"https:\/\/ismaelcolosi.com.br\/index.php\/2024\/10\/17\/professor-emerson-quer-governo-mais-comprometido-no-2o-mandato-em-jaboticabal\/","url_meta":{"origin":69574,"position":0},"title":"Professor Emerson quer governo \u2018mais comprometido\u2019 no 2\u00ba mandato em Jaboticabal","author":"ismaelcolosi.com.br","date":"17 de October de 2024","format":false,"excerpt":"O prefeito reeleito de Jaboticabal, Professor Emerson (MDB), disse nesta quinta-feira (17), em entrevista ao acidade on, querer um governo \u201cmais comprometido\u201d neste seu segundo mandato, especialmente com a sa\u00fade e a gera\u00e7\u00e3o de empregos. Assista ao v\u00eddeo abaixo. \u201cUm governo mais comprometido, que envolve mais as a\u00e7\u00f5es com cuidados\u2026","rel":"","context":"In &quot;Not\u00edcias de Ribeir\u00e3o Preto-SP e Regi\u00e3o&quot;","block_context":{"text":"Not\u00edcias de Ribeir\u00e3o Preto-SP e Regi\u00e3o","link":"https:\/\/ismaelcolosi.com.br\/index.php\/category\/noticias-de-ribeirao-preto-sp-e-regiao-ismael-colosi\/"},"img":{"alt_text":"","src":"https:\/\/i0.wp.com\/ismaelcolosi.com.br\/wp-content\/uploads\/2024\/10\/PROFESSOR-EMERSON_2024-10-17_15-40-36_jpg_2024-10-17_15-40-36.webp.webp?fit=1200%2C816&ssl=1&resize=350%2C200","width":350,"height":200,"srcset":"https:\/\/i0.wp.com\/ismaelcolosi.com.br\/wp-content\/uploads\/2024\/10\/PROFESSOR-EMERSON_2024-10-17_15-40-36_jpg_2024-10-17_15-40-36.webp.webp?fit=1200%2C816&ssl=1&resize=350%2C200 1x, https:\/\/i0.wp.com\/ismaelcolosi.com.br\/wp-content\/uploads\/2024\/10\/PROFESSOR-EMERSON_2024-10-17_15-40-36_jpg_2024-10-17_15-40-36.webp.webp?fit=1200%2C816&ssl=1&resize=525%2C300 1.5x, https:\/\/i0.wp.com\/ismaelcolosi.com.br\/wp-content\/uploads\/2024\/10\/PROFESSOR-EMERSON_2024-10-17_15-40-36_jpg_2024-10-17_15-40-36.webp.webp?fit=1200%2C816&ssl=1&resize=700%2C400 2x, https:\/\/i0.wp.com\/ismaelcolosi.com.br\/wp-content\/uploads\/2024\/10\/PROFESSOR-EMERSON_2024-10-17_15-40-36_jpg_2024-10-17_15-40-36.webp.webp?fit=1200%2C816&ssl=1&resize=1050%2C600 3x"},"classes":[]},{"id":71908,"url":"https:\/\/ismaelcolosi.com.br\/index.php\/2024\/10\/18\/juninho-gaspar-quer-transformar-batatais-com-politicas-publicas\/","url_meta":{"origin":69574,"position":1},"title":"Juninho Gaspar quer transformar\u00a0Batatais com pol\u00edticas p\u00fablicas","author":"ismaelcolosi.com.br","date":"18 de October de 2024","format":false,"excerpt":"O prefeito reeleito de Batatais, Juninho Gaspar (PP), disse nesta sexta-feira (18), em entrevista ao acidade on, que seguir\u00e1 com as pol\u00edticas p\u00fablicas para transformar a cidade. A elei\u00e7\u00e3o para prefeito do munic\u00edpio teve candidatura \u00fanica. Assista ao v\u00eddeo abaixo. \u201cFomos reeleitos com a maior vota\u00e7\u00e3o da hist\u00f3ria do nosso\u2026","rel":"","context":"In &quot;Not\u00edcias de Ribeir\u00e3o Preto-SP e Regi\u00e3o&quot;","block_context":{"text":"Not\u00edcias de Ribeir\u00e3o Preto-SP e Regi\u00e3o","link":"https:\/\/ismaelcolosi.com.br\/index.php\/category\/noticias-de-ribeirao-preto-sp-e-regiao-ismael-colosi\/"},"img":{"alt_text":"","src":"https:\/\/i0.wp.com\/ismaelcolosi.com.br\/wp-content\/uploads\/2024\/10\/WhatsApp-Image-2024-10-18-at-12.08.43_2024-10-18_15-10-22_jpeg_2024-10-18_15-10-22.webp.webp?fit=1200%2C850&ssl=1&resize=350%2C200","width":350,"height":200,"srcset":"https:\/\/i0.wp.com\/ismaelcolosi.com.br\/wp-content\/uploads\/2024\/10\/WhatsApp-Image-2024-10-18-at-12.08.43_2024-10-18_15-10-22_jpeg_2024-10-18_15-10-22.webp.webp?fit=1200%2C850&ssl=1&resize=350%2C200 1x, https:\/\/i0.wp.com\/ismaelcolosi.com.br\/wp-content\/uploads\/2024\/10\/WhatsApp-Image-2024-10-18-at-12.08.43_2024-10-18_15-10-22_jpeg_2024-10-18_15-10-22.webp.webp?fit=1200%2C850&ssl=1&resize=525%2C300 1.5x, https:\/\/i0.wp.com\/ismaelcolosi.com.br\/wp-content\/uploads\/2024\/10\/WhatsApp-Image-2024-10-18-at-12.08.43_2024-10-18_15-10-22_jpeg_2024-10-18_15-10-22.webp.webp?fit=1200%2C850&ssl=1&resize=700%2C400 2x, https:\/\/i0.wp.com\/ismaelcolosi.com.br\/wp-content\/uploads\/2024\/10\/WhatsApp-Image-2024-10-18-at-12.08.43_2024-10-18_15-10-22_jpeg_2024-10-18_15-10-22.webp.webp?fit=1200%2C850&ssl=1&resize=1050%2C600 3x"},"classes":[]},{"id":69571,"url":"https:\/\/ismaelcolosi.com.br\/index.php\/2024\/10\/06\/eleicoes-2024-zezinho-gimenez-e-eleito-prefeito-de-sertaozinho\/","url_meta":{"origin":69574,"position":2},"title":"Elei\u00e7\u00f5es 2024: Zezinho Gimenez \u00e9 eleito prefeito de Sert\u00e3ozinho","author":"ismaelcolosi.com.br","date":"6 de October de 2024","format":false,"excerpt":"O candidato Zezinho Gimenez (MDB) foi eleito Prefeito de Sert\u00e3ozinho, cidade na regi\u00e3o de Ribeir\u00e3o Preto, na noite deste domingo (6). Conforme os dados do Tribunal Superior Eleitoral (TSE), com 78,83% dos votos apurados, Zezinho Gimenez foi eleito prefeito de Sert\u00e3ozinho, pelo quinto mandato. Dr. Wilsinho, do PSD, teve 8,41%\u2026","rel":"","context":"In &quot;Not\u00edcias de Ribeir\u00e3o Preto-SP e Regi\u00e3o&quot;","block_context":{"text":"Not\u00edcias de Ribeir\u00e3o Preto-SP e Regi\u00e3o","link":"https:\/\/ismaelcolosi.com.br\/index.php\/category\/noticias-de-ribeirao-preto-sp-e-regiao-ismael-colosi\/"},"img":{"alt_text":"","src":"https:\/\/i0.wp.com\/ismaelcolosi.com.br\/wp-content\/uploads\/2024\/10\/zEZINHO-GIMENEZ_2024-09-18_20-33-12_jpeg_2024-09-18_20-33-12.webp.webp?fit=1200%2C675&ssl=1&resize=350%2C200","width":350,"height":200,"srcset":"https:\/\/i0.wp.com\/ismaelcolosi.com.br\/wp-content\/uploads\/2024\/10\/zEZINHO-GIMENEZ_2024-09-18_20-33-12_jpeg_2024-09-18_20-33-12.webp.webp?fit=1200%2C675&ssl=1&resize=350%2C200 1x, https:\/\/i0.wp.com\/ismaelcolosi.com.br\/wp-content\/uploads\/2024\/10\/zEZINHO-GIMENEZ_2024-09-18_20-33-12_jpeg_2024-09-18_20-33-12.webp.webp?fit=1200%2C675&ssl=1&resize=525%2C300 1.5x, https:\/\/i0.wp.com\/ismaelcolosi.com.br\/wp-content\/uploads\/2024\/10\/zEZINHO-GIMENEZ_2024-09-18_20-33-12_jpeg_2024-09-18_20-33-12.webp.webp?fit=1200%2C675&ssl=1&resize=700%2C400 2x, https:\/\/i0.wp.com\/ismaelcolosi.com.br\/wp-content\/uploads\/2024\/10\/zEZINHO-GIMENEZ_2024-09-18_20-33-12_jpeg_2024-09-18_20-33-12.webp.webp?fit=1200%2C675&ssl=1&resize=1050%2C600 3x"},"classes":[]},{"id":69565,"url":"https:\/\/ismaelcolosi.com.br\/index.php\/2024\/10\/06\/regiao-de-ribeirao-preto-ja-tem-primeiros-prefeitos-eleitos-confira\/","url_meta":{"origin":69574,"position":3},"title":"Regi\u00e3o de Ribeir\u00e3o Preto j\u00e1 tem primeiros prefeitos eleitos; Confira","author":"ismaelcolosi.com.br","date":"6 de October de 2024","format":false,"excerpt":"Cajuru foi a primeira cidade a contabilizar todos os votos e anunciar o prefeito na regi\u00e3o de Ribeir\u00e3o Preto. O candidato Alex Morentini do MDB foi eleito com 48,80 % dos votos. O candidato Jo\u00e3o Ruggeri, do PSD, teve 33,54 % de votos; Jo\u00e3o Greg\u00f3rio, do PL teve 13,36% e\u2026","rel":"","context":"In &quot;Not\u00edcias de Ribeir\u00e3o Preto-SP e Regi\u00e3o&quot;","block_context":{"text":"Not\u00edcias de Ribeir\u00e3o Preto-SP e Regi\u00e3o","link":"https:\/\/ismaelcolosi.com.br\/index.php\/category\/noticias-de-ribeirao-preto-sp-e-regiao-ismael-colosi\/"},"img":{"alt_text":"","src":"https:\/\/i0.wp.com\/ismaelcolosi.com.br\/wp-content\/uploads\/2024\/07\/urna-eletronica_2024-07-20_21-25-53_jpg_2024-07-20_21-25-53.webp.webp?fit=1170%2C700&ssl=1&resize=350%2C200","width":350,"height":200,"srcset":"https:\/\/i0.wp.com\/ismaelcolosi.com.br\/wp-content\/uploads\/2024\/07\/urna-eletronica_2024-07-20_21-25-53_jpg_2024-07-20_21-25-53.webp.webp?fit=1170%2C700&ssl=1&resize=350%2C200 1x, https:\/\/i0.wp.com\/ismaelcolosi.com.br\/wp-content\/uploads\/2024\/07\/urna-eletronica_2024-07-20_21-25-53_jpg_2024-07-20_21-25-53.webp.webp?fit=1170%2C700&ssl=1&resize=525%2C300 1.5x, https:\/\/i0.wp.com\/ismaelcolosi.com.br\/wp-content\/uploads\/2024\/07\/urna-eletronica_2024-07-20_21-25-53_jpg_2024-07-20_21-25-53.webp.webp?fit=1170%2C700&ssl=1&resize=700%2C400 2x, https:\/\/i0.wp.com\/ismaelcolosi.com.br\/wp-content\/uploads\/2024\/07\/urna-eletronica_2024-07-20_21-25-53_jpg_2024-07-20_21-25-53.webp.webp?fit=1170%2C700&ssl=1&resize=1050%2C600 3x"},"classes":[]},{"id":69601,"url":"https:\/\/ismaelcolosi.com.br\/index.php\/2024\/10\/06\/eleicoes-2024-lucas-seren-e-reeleito-prefeito-de-bebedouro\/","url_meta":{"origin":69574,"position":4},"title":"Elei\u00e7\u00f5es 2024: Lucas Seren \u00e9 reeleito prefeito de Bebedouro","author":"ismaelcolosi.com.br","date":"6 de October de 2024","format":false,"excerpt":"O candidato Lucas Seren (PL) foi eleito prefeito de Bebedouro, cidade na regi\u00e3o de Ribeir\u00e3o Preto, na noite deste domingo (6). Conforme os dados do Tribunal Superior Eleitoral (TSE), com 100% dos votos apurados, Lucas Seren foi reeleito prefeito de Bebedouro, com 57,70% dos votos. Dr. Fernando Piffer (PSD) teve\u2026","rel":"","context":"In &quot;Not\u00edcias de Ribeir\u00e3o Preto-SP e Regi\u00e3o&quot;","block_context":{"text":"Not\u00edcias de Ribeir\u00e3o Preto-SP e Regi\u00e3o","link":"https:\/\/ismaelcolosi.com.br\/index.php\/category\/noticias-de-ribeirao-preto-sp-e-regiao-ismael-colosi\/"},"img":{"alt_text":"","src":"https:\/\/i0.wp.com\/ismaelcolosi.com.br\/wp-content\/uploads\/2024\/10\/lucas-seren_2024-10-06_22-24-01_jpg_2024-10-06_22-24-01.webp.webp?fit=975%2C484&ssl=1&resize=350%2C200","width":350,"height":200,"srcset":"https:\/\/i0.wp.com\/ismaelcolosi.com.br\/wp-content\/uploads\/2024\/10\/lucas-seren_2024-10-06_22-24-01_jpg_2024-10-06_22-24-01.webp.webp?fit=975%2C484&ssl=1&resize=350%2C200 1x, https:\/\/i0.wp.com\/ismaelcolosi.com.br\/wp-content\/uploads\/2024\/10\/lucas-seren_2024-10-06_22-24-01_jpg_2024-10-06_22-24-01.webp.webp?fit=975%2C484&ssl=1&resize=525%2C300 1.5x, https:\/\/i0.wp.com\/ismaelcolosi.com.br\/wp-content\/uploads\/2024\/10\/lucas-seren_2024-10-06_22-24-01_jpg_2024-10-06_22-24-01.webp.webp?fit=975%2C484&ssl=1&resize=700%2C400 2x"},"classes":[]},{"id":69579,"url":"https:\/\/ismaelcolosi.com.br\/index.php\/2024\/10\/06\/alexandre-ferreira-e-joao-rocha-vao-disputar-o-2o-turno-em-franca\/","url_meta":{"origin":69574,"position":5},"title":"Alexandre Ferreira e Jo\u00e3o Rocha v\u00e3o disputar o 2\u00ba turno em Franca","author":"ismaelcolosi.com.br","date":"6 de October de 2024","format":false,"excerpt":"Os candidatos Alexandre Ferreira (MDB) e Jo\u00e3o Rocha (PL) v\u00e3o decidir no 2\u00ba turno, que ser\u00e1 realizado no dia 27 de outubro, quem ser\u00e1 o pr\u00f3ximo prefeito de Franca. Conforme os dados do Tribunal Superior Eleitoral (TSE), ao final da apura\u00e7\u00e3o, \u00e0s 19h30, Alexandre recebeu 73.390 votos (47,18%) e o\u2026","rel":"","context":"In &quot;Not\u00edcias de Ribeir\u00e3o Preto-SP e Regi\u00e3o&quot;","block_context":{"text":"Not\u00edcias de Ribeir\u00e3o Preto-SP e Regi\u00e3o","link":"https:\/\/ismaelcolosi.com.br\/index.php\/category\/noticias-de-ribeirao-preto-sp-e-regiao-ismael-colosi\/"},"img":{"alt_text":"","src":"https:\/\/i0.wp.com\/ismaelcolosi.com.br\/wp-content\/uploads\/2024\/10\/Copia-de-Copia-de-Copia-de-TAMANHO-EXATO-PARA-FOTOS-NO-SISTEMA-NOVO-20_2024-10-06_22-39-25_jpg_2024-10-06_22-39-25.webp.webp?fit=1200%2C675&ssl=1&resize=350%2C200","width":350,"height":200,"srcset":"https:\/\/i0.wp.com\/ismaelcolosi.com.br\/wp-content\/uploads\/2024\/10\/Copia-de-Copia-de-Copia-de-TAMANHO-EXATO-PARA-FOTOS-NO-SISTEMA-NOVO-20_2024-10-06_22-39-25_jpg_2024-10-06_22-39-25.webp.webp?fit=1200%2C675&ssl=1&resize=350%2C200 1x, https:\/\/i0.wp.com\/ismaelcolosi.com.br\/wp-content\/uploads\/2024\/10\/Copia-de-Copia-de-Copia-de-TAMANHO-EXATO-PARA-FOTOS-NO-SISTEMA-NOVO-20_2024-10-06_22-39-25_jpg_2024-10-06_22-39-25.webp.webp?fit=1200%2C675&ssl=1&resize=525%2C300 1.5x, https:\/\/i0.wp.com\/ismaelcolosi.com.br\/wp-content\/uploads\/2024\/10\/Copia-de-Copia-de-Copia-de-TAMANHO-EXATO-PARA-FOTOS-NO-SISTEMA-NOVO-20_2024-10-06_22-39-25_jpg_2024-10-06_22-39-25.webp.webp?fit=1200%2C675&ssl=1&resize=700%2C400 2x, https:\/\/i0.wp.com\/ismaelcolosi.com.br\/wp-content\/uploads\/2024\/10\/Copia-de-Copia-de-Copia-de-TAMANHO-EXATO-PARA-FOTOS-NO-SISTEMA-NOVO-20_2024-10-06_22-39-25_jpg_2024-10-06_22-39-25.webp.webp?fit=1200%2C675&ssl=1&resize=1050%2C600 3x"},"classes":[]}],"jetpack_sharing_enabled":true,"jetpack_shortlink":"https:\/\/wp.me\/pfMlyK-i6a","_links":{"self":[{"href":"https:\/\/ismaelcolosi.com.br\/index.php\/wp-json\/wp\/v2\/posts\/69574","targetHints":{"allow":["GET"]}}],"collection":[{"href":"https:\/\/ismaelcolosi.com.br\/index.php\/wp-json\/wp\/v2\/posts"}],"about":[{"href":"https:\/\/ismaelcolosi.com.br\/index.php\/wp-json\/wp\/v2\/types\/post"}],"author":[{"embeddable":true,"href":"https:\/\/ismaelcolosi.com.br\/index.php\/wp-json\/wp\/v2\/users\/1"}],"replies":[{"embeddable":true,"href":"https:\/\/ismaelcolosi.com.br\/index.php\/wp-json\/wp\/v2\/comments?post=69574"}],"version-history":[{"count":0,"href":"https:\/\/ismaelcolosi.com.br\/index.php\/wp-json\/wp\/v2\/posts\/69574\/revisions"}],"wp:featuredmedia":[{"embeddable":true,"href":"https:\/\/ismaelcolosi.com.br\/index.php\/wp-json\/wp\/v2\/media\/69575"}],"wp:attachment":[{"href":"https:\/\/ismaelcolosi.com.br\/index.php\/wp-json\/wp\/v2\/media?parent=69574"}],"wp:term":[{"taxonomy":"category","embeddable":true,"href":"https:\/\/ismaelcolosi.com.br\/index.php\/wp-json\/wp\/v2\/categories?post=69574"},{"taxonomy":"post_tag","embeddable":true,"href":"https:\/\/ismaelcolosi.com.br\/index.php\/wp-json\/wp\/v2\/tags?post=69574"}],"curies":[{"name":"wp","href":"https:\/\/api.w.org\/{rel}","templated":true}]}}