{"id":69568,"date":"2024-10-06T18:54:49","date_gmt":"2024-10-06T21:54:49","guid":{"rendered":"https:\/\/ismaelcolosi.com.br\/index.php\/2024\/10\/06\/veja-os-candidatos-a-vereador-mais-votados-em-ribeirao-preto-no-inicio-da-apuracao\/"},"modified":"2024-10-06T18:54:49","modified_gmt":"2024-10-06T21:54:49","slug":"veja-os-candidatos-a-vereador-mais-votados-em-ribeirao-preto-no-inicio-da-apuracao","status":"publish","type":"post","link":"https:\/\/ismaelcolosi.com.br\/index.php\/2024\/10\/06\/veja-os-candidatos-a-vereador-mais-votados-em-ribeirao-preto-no-inicio-da-apuracao\/","title":{"rendered":"Veja os candidatos a vereador mais votados em Ribeir\u00e3o Preto no in\u00edcio da apura\u00e7\u00e3o"},"content":{"rendered":"<p> <br \/>\n<\/p>\n<div data-td-block-uid=\"tdi_106\">\n<div class=\"tdb-block-inner td-fix-index\">\n<p>A apura\u00e7\u00e3o dos votos para <strong>C\u00e2mara Municipal de Ribeir\u00e3o Preto<\/strong> j\u00e1 aponta os candidatos mais votados. O jornalista<strong> Danilo Scochi (MDB)<\/strong> j\u00e1 recebeu mais de 1 mil votos. Ele \u00e9 seguido de<strong> Duda Hidalgo (PT)<\/strong> e <strong>Isaac Antunes (PL)<\/strong>, tamb\u00e9m com mais de 1 mil votos.<\/p>\n<p>Outros candidatos, como Bigodini (MDB), Igor Oliveira (MDB) e Delegado Martinez (MDB) tamb\u00e9m aparecem entre os mais votados at\u00e9 o momento.<\/p>\n<p>A apura\u00e7\u00e3o voc\u00ea acompanha no <strong>acidade on <\/strong>em tempo real, a partir das 17h. Os n\u00fameros ser\u00e3o atualizados pelo TSE (Tribunal Superior Eleitoral) logo em seguida ao t\u00e9rmino da vota\u00e7\u00e3o<a href=\"https:\/\/apuracao.acidadeon.com\/ribeiraopreto\/?cidade=RIBEIR%C3%83O%20PRETO\" target=\"_blank\" rel=\"noreferrer noopener nofollow\">. Clique aqui para acompanhar.<\/a><\/p>\n<div id=\"conteudo-loading\" class=\"mt-5\">\n<div id=\"loading\"><img data-recalc-dims=\"1\" decoding=\"async\" src=\"https:\/\/i0.wp.com\/www.acidadeon.com\/ribeiraopreto\/wp-content\/plugins\/resultado-eleicoes\/images\/loading.gif?w=100&#038;ssl=1\" alt=\"Carregando...\" \/>Carregando&#8230;<\/div>\n<\/p><\/div>\n<p><!-- Div do overlay de loading --><\/p>\n<div id=\"conteudo-eleicoes\" class=\"mt-5\">\n<div id=\"alterar-cidade\" class=\"row mb-3\" style=\"display:none;\">\n<p>\n                                <label for=\"select-cidade\" class=\"form-label\"><i class=\"fa-solid fa-location-pin\"\/> Cidades:<\/label><br \/>\n                                <select id=\"select-cidade\" class=\"form-select\" onchange=\"redirectToPage()\"><option value=\"\">&#8230; Mais cidades &#8230;<\/option><option value=\"ribeir\u00e3o preto\">RIBEIR\u00c3O PRETO<\/option><option value=\"franca\">FRANCA<\/option><option value=\"sert\u00e3ozinho\">SERT\u00c3OZINHO<\/option><option value=\"barretos\">BARRETOS<\/option><option value=\"orl\u00e2ndia\">ORL\u00c2NDIA<\/option><option value=\"guariba\">GUARIBA<\/option><option value=\"jaboticabal\">JABOTICABAL<\/option><option value=\"ituverava\">ITUVERAVA<\/option><option value=\"bebedouro\">BEBEDOURO<\/option><option value=\"pitangueiras\">PITANGUEIRAS<\/option><option value=\"s\u00e3o joaquim da barra\">S\u00c3O JOAQUIM DA BARRA<\/option><option value=\"gua\u00edra\">GUA\u00cdRA<\/option><option value=\"monte alto\">MONTE ALTO<\/option><option value=\"taquaritinga\">TAQUARITINGA<\/option><option value=\"viradouro\">VIRADOURO<\/option><option value=\"monte azul paulista\">MONTE AZUL PAULISTA<\/option><option value=\"santa rosa de viterbo\">SANTA ROSA DE VITERBO<\/option><option value=\"guar\u00e1\">GUAR\u00c1<\/option><option value=\"igarapava\">IGARAPAVA<\/option><option value=\"miguel\u00f3polis\">MIGUEL\u00d3POLIS<\/option><option value=\"pedregulho\">PEDREGULHO<\/option><option value=\"colina\">COLINA<\/option><option value=\"restinga\">RESTINGA<\/option><option value=\"cajuru\">CAJURU<\/option><option value=\"aramina\">ARAMINA<\/option><option value=\"c\u00e1ssia dos coqueiros\">C\u00c1SSIA DOS COQUEIROS<\/option><option value=\"jardin\u00f3polis\">JARDIN\u00d3POLIS<\/option><option value=\"serrana\">SERRANA<\/option><option value=\"lu\u00eds ant\u00f4nio\">LU\u00cdS ANT\u00d4NIO<\/option><option value=\"altin\u00f3polis\">ALTIN\u00d3POLIS<\/option><option value=\"s\u00e3o sim\u00e3o\">S\u00c3O SIM\u00c3O<\/option><option value=\"jaborandi\">JABORANDI<\/option><option value=\"nuporanga\">NUPORANGA<\/option><option value=\"ribeir\u00e3o corrente\">RIBEIR\u00c3O CORRENTE<\/option><\/select>\n                            <\/p>\n<\/p><\/div>\n<\/p><\/div>\n<p><!-- CONTENT END 1 -->\n<\/div>\n<\/div>\n<p><br \/>\n<br \/><a href=\"https:\/\/www.acidadeon.com\/ribeiraopreto\/politica\/eleicoes\/veja-os-candidatos-a-vereador-mais-votados-em-ribeirao-preto-no-inicio-da-apuracao\/\">Source link <\/a><\/p>\n","protected":false},"excerpt":{"rendered":"<p>A apura\u00e7\u00e3o dos votos para C\u00e2mara Municipal de Ribeir\u00e3o Preto j\u00e1 aponta os candidatos mais votados. O jornalista Danilo Scochi (MDB) j\u00e1 recebeu mais de&#8230;<\/p>\n","protected":false},"author":1,"featured_media":69569,"comment_status":"open","ping_status":"open","sticky":false,"template":"","format":"standard","meta":{"_uag_custom_page_level_css":"","advanced_seo_description":"","jetpack_seo_html_title":"","jetpack_seo_noindex":false,"jetpack_post_was_ever_published":false,"_jetpack_newsletter_access":"","_jetpack_dont_email_post_to_subs":false,"_jetpack_newsletter_tier_id":0,"_jetpack_memberships_contains_paywalled_content":false,"_jetpack_memberships_contains_paid_content":false,"footnotes":"","jetpack_publicize_message":"","jetpack_publicize_feature_enabled":true,"jetpack_social_post_already_shared":true,"jetpack_social_options":{"image_generator_settings":{"template":"highway","default_image_id":0,"font":"","enabled":false},"version":2}},"categories":[11],"tags":[],"class_list":["post-69568","post","type-post","status-publish","format-standard","has-post-thumbnail","hentry","category-noticias-de-ribeirao-preto-sp-e-regiao-ismael-colosi"],"jetpack_publicize_connections":[],"jetpack_featured_media_url":"https:\/\/i0.wp.com\/ismaelcolosi.com.br\/wp-content\/uploads\/2024\/10\/454921541_1315368682842918_8617761920590537641_n_2024-10-06_21-20-43_jpg_2024-10-06_21-20-44.webp.webp?fit=960%2C954&ssl=1","uagb_featured_image_src":{"full":["https:\/\/i0.wp.com\/ismaelcolosi.com.br\/wp-content\/uploads\/2024\/10\/454921541_1315368682842918_8617761920590537641_n_2024-10-06_21-20-43_jpg_2024-10-06_21-20-44.webp.webp?fit=960%2C954&ssl=1",960,954,false],"thumbnail":["https:\/\/i0.wp.com\/ismaelcolosi.com.br\/wp-content\/uploads\/2024\/10\/454921541_1315368682842918_8617761920590537641_n_2024-10-06_21-20-43_jpg_2024-10-06_21-20-44.webp.webp?resize=150%2C150&ssl=1",150,150,true],"medium":["https:\/\/i0.wp.com\/ismaelcolosi.com.br\/wp-content\/uploads\/2024\/10\/454921541_1315368682842918_8617761920590537641_n_2024-10-06_21-20-43_jpg_2024-10-06_21-20-44.webp.webp?fit=300%2C298&ssl=1",300,298,true],"medium_large":["https:\/\/i0.wp.com\/ismaelcolosi.com.br\/wp-content\/uploads\/2024\/10\/454921541_1315368682842918_8617761920590537641_n_2024-10-06_21-20-43_jpg_2024-10-06_21-20-44.webp.webp?fit=768%2C763&ssl=1",768,763,true],"large":["https:\/\/i0.wp.com\/ismaelcolosi.com.br\/wp-content\/uploads\/2024\/10\/454921541_1315368682842918_8617761920590537641_n_2024-10-06_21-20-43_jpg_2024-10-06_21-20-44.webp.webp?fit=960%2C954&ssl=1",960,954,true],"1536x1536":["https:\/\/i0.wp.com\/ismaelcolosi.com.br\/wp-content\/uploads\/2024\/10\/454921541_1315368682842918_8617761920590537641_n_2024-10-06_21-20-43_jpg_2024-10-06_21-20-44.webp.webp?fit=960%2C954&ssl=1",960,954,true],"2048x2048":["https:\/\/i0.wp.com\/ismaelcolosi.com.br\/wp-content\/uploads\/2024\/10\/454921541_1315368682842918_8617761920590537641_n_2024-10-06_21-20-43_jpg_2024-10-06_21-20-44.webp.webp?fit=960%2C954&ssl=1",960,954,true],"really-simple-thumb":["https:\/\/i0.wp.com\/ismaelcolosi.com.br\/wp-content\/uploads\/2024\/10\/454921541_1315368682842918_8617761920590537641_n_2024-10-06_21-20-43_jpg_2024-10-06_21-20-44.webp.webp?resize=370%2C247&ssl=1",370,247,true]},"uagb_author_info":{"display_name":"ismaelcolosi.com.br","author_link":"https:\/\/ismaelcolosi.com.br\/index.php\/author\/vidareal-online\/"},"uagb_comment_info":0,"uagb_excerpt":"A apura\u00e7\u00e3o dos votos para C\u00e2mara Municipal de Ribeir\u00e3o Preto j\u00e1 aponta os candidatos mais votados. O jornalista Danilo Scochi (MDB) j\u00e1 recebeu mais de...","jetpack-related-posts":[{"id":73558,"url":"https:\/\/ismaelcolosi.com.br\/index.php\/2024\/10\/27\/tempo-real-acompanhe-a-apuracao-dos-votos-do-2o-turno-em-franca\/","url_meta":{"origin":69568,"position":0},"title":"Tempo real: Acompanhe a apura\u00e7\u00e3o dos votos do 2\u00ba turno em Franca","author":"ismaelcolosi.com.br","date":"27 de October de 2024","format":false,"excerpt":"Carregando... N\u00e3o foram encontrados candidatos com o nome pesquisado. ALEXANDRE FERREIRA (15) MDB VICE: EVERTON DE PAULA 0.00% (0 votos) JO\u00c3O ROCHA (22) PL VICE: ILTON S\u00c9RGIO FERREIRA 0.00% (0 votos) O 2\u00ba turno das elei\u00e7\u00f5es municipais acontece neste domingo (27) para escolha do pr\u00f3ximo prefeito de Franca. Voc\u00ea pode\u2026","rel":"","context":"In &quot;Not\u00edcias de Ribeir\u00e3o Preto-SP e Regi\u00e3o&quot;","block_context":{"text":"Not\u00edcias de Ribeir\u00e3o Preto-SP e Regi\u00e3o","link":"https:\/\/ismaelcolosi.com.br\/index.php\/category\/noticias-de-ribeirao-preto-sp-e-regiao-ismael-colosi\/"},"img":{"alt_text":"","src":"https:\/\/i0.wp.com\/ismaelcolosi.com.br\/wp-content\/uploads\/2024\/07\/urna-eletronica_2024-07-20_21-25-53_jpg_2024-07-20_21-25-53.webp.webp?fit=1170%2C700&ssl=1&resize=350%2C200","width":350,"height":200,"srcset":"https:\/\/i0.wp.com\/ismaelcolosi.com.br\/wp-content\/uploads\/2024\/07\/urna-eletronica_2024-07-20_21-25-53_jpg_2024-07-20_21-25-53.webp.webp?fit=1170%2C700&ssl=1&resize=350%2C200 1x, https:\/\/i0.wp.com\/ismaelcolosi.com.br\/wp-content\/uploads\/2024\/07\/urna-eletronica_2024-07-20_21-25-53_jpg_2024-07-20_21-25-53.webp.webp?fit=1170%2C700&ssl=1&resize=525%2C300 1.5x, https:\/\/i0.wp.com\/ismaelcolosi.com.br\/wp-content\/uploads\/2024\/07\/urna-eletronica_2024-07-20_21-25-53_jpg_2024-07-20_21-25-53.webp.webp?fit=1170%2C700&ssl=1&resize=700%2C400 2x, https:\/\/i0.wp.com\/ismaelcolosi.com.br\/wp-content\/uploads\/2024\/07\/urna-eletronica_2024-07-20_21-25-53_jpg_2024-07-20_21-25-53.webp.webp?fit=1170%2C700&ssl=1&resize=1050%2C600 3x"},"classes":[]},{"id":69732,"url":"https:\/\/ismaelcolosi.com.br\/index.php\/2024\/10\/07\/vereador-tem-mais-votos-do-que-nove-eleitos-mas-fica-sem-vaga-na-camara-de-ribeirao\/","url_meta":{"origin":69568,"position":1},"title":"Vereador tem mais votos do que nove eleitos, mas fica sem vaga na C\u00e2mara de Ribeir\u00e3o","author":"ismaelcolosi.com.br","date":"7 de October de 2024","format":false,"excerpt":"Ap\u00f3s tr\u00eas mandatos, o vereador Marcos Papa (Pode), n\u00e3o conseguiu a reelei\u00e7\u00e3o para C\u00e2mara de Ribeir\u00e3o Preto mesmo tendo mais votos do que nove parlamentares eleitos no primeiro turno das elei\u00e7\u00f5es 2024, realizado no \u00faltimo domingo (6). Papa recebeu 3.518 votos e ficou fora do Legislativo a partir de 2025.\u2026","rel":"","context":"In &quot;Not\u00edcias de Ribeir\u00e3o Preto-SP e Regi\u00e3o&quot;","block_context":{"text":"Not\u00edcias de Ribeir\u00e3o Preto-SP e Regi\u00e3o","link":"https:\/\/ismaelcolosi.com.br\/index.php\/category\/noticias-de-ribeirao-preto-sp-e-regiao-ismael-colosi\/"},"img":{"alt_text":"","src":"https:\/\/i0.wp.com\/ismaelcolosi.com.br\/wp-content\/uploads\/2024\/10\/marcos-papa_2024-10-07_19-11-00_jpg_2024-10-07_19-11-00.webp.webp?fit=1198%2C840&ssl=1&resize=350%2C200","width":350,"height":200,"srcset":"https:\/\/i0.wp.com\/ismaelcolosi.com.br\/wp-content\/uploads\/2024\/10\/marcos-papa_2024-10-07_19-11-00_jpg_2024-10-07_19-11-00.webp.webp?fit=1198%2C840&ssl=1&resize=350%2C200 1x, https:\/\/i0.wp.com\/ismaelcolosi.com.br\/wp-content\/uploads\/2024\/10\/marcos-papa_2024-10-07_19-11-00_jpg_2024-10-07_19-11-00.webp.webp?fit=1198%2C840&ssl=1&resize=525%2C300 1.5x, https:\/\/i0.wp.com\/ismaelcolosi.com.br\/wp-content\/uploads\/2024\/10\/marcos-papa_2024-10-07_19-11-00_jpg_2024-10-07_19-11-00.webp.webp?fit=1198%2C840&ssl=1&resize=700%2C400 2x, https:\/\/i0.wp.com\/ismaelcolosi.com.br\/wp-content\/uploads\/2024\/10\/marcos-papa_2024-10-07_19-11-00_jpg_2024-10-07_19-11-00.webp.webp?fit=1198%2C840&ssl=1&resize=1050%2C600 3x"},"classes":[]},{"id":69583,"url":"https:\/\/ismaelcolosi.com.br\/index.php\/2024\/10\/06\/eleicoes-2024-veja-quais-foram-os-vereadores-eleitos-em-ribeirao-preto\/","url_meta":{"origin":69568,"position":2},"title":"Elei\u00e7\u00f5es 2024: Veja quais foram os vereadores eleitos em Ribeir\u00e3o Preto","author":"ismaelcolosi.com.br","date":"6 de October de 2024","format":false,"excerpt":"O TSE (Tribunal Superior Eleitoral) j\u00e1 conclui a apura\u00e7\u00e3o dos votos em Ribeir\u00e3o Preto e os novos vereadores, a partir de 2025 j\u00e1 podem ser conhecidos. Confira os vereadores eleitos em Ribeir\u00e3o Preto para legislatura 2025\/2029. Danilo Scochi (MDB) Isaac Antunes (PL) Duda Hidalgo (PT) Igor Oliveira (MDB) Bigodini (MDB)\u2026","rel":"","context":"In &quot;Not\u00edcias de Ribeir\u00e3o Preto-SP e Regi\u00e3o&quot;","block_context":{"text":"Not\u00edcias de Ribeir\u00e3o Preto-SP e Regi\u00e3o","link":"https:\/\/ismaelcolosi.com.br\/index.php\/category\/noticias-de-ribeirao-preto-sp-e-regiao-ismael-colosi\/"},"img":{"alt_text":"","src":"https:\/\/i0.wp.com\/ismaelcolosi.com.br\/wp-content\/uploads\/2024\/10\/Copia-de-Copia-de-Copia-de-TAMANHO-EXATO-PARA-FOTOS-NO-SISTEMA-NOVO-96_2024-10-06_22-58-49_png_2024-10-06_22-58-49.webp.webp?fit=1200%2C675&ssl=1&resize=350%2C200","width":350,"height":200,"srcset":"https:\/\/i0.wp.com\/ismaelcolosi.com.br\/wp-content\/uploads\/2024\/10\/Copia-de-Copia-de-Copia-de-TAMANHO-EXATO-PARA-FOTOS-NO-SISTEMA-NOVO-96_2024-10-06_22-58-49_png_2024-10-06_22-58-49.webp.webp?fit=1200%2C675&ssl=1&resize=350%2C200 1x, https:\/\/i0.wp.com\/ismaelcolosi.com.br\/wp-content\/uploads\/2024\/10\/Copia-de-Copia-de-Copia-de-TAMANHO-EXATO-PARA-FOTOS-NO-SISTEMA-NOVO-96_2024-10-06_22-58-49_png_2024-10-06_22-58-49.webp.webp?fit=1200%2C675&ssl=1&resize=525%2C300 1.5x, https:\/\/i0.wp.com\/ismaelcolosi.com.br\/wp-content\/uploads\/2024\/10\/Copia-de-Copia-de-Copia-de-TAMANHO-EXATO-PARA-FOTOS-NO-SISTEMA-NOVO-96_2024-10-06_22-58-49_png_2024-10-06_22-58-49.webp.webp?fit=1200%2C675&ssl=1&resize=700%2C400 2x, https:\/\/i0.wp.com\/ismaelcolosi.com.br\/wp-content\/uploads\/2024\/10\/Copia-de-Copia-de-Copia-de-TAMANHO-EXATO-PARA-FOTOS-NO-SISTEMA-NOVO-96_2024-10-06_22-58-49_png_2024-10-06_22-58-49.webp.webp?fit=1200%2C675&ssl=1&resize=1050%2C600 3x"},"classes":[]},{"id":73571,"url":"https:\/\/ismaelcolosi.com.br\/index.php\/2024\/10\/27\/alexandre-ferreira-e-reeleito-prefeito-de-franca\/","url_meta":{"origin":69568,"position":3},"title":"Alexandre Ferreira \u00e9 reeleito prefeito de Franca","author":"ismaelcolosi.com.br","date":"27 de October de 2024","format":false,"excerpt":"O candidato Alexandre Ferreira (MDB) foi reeleito prefeito de Franca, cidade na regi\u00e3o de Ribeir\u00e3o Preto, no come\u00e7o da noite deste domingo (27). Conforme os dados do Tribunal Superior Eleitoral (TSE), ao final da apura\u00e7\u00e3o, \u00e0s xx, o Chefe do Poder Executivo municipal recebeu 82.856 votos (58,64%). J\u00e1 Jo\u00e3o Rocha\u2026","rel":"","context":"In &quot;Not\u00edcias de Ribeir\u00e3o Preto-SP e Regi\u00e3o&quot;","block_context":{"text":"Not\u00edcias de Ribeir\u00e3o Preto-SP e Regi\u00e3o","link":"https:\/\/ismaelcolosi.com.br\/index.php\/category\/noticias-de-ribeirao-preto-sp-e-regiao-ismael-colosi\/"},"img":{"alt_text":"","src":"https:\/\/i0.wp.com\/ismaelcolosi.com.br\/wp-content\/uploads\/2024\/09\/alexandre-ferreira_2024-09-09_14-40-04_jpg_2024-09-09_14-40-04.webp.webp?fit=1079%2C845&ssl=1&resize=350%2C200","width":350,"height":200,"srcset":"https:\/\/i0.wp.com\/ismaelcolosi.com.br\/wp-content\/uploads\/2024\/09\/alexandre-ferreira_2024-09-09_14-40-04_jpg_2024-09-09_14-40-04.webp.webp?fit=1079%2C845&ssl=1&resize=350%2C200 1x, https:\/\/i0.wp.com\/ismaelcolosi.com.br\/wp-content\/uploads\/2024\/09\/alexandre-ferreira_2024-09-09_14-40-04_jpg_2024-09-09_14-40-04.webp.webp?fit=1079%2C845&ssl=1&resize=525%2C300 1.5x, https:\/\/i0.wp.com\/ismaelcolosi.com.br\/wp-content\/uploads\/2024\/09\/alexandre-ferreira_2024-09-09_14-40-04_jpg_2024-09-09_14-40-04.webp.webp?fit=1079%2C845&ssl=1&resize=700%2C400 2x, https:\/\/i0.wp.com\/ismaelcolosi.com.br\/wp-content\/uploads\/2024\/09\/alexandre-ferreira_2024-09-09_14-40-04_jpg_2024-09-09_14-40-04.webp.webp?fit=1079%2C845&ssl=1&resize=1050%2C600 3x"},"classes":[]},{"id":69559,"url":"https:\/\/ismaelcolosi.com.br\/index.php\/2024\/10\/06\/tempo-real-acompanhe-a-apuracao-dos-votos-do-1o-turno-em-franca\/","url_meta":{"origin":69568,"position":4},"title":"Tempo real: Acompanhe a apura\u00e7\u00e3o dos votos do 1\u00ba turno em Franca","author":"ismaelcolosi.com.br","date":"6 de October de 2024","format":false,"excerpt":"Carregando... Cidades: ... Mais cidades ...CAJURUIGARAPAVAJERIQUARASANTA ERNESTINABURITIZALLU\u00cdS ANT\u00d4NIOMIGUEL\u00d3POLISC\u00c2NDIDO RODRIGUESJARDIN\u00d3POLISCRAVINHOSRIBEIR\u00c3O PRETOIPU\u00c3BARRINHAPEDREGULHOMONTE ALTOJABORANDIC\u00c1SSIA DOS COQUEIROSORL\u00c2NDIARIFAINAGUARIBASANTA ROSA DE VITERBOPATROC\u00cdNIO PAULISTAPIRANGIRIBEIR\u00c3O CORRENTEITIRAPU\u00c3SERRA AZULPITANGUEIRASS\u00c3O JOAQUIM DA BARRAJABOTICABALSERT\u00c3OZINHO N\u00e3o foram encontrados candidatos com o nome pesquisado. \u00daltima atualiza\u00e7\u00e3o: 06\/10\/2024 17:35:26 ALEXANDRE TABAH (30) NOVO VICE: FERNANDA KELLNER DE OLIVEIRA PALERMO 0.00% (0 votos) TITO FL\u00c1VIO BELLINI\u2026","rel":"","context":"In &quot;Not\u00edcias de Ribeir\u00e3o Preto-SP e Regi\u00e3o&quot;","block_context":{"text":"Not\u00edcias de Ribeir\u00e3o Preto-SP e Regi\u00e3o","link":"https:\/\/ismaelcolosi.com.br\/index.php\/category\/noticias-de-ribeirao-preto-sp-e-regiao-ismael-colosi\/"},"img":{"alt_text":"","src":"https:\/\/i0.wp.com\/ismaelcolosi.com.br\/wp-content\/uploads\/2024\/10\/votacao_2024-10-04_13-06-05_jpg_2024-10-04_13-06-05.webp.webp?fit=1170%2C700&ssl=1&resize=350%2C200","width":350,"height":200,"srcset":"https:\/\/i0.wp.com\/ismaelcolosi.com.br\/wp-content\/uploads\/2024\/10\/votacao_2024-10-04_13-06-05_jpg_2024-10-04_13-06-05.webp.webp?fit=1170%2C700&ssl=1&resize=350%2C200 1x, https:\/\/i0.wp.com\/ismaelcolosi.com.br\/wp-content\/uploads\/2024\/10\/votacao_2024-10-04_13-06-05_jpg_2024-10-04_13-06-05.webp.webp?fit=1170%2C700&ssl=1&resize=525%2C300 1.5x, https:\/\/i0.wp.com\/ismaelcolosi.com.br\/wp-content\/uploads\/2024\/10\/votacao_2024-10-04_13-06-05_jpg_2024-10-04_13-06-05.webp.webp?fit=1170%2C700&ssl=1&resize=700%2C400 2x, https:\/\/i0.wp.com\/ismaelcolosi.com.br\/wp-content\/uploads\/2024\/10\/votacao_2024-10-04_13-06-05_jpg_2024-10-04_13-06-05.webp.webp?fit=1170%2C700&ssl=1&resize=1050%2C600 3x"},"classes":[]},{"id":77340,"url":"https:\/\/ismaelcolosi.com.br\/index.php\/2024\/11\/24\/vereador-isaac-antunes-continuara-no-comando-da-camara-em-2025\/","url_meta":{"origin":69568,"position":5},"title":"Vereador Isaac Antunes continuar\u00e1 no comando da C\u00e2mara em 2025","author":"ismaelcolosi.com.br","date":"24 de November de 2024","format":false,"excerpt":"24 de novembro de 202422 de novembro de 202410 Compartilhar0 O vereador Isaac Antunes (PL), atual presidente da C\u00e2mara Municipal de Ribeir\u00e3o Preto, reeleito nas elei\u00e7\u00f5es municipais deste ano, continuar\u00e1 comandado o Legislativo municipal em 2025, primeiro ano da 19\u00aa. legislatura, cujos 22 parlamentares eleitos e reeleitos para o primeiro\u2026","rel":"","context":"In &quot;Not\u00edcias de Ribeir\u00e3o Preto-SP e Regi\u00e3o&quot;","block_context":{"text":"Not\u00edcias de Ribeir\u00e3o Preto-SP e Regi\u00e3o","link":"https:\/\/ismaelcolosi.com.br\/index.php\/category\/noticias-de-ribeirao-preto-sp-e-regiao-ismael-colosi\/"},"img":{"alt_text":"","src":"https:\/\/i0.wp.com\/ismaelcolosi.com.br\/wp-content\/uploads\/2024\/11\/IMG_0571-1-scaled.jpg?fit=750%2C500&ssl=1&resize=350%2C200","width":350,"height":200,"srcset":"https:\/\/i0.wp.com\/ismaelcolosi.com.br\/wp-content\/uploads\/2024\/11\/IMG_0571-1-scaled.jpg?fit=750%2C500&ssl=1&resize=350%2C200 1x, https:\/\/i0.wp.com\/ismaelcolosi.com.br\/wp-content\/uploads\/2024\/11\/IMG_0571-1-scaled.jpg?fit=750%2C500&ssl=1&resize=525%2C300 1.5x, https:\/\/i0.wp.com\/ismaelcolosi.com.br\/wp-content\/uploads\/2024\/11\/IMG_0571-1-scaled.jpg?fit=750%2C500&ssl=1&resize=700%2C400 2x"},"classes":[]}],"jetpack_sharing_enabled":true,"jetpack_shortlink":"https:\/\/wp.me\/pfMlyK-i64","_links":{"self":[{"href":"https:\/\/ismaelcolosi.com.br\/index.php\/wp-json\/wp\/v2\/posts\/69568","targetHints":{"allow":["GET"]}}],"collection":[{"href":"https:\/\/ismaelcolosi.com.br\/index.php\/wp-json\/wp\/v2\/posts"}],"about":[{"href":"https:\/\/ismaelcolosi.com.br\/index.php\/wp-json\/wp\/v2\/types\/post"}],"author":[{"embeddable":true,"href":"https:\/\/ismaelcolosi.com.br\/index.php\/wp-json\/wp\/v2\/users\/1"}],"replies":[{"embeddable":true,"href":"https:\/\/ismaelcolosi.com.br\/index.php\/wp-json\/wp\/v2\/comments?post=69568"}],"version-history":[{"count":0,"href":"https:\/\/ismaelcolosi.com.br\/index.php\/wp-json\/wp\/v2\/posts\/69568\/revisions"}],"wp:featuredmedia":[{"embeddable":true,"href":"https:\/\/ismaelcolosi.com.br\/index.php\/wp-json\/wp\/v2\/media\/69569"}],"wp:attachment":[{"href":"https:\/\/ismaelcolosi.com.br\/index.php\/wp-json\/wp\/v2\/media?parent=69568"}],"wp:term":[{"taxonomy":"category","embeddable":true,"href":"https:\/\/ismaelcolosi.com.br\/index.php\/wp-json\/wp\/v2\/categories?post=69568"},{"taxonomy":"post_tag","embeddable":true,"href":"https:\/\/ismaelcolosi.com.br\/index.php\/wp-json\/wp\/v2\/tags?post=69568"}],"curies":[{"name":"wp","href":"https:\/\/api.w.org\/{rel}","templated":true}]}}