{"id":69565,"date":"2024-10-06T18:23:42","date_gmt":"2024-10-06T21:23:42","guid":{"rendered":"https:\/\/ismaelcolosi.com.br\/index.php\/2024\/10\/06\/regiao-de-ribeirao-preto-ja-tem-primeiros-prefeitos-eleitos-confira\/"},"modified":"2024-10-06T18:23:42","modified_gmt":"2024-10-06T21:23:42","slug":"regiao-de-ribeirao-preto-ja-tem-primeiros-prefeitos-eleitos-confira","status":"publish","type":"post","link":"https:\/\/ismaelcolosi.com.br\/index.php\/2024\/10\/06\/regiao-de-ribeirao-preto-ja-tem-primeiros-prefeitos-eleitos-confira\/","title":{"rendered":"Regi\u00e3o de Ribeir\u00e3o Preto j\u00e1 tem primeiros prefeitos eleitos; Confira"},"content":{"rendered":"<p> <br \/>\n<\/p>\n<div data-td-block-uid=\"tdi_106\">\n<div class=\"tdb-block-inner td-fix-index\">\n<p><mark style=\"background-color:#fcb900\" class=\"has-inline-color has-black-color\">Cajuru foi a primeira cidade a contabilizar todos os votos e anunciar o prefeito na regi\u00e3o de Ribeir\u00e3o Preto.<\/mark> O candidato <strong>Alex Morentini<\/strong> do<strong> MDB<\/strong> foi <strong>eleito com 48,80 % dos votos<\/strong>.<\/p>\n<p>O candidato J<strong>o\u00e3o Ruggeri, do PSD, teve 33,54 % de votos; Jo\u00e3o Greg\u00f3rio, do PL teve 13,36% e Juliano do Bar, do PP, teve 4,29%.<\/strong><\/p>\n<h4 class=\"wp-block-heading\"><strong>Miguel\u00f3polis<\/strong><\/h4>\n<p>Com <strong>100% <\/strong>das urnas apuradas, <mark style=\"background-color:#fcb900\" class=\"has-inline-color has-black-color\"><strong>J\u00falio Enfermeiro do PSB<\/strong> foi eleito prefeito de Miguel\u00f3polis, com 38,07% dos votos.<\/mark> O candidato <strong>Jued do Dr Mata<\/strong> <strong>do PSD <\/strong>teve<strong> 35,52%<\/strong> dos votos; <strong>Leandro Pipoca <\/strong>teve <strong>21,02%<\/strong> e <strong>Dr S\u00e9rgio Barbosa<\/strong> teve <strong>5,39%<\/strong> dos votos.<\/p>\n<h4 class=\"wp-block-heading\"><strong>Jaborandi<\/strong><\/h4>\n<p>O candidato eleito da cidade foi o \u00fanico candidato a prefeitura da cidade, <strong>Silvinho Vaz do PODE<\/strong>, com <strong>100% dos votos.<\/strong><\/p>\n<h4 class=\"wp-block-heading\"><strong>Igarapava<\/strong><\/h4>\n<p><mark style=\"background-color:#fcb900\" class=\"has-inline-color has-black-color\"><strong>Dr Jos\u00e9 Humberto do Republicanos<\/strong> foi eleito prefeito da cidade, com <strong>49,37% dos votos<\/strong>.<\/mark> <strong>Tiago do MDB<\/strong> teve<strong> 41,97%<\/strong> dos votos; <strong>Dra. Nilva do PSD<\/strong> teve <strong>7,69%<\/strong> e <strong>Cesinha do PT<\/strong> teve <strong>0,97%<\/strong> dos votos.<\/p>\n<p>A apura\u00e7\u00e3o voc\u00ea acompanha no<strong> acidade on<\/strong> em tempo real, a partir das 17h. Os n\u00fameros ser\u00e3o atualizados pelo <strong>TSE (Tribunal Superior Eleitoral) <\/strong>logo em seguida ao t\u00e9rmino da vota\u00e7\u00e3o. <a href=\"https:\/\/apuracao.acidadeon.com\/ribeiraopreto\/\" target=\"_blank\" rel=\"noreferrer noopener nofollow\">Clique aqui para acompanhar.<\/a><\/p>\n<p><!-- CONTENT END 1 -->\n<\/div>\n<\/div>\n<p><br \/>\n<br \/><a href=\"https:\/\/www.acidadeon.com\/ribeiraopreto\/politica\/regiao-ribeirao-preto-ja-tem-primeiros-prefeitos-eleitos-confira\/\">Source link <\/a><\/p>\n","protected":false},"excerpt":{"rendered":"<p>Cajuru foi a primeira cidade a contabilizar todos os votos e anunciar o prefeito na regi\u00e3o de Ribeir\u00e3o Preto. O candidato Alex Morentini do MDB&#8230;<\/p>\n","protected":false},"author":1,"featured_media":57405,"comment_status":"open","ping_status":"open","sticky":false,"template":"","format":"standard","meta":{"_uag_custom_page_level_css":"","advanced_seo_description":"","jetpack_seo_html_title":"","jetpack_seo_noindex":false,"jetpack_post_was_ever_published":false,"_jetpack_newsletter_access":"","_jetpack_dont_email_post_to_subs":false,"_jetpack_newsletter_tier_id":0,"_jetpack_memberships_contains_paywalled_content":false,"_jetpack_memberships_contains_paid_content":false,"footnotes":"","jetpack_publicize_message":"","jetpack_publicize_feature_enabled":true,"jetpack_social_post_already_shared":true,"jetpack_social_options":{"image_generator_settings":{"template":"highway","default_image_id":0,"font":"","enabled":false},"version":2}},"categories":[11],"tags":[],"class_list":["post-69565","post","type-post","status-publish","format-standard","has-post-thumbnail","hentry","category-noticias-de-ribeirao-preto-sp-e-regiao-ismael-colosi"],"jetpack_publicize_connections":[],"jetpack_featured_media_url":"https:\/\/i0.wp.com\/ismaelcolosi.com.br\/wp-content\/uploads\/2024\/07\/urna-eletronica_2024-07-20_21-25-53_jpg_2024-07-20_21-25-53.webp.webp?fit=1170%2C700&ssl=1","uagb_featured_image_src":{"full":["https:\/\/i0.wp.com\/ismaelcolosi.com.br\/wp-content\/uploads\/2024\/07\/urna-eletronica_2024-07-20_21-25-53_jpg_2024-07-20_21-25-53.webp.webp?fit=1170%2C700&ssl=1",1170,700,false],"thumbnail":["https:\/\/i0.wp.com\/ismaelcolosi.com.br\/wp-content\/uploads\/2024\/07\/urna-eletronica_2024-07-20_21-25-53_jpg_2024-07-20_21-25-53.webp.webp?resize=150%2C150&ssl=1",150,150,true],"medium":["https:\/\/i0.wp.com\/ismaelcolosi.com.br\/wp-content\/uploads\/2024\/07\/urna-eletronica_2024-07-20_21-25-53_jpg_2024-07-20_21-25-53.webp.webp?fit=300%2C179&ssl=1",300,179,true],"medium_large":["https:\/\/i0.wp.com\/ismaelcolosi.com.br\/wp-content\/uploads\/2024\/07\/urna-eletronica_2024-07-20_21-25-53_jpg_2024-07-20_21-25-53.webp.webp?fit=768%2C459&ssl=1",768,459,true],"large":["https:\/\/i0.wp.com\/ismaelcolosi.com.br\/wp-content\/uploads\/2024\/07\/urna-eletronica_2024-07-20_21-25-53_jpg_2024-07-20_21-25-53.webp.webp?fit=1024%2C613&ssl=1",1024,613,true],"1536x1536":["https:\/\/i0.wp.com\/ismaelcolosi.com.br\/wp-content\/uploads\/2024\/07\/urna-eletronica_2024-07-20_21-25-53_jpg_2024-07-20_21-25-53.webp.webp?fit=1170%2C700&ssl=1",1170,700,true],"2048x2048":["https:\/\/i0.wp.com\/ismaelcolosi.com.br\/wp-content\/uploads\/2024\/07\/urna-eletronica_2024-07-20_21-25-53_jpg_2024-07-20_21-25-53.webp.webp?fit=1170%2C700&ssl=1",1170,700,true],"really-simple-thumb":["https:\/\/i0.wp.com\/ismaelcolosi.com.br\/wp-content\/uploads\/2024\/07\/urna-eletronica_2024-07-20_21-25-53_jpg_2024-07-20_21-25-53.webp.webp?resize=370%2C247&ssl=1",370,247,true]},"uagb_author_info":{"display_name":"ismaelcolosi.com.br","author_link":"https:\/\/ismaelcolosi.com.br\/index.php\/author\/vidareal-online\/"},"uagb_comment_info":0,"uagb_excerpt":"Cajuru foi a primeira cidade a contabilizar todos os votos e anunciar o prefeito na regi\u00e3o de Ribeir\u00e3o Preto. O candidato Alex Morentini do MDB...","jetpack-related-posts":[{"id":69571,"url":"https:\/\/ismaelcolosi.com.br\/index.php\/2024\/10\/06\/eleicoes-2024-zezinho-gimenez-e-eleito-prefeito-de-sertaozinho\/","url_meta":{"origin":69565,"position":0},"title":"Elei\u00e7\u00f5es 2024: Zezinho Gimenez \u00e9 eleito prefeito de Sert\u00e3ozinho","author":"ismaelcolosi.com.br","date":"6 de October de 2024","format":false,"excerpt":"O candidato Zezinho Gimenez (MDB) foi eleito Prefeito de Sert\u00e3ozinho, cidade na regi\u00e3o de Ribeir\u00e3o Preto, na noite deste domingo (6). Conforme os dados do Tribunal Superior Eleitoral (TSE), com 78,83% dos votos apurados, Zezinho Gimenez foi eleito prefeito de Sert\u00e3ozinho, pelo quinto mandato. Dr. Wilsinho, do PSD, teve 8,41%\u2026","rel":"","context":"In &quot;Not\u00edcias de Ribeir\u00e3o Preto-SP e Regi\u00e3o&quot;","block_context":{"text":"Not\u00edcias de Ribeir\u00e3o Preto-SP e Regi\u00e3o","link":"https:\/\/ismaelcolosi.com.br\/index.php\/category\/noticias-de-ribeirao-preto-sp-e-regiao-ismael-colosi\/"},"img":{"alt_text":"","src":"https:\/\/i0.wp.com\/ismaelcolosi.com.br\/wp-content\/uploads\/2024\/10\/zEZINHO-GIMENEZ_2024-09-18_20-33-12_jpeg_2024-09-18_20-33-12.webp.webp?fit=1200%2C675&ssl=1&resize=350%2C200","width":350,"height":200,"srcset":"https:\/\/i0.wp.com\/ismaelcolosi.com.br\/wp-content\/uploads\/2024\/10\/zEZINHO-GIMENEZ_2024-09-18_20-33-12_jpeg_2024-09-18_20-33-12.webp.webp?fit=1200%2C675&ssl=1&resize=350%2C200 1x, https:\/\/i0.wp.com\/ismaelcolosi.com.br\/wp-content\/uploads\/2024\/10\/zEZINHO-GIMENEZ_2024-09-18_20-33-12_jpeg_2024-09-18_20-33-12.webp.webp?fit=1200%2C675&ssl=1&resize=525%2C300 1.5x, https:\/\/i0.wp.com\/ismaelcolosi.com.br\/wp-content\/uploads\/2024\/10\/zEZINHO-GIMENEZ_2024-09-18_20-33-12_jpeg_2024-09-18_20-33-12.webp.webp?fit=1200%2C675&ssl=1&resize=700%2C400 2x, https:\/\/i0.wp.com\/ismaelcolosi.com.br\/wp-content\/uploads\/2024\/10\/zEZINHO-GIMENEZ_2024-09-18_20-33-12_jpeg_2024-09-18_20-33-12.webp.webp?fit=1200%2C675&ssl=1&resize=1050%2C600 3x"},"classes":[]},{"id":69574,"url":"https:\/\/ismaelcolosi.com.br\/index.php\/2024\/10\/06\/eleicoes-2024-professor-emerson-e-eleito-prefeito-de-jaboticabal\/","url_meta":{"origin":69565,"position":1},"title":"Elei\u00e7\u00f5es 2024: Professor Emerson \u00e9 eleito prefeito de Jaboticabal","author":"ismaelcolosi.com.br","date":"6 de October de 2024","format":false,"excerpt":"Com 85,99% das urnas apuradas, o candidato Professor Emerson, do MDB, foi reeleito como prefeito de Jaboticabal com 55,76% dos votos. A candidata Adriana Hori, do PSD teve 31,80% dos votos; Nelsinho Gimenez, do PL teve 7,33% dos votos e o Professor Jo\u00e3o Roberto, do Rede teve 2,93%. A apura\u00e7\u00e3o\u2026","rel":"","context":"In &quot;Not\u00edcias de Ribeir\u00e3o Preto-SP e Regi\u00e3o&quot;","block_context":{"text":"Not\u00edcias de Ribeir\u00e3o Preto-SP e Regi\u00e3o","link":"https:\/\/ismaelcolosi.com.br\/index.php\/category\/noticias-de-ribeirao-preto-sp-e-regiao-ismael-colosi\/"},"img":{"alt_text":"","src":"https:\/\/i0.wp.com\/ismaelcolosi.com.br\/wp-content\/uploads\/2024\/10\/15996632525f58ec944a495_1599663252_3x2_md_2024-10-06_22-02-26_jpg_2024-10-06_22-02-26.webp.webp?fit=768%2C512&ssl=1&resize=350%2C200","width":350,"height":200,"srcset":"https:\/\/i0.wp.com\/ismaelcolosi.com.br\/wp-content\/uploads\/2024\/10\/15996632525f58ec944a495_1599663252_3x2_md_2024-10-06_22-02-26_jpg_2024-10-06_22-02-26.webp.webp?fit=768%2C512&ssl=1&resize=350%2C200 1x, https:\/\/i0.wp.com\/ismaelcolosi.com.br\/wp-content\/uploads\/2024\/10\/15996632525f58ec944a495_1599663252_3x2_md_2024-10-06_22-02-26_jpg_2024-10-06_22-02-26.webp.webp?fit=768%2C512&ssl=1&resize=525%2C300 1.5x, https:\/\/i0.wp.com\/ismaelcolosi.com.br\/wp-content\/uploads\/2024\/10\/15996632525f58ec944a495_1599663252_3x2_md_2024-10-06_22-02-26_jpg_2024-10-06_22-02-26.webp.webp?fit=768%2C512&ssl=1&resize=700%2C400 2x"},"classes":[]},{"id":69601,"url":"https:\/\/ismaelcolosi.com.br\/index.php\/2024\/10\/06\/eleicoes-2024-lucas-seren-e-reeleito-prefeito-de-bebedouro\/","url_meta":{"origin":69565,"position":2},"title":"Elei\u00e7\u00f5es 2024: Lucas Seren \u00e9 reeleito prefeito de Bebedouro","author":"ismaelcolosi.com.br","date":"6 de October de 2024","format":false,"excerpt":"O candidato Lucas Seren (PL) foi eleito prefeito de Bebedouro, cidade na regi\u00e3o de Ribeir\u00e3o Preto, na noite deste domingo (6). Conforme os dados do Tribunal Superior Eleitoral (TSE), com 100% dos votos apurados, Lucas Seren foi reeleito prefeito de Bebedouro, com 57,70% dos votos. Dr. Fernando Piffer (PSD) teve\u2026","rel":"","context":"In &quot;Not\u00edcias de Ribeir\u00e3o Preto-SP e Regi\u00e3o&quot;","block_context":{"text":"Not\u00edcias de Ribeir\u00e3o Preto-SP e Regi\u00e3o","link":"https:\/\/ismaelcolosi.com.br\/index.php\/category\/noticias-de-ribeirao-preto-sp-e-regiao-ismael-colosi\/"},"img":{"alt_text":"","src":"https:\/\/i0.wp.com\/ismaelcolosi.com.br\/wp-content\/uploads\/2024\/10\/lucas-seren_2024-10-06_22-24-01_jpg_2024-10-06_22-24-01.webp.webp?fit=975%2C484&ssl=1&resize=350%2C200","width":350,"height":200,"srcset":"https:\/\/i0.wp.com\/ismaelcolosi.com.br\/wp-content\/uploads\/2024\/10\/lucas-seren_2024-10-06_22-24-01_jpg_2024-10-06_22-24-01.webp.webp?fit=975%2C484&ssl=1&resize=350%2C200 1x, https:\/\/i0.wp.com\/ismaelcolosi.com.br\/wp-content\/uploads\/2024\/10\/lucas-seren_2024-10-06_22-24-01_jpg_2024-10-06_22-24-01.webp.webp?fit=975%2C484&ssl=1&resize=525%2C300 1.5x, https:\/\/i0.wp.com\/ismaelcolosi.com.br\/wp-content\/uploads\/2024\/10\/lucas-seren_2024-10-06_22-24-01_jpg_2024-10-06_22-24-01.webp.webp?fit=975%2C484&ssl=1&resize=700%2C400 2x"},"classes":[]},{"id":69588,"url":"https:\/\/ismaelcolosi.com.br\/index.php\/2024\/10\/06\/eleicoes-2024-degan-e-eleito-prefeito-de-jardinopolis\/","url_meta":{"origin":69565,"position":3},"title":"Elei\u00e7\u00f5es 2024: Degan \u00e9 eleito prefeito de Jardin\u00f3polis","author":"ismaelcolosi.com.br","date":"6 de October de 2024","format":false,"excerpt":"O candidato Degan (MDB) foi eleito prefeito de Jardin\u00f3polis, cidade na regi\u00e3o de Ribeir\u00e3o Preto, na noite deste domingo (6). Conforme os dados do Tribunal Superior Eleitoral (TSE), com 100% dos votos apurados, Degan foi eleito prefeito de Jardin\u00f3polis, com 39,36% e 7.597 votos. Coronel Gustavo Falc\u00e3o (PL) teve 35,40%\u2026","rel":"","context":"In &quot;Not\u00edcias de Ribeir\u00e3o Preto-SP e Regi\u00e3o&quot;","block_context":{"text":"Not\u00edcias de Ribeir\u00e3o Preto-SP e Regi\u00e3o","link":"https:\/\/ismaelcolosi.com.br\/index.php\/category\/noticias-de-ribeirao-preto-sp-e-regiao-ismael-colosi\/"},"img":{"alt_text":"","src":"https:\/\/i0.wp.com\/ismaelcolosi.com.br\/wp-content\/uploads\/2024\/10\/Copia-de-Copia-de-Copia-de-TAMANHO-EXATO-PARA-FOTOS-NO-SISTEMA-NOVO-21_2024-10-06_23-38-54_jpg_2024-10-06_23-38-54.webp.webp?fit=1200%2C675&ssl=1&resize=350%2C200","width":350,"height":200,"srcset":"https:\/\/i0.wp.com\/ismaelcolosi.com.br\/wp-content\/uploads\/2024\/10\/Copia-de-Copia-de-Copia-de-TAMANHO-EXATO-PARA-FOTOS-NO-SISTEMA-NOVO-21_2024-10-06_23-38-54_jpg_2024-10-06_23-38-54.webp.webp?fit=1200%2C675&ssl=1&resize=350%2C200 1x, https:\/\/i0.wp.com\/ismaelcolosi.com.br\/wp-content\/uploads\/2024\/10\/Copia-de-Copia-de-Copia-de-TAMANHO-EXATO-PARA-FOTOS-NO-SISTEMA-NOVO-21_2024-10-06_23-38-54_jpg_2024-10-06_23-38-54.webp.webp?fit=1200%2C675&ssl=1&resize=525%2C300 1.5x, https:\/\/i0.wp.com\/ismaelcolosi.com.br\/wp-content\/uploads\/2024\/10\/Copia-de-Copia-de-Copia-de-TAMANHO-EXATO-PARA-FOTOS-NO-SISTEMA-NOVO-21_2024-10-06_23-38-54_jpg_2024-10-06_23-38-54.webp.webp?fit=1200%2C675&ssl=1&resize=700%2C400 2x, https:\/\/i0.wp.com\/ismaelcolosi.com.br\/wp-content\/uploads\/2024\/10\/Copia-de-Copia-de-Copia-de-TAMANHO-EXATO-PARA-FOTOS-NO-SISTEMA-NOVO-21_2024-10-06_23-38-54_jpg_2024-10-06_23-38-54.webp.webp?fit=1200%2C675&ssl=1&resize=1050%2C600 3x"},"classes":[]},{"id":69585,"url":"https:\/\/ismaelcolosi.com.br\/index.php\/2024\/10\/06\/eleicoes-2024-itamar-bueno-e-eleito-prefeito-de-cravinhos\/","url_meta":{"origin":69565,"position":4},"title":"Elei\u00e7\u00f5es 2024: Itamar Bueno \u00e9 eleito prefeito de Cravinhos","author":"ismaelcolosi.com.br","date":"6 de October de 2024","format":false,"excerpt":"O candidato Itamar Bueno (MDB) foi eleito prefeito de Cravinhos, cidade na regi\u00e3o de Ribeir\u00e3o Preto, na noite deste domingo (6). Conforme os dados do Tribunal Superior Eleitoral (TSE), com 100% dos votos apurados, Itamar Bueno foi reeleito prefeito de Cravinhos, com 66,36% e 12.159 votos. Curumim (Solidariedade) teve 33,64%\u2026","rel":"","context":"In &quot;Not\u00edcias de Ribeir\u00e3o Preto-SP e Regi\u00e3o&quot;","block_context":{"text":"Not\u00edcias de Ribeir\u00e3o Preto-SP e Regi\u00e3o","link":"https:\/\/ismaelcolosi.com.br\/index.php\/category\/noticias-de-ribeirao-preto-sp-e-regiao-ismael-colosi\/"},"img":{"alt_text":"","src":"https:\/\/i0.wp.com\/ismaelcolosi.com.br\/wp-content\/uploads\/2024\/10\/454476234_1117424409804059_55167205197634569_n_2024-10-06_23-18-16_jpg_2024-10-06_23-18-16.webp.webp?fit=1181%2C777&ssl=1&resize=350%2C200","width":350,"height":200,"srcset":"https:\/\/i0.wp.com\/ismaelcolosi.com.br\/wp-content\/uploads\/2024\/10\/454476234_1117424409804059_55167205197634569_n_2024-10-06_23-18-16_jpg_2024-10-06_23-18-16.webp.webp?fit=1181%2C777&ssl=1&resize=350%2C200 1x, https:\/\/i0.wp.com\/ismaelcolosi.com.br\/wp-content\/uploads\/2024\/10\/454476234_1117424409804059_55167205197634569_n_2024-10-06_23-18-16_jpg_2024-10-06_23-18-16.webp.webp?fit=1181%2C777&ssl=1&resize=525%2C300 1.5x, https:\/\/i0.wp.com\/ismaelcolosi.com.br\/wp-content\/uploads\/2024\/10\/454476234_1117424409804059_55167205197634569_n_2024-10-06_23-18-16_jpg_2024-10-06_23-18-16.webp.webp?fit=1181%2C777&ssl=1&resize=700%2C400 2x, https:\/\/i0.wp.com\/ismaelcolosi.com.br\/wp-content\/uploads\/2024\/10\/454476234_1117424409804059_55167205197634569_n_2024-10-06_23-18-16_jpg_2024-10-06_23-18-16.webp.webp?fit=1181%2C777&ssl=1&resize=1050%2C600 3x"},"classes":[]},{"id":73574,"url":"https:\/\/ismaelcolosi.com.br\/index.php\/2024\/10\/27\/ricardo-silva-e-eleito-o-novo-prefeito-de-ribeirao-preto\/","url_meta":{"origin":69565,"position":5},"title":"Ricardo Silva \u00e9 eleito o novo prefeito de Ribeir\u00e3o Preto","author":"ismaelcolosi.com.br","date":"27 de October de 2024","format":false,"excerpt":"O candidato Ricardo Silva (PSD) foi eleito o novo prefeito de Ribeir\u00e3o Preto, no come\u00e7o da noite deste domingo (27). Alessandro Maraca \u00e9 o vice-prefeito. Conforme os dados do Tribunal Superior Eleitoral (TSE), ao final da apura\u00e7\u00e3o, \u00e0s 19h, o deputado federal recebeu 131.421 votos (50,13%). O empres\u00e1rio Marco Aur\u00e9lio\u2026","rel":"","context":"In &quot;Not\u00edcias de Ribeir\u00e3o Preto-SP e Regi\u00e3o&quot;","block_context":{"text":"Not\u00edcias de Ribeir\u00e3o Preto-SP e Regi\u00e3o","link":"https:\/\/ismaelcolosi.com.br\/index.php\/category\/noticias-de-ribeirao-preto-sp-e-regiao-ismael-colosi\/"},"img":{"alt_text":"","src":"https:\/\/i0.wp.com\/ismaelcolosi.com.br\/wp-content\/uploads\/2024\/10\/WhatsApp-Image-2024-10-27-at-17.10.11_2024-10-27_20-10-40_jpeg_2024-10-27_20-10-40.webp.webp?fit=1200%2C800&ssl=1&resize=350%2C200","width":350,"height":200,"srcset":"https:\/\/i0.wp.com\/ismaelcolosi.com.br\/wp-content\/uploads\/2024\/10\/WhatsApp-Image-2024-10-27-at-17.10.11_2024-10-27_20-10-40_jpeg_2024-10-27_20-10-40.webp.webp?fit=1200%2C800&ssl=1&resize=350%2C200 1x, https:\/\/i0.wp.com\/ismaelcolosi.com.br\/wp-content\/uploads\/2024\/10\/WhatsApp-Image-2024-10-27-at-17.10.11_2024-10-27_20-10-40_jpeg_2024-10-27_20-10-40.webp.webp?fit=1200%2C800&ssl=1&resize=525%2C300 1.5x, https:\/\/i0.wp.com\/ismaelcolosi.com.br\/wp-content\/uploads\/2024\/10\/WhatsApp-Image-2024-10-27-at-17.10.11_2024-10-27_20-10-40_jpeg_2024-10-27_20-10-40.webp.webp?fit=1200%2C800&ssl=1&resize=700%2C400 2x, https:\/\/i0.wp.com\/ismaelcolosi.com.br\/wp-content\/uploads\/2024\/10\/WhatsApp-Image-2024-10-27-at-17.10.11_2024-10-27_20-10-40_jpeg_2024-10-27_20-10-40.webp.webp?fit=1200%2C800&ssl=1&resize=1050%2C600 3x"},"classes":[]}],"jetpack_sharing_enabled":true,"jetpack_shortlink":"https:\/\/wp.me\/pfMlyK-i61","_links":{"self":[{"href":"https:\/\/ismaelcolosi.com.br\/index.php\/wp-json\/wp\/v2\/posts\/69565","targetHints":{"allow":["GET"]}}],"collection":[{"href":"https:\/\/ismaelcolosi.com.br\/index.php\/wp-json\/wp\/v2\/posts"}],"about":[{"href":"https:\/\/ismaelcolosi.com.br\/index.php\/wp-json\/wp\/v2\/types\/post"}],"author":[{"embeddable":true,"href":"https:\/\/ismaelcolosi.com.br\/index.php\/wp-json\/wp\/v2\/users\/1"}],"replies":[{"embeddable":true,"href":"https:\/\/ismaelcolosi.com.br\/index.php\/wp-json\/wp\/v2\/comments?post=69565"}],"version-history":[{"count":0,"href":"https:\/\/ismaelcolosi.com.br\/index.php\/wp-json\/wp\/v2\/posts\/69565\/revisions"}],"wp:featuredmedia":[{"embeddable":true,"href":"https:\/\/ismaelcolosi.com.br\/index.php\/wp-json\/wp\/v2\/media\/57405"}],"wp:attachment":[{"href":"https:\/\/ismaelcolosi.com.br\/index.php\/wp-json\/wp\/v2\/media?parent=69565"}],"wp:term":[{"taxonomy":"category","embeddable":true,"href":"https:\/\/ismaelcolosi.com.br\/index.php\/wp-json\/wp\/v2\/categories?post=69565"},{"taxonomy":"post_tag","embeddable":true,"href":"https:\/\/ismaelcolosi.com.br\/index.php\/wp-json\/wp\/v2\/tags?post=69565"}],"curies":[{"name":"wp","href":"https:\/\/api.w.org\/{rel}","templated":true}]}}