{"id":69562,"date":"2024-10-06T17:52:34","date_gmt":"2024-10-06T20:52:34","guid":{"rendered":"https:\/\/ismaelcolosi.com.br\/index.php\/2024\/10\/06\/em-semana-com-previsao-de-42c-saerp-pede-uso-consciente-de-agua-em-ribeirao\/"},"modified":"2024-10-06T17:52:34","modified_gmt":"2024-10-06T20:52:34","slug":"em-semana-com-previsao-de-42c-saerp-pede-uso-consciente-de-agua-em-ribeirao","status":"publish","type":"post","link":"https:\/\/ismaelcolosi.com.br\/index.php\/2024\/10\/06\/em-semana-com-previsao-de-42c-saerp-pede-uso-consciente-de-agua-em-ribeirao\/","title":{"rendered":"Em semana com previs\u00e3o de 42\u00b0C, Saerp pede uso consciente de \u00e1gua em Ribeir\u00e3o"},"content":{"rendered":"<p> <br \/>\n<\/p>\n<div data-td-block-uid=\"tdi_106\">\n<div class=\"tdb-block-inner td-fix-index\">\n<p><strong>Ribeir\u00e3o Preto<\/strong> deve registrar temperaturas de at\u00e9<strong> 42\u00baC <\/strong>durante a semana, de acordo com o <strong><a href=\"https:\/\/www.climatempo.com.br\/previsao-do-tempo\/15-dias\/cidade\/404\/barretos-sp\" target=\"_blank\" rel=\"noreferrer noopener\">Climatempo<\/a><\/strong>. Com isso, a <strong>Saerp (Secretaria de \u00c1gua e Esgoto de Ribeir\u00e3o Preto)<\/strong> emitiu um comunicado refor\u00e7ando a necessidade de <mark style=\"background-color:#fcb900\" class=\"has-inline-color has-black-color\"><strong>economizar \u00e1gua no per\u00edodo de altas temperaturas.<\/strong><\/mark><\/p>\n<p>A secretaria refor\u00e7ou que todos os sistemas de a<strong>bastecimento de \u00e1gua<\/strong> est\u00e3o em<strong> plena opera\u00e7\u00e3o<\/strong>. No entanto, para assegurar o abastecimento cont\u00ednuo para todos, \u00e9 necess\u00e1rio evitar desperd\u00edcios. <mark style=\"background-color:#fcb900\" class=\"has-inline-color has-black-color\"><strong>Veja as orienta\u00e7\u00f5es<\/strong>:<\/mark><\/p>\n<ul>\n<li>Utilizar a \u00e1gua da m\u00e1quina de lavar roupas para limpeza geral;<\/li>\n<li>Fechar torneiras e chuveiros enquanto escova os dentes e se ensaboa durante o banho;<\/li>\n<li>Substituir a mangueira por uma vassoura para varrer;<\/li>\n<li>Usar regadores em vez de mangueiras para aguar plantas;<\/li>\n<li>Evitar de lavar ve\u00edculos e cal\u00e7adas, a fim de prevenir o desperd\u00edcio consider\u00e1vel de \u00e1gua.<\/li>\n<\/ul>\n<p>Outra recomenda\u00e7\u00e3o da <strong>Saerp <\/strong>\u00e9 de que as casas possuam caixas d\u2019\u00e1gua com capacidade m\u00ednima de <strong>mil litros<\/strong>, conectadas \u00e0s <strong>principais torneiras<\/strong> e <strong>pontos de \u00e1gua<\/strong>, como <strong>banheiros <\/strong>e <strong>cozinha<\/strong>.<\/p>\n<h3 class=\"wp-block-heading\"><strong>O que fazer?<\/strong><\/h3>\n<p>Caso o seu bairro apresente falhas no abastecimento, entre em contato com a <strong>Saerp<\/strong> pelo telefone 0800 115 0115 ou procure por um posto de atendimento (<a href=\"https:\/\/www.ribeiraopreto.sp.gov.br\/portal\/saerp\/postos-de-atendimento\" target=\"_blank\" rel=\"noreferrer noopener\">clique aqui<\/a>).<\/p>\n<h4 class=\"wp-block-heading\"><strong>Alerta de \u2018perigo potencial\u2019<\/strong><\/h4>\n<p>O\u00a0<a href=\"https:\/\/alertas2.inmet.gov.br\/48661\" target=\"_blank\" rel=\"noreferrer noopener\"><strong>Instituto Nacional de Meteorologia (Inmet)<\/strong><\/a>\u00a0publicou um novo alerta para de perigo potencial de baixa umidade que segue em <strong>validade at\u00e9 segunda-feira (7), \u00e0s 21h.<\/strong> <strong>Ribeir\u00e3o <\/strong>est\u00e1 entre uma das cidades mais do interior de <strong>S\u00e3o Paulo<\/strong>.<\/p>\n<p>SAIBA MAIS<br \/>Tempo real: Acompanhe a apura\u00e7\u00e3o dos votos do 1\u00ba turno em Ribeir\u00e3o Preto<\/p>\n<h4 class=\"wp-block-heading\"><strong>FIQUE ON<\/strong><\/h4>\n<p>Fique ligado em tudo que acontece em Ribeir\u00e3o Preto e regi\u00e3o. Siga os perfis do <strong>acidade on <\/strong>no <a href=\"https:\/\/www.instagram.com\/acidadeonribeirao\" target=\"_blank\" rel=\"noreferrer noopener\">Instagram<\/a> e no <a href=\"https:\/\/www.facebook.com\/acidadeonribeirao\" target=\"_blank\" rel=\"noreferrer noopener\">Facebook<\/a>.<\/p>\n<p>Receba not\u00edcias do acidade on no WhatsApp. Para entrar no grupo, basta <a href=\"https:\/\/chat.whatsapp.com\/Dtv9mxhy6V5BJBotM2OQ5k\" target=\"_blank\" rel=\"noreferrer noopener\">clicar aqui<\/a>.<\/p>\n<p>Fa\u00e7a uma den\u00fancia ou sugira uma reportagem sobre Ribeir\u00e3o Preto e regi\u00e3o pelo WhatsApp: 16 99117 7802.<\/p>\n<p>VEJA TAMB\u00c9M<br \/>Qual foi a \u00faltima cena de Paul Walker em \u2018Velozes e Furiosos 7\u2019?<\/p>\n<p><!-- CONTENT END 1 -->\n<\/div>\n<\/div>\n<p><script async src=\"\/\/www.instagram.com\/embed.js\"><\/script><br \/>\n<br \/><br \/>\n<br \/><a href=\"https:\/\/www.acidadeon.com\/ribeiraopreto\/cotidiano\/em-semana-com-previsao-de-42c-saerp-pede-uso-consciente-de-agua-em-ribeirao\/\">Source link <\/a><\/p>\n","protected":false},"excerpt":{"rendered":"<p>Ribeir\u00e3o Preto deve registrar temperaturas de at\u00e9 42\u00baC durante a semana, de acordo com o Climatempo. Com isso, a Saerp (Secretaria de \u00c1gua e Esgoto&#8230;<\/p>\n","protected":false},"author":1,"featured_media":69563,"comment_status":"open","ping_status":"open","sticky":false,"template":"","format":"standard","meta":{"_uag_custom_page_level_css":"","advanced_seo_description":"","jetpack_seo_html_title":"","jetpack_seo_noindex":false,"jetpack_post_was_ever_published":false,"_jetpack_newsletter_access":"","_jetpack_dont_email_post_to_subs":false,"_jetpack_newsletter_tier_id":0,"_jetpack_memberships_contains_paywalled_content":false,"_jetpack_memberships_contains_paid_content":false,"footnotes":"","jetpack_publicize_message":"","jetpack_publicize_feature_enabled":true,"jetpack_social_post_already_shared":true,"jetpack_social_options":{"image_generator_settings":{"template":"highway","default_image_id":0,"font":"","enabled":false},"version":2}},"categories":[11],"tags":[],"class_list":["post-69562","post","type-post","status-publish","format-standard","has-post-thumbnail","hentry","category-noticias-de-ribeirao-preto-sp-e-regiao-ismael-colosi"],"jetpack_publicize_connections":[],"jetpack_featured_media_url":"https:\/\/i0.wp.com\/ismaelcolosi.com.br\/wp-content\/uploads\/2024\/10\/istockphoto-501515701-612x612-1_2024-10-06_20-08-02_jpg_2024-10-06_20-08-02.webp.webp?fit=612%2C408&ssl=1","uagb_featured_image_src":{"full":["https:\/\/i0.wp.com\/ismaelcolosi.com.br\/wp-content\/uploads\/2024\/10\/istockphoto-501515701-612x612-1_2024-10-06_20-08-02_jpg_2024-10-06_20-08-02.webp.webp?fit=612%2C408&ssl=1",612,408,false],"thumbnail":["https:\/\/i0.wp.com\/ismaelcolosi.com.br\/wp-content\/uploads\/2024\/10\/istockphoto-501515701-612x612-1_2024-10-06_20-08-02_jpg_2024-10-06_20-08-02.webp.webp?resize=150%2C150&ssl=1",150,150,true],"medium":["https:\/\/i0.wp.com\/ismaelcolosi.com.br\/wp-content\/uploads\/2024\/10\/istockphoto-501515701-612x612-1_2024-10-06_20-08-02_jpg_2024-10-06_20-08-02.webp.webp?fit=300%2C200&ssl=1",300,200,true],"medium_large":["https:\/\/i0.wp.com\/ismaelcolosi.com.br\/wp-content\/uploads\/2024\/10\/istockphoto-501515701-612x612-1_2024-10-06_20-08-02_jpg_2024-10-06_20-08-02.webp.webp?fit=612%2C408&ssl=1",612,408,true],"large":["https:\/\/i0.wp.com\/ismaelcolosi.com.br\/wp-content\/uploads\/2024\/10\/istockphoto-501515701-612x612-1_2024-10-06_20-08-02_jpg_2024-10-06_20-08-02.webp.webp?fit=612%2C408&ssl=1",612,408,true],"1536x1536":["https:\/\/i0.wp.com\/ismaelcolosi.com.br\/wp-content\/uploads\/2024\/10\/istockphoto-501515701-612x612-1_2024-10-06_20-08-02_jpg_2024-10-06_20-08-02.webp.webp?fit=612%2C408&ssl=1",612,408,true],"2048x2048":["https:\/\/i0.wp.com\/ismaelcolosi.com.br\/wp-content\/uploads\/2024\/10\/istockphoto-501515701-612x612-1_2024-10-06_20-08-02_jpg_2024-10-06_20-08-02.webp.webp?fit=612%2C408&ssl=1",612,408,true],"really-simple-thumb":["https:\/\/i0.wp.com\/ismaelcolosi.com.br\/wp-content\/uploads\/2024\/10\/istockphoto-501515701-612x612-1_2024-10-06_20-08-02_jpg_2024-10-06_20-08-02.webp.webp?resize=370%2C247&ssl=1",370,247,true]},"uagb_author_info":{"display_name":"ismaelcolosi.com.br","author_link":"https:\/\/ismaelcolosi.com.br\/index.php\/author\/vidareal-online\/"},"uagb_comment_info":0,"uagb_excerpt":"Ribeir\u00e3o Preto deve registrar temperaturas de at\u00e9 42\u00baC durante a semana, de acordo com o Climatempo. Com isso, a Saerp (Secretaria de \u00c1gua e Esgoto...","jetpack-related-posts":[{"id":2825,"url":"https:\/\/ismaelcolosi.com.br\/index.php\/2023\/11\/16\/saerp-pede-reducao-imediata-no-consumo-de-agua-em-ribeirao-entenda-a-situacao\/","url_meta":{"origin":69562,"position":0},"title":"Saerp pede redu\u00e7\u00e3o imediata no consumo de \u00e1gua em Ribeir\u00e3o; Entenda a situa\u00e7\u00e3o","author":"ismaelcolosi.com.br","date":"16 de November de 2023","format":false,"excerpt":"A Saerp (Secretaria de \u00c1gua e Esgoto de Ribeir\u00e3o Preto) divulgou um comunicado, nesta quinta-feira (16), pedindo para que a popula\u00e7\u00e3o reduza o consumo de \u00e1gua e adote medidas de reaproveitamento imediatamente. O comunicado diz que \u201ca cidade \u00e9 abastecida unicamente pela \u00e1gua retirada do Aqu\u00edfero Guarani, sendo sua recarga\u2026","rel":"","context":"In &quot;Not\u00edcias de Ribeir\u00e3o Preto-SP e Regi\u00e3o&quot;","block_context":{"text":"Not\u00edcias de Ribeir\u00e3o Preto-SP e Regi\u00e3o","link":"https:\/\/ismaelcolosi.com.br\/index.php\/category\/noticias-de-ribeirao-preto-sp-e-regiao-ismael-colosi\/"},"img":{"alt_text":"","src":"https:\/\/i0.wp.com\/ismaelcolosi.com.br\/wp-content\/uploads\/2023\/11\/torneira.jpg?fit=1200%2C801&ssl=1&resize=350%2C200","width":350,"height":200,"srcset":"https:\/\/i0.wp.com\/ismaelcolosi.com.br\/wp-content\/uploads\/2023\/11\/torneira.jpg?fit=1200%2C801&ssl=1&resize=350%2C200 1x, https:\/\/i0.wp.com\/ismaelcolosi.com.br\/wp-content\/uploads\/2023\/11\/torneira.jpg?fit=1200%2C801&ssl=1&resize=525%2C300 1.5x, https:\/\/i0.wp.com\/ismaelcolosi.com.br\/wp-content\/uploads\/2023\/11\/torneira.jpg?fit=1200%2C801&ssl=1&resize=700%2C400 2x, https:\/\/i0.wp.com\/ismaelcolosi.com.br\/wp-content\/uploads\/2023\/11\/torneira.jpg?fit=1200%2C801&ssl=1&resize=1050%2C600 3x"},"classes":[]},{"id":63070,"url":"https:\/\/ismaelcolosi.com.br\/index.php\/2024\/08\/30\/saerp-alerta-para-uso-consciente-da-agua-em-ribeirao-preto-durante-onda-de-calor\/","url_meta":{"origin":69562,"position":1},"title":"Saerp alerta para uso consciente da \u00e1gua em Ribeir\u00e3o Preto durante onda de calor","author":"ismaelcolosi.com.br","date":"30 de August de 2024","format":false,"excerpt":"Devido \u00e0 previs\u00e3o de altas temperaturas nos pr\u00f3ximos dias, a Secretaria de \u00c1gua e Esgoto de Ribeir\u00e3o Preto (Saerp) emitiu um alerta, nesta sexta-feira (30), para o uso consciente de \u00e1gua no munic\u00edpio durante a nova onda de calor. Conforme o \u00f3rg\u00e3o, o comunicado busca auxiliar a popula\u00e7\u00e3o a evitar\u2026","rel":"","context":"In &quot;Not\u00edcias de Ribeir\u00e3o Preto-SP e Regi\u00e3o&quot;","block_context":{"text":"Not\u00edcias de Ribeir\u00e3o Preto-SP e Regi\u00e3o","link":"https:\/\/ismaelcolosi.com.br\/index.php\/category\/noticias-de-ribeirao-preto-sp-e-regiao-ismael-colosi\/"},"img":{"alt_text":"","src":"https:\/\/i0.wp.com\/ismaelcolosi.com.br\/wp-content\/uploads\/2024\/07\/torneira-agua_2024-07-22_12-45-42_jpg_2024-07-22_12-45-42.webp.webp?fit=1170%2C700&ssl=1&resize=350%2C200","width":350,"height":200,"srcset":"https:\/\/i0.wp.com\/ismaelcolosi.com.br\/wp-content\/uploads\/2024\/07\/torneira-agua_2024-07-22_12-45-42_jpg_2024-07-22_12-45-42.webp.webp?fit=1170%2C700&ssl=1&resize=350%2C200 1x, https:\/\/i0.wp.com\/ismaelcolosi.com.br\/wp-content\/uploads\/2024\/07\/torneira-agua_2024-07-22_12-45-42_jpg_2024-07-22_12-45-42.webp.webp?fit=1170%2C700&ssl=1&resize=525%2C300 1.5x, https:\/\/i0.wp.com\/ismaelcolosi.com.br\/wp-content\/uploads\/2024\/07\/torneira-agua_2024-07-22_12-45-42_jpg_2024-07-22_12-45-42.webp.webp?fit=1170%2C700&ssl=1&resize=700%2C400 2x, https:\/\/i0.wp.com\/ismaelcolosi.com.br\/wp-content\/uploads\/2024\/07\/torneira-agua_2024-07-22_12-45-42_jpg_2024-07-22_12-45-42.webp.webp?fit=1170%2C700&ssl=1&resize=1050%2C600 3x"},"classes":[]},{"id":42621,"url":"https:\/\/ismaelcolosi.com.br\/index.php\/2024\/03\/15\/onda-de-calor-saerp-emite-alerta-para-uso-consciente-da-agua-em-ribeirao-preto\/","url_meta":{"origin":69562,"position":2},"title":"Onda de calor: Saerp emite alerta para uso consciente da \u00e1gua em Ribeir\u00e3o Preto","author":"ismaelcolosi.com.br","date":"15 de March de 2024","format":false,"excerpt":"As temperaturas em Ribeir\u00e3o Preto devem continuar altas pelos pr\u00f3ximos dias, atingindo o seu \u00e1pice neste s\u00e1bado (16), devido \u00e0 onda de calor que atinge o Estado de S\u00e3o Paulo. Com a previs\u00e3o, a Saerp (Secretaria de \u00c1gua e Esgoto de Ribeir\u00e3o Preto), emitiu um alerta, nesta sexta-feira (15), sobre\u2026","rel":"","context":"In &quot;Not\u00edcias de Ribeir\u00e3o Preto-SP e Regi\u00e3o&quot;","block_context":{"text":"Not\u00edcias de Ribeir\u00e3o Preto-SP e Regi\u00e3o","link":"https:\/\/ismaelcolosi.com.br\/index.php\/category\/noticias-de-ribeirao-preto-sp-e-regiao-ismael-colosi\/"},"img":{"alt_text":"","src":"https:\/\/i0.wp.com\/ismaelcolosi.com.br\/wp-content\/uploads\/2024\/03\/agua_ribeirao_1024x576_11092020201540.jpg?fit=1024%2C576&ssl=1&resize=350%2C200","width":350,"height":200,"srcset":"https:\/\/i0.wp.com\/ismaelcolosi.com.br\/wp-content\/uploads\/2024\/03\/agua_ribeirao_1024x576_11092020201540.jpg?fit=1024%2C576&ssl=1&resize=350%2C200 1x, https:\/\/i0.wp.com\/ismaelcolosi.com.br\/wp-content\/uploads\/2024\/03\/agua_ribeirao_1024x576_11092020201540.jpg?fit=1024%2C576&ssl=1&resize=525%2C300 1.5x, https:\/\/i0.wp.com\/ismaelcolosi.com.br\/wp-content\/uploads\/2024\/03\/agua_ribeirao_1024x576_11092020201540.jpg?fit=1024%2C576&ssl=1&resize=700%2C400 2x"},"classes":[]},{"id":52252,"url":"https:\/\/ismaelcolosi.com.br\/index.php\/2024\/06\/05\/veja-os-bairros-que-podem-ficar-sem-agua-apos-rompimento-de-rede-de-ribeirao-preto\/","url_meta":{"origin":69562,"position":3},"title":"Veja os bairros que podem ficar sem \u00e1gua ap\u00f3s rompimento de rede de Ribeir\u00e3o Preto","author":"ismaelcolosi.com.br","date":"5 de June de 2024","format":false,"excerpt":"O rompimento de uma rede da Saerp (Secretaria de \u00c1gua e Esgoto de Ribeir\u00e3o Preto) pode deixar tr\u00eas bairros sem \u00e1gua nesta quarta-feira (5). Segundo a secretaria, o reparo emergencial ocorre na zona Norte e pode afetar o abastecimento nos seguintes bairros: Residencial C\u00e2ndido Portinari Jardim Ouro Branco Jardim Porto\u2026","rel":"","context":"In &quot;Not\u00edcias de Ribeir\u00e3o Preto-SP e Regi\u00e3o&quot;","block_context":{"text":"Not\u00edcias de Ribeir\u00e3o Preto-SP e Regi\u00e3o","link":"https:\/\/ismaelcolosi.com.br\/index.php\/category\/noticias-de-ribeirao-preto-sp-e-regiao-ismael-colosi\/"},"img":{"alt_text":"","src":"https:\/\/i0.wp.com\/ismaelcolosi.com.br\/wp-content\/uploads\/2024\/06\/torneira_falta_1024x576_08122020103237.jpg?fit=1024%2C576&ssl=1&resize=350%2C200","width":350,"height":200,"srcset":"https:\/\/i0.wp.com\/ismaelcolosi.com.br\/wp-content\/uploads\/2024\/06\/torneira_falta_1024x576_08122020103237.jpg?fit=1024%2C576&ssl=1&resize=350%2C200 1x, https:\/\/i0.wp.com\/ismaelcolosi.com.br\/wp-content\/uploads\/2024\/06\/torneira_falta_1024x576_08122020103237.jpg?fit=1024%2C576&ssl=1&resize=525%2C300 1.5x, https:\/\/i0.wp.com\/ismaelcolosi.com.br\/wp-content\/uploads\/2024\/06\/torneira_falta_1024x576_08122020103237.jpg?fit=1024%2C576&ssl=1&resize=700%2C400 2x"},"classes":[]},{"id":62073,"url":"https:\/\/ismaelcolosi.com.br\/index.php\/2024\/08\/25\/saerp-afirma-que-reservatorios-de-agua-apresentam-niveis-baixos-em-ribeirao-preto\/","url_meta":{"origin":69562,"position":4},"title":"Saerp afirma que reservat\u00f3rios de \u00e1gua apresentam n\u00edveis baixos em Ribeir\u00e3o Preto","author":"ismaelcolosi.com.br","date":"25 de August de 2024","format":false,"excerpt":"A Saerp (Secretaria de \u00c1gua e Esgoto de Ribeir\u00e3o Preto) informou que todos os sistemas de abastecimento de \u00e1gua de Ribeir\u00e3o Preto est\u00e3o funcionando na manh\u00e3 deste domingo (25), contudo est\u00e3o apresentando n\u00edveis \u201cmuito baixos\u201d, o que pode afetar o abastecimento nas partes mais altas da cidade. Nesta manh\u00e3, a\u2026","rel":"","context":"In &quot;Not\u00edcias de Ribeir\u00e3o Preto-SP e Regi\u00e3o&quot;","block_context":{"text":"Not\u00edcias de Ribeir\u00e3o Preto-SP e Regi\u00e3o","link":"https:\/\/ismaelcolosi.com.br\/index.php\/category\/noticias-de-ribeirao-preto-sp-e-regiao-ismael-colosi\/"},"img":{"alt_text":"","src":"https:\/\/i0.wp.com\/ismaelcolosi.com.br\/wp-content\/uploads\/2024\/08\/falta-agua.jpg?fit=1068%2C801&ssl=1&resize=350%2C200","width":350,"height":200,"srcset":"https:\/\/i0.wp.com\/ismaelcolosi.com.br\/wp-content\/uploads\/2024\/08\/falta-agua.jpg?fit=1068%2C801&ssl=1&resize=350%2C200 1x, https:\/\/i0.wp.com\/ismaelcolosi.com.br\/wp-content\/uploads\/2024\/08\/falta-agua.jpg?fit=1068%2C801&ssl=1&resize=525%2C300 1.5x, https:\/\/i0.wp.com\/ismaelcolosi.com.br\/wp-content\/uploads\/2024\/08\/falta-agua.jpg?fit=1068%2C801&ssl=1&resize=700%2C400 2x, https:\/\/i0.wp.com\/ismaelcolosi.com.br\/wp-content\/uploads\/2024\/08\/falta-agua.jpg?fit=1068%2C801&ssl=1&resize=1050%2C600 3x"},"classes":[]},{"id":54275,"url":"https:\/\/ismaelcolosi.com.br\/index.php\/2024\/06\/24\/bairros-da-zona-norte-de-ribeirao-preto-podem-ficar-sem-agua-veja-locais\/","url_meta":{"origin":69562,"position":5},"title":"Bairros da zona Norte de Ribeir\u00e3o Preto podem ficar sem \u00e1gua; Veja locais","author":"ismaelcolosi.com.br","date":"24 de June de 2024","format":false,"excerpt":"A Saerp (Secretaria de \u00c1gua e Esgoto de Ribeir\u00e3o Preto) informou nesta\u00a0segunda-feira (24)\u00a0um\u00a0alerta\u00a0para\u00a0poss\u00edvel falta d\u2019\u00e1gua em bairros da zona Norte de Ribeir\u00e3o Preto. De acordo com a Saerp, equipes realizam manuten\u00e7\u00e3o no novo reservat\u00f3rio Clubinho, a fim de aperfei\u00e7oar o sistema de abastecimento da zona Norte da cidade. O trabalho\u2026","rel":"","context":"In &quot;Not\u00edcias de Ribeir\u00e3o Preto-SP e Regi\u00e3o&quot;","block_context":{"text":"Not\u00edcias de Ribeir\u00e3o Preto-SP e Regi\u00e3o","link":"https:\/\/ismaelcolosi.com.br\/index.php\/category\/noticias-de-ribeirao-preto-sp-e-regiao-ismael-colosi\/"},"img":{"alt_text":"","src":"https:\/\/i0.wp.com\/ismaelcolosi.com.br\/wp-content\/uploads\/2024\/06\/falta-agua.jpg?fit=1068%2C801&ssl=1&resize=350%2C200","width":350,"height":200,"srcset":"https:\/\/i0.wp.com\/ismaelcolosi.com.br\/wp-content\/uploads\/2024\/06\/falta-agua.jpg?fit=1068%2C801&ssl=1&resize=350%2C200 1x, https:\/\/i0.wp.com\/ismaelcolosi.com.br\/wp-content\/uploads\/2024\/06\/falta-agua.jpg?fit=1068%2C801&ssl=1&resize=525%2C300 1.5x, https:\/\/i0.wp.com\/ismaelcolosi.com.br\/wp-content\/uploads\/2024\/06\/falta-agua.jpg?fit=1068%2C801&ssl=1&resize=700%2C400 2x, https:\/\/i0.wp.com\/ismaelcolosi.com.br\/wp-content\/uploads\/2024\/06\/falta-agua.jpg?fit=1068%2C801&ssl=1&resize=1050%2C600 3x"},"classes":[]}],"jetpack_sharing_enabled":true,"jetpack_shortlink":"https:\/\/wp.me\/pfMlyK-i5Y","_links":{"self":[{"href":"https:\/\/ismaelcolosi.com.br\/index.php\/wp-json\/wp\/v2\/posts\/69562","targetHints":{"allow":["GET"]}}],"collection":[{"href":"https:\/\/ismaelcolosi.com.br\/index.php\/wp-json\/wp\/v2\/posts"}],"about":[{"href":"https:\/\/ismaelcolosi.com.br\/index.php\/wp-json\/wp\/v2\/types\/post"}],"author":[{"embeddable":true,"href":"https:\/\/ismaelcolosi.com.br\/index.php\/wp-json\/wp\/v2\/users\/1"}],"replies":[{"embeddable":true,"href":"https:\/\/ismaelcolosi.com.br\/index.php\/wp-json\/wp\/v2\/comments?post=69562"}],"version-history":[{"count":0,"href":"https:\/\/ismaelcolosi.com.br\/index.php\/wp-json\/wp\/v2\/posts\/69562\/revisions"}],"wp:featuredmedia":[{"embeddable":true,"href":"https:\/\/ismaelcolosi.com.br\/index.php\/wp-json\/wp\/v2\/media\/69563"}],"wp:attachment":[{"href":"https:\/\/ismaelcolosi.com.br\/index.php\/wp-json\/wp\/v2\/media?parent=69562"}],"wp:term":[{"taxonomy":"category","embeddable":true,"href":"https:\/\/ismaelcolosi.com.br\/index.php\/wp-json\/wp\/v2\/categories?post=69562"},{"taxonomy":"post_tag","embeddable":true,"href":"https:\/\/ismaelcolosi.com.br\/index.php\/wp-json\/wp\/v2\/tags?post=69562"}],"curies":[{"name":"wp","href":"https:\/\/api.w.org\/{rel}","templated":true}]}}