{"id":69559,"date":"2024-10-06T17:35:26","date_gmt":"2024-10-06T20:35:26","guid":{"rendered":"https:\/\/ismaelcolosi.com.br\/index.php\/2024\/10\/06\/tempo-real-acompanhe-a-apuracao-dos-votos-do-1o-turno-em-franca\/"},"modified":"2024-10-06T17:35:26","modified_gmt":"2024-10-06T20:35:26","slug":"tempo-real-acompanhe-a-apuracao-dos-votos-do-1o-turno-em-franca","status":"publish","type":"post","link":"https:\/\/ismaelcolosi.com.br\/index.php\/2024\/10\/06\/tempo-real-acompanhe-a-apuracao-dos-votos-do-1o-turno-em-franca\/","title":{"rendered":"Tempo real: Acompanhe a apura\u00e7\u00e3o dos votos do 1\u00ba turno em Franca"},"content":{"rendered":"<p> <br \/>\n<\/p>\n<div data-td-block-uid=\"tdi_106\">\n<div class=\"tdb-block-inner td-fix-index\">\n<div id=\"conteudo-loading\" class=\"mt-5\">\n<div id=\"loading\"><img data-recalc-dims=\"1\" decoding=\"async\" src=\"https:\/\/i0.wp.com\/www.acidadeon.com\/ribeiraopreto\/wp-content\/plugins\/resultado-eleicoes\/images\/loading.gif?w=100&#038;ssl=1\" alt=\"Carregando...\" \/>Carregando&#8230;<\/div>\n<\/p><\/div>\n<p><!-- Div do overlay de loading --><\/p>\n<div id=\"conteudo-eleicoes\" class=\"mt-5\">\n<div id=\"alterar-cidade\" class=\"row mb-3\" style=\"display:none;\">\n<p>\n                                <label for=\"select-cidade\" class=\"form-label\"><i class=\"fa-solid fa-location-pin\"\/> Cidades:<\/label><br \/>\n                                <select id=\"select-cidade\" class=\"form-select\" onchange=\"redirectToPage()\"><option value=\"\">&#8230; Mais cidades &#8230;<\/option><option value=\"cajuru\">CAJURU<\/option><option value=\"igarapava\">IGARAPAVA<\/option><option value=\"jeriquara\">JERIQUARA<\/option><option value=\"santa ernestina\">SANTA ERNESTINA<\/option><option value=\"buritizal\">BURITIZAL<\/option><option value=\"lu\u00eds ant\u00f4nio\">LU\u00cdS ANT\u00d4NIO<\/option><option value=\"miguel\u00f3polis\">MIGUEL\u00d3POLIS<\/option><option value=\"c\u00e2ndido rodrigues\">C\u00c2NDIDO RODRIGUES<\/option><option value=\"jardin\u00f3polis\">JARDIN\u00d3POLIS<\/option><option value=\"cravinhos\">CRAVINHOS<\/option><option value=\"ribeir\u00e3o preto\">RIBEIR\u00c3O PRETO<\/option><option value=\"ipu\u00e3\">IPU\u00c3<\/option><option value=\"barrinha\">BARRINHA<\/option><option value=\"pedregulho\">PEDREGULHO<\/option><option value=\"monte alto\">MONTE ALTO<\/option><option value=\"jaborandi\">JABORANDI<\/option><option value=\"c\u00e1ssia dos coqueiros\">C\u00c1SSIA DOS COQUEIROS<\/option><option value=\"orl\u00e2ndia\">ORL\u00c2NDIA<\/option><option value=\"rifaina\">RIFAINA<\/option><option value=\"guariba\">GUARIBA<\/option><option value=\"santa rosa de viterbo\">SANTA ROSA DE VITERBO<\/option><option value=\"patroc\u00ednio paulista\">PATROC\u00cdNIO PAULISTA<\/option><option value=\"pirangi\">PIRANGI<\/option><option value=\"ribeir\u00e3o corrente\">RIBEIR\u00c3O CORRENTE<\/option><option value=\"itirapu\u00e3\">ITIRAPU\u00c3<\/option><option value=\"serra azul\">SERRA AZUL<\/option><option value=\"pitangueiras\">PITANGUEIRAS<\/option><option value=\"s\u00e3o joaquim da barra\">S\u00c3O JOAQUIM DA BARRA<\/option><option value=\"jaboticabal\">JABOTICABAL<\/option><option value=\"sert\u00e3ozinho\">SERT\u00c3OZINHO<\/option><\/select>\n                            <\/p>\n<\/p><\/div>\n<div id=\"conteudo-tab-cargo\" class=\"tab-content\">\n<div class=\"tab-pane fade show active\" id=\"prefeito-tab-pane\" role=\"tabpanel\" aria-labelledby=\"prefeito-tab\" tabindex=\"0\">\n<p>\n                                N\u00e3o foram encontrados candidatos com o nome pesquisado.\n                            <\/p>\n<div id=\"totalizacao-cidade\" class=\"card mb-3 shadow-md card-style-header\">\n<div class=\"card-body\">\n<p>                                <span class=\"card-text mt-2 data-atualizacao\">\u00daltima atualiza\u00e7\u00e3o: 06\/10\/2024 17:35:26<\/span>\n                            <\/div>\n<\/p><\/div>\n<div class=\"row\">\n<div class=\"col-lg-12\">\n<div class=\"card mb-4 prefeito-result shadow-md\">\n<div class=\"card-body\">\n<div class=\"row\">\n<div class=\"col-sm-7 col-md-8 col-lg-8 col-xl-5 col-xxl-7\">\n<div class=\"row\">\n<div class=\"col-4 col-sm-4 col-md-3 col-lg-2 col-xl-3 col-xxl-3\">\n                                                            <img data-recalc-dims=\"1\" decoding=\"async\" src=\"https:\/\/i0.wp.com\/resultados.tse.jus.br\/oficial\/ele2024\/619\/fotos\/sp\/250001910615.jpeg?ssl=1\" alt=\"Imagem do Candidato\" class=\"img-fluid candidate-image\"\/>\n                                                        <\/div>\n<div class=\"col-8 col-sm-8 col-md-9 col-lg-10 col-xl-9 col-xxl-9\">\n<h5 class=\"card-title nome-candidato\">ALEXANDRE TABAH (30)<\/h5>\n<p>NOVO<\/p>\n<p><strong>VICE:<\/strong> FERNANDA KELLNER DE OLIVEIRA PALERMO<\/p>\n<p><span class=\"percentual-votos\">0.00%<\/span> <span class=\"numero-votos\">(0 votos)<\/span><\/p>\n<\/p><\/div>\n<\/p><\/div>\n<\/p><\/div>\n<\/p><\/div>\n<\/p><\/div>\n<\/p><\/div>\n<\/p><\/div>\n<\/p><\/div>\n<div class=\"row\">\n<div class=\"col-lg-12\">\n<div class=\"card mb-4 prefeito-result shadow-md\">\n<div class=\"card-body\">\n<div class=\"row\">\n<div class=\"col-sm-7 col-md-8 col-lg-8 col-xl-5 col-xxl-7\">\n<div class=\"row\">\n<div class=\"col-4 col-sm-4 col-md-3 col-lg-2 col-xl-3 col-xxl-3\">\n                                                            <img data-recalc-dims=\"1\" decoding=\"async\" src=\"https:\/\/i0.wp.com\/resultados.tse.jus.br\/oficial\/ele2024\/619\/fotos\/sp\/250002227502.jpeg?ssl=1\" alt=\"Imagem do Candidato\" class=\"img-fluid candidate-image\"\/>\n                                                        <\/div>\n<div class=\"col-8 col-sm-8 col-md-9 col-lg-10 col-xl-9 col-xxl-9\">\n<h5 class=\"card-title nome-candidato\">TITO FL\u00c1VIO BELLINI NOGUEIRA DE OLIVEIRA (21)<\/h5>\n<p>PCB<\/p>\n<p><strong>VICE:<\/strong> CARLOS ALBERTO MACHADO<\/p>\n<p><span class=\"percentual-votos\">0.00%<\/span> <span class=\"numero-votos\">(0 votos)<\/span><\/p>\n<\/p><\/div>\n<\/p><\/div>\n<\/p><\/div>\n<\/p><\/div>\n<\/p><\/div>\n<\/p><\/div>\n<\/p><\/div>\n<\/p><\/div>\n<div class=\"row\">\n<div class=\"col-lg-12\">\n<div class=\"card mb-4 prefeito-result shadow-md\">\n<div class=\"card-body\">\n<div class=\"row\">\n<div class=\"col-sm-7 col-md-8 col-lg-8 col-xl-5 col-xxl-7\">\n<div class=\"row\">\n<div class=\"col-4 col-sm-4 col-md-3 col-lg-2 col-xl-3 col-xxl-3\">\n                                                            <img data-recalc-dims=\"1\" decoding=\"async\" src=\"https:\/\/i0.wp.com\/resultados.tse.jus.br\/oficial\/ele2024\/619\/fotos\/sp\/250002291537.jpeg?ssl=1\" alt=\"Imagem do Candidato\" class=\"img-fluid candidate-image\"\/>\n                                                        <\/div>\n<div class=\"col-8 col-sm-8 col-md-9 col-lg-10 col-xl-9 col-xxl-9\">\n<h5 class=\"card-title nome-candidato\">JONAS MOREIRA DE CARVALHO (33)<\/h5>\n<p>MOBILIZA<\/p>\n<p><strong>VICE:<\/strong> LUIZ CARLOS VALLIM<\/p>\n<p><span class=\"percentual-votos\">0.00%<\/span> <span class=\"numero-votos\">(0 votos)<\/span><\/p>\n<\/p><\/div>\n<\/p><\/div>\n<\/p><\/div>\n<\/p><\/div>\n<\/p><\/div>\n<\/p><\/div>\n<\/p><\/div>\n<\/p><\/div>\n<div class=\"row\">\n<div class=\"col-lg-12\">\n<div class=\"card mb-4 prefeito-result shadow-md\">\n<div class=\"card-body\">\n<div class=\"row\">\n<div class=\"col-sm-7 col-md-8 col-lg-8 col-xl-5 col-xxl-7\">\n<div class=\"row\">\n<div class=\"col-4 col-sm-4 col-md-3 col-lg-2 col-xl-3 col-xxl-3\">\n                                                            <img data-recalc-dims=\"1\" decoding=\"async\" src=\"https:\/\/i0.wp.com\/resultados.tse.jus.br\/oficial\/ele2024\/619\/fotos\/sp\/250002156267.jpeg?ssl=1\" alt=\"Imagem do Candidato\" class=\"img-fluid candidate-image\"\/>\n                                                        <\/div>\n<div class=\"col-8 col-sm-8 col-md-9 col-lg-10 col-xl-9 col-xxl-9\">\n<h5 class=\"card-title nome-candidato\">GUILHERME DA COSTA AGUIAR CORTEZ (50)<\/h5>\n<p>PSOL<\/p>\n<p><strong>VICE:<\/strong> MARIA ISABEL BEL DO NASCIMENTO GUIMARAES<\/p>\n<p><span class=\"percentual-votos\">0.00%<\/span> <span class=\"numero-votos\">(0 votos)<\/span><\/p>\n<\/p><\/div>\n<\/p><\/div>\n<\/p><\/div>\n<\/p><\/div>\n<\/p><\/div>\n<\/p><\/div>\n<\/p><\/div>\n<\/p><\/div>\n<div class=\"row\">\n<div class=\"col-lg-12\">\n<div class=\"card mb-4 prefeito-result shadow-md\">\n<div class=\"card-body\">\n<div class=\"row\">\n<div class=\"col-sm-7 col-md-8 col-lg-8 col-xl-5 col-xxl-7\">\n<div class=\"row\">\n<div class=\"col-4 col-sm-4 col-md-3 col-lg-2 col-xl-3 col-xxl-3\">\n                                                            <img data-recalc-dims=\"1\" decoding=\"async\" src=\"https:\/\/i0.wp.com\/resultados.tse.jus.br\/oficial\/ele2024\/619\/fotos\/sp\/250002364527.jpeg?ssl=1\" alt=\"Imagem do Candidato\" class=\"img-fluid candidate-image\"\/>\n                                                        <\/div>\n<div class=\"col-8 col-sm-8 col-md-9 col-lg-10 col-xl-9 col-xxl-9\">\n<h5 class=\"card-title nome-candidato\">JO\u00c3O PEDRO SILVEIRA SOUZA SCARPANTI DINIZ (29)<\/h5>\n<p>PCO<\/p>\n<p><strong>VICE:<\/strong> ARTHUR BRAGA FILHO<\/p>\n<p><span class=\"percentual-votos\">0.00%<\/span> <span class=\"numero-votos\">(0 votos)<\/span><\/p>\n<\/p><\/div>\n<\/p><\/div>\n<\/p><\/div>\n<\/p><\/div>\n<\/p><\/div>\n<\/p><\/div>\n<\/p><\/div>\n<\/p><\/div>\n<div class=\"row\">\n<div class=\"col-lg-12\">\n<div class=\"card mb-4 prefeito-result shadow-md\">\n<div class=\"card-body\">\n<div class=\"row\">\n<div class=\"col-sm-7 col-md-8 col-lg-8 col-xl-5 col-xxl-7\">\n<div class=\"row\">\n<div class=\"col-4 col-sm-4 col-md-3 col-lg-2 col-xl-3 col-xxl-3\">\n                                                            <img data-recalc-dims=\"1\" decoding=\"async\" src=\"https:\/\/i0.wp.com\/resultados.tse.jus.br\/oficial\/ele2024\/619\/fotos\/sp\/250002158193.jpeg?ssl=1\" alt=\"Imagem do Candidato\" class=\"img-fluid candidate-image\"\/>\n                                                        <\/div>\n<div class=\"col-8 col-sm-8 col-md-9 col-lg-10 col-xl-9 col-xxl-9\">\n<h5 class=\"card-title nome-candidato\">MARIANA NEGRI VIDOTTI AMORIM (13)<\/h5>\n<p>PT<\/p>\n<p><strong>VICE:<\/strong> FL\u00c1VIA MILDRES RODRIGUES RIBEIRO<\/p>\n<p><span class=\"percentual-votos\">0.00%<\/span> <span class=\"numero-votos\">(0 votos)<\/span><\/p>\n<\/p><\/div>\n<\/p><\/div>\n<\/p><\/div>\n<\/p><\/div>\n<\/p><\/div>\n<\/p><\/div>\n<\/p><\/div>\n<\/p><\/div>\n<div class=\"row\">\n<div class=\"col-lg-12\">\n<div class=\"card mb-4 prefeito-result shadow-md\">\n<div class=\"card-body\">\n<div class=\"row\">\n<div class=\"col-sm-7 col-md-8 col-lg-8 col-xl-5 col-xxl-7\">\n<div class=\"row\">\n<div class=\"col-4 col-sm-4 col-md-3 col-lg-2 col-xl-3 col-xxl-3\">\n                                                            <img data-recalc-dims=\"1\" decoding=\"async\" src=\"https:\/\/i0.wp.com\/resultados.tse.jus.br\/oficial\/ele2024\/619\/fotos\/sp\/250001970516.jpeg?ssl=1\" alt=\"Imagem do Candidato\" class=\"img-fluid candidate-image\"\/>\n                                                        <\/div>\n<div class=\"col-8 col-sm-8 col-md-9 col-lg-10 col-xl-9 col-xxl-9\">\n<h5 class=\"card-title nome-candidato\">ALEXANDRE AUGUSTO FERREIRA (15)<\/h5>\n<p>MDB<\/p>\n<p><strong>VICE:<\/strong> EVERTON DE PAULA<\/p>\n<p><span class=\"percentual-votos\">0.00%<\/span> <span class=\"numero-votos\">(0 votos)<\/span><\/p>\n<\/p><\/div>\n<\/p><\/div>\n<\/p><\/div>\n<\/p><\/div>\n<\/p><\/div>\n<\/p><\/div>\n<\/p><\/div>\n<\/p><\/div>\n<div class=\"row\">\n<div class=\"col-lg-12\">\n<div class=\"card mb-4 prefeito-result shadow-md\">\n<div class=\"card-body\">\n<div class=\"row\">\n<div class=\"col-sm-7 col-md-8 col-lg-8 col-xl-5 col-xxl-7\">\n<div class=\"row\">\n<div class=\"col-4 col-sm-4 col-md-3 col-lg-2 col-xl-3 col-xxl-3\">\n                                                            <img data-recalc-dims=\"1\" decoding=\"async\" src=\"https:\/\/i0.wp.com\/resultados.tse.jus.br\/oficial\/ele2024\/619\/fotos\/sp\/250002157794.jpeg?ssl=1\" alt=\"Imagem do Candidato\" class=\"img-fluid candidate-image\"\/>\n                                                        <\/div>\n<div class=\"col-8 col-sm-8 col-md-9 col-lg-10 col-xl-9 col-xxl-9\">\n<h5 class=\"card-title nome-candidato\">JO\u00c3O BATISTA ROCHA (22)<\/h5>\n<p>PL<\/p>\n<p><strong>VICE:<\/strong> ILTON S\u00c9RGIO FERREIRA<\/p>\n<p><span class=\"percentual-votos\">0.00%<\/span> <span class=\"numero-votos\">(0 votos)<\/span><\/p>\n<\/p><\/div>\n<\/p><\/div>\n<\/p><\/div>\n<\/p><\/div>\n<\/p><\/div>\n<\/p><\/div>\n<\/p><\/div>\n<\/p><\/div>\n<\/p><\/div>\n<div class=\"tab-pane fade\" id=\"vereador-tab-pane\" role=\"tabpanel\" aria-labelledby=\"vereador-tab\" tabindex=\"0\">\n<p>\n                            N\u00e3o foram encontrados candidatos com o nome pesquisado.\n                        <\/p>\n<div class=\"row\">\n<div class=\"col-lg-12\">\n<div class=\"card mb-4 vereador-result shadow-md\">\n<div class=\"card-body\">\n<div class=\"row\">\n<div class=\"col-sm-8 col-md-8 col-lg-8 col-xl-5 col-xxl-7\">\n<div class=\"row\">\n<div class=\"col-4 col-sm-4 col-md-3 col-lg-2 col-xl-3 col-xxl-3\">\n                                                        <img data-recalc-dims=\"1\" decoding=\"async\" src=\"https:\/\/i0.wp.com\/resultados.tse.jus.br\/oficial\/ele2024\/619\/fotos\/sp\/250002155948.jpeg?ssl=1\" alt=\"Imagem do Candidato\" class=\"img-fluid candidate-image\"\/>\n                                                    <\/div>\n<div class=\"col-8 col-sm-8 col-md-9 col-lg-10 col-xl-9 col-xxl-9\">\n<h5 class=\"card-title nome-candidato\">ALEXANDRE COSTA BERBEL (20789)<\/h5>\n<p>PODE<\/p>\n<p><span class=\"percentual-votos\">0.00%<\/span> <span class=\"numero-votos\">(0 votos)<\/span><\/p>\n<\/p><\/div>\n<\/p><\/div>\n<\/p><\/div>\n<\/p><\/div>\n<\/p><\/div>\n<\/p><\/div>\n<\/p><\/div>\n<\/p><\/div>\n<div class=\"row\">\n<div class=\"col-lg-12\">\n<div class=\"card mb-4 vereador-result shadow-md\">\n<div class=\"card-body\">\n<div class=\"row\">\n<div class=\"col-sm-8 col-md-8 col-lg-8 col-xl-5 col-xxl-7\">\n<div class=\"row\">\n<div class=\"col-4 col-sm-4 col-md-3 col-lg-2 col-xl-3 col-xxl-3\">\n                                                        <img data-recalc-dims=\"1\" decoding=\"async\" src=\"https:\/\/i0.wp.com\/resultados.tse.jus.br\/oficial\/ele2024\/619\/fotos\/sp\/250002155943.jpeg?ssl=1\" alt=\"Imagem do Candidato\" class=\"img-fluid candidate-image\"\/>\n                                                    <\/div>\n<div class=\"col-8 col-sm-8 col-md-9 col-lg-10 col-xl-9 col-xxl-9\">\n<h5 class=\"card-title nome-candidato\">DEVANIR MARCOS JUNIOR (20200)<\/h5>\n<p>PODE<\/p>\n<p><span class=\"percentual-votos\">0.00%<\/span> <span class=\"numero-votos\">(0 votos)<\/span><\/p>\n<\/p><\/div>\n<\/p><\/div>\n<\/p><\/div>\n<\/p><\/div>\n<\/p><\/div>\n<\/p><\/div>\n<\/p><\/div>\n<\/p><\/div>\n<div class=\"row\">\n<div class=\"col-lg-12\">\n<div class=\"card mb-4 vereador-result shadow-md\">\n<div class=\"card-body\">\n<div class=\"row\">\n<div class=\"col-sm-8 col-md-8 col-lg-8 col-xl-5 col-xxl-7\">\n<div class=\"row\">\n<div class=\"col-4 col-sm-4 col-md-3 col-lg-2 col-xl-3 col-xxl-3\">\n                                                        <img data-recalc-dims=\"1\" decoding=\"async\" src=\"https:\/\/i0.wp.com\/resultados.tse.jus.br\/oficial\/ele2024\/619\/fotos\/sp\/250002155945.jpeg?ssl=1\" alt=\"Imagem do Candidato\" class=\"img-fluid candidate-image\"\/>\n                                                    <\/div>\n<div class=\"col-8 col-sm-8 col-md-9 col-lg-10 col-xl-9 col-xxl-9\">\n<h5 class=\"card-title nome-candidato\">MARCOS ANTONIO DA SILVA (20555)<\/h5>\n<p>PODE<\/p>\n<p><span class=\"percentual-votos\">0.00%<\/span> <span class=\"numero-votos\">(0 votos)<\/span><\/p>\n<\/p><\/div>\n<\/p><\/div>\n<\/p><\/div>\n<\/p><\/div>\n<\/p><\/div>\n<\/p><\/div>\n<\/p><\/div>\n<\/p><\/div>\n<div class=\"row\">\n<div class=\"col-lg-12\">\n<div class=\"card mb-4 vereador-result shadow-md\">\n<div class=\"card-body\">\n<div class=\"row\">\n<div class=\"col-sm-8 col-md-8 col-lg-8 col-xl-5 col-xxl-7\">\n<div class=\"row\">\n<div class=\"col-4 col-sm-4 col-md-3 col-lg-2 col-xl-3 col-xxl-3\">\n                                                        <img data-recalc-dims=\"1\" decoding=\"async\" src=\"https:\/\/i0.wp.com\/resultados.tse.jus.br\/oficial\/ele2024\/619\/fotos\/sp\/250002392071.jpeg?ssl=1\" alt=\"Imagem do Candidato\" class=\"img-fluid candidate-image\"\/>\n                                                    <\/div>\n<div class=\"col-8 col-sm-8 col-md-9 col-lg-10 col-xl-9 col-xxl-9\">\n<h5 class=\"card-title nome-candidato\">ADRIANA APARECIDA LEITE (20111)<\/h5>\n<p>PODE<\/p>\n<p><span class=\"percentual-votos\">0.00%<\/span> <span class=\"numero-votos\">(0 votos)<\/span><\/p>\n<\/p><\/div>\n<\/p><\/div>\n<\/p><\/div>\n<\/p><\/div>\n<\/p><\/div>\n<\/p><\/div>\n<\/p><\/div>\n<\/p><\/div>\n<div class=\"row\">\n<div class=\"col-lg-12\">\n<div class=\"card mb-4 vereador-result shadow-md\">\n<div class=\"card-body\">\n<div class=\"row\">\n<div class=\"col-sm-8 col-md-8 col-lg-8 col-xl-5 col-xxl-7\">\n<div class=\"row\">\n<div class=\"col-4 col-sm-4 col-md-3 col-lg-2 col-xl-3 col-xxl-3\">\n                                                        <img data-recalc-dims=\"1\" decoding=\"async\" src=\"https:\/\/i0.wp.com\/resultados.tse.jus.br\/oficial\/ele2024\/619\/fotos\/sp\/250002155950.jpeg?ssl=1\" alt=\"Imagem do Candidato\" class=\"img-fluid candidate-image\"\/>\n                                                    <\/div>\n<div class=\"col-8 col-sm-8 col-md-9 col-lg-10 col-xl-9 col-xxl-9\">\n<h5 class=\"card-title nome-candidato\">ROSANA CRISTINA PORTELA (20222)<\/h5>\n<p>PODE<\/p>\n<p><span class=\"percentual-votos\">0.00%<\/span> <span class=\"numero-votos\">(0 votos)<\/span><\/p>\n<\/p><\/div>\n<\/p><\/div>\n<\/p><\/div>\n<\/p><\/div>\n<\/p><\/div>\n<\/p><\/div>\n<\/p><\/div>\n<\/p><\/div>\n<div class=\"row\">\n<div class=\"col-lg-12\">\n<div class=\"card mb-4 vereador-result shadow-md\">\n<div class=\"card-body\">\n<div class=\"row\">\n<div class=\"col-sm-8 col-md-8 col-lg-8 col-xl-5 col-xxl-7\">\n<div class=\"row\">\n<div class=\"col-4 col-sm-4 col-md-3 col-lg-2 col-xl-3 col-xxl-3\">\n                                                        <img data-recalc-dims=\"1\" decoding=\"async\" src=\"https:\/\/i0.wp.com\/resultados.tse.jus.br\/oficial\/ele2024\/619\/fotos\/sp\/250002155949.jpeg?ssl=1\" alt=\"Imagem do Candidato\" class=\"img-fluid candidate-image\"\/>\n                                                    <\/div>\n<div class=\"col-8 col-sm-8 col-md-9 col-lg-10 col-xl-9 col-xxl-9\">\n<h5 class=\"card-title nome-candidato\">MARCIEL LUIS FERNANDES (20777)<\/h5>\n<p>PODE<\/p>\n<p><span class=\"percentual-votos\">0.00%<\/span> <span class=\"numero-votos\">(0 votos)<\/span><\/p>\n<\/p><\/div>\n<\/p><\/div>\n<\/p><\/div>\n<\/p><\/div>\n<\/p><\/div>\n<\/p><\/div>\n<\/p><\/div>\n<\/p><\/div>\n<div class=\"row\">\n<div class=\"col-lg-12\">\n<div class=\"card mb-4 vereador-result shadow-md\">\n<div class=\"card-body\">\n<div class=\"row\">\n<div class=\"col-sm-8 col-md-8 col-lg-8 col-xl-5 col-xxl-7\">\n<div class=\"row\">\n<div class=\"col-4 col-sm-4 col-md-3 col-lg-2 col-xl-3 col-xxl-3\">\n                                                        <img data-recalc-dims=\"1\" decoding=\"async\" src=\"https:\/\/i0.wp.com\/resultados.tse.jus.br\/oficial\/ele2024\/619\/fotos\/sp\/250002155947.jpeg?ssl=1\" alt=\"Imagem do Candidato\" class=\"img-fluid candidate-image\"\/>\n                                                    <\/div>\n<div class=\"col-8 col-sm-8 col-md-9 col-lg-10 col-xl-9 col-xxl-9\">\n<h5 class=\"card-title nome-candidato\">ALESSANDRA FERNANDES DA SILVA (20023)<\/h5>\n<p>PODE<\/p>\n<p><span class=\"percentual-votos\">0.00%<\/span> <span class=\"numero-votos\">(0 votos)<\/span><\/p>\n<\/p><\/div>\n<\/p><\/div>\n<\/p><\/div>\n<\/p><\/div>\n<\/p><\/div>\n<\/p><\/div>\n<\/p><\/div>\n<\/p><\/div>\n<div class=\"row\">\n<div class=\"col-lg-12\">\n<div class=\"card mb-4 vereador-result shadow-md\">\n<div class=\"card-body\">\n<div class=\"row\">\n<div class=\"col-sm-8 col-md-8 col-lg-8 col-xl-5 col-xxl-7\">\n<div class=\"row\">\n<div class=\"col-4 col-sm-4 col-md-3 col-lg-2 col-xl-3 col-xxl-3\">\n                                                        <img data-recalc-dims=\"1\" decoding=\"async\" src=\"https:\/\/i0.wp.com\/resultados.tse.jus.br\/oficial\/ele2024\/619\/fotos\/sp\/250002155942.jpeg?ssl=1\" alt=\"Imagem do Candidato\" class=\"img-fluid candidate-image\"\/>\n                                                    <\/div>\n<div class=\"col-8 col-sm-8 col-md-9 col-lg-10 col-xl-9 col-xxl-9\">\n<h5 class=\"card-title nome-candidato\">P\u00c2MELA VIVIANE LOPES BADOCO (20130)<\/h5>\n<p>PODE<\/p>\n<p><span class=\"percentual-votos\">0.00%<\/span> <span class=\"numero-votos\">(0 votos)<\/span><\/p>\n<\/p><\/div>\n<\/p><\/div>\n<\/p><\/div>\n<\/p><\/div>\n<\/p><\/div>\n<\/p><\/div>\n<\/p><\/div>\n<\/p><\/div>\n<\/p><\/div>\n<\/div>\n<\/div>\n<p>O <strong>1\u00ba turno das elei\u00e7\u00f5es municipais<\/strong> aconteceu neste domingo (6) e voc\u00ea pode acompanhar a apura\u00e7\u00e3o dos votos para prefeito de <strong>Franca<\/strong> e vereador em tempo real no<strong> acidade on<\/strong>.<\/p>\n<h4 class=\"wp-block-heading\"><strong>Apura\u00e7\u00e3o em tempo real<\/strong><\/h4>\n<p>O <strong>acidade on<\/strong> vai divulgar os n\u00fameros da apura\u00e7\u00e3o das elei\u00e7\u00f5es 2024 em tempo real a partir das 17h \u2013 <a href=\"https:\/\/apuracao.acidadeon.com\/\" target=\"_blank\" rel=\"noreferrer noopener nofollow\">clique aqui<\/a>.<\/p>\n<p>O internauta escolhe o munic\u00edpio que quer ver a apura\u00e7\u00e3o. Os n\u00fameros ser\u00e3o atualizados pelo TSE logo em seguida ao t\u00e9rmino da vota\u00e7\u00e3o.<\/p>\n<p>Pela primeira vez, uma elei\u00e7\u00e3o municipal foi realizada em hor\u00e1rio \u00fanico em todo o pa\u00eds: das 8h \u00e0s 17h, conforme o hor\u00e1rio de Bras\u00edlia.<\/p>\n<p>Com a unifica\u00e7\u00e3o do hor\u00e1rio da vota\u00e7\u00e3o, a apura\u00e7\u00e3o dos resultados deve ter in\u00edcio a partir das 17h pelo hor\u00e1rio oficial de Bras\u00edlia.<\/p>\n<p>SAIBA MAIS<br \/>Cidade na regi\u00e3o de Ribeir\u00e3o tem ruas totalmente limpas durante as elei\u00e7\u00f5es; V\u00eddeo<\/p>\n<h4 class=\"wp-block-heading\"><strong>FIQUE ON<\/strong><\/h4>\n<p>Fique ligado em tudo que acontece em Ribeir\u00e3o Preto e regi\u00e3o. Siga os perfis do <strong>acidade on<\/strong> no <a href=\"https:\/\/www.instagram.com\/acidadeonribeirao\" target=\"_blank\" rel=\"noreferrer noopener nofollow\">Instagram <\/a>e no <a href=\"https:\/\/www.facebook.com\/acidadeonribeirao\/\" target=\"_blank\" rel=\"noreferrer noopener nofollow\">Facebook<\/a>.<\/p>\n<p>Receba not\u00edcias do <strong>acidade on<\/strong> no WhatsApp. <a href=\"https:\/\/chat.whatsapp.com\/Fg4ok3aAVyB59DP63pRapr\" target=\"_blank\" rel=\"noreferrer noopener nofollow\">Para entrar no grupo, basta clicar aqui.<\/a><\/p>\n<p>Fa\u00e7a uma den\u00fancia ou sugira uma reportagem sobre Ribeir\u00e3o Preto e regi\u00e3o pelo WhatsApp: 16 99117 7802.<\/p>\n<p>VEJA TAMB\u00c9M<br \/>Qual a previs\u00e3o do tempo para a pr\u00f3xima semana em SP?<\/p>\n<p><!-- CONTENT END 1 -->\n<\/div>\n<\/div>\n<p><script async src=\"\/\/www.instagram.com\/embed.js\"><\/script><br \/>\n<br \/><br \/>\n<br \/><a href=\"https:\/\/www.acidadeon.com\/ribeiraopreto\/politica\/eleicoes\/tempo-real-acompanhe-a-apuracao-dos-votos-do-1o-turno-em-franca\/\">Source link <\/a><\/p>\n","protected":false},"excerpt":{"rendered":"<p>Carregando&#8230; Cidades: &#8230; Mais cidades &#8230;CAJURUIGARAPAVAJERIQUARASANTA ERNESTINABURITIZALLU\u00cdS ANT\u00d4NIOMIGUEL\u00d3POLISC\u00c2NDIDO RODRIGUESJARDIN\u00d3POLISCRAVINHOSRIBEIR\u00c3O PRETOIPU\u00c3BARRINHAPEDREGULHOMONTE ALTOJABORANDIC\u00c1SSIA DOS COQUEIROSORL\u00c2NDIARIFAINAGUARIBASANTA ROSA DE VITERBOPATROC\u00cdNIO PAULISTAPIRANGIRIBEIR\u00c3O CORRENTEITIRAPU\u00c3SERRA AZULPITANGUEIRASS\u00c3O JOAQUIM DA BARRAJABOTICABALSERT\u00c3OZINHO N\u00e3o foram encontrados&#8230;<\/p>\n","protected":false},"author":1,"featured_media":69230,"comment_status":"open","ping_status":"open","sticky":false,"template":"","format":"standard","meta":{"_uag_custom_page_level_css":"","advanced_seo_description":"","jetpack_seo_html_title":"","jetpack_seo_noindex":false,"jetpack_post_was_ever_published":false,"_jetpack_newsletter_access":"","_jetpack_dont_email_post_to_subs":false,"_jetpack_newsletter_tier_id":0,"_jetpack_memberships_contains_paywalled_content":false,"_jetpack_memberships_contains_paid_content":false,"footnotes":"","jetpack_publicize_message":"","jetpack_publicize_feature_enabled":true,"jetpack_social_post_already_shared":true,"jetpack_social_options":{"image_generator_settings":{"template":"highway","default_image_id":0,"font":"","enabled":false},"version":2}},"categories":[11],"tags":[],"class_list":["post-69559","post","type-post","status-publish","format-standard","has-post-thumbnail","hentry","category-noticias-de-ribeirao-preto-sp-e-regiao-ismael-colosi"],"jetpack_publicize_connections":[],"jetpack_featured_media_url":"https:\/\/i0.wp.com\/ismaelcolosi.com.br\/wp-content\/uploads\/2024\/10\/votacao_2024-10-04_13-06-05_jpg_2024-10-04_13-06-05.webp.webp?fit=1170%2C700&ssl=1","uagb_featured_image_src":{"full":["https:\/\/i0.wp.com\/ismaelcolosi.com.br\/wp-content\/uploads\/2024\/10\/votacao_2024-10-04_13-06-05_jpg_2024-10-04_13-06-05.webp.webp?fit=1170%2C700&ssl=1",1170,700,false],"thumbnail":["https:\/\/i0.wp.com\/ismaelcolosi.com.br\/wp-content\/uploads\/2024\/10\/votacao_2024-10-04_13-06-05_jpg_2024-10-04_13-06-05.webp.webp?resize=150%2C150&ssl=1",150,150,true],"medium":["https:\/\/i0.wp.com\/ismaelcolosi.com.br\/wp-content\/uploads\/2024\/10\/votacao_2024-10-04_13-06-05_jpg_2024-10-04_13-06-05.webp.webp?fit=300%2C179&ssl=1",300,179,true],"medium_large":["https:\/\/i0.wp.com\/ismaelcolosi.com.br\/wp-content\/uploads\/2024\/10\/votacao_2024-10-04_13-06-05_jpg_2024-10-04_13-06-05.webp.webp?fit=768%2C459&ssl=1",768,459,true],"large":["https:\/\/i0.wp.com\/ismaelcolosi.com.br\/wp-content\/uploads\/2024\/10\/votacao_2024-10-04_13-06-05_jpg_2024-10-04_13-06-05.webp.webp?fit=1024%2C613&ssl=1",1024,613,true],"1536x1536":["https:\/\/i0.wp.com\/ismaelcolosi.com.br\/wp-content\/uploads\/2024\/10\/votacao_2024-10-04_13-06-05_jpg_2024-10-04_13-06-05.webp.webp?fit=1170%2C700&ssl=1",1170,700,true],"2048x2048":["https:\/\/i0.wp.com\/ismaelcolosi.com.br\/wp-content\/uploads\/2024\/10\/votacao_2024-10-04_13-06-05_jpg_2024-10-04_13-06-05.webp.webp?fit=1170%2C700&ssl=1",1170,700,true],"really-simple-thumb":["https:\/\/i0.wp.com\/ismaelcolosi.com.br\/wp-content\/uploads\/2024\/10\/votacao_2024-10-04_13-06-05_jpg_2024-10-04_13-06-05.webp.webp?resize=370%2C247&ssl=1",370,247,true]},"uagb_author_info":{"display_name":"ismaelcolosi.com.br","author_link":"https:\/\/ismaelcolosi.com.br\/index.php\/author\/vidareal-online\/"},"uagb_comment_info":0,"uagb_excerpt":"Carregando&#8230; Cidades: &#8230; Mais cidades &#8230;CAJURUIGARAPAVAJERIQUARASANTA ERNESTINABURITIZALLU\u00cdS ANT\u00d4NIOMIGUEL\u00d3POLISC\u00c2NDIDO RODRIGUESJARDIN\u00d3POLISCRAVINHOSRIBEIR\u00c3O PRETOIPU\u00c3BARRINHAPEDREGULHOMONTE ALTOJABORANDIC\u00c1SSIA DOS COQUEIROSORL\u00c2NDIARIFAINAGUARIBASANTA ROSA DE VITERBOPATROC\u00cdNIO PAULISTAPIRANGIRIBEIR\u00c3O CORRENTEITIRAPU\u00c3SERRA AZULPITANGUEIRASS\u00c3O JOAQUIM DA BARRAJABOTICABALSERT\u00c3OZINHO N\u00e3o foram encontrados...","jetpack-related-posts":[{"id":12200,"url":"https:\/\/ismaelcolosi.com.br\/index.php\/2023\/12\/07\/municipios-na-regiao-de-ribeirao-se-destacam-no-ranking-de-melhores-cidades-para-negocios-veja-a-lista\/","url_meta":{"origin":69559,"position":0},"title":"Munic\u00edpios na regi\u00e3o de Ribeir\u00e3o se destacam no ranking de Melhores Cidades para Neg\u00f3cios; Veja a lista","author":"ismaelcolosi.com.br","date":"7 de December de 2023","format":false,"excerpt":"Ribeir\u00e3o Preto e outros munic\u00edpios da regi\u00e3o est\u00e3o entre as \u2018Melhores Cidades Para Se Fazer Neg\u00f3cios\u2019, de acordo com um estudo da Urban Systems, divulgado nesta quinta-feira (7). A pesquisa \u00e9 dividida em seis segmentos econ\u00f4micos, sendo eles: Educa\u00e7\u00e3o; Com\u00e9rcio; Servi\u00e7os; Ind\u00fastria; Mercado Imobili\u00e1rio e Agropecu\u00e1ria. O grande destaque na\u2026","rel":"","context":"In &quot;Not\u00edcias de Ribeir\u00e3o Preto-SP e Regi\u00e3o&quot;","block_context":{"text":"Not\u00edcias de Ribeir\u00e3o Preto-SP e Regi\u00e3o","link":"https:\/\/ismaelcolosi.com.br\/index.php\/category\/noticias-de-ribeirao-preto-sp-e-regiao-ismael-colosi\/"},"img":{"alt_text":"","src":"https:\/\/i0.wp.com\/ismaelcolosi.com.br\/wp-content\/uploads\/2023\/12\/aerea-ribeirao-preto.jpg?fit=1200%2C800&ssl=1&resize=350%2C200","width":350,"height":200,"srcset":"https:\/\/i0.wp.com\/ismaelcolosi.com.br\/wp-content\/uploads\/2023\/12\/aerea-ribeirao-preto.jpg?fit=1200%2C800&ssl=1&resize=350%2C200 1x, https:\/\/i0.wp.com\/ismaelcolosi.com.br\/wp-content\/uploads\/2023\/12\/aerea-ribeirao-preto.jpg?fit=1200%2C800&ssl=1&resize=525%2C300 1.5x, https:\/\/i0.wp.com\/ismaelcolosi.com.br\/wp-content\/uploads\/2023\/12\/aerea-ribeirao-preto.jpg?fit=1200%2C800&ssl=1&resize=700%2C400 2x, https:\/\/i0.wp.com\/ismaelcolosi.com.br\/wp-content\/uploads\/2023\/12\/aerea-ribeirao-preto.jpg?fit=1200%2C800&ssl=1&resize=1050%2C600 3x"},"classes":[]},{"id":31480,"url":"https:\/\/ismaelcolosi.com.br\/index.php\/2024\/01\/22\/top-10-maiores-cidades-do-brasil-em-populacao-censo-2022\/","url_meta":{"origin":69559,"position":1},"title":"Top 10 maiores cidades do Brasil em popula\u00e7\u00e3o (Censo 2022)","author":"ismaelcolosi.com.br","date":"22 de January de 2024","format":false,"excerpt":"Nas maiores cidades do Brasil em popula\u00e7\u00e3o nessa lista top 10, todas s\u00e3o capitais. Apenas a partir da d\u00e9cima terceira maior cidade brasileira, esse quadro muda, com Guarulhos ocupando essa posi\u00e7\u00e3o, seguida por Campinas. O ranking, que foi divulgado em junho de 2023 pelo IBGE (Instituto Brasileiro de Geografia e\u2026","rel":"","context":"In &quot;Blog&quot;","block_context":{"text":"Blog","link":"https:\/\/ismaelcolosi.com.br\/index.php\/category\/blog\/"},"img":{"alt_text":"","src":"https:\/\/i0.wp.com\/ismaelcolosi.com.br\/wp-content\/uploads\/2024\/01\/Maiores-cidades-do-Brasil.jpg?fit=1200%2C920&ssl=1&resize=350%2C200","width":350,"height":200,"srcset":"https:\/\/i0.wp.com\/ismaelcolosi.com.br\/wp-content\/uploads\/2024\/01\/Maiores-cidades-do-Brasil.jpg?fit=1200%2C920&ssl=1&resize=350%2C200 1x, https:\/\/i0.wp.com\/ismaelcolosi.com.br\/wp-content\/uploads\/2024\/01\/Maiores-cidades-do-Brasil.jpg?fit=1200%2C920&ssl=1&resize=525%2C300 1.5x, https:\/\/i0.wp.com\/ismaelcolosi.com.br\/wp-content\/uploads\/2024\/01\/Maiores-cidades-do-Brasil.jpg?fit=1200%2C920&ssl=1&resize=700%2C400 2x, https:\/\/i0.wp.com\/ismaelcolosi.com.br\/wp-content\/uploads\/2024\/01\/Maiores-cidades-do-Brasil.jpg?fit=1200%2C920&ssl=1&resize=1050%2C600 3x"},"classes":[]},{"id":64154,"url":"https:\/\/ismaelcolosi.com.br\/index.php\/2024\/09\/05\/veja-quais-cidades-da-regiao-de-ribeirao-preto-tem-apenas-um-candidato-a-prefeito\/","url_meta":{"origin":69559,"position":2},"title":"Veja quais cidades da regi\u00e3o de Ribeir\u00e3o Preto t\u00eam apenas um candidato a prefeito","author":"ismaelcolosi.com.br","date":"5 de September de 2024","format":false,"excerpt":"Vinte e seis munic\u00edpios do Estado de S\u00e3o Paulo t\u00eam apenas um candidato concorrendo \u00e0s elei\u00e7\u00f5es municiais de 2024. Conforme o Tribunal Regional Eleitoral de S\u00e3o Paulo (TRE-SP), quatro cidades s\u00e3o da regi\u00e3o de Ribeir\u00e3o Preto, sendo elas, Batatais, Fernando Prestes, Jaborandi e Nuporanga. Todas os munic\u00edpios com candidatura \u00fanica\u2026","rel":"","context":"In &quot;Not\u00edcias de Ribeir\u00e3o Preto-SP e Regi\u00e3o&quot;","block_context":{"text":"Not\u00edcias de Ribeir\u00e3o Preto-SP e Regi\u00e3o","link":"https:\/\/ismaelcolosi.com.br\/index.php\/category\/noticias-de-ribeirao-preto-sp-e-regiao-ismael-colosi\/"},"img":{"alt_text":"","src":"https:\/\/i0.wp.com\/ismaelcolosi.com.br\/wp-content\/uploads\/2024\/09\/20220619_110722566_urna_eletronica_1200x675_07042022173017.jpg?fit=1200%2C675&ssl=1&resize=350%2C200","width":350,"height":200,"srcset":"https:\/\/i0.wp.com\/ismaelcolosi.com.br\/wp-content\/uploads\/2024\/09\/20220619_110722566_urna_eletronica_1200x675_07042022173017.jpg?fit=1200%2C675&ssl=1&resize=350%2C200 1x, https:\/\/i0.wp.com\/ismaelcolosi.com.br\/wp-content\/uploads\/2024\/09\/20220619_110722566_urna_eletronica_1200x675_07042022173017.jpg?fit=1200%2C675&ssl=1&resize=525%2C300 1.5x, https:\/\/i0.wp.com\/ismaelcolosi.com.br\/wp-content\/uploads\/2024\/09\/20220619_110722566_urna_eletronica_1200x675_07042022173017.jpg?fit=1200%2C675&ssl=1&resize=700%2C400 2x, https:\/\/i0.wp.com\/ismaelcolosi.com.br\/wp-content\/uploads\/2024\/09\/20220619_110722566_urna_eletronica_1200x675_07042022173017.jpg?fit=1200%2C675&ssl=1&resize=1050%2C600 3x"},"classes":[]},{"id":44567,"url":"https:\/\/ismaelcolosi.com.br\/index.php\/2024\/03\/28\/veja-todas-as-cidades-do-interior-de-sp-que-vao-receber-a-vacina-contra-a-dengue\/","url_meta":{"origin":69559,"position":3},"title":"Veja todas as cidades do interior de SP que v\u00e3o receber a vacina contra a dengue","author":"ismaelcolosi.com.br","date":"28 de March de 2024","format":false,"excerpt":"O Minist\u00e9rio da Sa\u00fade anunciou que 49 munic\u00edpios do interior de S\u00e3o Paulo v\u00e3o receber as doses da vacina contra a dengue. Entre as cidades, est\u00e3o Ribeir\u00e3o Preto, Campinas e S\u00e3o Jos\u00e9 do Rio Preto. A capital do estado tamb\u00e9m vai receber os imunizantes. Confira abaixo a lista das cidades\u2026","rel":"","context":"In &quot;Not\u00edcias de Ribeir\u00e3o Preto-SP e Regi\u00e3o&quot;","block_context":{"text":"Not\u00edcias de Ribeir\u00e3o Preto-SP e Regi\u00e3o","link":"https:\/\/ismaelcolosi.com.br\/index.php\/category\/noticias-de-ribeirao-preto-sp-e-regiao-ismael-colosi\/"},"img":{"alt_text":"","src":"https:\/\/i0.wp.com\/ismaelcolosi.com.br\/wp-content\/uploads\/2024\/03\/AnyConv.com__vacina-dengue-1.webp.webp?fit=845%2C561&ssl=1&resize=350%2C200","width":350,"height":200,"srcset":"https:\/\/i0.wp.com\/ismaelcolosi.com.br\/wp-content\/uploads\/2024\/03\/AnyConv.com__vacina-dengue-1.webp.webp?fit=845%2C561&ssl=1&resize=350%2C200 1x, https:\/\/i0.wp.com\/ismaelcolosi.com.br\/wp-content\/uploads\/2024\/03\/AnyConv.com__vacina-dengue-1.webp.webp?fit=845%2C561&ssl=1&resize=525%2C300 1.5x, https:\/\/i0.wp.com\/ismaelcolosi.com.br\/wp-content\/uploads\/2024\/03\/AnyConv.com__vacina-dengue-1.webp.webp?fit=845%2C561&ssl=1&resize=700%2C400 2x"},"classes":[]},{"id":13911,"url":"https:\/\/ismaelcolosi.com.br\/index.php\/2023\/12\/11\/quais-sao-as-10-cidades-mais-amigaveis-do-mundo-segundo-turistas\/","url_meta":{"origin":69559,"position":4},"title":"Quais s\u00e3o as 10 cidades mais amig\u00e1veis do mundo, segundo turistas","author":"ismaelcolosi.com.br","date":"11 de December de 2023","format":false,"excerpt":"Cr\u00e9ditos: iStock\/pawel.gaul Dublin, na Irlanda, aparece na lista das cidades mais amig\u00e1veis Uma pesquisa realizada pela Preply, plataforma de aprendizado de idiomas, concluiu que o Rio de Janeiro figura no ranking das cidades menos amig\u00e1veis do mundo. Logo atr\u00e1s da Cidade Maravilhosa, a lista traz Mumbai, na \u00cdndia, Kuala Lampur,\u2026","rel":"","context":"In &quot;Variedades&quot;","block_context":{"text":"Variedades","link":"https:\/\/ismaelcolosi.com.br\/index.php\/category\/variedades\/"},"img":{"alt_text":"","src":"https:\/\/i0.wp.com\/ismaelcolosi.com.br\/wp-content\/uploads\/2023\/12\/img-2498.jpeg?fit=1200%2C638&ssl=1&resize=350%2C200","width":350,"height":200,"srcset":"https:\/\/i0.wp.com\/ismaelcolosi.com.br\/wp-content\/uploads\/2023\/12\/img-2498.jpeg?fit=1200%2C638&ssl=1&resize=350%2C200 1x, https:\/\/i0.wp.com\/ismaelcolosi.com.br\/wp-content\/uploads\/2023\/12\/img-2498.jpeg?fit=1200%2C638&ssl=1&resize=525%2C300 1.5x, https:\/\/i0.wp.com\/ismaelcolosi.com.br\/wp-content\/uploads\/2023\/12\/img-2498.jpeg?fit=1200%2C638&ssl=1&resize=700%2C400 2x, https:\/\/i0.wp.com\/ismaelcolosi.com.br\/wp-content\/uploads\/2023\/12\/img-2498.jpeg?fit=1200%2C638&ssl=1&resize=1050%2C600 3x"},"classes":[]},{"id":14111,"url":"https:\/\/ismaelcolosi.com.br\/index.php\/2023\/12\/11\/por-que-cidade-brasileira-foi-eleita-como-uma-das-piores-do-mundo-veja-2-pontos\/","url_meta":{"origin":69559,"position":5},"title":"Por que cidade brasileira foi eleita como uma das piores do mundo? Veja 2 pontos","author":"ismaelcolosi.com.br","date":"11 de December de 2023","format":false,"excerpt":"Cr\u00e9ditos: iStock\/dabldyVeja as piores cidades do mundo para visitar Sabe aquela sensa\u00e7\u00e3o gostosa de se sentir bem-vindo em um lugar, mesmo quando se est\u00e1 longe de casa, passeando por um territ\u00f3rio completamente desconhecido? Pode parecer subjetivo mensurar essa percep\u00e7\u00e3o, mas a Preply, uma conhecida plataforma de ensino de idiomas com\u2026","rel":"","context":"In &quot;Variedades&quot;","block_context":{"text":"Variedades","link":"https:\/\/ismaelcolosi.com.br\/index.php\/category\/variedades\/"},"img":{"alt_text":"","src":"https:\/\/i0.wp.com\/ismaelcolosi.com.br\/wp-content\/uploads\/2023\/12\/istock-1480832205-scaled.jpg?fit=1200%2C638&ssl=1&resize=350%2C200","width":350,"height":200,"srcset":"https:\/\/i0.wp.com\/ismaelcolosi.com.br\/wp-content\/uploads\/2023\/12\/istock-1480832205-scaled.jpg?fit=1200%2C638&ssl=1&resize=350%2C200 1x, https:\/\/i0.wp.com\/ismaelcolosi.com.br\/wp-content\/uploads\/2023\/12\/istock-1480832205-scaled.jpg?fit=1200%2C638&ssl=1&resize=525%2C300 1.5x, https:\/\/i0.wp.com\/ismaelcolosi.com.br\/wp-content\/uploads\/2023\/12\/istock-1480832205-scaled.jpg?fit=1200%2C638&ssl=1&resize=700%2C400 2x, https:\/\/i0.wp.com\/ismaelcolosi.com.br\/wp-content\/uploads\/2023\/12\/istock-1480832205-scaled.jpg?fit=1200%2C638&ssl=1&resize=1050%2C600 3x"},"classes":[]}],"jetpack_sharing_enabled":true,"jetpack_shortlink":"https:\/\/wp.me\/pfMlyK-i5V","_links":{"self":[{"href":"https:\/\/ismaelcolosi.com.br\/index.php\/wp-json\/wp\/v2\/posts\/69559","targetHints":{"allow":["GET"]}}],"collection":[{"href":"https:\/\/ismaelcolosi.com.br\/index.php\/wp-json\/wp\/v2\/posts"}],"about":[{"href":"https:\/\/ismaelcolosi.com.br\/index.php\/wp-json\/wp\/v2\/types\/post"}],"author":[{"embeddable":true,"href":"https:\/\/ismaelcolosi.com.br\/index.php\/wp-json\/wp\/v2\/users\/1"}],"replies":[{"embeddable":true,"href":"https:\/\/ismaelcolosi.com.br\/index.php\/wp-json\/wp\/v2\/comments?post=69559"}],"version-history":[{"count":0,"href":"https:\/\/ismaelcolosi.com.br\/index.php\/wp-json\/wp\/v2\/posts\/69559\/revisions"}],"wp:featuredmedia":[{"embeddable":true,"href":"https:\/\/ismaelcolosi.com.br\/index.php\/wp-json\/wp\/v2\/media\/69230"}],"wp:attachment":[{"href":"https:\/\/ismaelcolosi.com.br\/index.php\/wp-json\/wp\/v2\/media?parent=69559"}],"wp:term":[{"taxonomy":"category","embeddable":true,"href":"https:\/\/ismaelcolosi.com.br\/index.php\/wp-json\/wp\/v2\/categories?post=69559"},{"taxonomy":"post_tag","embeddable":true,"href":"https:\/\/ismaelcolosi.com.br\/index.php\/wp-json\/wp\/v2\/tags?post=69559"}],"curies":[{"name":"wp","href":"https:\/\/api.w.org\/{rel}","templated":true}]}}