{"id":69557,"date":"2024-10-06T17:22:08","date_gmt":"2024-10-06T20:22:08","guid":{"rendered":"https:\/\/ismaelcolosi.com.br\/index.php\/2024\/10\/06\/tempo-real-acompanhe-a-apuracao-dos-votos-do-1o-turno-em-ribeirao-preto\/"},"modified":"2024-10-06T17:22:08","modified_gmt":"2024-10-06T20:22:08","slug":"tempo-real-acompanhe-a-apuracao-dos-votos-do-1o-turno-em-ribeirao-preto","status":"publish","type":"post","link":"https:\/\/ismaelcolosi.com.br\/index.php\/2024\/10\/06\/tempo-real-acompanhe-a-apuracao-dos-votos-do-1o-turno-em-ribeirao-preto\/","title":{"rendered":"Tempo real: Acompanhe a apura\u00e7\u00e3o dos votos do 1\u00ba turno em Ribeir\u00e3o Preto"},"content":{"rendered":"<p> <br \/>\n<\/p>\n<div data-td-block-uid=\"tdi_106\">\n<div class=\"tdb-block-inner td-fix-index\">\n<div id=\"conteudo-loading\" class=\"mt-5\">\n<div id=\"loading\"><img data-recalc-dims=\"1\" decoding=\"async\" src=\"https:\/\/i0.wp.com\/www.acidadeon.com\/ribeiraopreto\/wp-content\/plugins\/resultado-eleicoes\/images\/loading.gif?w=100&#038;ssl=1\" alt=\"Carregando...\" \/>Carregando&#8230;<\/div>\n<\/p><\/div>\n<p><!-- Div do overlay de loading --><\/p>\n<div id=\"conteudo-eleicoes\" class=\"mt-5\">\n<div id=\"alterar-cidade\" class=\"row mb-3\" style=\"display:none;\">\n<p>\n                                <label for=\"select-cidade\" class=\"form-label\"><i class=\"fa-solid fa-location-pin\"\/> Cidades:<\/label><br \/>\n                                <select id=\"select-cidade\" class=\"form-select\" onchange=\"redirectToPage()\"><option value=\"\">&#8230; Mais cidades &#8230;<\/option><option value=\"igarapava\">IGARAPAVA<\/option><option value=\"jardin\u00f3polis\">JARDIN\u00d3POLIS<\/option><option value=\"ribeir\u00e3o preto\" selected=\"selected\">RIBEIR\u00c3O PRETO<\/option><option value=\"lu\u00eds ant\u00f4nio\">LU\u00cdS ANT\u00d4NIO<\/option><option value=\"buritizal\">BURITIZAL<\/option><option value=\"santa ernestina\">SANTA ERNESTINA<\/option><option value=\"jeriquara\">JERIQUARA<\/option><option value=\"miguel\u00f3polis\">MIGUEL\u00d3POLIS<\/option><option value=\"c\u00e2ndido rodrigues\">C\u00c2NDIDO RODRIGUES<\/option><option value=\"pedregulho\">PEDREGULHO<\/option><option value=\"monte alto\">MONTE ALTO<\/option><option value=\"jaborandi\">JABORANDI<\/option><option value=\"c\u00e1ssia dos coqueiros\">C\u00c1SSIA DOS COQUEIROS<\/option><option value=\"orl\u00e2ndia\">ORL\u00c2NDIA<\/option><option value=\"rifaina\">RIFAINA<\/option><option value=\"guariba\">GUARIBA<\/option><option value=\"santa rosa de viterbo\">SANTA ROSA DE VITERBO<\/option><option value=\"patroc\u00ednio paulista\">PATROC\u00cdNIO PAULISTA<\/option><option value=\"pirangi\">PIRANGI<\/option><option value=\"ribeir\u00e3o corrente\">RIBEIR\u00c3O CORRENTE<\/option><option value=\"itirapu\u00e3\">ITIRAPU\u00c3<\/option><option value=\"serra azul\">SERRA AZUL<\/option><option value=\"pitangueiras\">PITANGUEIRAS<\/option><option value=\"s\u00e3o joaquim da barra\">S\u00c3O JOAQUIM DA BARRA<\/option><option value=\"jaboticabal\">JABOTICABAL<\/option><option value=\"sert\u00e3ozinho\">SERT\u00c3OZINHO<\/option><\/select>\n                            <\/p>\n<\/p><\/div>\n<div id=\"conteudo-tab-cargo\" class=\"tab-content\">\n<div class=\"tab-pane fade show active\" id=\"prefeito-tab-pane\" role=\"tabpanel\" aria-labelledby=\"prefeito-tab\" tabindex=\"0\">\n<p>\n                                N\u00e3o foram encontrados candidatos com o nome pesquisado.\n                            <\/p>\n<div id=\"totalizacao-cidade\" class=\"card mb-3 shadow-md card-style-header\">\n<div class=\"card-body\">\n<p>                                <span class=\"card-text mt-2 data-atualizacao\">\u00daltima atualiza\u00e7\u00e3o: 06\/10\/2024 17:22:08<\/span>\n                            <\/div>\n<\/p><\/div>\n<div class=\"row\">\n<div class=\"col-lg-12\">\n<div class=\"card mb-4 prefeito-result shadow-md\">\n<div class=\"card-body\">\n<div class=\"row\">\n<div class=\"col-sm-7 col-md-8 col-lg-8 col-xl-5 col-xxl-7\">\n<div class=\"row\">\n<div class=\"col-4 col-sm-4 col-md-3 col-lg-2 col-xl-3 col-xxl-3\">\n                                                            <img data-recalc-dims=\"1\" decoding=\"async\" src=\"https:\/\/i0.wp.com\/resultados.tse.jus.br\/oficial\/ele2024\/619\/fotos\/sp\/250001909045.jpeg?ssl=1\" alt=\"Imagem do Candidato\" class=\"img-fluid candidate-image\"\/>\n                                                        <\/div>\n<div class=\"col-8 col-sm-8 col-md-9 col-lg-10 col-xl-9 col-xxl-9\">\n<h5 class=\"card-title nome-candidato\">MARCO AURELIO MARTINS DE SOUSA (30)<\/h5>\n<p>NOVO<\/p>\n<p><strong>VICE:<\/strong> ANTONIO CARLOS DA FREIRIA<\/p>\n<p><span class=\"percentual-votos\">0.00%<\/span> <span class=\"numero-votos\">(0 votos)<\/span><\/p>\n<\/p><\/div>\n<\/p><\/div>\n<\/p><\/div>\n<\/p><\/div>\n<\/p><\/div>\n<\/p><\/div>\n<\/p><\/div>\n<\/p><\/div>\n<div class=\"row\">\n<div class=\"col-lg-12\">\n<div class=\"card mb-4 prefeito-result shadow-md\">\n<div class=\"card-body\">\n<div class=\"row\">\n<div class=\"col-sm-7 col-md-8 col-lg-8 col-xl-5 col-xxl-7\">\n<div class=\"row\">\n<div class=\"col-4 col-sm-4 col-md-3 col-lg-2 col-xl-3 col-xxl-3\">\n                                                            <img data-recalc-dims=\"1\" decoding=\"async\" src=\"https:\/\/i0.wp.com\/resultados.tse.jus.br\/oficial\/ele2024\/619\/fotos\/sp\/250002204895.jpeg?ssl=1\" alt=\"Imagem do Candidato\" class=\"img-fluid candidate-image\"\/>\n                                                        <\/div>\n<div class=\"col-8 col-sm-8 col-md-9 col-lg-10 col-xl-9 col-xxl-9\">\n<h5 class=\"card-title nome-candidato\">ANDR\u00c9 RUBENS TRINDADE (44)<\/h5>\n<p>UNI\u00c3O<\/p>\n<p><strong>VICE:<\/strong> ALESSANDRO HIRATA<\/p>\n<p><span class=\"percentual-votos\">0.00%<\/span> <span class=\"numero-votos\">(0 votos)<\/span><\/p>\n<\/p><\/div>\n<\/p><\/div>\n<\/p><\/div>\n<\/p><\/div>\n<\/p><\/div>\n<\/p><\/div>\n<\/p><\/div>\n<\/p><\/div>\n<div class=\"row\">\n<div class=\"col-lg-12\">\n<div class=\"card mb-4 prefeito-result shadow-md\">\n<div class=\"card-body\">\n<div class=\"row\">\n<div class=\"col-sm-7 col-md-8 col-lg-8 col-xl-5 col-xxl-7\">\n<div class=\"row\">\n<div class=\"col-4 col-sm-4 col-md-3 col-lg-2 col-xl-3 col-xxl-3\">\n                                                            <img data-recalc-dims=\"1\" decoding=\"async\" src=\"https:\/\/i0.wp.com\/resultados.tse.jus.br\/oficial\/ele2024\/619\/fotos\/sp\/250002200256.jpeg?ssl=1\" alt=\"Imagem do Candidato\" class=\"img-fluid candidate-image\"\/>\n                                                        <\/div>\n<div class=\"col-8 col-sm-8 col-md-9 col-lg-10 col-xl-9 col-xxl-9\">\n<h5 class=\"card-title nome-candidato\">JORGE AUGUSTO ROQUE SOUZA (13)<\/h5>\n<p>PT<\/p>\n<p><strong>VICE:<\/strong> MARIA EUNICE TORRES DA SILVA<\/p>\n<p><span class=\"percentual-votos\">0.00%<\/span> <span class=\"numero-votos\">(0 votos)<\/span><\/p>\n<\/p><\/div>\n<\/p><\/div>\n<\/p><\/div>\n<\/p><\/div>\n<\/p><\/div>\n<\/p><\/div>\n<\/p><\/div>\n<\/p><\/div>\n<div class=\"row\">\n<div class=\"col-lg-12\">\n<div class=\"card mb-4 prefeito-result shadow-md\">\n<div class=\"card-body\">\n<div class=\"row\">\n<div class=\"col-sm-7 col-md-8 col-lg-8 col-xl-5 col-xxl-7\">\n<div class=\"row\">\n<div class=\"col-4 col-sm-4 col-md-3 col-lg-2 col-xl-3 col-xxl-3\">\n                                                            <img data-recalc-dims=\"1\" decoding=\"async\" src=\"https:\/\/i0.wp.com\/resultados.tse.jus.br\/oficial\/ele2024\/619\/fotos\/sp\/250002398895.jpeg?ssl=1\" alt=\"Imagem do Candidato\" class=\"img-fluid candidate-image\"\/>\n                                                        <\/div>\n<div class=\"col-8 col-sm-8 col-md-9 col-lg-10 col-xl-9 col-xxl-9\">\n<h5 class=\"card-title nome-candidato\">MATHEUS GOMES COELHO (27)<\/h5>\n<p>DC<\/p>\n<p><strong>VICE:<\/strong> MILENA CAMPOS BRESSAN JAVARONI<\/p>\n<p>\n                                                            <span class=\"badge badge-warning\" style=\"color: #fff;background-color: #ffc107;font-size: 12px;\">Anulado sub judice<\/span><\/p>\n<p><span class=\"percentual-votos\">0.00%<\/span> <span class=\"numero-votos\">(0 votos)<\/span><\/p>\n<\/p><\/div>\n<\/p><\/div>\n<\/p><\/div>\n<\/p><\/div>\n<\/p><\/div>\n<\/p><\/div>\n<\/p><\/div>\n<\/p><\/div>\n<div class=\"row\">\n<div class=\"col-lg-12\">\n<div class=\"card mb-4 prefeito-result shadow-md\">\n<div class=\"card-body\">\n<div class=\"row\">\n<div class=\"col-sm-7 col-md-8 col-lg-8 col-xl-5 col-xxl-7\">\n<div class=\"row\">\n<div class=\"col-4 col-sm-4 col-md-3 col-lg-2 col-xl-3 col-xxl-3\">\n                                                            <img data-recalc-dims=\"1\" decoding=\"async\" src=\"https:\/\/i0.wp.com\/resultados.tse.jus.br\/oficial\/ele2024\/619\/fotos\/sp\/250002068131.jpeg?ssl=1\" alt=\"Imagem do Candidato\" class=\"img-fluid candidate-image\"\/>\n                                                        <\/div>\n<div class=\"col-8 col-sm-8 col-md-9 col-lg-10 col-xl-9 col-xxl-9\">\n<h5 class=\"card-title nome-candidato\">RICARDO AUGUSTO MACHADO DA SILVA (55)<\/h5>\n<p>PSD<\/p>\n<p><strong>VICE:<\/strong> ALESSANDRO DA SILVA FIRMINO<\/p>\n<p><span class=\"percentual-votos\">0.00%<\/span> <span class=\"numero-votos\">(0 votos)<\/span><\/p>\n<\/p><\/div>\n<\/p><\/div>\n<\/p><\/div>\n<\/p><\/div>\n<\/p><\/div>\n<\/p><\/div>\n<\/p><\/div>\n<\/p><\/div>\n<\/p><\/div>\n<div class=\"tab-pane fade\" id=\"vereador-tab-pane\" role=\"tabpanel\" aria-labelledby=\"vereador-tab\" tabindex=\"0\">\n<p>\n                            N\u00e3o foram encontrados candidatos com o nome pesquisado.\n                        <\/p>\n<div class=\"row\">\n<div class=\"col-lg-12\">\n<div class=\"card mb-4 vereador-result shadow-md\">\n<div class=\"card-body\">\n<div class=\"row\">\n<div class=\"col-sm-8 col-md-8 col-lg-8 col-xl-5 col-xxl-7\">\n<div class=\"row\">\n<div class=\"col-4 col-sm-4 col-md-3 col-lg-2 col-xl-3 col-xxl-3\">\n                                                        <img data-recalc-dims=\"1\" decoding=\"async\" src=\"https:\/\/i0.wp.com\/resultados.tse.jus.br\/oficial\/ele2024\/619\/fotos\/sp\/250002120326.jpeg?ssl=1\" alt=\"Imagem do Candidato\" class=\"img-fluid candidate-image\"\/>\n                                                    <\/div>\n<div class=\"col-8 col-sm-8 col-md-9 col-lg-10 col-xl-9 col-xxl-9\">\n<h5 class=\"card-title nome-candidato\">JUAREZ DONIZETE DE MELO (45500)<\/h5>\n<p>PSDB<\/p>\n<p><span class=\"percentual-votos\">0.00%<\/span> <span class=\"numero-votos\">(0 votos)<\/span><\/p>\n<\/p><\/div>\n<\/p><\/div>\n<\/p><\/div>\n<\/p><\/div>\n<\/p><\/div>\n<\/p><\/div>\n<\/p><\/div>\n<\/p><\/div>\n<div class=\"row\">\n<div class=\"col-lg-12\">\n<div class=\"card mb-4 vereador-result shadow-md\">\n<div class=\"card-body\">\n<div class=\"row\">\n<div class=\"col-sm-8 col-md-8 col-lg-8 col-xl-5 col-xxl-7\">\n<div class=\"row\">\n<div class=\"col-4 col-sm-4 col-md-3 col-lg-2 col-xl-3 col-xxl-3\">\n                                                        <img data-recalc-dims=\"1\" decoding=\"async\" src=\"https:\/\/i0.wp.com\/resultados.tse.jus.br\/oficial\/ele2024\/619\/fotos\/sp\/250002120340.jpeg?ssl=1\" alt=\"Imagem do Candidato\" class=\"img-fluid candidate-image\"\/>\n                                                    <\/div>\n<div class=\"col-8 col-sm-8 col-md-9 col-lg-10 col-xl-9 col-xxl-9\">\n<h5 class=\"card-title nome-candidato\">LAERTO LUIS PELEGRINI (45111)<\/h5>\n<p>PSDB<\/p>\n<p><span class=\"percentual-votos\">0.00%<\/span> <span class=\"numero-votos\">(0 votos)<\/span><\/p>\n<\/p><\/div>\n<\/p><\/div>\n<\/p><\/div>\n<\/p><\/div>\n<\/p><\/div>\n<\/p><\/div>\n<\/p><\/div>\n<\/p><\/div>\n<div class=\"row\">\n<div class=\"col-lg-12\">\n<div class=\"card mb-4 vereador-result shadow-md\">\n<div class=\"card-body\">\n<div class=\"row\">\n<div class=\"col-sm-8 col-md-8 col-lg-8 col-xl-5 col-xxl-7\">\n<div class=\"row\">\n<div class=\"col-4 col-sm-4 col-md-3 col-lg-2 col-xl-3 col-xxl-3\">\n                                                        <img data-recalc-dims=\"1\" decoding=\"async\" src=\"https:\/\/i0.wp.com\/resultados.tse.jus.br\/oficial\/ele2024\/619\/fotos\/sp\/250001988790.jpeg?ssl=1\" alt=\"Imagem do Candidato\" class=\"img-fluid candidate-image\"\/>\n                                                    <\/div>\n<div class=\"col-8 col-sm-8 col-md-9 col-lg-10 col-xl-9 col-xxl-9\">\n<h5 class=\"card-title nome-candidato\">JOS\u00c9 URIAS ALVES (10300)<\/h5>\n<p>REPUBLICANOS<\/p>\n<p><span class=\"percentual-votos\">0.00%<\/span> <span class=\"numero-votos\">(0 votos)<\/span><\/p>\n<\/p><\/div>\n<\/p><\/div>\n<\/p><\/div>\n<\/p><\/div>\n<\/p><\/div>\n<\/p><\/div>\n<\/p><\/div>\n<\/p><\/div>\n<div class=\"row\">\n<div class=\"col-lg-12\">\n<div class=\"card mb-4 vereador-result shadow-md\">\n<div class=\"card-body\">\n<div class=\"row\">\n<div class=\"col-sm-8 col-md-8 col-lg-8 col-xl-5 col-xxl-7\">\n<div class=\"row\">\n<div class=\"col-4 col-sm-4 col-md-3 col-lg-2 col-xl-3 col-xxl-3\">\n                                                        <img data-recalc-dims=\"1\" decoding=\"async\" src=\"https:\/\/i0.wp.com\/resultados.tse.jus.br\/oficial\/ele2024\/619\/fotos\/sp\/250001988777.jpeg?ssl=1\" alt=\"Imagem do Candidato\" class=\"img-fluid candidate-image\"\/>\n                                                    <\/div>\n<div class=\"col-8 col-sm-8 col-md-9 col-lg-10 col-xl-9 col-xxl-9\">\n<h5 class=\"card-title nome-candidato\">EUCLIDES CARLOS DE OLIVEIRA (10100)<\/h5>\n<p>REPUBLICANOS<\/p>\n<p><span class=\"percentual-votos\">0.00%<\/span> <span class=\"numero-votos\">(0 votos)<\/span><\/p>\n<\/p><\/div>\n<\/p><\/div>\n<\/p><\/div>\n<\/p><\/div>\n<\/p><\/div>\n<\/p><\/div>\n<\/p><\/div>\n<\/p><\/div>\n<div class=\"row\">\n<div class=\"col-lg-12\">\n<div class=\"card mb-4 vereador-result shadow-md\">\n<div class=\"card-body\">\n<div class=\"row\">\n<div class=\"col-sm-8 col-md-8 col-lg-8 col-xl-5 col-xxl-7\">\n<div class=\"row\">\n<div class=\"col-4 col-sm-4 col-md-3 col-lg-2 col-xl-3 col-xxl-3\">\n                                                        <img data-recalc-dims=\"1\" decoding=\"async\" src=\"https:\/\/i0.wp.com\/resultados.tse.jus.br\/oficial\/ele2024\/619\/fotos\/sp\/250001988779.jpeg?ssl=1\" alt=\"Imagem do Candidato\" class=\"img-fluid candidate-image\"\/>\n                                                    <\/div>\n<div class=\"col-8 col-sm-8 col-md-9 col-lg-10 col-xl-9 col-xxl-9\">\n<h5 class=\"card-title nome-candidato\">EDVALDO DE AVEIRO (10567)<\/h5>\n<p>REPUBLICANOS<\/p>\n<p><span class=\"percentual-votos\">0.00%<\/span> <span class=\"numero-votos\">(0 votos)<\/span><\/p>\n<\/p><\/div>\n<\/p><\/div>\n<\/p><\/div>\n<\/p><\/div>\n<\/p><\/div>\n<\/p><\/div>\n<\/p><\/div>\n<\/p><\/div>\n<div class=\"row\">\n<div class=\"col-lg-12\">\n<div class=\"card mb-4 vereador-result shadow-md\">\n<div class=\"card-body\">\n<div class=\"row\">\n<div class=\"col-sm-8 col-md-8 col-lg-8 col-xl-5 col-xxl-7\">\n<div class=\"row\">\n<div class=\"col-4 col-sm-4 col-md-3 col-lg-2 col-xl-3 col-xxl-3\">\n                                                        <img data-recalc-dims=\"1\" decoding=\"async\" src=\"https:\/\/i0.wp.com\/resultados.tse.jus.br\/oficial\/ele2024\/619\/fotos\/sp\/250001988783.jpeg?ssl=1\" alt=\"Imagem do Candidato\" class=\"img-fluid candidate-image\"\/>\n                                                    <\/div>\n<div class=\"col-8 col-sm-8 col-md-9 col-lg-10 col-xl-9 col-xxl-9\">\n<h5 class=\"card-title nome-candidato\">EVA TEIXEIRA DA SILVA (10200)<\/h5>\n<p>REPUBLICANOS<\/p>\n<p><span class=\"percentual-votos\">0.00%<\/span> <span class=\"numero-votos\">(0 votos)<\/span><\/p>\n<\/p><\/div>\n<\/p><\/div>\n<\/p><\/div>\n<\/p><\/div>\n<\/p><\/div>\n<\/p><\/div>\n<\/p><\/div>\n<\/p><\/div>\n<div class=\"row\">\n<div class=\"col-lg-12\">\n<div class=\"card mb-4 vereador-result shadow-md\">\n<div class=\"card-body\">\n<div class=\"row\">\n<div class=\"col-sm-8 col-md-8 col-lg-8 col-xl-5 col-xxl-7\">\n<div class=\"row\">\n<div class=\"col-4 col-sm-4 col-md-3 col-lg-2 col-xl-3 col-xxl-3\">\n                                                        <img data-recalc-dims=\"1\" decoding=\"async\" src=\"https:\/\/i0.wp.com\/resultados.tse.jus.br\/oficial\/ele2024\/619\/fotos\/sp\/250001988785.jpeg?ssl=1\" alt=\"Imagem do Candidato\" class=\"img-fluid candidate-image\"\/>\n                                                    <\/div>\n<div class=\"col-8 col-sm-8 col-md-9 col-lg-10 col-xl-9 col-xxl-9\">\n<h5 class=\"card-title nome-candidato\">SONIA APARECIDA CARDONI DA SILVA (10000)<\/h5>\n<p>REPUBLICANOS<\/p>\n<p><span class=\"percentual-votos\">0.00%<\/span> <span class=\"numero-votos\">(0 votos)<\/span><\/p>\n<\/p><\/div>\n<\/p><\/div>\n<\/p><\/div>\n<\/p><\/div>\n<\/p><\/div>\n<\/p><\/div>\n<\/p><\/div>\n<\/p><\/div>\n<div class=\"row\">\n<div class=\"col-lg-12\">\n<div class=\"card mb-4 vereador-result shadow-md\">\n<div class=\"card-body\">\n<div class=\"row\">\n<div class=\"col-sm-8 col-md-8 col-lg-8 col-xl-5 col-xxl-7\">\n<div class=\"row\">\n<div class=\"col-4 col-sm-4 col-md-3 col-lg-2 col-xl-3 col-xxl-3\">\n                                                        <img data-recalc-dims=\"1\" decoding=\"async\" src=\"https:\/\/i0.wp.com\/resultados.tse.jus.br\/oficial\/ele2024\/619\/fotos\/sp\/250001988789.jpeg?ssl=1\" alt=\"Imagem do Candidato\" class=\"img-fluid candidate-image\"\/>\n                                                    <\/div>\n<div class=\"col-8 col-sm-8 col-md-9 col-lg-10 col-xl-9 col-xxl-9\">\n<h5 class=\"card-title nome-candidato\">GL\u00c1UCIA BERENICE SANTOS DA SILVA (10012)<\/h5>\n<p>REPUBLICANOS<\/p>\n<p><span class=\"percentual-votos\">0.00%<\/span> <span class=\"numero-votos\">(0 votos)<\/span><\/p>\n<\/p><\/div>\n<\/p><\/div>\n<\/p><\/div>\n<\/p><\/div>\n<\/p><\/div>\n<\/p><\/div>\n<\/p><\/div>\n<\/p><\/div>\n<\/p><\/div>\n<\/div>\n<\/div>\n<p>O <strong>1\u00ba turno das elei\u00e7\u00f5es municipais <\/strong>aconteceu neste domingo (6) e voc\u00ea pode acompanhar a apura\u00e7\u00e3o dos votos para prefeito de <strong>Ribeir\u00e3o Preto<\/strong> e vereador em tempo real no <strong>acidade on<\/strong> \u2013 ou <a href=\"https:\/\/apuracao.acidadeon.com\/\" target=\"_blank\" rel=\"noreferrer noopener nofollow\">clique aqui<\/a>.<\/p>\n<p>Os dados foram disponibilizados pelo <strong><a href=\"https:\/\/www.tse.jus.br\/#\/\" target=\"_blank\" rel=\"noreferrer noopener nofollow\">TSE (Tribunal Superior Eleitoral)<\/a><\/strong>.<\/p>\n<h4 class=\"wp-block-heading\"><strong>Apura\u00e7\u00e3o em tempo real<\/strong><\/h4>\n<p>O <strong>acidade on<\/strong> vai divulgar os n\u00fameros da apura\u00e7\u00e3o das elei\u00e7\u00f5es 2024 em tempo real a partir das 17h.<\/p>\n<p>O internauta escolhe o munic\u00edpio que quer ver a apura\u00e7\u00e3o. Os n\u00fameros ser\u00e3o atualizados pelo TSE logo em seguida ao t\u00e9rmino da vota\u00e7\u00e3o.<\/p>\n<p>Pela primeira vez, uma elei\u00e7\u00e3o municipal foi realizada em hor\u00e1rio \u00fanico em todo o pa\u00eds: das 8h \u00e0s 17h, conforme o hor\u00e1rio de Bras\u00edlia.<\/p>\n<p>Com a unifica\u00e7\u00e3o do hor\u00e1rio da vota\u00e7\u00e3o, a apura\u00e7\u00e3o dos resultados deve ter in\u00edcio a partir das 17h pelo hor\u00e1rio oficial de Bras\u00edlia.<\/p>\n<p>SAIBA MAIS<br \/>Cidade na regi\u00e3o de Ribeir\u00e3o tem ruas totalmente limpas durante as elei\u00e7\u00f5es; V\u00eddeo<\/p>\n<h4 class=\"wp-block-heading\"><strong>FIQUE ON<\/strong><\/h4>\n<p>Fique ligado em tudo que acontece em Ribeir\u00e3o Preto e regi\u00e3o. Siga os perfis do <strong>acidade on<\/strong> no <a href=\"https:\/\/www.instagram.com\/acidadeonribeirao\" target=\"_blank\" rel=\"noreferrer noopener nofollow\">Instagram <\/a>e no <a href=\"https:\/\/www.facebook.com\/acidadeonribeirao\/\" target=\"_blank\" rel=\"noreferrer noopener nofollow\">Facebook<\/a>.<\/p>\n<p>Receba not\u00edcias do <strong>acidade on<\/strong> no WhatsApp. <a href=\"https:\/\/chat.whatsapp.com\/Fg4ok3aAVyB59DP63pRapr\" target=\"_blank\" rel=\"noreferrer noopener nofollow\">Para entrar no grupo, basta clicar aqui.<\/a><\/p>\n<p>Fa\u00e7a uma den\u00fancia ou sugira uma reportagem sobre Ribeir\u00e3o Preto e regi\u00e3o pelo WhatsApp: 16 99117 7802.<\/p>\n<p>VEJA TAMB\u00c9M<br \/>Qual a previs\u00e3o do tempo para a pr\u00f3xima semana em SP?<\/p>\n<p><!-- CONTENT END 1 -->\n<\/div>\n<\/div>\n<p><script async src=\"\/\/www.instagram.com\/embed.js\"><\/script><br \/>\n<br \/><br \/>\n<br \/><a href=\"https:\/\/www.acidadeon.com\/ribeiraopreto\/politica\/eleicoes\/tempo-real-acompanhe-a-apuracao-dos-votos-do-1o-turno-em-ribeirao-preto\/\">Source link <\/a><\/p>\n","protected":false},"excerpt":{"rendered":"<p>Carregando&#8230; Cidades: &#8230; Mais cidades &#8230;IGARAPAVAJARDIN\u00d3POLISRIBEIR\u00c3O PRETOLU\u00cdS ANT\u00d4NIOBURITIZALSANTA ERNESTINAJERIQUARAMIGUEL\u00d3POLISC\u00c2NDIDO RODRIGUESPEDREGULHOMONTE ALTOJABORANDIC\u00c1SSIA DOS COQUEIROSORL\u00c2NDIARIFAINAGUARIBASANTA ROSA DE VITERBOPATROC\u00cdNIO PAULISTAPIRANGIRIBEIR\u00c3O CORRENTEITIRAPU\u00c3SERRA AZULPITANGUEIRASS\u00c3O JOAQUIM DA BARRAJABOTICABALSERT\u00c3OZINHO N\u00e3o foram encontrados&#8230;<\/p>\n","protected":false},"author":1,"featured_media":64528,"comment_status":"open","ping_status":"open","sticky":false,"template":"","format":"standard","meta":{"_uag_custom_page_level_css":"","advanced_seo_description":"","jetpack_seo_html_title":"","jetpack_seo_noindex":false,"jetpack_post_was_ever_published":false,"_jetpack_newsletter_access":"","_jetpack_dont_email_post_to_subs":false,"_jetpack_newsletter_tier_id":0,"_jetpack_memberships_contains_paywalled_content":false,"_jetpack_memberships_contains_paid_content":false,"footnotes":"","jetpack_publicize_message":"","jetpack_publicize_feature_enabled":true,"jetpack_social_post_already_shared":true,"jetpack_social_options":{"image_generator_settings":{"template":"highway","default_image_id":0,"font":"","enabled":false},"version":2}},"categories":[11],"tags":[],"class_list":["post-69557","post","type-post","status-publish","format-standard","has-post-thumbnail","hentry","category-noticias-de-ribeirao-preto-sp-e-regiao-ismael-colosi"],"jetpack_publicize_connections":[],"jetpack_featured_media_url":"https:\/\/i0.wp.com\/ismaelcolosi.com.br\/wp-content\/uploads\/2024\/09\/urna_2024-09-06_19-24-20_jpg_2024-09-06_19-24-20.webp.webp?fit=1170%2C700&ssl=1","uagb_featured_image_src":{"full":["https:\/\/i0.wp.com\/ismaelcolosi.com.br\/wp-content\/uploads\/2024\/09\/urna_2024-09-06_19-24-20_jpg_2024-09-06_19-24-20.webp.webp?fit=1170%2C700&ssl=1",1170,700,false],"thumbnail":["https:\/\/i0.wp.com\/ismaelcolosi.com.br\/wp-content\/uploads\/2024\/09\/urna_2024-09-06_19-24-20_jpg_2024-09-06_19-24-20.webp.webp?resize=150%2C150&ssl=1",150,150,true],"medium":["https:\/\/i0.wp.com\/ismaelcolosi.com.br\/wp-content\/uploads\/2024\/09\/urna_2024-09-06_19-24-20_jpg_2024-09-06_19-24-20.webp.webp?fit=300%2C179&ssl=1",300,179,true],"medium_large":["https:\/\/i0.wp.com\/ismaelcolosi.com.br\/wp-content\/uploads\/2024\/09\/urna_2024-09-06_19-24-20_jpg_2024-09-06_19-24-20.webp.webp?fit=768%2C459&ssl=1",768,459,true],"large":["https:\/\/i0.wp.com\/ismaelcolosi.com.br\/wp-content\/uploads\/2024\/09\/urna_2024-09-06_19-24-20_jpg_2024-09-06_19-24-20.webp.webp?fit=1024%2C613&ssl=1",1024,613,true],"1536x1536":["https:\/\/i0.wp.com\/ismaelcolosi.com.br\/wp-content\/uploads\/2024\/09\/urna_2024-09-06_19-24-20_jpg_2024-09-06_19-24-20.webp.webp?fit=1170%2C700&ssl=1",1170,700,true],"2048x2048":["https:\/\/i0.wp.com\/ismaelcolosi.com.br\/wp-content\/uploads\/2024\/09\/urna_2024-09-06_19-24-20_jpg_2024-09-06_19-24-20.webp.webp?fit=1170%2C700&ssl=1",1170,700,true],"really-simple-thumb":["https:\/\/i0.wp.com\/ismaelcolosi.com.br\/wp-content\/uploads\/2024\/09\/urna_2024-09-06_19-24-20_jpg_2024-09-06_19-24-20.webp.webp?resize=370%2C247&ssl=1",370,247,true]},"uagb_author_info":{"display_name":"ismaelcolosi.com.br","author_link":"https:\/\/ismaelcolosi.com.br\/index.php\/author\/vidareal-online\/"},"uagb_comment_info":0,"uagb_excerpt":"Carregando&#8230; Cidades: &#8230; Mais cidades &#8230;IGARAPAVAJARDIN\u00d3POLISRIBEIR\u00c3O PRETOLU\u00cdS ANT\u00d4NIOBURITIZALSANTA ERNESTINAJERIQUARAMIGUEL\u00d3POLISC\u00c2NDIDO RODRIGUESPEDREGULHOMONTE ALTOJABORANDIC\u00c1SSIA DOS COQUEIROSORL\u00c2NDIARIFAINAGUARIBASANTA ROSA DE VITERBOPATROC\u00cdNIO PAULISTAPIRANGIRIBEIR\u00c3O CORRENTEITIRAPU\u00c3SERRA AZULPITANGUEIRASS\u00c3O JOAQUIM DA BARRAJABOTICABALSERT\u00c3OZINHO N\u00e3o foram encontrados...","jetpack-related-posts":[{"id":64154,"url":"https:\/\/ismaelcolosi.com.br\/index.php\/2024\/09\/05\/veja-quais-cidades-da-regiao-de-ribeirao-preto-tem-apenas-um-candidato-a-prefeito\/","url_meta":{"origin":69557,"position":0},"title":"Veja quais cidades da regi\u00e3o de Ribeir\u00e3o Preto t\u00eam apenas um candidato a prefeito","author":"ismaelcolosi.com.br","date":"5 de September de 2024","format":false,"excerpt":"Vinte e seis munic\u00edpios do Estado de S\u00e3o Paulo t\u00eam apenas um candidato concorrendo \u00e0s elei\u00e7\u00f5es municiais de 2024. Conforme o Tribunal Regional Eleitoral de S\u00e3o Paulo (TRE-SP), quatro cidades s\u00e3o da regi\u00e3o de Ribeir\u00e3o Preto, sendo elas, Batatais, Fernando Prestes, Jaborandi e Nuporanga. Todas os munic\u00edpios com candidatura \u00fanica\u2026","rel":"","context":"In &quot;Not\u00edcias de Ribeir\u00e3o Preto-SP e Regi\u00e3o&quot;","block_context":{"text":"Not\u00edcias de Ribeir\u00e3o Preto-SP e Regi\u00e3o","link":"https:\/\/ismaelcolosi.com.br\/index.php\/category\/noticias-de-ribeirao-preto-sp-e-regiao-ismael-colosi\/"},"img":{"alt_text":"","src":"https:\/\/i0.wp.com\/ismaelcolosi.com.br\/wp-content\/uploads\/2024\/09\/20220619_110722566_urna_eletronica_1200x675_07042022173017.jpg?fit=1200%2C675&ssl=1&resize=350%2C200","width":350,"height":200,"srcset":"https:\/\/i0.wp.com\/ismaelcolosi.com.br\/wp-content\/uploads\/2024\/09\/20220619_110722566_urna_eletronica_1200x675_07042022173017.jpg?fit=1200%2C675&ssl=1&resize=350%2C200 1x, https:\/\/i0.wp.com\/ismaelcolosi.com.br\/wp-content\/uploads\/2024\/09\/20220619_110722566_urna_eletronica_1200x675_07042022173017.jpg?fit=1200%2C675&ssl=1&resize=525%2C300 1.5x, https:\/\/i0.wp.com\/ismaelcolosi.com.br\/wp-content\/uploads\/2024\/09\/20220619_110722566_urna_eletronica_1200x675_07042022173017.jpg?fit=1200%2C675&ssl=1&resize=700%2C400 2x, https:\/\/i0.wp.com\/ismaelcolosi.com.br\/wp-content\/uploads\/2024\/09\/20220619_110722566_urna_eletronica_1200x675_07042022173017.jpg?fit=1200%2C675&ssl=1&resize=1050%2C600 3x"},"classes":[]},{"id":75094,"url":"https:\/\/ismaelcolosi.com.br\/index.php\/2024\/11\/04\/ribeirao-preto-tem-alerta-de-perigo-para-chuvas-intensas-veja-mais-cidades-de-sp\/","url_meta":{"origin":69557,"position":1},"title":"Ribeir\u00e3o Preto tem alerta de \u2018perigo\u2019 para chuvas intensas; Veja mais cidades de SP","author":"ismaelcolosi.com.br","date":"4 de November de 2024","format":false,"excerpt":"O Inmet (Instituto Nacional de Meteorologia) emitiu um alerta de \u201cperigo\u201d para chuvas intensas em cidades do interior de S\u00e3o Paulo. O aviso, que tem in\u00edcio \u00e0s 14h desta segunda-feira (4) e segue at\u00e9 as 10h desta ter\u00e7a-feira (5), inclui Ribeir\u00e3o Preto e parte da regi\u00e3o. Clique aqui e veja\u2026","rel":"","context":"In &quot;Not\u00edcias de Ribeir\u00e3o Preto-SP e Regi\u00e3o&quot;","block_context":{"text":"Not\u00edcias de Ribeir\u00e3o Preto-SP e Regi\u00e3o","link":"https:\/\/ismaelcolosi.com.br\/index.php\/category\/noticias-de-ribeirao-preto-sp-e-regiao-ismael-colosi\/"},"img":{"alt_text":"","src":"https:\/\/i0.wp.com\/ismaelcolosi.com.br\/wp-content\/uploads\/2024\/10\/WhatsApp-Image-2024-10-15-at-08.25.28_2024-10-15_11-26-55_jpeg_2024-10-15_11-26-55.webp.webp?fit=1200%2C540&ssl=1&resize=350%2C200","width":350,"height":200,"srcset":"https:\/\/i0.wp.com\/ismaelcolosi.com.br\/wp-content\/uploads\/2024\/10\/WhatsApp-Image-2024-10-15-at-08.25.28_2024-10-15_11-26-55_jpeg_2024-10-15_11-26-55.webp.webp?fit=1200%2C540&ssl=1&resize=350%2C200 1x, https:\/\/i0.wp.com\/ismaelcolosi.com.br\/wp-content\/uploads\/2024\/10\/WhatsApp-Image-2024-10-15-at-08.25.28_2024-10-15_11-26-55_jpeg_2024-10-15_11-26-55.webp.webp?fit=1200%2C540&ssl=1&resize=525%2C300 1.5x, https:\/\/i0.wp.com\/ismaelcolosi.com.br\/wp-content\/uploads\/2024\/10\/WhatsApp-Image-2024-10-15-at-08.25.28_2024-10-15_11-26-55_jpeg_2024-10-15_11-26-55.webp.webp?fit=1200%2C540&ssl=1&resize=700%2C400 2x, https:\/\/i0.wp.com\/ismaelcolosi.com.br\/wp-content\/uploads\/2024\/10\/WhatsApp-Image-2024-10-15-at-08.25.28_2024-10-15_11-26-55_jpeg_2024-10-15_11-26-55.webp.webp?fit=1200%2C540&ssl=1&resize=1050%2C600 3x"},"classes":[]},{"id":74832,"url":"https:\/\/ismaelcolosi.com.br\/index.php\/2024\/11\/02\/ribeirao-preto-aparece-em-lista-de-cidades-com-mais-ofertas-de-servicos-confira\/","url_meta":{"origin":69557,"position":2},"title":"Ribeir\u00e3o Preto aparece em lista de cidades com mais ofertas de servi\u00e7os;\u00a0Confira","author":"ismaelcolosi.com.br","date":"2 de November de 2024","format":false,"excerpt":"As cidades de Ribeir\u00e3o Preto e Franca est\u00e3o entre as 100 maiores cidades do Brasil na quest\u00e3o de oferta de servi\u00e7os p\u00fablicos. De acordo com estudo da Macroplan, Franca aparece em segundo lugar enquanto Ribeir\u00e3o Preto ocupa a 13\u00ba coloca\u00e7\u00e3o. A lista \u00e9 feita baseada no \u00cdndice de Desafios da\u2026","rel":"","context":"In &quot;Not\u00edcias de Ribeir\u00e3o Preto-SP e Regi\u00e3o&quot;","block_context":{"text":"Not\u00edcias de Ribeir\u00e3o Preto-SP e Regi\u00e3o","link":"https:\/\/ismaelcolosi.com.br\/index.php\/category\/noticias-de-ribeirao-preto-sp-e-regiao-ismael-colosi\/"},"img":{"alt_text":"","src":"https:\/\/i0.wp.com\/ismaelcolosi.com.br\/wp-content\/uploads\/2024\/10\/catedral_2024-09-04_19-26-26_jpg_2024-09-04_19-26-26.webp.webp?fit=1200%2C900&ssl=1&resize=350%2C200","width":350,"height":200,"srcset":"https:\/\/i0.wp.com\/ismaelcolosi.com.br\/wp-content\/uploads\/2024\/10\/catedral_2024-09-04_19-26-26_jpg_2024-09-04_19-26-26.webp.webp?fit=1200%2C900&ssl=1&resize=350%2C200 1x, https:\/\/i0.wp.com\/ismaelcolosi.com.br\/wp-content\/uploads\/2024\/10\/catedral_2024-09-04_19-26-26_jpg_2024-09-04_19-26-26.webp.webp?fit=1200%2C900&ssl=1&resize=525%2C300 1.5x, https:\/\/i0.wp.com\/ismaelcolosi.com.br\/wp-content\/uploads\/2024\/10\/catedral_2024-09-04_19-26-26_jpg_2024-09-04_19-26-26.webp.webp?fit=1200%2C900&ssl=1&resize=700%2C400 2x, https:\/\/i0.wp.com\/ismaelcolosi.com.br\/wp-content\/uploads\/2024\/10\/catedral_2024-09-04_19-26-26_jpg_2024-09-04_19-26-26.webp.webp?fit=1200%2C900&ssl=1&resize=1050%2C600 3x"},"classes":[]},{"id":43776,"url":"https:\/\/ismaelcolosi.com.br\/index.php\/2024\/03\/23\/cidades-da-regiao-de-ribeirao-preto-recebem-o-dia-d-de-combate-a-dengue\/","url_meta":{"origin":69557,"position":3},"title":"Cidades da regi\u00e3o de Ribeir\u00e3o Preto recebem o Dia D de combate \u00e0 dengue","author":"ismaelcolosi.com.br","date":"23 de March de 2024","format":false,"excerpt":"Acontece neste s\u00e1bado (23) o segundo Dia D de combate ao mosquito Aedes aegypti, transmissor da dengue, na regi\u00e3o de Ribeir\u00e3o Preto. Ao todo, 18 cidades da regi\u00e3o participam da campanha que \u00e9 uma iniciativa da EPTV em parceria com as prefeituras. A a\u00e7\u00e3o tem o objetivo de conscientizar a\u2026","rel":"","context":"In &quot;Not\u00edcias de Ribeir\u00e3o Preto-SP e Regi\u00e3o&quot;","block_context":{"text":"Not\u00edcias de Ribeir\u00e3o Preto-SP e Regi\u00e3o","link":"https:\/\/ismaelcolosi.com.br\/index.php\/category\/noticias-de-ribeirao-preto-sp-e-regiao-ismael-colosi\/"},"img":{"alt_text":"","src":"https:\/\/i0.wp.com\/ismaelcolosi.com.br\/wp-content\/uploads\/2024\/03\/AnyConv.com__mosquito.webp.webp?fit=1024%2C576&ssl=1&resize=350%2C200","width":350,"height":200,"srcset":"https:\/\/i0.wp.com\/ismaelcolosi.com.br\/wp-content\/uploads\/2024\/03\/AnyConv.com__mosquito.webp.webp?fit=1024%2C576&ssl=1&resize=350%2C200 1x, https:\/\/i0.wp.com\/ismaelcolosi.com.br\/wp-content\/uploads\/2024\/03\/AnyConv.com__mosquito.webp.webp?fit=1024%2C576&ssl=1&resize=525%2C300 1.5x, https:\/\/i0.wp.com\/ismaelcolosi.com.br\/wp-content\/uploads\/2024\/03\/AnyConv.com__mosquito.webp.webp?fit=1024%2C576&ssl=1&resize=700%2C400 2x"},"classes":[]},{"id":44567,"url":"https:\/\/ismaelcolosi.com.br\/index.php\/2024\/03\/28\/veja-todas-as-cidades-do-interior-de-sp-que-vao-receber-a-vacina-contra-a-dengue\/","url_meta":{"origin":69557,"position":4},"title":"Veja todas as cidades do interior de SP que v\u00e3o receber a vacina contra a dengue","author":"ismaelcolosi.com.br","date":"28 de March de 2024","format":false,"excerpt":"O Minist\u00e9rio da Sa\u00fade anunciou que 49 munic\u00edpios do interior de S\u00e3o Paulo v\u00e3o receber as doses da vacina contra a dengue. Entre as cidades, est\u00e3o Ribeir\u00e3o Preto, Campinas e S\u00e3o Jos\u00e9 do Rio Preto. A capital do estado tamb\u00e9m vai receber os imunizantes. Confira abaixo a lista das cidades\u2026","rel":"","context":"In &quot;Not\u00edcias de Ribeir\u00e3o Preto-SP e Regi\u00e3o&quot;","block_context":{"text":"Not\u00edcias de Ribeir\u00e3o Preto-SP e Regi\u00e3o","link":"https:\/\/ismaelcolosi.com.br\/index.php\/category\/noticias-de-ribeirao-preto-sp-e-regiao-ismael-colosi\/"},"img":{"alt_text":"","src":"https:\/\/i0.wp.com\/ismaelcolosi.com.br\/wp-content\/uploads\/2024\/03\/AnyConv.com__vacina-dengue-1.webp.webp?fit=845%2C561&ssl=1&resize=350%2C200","width":350,"height":200,"srcset":"https:\/\/i0.wp.com\/ismaelcolosi.com.br\/wp-content\/uploads\/2024\/03\/AnyConv.com__vacina-dengue-1.webp.webp?fit=845%2C561&ssl=1&resize=350%2C200 1x, https:\/\/i0.wp.com\/ismaelcolosi.com.br\/wp-content\/uploads\/2024\/03\/AnyConv.com__vacina-dengue-1.webp.webp?fit=845%2C561&ssl=1&resize=525%2C300 1.5x, https:\/\/i0.wp.com\/ismaelcolosi.com.br\/wp-content\/uploads\/2024\/03\/AnyConv.com__vacina-dengue-1.webp.webp?fit=845%2C561&ssl=1&resize=700%2C400 2x"},"classes":[]},{"id":4093,"url":"https:\/\/ismaelcolosi.com.br\/index.php\/2023\/11\/20\/hotel-com-romeiros-de-cidades-da-regiao-de-ribeirao-preto-pega-fogo-em-aparecida\/","url_meta":{"origin":69557,"position":5},"title":"Hotel com romeiros de cidades da regi\u00e3o de Ribeir\u00e3o Preto pega fogo em Aparecida","author":"ismaelcolosi.com.br","date":"20 de November de 2023","format":false,"excerpt":"Um quarto de hotel, onde 50 romeiros de Franca e Cristais Paulistas, cidades na regi\u00e3o de Ribeir\u00e3o Preto, estavam hospedados, pegou fogo na noite do \u00faltimo s\u00e1bado (18), em Aparecida, regi\u00e3o do Vale do Para\u00edba. Os fi\u00e9is sa\u00edram da regi\u00e3o para visitar o Santu\u00e1rio Nacional de Nossa Senhora Aparecida, na\u2026","rel":"","context":"In &quot;Not\u00edcias de Ribeir\u00e3o Preto-SP e Regi\u00e3o&quot;","block_context":{"text":"Not\u00edcias de Ribeir\u00e3o Preto-SP e Regi\u00e3o","link":"https:\/\/ismaelcolosi.com.br\/index.php\/category\/noticias-de-ribeirao-preto-sp-e-regiao-ismael-colosi\/"},"img":{"alt_text":"","src":"https:\/\/i0.wp.com\/ismaelcolosi.com.br\/wp-content\/uploads\/2023\/11\/Design-sem-nome-9.png?fit=652%2C340&ssl=1&resize=350%2C200","width":350,"height":200,"srcset":"https:\/\/i0.wp.com\/ismaelcolosi.com.br\/wp-content\/uploads\/2023\/11\/Design-sem-nome-9.png?fit=652%2C340&ssl=1&resize=350%2C200 1x, https:\/\/i0.wp.com\/ismaelcolosi.com.br\/wp-content\/uploads\/2023\/11\/Design-sem-nome-9.png?fit=652%2C340&ssl=1&resize=525%2C300 1.5x"},"classes":[]}],"jetpack_sharing_enabled":true,"jetpack_shortlink":"https:\/\/wp.me\/pfMlyK-i5T","_links":{"self":[{"href":"https:\/\/ismaelcolosi.com.br\/index.php\/wp-json\/wp\/v2\/posts\/69557","targetHints":{"allow":["GET"]}}],"collection":[{"href":"https:\/\/ismaelcolosi.com.br\/index.php\/wp-json\/wp\/v2\/posts"}],"about":[{"href":"https:\/\/ismaelcolosi.com.br\/index.php\/wp-json\/wp\/v2\/types\/post"}],"author":[{"embeddable":true,"href":"https:\/\/ismaelcolosi.com.br\/index.php\/wp-json\/wp\/v2\/users\/1"}],"replies":[{"embeddable":true,"href":"https:\/\/ismaelcolosi.com.br\/index.php\/wp-json\/wp\/v2\/comments?post=69557"}],"version-history":[{"count":0,"href":"https:\/\/ismaelcolosi.com.br\/index.php\/wp-json\/wp\/v2\/posts\/69557\/revisions"}],"wp:featuredmedia":[{"embeddable":true,"href":"https:\/\/ismaelcolosi.com.br\/index.php\/wp-json\/wp\/v2\/media\/64528"}],"wp:attachment":[{"href":"https:\/\/ismaelcolosi.com.br\/index.php\/wp-json\/wp\/v2\/media?parent=69557"}],"wp:term":[{"taxonomy":"category","embeddable":true,"href":"https:\/\/ismaelcolosi.com.br\/index.php\/wp-json\/wp\/v2\/categories?post=69557"},{"taxonomy":"post_tag","embeddable":true,"href":"https:\/\/ismaelcolosi.com.br\/index.php\/wp-json\/wp\/v2\/tags?post=69557"}],"curies":[{"name":"wp","href":"https:\/\/api.w.org\/{rel}","templated":true}]}}