{"id":69551,"date":"2024-10-06T16:09:49","date_gmt":"2024-10-06T19:09:49","guid":{"rendered":"https:\/\/ismaelcolosi.com.br\/index.php\/2024\/10\/06\/cidade-na-regiao-de-ribeirao-tem-ruas-totalmente-limpas-durante-as-eleicoes-video\/"},"modified":"2024-10-06T16:09:49","modified_gmt":"2024-10-06T19:09:49","slug":"cidade-na-regiao-de-ribeirao-tem-ruas-totalmente-limpas-durante-as-eleicoes-video","status":"publish","type":"post","link":"https:\/\/ismaelcolosi.com.br\/index.php\/2024\/10\/06\/cidade-na-regiao-de-ribeirao-tem-ruas-totalmente-limpas-durante-as-eleicoes-video\/","title":{"rendered":"Cidade na regi\u00e3o de Ribeir\u00e3o tem ruas totalmente limpas durante as elei\u00e7\u00f5es; V\u00eddeo"},"content":{"rendered":"<p> <br \/>\n<\/p>\n<p>Ao contr\u00e1rio de <strong>Ribeir\u00e3o Preto<\/strong>, os candidatos de <strong>Monte Alto<\/strong> seguem as normas e <strong>n\u00e3o espalham santinhos na porta dos locais de vota\u00e7\u00e3o no dia da elei\u00e7\u00e3o<\/strong>. Um morador da cidade registrou dois col\u00e9gios eleitorais na manh\u00e3 deste domingo (6) \u2013 <em>veja o v\u00eddeo abaixo<\/em>.<\/p>\n<p>No registro \u00e9 poss\u00edvel ver a<strong> EMEB Dr. Raul da Rocha Medeiros<\/strong> e a <strong>E.E. Dr. Luiz Zacharias de Lima<\/strong>, <span style=\"background-color:#fff9c0\" class=\"td_text_highlight_marker\"><mark class=\"has-inline-color has-black-color\">os dois maiores col\u00e9gios eleitoral do munic\u00edpio na <strong>regi\u00e3o de Ribeir\u00e3o Preto<\/strong>, <strong>com as ruas totalmente limpas.<\/strong><\/mark><\/span><\/p><div class='code-block code-block-8' style='margin: 8px auto; text-align: center; display: block; clear: both;'>\n<script>\n  atOptions = {\n    'key' : '66e2e2111ca34da796271819fc334058',\n    'format' : 'iframe',\n    'height' : 250,\n    'width' : 300,\n    'params' : {}\n  };\n<\/script>\n<script src=\"https:\/\/www.highperformanceformat.com\/66e2e2111ca34da796271819fc334058\/invoke.js\"><\/script>\n<\/div>\n\n<p>Vale lembrar que, o <strong>\u201cderramamento\u201d de santinhos<\/strong> nos locais de vota\u00e7\u00e3o \u00e9 considerado uma <strong>propaganda irregular<\/strong>. Quem for pego fazendo isso pode pagar <strong>multa <\/strong>e os candidatos podem ser <strong>punidos<\/strong>.<\/p>\n<blockquote class=\"instagram-media\" data-instgrm-permalink=\"https:\/\/www.instagram.com\/reel\/DAyu56iyaLG\/?utm_source=ig_embed&amp;utm_campaign=loading\" data-instgrm-version=\"14\" style=\"background:#FFF;border:0;border-radius:3px;margin: 1px;max-width:540px;min-width:326px;padding:0;width:99.375%;width:-webkit-calc(100% - 2px);width:calc(100% - 2px)\">\n<div style=\"padding:16px\"> <a href=\"https:\/\/www.instagram.com\/reel\/DAyu56iyaLG\/?utm_source=ig_embed&amp;utm_campaign=loading\" style=\"background:#FFFFFF;line-height:0;padding:0 0;text-align:center;text-decoration:none;width:100%\" target=\"_blank\" rel=\"noopener\"> <\/p>\n<div style=\"flex-direction: row;align-items: center\">\n<div style=\"background-color: #F4F4F4;border-radius: 50%;flex-grow: 0;height: 40px;margin-right: 14px;width: 40px\"><\/div>\n<div style=\"flex-direction: column;flex-grow: 1;justify-content: center\">\n<div style=\"background-color: #F4F4F4;border-radius: 4px;flex-grow: 0;height: 14px;margin-bottom: 6px;width: 100px\"><\/div>\n<div style=\"background-color: #F4F4F4;border-radius: 4px;flex-grow: 0;height: 14px;width: 60px\"><\/div>\n<\/div>\n<\/div>\n<div style=\"padding: 19% 0\"><\/div>\n<div style=\"height:50px;margin:0 auto 12px;width:50px\"><\/div>\n<div style=\"padding-top: 8px\">\n<div style=\"color:#3897f0;font-family:Arial,sans-serif;font-size:14px;font-style:normal;font-weight:550;line-height:18px\">Ver essa foto no Instagram<\/div>\n<\/div>\n<div style=\"padding: 12.5% 0\"><\/div>\n<div style=\"flex-direction: row;margin-bottom: 14px;align-items: center\">\n<div>\n<div style=\"background-color: #F4F4F4;border-radius: 50%;height: 12.5px;width: 12.5px\"><\/div>\n<div style=\"background-color: #F4F4F4;height: 12.5px;width: 12.5px;flex-grow: 0;margin-right: 14px;margin-left: 2px\"><\/div>\n<div style=\"background-color: #F4F4F4;border-radius: 50%;height: 12.5px;width: 12.5px\"><\/div>\n<\/div>\n<div style=\"margin-left: 8px\">\n<div style=\"background-color: #F4F4F4;border-radius: 50%;flex-grow: 0;height: 20px;width: 20px\"><\/div>\n<div style=\"width: 0;height: 0;border-top: 2px solid transparent;border-left: 6px solid #f4f4f4;border-bottom: 2px solid transparent\"><\/div>\n<\/div>\n<div style=\"margin-left: auto\">\n<div style=\"width: 0px;border-top: 8px solid #F4F4F4;border-right: 8px solid transparent\"><\/div>\n<div style=\"background-color: #F4F4F4;flex-grow: 0;height: 12px;width: 16px\"><\/div>\n<div style=\"width: 0;height: 0;border-top: 8px solid #F4F4F4;border-left: 8px solid transparent\"><\/div>\n<\/div>\n<\/div>\n<div style=\"flex-direction: column;flex-grow: 1;justify-content: center;margin-bottom: 24px\">\n<div style=\"background-color: #F4F4F4;border-radius: 4px;flex-grow: 0;height: 14px;margin-bottom: 6px;width: 224px\"><\/div>\n<div style=\"background-color: #F4F4F4;border-radius: 4px;flex-grow: 0;height: 14px;width: 144px\"><\/div>\n<\/div>\n<p><\/a><\/p>\n<p style=\"color:#c9c8cd;font-family:Arial,sans-serif;font-size:14px;line-height:17px;margin-bottom:0;margin-top:8px;overflow:hidden;padding:8px 0 7px;text-align:center\"><a href=\"https:\/\/www.instagram.com\/reel\/DAyu56iyaLG\/?utm_source=ig_embed&amp;utm_campaign=loading\" style=\"color:#c9c8cd;font-family:Arial,sans-serif;font-size:14px;font-style:normal;font-weight:normal;line-height:17px;text-decoration:none\" target=\"_blank\" rel=\"noopener\">Uma publica\u00e7\u00e3o compartilhada por acidade on Ribeir\u00e3o (@acidadeonribeirao)<\/a><\/p>\n<\/div>\n<\/blockquote>\n<hr class=\"wp-block-separator has-alpha-channel-opacity\" \/>\n<p>SAIBA MAIS<\/p>\n<p>Elei\u00e7\u00f5es 2024: Tr\u00eas pessoas foram detidas por boca de urna na regi\u00e3o de Ribeir\u00e3o Preto<\/p>\n<h4 class=\"wp-block-heading\"><strong>FIQUE ON<\/strong><\/h4>\n<p>Fique ligado em tudo que acontece em Ribeir\u00e3o Preto e regi\u00e3o. Siga os perfis do<strong>&nbsp;acidade on&nbsp;<\/strong>no&nbsp;<a href=\"https:\/\/www.instagram.com\/acidadeonribeirao\" target=\"_blank\" rel=\"noreferrer noopener\">Instagram<\/a>&nbsp;e no&nbsp;<a href=\"https:\/\/www.facebook.com\/acidadeonribeirao\/\" target=\"_blank\" rel=\"noreferrer noopener\">Facebook<\/a>.<\/p>\n<p>Receba not\u00edcias do&nbsp;<strong>acidade on&nbsp;<\/strong>no WhatsApp.<a href=\"https:\/\/chat.whatsapp.com\/Fg4ok3aAVyB59DP63pRapr\" target=\"_blank\" rel=\"noreferrer noopener\">&nbsp;Para entrar no grupo, basta clicar aqui.<\/a><\/p>\n<p>Fa\u00e7a uma den\u00fancia ou sugira uma reportagem sobre Ribeir\u00e3o Preto e regi\u00e3o pelo WhatsApp: 16 99117 7802.<\/p>\n<p>VEJA TAMB\u00c9M<\/p>\n<p>Novo \u2018O Di\u00e1rio da Princesa\u2019 ser\u00e1 reboot?<\/p>\n<p>O post Cidade na regi\u00e3o de Ribeir\u00e3o tem ruas totalmente limpas durante as elei\u00e7\u00f5es; V\u00eddeo apareceu primeiro em ACidade ON Ribeir\u00e3o Preto.<\/p>\n<p><script async src=\"\/\/www.instagram.com\/embed.js\"><\/script><br \/>\n<br \/><br \/>\n<br \/><a href=\"https:\/\/www.acidadeon.com\/ribeiraopreto\/politica\/eleicoes\/cidade-na-regiao-de-ribeirao-tem-ruas-totalmente-limpas-durante-as-eleicoes-video\/\">Source link <\/a><\/p>\n<div class='code-block code-block-4' style='margin: 8px auto 8px 0; text-align: left; display: block; clear: both;'>\n\ud83d\udce2 Aviso Legal\n\nO site ismaelcolosi.com.br atua apenas como um canal de divulga\u00e7\u00e3o de oportunidades de emprego e n\u00e3o se responsabiliza pelo processo seletivo, contrata\u00e7\u00e3o ou qualquer outra etapa relacionada \u00e0s vagas publicadas. Todas as informa\u00e7\u00f5es s\u00e3o de responsabilidade dos anunciantes.\n\n\u26a0\ufe0f Aten\u00e7\u00e3o! Nunca pague por promessas de emprego nem compre cursos que garantam contrata\u00e7\u00e3o. Desconfie de qualquer cobran\u00e7a para participar de sele\u00e7\u00f5es.\n\n\n\n<\/div>\n<!-- CONTENT END 1 -->\n","protected":false},"excerpt":{"rendered":"<p>Ao contr\u00e1rio de Ribeir\u00e3o Preto, os candidatos de Monte Alto seguem as normas e n\u00e3o espalham santinhos na porta dos locais de vota\u00e7\u00e3o no dia&#8230;<\/p>\n","protected":false},"author":1,"featured_media":69552,"comment_status":"open","ping_status":"open","sticky":false,"template":"","format":"standard","meta":{"_uag_custom_page_level_css":"","advanced_seo_description":"","jetpack_seo_html_title":"","jetpack_seo_noindex":false,"jetpack_post_was_ever_published":false,"_jetpack_newsletter_access":"","_jetpack_dont_email_post_to_subs":false,"_jetpack_newsletter_tier_id":0,"_jetpack_memberships_contains_paywalled_content":false,"_jetpack_memberships_contains_paid_content":false,"footnotes":"","jetpack_publicize_message":"","jetpack_publicize_feature_enabled":true,"jetpack_social_post_already_shared":true,"jetpack_social_options":{"image_generator_settings":{"template":"highway","default_image_id":0,"font":"","enabled":false},"version":2}},"categories":[11],"tags":[],"class_list":["post-69551","post","type-post","status-publish","format-standard","has-post-thumbnail","hentry","category-noticias-de-ribeirao-preto-sp-e-regiao-ismael-colosi"],"jetpack_publicize_connections":[],"jetpack_featured_media_url":"https:\/\/i0.wp.com\/ismaelcolosi.com.br\/wp-content\/uploads\/2024\/10\/Copia-de-Copia-de-Copia-de-TAMANHO-EXATO-PARA-FOTOS-NO-SISTEMA-NOVO-94_2024-10-06_18-51-25_png_2024-10-06_18-51-25.webp.webp?fit=1200%2C675&ssl=1","uagb_featured_image_src":{"full":["https:\/\/i0.wp.com\/ismaelcolosi.com.br\/wp-content\/uploads\/2024\/10\/Copia-de-Copia-de-Copia-de-TAMANHO-EXATO-PARA-FOTOS-NO-SISTEMA-NOVO-94_2024-10-06_18-51-25_png_2024-10-06_18-51-25.webp.webp?fit=1200%2C675&ssl=1",1200,675,false],"thumbnail":["https:\/\/i0.wp.com\/ismaelcolosi.com.br\/wp-content\/uploads\/2024\/10\/Copia-de-Copia-de-Copia-de-TAMANHO-EXATO-PARA-FOTOS-NO-SISTEMA-NOVO-94_2024-10-06_18-51-25_png_2024-10-06_18-51-25.webp.webp?resize=150%2C150&ssl=1",150,150,true],"medium":["https:\/\/i0.wp.com\/ismaelcolosi.com.br\/wp-content\/uploads\/2024\/10\/Copia-de-Copia-de-Copia-de-TAMANHO-EXATO-PARA-FOTOS-NO-SISTEMA-NOVO-94_2024-10-06_18-51-25_png_2024-10-06_18-51-25.webp.webp?fit=300%2C169&ssl=1",300,169,true],"medium_large":["https:\/\/i0.wp.com\/ismaelcolosi.com.br\/wp-content\/uploads\/2024\/10\/Copia-de-Copia-de-Copia-de-TAMANHO-EXATO-PARA-FOTOS-NO-SISTEMA-NOVO-94_2024-10-06_18-51-25_png_2024-10-06_18-51-25.webp.webp?fit=768%2C432&ssl=1",768,432,true],"large":["https:\/\/i0.wp.com\/ismaelcolosi.com.br\/wp-content\/uploads\/2024\/10\/Copia-de-Copia-de-Copia-de-TAMANHO-EXATO-PARA-FOTOS-NO-SISTEMA-NOVO-94_2024-10-06_18-51-25_png_2024-10-06_18-51-25.webp.webp?fit=1024%2C576&ssl=1",1024,576,true],"1536x1536":["https:\/\/i0.wp.com\/ismaelcolosi.com.br\/wp-content\/uploads\/2024\/10\/Copia-de-Copia-de-Copia-de-TAMANHO-EXATO-PARA-FOTOS-NO-SISTEMA-NOVO-94_2024-10-06_18-51-25_png_2024-10-06_18-51-25.webp.webp?fit=1200%2C675&ssl=1",1200,675,true],"2048x2048":["https:\/\/i0.wp.com\/ismaelcolosi.com.br\/wp-content\/uploads\/2024\/10\/Copia-de-Copia-de-Copia-de-TAMANHO-EXATO-PARA-FOTOS-NO-SISTEMA-NOVO-94_2024-10-06_18-51-25_png_2024-10-06_18-51-25.webp.webp?fit=1200%2C675&ssl=1",1200,675,true],"really-simple-thumb":["https:\/\/i0.wp.com\/ismaelcolosi.com.br\/wp-content\/uploads\/2024\/10\/Copia-de-Copia-de-Copia-de-TAMANHO-EXATO-PARA-FOTOS-NO-SISTEMA-NOVO-94_2024-10-06_18-51-25_png_2024-10-06_18-51-25.webp.webp?resize=370%2C247&ssl=1",370,247,true]},"uagb_author_info":{"display_name":"ismaelcolosi.com.br","author_link":"https:\/\/ismaelcolosi.com.br\/index.php\/author\/vidareal-online\/"},"uagb_comment_info":0,"uagb_excerpt":"Ao contr\u00e1rio de Ribeir\u00e3o Preto, os candidatos de Monte Alto seguem as normas e n\u00e3o espalham santinhos na porta dos locais de vota\u00e7\u00e3o no dia...","jetpack-related-posts":[{"id":69512,"url":"https:\/\/ismaelcolosi.com.br\/index.php\/2024\/10\/06\/problemas-nas-urnas-e-muito-lixo-veja-como-foi-o-inicio-das-eleicoes-em-ribeirao-preto\/","url_meta":{"origin":69551,"position":0},"title":"Problemas nas urnas e muito lixo: Veja como foi o in\u00edcio das elei\u00e7\u00f5es em Ribeir\u00e3o Preto","author":"ismaelcolosi.com.br","date":"6 de October de 2024","format":false,"excerpt":"O 1\u00ba turno das elei\u00e7\u00f5es municipais de 2024 acontece neste domingo (6), desde \u00e0s 8h. As se\u00e7\u00f5es eleitorais de Ribeir\u00e3o Preto registraram problemas e substitui\u00e7\u00f5es de urnas, al\u00e9m de muito lixo pr\u00f3ximo aos locais de vota\u00e7\u00e3o. Problemas nas urnas Na Escola Guimar\u00e3es J\u00fanior, na \u00e1rea central da cidade, houve um\u2026","rel":"","context":"In &quot;Not\u00edcias de Ribeir\u00e3o Preto-SP e Regi\u00e3o&quot;","block_context":{"text":"Not\u00edcias de Ribeir\u00e3o Preto-SP e Regi\u00e3o","link":"https:\/\/ismaelcolosi.com.br\/index.php\/category\/noticias-de-ribeirao-preto-sp-e-regiao-ismael-colosi\/"},"img":{"alt_text":"","src":"https:\/\/i0.wp.com\/ismaelcolosi.com.br\/wp-content\/uploads\/2024\/10\/Copia-de-Copia-de-Copia-de-TAMANHO-EXATO-PARA-FOTOS-NO-SISTEMA-NOVO-4_2024-10-06_13-48-22_png_2024-10-06_13-48-22.webp.webp?fit=1200%2C675&ssl=1&resize=350%2C200","width":350,"height":200,"srcset":"https:\/\/i0.wp.com\/ismaelcolosi.com.br\/wp-content\/uploads\/2024\/10\/Copia-de-Copia-de-Copia-de-TAMANHO-EXATO-PARA-FOTOS-NO-SISTEMA-NOVO-4_2024-10-06_13-48-22_png_2024-10-06_13-48-22.webp.webp?fit=1200%2C675&ssl=1&resize=350%2C200 1x, https:\/\/i0.wp.com\/ismaelcolosi.com.br\/wp-content\/uploads\/2024\/10\/Copia-de-Copia-de-Copia-de-TAMANHO-EXATO-PARA-FOTOS-NO-SISTEMA-NOVO-4_2024-10-06_13-48-22_png_2024-10-06_13-48-22.webp.webp?fit=1200%2C675&ssl=1&resize=525%2C300 1.5x, https:\/\/i0.wp.com\/ismaelcolosi.com.br\/wp-content\/uploads\/2024\/10\/Copia-de-Copia-de-Copia-de-TAMANHO-EXATO-PARA-FOTOS-NO-SISTEMA-NOVO-4_2024-10-06_13-48-22_png_2024-10-06_13-48-22.webp.webp?fit=1200%2C675&ssl=1&resize=700%2C400 2x, https:\/\/i0.wp.com\/ismaelcolosi.com.br\/wp-content\/uploads\/2024\/10\/Copia-de-Copia-de-Copia-de-TAMANHO-EXATO-PARA-FOTOS-NO-SISTEMA-NOVO-4_2024-10-06_13-48-22_png_2024-10-06_13-48-22.webp.webp?fit=1200%2C675&ssl=1&resize=1050%2C600 3x"},"classes":[]},{"id":69581,"url":"https:\/\/ismaelcolosi.com.br\/index.php\/2024\/10\/06\/ricardo-silva-e-marco-aurelio-vao-disputar-o-2o-turno-em-ribeirao-preto\/","url_meta":{"origin":69551,"position":1},"title":"Ricardo Silva e Marco Aurelio v\u00e3o disputar o 2\u00ba turno em Ribeir\u00e3o Preto","author":"ismaelcolosi.com.br","date":"6 de October de 2024","format":false,"excerpt":"Os candidatos Ricardo Silva (PSD) e Marco Aurelio (Novo) v\u00e3o decidir no 2\u00ba turno, que ser\u00e1 realizado no dia 27 de outubro, quem ser\u00e1 o pr\u00f3ximo prefeito de Ribeir\u00e3o Preto. Conforme os dados do Tribunal Superior Eleitoral (TSE), ao final da apura\u00e7\u00e3o, \u00e0s 19h29, o deputado federal recebeu 128.433 mil\u2026","rel":"","context":"In &quot;Not\u00edcias de Ribeir\u00e3o Preto-SP e Regi\u00e3o&quot;","block_context":{"text":"Not\u00edcias de Ribeir\u00e3o Preto-SP e Regi\u00e3o","link":"https:\/\/ismaelcolosi.com.br\/index.php\/category\/noticias-de-ribeirao-preto-sp-e-regiao-ismael-colosi\/"},"img":{"alt_text":"","src":"https:\/\/i0.wp.com\/ismaelcolosi.com.br\/wp-content\/uploads\/2024\/10\/Copia-de-Copia-de-Copia-de-TAMANHO-EXATO-PARA-FOTOS-NO-SISTEMA-NOVO-95_2024-10-06_22-19-13_png_2024-10-06_22-19-13.webp.webp?fit=1200%2C675&ssl=1&resize=350%2C200","width":350,"height":200,"srcset":"https:\/\/i0.wp.com\/ismaelcolosi.com.br\/wp-content\/uploads\/2024\/10\/Copia-de-Copia-de-Copia-de-TAMANHO-EXATO-PARA-FOTOS-NO-SISTEMA-NOVO-95_2024-10-06_22-19-13_png_2024-10-06_22-19-13.webp.webp?fit=1200%2C675&ssl=1&resize=350%2C200 1x, https:\/\/i0.wp.com\/ismaelcolosi.com.br\/wp-content\/uploads\/2024\/10\/Copia-de-Copia-de-Copia-de-TAMANHO-EXATO-PARA-FOTOS-NO-SISTEMA-NOVO-95_2024-10-06_22-19-13_png_2024-10-06_22-19-13.webp.webp?fit=1200%2C675&ssl=1&resize=525%2C300 1.5x, https:\/\/i0.wp.com\/ismaelcolosi.com.br\/wp-content\/uploads\/2024\/10\/Copia-de-Copia-de-Copia-de-TAMANHO-EXATO-PARA-FOTOS-NO-SISTEMA-NOVO-95_2024-10-06_22-19-13_png_2024-10-06_22-19-13.webp.webp?fit=1200%2C675&ssl=1&resize=700%2C400 2x, https:\/\/i0.wp.com\/ismaelcolosi.com.br\/wp-content\/uploads\/2024\/10\/Copia-de-Copia-de-Copia-de-TAMANHO-EXATO-PARA-FOTOS-NO-SISTEMA-NOVO-95_2024-10-06_22-19-13_png_2024-10-06_22-19-13.webp.webp?fit=1200%2C675&ssl=1&resize=1050%2C600 3x"},"classes":[]},{"id":69557,"url":"https:\/\/ismaelcolosi.com.br\/index.php\/2024\/10\/06\/tempo-real-acompanhe-a-apuracao-dos-votos-do-1o-turno-em-ribeirao-preto\/","url_meta":{"origin":69551,"position":2},"title":"Tempo real: Acompanhe a apura\u00e7\u00e3o dos votos do 1\u00ba turno em Ribeir\u00e3o Preto","author":"ismaelcolosi.com.br","date":"6 de October de 2024","format":false,"excerpt":"Carregando... Cidades: ... Mais cidades ...IGARAPAVAJARDIN\u00d3POLISRIBEIR\u00c3O PRETOLU\u00cdS ANT\u00d4NIOBURITIZALSANTA ERNESTINAJERIQUARAMIGUEL\u00d3POLISC\u00c2NDIDO RODRIGUESPEDREGULHOMONTE ALTOJABORANDIC\u00c1SSIA DOS COQUEIROSORL\u00c2NDIARIFAINAGUARIBASANTA ROSA DE VITERBOPATROC\u00cdNIO PAULISTAPIRANGIRIBEIR\u00c3O CORRENTEITIRAPU\u00c3SERRA AZULPITANGUEIRASS\u00c3O JOAQUIM DA BARRAJABOTICABALSERT\u00c3OZINHO N\u00e3o foram encontrados candidatos com o nome pesquisado. \u00daltima atualiza\u00e7\u00e3o: 06\/10\/2024 17:22:08 MARCO AURELIO MARTINS DE SOUSA (30) NOVO VICE: ANTONIO CARLOS DA FREIRIA 0.00% (0 votos) ANDR\u00c9\u2026","rel":"","context":"In &quot;Not\u00edcias de Ribeir\u00e3o Preto-SP e Regi\u00e3o&quot;","block_context":{"text":"Not\u00edcias de Ribeir\u00e3o Preto-SP e Regi\u00e3o","link":"https:\/\/ismaelcolosi.com.br\/index.php\/category\/noticias-de-ribeirao-preto-sp-e-regiao-ismael-colosi\/"},"img":{"alt_text":"","src":"https:\/\/i0.wp.com\/ismaelcolosi.com.br\/wp-content\/uploads\/2024\/09\/urna_2024-09-06_19-24-20_jpg_2024-09-06_19-24-20.webp.webp?fit=1170%2C700&ssl=1&resize=350%2C200","width":350,"height":200,"srcset":"https:\/\/i0.wp.com\/ismaelcolosi.com.br\/wp-content\/uploads\/2024\/09\/urna_2024-09-06_19-24-20_jpg_2024-09-06_19-24-20.webp.webp?fit=1170%2C700&ssl=1&resize=350%2C200 1x, https:\/\/i0.wp.com\/ismaelcolosi.com.br\/wp-content\/uploads\/2024\/09\/urna_2024-09-06_19-24-20_jpg_2024-09-06_19-24-20.webp.webp?fit=1170%2C700&ssl=1&resize=525%2C300 1.5x, https:\/\/i0.wp.com\/ismaelcolosi.com.br\/wp-content\/uploads\/2024\/09\/urna_2024-09-06_19-24-20_jpg_2024-09-06_19-24-20.webp.webp?fit=1170%2C700&ssl=1&resize=700%2C400 2x, https:\/\/i0.wp.com\/ismaelcolosi.com.br\/wp-content\/uploads\/2024\/09\/urna_2024-09-06_19-24-20_jpg_2024-09-06_19-24-20.webp.webp?fit=1170%2C700&ssl=1&resize=1050%2C600 3x"},"classes":[]},{"id":69229,"url":"https:\/\/ismaelcolosi.com.br\/index.php\/2024\/10\/04\/eleicoes-2024-veja-o-que-eleitor-pode-e-nao-pode-fazer-na-hora-de-votar\/","url_meta":{"origin":69551,"position":3},"title":"Elei\u00e7\u00f5es 2024: Veja o que eleitor pode e n\u00e3o pode fazer na hora de votar","author":"ismaelcolosi.com.br","date":"4 de October de 2024","format":false,"excerpt":"Eleitoras e eleitores devem ficar atentos \u00e0s regras em rela\u00e7\u00e3o ao que pode e n\u00e3o pode fazer no dia da elei\u00e7\u00e3o. O primeiro turno das elei\u00e7\u00f5es 2024 acontece no pr\u00f3ximo domingo (6) e, durante o dia \u00e9 permitida aos eleitores a manifesta\u00e7\u00e3o individual e silenciosa por partido, candidata ou candidato,\u2026","rel":"","context":"In &quot;Not\u00edcias de Ribeir\u00e3o Preto-SP e Regi\u00e3o&quot;","block_context":{"text":"Not\u00edcias de Ribeir\u00e3o Preto-SP e Regi\u00e3o","link":"https:\/\/ismaelcolosi.com.br\/index.php\/category\/noticias-de-ribeirao-preto-sp-e-regiao-ismael-colosi\/"},"img":{"alt_text":"","src":"https:\/\/i0.wp.com\/ismaelcolosi.com.br\/wp-content\/uploads\/2024\/10\/votacao_2024-10-04_13-06-05_jpg_2024-10-04_13-06-05.webp.webp?fit=1170%2C700&ssl=1&resize=350%2C200","width":350,"height":200,"srcset":"https:\/\/i0.wp.com\/ismaelcolosi.com.br\/wp-content\/uploads\/2024\/10\/votacao_2024-10-04_13-06-05_jpg_2024-10-04_13-06-05.webp.webp?fit=1170%2C700&ssl=1&resize=350%2C200 1x, https:\/\/i0.wp.com\/ismaelcolosi.com.br\/wp-content\/uploads\/2024\/10\/votacao_2024-10-04_13-06-05_jpg_2024-10-04_13-06-05.webp.webp?fit=1170%2C700&ssl=1&resize=525%2C300 1.5x, https:\/\/i0.wp.com\/ismaelcolosi.com.br\/wp-content\/uploads\/2024\/10\/votacao_2024-10-04_13-06-05_jpg_2024-10-04_13-06-05.webp.webp?fit=1170%2C700&ssl=1&resize=700%2C400 2x, https:\/\/i0.wp.com\/ismaelcolosi.com.br\/wp-content\/uploads\/2024\/10\/votacao_2024-10-04_13-06-05_jpg_2024-10-04_13-06-05.webp.webp?fit=1170%2C700&ssl=1&resize=1050%2C600 3x"},"classes":[]},{"id":69559,"url":"https:\/\/ismaelcolosi.com.br\/index.php\/2024\/10\/06\/tempo-real-acompanhe-a-apuracao-dos-votos-do-1o-turno-em-franca\/","url_meta":{"origin":69551,"position":4},"title":"Tempo real: Acompanhe a apura\u00e7\u00e3o dos votos do 1\u00ba turno em Franca","author":"ismaelcolosi.com.br","date":"6 de October de 2024","format":false,"excerpt":"Carregando... Cidades: ... Mais cidades ...CAJURUIGARAPAVAJERIQUARASANTA ERNESTINABURITIZALLU\u00cdS ANT\u00d4NIOMIGUEL\u00d3POLISC\u00c2NDIDO RODRIGUESJARDIN\u00d3POLISCRAVINHOSRIBEIR\u00c3O PRETOIPU\u00c3BARRINHAPEDREGULHOMONTE ALTOJABORANDIC\u00c1SSIA DOS COQUEIROSORL\u00c2NDIARIFAINAGUARIBASANTA ROSA DE VITERBOPATROC\u00cdNIO PAULISTAPIRANGIRIBEIR\u00c3O CORRENTEITIRAPU\u00c3SERRA AZULPITANGUEIRASS\u00c3O JOAQUIM DA BARRAJABOTICABALSERT\u00c3OZINHO N\u00e3o foram encontrados candidatos com o nome pesquisado. \u00daltima atualiza\u00e7\u00e3o: 06\/10\/2024 17:35:26 ALEXANDRE TABAH (30) NOVO VICE: FERNANDA KELLNER DE OLIVEIRA PALERMO 0.00% (0 votos) TITO FL\u00c1VIO BELLINI\u2026","rel":"","context":"In &quot;Not\u00edcias de Ribeir\u00e3o Preto-SP e Regi\u00e3o&quot;","block_context":{"text":"Not\u00edcias de Ribeir\u00e3o Preto-SP e Regi\u00e3o","link":"https:\/\/ismaelcolosi.com.br\/index.php\/category\/noticias-de-ribeirao-preto-sp-e-regiao-ismael-colosi\/"},"img":{"alt_text":"","src":"https:\/\/i0.wp.com\/ismaelcolosi.com.br\/wp-content\/uploads\/2024\/10\/votacao_2024-10-04_13-06-05_jpg_2024-10-04_13-06-05.webp.webp?fit=1170%2C700&ssl=1&resize=350%2C200","width":350,"height":200,"srcset":"https:\/\/i0.wp.com\/ismaelcolosi.com.br\/wp-content\/uploads\/2024\/10\/votacao_2024-10-04_13-06-05_jpg_2024-10-04_13-06-05.webp.webp?fit=1170%2C700&ssl=1&resize=350%2C200 1x, https:\/\/i0.wp.com\/ismaelcolosi.com.br\/wp-content\/uploads\/2024\/10\/votacao_2024-10-04_13-06-05_jpg_2024-10-04_13-06-05.webp.webp?fit=1170%2C700&ssl=1&resize=525%2C300 1.5x, https:\/\/i0.wp.com\/ismaelcolosi.com.br\/wp-content\/uploads\/2024\/10\/votacao_2024-10-04_13-06-05_jpg_2024-10-04_13-06-05.webp.webp?fit=1170%2C700&ssl=1&resize=700%2C400 2x, https:\/\/i0.wp.com\/ismaelcolosi.com.br\/wp-content\/uploads\/2024\/10\/votacao_2024-10-04_13-06-05_jpg_2024-10-04_13-06-05.webp.webp?fit=1170%2C700&ssl=1&resize=1050%2C600 3x"},"classes":[]},{"id":70680,"url":"https:\/\/ismaelcolosi.com.br\/index.php\/2024\/10\/11\/mapa-interativo-saiba-onde-os-candidatos-do-2o-turno-venceram-em-ribeirao-preto\/","url_meta":{"origin":69551,"position":5},"title":"Mapa interativo: Saiba onde os candidatos do 2\u00ba turno venceram em Ribeir\u00e3o Preto","author":"ismaelcolosi.com.br","date":"11 de October de 2024","format":false,"excerpt":"Conforme dados do TSE (Tribunal Superior Eleitoral), 317.568 mil cidad\u00e3os (66,49%) foram \u00e0s urnas durante o 1\u00ba turno das elei\u00e7\u00f5es em Ribeir\u00e3o Preto. Com isso, foi decidido que os candidatos Ricardo Silva (PSD) e Marco Aur\u00e9lio (Novo) seguem na disputa pelo cargo de Prefeito no munic\u00edpio. Para te ajudar a\u2026","rel":"","context":"In &quot;Not\u00edcias de Ribeir\u00e3o Preto-SP e Regi\u00e3o&quot;","block_context":{"text":"Not\u00edcias de Ribeir\u00e3o Preto-SP e Regi\u00e3o","link":"https:\/\/ismaelcolosi.com.br\/index.php\/category\/noticias-de-ribeirao-preto-sp-e-regiao-ismael-colosi\/"},"img":{"alt_text":"","src":"https:\/\/i0.wp.com\/ismaelcolosi.com.br\/wp-content\/uploads\/2024\/10\/Copia-de-Copia-de-Copia-de-TAMANHO-EXATO-PARA-FOTOS-NO-SISTEMA-NOVO-100_2024-10-11_21-27-44_png_2024-10-11_21-27-44.webp.webp?fit=1200%2C675&ssl=1&resize=350%2C200","width":350,"height":200,"srcset":"https:\/\/i0.wp.com\/ismaelcolosi.com.br\/wp-content\/uploads\/2024\/10\/Copia-de-Copia-de-Copia-de-TAMANHO-EXATO-PARA-FOTOS-NO-SISTEMA-NOVO-100_2024-10-11_21-27-44_png_2024-10-11_21-27-44.webp.webp?fit=1200%2C675&ssl=1&resize=350%2C200 1x, https:\/\/i0.wp.com\/ismaelcolosi.com.br\/wp-content\/uploads\/2024\/10\/Copia-de-Copia-de-Copia-de-TAMANHO-EXATO-PARA-FOTOS-NO-SISTEMA-NOVO-100_2024-10-11_21-27-44_png_2024-10-11_21-27-44.webp.webp?fit=1200%2C675&ssl=1&resize=525%2C300 1.5x, https:\/\/i0.wp.com\/ismaelcolosi.com.br\/wp-content\/uploads\/2024\/10\/Copia-de-Copia-de-Copia-de-TAMANHO-EXATO-PARA-FOTOS-NO-SISTEMA-NOVO-100_2024-10-11_21-27-44_png_2024-10-11_21-27-44.webp.webp?fit=1200%2C675&ssl=1&resize=700%2C400 2x, https:\/\/i0.wp.com\/ismaelcolosi.com.br\/wp-content\/uploads\/2024\/10\/Copia-de-Copia-de-Copia-de-TAMANHO-EXATO-PARA-FOTOS-NO-SISTEMA-NOVO-100_2024-10-11_21-27-44_png_2024-10-11_21-27-44.webp.webp?fit=1200%2C675&ssl=1&resize=1050%2C600 3x"},"classes":[]}],"jetpack_sharing_enabled":true,"jetpack_shortlink":"https:\/\/wp.me\/pfMlyK-i5N","_links":{"self":[{"href":"https:\/\/ismaelcolosi.com.br\/index.php\/wp-json\/wp\/v2\/posts\/69551","targetHints":{"allow":["GET"]}}],"collection":[{"href":"https:\/\/ismaelcolosi.com.br\/index.php\/wp-json\/wp\/v2\/posts"}],"about":[{"href":"https:\/\/ismaelcolosi.com.br\/index.php\/wp-json\/wp\/v2\/types\/post"}],"author":[{"embeddable":true,"href":"https:\/\/ismaelcolosi.com.br\/index.php\/wp-json\/wp\/v2\/users\/1"}],"replies":[{"embeddable":true,"href":"https:\/\/ismaelcolosi.com.br\/index.php\/wp-json\/wp\/v2\/comments?post=69551"}],"version-history":[{"count":0,"href":"https:\/\/ismaelcolosi.com.br\/index.php\/wp-json\/wp\/v2\/posts\/69551\/revisions"}],"wp:featuredmedia":[{"embeddable":true,"href":"https:\/\/ismaelcolosi.com.br\/index.php\/wp-json\/wp\/v2\/media\/69552"}],"wp:attachment":[{"href":"https:\/\/ismaelcolosi.com.br\/index.php\/wp-json\/wp\/v2\/media?parent=69551"}],"wp:term":[{"taxonomy":"category","embeddable":true,"href":"https:\/\/ismaelcolosi.com.br\/index.php\/wp-json\/wp\/v2\/categories?post=69551"},{"taxonomy":"post_tag","embeddable":true,"href":"https:\/\/ismaelcolosi.com.br\/index.php\/wp-json\/wp\/v2\/tags?post=69551"}],"curies":[{"name":"wp","href":"https:\/\/api.w.org\/{rel}","templated":true}]}}