{"id":69545,"date":"2024-10-06T15:09:19","date_gmt":"2024-10-06T18:09:19","guid":{"rendered":"https:\/\/ismaelcolosi.com.br\/index.php\/2024\/10\/06\/inmet-emite-novo-alerta-de-perigo-potencial-para-o-interior-de-sao-paulo\/"},"modified":"2024-10-06T15:09:19","modified_gmt":"2024-10-06T18:09:19","slug":"inmet-emite-novo-alerta-de-perigo-potencial-para-o-interior-de-sao-paulo","status":"publish","type":"post","link":"https:\/\/ismaelcolosi.com.br\/index.php\/2024\/10\/06\/inmet-emite-novo-alerta-de-perigo-potencial-para-o-interior-de-sao-paulo\/","title":{"rendered":"Inmet emite novo alerta de &#8216;perigo potencial&#8217; para o interior de S\u00e3o Paulo"},"content":{"rendered":"<p> <br \/>\n<\/p>\n<div data-td-block-uid=\"tdi_106\">\n<div class=\"tdb-block-inner td-fix-index\">\n<p>O <a href=\"https:\/\/alertas2.inmet.gov.br\/48661\" target=\"_blank\" rel=\"noreferrer noopener nofollow\"><strong>Instituto Nacional de Meteorologia (Inmet)<\/strong><\/a> publicou um novo alerta de <mark style=\"background-color:#fcb900\" class=\"has-inline-color has-black-color\">perigo potencial para baixa umidade<\/mark> para o interior de S\u00e3o Paulo. <strong>De acordo com o \u00f3rg\u00e3o<\/strong>, o aviso tem <strong>validade at\u00e9 segunda-feira (7), \u00e0s 21h.<\/strong><\/p>\n<p>O Inmet informa que a <strong>umidade do ar deve variar entre 20% e 30%<\/strong>.<\/p>\n<p><strong>A orienta\u00e7\u00e3o \u00e9 de beber bastante l\u00edquido<\/strong> e <strong>evitar atividades f\u00edsicas e exposi\u00e7\u00e3o ao sol nas horas mais quentes do dia<\/strong>. <strong>Umidificar o ambiente tamb\u00e9m \u00e9 aconselhado.<\/strong><\/p>\n<h4 class=\"wp-block-heading\"><strong>As cidades afetadas s\u00e3o:<\/strong><\/h4>\n<ul>\n<li><strong>Ribeir\u00e3o Preto<\/strong>, Presidente Prudente, S\u00e3o Jos\u00e9 do Rio Preto, Campinas, Bauru, Piracicaba, Itapetininga, Ara\u00e7atuba, Araraquara e Assis.<\/li>\n<\/ul>\n<h4 class=\"wp-block-heading\"><strong>Previs\u00e3o do tempo <\/strong><\/h4>\n<p>Em <strong>Ribeir\u00e3o Preto<\/strong>, a temperatura pode variar entre 20\u00b0 e 38\u00b0 e sem possibilidade de chuva, segundo o <a href=\"https:\/\/www.climatempo.com.br\/previsao-do-tempo\/cidade\/530\/ribeiraopreto-sp\" target=\"_blank\" rel=\"noreferrer noopener nofollow\">Climatempo<\/a>.<\/p>\n<p>SAIBA MAIS<\/p>\n<p>Quaest: Veja os n\u00fameros da pesquisa eleitoral para prefeito em Ribeir\u00e3o Preto<\/p>\n<h4 class=\"wp-block-heading\"><strong>FIQUE ON<\/strong><\/h4>\n<p>Fique ligado em tudo que acontece em Ribeir\u00e3o Preto e regi\u00e3o. Siga os perfis do\u00a0<strong>acidade on<\/strong>\u00a0no\u00a0<a href=\"https:\/\/www.instagram.com\/acidadeonribeirao\" target=\"_blank\" rel=\"noreferrer noopener\">Instagram<\/a>\u00a0e no\u00a0<a href=\"https:\/\/www.facebook.com\/acidadeonribeirao\/\" target=\"_blank\" rel=\"noreferrer noopener\">Facebook<\/a>.<\/p>\n<p>Receba not\u00edcias do\u00a0<strong>acidade on<\/strong>\u00a0no WhatsApp.\u00a0<a href=\"https:\/\/chat.whatsapp.com\/Fg4ok3aAVyB59DP63pRapr\" target=\"_blank\" rel=\"noreferrer noopener\">Para entrar no grupo, basta clicar aqui.<\/a><\/p>\n<p>Fa\u00e7a uma den\u00fancia ou sugira uma reportagem sobre Ribeir\u00e3o Preto e regi\u00e3o pelo WhatsApp: 16 99117 7802.<\/p>\n<p>LEIA TAMB\u00c9M<\/p>\n<p>At\u00e9 que horas pode votar nas elei\u00e7\u00f5es municipais?<\/p>\n<p><!-- CONTENT END 1 -->\n<\/div>\n<\/div>\n<p><script async src=\"\/\/www.instagram.com\/embed.js\"><\/script><br \/>\n<br \/><br \/>\n<br \/><a href=\"https:\/\/www.acidadeon.com\/ribeiraopreto\/cotidiano\/inmet-emite-novo-alerta-de-perigo-potencial-para-o-interior-de-sao-paulo\/\">Source link <\/a><\/p>\n","protected":false},"excerpt":{"rendered":"<p>O Instituto Nacional de Meteorologia (Inmet) publicou um novo alerta de perigo potencial para baixa umidade para o interior de S\u00e3o Paulo. De acordo com&#8230;<\/p>\n","protected":false},"author":1,"featured_media":61291,"comment_status":"open","ping_status":"open","sticky":false,"template":"","format":"standard","meta":{"_uag_custom_page_level_css":"","advanced_seo_description":"","jetpack_seo_html_title":"","jetpack_seo_noindex":false,"jetpack_post_was_ever_published":false,"_jetpack_newsletter_access":"","_jetpack_dont_email_post_to_subs":false,"_jetpack_newsletter_tier_id":0,"_jetpack_memberships_contains_paywalled_content":false,"_jetpack_memberships_contains_paid_content":false,"footnotes":"","jetpack_publicize_message":"","jetpack_publicize_feature_enabled":true,"jetpack_social_post_already_shared":true,"jetpack_social_options":{"image_generator_settings":{"template":"highway","default_image_id":0,"font":"","enabled":false},"version":2}},"categories":[11],"tags":[],"class_list":["post-69545","post","type-post","status-publish","format-standard","has-post-thumbnail","hentry","category-noticias-de-ribeirao-preto-sp-e-regiao-ismael-colosi"],"jetpack_publicize_connections":[],"jetpack_featured_media_url":"https:\/\/i0.wp.com\/ismaelcolosi.com.br\/wp-content\/uploads\/2024\/08\/WhatsApp-Image-2024-08-21-at-07.21.47_2024-08-21_10-22-33_jpeg_2024-08-21_10-22-34.webp.webp?fit=1920%2C1035&ssl=1","uagb_featured_image_src":{"full":["https:\/\/i0.wp.com\/ismaelcolosi.com.br\/wp-content\/uploads\/2024\/08\/WhatsApp-Image-2024-08-21-at-07.21.47_2024-08-21_10-22-33_jpeg_2024-08-21_10-22-34.webp.webp?fit=1920%2C1035&ssl=1",1920,1035,false],"thumbnail":["https:\/\/i0.wp.com\/ismaelcolosi.com.br\/wp-content\/uploads\/2024\/08\/WhatsApp-Image-2024-08-21-at-07.21.47_2024-08-21_10-22-33_jpeg_2024-08-21_10-22-34.webp.webp?resize=150%2C150&ssl=1",150,150,true],"medium":["https:\/\/i0.wp.com\/ismaelcolosi.com.br\/wp-content\/uploads\/2024\/08\/WhatsApp-Image-2024-08-21-at-07.21.47_2024-08-21_10-22-33_jpeg_2024-08-21_10-22-34.webp.webp?fit=300%2C162&ssl=1",300,162,true],"medium_large":["https:\/\/i0.wp.com\/ismaelcolosi.com.br\/wp-content\/uploads\/2024\/08\/WhatsApp-Image-2024-08-21-at-07.21.47_2024-08-21_10-22-33_jpeg_2024-08-21_10-22-34.webp.webp?fit=768%2C414&ssl=1",768,414,true],"large":["https:\/\/i0.wp.com\/ismaelcolosi.com.br\/wp-content\/uploads\/2024\/08\/WhatsApp-Image-2024-08-21-at-07.21.47_2024-08-21_10-22-33_jpeg_2024-08-21_10-22-34.webp.webp?fit=1024%2C552&ssl=1",1024,552,true],"1536x1536":["https:\/\/i0.wp.com\/ismaelcolosi.com.br\/wp-content\/uploads\/2024\/08\/WhatsApp-Image-2024-08-21-at-07.21.47_2024-08-21_10-22-33_jpeg_2024-08-21_10-22-34.webp.webp?fit=1536%2C828&ssl=1",1536,828,true],"2048x2048":["https:\/\/i0.wp.com\/ismaelcolosi.com.br\/wp-content\/uploads\/2024\/08\/WhatsApp-Image-2024-08-21-at-07.21.47_2024-08-21_10-22-33_jpeg_2024-08-21_10-22-34.webp.webp?fit=1920%2C1035&ssl=1",1920,1035,true],"really-simple-thumb":["https:\/\/i0.wp.com\/ismaelcolosi.com.br\/wp-content\/uploads\/2024\/08\/WhatsApp-Image-2024-08-21-at-07.21.47_2024-08-21_10-22-33_jpeg_2024-08-21_10-22-34.webp.webp?resize=370%2C247&ssl=1",370,247,true]},"uagb_author_info":{"display_name":"ismaelcolosi.com.br","author_link":"https:\/\/ismaelcolosi.com.br\/index.php\/author\/vidareal-online\/"},"uagb_comment_info":0,"uagb_excerpt":"O Instituto Nacional de Meteorologia (Inmet) publicou um novo alerta de perigo potencial para baixa umidade para o interior de S\u00e3o Paulo. De acordo com...","jetpack-related-posts":[{"id":58719,"url":"https:\/\/ismaelcolosi.com.br\/index.php\/2024\/08\/02\/inmet-faz-novo-alerta-de-perigo-potencial-ao-interior-de-sp-veja-cidades-afetadas\/","url_meta":{"origin":69545,"position":0},"title":"Inmet faz novo alerta de perigo potencial ao interior de SP; Veja cidades afetadas","author":"ismaelcolosi.com.br","date":"2 de August de 2024","format":false,"excerpt":"O Inmet (Instituto Nacional de Meteorologia) emitiu um novo alerta de perigo potencial para a baixa umidade do ar em parte do interior de S\u00e3o Paulo. O aviso tem validade entre 11h e 19h desta sexta-feira (2), e inclui Ribeir\u00e3o Preto e cidades da regi\u00e3o. O alerta \u00e9 na cor\u2026","rel":"","context":"In &quot;Not\u00edcias de Ribeir\u00e3o Preto-SP e Regi\u00e3o&quot;","block_context":{"text":"Not\u00edcias de Ribeir\u00e3o Preto-SP e Regi\u00e3o","link":"https:\/\/ismaelcolosi.com.br\/index.php\/category\/noticias-de-ribeirao-preto-sp-e-regiao-ismael-colosi\/"},"img":{"alt_text":"","src":"https:\/\/i0.wp.com\/ismaelcolosi.com.br\/wp-content\/uploads\/2024\/08\/ceu_ceu_1024x576_30072021170614.jpg?fit=1024%2C576&ssl=1&resize=350%2C200","width":350,"height":200,"srcset":"https:\/\/i0.wp.com\/ismaelcolosi.com.br\/wp-content\/uploads\/2024\/08\/ceu_ceu_1024x576_30072021170614.jpg?fit=1024%2C576&ssl=1&resize=350%2C200 1x, https:\/\/i0.wp.com\/ismaelcolosi.com.br\/wp-content\/uploads\/2024\/08\/ceu_ceu_1024x576_30072021170614.jpg?fit=1024%2C576&ssl=1&resize=525%2C300 1.5x, https:\/\/i0.wp.com\/ismaelcolosi.com.br\/wp-content\/uploads\/2024\/08\/ceu_ceu_1024x576_30072021170614.jpg?fit=1024%2C576&ssl=1&resize=700%2C400 2x"},"classes":[]},{"id":53346,"url":"https:\/\/ismaelcolosi.com.br\/index.php\/2024\/06\/16\/novo-alerta-do-inmet-coloca-interior-de-sp-em-estado-de-perigo-devido-a-baixa-umidade-do-ar\/","url_meta":{"origin":69545,"position":1},"title":"Novo alerta do Inmet coloca interior de SP em estado de perigo devido a baixa umidade do ar","author":"ismaelcolosi.com.br","date":"16 de June de 2024","format":false,"excerpt":"Um novo alerta do Inmet (Instituto Nacional de Meteorologia) emitido neste domingo (16) coloca cidades do interior de S\u00e3o Paulo, entre elas, Ribeir\u00e3o Preto (veja abaixo) em aten\u00e7\u00e3o devido ao perigo potencial causado pela baixa umidade do ar. O alerta \u00e9 v\u00e1lido a partir do meio-dia at\u00e9 \u00e0s 19h deste\u2026","rel":"","context":"In &quot;Not\u00edcias de Ribeir\u00e3o Preto-SP e Regi\u00e3o&quot;","block_context":{"text":"Not\u00edcias de Ribeir\u00e3o Preto-SP e Regi\u00e3o","link":"https:\/\/ismaelcolosi.com.br\/index.php\/category\/noticias-de-ribeirao-preto-sp-e-regiao-ismael-colosi\/"},"img":{"alt_text":"","src":"https:\/\/i0.wp.com\/ismaelcolosi.com.br\/wp-content\/uploads\/2024\/06\/Copia-de-Copia-de-TAMANHO-EXATO-PARA-FOTOS-NO-SISTEMA-NOVO_2024-06-16_13-49-57_png_2024-06-16_13-49-57.webp.webp?fit=1200%2C675&ssl=1&resize=350%2C200","width":350,"height":200,"srcset":"https:\/\/i0.wp.com\/ismaelcolosi.com.br\/wp-content\/uploads\/2024\/06\/Copia-de-Copia-de-TAMANHO-EXATO-PARA-FOTOS-NO-SISTEMA-NOVO_2024-06-16_13-49-57_png_2024-06-16_13-49-57.webp.webp?fit=1200%2C675&ssl=1&resize=350%2C200 1x, https:\/\/i0.wp.com\/ismaelcolosi.com.br\/wp-content\/uploads\/2024\/06\/Copia-de-Copia-de-TAMANHO-EXATO-PARA-FOTOS-NO-SISTEMA-NOVO_2024-06-16_13-49-57_png_2024-06-16_13-49-57.webp.webp?fit=1200%2C675&ssl=1&resize=525%2C300 1.5x, https:\/\/i0.wp.com\/ismaelcolosi.com.br\/wp-content\/uploads\/2024\/06\/Copia-de-Copia-de-TAMANHO-EXATO-PARA-FOTOS-NO-SISTEMA-NOVO_2024-06-16_13-49-57_png_2024-06-16_13-49-57.webp.webp?fit=1200%2C675&ssl=1&resize=700%2C400 2x, https:\/\/i0.wp.com\/ismaelcolosi.com.br\/wp-content\/uploads\/2024\/06\/Copia-de-Copia-de-TAMANHO-EXATO-PARA-FOTOS-NO-SISTEMA-NOVO_2024-06-16_13-49-57_png_2024-06-16_13-49-57.webp.webp?fit=1200%2C675&ssl=1&resize=1050%2C600 3x"},"classes":[]},{"id":58569,"url":"https:\/\/ismaelcolosi.com.br\/index.php\/2024\/07\/31\/interior-de-sp-tem-alerta-do-inmet-de-perigo-potencial-veja-as-cidades\/","url_meta":{"origin":69545,"position":2},"title":"Interior de SP tem alerta do Inmet de perigo potencial; Veja as cidades","author":"ismaelcolosi.com.br","date":"31 de July de 2024","format":false,"excerpt":"O Inmet (Instituto Nacional de Meteorologia) emitiu um novo alerta que coloca Ribeir\u00e3o Preto e outras cidades do interior de S\u00e3o Paulo em estado de alerta de perigo potencial, por conta da baixa umidade do ar. O aviso \u00e9 v\u00e1lido das 11h \u00e0s 19h desta quinta-feira (1) e os \u00edndices\u2026","rel":"","context":"In &quot;Not\u00edcias de Ribeir\u00e3o Preto-SP e Regi\u00e3o&quot;","block_context":{"text":"Not\u00edcias de Ribeir\u00e3o Preto-SP e Regi\u00e3o","link":"https:\/\/ismaelcolosi.com.br\/index.php\/category\/noticias-de-ribeirao-preto-sp-e-regiao-ismael-colosi\/"},"img":{"alt_text":"","src":"https:\/\/i0.wp.com\/ismaelcolosi.com.br\/wp-content\/uploads\/2024\/07\/Copia-de-Copia-de-TAMANHO-EXATO-PARA-FOTOS-NO-SISTEMA-NOVO-1_2024-08-01_00-38-03_png_2024-08-01_00-38-03.webp.webp?fit=1200%2C675&ssl=1&resize=350%2C200","width":350,"height":200,"srcset":"https:\/\/i0.wp.com\/ismaelcolosi.com.br\/wp-content\/uploads\/2024\/07\/Copia-de-Copia-de-TAMANHO-EXATO-PARA-FOTOS-NO-SISTEMA-NOVO-1_2024-08-01_00-38-03_png_2024-08-01_00-38-03.webp.webp?fit=1200%2C675&ssl=1&resize=350%2C200 1x, https:\/\/i0.wp.com\/ismaelcolosi.com.br\/wp-content\/uploads\/2024\/07\/Copia-de-Copia-de-TAMANHO-EXATO-PARA-FOTOS-NO-SISTEMA-NOVO-1_2024-08-01_00-38-03_png_2024-08-01_00-38-03.webp.webp?fit=1200%2C675&ssl=1&resize=525%2C300 1.5x, https:\/\/i0.wp.com\/ismaelcolosi.com.br\/wp-content\/uploads\/2024\/07\/Copia-de-Copia-de-TAMANHO-EXATO-PARA-FOTOS-NO-SISTEMA-NOVO-1_2024-08-01_00-38-03_png_2024-08-01_00-38-03.webp.webp?fit=1200%2C675&ssl=1&resize=700%2C400 2x, https:\/\/i0.wp.com\/ismaelcolosi.com.br\/wp-content\/uploads\/2024\/07\/Copia-de-Copia-de-TAMANHO-EXATO-PARA-FOTOS-NO-SISTEMA-NOVO-1_2024-08-01_00-38-03_png_2024-08-01_00-38-03.webp.webp?fit=1200%2C675&ssl=1&resize=1050%2C600 3x"},"classes":[]},{"id":56866,"url":"https:\/\/ismaelcolosi.com.br\/index.php\/2024\/07\/16\/alerta-de-perigo-potencial-e-renovado-no-interior-de-sp-veja-previsao-do-tempo\/","url_meta":{"origin":69545,"position":3},"title":"Alerta de perigo potencial \u00e9 renovado no interior de SP; Veja previs\u00e3o do tempo","author":"ismaelcolosi.com.br","date":"16 de July de 2024","format":false,"excerpt":"O Inmet (Instituto Nacional de Meteorologia) renovou o alerta de perigo potencial para a baixa umidade do ar em parte do interior de S\u00e3o Paulo. O novo aviso tem validade entre 11h e 19h desta ter\u00e7a-feira (16), e inclui Ribeir\u00e3o Preto e cidades da regi\u00e3o. O alerta \u00e9 na cor\u2026","rel":"","context":"In &quot;Not\u00edcias de Ribeir\u00e3o Preto-SP e Regi\u00e3o&quot;","block_context":{"text":"Not\u00edcias de Ribeir\u00e3o Preto-SP e Regi\u00e3o","link":"https:\/\/ismaelcolosi.com.br\/index.php\/category\/noticias-de-ribeirao-preto-sp-e-regiao-ismael-colosi\/"},"img":{"alt_text":"","src":"https:\/\/i0.wp.com\/ismaelcolosi.com.br\/wp-content\/uploads\/2024\/07\/calor-onda.jpeg?fit=1200%2C675&ssl=1&resize=350%2C200","width":350,"height":200,"srcset":"https:\/\/i0.wp.com\/ismaelcolosi.com.br\/wp-content\/uploads\/2024\/07\/calor-onda.jpeg?fit=1200%2C675&ssl=1&resize=350%2C200 1x, https:\/\/i0.wp.com\/ismaelcolosi.com.br\/wp-content\/uploads\/2024\/07\/calor-onda.jpeg?fit=1200%2C675&ssl=1&resize=525%2C300 1.5x, https:\/\/i0.wp.com\/ismaelcolosi.com.br\/wp-content\/uploads\/2024\/07\/calor-onda.jpeg?fit=1200%2C675&ssl=1&resize=700%2C400 2x, https:\/\/i0.wp.com\/ismaelcolosi.com.br\/wp-content\/uploads\/2024\/07\/calor-onda.jpeg?fit=1200%2C675&ssl=1&resize=1050%2C600 3x"},"classes":[]},{"id":57243,"url":"https:\/\/ismaelcolosi.com.br\/index.php\/2024\/07\/18\/inmet-coloca-interior-de-sp-mais-uma-vez-em-alerta-de-perigo-potencial-veja-as-cidades\/","url_meta":{"origin":69545,"position":4},"title":"Inmet coloca interior de SP mais uma vez em alerta de perigo potencial; Veja as cidades","author":"ismaelcolosi.com.br","date":"18 de July de 2024","format":false,"excerpt":"O Inmet (Instituto Nacional de Meteorologia) emitiu, nesta quinta-feira (18), um novo alerta de perigo potencial por conta da baixa umidade do ar. O aviso de cor amarela, inclui cidades do interior de S\u00e3o Paulo, entre elas, Ribeir\u00e3o Preto (veja abaixo). De acordo com o instituto, o alerta \u00e9 v\u00e1lido\u2026","rel":"","context":"In &quot;Not\u00edcias de Ribeir\u00e3o Preto-SP e Regi\u00e3o&quot;","block_context":{"text":"Not\u00edcias de Ribeir\u00e3o Preto-SP e Regi\u00e3o","link":"https:\/\/ismaelcolosi.com.br\/index.php\/category\/noticias-de-ribeirao-preto-sp-e-regiao-ismael-colosi\/"},"img":{"alt_text":"","src":"https:\/\/i0.wp.com\/ismaelcolosi.com.br\/wp-content\/uploads\/2024\/07\/Copia-de-Copia-de-TAMANHO-EXATO-PARA-FOTOS-NO-SISTEMA-NOVO-5_2024-07-18_23-18-12_png_2024-07-18_23-18-12.webp.webp?fit=1200%2C675&ssl=1&resize=350%2C200","width":350,"height":200,"srcset":"https:\/\/i0.wp.com\/ismaelcolosi.com.br\/wp-content\/uploads\/2024\/07\/Copia-de-Copia-de-TAMANHO-EXATO-PARA-FOTOS-NO-SISTEMA-NOVO-5_2024-07-18_23-18-12_png_2024-07-18_23-18-12.webp.webp?fit=1200%2C675&ssl=1&resize=350%2C200 1x, https:\/\/i0.wp.com\/ismaelcolosi.com.br\/wp-content\/uploads\/2024\/07\/Copia-de-Copia-de-TAMANHO-EXATO-PARA-FOTOS-NO-SISTEMA-NOVO-5_2024-07-18_23-18-12_png_2024-07-18_23-18-12.webp.webp?fit=1200%2C675&ssl=1&resize=525%2C300 1.5x, https:\/\/i0.wp.com\/ismaelcolosi.com.br\/wp-content\/uploads\/2024\/07\/Copia-de-Copia-de-TAMANHO-EXATO-PARA-FOTOS-NO-SISTEMA-NOVO-5_2024-07-18_23-18-12_png_2024-07-18_23-18-12.webp.webp?fit=1200%2C675&ssl=1&resize=700%2C400 2x, https:\/\/i0.wp.com\/ismaelcolosi.com.br\/wp-content\/uploads\/2024\/07\/Copia-de-Copia-de-TAMANHO-EXATO-PARA-FOTOS-NO-SISTEMA-NOVO-5_2024-07-18_23-18-12_png_2024-07-18_23-18-12.webp.webp?fit=1200%2C675&ssl=1&resize=1050%2C600 3x"},"classes":[]},{"id":53844,"url":"https:\/\/ismaelcolosi.com.br\/index.php\/2024\/06\/19\/as-vesperas-do-inverno-interior-de-sp-tem-novo-alerta-de-perigo-potencial\/","url_meta":{"origin":69545,"position":5},"title":"\u00c0s v\u00e9speras do inverno, interior de SP tem novo alerta de perigo potencial","author":"ismaelcolosi.com.br","date":"19 de June de 2024","format":false,"excerpt":"O inverno come\u00e7a astronomicamente, nesta quinta-feira (20), \u00e0s 17h51, pelo hor\u00e1rio de Bras\u00edlia e a esta\u00e7\u00e3o ser\u00e1 marcada pelo tempo seco no interior de S\u00e3o Paulo, de acordo com a Climatempo. Por conta desse cen\u00e1rio, o Instituto Nacional de Meteorologia (Inmet) emitiu um novo comunicado informando que grande parte do\u2026","rel":"","context":"In &quot;Not\u00edcias de Ribeir\u00e3o Preto-SP e Regi\u00e3o&quot;","block_context":{"text":"Not\u00edcias de Ribeir\u00e3o Preto-SP e Regi\u00e3o","link":"https:\/\/ismaelcolosi.com.br\/index.php\/category\/noticias-de-ribeirao-preto-sp-e-regiao-ismael-colosi\/"},"img":{"alt_text":"","src":"https:\/\/i0.wp.com\/ismaelcolosi.com.br\/wp-content\/uploads\/2024\/06\/frio_ribeirao_1024x576_30062021063120.jpg?fit=1024%2C576&ssl=1&resize=350%2C200","width":350,"height":200,"srcset":"https:\/\/i0.wp.com\/ismaelcolosi.com.br\/wp-content\/uploads\/2024\/06\/frio_ribeirao_1024x576_30062021063120.jpg?fit=1024%2C576&ssl=1&resize=350%2C200 1x, https:\/\/i0.wp.com\/ismaelcolosi.com.br\/wp-content\/uploads\/2024\/06\/frio_ribeirao_1024x576_30062021063120.jpg?fit=1024%2C576&ssl=1&resize=525%2C300 1.5x, https:\/\/i0.wp.com\/ismaelcolosi.com.br\/wp-content\/uploads\/2024\/06\/frio_ribeirao_1024x576_30062021063120.jpg?fit=1024%2C576&ssl=1&resize=700%2C400 2x"},"classes":[]}],"jetpack_sharing_enabled":true,"jetpack_shortlink":"https:\/\/wp.me\/pfMlyK-i5H","_links":{"self":[{"href":"https:\/\/ismaelcolosi.com.br\/index.php\/wp-json\/wp\/v2\/posts\/69545","targetHints":{"allow":["GET"]}}],"collection":[{"href":"https:\/\/ismaelcolosi.com.br\/index.php\/wp-json\/wp\/v2\/posts"}],"about":[{"href":"https:\/\/ismaelcolosi.com.br\/index.php\/wp-json\/wp\/v2\/types\/post"}],"author":[{"embeddable":true,"href":"https:\/\/ismaelcolosi.com.br\/index.php\/wp-json\/wp\/v2\/users\/1"}],"replies":[{"embeddable":true,"href":"https:\/\/ismaelcolosi.com.br\/index.php\/wp-json\/wp\/v2\/comments?post=69545"}],"version-history":[{"count":0,"href":"https:\/\/ismaelcolosi.com.br\/index.php\/wp-json\/wp\/v2\/posts\/69545\/revisions"}],"wp:featuredmedia":[{"embeddable":true,"href":"https:\/\/ismaelcolosi.com.br\/index.php\/wp-json\/wp\/v2\/media\/61291"}],"wp:attachment":[{"href":"https:\/\/ismaelcolosi.com.br\/index.php\/wp-json\/wp\/v2\/media?parent=69545"}],"wp:term":[{"taxonomy":"category","embeddable":true,"href":"https:\/\/ismaelcolosi.com.br\/index.php\/wp-json\/wp\/v2\/categories?post=69545"},{"taxonomy":"post_tag","embeddable":true,"href":"https:\/\/ismaelcolosi.com.br\/index.php\/wp-json\/wp\/v2\/tags?post=69545"}],"curies":[{"name":"wp","href":"https:\/\/api.w.org\/{rel}","templated":true}]}}