{"id":69543,"date":"2024-10-06T14:53:11","date_gmt":"2024-10-06T17:53:11","guid":{"rendered":"https:\/\/ismaelcolosi.com.br\/index.php\/2024\/10\/06\/eleicoes-2024-tres-pessoas-foram-detidas-por-boca-de-urna-na-regiao-de-ribeirao-preto\/"},"modified":"2024-10-06T14:53:11","modified_gmt":"2024-10-06T17:53:11","slug":"eleicoes-2024-tres-pessoas-foram-detidas-por-boca-de-urna-na-regiao-de-ribeirao-preto","status":"publish","type":"post","link":"https:\/\/ismaelcolosi.com.br\/index.php\/2024\/10\/06\/eleicoes-2024-tres-pessoas-foram-detidas-por-boca-de-urna-na-regiao-de-ribeirao-preto\/","title":{"rendered":"Elei\u00e7\u00f5es 2024: Tr\u00eas pessoas foram detidas por boca de urna na regi\u00e3o de Ribeir\u00e3o Preto"},"content":{"rendered":"<p> <br \/>\n<\/p>\n<div>\n<p>Uma mulher de 42 anos foi detida na manh\u00e3 deste domingo (6) acusada de fazer propaganda eleitoral il\u00edcita, a chamada <strong>boca de urna<\/strong>, em <strong>Igarapava<\/strong>, na regi\u00e3o de <strong>Ribeir\u00e3o Preto<\/strong>. De acordo com o<strong> B.O. (boletim de ocorr\u00eancia)<\/strong>, a mulher teria agido de \u201cforma arrogante\u201d e se recusado a obedecer os policiais\u00a0 militares que atenderam a ocorr\u00eancia.<\/p>\n<p>O caso aconteceu em uma resid\u00eancia pr\u00f3xima da <strong>EMEF Professor Dantes<\/strong>. Segundo o registro, um grupo de pessoas estaria no local com o port\u00e3o aberto. Na casa,<mark style=\"background-color:#fcb900\" class=\"has-inline-color\"> havia som com volume elevado e havia bexigas e banners referentes a um candidato a prefeito da cidade.<\/mark><\/p>\n<p>O B.O. aponta que a dona da casa, \u201cde forma arrogante recusou-se a obedecer os militares e reafirmou que n\u00e3o ia desligar nada, portando-se de forma absolutamente irredut\u00edvel\u201d.<\/p>\n<p>Um delegado foi at\u00e9 o local e determinou a apreens\u00e3o do material relacionado a propaganda eleitoral, como caixa de som, pen drive e banners do candidato.<\/p>\n<p>A mulher teria passado a filmar as equipes e, no entendimento do delegado, foi configurado propaganda eleitoral il\u00edcita. Por conta disso, o aparelho foi apreendido. A mulher foi detida e levada para delegacia de Igarapava<\/p>\n<h4 class=\"wp-block-heading\"><strong>Boca de urna<\/strong><\/h4>\n<p>Em <strong>Franca<\/strong>, tamb\u00e9m foi o registrado um caso de uma mulher, de 22 anos, detida por boca de urna. Segundo a<strong> PM (Pol\u00edcia Militar)<\/strong>, ela estava entregando santinhos em frente a escola estadual Capit\u00e3o Jos\u00e9 Pinheiro de Lacerda. Em <strong>Aramina<\/strong>, um homem tamb\u00e9m foi detido.<\/p>\n<p>SAIBA MAIS<br \/>Justi\u00e7a Eleitoral apreende material espalhado por candidatos de Ribeir\u00e3o Preto<\/p>\n<h4 class=\"wp-block-heading\"><strong>FIQUE ON<\/strong><\/h4>\n<p>Fique ligado em tudo que acontece em Ribeir\u00e3o Preto e regi\u00e3o. Siga os perfis do<strong> acidade on <\/strong>no <a href=\"https:\/\/www.instagram.com\/acidadeonribeirao\" target=\"_blank\" rel=\"noreferrer noopener nofollow\">Instagram<\/a> e no <a href=\"https:\/\/www.facebook.com\/acidadeonribeirao\/\" target=\"_blank\" rel=\"noreferrer noopener nofollow\">Facebook<\/a>.<\/p>\n<p>Receba not\u00edcias do <strong>acidade on <\/strong>no WhatsApp.<a href=\"https:\/\/chat.whatsapp.com\/Fg4ok3aAVyB59DP63pRapr\" target=\"_blank\" rel=\"noreferrer noopener nofollow\"> Para entrar no grupo, basta clicar aqui.<\/a><\/p>\n<p>Fa\u00e7a uma den\u00fancia ou sugira uma reportagem sobre Ribeir\u00e3o Preto e regi\u00e3o pelo WhatsApp: 16 99117 7802.<\/p>\n<p>VEJA TAMB\u00c9M<br \/>Qual a previs\u00e3o do tempo para a pr\u00f3xima semana em SP?<\/p>\n<p><!-- CONTENT END 1 -->\n<\/div>\n<p><script async src=\"\/\/www.instagram.com\/embed.js\"><\/script><br \/>\n<br \/><br \/>\n<br \/><a href=\"https:\/\/www.acidadeon.com\/ribeiraopreto\/politica\/eleicoes\/eleicoes-2024-tres-pessoas-foram-detidas-por-boca-de-urna-na-regiao-de-ribeirao-preto\/\">Source link <\/a><\/p>\n","protected":false},"excerpt":{"rendered":"<p>Uma mulher de 42 anos foi detida na manh\u00e3 deste domingo (6) acusada de fazer propaganda eleitoral il\u00edcita, a chamada boca de urna, em Igarapava,&#8230;<\/p>\n","protected":false},"author":1,"featured_media":69544,"comment_status":"open","ping_status":"open","sticky":false,"template":"","format":"standard","meta":{"_uag_custom_page_level_css":"","advanced_seo_description":"","jetpack_seo_html_title":"","jetpack_seo_noindex":false,"jetpack_post_was_ever_published":false,"_jetpack_newsletter_access":"","_jetpack_dont_email_post_to_subs":false,"_jetpack_newsletter_tier_id":0,"_jetpack_memberships_contains_paywalled_content":false,"_jetpack_memberships_contains_paid_content":false,"footnotes":"","jetpack_publicize_message":"","jetpack_publicize_feature_enabled":true,"jetpack_social_post_already_shared":true,"jetpack_social_options":{"image_generator_settings":{"template":"highway","default_image_id":0,"font":"","enabled":false},"version":2}},"categories":[11],"tags":[],"class_list":["post-69543","post","type-post","status-publish","format-standard","has-post-thumbnail","hentry","category-noticias-de-ribeirao-preto-sp-e-regiao-ismael-colosi"],"jetpack_publicize_connections":[],"jetpack_featured_media_url":"https:\/\/i0.wp.com\/ismaelcolosi.com.br\/wp-content\/uploads\/2024\/10\/boca-de-urna_2024-10-06_17-12-53_jpg_2024-10-06_17-12-53.webp.webp?fit=915%2C480&ssl=1","uagb_featured_image_src":{"full":["https:\/\/i0.wp.com\/ismaelcolosi.com.br\/wp-content\/uploads\/2024\/10\/boca-de-urna_2024-10-06_17-12-53_jpg_2024-10-06_17-12-53.webp.webp?fit=915%2C480&ssl=1",915,480,false],"thumbnail":["https:\/\/i0.wp.com\/ismaelcolosi.com.br\/wp-content\/uploads\/2024\/10\/boca-de-urna_2024-10-06_17-12-53_jpg_2024-10-06_17-12-53.webp.webp?resize=150%2C150&ssl=1",150,150,true],"medium":["https:\/\/i0.wp.com\/ismaelcolosi.com.br\/wp-content\/uploads\/2024\/10\/boca-de-urna_2024-10-06_17-12-53_jpg_2024-10-06_17-12-53.webp.webp?fit=300%2C157&ssl=1",300,157,true],"medium_large":["https:\/\/i0.wp.com\/ismaelcolosi.com.br\/wp-content\/uploads\/2024\/10\/boca-de-urna_2024-10-06_17-12-53_jpg_2024-10-06_17-12-53.webp.webp?fit=768%2C403&ssl=1",768,403,true],"large":["https:\/\/i0.wp.com\/ismaelcolosi.com.br\/wp-content\/uploads\/2024\/10\/boca-de-urna_2024-10-06_17-12-53_jpg_2024-10-06_17-12-53.webp.webp?fit=915%2C480&ssl=1",915,480,true],"1536x1536":["https:\/\/i0.wp.com\/ismaelcolosi.com.br\/wp-content\/uploads\/2024\/10\/boca-de-urna_2024-10-06_17-12-53_jpg_2024-10-06_17-12-53.webp.webp?fit=915%2C480&ssl=1",915,480,true],"2048x2048":["https:\/\/i0.wp.com\/ismaelcolosi.com.br\/wp-content\/uploads\/2024\/10\/boca-de-urna_2024-10-06_17-12-53_jpg_2024-10-06_17-12-53.webp.webp?fit=915%2C480&ssl=1",915,480,true],"really-simple-thumb":["https:\/\/i0.wp.com\/ismaelcolosi.com.br\/wp-content\/uploads\/2024\/10\/boca-de-urna_2024-10-06_17-12-53_jpg_2024-10-06_17-12-53.webp.webp?resize=370%2C247&ssl=1",370,247,true]},"uagb_author_info":{"display_name":"ismaelcolosi.com.br","author_link":"https:\/\/ismaelcolosi.com.br\/index.php\/author\/vidareal-online\/"},"uagb_comment_info":0,"uagb_excerpt":"Uma mulher de 42 anos foi detida na manh\u00e3 deste domingo (6) acusada de fazer propaganda eleitoral il\u00edcita, a chamada boca de urna, em Igarapava,...","jetpack-related-posts":[{"id":46854,"url":"https:\/\/ismaelcolosi.com.br\/index.php\/2024\/04\/15\/discussao-em-bar-termina-com-tres-pessoas-atropeladas-na-regiao-de-ribeirao-preto\/","url_meta":{"origin":69543,"position":0},"title":"Discuss\u00e3o em bar termina com tr\u00eas pessoas atropeladas na regi\u00e3o de Ribeir\u00e3o Preto","author":"ismaelcolosi.com.br","date":"15 de April de 2024","format":false,"excerpt":"Uma discuss\u00e3o em um bar terminou com tr\u00eas pessoas atropeladas em Ituverava, na regi\u00e3o de Ribeir\u00e3o Preto, na manh\u00e3 do \u00faltimo domingo (14). A confus\u00e3o aconteceu no distrito de S\u00e3o Benedito da Cachoeirinha, e as v\u00edtimas precisaram ser atendidas na Santa Casa da cidade. Segundo o B.O. (boletim de ocorr\u00eancia),\u2026","rel":"","context":"In &quot;Not\u00edcias de Ribeir\u00e3o Preto-SP e Regi\u00e3o&quot;","block_context":{"text":"Not\u00edcias de Ribeir\u00e3o Preto-SP e Regi\u00e3o","link":"https:\/\/ismaelcolosi.com.br\/index.php\/category\/noticias-de-ribeirao-preto-sp-e-regiao-ismael-colosi\/"},"img":{"alt_text":"","src":"https:\/\/i0.wp.com\/ismaelcolosi.com.br\/wp-content\/uploads\/2024\/04\/AnyConv.com__carro-atropelamento.webp.webp?fit=1200%2C675&ssl=1&resize=350%2C200","width":350,"height":200,"srcset":"https:\/\/i0.wp.com\/ismaelcolosi.com.br\/wp-content\/uploads\/2024\/04\/AnyConv.com__carro-atropelamento.webp.webp?fit=1200%2C675&ssl=1&resize=350%2C200 1x, https:\/\/i0.wp.com\/ismaelcolosi.com.br\/wp-content\/uploads\/2024\/04\/AnyConv.com__carro-atropelamento.webp.webp?fit=1200%2C675&ssl=1&resize=525%2C300 1.5x, https:\/\/i0.wp.com\/ismaelcolosi.com.br\/wp-content\/uploads\/2024\/04\/AnyConv.com__carro-atropelamento.webp.webp?fit=1200%2C675&ssl=1&resize=700%2C400 2x, https:\/\/i0.wp.com\/ismaelcolosi.com.br\/wp-content\/uploads\/2024\/04\/AnyConv.com__carro-atropelamento.webp.webp?fit=1200%2C675&ssl=1&resize=1050%2C600 3x"},"classes":[]},{"id":56713,"url":"https:\/\/ismaelcolosi.com.br\/index.php\/2024\/07\/14\/identificado-idoso-morto-pela-companheira-na-regiao-de-ribeirao-preto\/","url_meta":{"origin":69543,"position":1},"title":"Identificado idoso morto pela companheira na regi\u00e3o de Ribeir\u00e3o Preto","author":"ismaelcolosi.com.br","date":"14 de July de 2024","format":false,"excerpt":"O idoso de 80 anos morto pela companheira de 65 anos, neste domingo (14), foi identificado como Clesio Belesini. O crime aconteceu no bairro Primeiro de Maio em Sert\u00e3ozinho, na regi\u00e3o de Ribeir\u00e3o Preto. Segundo o boletim de ocorr\u00eancia, os policiais militares foram acionados para atender uma den\u00fancia de que\u2026","rel":"","context":"In &quot;Not\u00edcias de Ribeir\u00e3o Preto-SP e Regi\u00e3o&quot;","block_context":{"text":"Not\u00edcias de Ribeir\u00e3o Preto-SP e Regi\u00e3o","link":"https:\/\/ismaelcolosi.com.br\/index.php\/category\/noticias-de-ribeirao-preto-sp-e-regiao-ismael-colosi\/"},"img":{"alt_text":"","src":"https:\/\/i0.wp.com\/ismaelcolosi.com.br\/wp-content\/uploads\/2024\/07\/Copia-de-Copia-de-TAMANHO-EXATO-PARA-FOTOS-NO-SISTEMA-NOVO-16_2024-07-14_20-33-54_jpg_2024-07-14_20-33-54.webp.webp?fit=1200%2C675&ssl=1&resize=350%2C200","width":350,"height":200,"srcset":"https:\/\/i0.wp.com\/ismaelcolosi.com.br\/wp-content\/uploads\/2024\/07\/Copia-de-Copia-de-TAMANHO-EXATO-PARA-FOTOS-NO-SISTEMA-NOVO-16_2024-07-14_20-33-54_jpg_2024-07-14_20-33-54.webp.webp?fit=1200%2C675&ssl=1&resize=350%2C200 1x, https:\/\/i0.wp.com\/ismaelcolosi.com.br\/wp-content\/uploads\/2024\/07\/Copia-de-Copia-de-TAMANHO-EXATO-PARA-FOTOS-NO-SISTEMA-NOVO-16_2024-07-14_20-33-54_jpg_2024-07-14_20-33-54.webp.webp?fit=1200%2C675&ssl=1&resize=525%2C300 1.5x, https:\/\/i0.wp.com\/ismaelcolosi.com.br\/wp-content\/uploads\/2024\/07\/Copia-de-Copia-de-TAMANHO-EXATO-PARA-FOTOS-NO-SISTEMA-NOVO-16_2024-07-14_20-33-54_jpg_2024-07-14_20-33-54.webp.webp?fit=1200%2C675&ssl=1&resize=700%2C400 2x, https:\/\/i0.wp.com\/ismaelcolosi.com.br\/wp-content\/uploads\/2024\/07\/Copia-de-Copia-de-TAMANHO-EXATO-PARA-FOTOS-NO-SISTEMA-NOVO-16_2024-07-14_20-33-54_jpg_2024-07-14_20-33-54.webp.webp?fit=1200%2C675&ssl=1&resize=1050%2C600 3x"},"classes":[]},{"id":78341,"url":"https:\/\/ismaelcolosi.com.br\/index.php\/2024\/12\/04\/apos-denuncia-de-mae-homem-e-preso-na-regiao\/","url_meta":{"origin":69543,"position":2},"title":"Ap\u00f3s den\u00fancia de m\u00e3e, homem \u00e9 preso na regi\u00e3o","author":"ismaelcolosi.com.br","date":"4 de December de 2024","format":false,"excerpt":"Por: Adalberto Luque Um homem de 34 anos foi preso, na noite desta ter\u00e7a-feira (3) ap\u00f3s chegar \u00e0 casa de sua m\u00e3e, para supostamente visit\u00e1-la. Ele foi abordado pela Pol\u00edcia Militar por descumprimento de medida protetiva de urg\u00eancia na Rua Campos Salles, Jardin\u00f3polis. De acordo com o Boletim de Ocorr\u00eancia\u2026","rel":"","context":"In &quot;Not\u00edcias de Ribeir\u00e3o Preto-SP e Regi\u00e3o&quot;","block_context":{"text":"Not\u00edcias de Ribeir\u00e3o Preto-SP e Regi\u00e3o","link":"https:\/\/ismaelcolosi.com.br\/index.php\/category\/noticias-de-ribeirao-preto-sp-e-regiao-ismael-colosi\/"},"img":{"alt_text":"","src":"https:\/\/i0.wp.com\/ismaelcolosi.com.br\/wp-content\/uploads\/2024\/12\/00-20-fev-2024-CPJ-luque-foto-alfredo-risk-scaled-1.jpg?fit=968%2C645&ssl=1&resize=350%2C200","width":350,"height":200,"srcset":"https:\/\/i0.wp.com\/ismaelcolosi.com.br\/wp-content\/uploads\/2024\/12\/00-20-fev-2024-CPJ-luque-foto-alfredo-risk-scaled-1.jpg?fit=968%2C645&ssl=1&resize=350%2C200 1x, https:\/\/i0.wp.com\/ismaelcolosi.com.br\/wp-content\/uploads\/2024\/12\/00-20-fev-2024-CPJ-luque-foto-alfredo-risk-scaled-1.jpg?fit=968%2C645&ssl=1&resize=525%2C300 1.5x, https:\/\/i0.wp.com\/ismaelcolosi.com.br\/wp-content\/uploads\/2024\/12\/00-20-fev-2024-CPJ-luque-foto-alfredo-risk-scaled-1.jpg?fit=968%2C645&ssl=1&resize=700%2C400 2x"},"classes":[]},{"id":41153,"url":"https:\/\/ismaelcolosi.com.br\/index.php\/2024\/03\/06\/o-que-sabe-sobre-a-morte-do-corretor-esfaqueado-pela-namorada-em-ribeirao\/","url_meta":{"origin":69543,"position":3},"title":"O que sabe sobre a morte do corretor esfaqueado pela namorada em Ribeir\u00e3o","author":"ismaelcolosi.com.br","date":"6 de March de 2024","format":false,"excerpt":"A Pol\u00edcia Civil de Ribeir\u00e3o Preto ouviu, nesta quarta-feira (6), o depoimento da mulher suspeita de ter matado esfaqueado o corretor de im\u00f3veis Carlos Felipe Camargo da Silva, de 29 anos, no \u00faltimo domingo (3). A v\u00edtima foi levada para UPA (Unidade de Pronto Atendimento) Norte, mas n\u00e3o resistiu aos\u2026","rel":"","context":"In &quot;Not\u00edcias de Ribeir\u00e3o Preto-SP e Regi\u00e3o&quot;","block_context":{"text":"Not\u00edcias de Ribeir\u00e3o Preto-SP e Regi\u00e3o","link":"https:\/\/ismaelcolosi.com.br\/index.php\/category\/noticias-de-ribeirao-preto-sp-e-regiao-ismael-colosi\/"},"img":{"alt_text":"","src":"https:\/\/i0.wp.com\/ismaelcolosi.com.br\/wp-content\/uploads\/2024\/03\/AnyConv.com__WhatsApp-Image-2024-03-06-at-16.30.54.webp.webp?fit=1200%2C674&ssl=1&resize=350%2C200","width":350,"height":200,"srcset":"https:\/\/i0.wp.com\/ismaelcolosi.com.br\/wp-content\/uploads\/2024\/03\/AnyConv.com__WhatsApp-Image-2024-03-06-at-16.30.54.webp.webp?fit=1200%2C674&ssl=1&resize=350%2C200 1x, https:\/\/i0.wp.com\/ismaelcolosi.com.br\/wp-content\/uploads\/2024\/03\/AnyConv.com__WhatsApp-Image-2024-03-06-at-16.30.54.webp.webp?fit=1200%2C674&ssl=1&resize=525%2C300 1.5x, https:\/\/i0.wp.com\/ismaelcolosi.com.br\/wp-content\/uploads\/2024\/03\/AnyConv.com__WhatsApp-Image-2024-03-06-at-16.30.54.webp.webp?fit=1200%2C674&ssl=1&resize=700%2C400 2x, https:\/\/i0.wp.com\/ismaelcolosi.com.br\/wp-content\/uploads\/2024\/03\/AnyConv.com__WhatsApp-Image-2024-03-06-at-16.30.54.webp.webp?fit=1200%2C674&ssl=1&resize=1050%2C600 3x"},"classes":[]},{"id":35157,"url":"https:\/\/ismaelcolosi.com.br\/index.php\/2024\/02\/05\/o-que-se-sabe-sobre-a-execucao-da-publicitaria-em-ribeirao-preto\/","url_meta":{"origin":69543,"position":4},"title":"O que se sabe sobre a execu\u00e7\u00e3o da publicit\u00e1ria em Ribeir\u00e3o Preto","author":"ismaelcolosi.com.br","date":"5 de February de 2024","format":false,"excerpt":"A publicit\u00e1ria Dayane Isabel Roncari, de 33 anos, executada em frente a uma casa no Jardim Maria Goretti, na zona Oeste de Ribeir\u00e3o Preto, na noite do \u00faltimo domingo (3), estaria sendo jurada de morte, de acordo com o B.O. (boletim de ocorr\u00eancia). A v\u00edtima foi morta depois de sofrer\u2026","rel":"","context":"In &quot;Not\u00edcias de Ribeir\u00e3o Preto-SP e Regi\u00e3o&quot;","block_context":{"text":"Not\u00edcias de Ribeir\u00e3o Preto-SP e Regi\u00e3o","link":"https:\/\/ismaelcolosi.com.br\/index.php\/category\/noticias-de-ribeirao-preto-sp-e-regiao-ismael-colosi\/"},"img":{"alt_text":"","src":"https:\/\/i0.wp.com\/ismaelcolosi.com.br\/wp-content\/uploads\/2024\/02\/dayane.jpeg?fit=1200%2C674&ssl=1&resize=350%2C200","width":350,"height":200,"srcset":"https:\/\/i0.wp.com\/ismaelcolosi.com.br\/wp-content\/uploads\/2024\/02\/dayane.jpeg?fit=1200%2C674&ssl=1&resize=350%2C200 1x, https:\/\/i0.wp.com\/ismaelcolosi.com.br\/wp-content\/uploads\/2024\/02\/dayane.jpeg?fit=1200%2C674&ssl=1&resize=525%2C300 1.5x, https:\/\/i0.wp.com\/ismaelcolosi.com.br\/wp-content\/uploads\/2024\/02\/dayane.jpeg?fit=1200%2C674&ssl=1&resize=700%2C400 2x, https:\/\/i0.wp.com\/ismaelcolosi.com.br\/wp-content\/uploads\/2024\/02\/dayane.jpeg?fit=1200%2C674&ssl=1&resize=1050%2C600 3x"},"classes":[]},{"id":25702,"url":"https:\/\/ismaelcolosi.com.br\/index.php\/2024\/01\/08\/homem-mata-proprio-pai-apos-discussao-na-regiao-de-ribeirao-preto\/","url_meta":{"origin":69543,"position":5},"title":"Homem mata o pr\u00f3prio pai ap\u00f3s discuss\u00e3o na regi\u00e3o de Ribeir\u00e3o Preto","author":"ismaelcolosi.com.br","date":"8 de January de 2024","format":false,"excerpt":"Um homem de 28 anos matou o pr\u00f3prio pai, um comerciante de 64 anos, ap\u00f3s uma discuss\u00e3o em Jardin\u00f3polis, na regi\u00e3o de Ribeir\u00e3o Preto. O crime aconteceu na noite do \u00faltimo domingo (7) e o acusado foi preso em flagrante. Segundo o B.O. (boletim de ocorr\u00eancia), a mulher da v\u00edtima\u2026","rel":"","context":"In &quot;Not\u00edcias de Ribeir\u00e3o Preto-SP e Regi\u00e3o&quot;","block_context":{"text":"Not\u00edcias de Ribeir\u00e3o Preto-SP e Regi\u00e3o","link":"https:\/\/ismaelcolosi.com.br\/index.php\/category\/noticias-de-ribeirao-preto-sp-e-regiao-ismael-colosi\/"},"img":{"alt_text":"","src":"https:\/\/i0.wp.com\/ismaelcolosi.com.br\/wp-content\/uploads\/2024\/01\/WhatsApp-Image-2023-12-09-at-13.55.44.jpeg?fit=1024%2C576&ssl=1&resize=350%2C200","width":350,"height":200,"srcset":"https:\/\/i0.wp.com\/ismaelcolosi.com.br\/wp-content\/uploads\/2024\/01\/WhatsApp-Image-2023-12-09-at-13.55.44.jpeg?fit=1024%2C576&ssl=1&resize=350%2C200 1x, https:\/\/i0.wp.com\/ismaelcolosi.com.br\/wp-content\/uploads\/2024\/01\/WhatsApp-Image-2023-12-09-at-13.55.44.jpeg?fit=1024%2C576&ssl=1&resize=525%2C300 1.5x, https:\/\/i0.wp.com\/ismaelcolosi.com.br\/wp-content\/uploads\/2024\/01\/WhatsApp-Image-2023-12-09-at-13.55.44.jpeg?fit=1024%2C576&ssl=1&resize=700%2C400 2x"},"classes":[]}],"jetpack_sharing_enabled":true,"jetpack_shortlink":"https:\/\/wp.me\/pfMlyK-i5F","_links":{"self":[{"href":"https:\/\/ismaelcolosi.com.br\/index.php\/wp-json\/wp\/v2\/posts\/69543","targetHints":{"allow":["GET"]}}],"collection":[{"href":"https:\/\/ismaelcolosi.com.br\/index.php\/wp-json\/wp\/v2\/posts"}],"about":[{"href":"https:\/\/ismaelcolosi.com.br\/index.php\/wp-json\/wp\/v2\/types\/post"}],"author":[{"embeddable":true,"href":"https:\/\/ismaelcolosi.com.br\/index.php\/wp-json\/wp\/v2\/users\/1"}],"replies":[{"embeddable":true,"href":"https:\/\/ismaelcolosi.com.br\/index.php\/wp-json\/wp\/v2\/comments?post=69543"}],"version-history":[{"count":0,"href":"https:\/\/ismaelcolosi.com.br\/index.php\/wp-json\/wp\/v2\/posts\/69543\/revisions"}],"wp:featuredmedia":[{"embeddable":true,"href":"https:\/\/ismaelcolosi.com.br\/index.php\/wp-json\/wp\/v2\/media\/69544"}],"wp:attachment":[{"href":"https:\/\/ismaelcolosi.com.br\/index.php\/wp-json\/wp\/v2\/media?parent=69543"}],"wp:term":[{"taxonomy":"category","embeddable":true,"href":"https:\/\/ismaelcolosi.com.br\/index.php\/wp-json\/wp\/v2\/categories?post=69543"},{"taxonomy":"post_tag","embeddable":true,"href":"https:\/\/ismaelcolosi.com.br\/index.php\/wp-json\/wp\/v2\/tags?post=69543"}],"curies":[{"name":"wp","href":"https:\/\/api.w.org\/{rel}","templated":true}]}}