{"id":69541,"date":"2024-10-06T14:37:05","date_gmt":"2024-10-06T17:37:05","guid":{"rendered":"https:\/\/ismaelcolosi.com.br\/index.php\/2024\/10\/06\/idoso-e-preso-suspeito-de-embriaguez-apos-acidente-em-ribeirao-preto\/"},"modified":"2024-10-06T14:37:05","modified_gmt":"2024-10-06T17:37:05","slug":"idoso-e-preso-suspeito-de-embriaguez-apos-acidente-em-ribeirao-preto","status":"publish","type":"post","link":"https:\/\/ismaelcolosi.com.br\/index.php\/2024\/10\/06\/idoso-e-preso-suspeito-de-embriaguez-apos-acidente-em-ribeirao-preto\/","title":{"rendered":"Idoso \u00e9 preso suspeito de embriaguez ap\u00f3s acidente em Ribeir\u00e3o Preto"},"content":{"rendered":"<p> <br \/>\n<\/p>\n<div>\n<p>Um <strong>idoso <\/strong>de 64 anos foi <strong>preso em flagrante<\/strong> ap\u00f3s se envolver em um <strong>acidente de tr\u00e2nsito<\/strong> na avenida Brasil, no bairro Vila Elisa, zona Norte de <strong>Ribeir\u00e3o Preto<\/strong>, na noite deste s\u00e1bado (5).<\/p>\n<p>De acordo com as informa\u00e7\u00f5es do <strong>boletim de ocorr\u00eancia (BO)<\/strong>, <span style=\"background-color:#fff9c0\" class=\"td_text_highlight_marker\"><mark style=\"background-color:rgba(0, 0, 0, 0)\" class=\"has-inline-color has-black-color\">o homem dirigia um <strong>Toyota Corolla<\/strong> quando colidiu com um <strong>Volkswagen Gol<\/strong> que estava <strong>estacionado <\/strong>na via e acabou <strong>capotando<\/strong>.<\/mark><\/span><\/p>\n<p>Consta no registro que o homem <strong>n\u00e3o soube informar aos policiais o que aconteceu<\/strong>, contudo, os agentes perceberam sinais <strong>embriaguez <\/strong>no motorista. Ele <strong>se recusou a realizar o teste do baf\u00f4metro<\/strong>, por\u00e9m, informou que <strong>havia ingerido tr\u00eas copos de bebida alco\u00f3lica<\/strong>.<\/p>\n<p>Ainda de acordo com o <strong>BO<\/strong>, devido \u00e0 gravidade do acidente, uma pessoa que estava no interior do <strong>Gol <\/strong>precisou ser socorrida e encaminhada para a <strong>UPA (Unidade de Pronto Atendimento) Norte<\/strong> \u2013 o estado de sa\u00fade n\u00e3o foi divulgado.<\/p>\n<p>O <strong>Corpo de Bombeiros<\/strong> foi acionado e, durante o trabalho de resgate, foi localizado uma<strong> muni\u00e7\u00e3o calibre .38<\/strong> dentro do <strong>Corolla<\/strong>. <span style=\"background-color:#fff9c0\" class=\"td_text_highlight_marker\"><mark style=\"background-color:rgba(0, 0, 0, 0)\" class=\"has-inline-color has-black-color\">Questionado pelos policiais, o motorista n\u00e3o soube explicar a origem do artefato.<\/mark><\/span><\/p>\n<p>O idoso foi encaminhado para a <strong>UPA da avenida Treze de Maio<\/strong>. Na sequ\u00eancia, foi levado para a <strong>CPJ (Central de Pol\u00edcia Judici\u00e1ria) de Ribeir\u00e3o Preto<\/strong>, onde foi <strong>preso em flagrante<\/strong>.<\/p>\n<p>O <strong>boletim de ocorr\u00eancia<\/strong> foi registrado como <strong>les\u00e3o corporal na dire\u00e7\u00e3o de ve\u00edculo automotor<\/strong>, <strong>porte ilegal de arma de fogo<\/strong> e <strong>embriaguez ao volante<\/strong>.<\/p>\n<hr class=\"wp-block-separator has-alpha-channel-opacity\"\/>\n<p>SAIBA MAIS<\/p>\n<p>Elei\u00e7\u00f5es 2024: Tr\u00eas pessoas foram detidas por boca de urna na regi\u00e3o de Ribeir\u00e3o Preto<\/p>\n<h4 class=\"wp-block-heading\"><strong>FIQUE ON<\/strong><\/h4>\n<p>Fique ligado em tudo que acontece em Ribeir\u00e3o Preto e regi\u00e3o. Siga os perfis do<strong>\u00a0acidade on\u00a0<\/strong>no\u00a0<a href=\"https:\/\/www.instagram.com\/acidadeonribeirao\" target=\"_blank\" rel=\"noreferrer noopener\">Instagram<\/a>\u00a0e no\u00a0<a href=\"https:\/\/www.facebook.com\/acidadeonribeirao\/\" target=\"_blank\" rel=\"noreferrer noopener\">Facebook<\/a>.<\/p>\n<p>Receba not\u00edcias do\u00a0<strong>acidade on\u00a0<\/strong>no WhatsApp.<a href=\"https:\/\/chat.whatsapp.com\/Fg4ok3aAVyB59DP63pRapr\" target=\"_blank\" rel=\"noreferrer noopener\">\u00a0Para entrar no grupo, basta clicar aqui.<\/a><\/p>\n<p>Fa\u00e7a uma den\u00fancia ou sugira uma reportagem sobre Ribeir\u00e3o Preto e regi\u00e3o pelo WhatsApp: 16 99117 7802.<\/p>\n<p>VEJA TAMB\u00c9M<\/p>\n<p>Qual foi a \u00faltima cena de Paul Walker em \u2018Velozes e Furiosos 7\u2019?<\/p>\n<p><!-- CONTENT END 1 -->\n<\/div>\n<p><script async src=\"\/\/www.instagram.com\/embed.js\"><\/script><br \/>\n<br \/><br \/>\n<br \/><a href=\"https:\/\/www.acidadeon.com\/ribeiraopreto\/cotidiano\/idoso-e-preso-suspeito-de-embriaguez-apos-acidente-em-ribeirao-preto\/\">Source link <\/a><\/p>\n","protected":false},"excerpt":{"rendered":"<p>Um idoso de 64 anos foi preso em flagrante ap\u00f3s se envolver em um acidente de tr\u00e2nsito na avenida Brasil, no bairro Vila Elisa, zona&#8230;<\/p>\n","protected":false},"author":1,"featured_media":69542,"comment_status":"open","ping_status":"open","sticky":false,"template":"","format":"standard","meta":{"_uag_custom_page_level_css":"","advanced_seo_description":"","jetpack_seo_html_title":"","jetpack_seo_noindex":false,"jetpack_post_was_ever_published":false,"_jetpack_newsletter_access":"","_jetpack_dont_email_post_to_subs":false,"_jetpack_newsletter_tier_id":0,"_jetpack_memberships_contains_paywalled_content":false,"_jetpack_memberships_contains_paid_content":false,"footnotes":"","jetpack_publicize_message":"","jetpack_publicize_feature_enabled":true,"jetpack_social_post_already_shared":true,"jetpack_social_options":{"image_generator_settings":{"template":"highway","default_image_id":0,"font":"","enabled":false},"version":2}},"categories":[11],"tags":[],"class_list":["post-69541","post","type-post","status-publish","format-standard","has-post-thumbnail","hentry","category-noticias-de-ribeirao-preto-sp-e-regiao-ismael-colosi"],"jetpack_publicize_connections":[],"jetpack_featured_media_url":"https:\/\/i0.wp.com\/ismaelcolosi.com.br\/wp-content\/uploads\/2024\/10\/cpj_1024x576_21012021092745.jpg?fit=1024%2C575&ssl=1","uagb_featured_image_src":{"full":["https:\/\/i0.wp.com\/ismaelcolosi.com.br\/wp-content\/uploads\/2024\/10\/cpj_1024x576_21012021092745.jpg?fit=1024%2C575&ssl=1",1024,575,false],"thumbnail":["https:\/\/i0.wp.com\/ismaelcolosi.com.br\/wp-content\/uploads\/2024\/10\/cpj_1024x576_21012021092745.jpg?resize=150%2C150&ssl=1",150,150,true],"medium":["https:\/\/i0.wp.com\/ismaelcolosi.com.br\/wp-content\/uploads\/2024\/10\/cpj_1024x576_21012021092745.jpg?fit=300%2C168&ssl=1",300,168,true],"medium_large":["https:\/\/i0.wp.com\/ismaelcolosi.com.br\/wp-content\/uploads\/2024\/10\/cpj_1024x576_21012021092745.jpg?fit=768%2C431&ssl=1",768,431,true],"large":["https:\/\/i0.wp.com\/ismaelcolosi.com.br\/wp-content\/uploads\/2024\/10\/cpj_1024x576_21012021092745.jpg?fit=1024%2C575&ssl=1",1024,575,true],"1536x1536":["https:\/\/i0.wp.com\/ismaelcolosi.com.br\/wp-content\/uploads\/2024\/10\/cpj_1024x576_21012021092745.jpg?fit=1024%2C575&ssl=1",1024,575,true],"2048x2048":["https:\/\/i0.wp.com\/ismaelcolosi.com.br\/wp-content\/uploads\/2024\/10\/cpj_1024x576_21012021092745.jpg?fit=1024%2C575&ssl=1",1024,575,true],"really-simple-thumb":["https:\/\/i0.wp.com\/ismaelcolosi.com.br\/wp-content\/uploads\/2024\/10\/cpj_1024x576_21012021092745.jpg?resize=370%2C247&ssl=1",370,247,true]},"uagb_author_info":{"display_name":"ismaelcolosi.com.br","author_link":"https:\/\/ismaelcolosi.com.br\/index.php\/author\/vidareal-online\/"},"uagb_comment_info":0,"uagb_excerpt":"Um idoso de 64 anos foi preso em flagrante ap\u00f3s se envolver em um acidente de tr\u00e2nsito na avenida Brasil, no bairro Vila Elisa, zona...","jetpack-related-posts":[{"id":45776,"url":"https:\/\/ismaelcolosi.com.br\/index.php\/2024\/04\/07\/homem-e-preso-por-embriaguez-apos-provocar-dois-acidentes-em-ribeirao-preto\/","url_meta":{"origin":69541,"position":0},"title":"Homem \u00e9 preso por embriaguez ap\u00f3s provocar dois acidentes em Ribeir\u00e3o Preto","author":"ismaelcolosi.com.br","date":"7 de April de 2024","format":false,"excerpt":"Um homem de 26 anos foi preso em flagrante depois de bater em dois carros em Ribeir\u00e3o Preto na madrugada de domingo (7). De acordo com a Pol\u00edcia Civil, o motorista estava embriagado. Segundo apura\u00e7\u00e3o da EPTV, o primeiro acidente aconteceu no cruzamento das avenidas Quito Junqueira com a Paschoal\u2026","rel":"","context":"In &quot;Not\u00edcias de Ribeir\u00e3o Preto-SP e Regi\u00e3o&quot;","block_context":{"text":"Not\u00edcias de Ribeir\u00e3o Preto-SP e Regi\u00e3o","link":"https:\/\/ismaelcolosi.com.br\/index.php\/category\/noticias-de-ribeirao-preto-sp-e-regiao-ismael-colosi\/"},"img":{"alt_text":"","src":"https:\/\/i0.wp.com\/ismaelcolosi.com.br\/wp-content\/uploads\/2024\/04\/cpj_1024x576_04082020121137.jpg?fit=1024%2C575&ssl=1&resize=350%2C200","width":350,"height":200,"srcset":"https:\/\/i0.wp.com\/ismaelcolosi.com.br\/wp-content\/uploads\/2024\/04\/cpj_1024x576_04082020121137.jpg?fit=1024%2C575&ssl=1&resize=350%2C200 1x, https:\/\/i0.wp.com\/ismaelcolosi.com.br\/wp-content\/uploads\/2024\/04\/cpj_1024x576_04082020121137.jpg?fit=1024%2C575&ssl=1&resize=525%2C300 1.5x, https:\/\/i0.wp.com\/ismaelcolosi.com.br\/wp-content\/uploads\/2024\/04\/cpj_1024x576_04082020121137.jpg?fit=1024%2C575&ssl=1&resize=700%2C400 2x"},"classes":[]},{"id":67757,"url":"https:\/\/ismaelcolosi.com.br\/index.php\/2024\/09\/25\/homem-e-preso-apos-colidir-com-viatura-da-policia-militar-em-ribeirao-preto\/","url_meta":{"origin":69541,"position":1},"title":"Homem \u00e9 preso ap\u00f3s colidir com viatura da Pol\u00edcia Militar em Ribeir\u00e3o Preto","author":"ismaelcolosi.com.br","date":"25 de September de 2024","format":false,"excerpt":"Um homem foi preso na noite desta quarta-feira (13) em Ribeir\u00e3o Preto ap\u00f3s colidir o carro que dirigia com uma viatura da Pol\u00edcia Militar. O acidente ocorreu em um cruzamento na zona norte da cidade, e, segundo informa\u00e7\u00f5es da PM, o motorista apresentava sinais de embriaguez e tentou fugir do\u2026","rel":"","context":"In &quot;Not\u00edcias de Ribeir\u00e3o Preto-SP e Regi\u00e3o&quot;","block_context":{"text":"Not\u00edcias de Ribeir\u00e3o Preto-SP e Regi\u00e3o","link":"https:\/\/ismaelcolosi.com.br\/index.php\/category\/noticias-de-ribeirao-preto-sp-e-regiao-ismael-colosi\/"},"img":{"alt_text":"","src":"https:\/\/i0.wp.com\/ismaelcolosi.com.br\/wp-content\/uploads\/2024\/09\/Policia-Militar-e1717532645165.webp.webp?fit=800%2C450&ssl=1&resize=350%2C200","width":350,"height":200,"srcset":"https:\/\/i0.wp.com\/ismaelcolosi.com.br\/wp-content\/uploads\/2024\/09\/Policia-Militar-e1717532645165.webp.webp?fit=800%2C450&ssl=1&resize=350%2C200 1x, https:\/\/i0.wp.com\/ismaelcolosi.com.br\/wp-content\/uploads\/2024\/09\/Policia-Militar-e1717532645165.webp.webp?fit=800%2C450&ssl=1&resize=525%2C300 1.5x, https:\/\/i0.wp.com\/ismaelcolosi.com.br\/wp-content\/uploads\/2024\/09\/Policia-Militar-e1717532645165.webp.webp?fit=800%2C450&ssl=1&resize=700%2C400 2x"},"classes":[]},{"id":39421,"url":"https:\/\/ismaelcolosi.com.br\/index.php\/2024\/02\/26\/idoso-e-preso-suspeito-de-agredir-e-atropelar-vizinhas-durante-confusao-em-ribeirao\/","url_meta":{"origin":69541,"position":2},"title":"Idoso \u00e9 preso suspeito de agredir e atropelar vizinhas durante confus\u00e3o em Ribeir\u00e3o","author":"ismaelcolosi.com.br","date":"26 de February de 2024","format":false,"excerpt":"Um homem de 72 anos foi preso neste s\u00e1bado (24), suspeito de agredir e atropelar vizinhas durante uma confus\u00e3o, na Vila Abranches, zona Leste de Ribeir\u00e3o Preto. De acordo com o\u00a0boletim de ocorr\u00eancia (BO), uma equipe da\u00a0PM (Pol\u00edcia Militar)\u00a0foi acionada por volta das 1h para atender a um chamado por\u2026","rel":"","context":"In &quot;Not\u00edcias de Ribeir\u00e3o Preto-SP e Regi\u00e3o&quot;","block_context":{"text":"Not\u00edcias de Ribeir\u00e3o Preto-SP e Regi\u00e3o","link":"https:\/\/ismaelcolosi.com.br\/index.php\/category\/noticias-de-ribeirao-preto-sp-e-regiao-ismael-colosi\/"},"img":{"alt_text":"","src":"https:\/\/i0.wp.com\/ismaelcolosi.com.br\/wp-content\/uploads\/2024\/02\/1708953228_HomemmorreapscairdeandaimeenquantotrabalhavaemRibeiroPreto_Tamanho_2_image.jpg?fit=1200%2C900&ssl=1&resize=350%2C200","width":350,"height":200,"srcset":"https:\/\/i0.wp.com\/ismaelcolosi.com.br\/wp-content\/uploads\/2024\/02\/1708953228_HomemmorreapscairdeandaimeenquantotrabalhavaemRibeiroPreto_Tamanho_2_image.jpg?fit=1200%2C900&ssl=1&resize=350%2C200 1x, https:\/\/i0.wp.com\/ismaelcolosi.com.br\/wp-content\/uploads\/2024\/02\/1708953228_HomemmorreapscairdeandaimeenquantotrabalhavaemRibeiroPreto_Tamanho_2_image.jpg?fit=1200%2C900&ssl=1&resize=525%2C300 1.5x, https:\/\/i0.wp.com\/ismaelcolosi.com.br\/wp-content\/uploads\/2024\/02\/1708953228_HomemmorreapscairdeandaimeenquantotrabalhavaemRibeiroPreto_Tamanho_2_image.jpg?fit=1200%2C900&ssl=1&resize=700%2C400 2x, https:\/\/i0.wp.com\/ismaelcolosi.com.br\/wp-content\/uploads\/2024\/02\/1708953228_HomemmorreapscairdeandaimeenquantotrabalhavaemRibeiroPreto_Tamanho_2_image.jpg?fit=1200%2C900&ssl=1&resize=1050%2C600 3x"},"classes":[]},{"id":39462,"url":"https:\/\/ismaelcolosi.com.br\/index.php\/2024\/02\/26\/motorista-e-preso-por-embriaguez-apos-atropelar-motociclista-em-rp\/","url_meta":{"origin":69541,"position":3},"title":"Motorista \u00e9 preso por embriaguez ap\u00f3s atropelar motociclista em RP","author":"ismaelcolosi.com.br","date":"26 de February de 2024","format":false,"excerpt":"Entregador foi socorrido inconsciente ap\u00f3s acidente onde motorista fugiu do local e teria jogado garrafas de cerveja pela janela do carro 26 de fevereiro de 2024 | 12:25 0Por: Adalberto LuqueUm homem de 44 anos foi preso, na madrugada desta segunda-feira (26), ap\u00f3s atropelar um motociclista que fazia entregas. O\u2026","rel":"","context":"In &quot;Not\u00edcias de Ribeir\u00e3o Preto-SP e Regi\u00e3o&quot;","block_context":{"text":"Not\u00edcias de Ribeir\u00e3o Preto-SP e Regi\u00e3o","link":"https:\/\/ismaelcolosi.com.br\/index.php\/category\/noticias-de-ribeirao-preto-sp-e-regiao-ismael-colosi\/"},"img":{"alt_text":"","src":"https:\/\/i0.wp.com\/ismaelcolosi.com.br\/wp-content\/uploads\/2024\/02\/1708961597_hcemergencia.jpg?fit=800%2C500&ssl=1&resize=350%2C200","width":350,"height":200,"srcset":"https:\/\/i0.wp.com\/ismaelcolosi.com.br\/wp-content\/uploads\/2024\/02\/1708961597_hcemergencia.jpg?fit=800%2C500&ssl=1&resize=350%2C200 1x, https:\/\/i0.wp.com\/ismaelcolosi.com.br\/wp-content\/uploads\/2024\/02\/1708961597_hcemergencia.jpg?fit=800%2C500&ssl=1&resize=525%2C300 1.5x, https:\/\/i0.wp.com\/ismaelcolosi.com.br\/wp-content\/uploads\/2024\/02\/1708961597_hcemergencia.jpg?fit=800%2C500&ssl=1&resize=700%2C400 2x"},"classes":[]},{"id":28809,"url":"https:\/\/ismaelcolosi.com.br\/index.php\/2024\/01\/16\/idoso-e-preso-com-cerca-de-r-20-mil-em-notas-falsas-em-ribeirao-preto\/","url_meta":{"origin":69541,"position":4},"title":"Idoso \u00e9 preso com cerca de R$ 20 mil em notas falsas em Ribeir\u00e3o Preto","author":"ismaelcolosi.com.br","date":"16 de January de 2024","format":false,"excerpt":"Um idoso, de 71 anos, foi preso na tarde desta ter\u00e7a-feira (16), com aproximadamente R$ 20 mil em c\u00e9dulas falsas, ap\u00f3s tentar utilizar as notas em um com\u00e9rcio de Ribeir\u00e3o Preto. De acordo com Braz, capit\u00e3o da Pol\u00edcia Militar, o homem que tentou aplicar o golpe no Centro do munic\u00edpio,\u2026","rel":"","context":"In &quot;Not\u00edcias de Ribeir\u00e3o Preto-SP e Regi\u00e3o&quot;","block_context":{"text":"Not\u00edcias de Ribeir\u00e3o Preto-SP e Regi\u00e3o","link":"https:\/\/ismaelcolosi.com.br\/index.php\/category\/noticias-de-ribeirao-preto-sp-e-regiao-ismael-colosi\/"},"img":{"alt_text":"","src":"https:\/\/i0.wp.com\/ismaelcolosi.com.br\/wp-content\/uploads\/2024\/01\/WhatsApp-Image-2024-01-16-at-16.00.43-1.jpeg?fit=1200%2C675&ssl=1&resize=350%2C200","width":350,"height":200,"srcset":"https:\/\/i0.wp.com\/ismaelcolosi.com.br\/wp-content\/uploads\/2024\/01\/WhatsApp-Image-2024-01-16-at-16.00.43-1.jpeg?fit=1200%2C675&ssl=1&resize=350%2C200 1x, https:\/\/i0.wp.com\/ismaelcolosi.com.br\/wp-content\/uploads\/2024\/01\/WhatsApp-Image-2024-01-16-at-16.00.43-1.jpeg?fit=1200%2C675&ssl=1&resize=525%2C300 1.5x, https:\/\/i0.wp.com\/ismaelcolosi.com.br\/wp-content\/uploads\/2024\/01\/WhatsApp-Image-2024-01-16-at-16.00.43-1.jpeg?fit=1200%2C675&ssl=1&resize=700%2C400 2x, https:\/\/i0.wp.com\/ismaelcolosi.com.br\/wp-content\/uploads\/2024\/01\/WhatsApp-Image-2024-01-16-at-16.00.43-1.jpeg?fit=1200%2C675&ssl=1&resize=1050%2C600 3x"},"classes":[]},{"id":58450,"url":"https:\/\/ismaelcolosi.com.br\/index.php\/2024\/07\/31\/idoso-morre-em-ribeirao-apos-ter-40-do-corpo-queimado-em-acidente-domestico\/","url_meta":{"origin":69541,"position":5},"title":"Idoso morre em Ribeir\u00e3o ap\u00f3s ter 40% do corpo queimado em acidente dom\u00e9stico","author":"ismaelcolosi.com.br","date":"31 de July de 2024","format":false,"excerpt":"Um homem de 74 anos morreu na tarde desta ter\u00e7a-feira (30), em um hospital particular de Ribeir\u00e3o Preto, depois de sofrer queimaduras em 40% do corpo. Segundo o boletim de ocorr\u00eancia (BO), a v\u00edtima, que residia sozinha, teve o corpo queimado em um acidente dom\u00e9stico. O local da resid\u00eancia e\u2026","rel":"","context":"In &quot;Not\u00edcias de Ribeir\u00e3o Preto-SP e Regi\u00e3o&quot;","block_context":{"text":"Not\u00edcias de Ribeir\u00e3o Preto-SP e Regi\u00e3o","link":"https:\/\/ismaelcolosi.com.br\/index.php\/category\/noticias-de-ribeirao-preto-sp-e-regiao-ismael-colosi\/"},"img":{"alt_text":"","src":"https:\/\/i0.wp.com\/ismaelcolosi.com.br\/wp-content\/uploads\/2024\/07\/cpj_policia_1200x675_30012022162443.jpg?fit=1200%2C675&ssl=1&resize=350%2C200","width":350,"height":200,"srcset":"https:\/\/i0.wp.com\/ismaelcolosi.com.br\/wp-content\/uploads\/2024\/07\/cpj_policia_1200x675_30012022162443.jpg?fit=1200%2C675&ssl=1&resize=350%2C200 1x, https:\/\/i0.wp.com\/ismaelcolosi.com.br\/wp-content\/uploads\/2024\/07\/cpj_policia_1200x675_30012022162443.jpg?fit=1200%2C675&ssl=1&resize=525%2C300 1.5x, https:\/\/i0.wp.com\/ismaelcolosi.com.br\/wp-content\/uploads\/2024\/07\/cpj_policia_1200x675_30012022162443.jpg?fit=1200%2C675&ssl=1&resize=700%2C400 2x, https:\/\/i0.wp.com\/ismaelcolosi.com.br\/wp-content\/uploads\/2024\/07\/cpj_policia_1200x675_30012022162443.jpg?fit=1200%2C675&ssl=1&resize=1050%2C600 3x"},"classes":[]}],"jetpack_sharing_enabled":true,"jetpack_shortlink":"https:\/\/wp.me\/pfMlyK-i5D","_links":{"self":[{"href":"https:\/\/ismaelcolosi.com.br\/index.php\/wp-json\/wp\/v2\/posts\/69541","targetHints":{"allow":["GET"]}}],"collection":[{"href":"https:\/\/ismaelcolosi.com.br\/index.php\/wp-json\/wp\/v2\/posts"}],"about":[{"href":"https:\/\/ismaelcolosi.com.br\/index.php\/wp-json\/wp\/v2\/types\/post"}],"author":[{"embeddable":true,"href":"https:\/\/ismaelcolosi.com.br\/index.php\/wp-json\/wp\/v2\/users\/1"}],"replies":[{"embeddable":true,"href":"https:\/\/ismaelcolosi.com.br\/index.php\/wp-json\/wp\/v2\/comments?post=69541"}],"version-history":[{"count":0,"href":"https:\/\/ismaelcolosi.com.br\/index.php\/wp-json\/wp\/v2\/posts\/69541\/revisions"}],"wp:featuredmedia":[{"embeddable":true,"href":"https:\/\/ismaelcolosi.com.br\/index.php\/wp-json\/wp\/v2\/media\/69542"}],"wp:attachment":[{"href":"https:\/\/ismaelcolosi.com.br\/index.php\/wp-json\/wp\/v2\/media?parent=69541"}],"wp:term":[{"taxonomy":"category","embeddable":true,"href":"https:\/\/ismaelcolosi.com.br\/index.php\/wp-json\/wp\/v2\/categories?post=69541"},{"taxonomy":"post_tag","embeddable":true,"href":"https:\/\/ismaelcolosi.com.br\/index.php\/wp-json\/wp\/v2\/tags?post=69541"}],"curies":[{"name":"wp","href":"https:\/\/api.w.org\/{rel}","templated":true}]}}