{"id":69538,"date":"2024-10-06T13:55:31","date_gmt":"2024-10-06T16:55:31","guid":{"rendered":"https:\/\/ismaelcolosi.com.br\/index.php\/2024\/10\/06\/andre-trindade-uniao-vota-em-escola-na-zona-oeste-de-ribeirao-preto\/"},"modified":"2024-10-06T13:55:31","modified_gmt":"2024-10-06T16:55:31","slug":"andre-trindade-uniao-vota-em-escola-na-zona-oeste-de-ribeirao-preto","status":"publish","type":"post","link":"https:\/\/ismaelcolosi.com.br\/index.php\/2024\/10\/06\/andre-trindade-uniao-vota-em-escola-na-zona-oeste-de-ribeirao-preto\/","title":{"rendered":"Andr\u00e9 Trindade (Uni\u00e3o) vota em escola na zona Oeste de Ribeir\u00e3o Preto"},"content":{"rendered":"<p> <br \/>\n<\/p>\n<div data-td-block-uid=\"tdi_106\">\n<div class=\"tdb-block-inner td-fix-index\">\n<p>O candidato a prefeito de <strong>Ribeir\u00e3o Preto Andr\u00e9 Trindade (Uni\u00e3o)<\/strong> votou na manh\u00e3 deste domingo (6) na <strong>escola estadual Dom Romeu Alberti<\/strong>, no Jardim Jos\u00e9 Sampaio, na zona Oeste de <strong>Ribeir\u00e3o Preto<\/strong>. Ele chegou ao local por volta das 9h30.<\/p>\n<p>\u201cEnergia muito grande das mensagens que recebemos. A certeza das tarefas bem cumpridas durante o per\u00edodo da campanha eleitoral e, a certeza tamb\u00e9m, da boa decis\u00e3o do soberano nesse dia, que \u00e9 o povo. A gente sabe que o povo vai fazer com que Ribeir\u00e3o Preto tenha, com certeza, a melhor escolha da democracia\u201d, disse.<\/p>\n<p>A apura\u00e7\u00e3o voc\u00ea acompanha no<strong> acidade on<\/strong> em tempo real, a partir das 17h. Os n\u00fameros ser\u00e3o atualizados pelo <strong>TSE (Tribunal Superior Eleitoral) <\/strong>logo em seguida ao t\u00e9rmino da vota\u00e7\u00e3o. <a href=\"https:\/\/apuracao.acidadeon.com\/\" target=\"_blank\" rel=\"noreferrer noopener nofollow\">Clique aqui para acompanhar.<\/a><\/p>\n<p>SAIBA MAIS<br \/>Problemas nas urnas e muito lixo: Veja como foi o in\u00edcio das elei\u00e7\u00f5es em Ribeir\u00e3o Preto<\/p>\n<h4 class=\"wp-block-heading\"><strong>FIQUE ON<\/strong><\/h4>\n<p>Fique ligado em tudo que acontece em Ribeir\u00e3o Preto e regi\u00e3o. Siga os perfis do\u00a0<strong>acidade on\u00a0<\/strong>no\u00a0<a href=\"https:\/\/www.instagram.com\/acidadeonribeirao\" target=\"_blank\" rel=\"noreferrer noopener\">Instagram<\/a>\u00a0e no<strong><a href=\"https:\/\/www.facebook.com\/acidadeonribeirao\/\" target=\"_blank\" rel=\"noreferrer noopener\">\u00a0Facebook.<\/a><\/strong><\/p>\n<p>Receba not\u00edcias do<strong>\u00a0acidade on\u00a0<\/strong>no WhatsApp.\u00a0<a href=\"https:\/\/chat.whatsapp.com\/Fg4ok3aAVyB59DP63pRapr\" target=\"_blank\" rel=\"noreferrer noopener\">Para entrar no grupo, basta clicar aqui.<\/a><\/p>\n<p>Fa\u00e7a uma den\u00fancia ou sugira uma reportagem sobre Ribeir\u00e3o Preto e regi\u00e3o pelo WhatsApp: 16 99117 7802.<\/p>\n<p>VEJA TAMB\u00c9M<br \/>Qual a previs\u00e3o do tempo para a pr\u00f3xima semana em SP?<\/p>\n<p><!-- CONTENT END 1 -->\n<\/div>\n<\/div>\n<p><script async src=\"\/\/www.instagram.com\/embed.js\"><\/script><br \/>\n<br \/><br \/>\n<br \/><a href=\"https:\/\/www.acidadeon.com\/ribeiraopreto\/politica\/eleicoes\/andre-trindade-uniao-vota-em-escola-na-zona-oeste-de-ribeirao-preto\/\">Source link <\/a><\/p>\n","protected":false},"excerpt":{"rendered":"<p>O candidato a prefeito de Ribeir\u00e3o Preto Andr\u00e9 Trindade (Uni\u00e3o) votou na manh\u00e3 deste domingo (6) na escola estadual Dom Romeu Alberti, no Jardim Jos\u00e9&#8230;<\/p>\n","protected":false},"author":1,"featured_media":69539,"comment_status":"open","ping_status":"open","sticky":false,"template":"","format":"standard","meta":{"_uag_custom_page_level_css":"","advanced_seo_description":"","jetpack_seo_html_title":"","jetpack_seo_noindex":false,"jetpack_post_was_ever_published":false,"_jetpack_newsletter_access":"","_jetpack_dont_email_post_to_subs":false,"_jetpack_newsletter_tier_id":0,"_jetpack_memberships_contains_paywalled_content":false,"_jetpack_memberships_contains_paid_content":false,"footnotes":"","jetpack_publicize_message":"","jetpack_publicize_feature_enabled":true,"jetpack_social_post_already_shared":true,"jetpack_social_options":{"image_generator_settings":{"template":"highway","default_image_id":0,"font":"","enabled":false},"version":2}},"categories":[11],"tags":[],"class_list":["post-69538","post","type-post","status-publish","format-standard","has-post-thumbnail","hentry","category-noticias-de-ribeirao-preto-sp-e-regiao-ismael-colosi"],"jetpack_publicize_connections":[],"jetpack_featured_media_url":"https:\/\/i0.wp.com\/ismaelcolosi.com.br\/wp-content\/uploads\/2024\/10\/andre-trindade_2024-10-06_15-32-11_jpeg_2024-10-06_15-32-11.webp.webp?fit=1600%2C900&ssl=1","uagb_featured_image_src":{"full":["https:\/\/i0.wp.com\/ismaelcolosi.com.br\/wp-content\/uploads\/2024\/10\/andre-trindade_2024-10-06_15-32-11_jpeg_2024-10-06_15-32-11.webp.webp?fit=1600%2C900&ssl=1",1600,900,false],"thumbnail":["https:\/\/i0.wp.com\/ismaelcolosi.com.br\/wp-content\/uploads\/2024\/10\/andre-trindade_2024-10-06_15-32-11_jpeg_2024-10-06_15-32-11.webp.webp?resize=150%2C150&ssl=1",150,150,true],"medium":["https:\/\/i0.wp.com\/ismaelcolosi.com.br\/wp-content\/uploads\/2024\/10\/andre-trindade_2024-10-06_15-32-11_jpeg_2024-10-06_15-32-11.webp.webp?fit=300%2C169&ssl=1",300,169,true],"medium_large":["https:\/\/i0.wp.com\/ismaelcolosi.com.br\/wp-content\/uploads\/2024\/10\/andre-trindade_2024-10-06_15-32-11_jpeg_2024-10-06_15-32-11.webp.webp?fit=768%2C432&ssl=1",768,432,true],"large":["https:\/\/i0.wp.com\/ismaelcolosi.com.br\/wp-content\/uploads\/2024\/10\/andre-trindade_2024-10-06_15-32-11_jpeg_2024-10-06_15-32-11.webp.webp?fit=1024%2C576&ssl=1",1024,576,true],"1536x1536":["https:\/\/i0.wp.com\/ismaelcolosi.com.br\/wp-content\/uploads\/2024\/10\/andre-trindade_2024-10-06_15-32-11_jpeg_2024-10-06_15-32-11.webp.webp?fit=1536%2C864&ssl=1",1536,864,true],"2048x2048":["https:\/\/i0.wp.com\/ismaelcolosi.com.br\/wp-content\/uploads\/2024\/10\/andre-trindade_2024-10-06_15-32-11_jpeg_2024-10-06_15-32-11.webp.webp?fit=1600%2C900&ssl=1",1600,900,true],"really-simple-thumb":["https:\/\/i0.wp.com\/ismaelcolosi.com.br\/wp-content\/uploads\/2024\/10\/andre-trindade_2024-10-06_15-32-11_jpeg_2024-10-06_15-32-11.webp.webp?resize=370%2C247&ssl=1",370,247,true]},"uagb_author_info":{"display_name":"ismaelcolosi.com.br","author_link":"https:\/\/ismaelcolosi.com.br\/index.php\/author\/vidareal-online\/"},"uagb_comment_info":0,"uagb_excerpt":"O candidato a prefeito de Ribeir\u00e3o Preto Andr\u00e9 Trindade (Uni\u00e3o) votou na manh\u00e3 deste domingo (6) na escola estadual Dom Romeu Alberti, no Jardim Jos\u00e9...","jetpack-related-posts":[{"id":57342,"url":"https:\/\/ismaelcolosi.com.br\/index.php\/2024\/07\/19\/veja-a-lista-de-pre-candidatos-a-prefeitura-de-ribeirao-preto-antes-das-convencoes\/","url_meta":{"origin":69538,"position":0},"title":"Veja a lista de pr\u00e9-candidatos \u00e0 Prefeitura de Ribeir\u00e3o Preto antes das conven\u00e7\u00f5es","author":"ismaelcolosi.com.br","date":"19 de July de 2024","format":false,"excerpt":"A lista de pr\u00e9-candidatos \u00e0 Prefeitura de Ribeir\u00e3o Preto tem uma nova mudan\u00e7a na v\u00e9spera do in\u00edcio do prazo das conven\u00e7\u00f5es partid\u00e1rias, nas quais as candidaturas s\u00e3o oficializadas na Justi\u00e7a Eleitoral. Nesta sexta-feira (19), o Podemos anunciou em comunicado a desist\u00eancia da pr\u00e9-candidatura a prefeito do Coronel Lu\u00eds Usai, por\u2026","rel":"","context":"In &quot;Not\u00edcias de Ribeir\u00e3o Preto-SP e Regi\u00e3o&quot;","block_context":{"text":"Not\u00edcias de Ribeir\u00e3o Preto-SP e Regi\u00e3o","link":"https:\/\/ismaelcolosi.com.br\/index.php\/category\/noticias-de-ribeirao-preto-sp-e-regiao-ismael-colosi\/"},"img":{"alt_text":"","src":"https:\/\/i0.wp.com\/ismaelcolosi.com.br\/wp-content\/uploads\/2024\/07\/1721420794_ribeirao-preto-prefeitura.jpg?fit=1200%2C900&ssl=1&resize=350%2C200","width":350,"height":200,"srcset":"https:\/\/i0.wp.com\/ismaelcolosi.com.br\/wp-content\/uploads\/2024\/07\/1721420794_ribeirao-preto-prefeitura.jpg?fit=1200%2C900&ssl=1&resize=350%2C200 1x, https:\/\/i0.wp.com\/ismaelcolosi.com.br\/wp-content\/uploads\/2024\/07\/1721420794_ribeirao-preto-prefeitura.jpg?fit=1200%2C900&ssl=1&resize=525%2C300 1.5x, https:\/\/i0.wp.com\/ismaelcolosi.com.br\/wp-content\/uploads\/2024\/07\/1721420794_ribeirao-preto-prefeitura.jpg?fit=1200%2C900&ssl=1&resize=700%2C400 2x, https:\/\/i0.wp.com\/ismaelcolosi.com.br\/wp-content\/uploads\/2024\/07\/1721420794_ribeirao-preto-prefeitura.jpg?fit=1200%2C900&ssl=1&resize=1050%2C600 3x"},"classes":[]},{"id":67587,"url":"https:\/\/ismaelcolosi.com.br\/index.php\/2024\/09\/24\/andre-trindade-participa-nesta-terca-da-serie-de-entrevistas-com-candidatos-a-prefeitura-de-ribeirao-preto\/","url_meta":{"origin":69538,"position":1},"title":"Andr\u00e9 Trindade participa nesta ter\u00e7a da s\u00e9rie de entrevistas com candidatos \u00e0 Prefeitura de Ribeir\u00e3o Preto","author":"ismaelcolosi.com.br","date":"24 de September de 2024","format":false,"excerpt":"O acidade on Ribeir\u00e3o realiza nesta semana uma s\u00e9rie de entrevistas com os candidatos \u00e0 Prefeitura de Ribeir\u00e3o Preto nas elei\u00e7\u00f5es 2024. Nesta ter\u00e7a-feira (24) \u00e9 a vez da sabatina do empres\u00e1rio e ex-vereador Andr\u00e9 Trindade (Uni\u00e3o) \u2013 veja o player acima. A entrevista ter\u00e1 12 minutos e vai ao\u2026","rel":"","context":"In &quot;Not\u00edcias de Ribeir\u00e3o Preto-SP e Regi\u00e3o&quot;","block_context":{"text":"Not\u00edcias de Ribeir\u00e3o Preto-SP e Regi\u00e3o","link":"https:\/\/ismaelcolosi.com.br\/index.php\/category\/noticias-de-ribeirao-preto-sp-e-regiao-ismael-colosi\/"},"img":{"alt_text":"","src":"https:\/\/i0.wp.com\/ismaelcolosi.com.br\/wp-content\/uploads\/2024\/09\/Copia-de-Copia-de-Copia-de-TAMANHO-EXATO-PARA-FOTOS-NO-SISTEMA-NOVO-60_2024-09-19_21-29-32_png_2024-09-19_21-29-32.webp.webp?fit=1200%2C675&ssl=1&resize=350%2C200","width":350,"height":200,"srcset":"https:\/\/i0.wp.com\/ismaelcolosi.com.br\/wp-content\/uploads\/2024\/09\/Copia-de-Copia-de-Copia-de-TAMANHO-EXATO-PARA-FOTOS-NO-SISTEMA-NOVO-60_2024-09-19_21-29-32_png_2024-09-19_21-29-32.webp.webp?fit=1200%2C675&ssl=1&resize=350%2C200 1x, https:\/\/i0.wp.com\/ismaelcolosi.com.br\/wp-content\/uploads\/2024\/09\/Copia-de-Copia-de-Copia-de-TAMANHO-EXATO-PARA-FOTOS-NO-SISTEMA-NOVO-60_2024-09-19_21-29-32_png_2024-09-19_21-29-32.webp.webp?fit=1200%2C675&ssl=1&resize=525%2C300 1.5x, https:\/\/i0.wp.com\/ismaelcolosi.com.br\/wp-content\/uploads\/2024\/09\/Copia-de-Copia-de-Copia-de-TAMANHO-EXATO-PARA-FOTOS-NO-SISTEMA-NOVO-60_2024-09-19_21-29-32_png_2024-09-19_21-29-32.webp.webp?fit=1200%2C675&ssl=1&resize=700%2C400 2x, https:\/\/i0.wp.com\/ismaelcolosi.com.br\/wp-content\/uploads\/2024\/09\/Copia-de-Copia-de-Copia-de-TAMANHO-EXATO-PARA-FOTOS-NO-SISTEMA-NOVO-60_2024-09-19_21-29-32_png_2024-09-19_21-29-32.webp.webp?fit=1200%2C675&ssl=1&resize=1050%2C600 3x"},"classes":[]},{"id":66700,"url":"https:\/\/ismaelcolosi.com.br\/index.php\/2024\/09\/18\/veja-a-simulacao-do-2o-turno-das-eleicoes-municipais-em-ribeirao-preto\/","url_meta":{"origin":69538,"position":2},"title":"Veja a simula\u00e7\u00e3o do 2\u00ba turno das elei\u00e7\u00f5es municipais em Ribeir\u00e3o Preto","author":"ismaelcolosi.com.br","date":"18 de September de 2024","format":false,"excerpt":"O instituto Quaest e a EPTV divulgaram nesta quarta-feira (18), a segunda pesquisa de inten\u00e7\u00e3o de voto \u00e0 Prefeitura de Ribeir\u00e3o Preto. O levantamento mostra as inten\u00e7\u00f5es de voto em eventual segundo turno nas elei\u00e7\u00f5es de 2024. Conforme a pesquisa, o candidato Ricardo Silva (PSD) venceria Jorge Roque (PT), Andr\u00e9\u2026","rel":"","context":"In &quot;Not\u00edcias de Ribeir\u00e3o Preto-SP e Regi\u00e3o&quot;","block_context":{"text":"Not\u00edcias de Ribeir\u00e3o Preto-SP e Regi\u00e3o","link":"https:\/\/ismaelcolosi.com.br\/index.php\/category\/noticias-de-ribeirao-preto-sp-e-regiao-ismael-colosi\/"},"img":{"alt_text":"","src":"https:\/\/i0.wp.com\/ismaelcolosi.com.br\/wp-content\/uploads\/2024\/09\/1726702779_urnas_ribeirao.jpg?fit=1200%2C717&ssl=1&resize=350%2C200","width":350,"height":200,"srcset":"https:\/\/i0.wp.com\/ismaelcolosi.com.br\/wp-content\/uploads\/2024\/09\/1726702779_urnas_ribeirao.jpg?fit=1200%2C717&ssl=1&resize=350%2C200 1x, https:\/\/i0.wp.com\/ismaelcolosi.com.br\/wp-content\/uploads\/2024\/09\/1726702779_urnas_ribeirao.jpg?fit=1200%2C717&ssl=1&resize=525%2C300 1.5x, https:\/\/i0.wp.com\/ismaelcolosi.com.br\/wp-content\/uploads\/2024\/09\/1726702779_urnas_ribeirao.jpg?fit=1200%2C717&ssl=1&resize=700%2C400 2x, https:\/\/i0.wp.com\/ismaelcolosi.com.br\/wp-content\/uploads\/2024\/09\/1726702779_urnas_ribeirao.jpg?fit=1200%2C717&ssl=1&resize=1050%2C600 3x"},"classes":[]},{"id":69498,"url":"https:\/\/ismaelcolosi.com.br\/index.php\/2024\/10\/06\/quaest-veja-os-numeros-da-pesquisa-eleitoral-para-prefeito-em-ribeirao-preto-2\/","url_meta":{"origin":69538,"position":3},"title":"Quaest: Veja os n\u00fameros da pesquisa eleitoral para prefeito em Ribeir\u00e3o Preto","author":"ismaelcolosi.com.br","date":"6 de October de 2024","format":false,"excerpt":"A Quaest\u00a0divulgou neste s\u00e1bado (5) os n\u00fameros da pesquisa antes do primeiro turno das elei\u00e7\u00f5es em Ribeir\u00e3o Preto. Este \u00e9 o\u00a0terceiro levantamento\u00a0da\u00a0s\u00e9rie contratada pela EPTV\u00a0sobre a\u00a0inten\u00e7\u00e3o de voto a prefeito.\u00a0 Confira os n\u00fameros: Ricardo Silva (PSD) \u2013 45% Jorge Roque (PT) \u2013 13% Andr\u00e9 Trindade (Uni\u00e3o) \u2013 7% Marco Aur\u00e9lio\u2026","rel":"","context":"In &quot;Not\u00edcias de Ribeir\u00e3o Preto-SP e Regi\u00e3o&quot;","block_context":{"text":"Not\u00edcias de Ribeir\u00e3o Preto-SP e Regi\u00e3o","link":"https:\/\/ismaelcolosi.com.br\/index.php\/category\/noticias-de-ribeirao-preto-sp-e-regiao-ismael-colosi\/"},"img":{"alt_text":"","src":"https:\/\/i0.wp.com\/ismaelcolosi.com.br\/wp-content\/uploads\/2024\/10\/candidatos-prefeito-ribeirao-preto-2_2024-10-04_16-47-29_jpeg_2024-10-04_16-47-30.webp.webp?fit=1200%2C674&ssl=1&resize=350%2C200","width":350,"height":200,"srcset":"https:\/\/i0.wp.com\/ismaelcolosi.com.br\/wp-content\/uploads\/2024\/10\/candidatos-prefeito-ribeirao-preto-2_2024-10-04_16-47-29_jpeg_2024-10-04_16-47-30.webp.webp?fit=1200%2C674&ssl=1&resize=350%2C200 1x, https:\/\/i0.wp.com\/ismaelcolosi.com.br\/wp-content\/uploads\/2024\/10\/candidatos-prefeito-ribeirao-preto-2_2024-10-04_16-47-29_jpeg_2024-10-04_16-47-30.webp.webp?fit=1200%2C674&ssl=1&resize=525%2C300 1.5x, https:\/\/i0.wp.com\/ismaelcolosi.com.br\/wp-content\/uploads\/2024\/10\/candidatos-prefeito-ribeirao-preto-2_2024-10-04_16-47-29_jpeg_2024-10-04_16-47-30.webp.webp?fit=1200%2C674&ssl=1&resize=700%2C400 2x, https:\/\/i0.wp.com\/ismaelcolosi.com.br\/wp-content\/uploads\/2024\/10\/candidatos-prefeito-ribeirao-preto-2_2024-10-04_16-47-29_jpeg_2024-10-04_16-47-30.webp.webp?fit=1200%2C674&ssl=1&resize=1050%2C600 3x"},"classes":[]},{"id":66882,"url":"https:\/\/ismaelcolosi.com.br\/index.php\/2024\/09\/19\/saiba-quem-e-andre-trindade-candidato-a-prefeito-de-ribeirao-preto\/","url_meta":{"origin":69538,"position":4},"title":"Saiba quem \u00e9 Andr\u00e9 Trindade, candidato a prefeito de Ribeir\u00e3o Preto","author":"ismaelcolosi.com.br","date":"19 de September de 2024","format":false,"excerpt":"A pesquisa Quaest\/EPTV, divulgada na \u00faltima quarta-feira (19), apontou que o empres\u00e1rio Andr\u00e9 Trindade (Uni\u00e3o), aparece empatado em terceiro na inten\u00e7\u00e3o de votos dos eleitores na disputa pela Prefeitura de Ribeir\u00e3o Preto, com 5%. A Quaest consultou 852 eleitores presencialmente entre os dias 15 e 17 de setembro. A margem\u2026","rel":"","context":"In &quot;Not\u00edcias de Ribeir\u00e3o Preto-SP e Regi\u00e3o&quot;","block_context":{"text":"Not\u00edcias de Ribeir\u00e3o Preto-SP e Regi\u00e3o","link":"https:\/\/ismaelcolosi.com.br\/index.php\/category\/noticias-de-ribeirao-preto-sp-e-regiao-ismael-colosi\/"},"img":{"alt_text":"","src":"https:\/\/i0.wp.com\/ismaelcolosi.com.br\/wp-content\/uploads\/2024\/09\/Copia-de-Copia-de-Copia-de-TAMANHO-EXATO-PARA-FOTOS-NO-SISTEMA-NOVO-60_2024-09-19_21-29-32_png_2024-09-19_21-29-32.webp.webp?fit=1200%2C675&ssl=1&resize=350%2C200","width":350,"height":200,"srcset":"https:\/\/i0.wp.com\/ismaelcolosi.com.br\/wp-content\/uploads\/2024\/09\/Copia-de-Copia-de-Copia-de-TAMANHO-EXATO-PARA-FOTOS-NO-SISTEMA-NOVO-60_2024-09-19_21-29-32_png_2024-09-19_21-29-32.webp.webp?fit=1200%2C675&ssl=1&resize=350%2C200 1x, https:\/\/i0.wp.com\/ismaelcolosi.com.br\/wp-content\/uploads\/2024\/09\/Copia-de-Copia-de-Copia-de-TAMANHO-EXATO-PARA-FOTOS-NO-SISTEMA-NOVO-60_2024-09-19_21-29-32_png_2024-09-19_21-29-32.webp.webp?fit=1200%2C675&ssl=1&resize=525%2C300 1.5x, https:\/\/i0.wp.com\/ismaelcolosi.com.br\/wp-content\/uploads\/2024\/09\/Copia-de-Copia-de-Copia-de-TAMANHO-EXATO-PARA-FOTOS-NO-SISTEMA-NOVO-60_2024-09-19_21-29-32_png_2024-09-19_21-29-32.webp.webp?fit=1200%2C675&ssl=1&resize=700%2C400 2x, https:\/\/i0.wp.com\/ismaelcolosi.com.br\/wp-content\/uploads\/2024\/09\/Copia-de-Copia-de-Copia-de-TAMANHO-EXATO-PARA-FOTOS-NO-SISTEMA-NOVO-60_2024-09-19_21-29-32_png_2024-09-19_21-29-32.webp.webp?fit=1200%2C675&ssl=1&resize=1050%2C600 3x"},"classes":[]},{"id":61461,"url":"https:\/\/ismaelcolosi.com.br\/index.php\/2024\/08\/21\/confira-a-agenda-dos-candidatos-a-prefeitura-de-ribeirao-preto-nesta-quinta-feira-22\/","url_meta":{"origin":69538,"position":5},"title":"Confira a agenda dos candidatos \u00e0 Prefeitura de Ribeir\u00e3o Preto nesta quinta-feira (22)","author":"ismaelcolosi.com.br","date":"21 de August de 2024","format":false,"excerpt":"Os candidatos \u00e0 Prefeitura de Ribeir\u00e3o Preto divulgaram suas agendas de campanha para a quinta-feira (22). O per\u00edodo de propaganda eleitoral come\u00e7ou no dia 16 de agosto, portanto, candidatos podem apresentar \u00e0s eleitoras e aos eleitores suas ideias e propostas. A publicidade das candidaturas pode ser feita na internet, na\u2026","rel":"","context":"In &quot;Not\u00edcias de Ribeir\u00e3o Preto-SP e Regi\u00e3o&quot;","block_context":{"text":"Not\u00edcias de Ribeir\u00e3o Preto-SP e Regi\u00e3o","link":"https:\/\/ismaelcolosi.com.br\/index.php\/category\/noticias-de-ribeirao-preto-sp-e-regiao-ismael-colosi\/"},"img":{"alt_text":"","src":"https:\/\/i0.wp.com\/ismaelcolosi.com.br\/wp-content\/uploads\/2024\/08\/praca_xv_1200x675_15062022115458.jpg?fit=1200%2C675&ssl=1&resize=350%2C200","width":350,"height":200,"srcset":"https:\/\/i0.wp.com\/ismaelcolosi.com.br\/wp-content\/uploads\/2024\/08\/praca_xv_1200x675_15062022115458.jpg?fit=1200%2C675&ssl=1&resize=350%2C200 1x, https:\/\/i0.wp.com\/ismaelcolosi.com.br\/wp-content\/uploads\/2024\/08\/praca_xv_1200x675_15062022115458.jpg?fit=1200%2C675&ssl=1&resize=525%2C300 1.5x, https:\/\/i0.wp.com\/ismaelcolosi.com.br\/wp-content\/uploads\/2024\/08\/praca_xv_1200x675_15062022115458.jpg?fit=1200%2C675&ssl=1&resize=700%2C400 2x, https:\/\/i0.wp.com\/ismaelcolosi.com.br\/wp-content\/uploads\/2024\/08\/praca_xv_1200x675_15062022115458.jpg?fit=1200%2C675&ssl=1&resize=1050%2C600 3x"},"classes":[]}],"jetpack_sharing_enabled":true,"jetpack_shortlink":"https:\/\/wp.me\/pfMlyK-i5A","_links":{"self":[{"href":"https:\/\/ismaelcolosi.com.br\/index.php\/wp-json\/wp\/v2\/posts\/69538","targetHints":{"allow":["GET"]}}],"collection":[{"href":"https:\/\/ismaelcolosi.com.br\/index.php\/wp-json\/wp\/v2\/posts"}],"about":[{"href":"https:\/\/ismaelcolosi.com.br\/index.php\/wp-json\/wp\/v2\/types\/post"}],"author":[{"embeddable":true,"href":"https:\/\/ismaelcolosi.com.br\/index.php\/wp-json\/wp\/v2\/users\/1"}],"replies":[{"embeddable":true,"href":"https:\/\/ismaelcolosi.com.br\/index.php\/wp-json\/wp\/v2\/comments?post=69538"}],"version-history":[{"count":0,"href":"https:\/\/ismaelcolosi.com.br\/index.php\/wp-json\/wp\/v2\/posts\/69538\/revisions"}],"wp:featuredmedia":[{"embeddable":true,"href":"https:\/\/ismaelcolosi.com.br\/index.php\/wp-json\/wp\/v2\/media\/69539"}],"wp:attachment":[{"href":"https:\/\/ismaelcolosi.com.br\/index.php\/wp-json\/wp\/v2\/media?parent=69538"}],"wp:term":[{"taxonomy":"category","embeddable":true,"href":"https:\/\/ismaelcolosi.com.br\/index.php\/wp-json\/wp\/v2\/categories?post=69538"},{"taxonomy":"post_tag","embeddable":true,"href":"https:\/\/ismaelcolosi.com.br\/index.php\/wp-json\/wp\/v2\/tags?post=69538"}],"curies":[{"name":"wp","href":"https:\/\/api.w.org\/{rel}","templated":true}]}}