{"id":69119,"date":"2024-10-03T15:36:14","date_gmt":"2024-10-03T18:36:14","guid":{"rendered":"https:\/\/ismaelcolosi.com.br\/index.php\/2024\/10\/03\/estadio-de-ribeirao-preto-recebe-unidade-movel-que-oferece-mamografias-gratuitas\/"},"modified":"2024-10-03T15:36:14","modified_gmt":"2024-10-03T18:36:14","slug":"estadio-de-ribeirao-preto-recebe-unidade-movel-que-oferece-mamografias-gratuitas","status":"publish","type":"post","link":"https:\/\/ismaelcolosi.com.br\/index.php\/2024\/10\/03\/estadio-de-ribeirao-preto-recebe-unidade-movel-que-oferece-mamografias-gratuitas\/","title":{"rendered":"Est\u00e1dio de Ribeir\u00e3o Preto recebe unidade m\u00f3vel que oferece mamografias gratuitas"},"content":{"rendered":"<p> <br \/>\n<\/p>\n<div data-td-block-uid=\"tdi_106\">\n<div class=\"tdb-block-inner td-fix-index\">\n<p>O\u00a0<strong>Botafogo<\/strong> vai participar da campanha \u201cMarque Esse Gol\u201d, que oferece mamografias gratuitas para <strong>mulheres a partir de 40 anos, que n\u00e3o tenham realizado o exame nos \u00faltimos 12 meses.<\/strong> Uma unidade m\u00f3vel especializada<strong> estar\u00e1 no Est\u00e1dio Santa Cruz\/Arena Nicnet<\/strong>, no dia 10 de outubro.<\/p>\n<p>A a\u00e7\u00e3o \u00e9 uma parceria do clube com a <strong>FPF (Federa\u00e7\u00e3o Paulista de Futebol)<\/strong> e o <strong>grupo Meninas de Peito<\/strong>.<\/p>\n<p>Para participar, <mark style=\"background-color:#fcb900\" class=\"has-inline-color\">as interessadas devem fazer a inscri\u00e7\u00e3o pr\u00e9via<\/mark> no <a href=\"https:\/\/marqueessegol.com.br\/\" target=\"_blank\" rel=\"noreferrer noopener nofollow\">site da campanha.<\/a> <\/p>\n<p><strong>Al\u00e9m do Botafogo<\/strong>, outros clubes paulistas que participam da campanha s\u00e3o Santos, Portuguesa, Palmeiras, S\u00e3o Paulo, Corinthians, Ponte Preta, Guarani, XV de Piracicaba, Noroeste, Mar\u00edlia, Ferrovi\u00e1ria, Red Bull Bragantino e S\u00e3o Jos\u00e9.<\/p>\n<p><strong>Desde 2016<\/strong>, quando a FPF e os clubes abra\u00e7aram a campanha, <strong>mais de 12 mil exames gratuitos j\u00e1 foram realizados<\/strong>, e <mark style=\"background-color:#fcb900\" class=\"has-inline-color\">58 mulheres foram encaminhadas para tratamento m\u00e9dico ap\u00f3s diagn\u00f3stico<\/mark>.<\/p>\n<p>SAIBA MAIS<br \/>Biometria \u00e9 obrigat\u00f3ria? SP vai usar cadastro de outros \u00f3rg\u00e3os para identificar eleitores<\/p>\n<p>FIQUE ON<\/p>\n<p>Fique ligado em tudo que acontece em Ribeir\u00e3o Preto e regi\u00e3o. Siga os perfis do<strong> acidade on <\/strong>no <a href=\"https:\/\/www.instagram.com\/acidadeonribeirao\" target=\"_blank\" rel=\"noreferrer noopener nofollow\">Instagram<\/a> e no<a href=\"https:\/\/www.facebook.com\/acidadeonribeirao\/\" target=\"_blank\" rel=\"noreferrer noopener nofollow\"> Facebook<\/a>.<\/p>\n<p>Receba not\u00edcias do<strong> acidade on <\/strong>no WhatsApp. <a href=\"https:\/\/chat.whatsapp.com\/Dtv9mxhy6V5BJBotM2OQ5k\" target=\"_blank\" rel=\"noreferrer noopener nofollow\">Para entrar no grupo, basta clicar aqui.<\/a><\/p>\n<p>Fa\u00e7a uma den\u00fancia ou sugira uma reportagem sobre Ribeir\u00e3o Preto e regi\u00e3o pelo WhatsApp: 16 99117 7802.<\/p>\n<p>VEJA TAMB\u00c9M<br \/>Frango ao molho de tomate; aprenda a fazer<\/p>\n<p><!-- CONTENT END 1 -->\n<\/div>\n<\/div>\n<p><script async src=\"\/\/www.instagram.com\/embed.js\"><\/script><br \/>\n<br \/><br \/>\n<br \/><a href=\"https:\/\/www.acidadeon.com\/ribeiraopreto\/esportes\/botafogo-partica-campanha-de-combate-ao-cancer-de-mama\/\">Source link <\/a><\/p>\n","protected":false},"excerpt":{"rendered":"<p>O\u00a0Botafogo vai participar da campanha \u201cMarque Esse Gol\u201d, que oferece mamografias gratuitas para mulheres a partir de 40 anos, que n\u00e3o tenham realizado o exame&#8230;<\/p>\n","protected":false},"author":1,"featured_media":69120,"comment_status":"open","ping_status":"open","sticky":false,"template":"","format":"standard","meta":{"_uag_custom_page_level_css":"","advanced_seo_description":"","jetpack_seo_html_title":"","jetpack_seo_noindex":false,"jetpack_post_was_ever_published":false,"_jetpack_newsletter_access":"","_jetpack_dont_email_post_to_subs":false,"_jetpack_newsletter_tier_id":0,"_jetpack_memberships_contains_paywalled_content":false,"_jetpack_memberships_contains_paid_content":false,"footnotes":"","jetpack_publicize_message":"","jetpack_publicize_feature_enabled":true,"jetpack_social_post_already_shared":true,"jetpack_social_options":{"image_generator_settings":{"template":"highway","default_image_id":0,"font":"","enabled":false},"version":2}},"categories":[11],"tags":[],"class_list":["post-69119","post","type-post","status-publish","format-standard","has-post-thumbnail","hentry","category-noticias-de-ribeirao-preto-sp-e-regiao-ismael-colosi"],"jetpack_publicize_connections":[],"jetpack_featured_media_url":"https:\/\/i0.wp.com\/ismaelcolosi.com.br\/wp-content\/uploads\/2024\/10\/WhatsApp-Image-2024-01-09-at-16.41.38.jpeg?fit=1600%2C900&ssl=1","uagb_featured_image_src":{"full":["https:\/\/i0.wp.com\/ismaelcolosi.com.br\/wp-content\/uploads\/2024\/10\/WhatsApp-Image-2024-01-09-at-16.41.38.jpeg?fit=1600%2C900&ssl=1",1600,900,false],"thumbnail":["https:\/\/i0.wp.com\/ismaelcolosi.com.br\/wp-content\/uploads\/2024\/10\/WhatsApp-Image-2024-01-09-at-16.41.38.jpeg?resize=150%2C150&ssl=1",150,150,true],"medium":["https:\/\/i0.wp.com\/ismaelcolosi.com.br\/wp-content\/uploads\/2024\/10\/WhatsApp-Image-2024-01-09-at-16.41.38.jpeg?fit=300%2C169&ssl=1",300,169,true],"medium_large":["https:\/\/i0.wp.com\/ismaelcolosi.com.br\/wp-content\/uploads\/2024\/10\/WhatsApp-Image-2024-01-09-at-16.41.38.jpeg?fit=768%2C432&ssl=1",768,432,true],"large":["https:\/\/i0.wp.com\/ismaelcolosi.com.br\/wp-content\/uploads\/2024\/10\/WhatsApp-Image-2024-01-09-at-16.41.38.jpeg?fit=1024%2C576&ssl=1",1024,576,true],"1536x1536":["https:\/\/i0.wp.com\/ismaelcolosi.com.br\/wp-content\/uploads\/2024\/10\/WhatsApp-Image-2024-01-09-at-16.41.38.jpeg?fit=1536%2C864&ssl=1",1536,864,true],"2048x2048":["https:\/\/i0.wp.com\/ismaelcolosi.com.br\/wp-content\/uploads\/2024\/10\/WhatsApp-Image-2024-01-09-at-16.41.38.jpeg?fit=1600%2C900&ssl=1",1600,900,true],"really-simple-thumb":["https:\/\/i0.wp.com\/ismaelcolosi.com.br\/wp-content\/uploads\/2024\/10\/WhatsApp-Image-2024-01-09-at-16.41.38.jpeg?resize=370%2C247&ssl=1",370,247,true]},"uagb_author_info":{"display_name":"ismaelcolosi.com.br","author_link":"https:\/\/ismaelcolosi.com.br\/index.php\/author\/vidareal-online\/"},"uagb_comment_info":0,"uagb_excerpt":"O\u00a0Botafogo vai participar da campanha \u201cMarque Esse Gol\u201d, que oferece mamografias gratuitas para mulheres a partir de 40 anos, que n\u00e3o tenham realizado o exame...","jetpack-related-posts":[{"id":35019,"url":"https:\/\/ismaelcolosi.com.br\/index.php\/2024\/02\/04\/botafogo-empata-em-itu\/","url_meta":{"origin":69119,"position":0},"title":"Botafogo empata em Itu &#8211; Jornal Tribuna Ribeir\u00e3o","author":"ismaelcolosi.com.br","date":"4 de February de 2024","format":false,"excerpt":"4 de fevereiro de 2024 | 20:18 0O Botafogo conquistou mais um ponto e segue na luta por uma das duas vagas do Grupo D para a pr\u00f3xima fase do Paulist\u00e3o. Neste domingo, jogando no est\u00e1dio Novelli J\u00fanior, em Itu, o Pantera empatou com o Ituano em 0 a 0,\u2026","rel":"","context":"In &quot;Not\u00edcias de Ribeir\u00e3o Preto-SP e Regi\u00e3o&quot;","block_context":{"text":"Not\u00edcias de Ribeir\u00e3o Preto-SP e Regi\u00e3o","link":"https:\/\/ismaelcolosi.com.br\/index.php\/category\/noticias-de-ribeirao-preto-sp-e-regiao-ismael-colosi\/"},"img":{"alt_text":"","src":"https:\/\/i0.wp.com\/ismaelcolosi.com.br\/wp-content\/uploads\/2024\/02\/botaitu-scaled.jpeg?fit=968%2C645&ssl=1&resize=350%2C200","width":350,"height":200,"srcset":"https:\/\/i0.wp.com\/ismaelcolosi.com.br\/wp-content\/uploads\/2024\/02\/botaitu-scaled.jpeg?fit=968%2C645&ssl=1&resize=350%2C200 1x, https:\/\/i0.wp.com\/ismaelcolosi.com.br\/wp-content\/uploads\/2024\/02\/botaitu-scaled.jpeg?fit=968%2C645&ssl=1&resize=525%2C300 1.5x, https:\/\/i0.wp.com\/ismaelcolosi.com.br\/wp-content\/uploads\/2024\/02\/botaitu-scaled.jpeg?fit=968%2C645&ssl=1&resize=700%2C400 2x"},"classes":[]},{"id":54403,"url":"https:\/\/ismaelcolosi.com.br\/index.php\/2024\/06\/25\/botafogo-inicia-copa-paulista-com-derrota-para-o-monte-azul-em-ribeirao-preto\/","url_meta":{"origin":69119,"position":1},"title":"Botafogo inicia Copa Paulista com derrota para o Monte Azul em Ribeir\u00e3o Preto","author":"ismaelcolosi.com.br","date":"25 de June de 2024","format":false,"excerpt":"O Botafogo perdeu para o Atl\u00e9tico Monte Azul por 2 a 0 na noite desta segunda-feira (24), no est\u00e1dio Santa Cruz, em Ribeir\u00e3o Preto. O jogo marcou a estreia do Pantera pelo Grupo 2 da Copa Paulista. O resultado deixou o Monte Azul na lideran\u00e7a da chave ao lado da\u2026","rel":"","context":"In &quot;Not\u00edcias de Ribeir\u00e3o Preto-SP e Regi\u00e3o&quot;","block_context":{"text":"Not\u00edcias de Ribeir\u00e3o Preto-SP e Regi\u00e3o","link":"https:\/\/ismaelcolosi.com.br\/index.php\/category\/noticias-de-ribeirao-preto-sp-e-regiao-ismael-colosi\/"},"img":{"alt_text":"","src":"https:\/\/i0.wp.com\/ismaelcolosi.com.br\/wp-content\/uploads\/2024\/06\/WhatsApp-Image-2024-06-25-at-07.29.12_2024-06-25_10-54-07_jpeg_2024-06-25_10-54-07.webp.webp?fit=1200%2C800&ssl=1&resize=350%2C200","width":350,"height":200,"srcset":"https:\/\/i0.wp.com\/ismaelcolosi.com.br\/wp-content\/uploads\/2024\/06\/WhatsApp-Image-2024-06-25-at-07.29.12_2024-06-25_10-54-07_jpeg_2024-06-25_10-54-07.webp.webp?fit=1200%2C800&ssl=1&resize=350%2C200 1x, https:\/\/i0.wp.com\/ismaelcolosi.com.br\/wp-content\/uploads\/2024\/06\/WhatsApp-Image-2024-06-25-at-07.29.12_2024-06-25_10-54-07_jpeg_2024-06-25_10-54-07.webp.webp?fit=1200%2C800&ssl=1&resize=525%2C300 1.5x, https:\/\/i0.wp.com\/ismaelcolosi.com.br\/wp-content\/uploads\/2024\/06\/WhatsApp-Image-2024-06-25-at-07.29.12_2024-06-25_10-54-07_jpeg_2024-06-25_10-54-07.webp.webp?fit=1200%2C800&ssl=1&resize=700%2C400 2x, https:\/\/i0.wp.com\/ismaelcolosi.com.br\/wp-content\/uploads\/2024\/06\/WhatsApp-Image-2024-06-25-at-07.29.12_2024-06-25_10-54-07_jpeg_2024-06-25_10-54-07.webp.webp?fit=1200%2C800&ssl=1&resize=1050%2C600 3x"},"classes":[]},{"id":28745,"url":"https:\/\/ismaelcolosi.com.br\/index.php\/2024\/01\/16\/ribeirao-preto-vai-ganhar-unidade-do-bar-do-zeca-pagodinho-veja-o-local\/","url_meta":{"origin":69119,"position":2},"title":"Ribeir\u00e3o Preto vai ganhar unidade do Bar do Zeca Pagodinho; Veja o local","author":"ismaelcolosi.com.br","date":"16 de January de 2024","format":false,"excerpt":"Ribeir\u00e3o Preto vai ganhar uma unidade do Bar do Zeca Pagodinho, que dever\u00e1 ser instalado na Arena Nicnet Eurobike, o est\u00e1dio do Botafogo, onde ficava o Seo Tib\u00e9rio, que encerrou as atividades no final de 2023. A informa\u00e7\u00e3o foi confirmada pela assessoria do cantor Zeca Pagodinho ao acidade on Ribeir\u00e3o,\u2026","rel":"","context":"In &quot;Not\u00edcias de Ribeir\u00e3o Preto-SP e Regi\u00e3o&quot;","block_context":{"text":"Not\u00edcias de Ribeir\u00e3o Preto-SP e Regi\u00e3o","link":"https:\/\/ismaelcolosi.com.br\/index.php\/category\/noticias-de-ribeirao-preto-sp-e-regiao-ismael-colosi\/"},"img":{"alt_text":"","src":"https:\/\/i0.wp.com\/ismaelcolosi.com.br\/wp-content\/uploads\/2024\/01\/bar-do-zeca-pagodinho.jpg?fit=940%2C798&ssl=1&resize=350%2C200","width":350,"height":200,"srcset":"https:\/\/i0.wp.com\/ismaelcolosi.com.br\/wp-content\/uploads\/2024\/01\/bar-do-zeca-pagodinho.jpg?fit=940%2C798&ssl=1&resize=350%2C200 1x, https:\/\/i0.wp.com\/ismaelcolosi.com.br\/wp-content\/uploads\/2024\/01\/bar-do-zeca-pagodinho.jpg?fit=940%2C798&ssl=1&resize=525%2C300 1.5x, https:\/\/i0.wp.com\/ismaelcolosi.com.br\/wp-content\/uploads\/2024\/01\/bar-do-zeca-pagodinho.jpg?fit=940%2C798&ssl=1&resize=700%2C400 2x"},"classes":[]},{"id":12298,"url":"https:\/\/ismaelcolosi.com.br\/index.php\/2023\/12\/07\/botafogo-recebe-santos-e-corinthians-em-ribeirao-preto-no-paulistao-2024\/","url_meta":{"origin":69119,"position":3},"title":"Botafogo recebe Santos e Corinthians em Ribeir\u00e3o Preto no Paulist\u00e3o 2024","author":"ismaelcolosi.com.br","date":"7 de December de 2023","format":false,"excerpt":"A FPF (Federa\u00e7\u00e3o Paulista de Futebol) divulgou nesta quinta-feira (7) a tabela do Campeonato Paulista de 2024. O Botafogo vai receber o Santos e o Corinthians, no est\u00e1dio Santa Cruz, em Ribeir\u00e3o Preto. A partida contra o Peixe est\u00e1 prevista para o dia 21 de janeiro, contudo a federa\u00e7\u00e3o ainda\u2026","rel":"","context":"In &quot;Not\u00edcias de Ribeir\u00e3o Preto-SP e Regi\u00e3o&quot;","block_context":{"text":"Not\u00edcias de Ribeir\u00e3o Preto-SP e Regi\u00e3o","link":"https:\/\/ismaelcolosi.com.br\/index.php\/category\/noticias-de-ribeirao-preto-sp-e-regiao-ismael-colosi\/"},"img":{"alt_text":"","src":"https:\/\/i0.wp.com\/ismaelcolosi.com.br\/wp-content\/uploads\/2023\/12\/santos-botafogo.jpg?fit=1200%2C675&ssl=1&resize=350%2C200","width":350,"height":200,"srcset":"https:\/\/i0.wp.com\/ismaelcolosi.com.br\/wp-content\/uploads\/2023\/12\/santos-botafogo.jpg?fit=1200%2C675&ssl=1&resize=350%2C200 1x, https:\/\/i0.wp.com\/ismaelcolosi.com.br\/wp-content\/uploads\/2023\/12\/santos-botafogo.jpg?fit=1200%2C675&ssl=1&resize=525%2C300 1.5x, https:\/\/i0.wp.com\/ismaelcolosi.com.br\/wp-content\/uploads\/2023\/12\/santos-botafogo.jpg?fit=1200%2C675&ssl=1&resize=700%2C400 2x, https:\/\/i0.wp.com\/ismaelcolosi.com.br\/wp-content\/uploads\/2023\/12\/santos-botafogo.jpg?fit=1200%2C675&ssl=1&resize=1050%2C600 3x"},"classes":[]},{"id":34831,"url":"https:\/\/ismaelcolosi.com.br\/index.php\/2024\/02\/03\/com-103-pagantes-no-estadio-comercial-perde-mais-uma-na-a2\/","url_meta":{"origin":69119,"position":4},"title":"Com 103 pagantes no est\u00e1dio, Comercial perde mais uma na A2","author":"ismaelcolosi.com.br","date":"3 de February de 2024","format":false,"excerpt":"3 de fevereiro de 2024 | 17:20 0O Comercial continua sem vencer no Campeonato Paulista da S\u00e9rie A2. Na tarde deste s\u00e1bado (03), o Alvinegro de Ribeir\u00e3o Preto perdeu para o S\u00e3o Bento por 3 a 0. O jogo foi realizado em Ja\u00fa, no est\u00e1dio Zezinho Magalh\u00e3es, apesar do mando\u2026","rel":"","context":"In &quot;Not\u00edcias de Ribeir\u00e3o Preto-SP e Regi\u00e3o&quot;","block_context":{"text":"Not\u00edcias de Ribeir\u00e3o Preto-SP e Regi\u00e3o","link":"https:\/\/ismaelcolosi.com.br\/index.php\/category\/noticias-de-ribeirao-preto-sp-e-regiao-ismael-colosi\/"},"img":{"alt_text":"","src":"https:\/\/i0.wp.com\/ismaelcolosi.com.br\/wp-content\/uploads\/2024\/02\/comercial-scaled.jpg?fit=866%2C645&ssl=1&resize=350%2C200","width":350,"height":200,"srcset":"https:\/\/i0.wp.com\/ismaelcolosi.com.br\/wp-content\/uploads\/2024\/02\/comercial-scaled.jpg?fit=866%2C645&ssl=1&resize=350%2C200 1x, https:\/\/i0.wp.com\/ismaelcolosi.com.br\/wp-content\/uploads\/2024\/02\/comercial-scaled.jpg?fit=866%2C645&ssl=1&resize=525%2C300 1.5x, https:\/\/i0.wp.com\/ismaelcolosi.com.br\/wp-content\/uploads\/2024\/02\/comercial-scaled.jpg?fit=866%2C645&ssl=1&resize=700%2C400 2x"},"classes":[]},{"id":8978,"url":"https:\/\/ismaelcolosi.com.br\/index.php\/2023\/12\/01\/comercial-realiza-campanha-para-arrecadar-brinquedos-em-ribeirao-preto\/","url_meta":{"origin":69119,"position":5},"title":"Comercial realiza campanha para arrecadar brinquedos em Ribeir\u00e3o Preto","author":"ismaelcolosi.com.br","date":"1 de December de 2023","format":false,"excerpt":"A Comercial Futebol Clube est\u00e1 organizando uma campanha para arrecadar brinquedos para crian\u00e7as que vivem em comunidades de Ribeir\u00e3o Preto. A campanha \u2018Natal do Le\u00e3o\u2019 vai at\u00e9 o dia 16 de dezembro. A entrega dos brinquedos nas comunidades ser\u00e1 feita pelos jogadores do Comercial. \u201cV\u00e1 at\u00e9 o est\u00e1dio Palma Travassos\u2026","rel":"","context":"In &quot;Not\u00edcias de Ribeir\u00e3o Preto-SP e Regi\u00e3o&quot;","block_context":{"text":"Not\u00edcias de Ribeir\u00e3o Preto-SP e Regi\u00e3o","link":"https:\/\/ismaelcolosi.com.br\/index.php\/category\/noticias-de-ribeirao-preto-sp-e-regiao-ismael-colosi\/"},"img":{"alt_text":"","src":"https:\/\/i0.wp.com\/ismaelcolosi.com.br\/wp-content\/uploads\/2023\/12\/WhatsApp-Image-2023-12-01-at-09.08.22.jpeg?fit=1200%2C755&ssl=1&resize=350%2C200","width":350,"height":200,"srcset":"https:\/\/i0.wp.com\/ismaelcolosi.com.br\/wp-content\/uploads\/2023\/12\/WhatsApp-Image-2023-12-01-at-09.08.22.jpeg?fit=1200%2C755&ssl=1&resize=350%2C200 1x, https:\/\/i0.wp.com\/ismaelcolosi.com.br\/wp-content\/uploads\/2023\/12\/WhatsApp-Image-2023-12-01-at-09.08.22.jpeg?fit=1200%2C755&ssl=1&resize=525%2C300 1.5x, https:\/\/i0.wp.com\/ismaelcolosi.com.br\/wp-content\/uploads\/2023\/12\/WhatsApp-Image-2023-12-01-at-09.08.22.jpeg?fit=1200%2C755&ssl=1&resize=700%2C400 2x, https:\/\/i0.wp.com\/ismaelcolosi.com.br\/wp-content\/uploads\/2023\/12\/WhatsApp-Image-2023-12-01-at-09.08.22.jpeg?fit=1200%2C755&ssl=1&resize=1050%2C600 3x"},"classes":[]}],"jetpack_sharing_enabled":true,"jetpack_shortlink":"https:\/\/wp.me\/pfMlyK-hYP","_links":{"self":[{"href":"https:\/\/ismaelcolosi.com.br\/index.php\/wp-json\/wp\/v2\/posts\/69119","targetHints":{"allow":["GET"]}}],"collection":[{"href":"https:\/\/ismaelcolosi.com.br\/index.php\/wp-json\/wp\/v2\/posts"}],"about":[{"href":"https:\/\/ismaelcolosi.com.br\/index.php\/wp-json\/wp\/v2\/types\/post"}],"author":[{"embeddable":true,"href":"https:\/\/ismaelcolosi.com.br\/index.php\/wp-json\/wp\/v2\/users\/1"}],"replies":[{"embeddable":true,"href":"https:\/\/ismaelcolosi.com.br\/index.php\/wp-json\/wp\/v2\/comments?post=69119"}],"version-history":[{"count":0,"href":"https:\/\/ismaelcolosi.com.br\/index.php\/wp-json\/wp\/v2\/posts\/69119\/revisions"}],"wp:featuredmedia":[{"embeddable":true,"href":"https:\/\/ismaelcolosi.com.br\/index.php\/wp-json\/wp\/v2\/media\/69120"}],"wp:attachment":[{"href":"https:\/\/ismaelcolosi.com.br\/index.php\/wp-json\/wp\/v2\/media?parent=69119"}],"wp:term":[{"taxonomy":"category","embeddable":true,"href":"https:\/\/ismaelcolosi.com.br\/index.php\/wp-json\/wp\/v2\/categories?post=69119"},{"taxonomy":"post_tag","embeddable":true,"href":"https:\/\/ismaelcolosi.com.br\/index.php\/wp-json\/wp\/v2\/tags?post=69119"}],"curies":[{"name":"wp","href":"https:\/\/api.w.org\/{rel}","templated":true}]}}