{"id":69105,"date":"2024-10-03T13:57:16","date_gmt":"2024-10-03T16:57:16","guid":{"rendered":"https:\/\/ismaelcolosi.com.br\/index.php\/2024\/10\/03\/biometria-e-obrigatoria-sp-vai-usar-cadastro-de-outros-orgaos-para-identificar-eleitores\/"},"modified":"2024-10-03T13:57:16","modified_gmt":"2024-10-03T16:57:16","slug":"biometria-e-obrigatoria-sp-vai-usar-cadastro-de-outros-orgaos-para-identificar-eleitores","status":"publish","type":"post","link":"https:\/\/ismaelcolosi.com.br\/index.php\/2024\/10\/03\/biometria-e-obrigatoria-sp-vai-usar-cadastro-de-outros-orgaos-para-identificar-eleitores\/","title":{"rendered":"Biometria \u00e9 obrigat\u00f3ria? SP vai usar cadastro de outros \u00f3rg\u00e3os para identificar eleitores"},"content":{"rendered":"<p> <br \/>\n<\/p>\n<div>\n<p>Uma parcela do eleitorado paulista que n\u00e3o cadastrou a biometria na <strong><a href=\"https:\/\/www.tse.jus.br\/\" target=\"_blank\" rel=\"noreferrer noopener nofollow\">Justi\u00e7a Eleitoral <\/a><\/strong>vai poder votar usando a digital nas elei\u00e7\u00f5es municipais de 2024. Um conv\u00eanio firmado entre o <a href=\"https:\/\/www.tse.jus.br\/\" target=\"_blank\" rel=\"noreferrer noopener nofollow\">TSE (Tribunal Superior Eleitoral) <\/a>e \u00f3rg\u00e3os de identifica\u00e7\u00e3o do pa\u00eds permitir\u00e1 o aproveitamento de at\u00e9 4 milh\u00f5es de dados biom\u00e9tricos de eleitoras e eleitores que votam em S\u00e3o Paulo.<\/p>\n<p><mark style=\"background-color:#fcb900\" class=\"has-inline-color has-black-color\">A biometria ser\u00e1 validada no momento em que o eleitor utilizar a impress\u00e3o digital c<\/mark>om sucesso para liberar a urna para vota\u00e7\u00e3o no dia do pleito. Realizado esse processo, a identifica\u00e7\u00e3o biom\u00e9trica da pessoa ser\u00e1 adicionada posteriormente ao cadastro da Justi\u00e7a Eleitoral.<\/p>\n<p>O primeiro turno das elei\u00e7\u00f5es municipais acontece no pr\u00f3ximo domingo (6) e o hor\u00e1rio de vota\u00e7\u00e3o \u00e9 das 8h \u00e0s 17h.<\/p>\n<h4 class=\"wp-block-heading\"><strong>Biometria n\u00e3o \u00e9 obrigat\u00f3ria<\/strong><\/h4>\n<p>Atualmente, quase 80% do eleitorado paulista possui a biometria coletada. Dos 34.403.609 de eleitoras e eleitores do estado, 27.168.964 (78,97% do total) contam com a identifica\u00e7\u00e3o biom\u00e9trica no cadastro eleitoral.<\/p>\n<p>Contudo,<mark style=\"background-color:#fcb900\" class=\"has-inline-color has-black-color\"> n\u00e3o \u00e9 obrigat\u00f3rio ter a biometria coletada para votar.<\/mark> Desde que a eleitora ou o eleitor esteja com o t\u00edtulo regular, basta apresentar um documento oficial com foto aos mes\u00e1rios para votar nas Elei\u00e7\u00f5es 2024.<\/p>\n<h4 class=\"wp-block-heading\"><strong>Coleta de informa\u00e7\u00f5es<\/strong><\/h4>\n<p>O Projeto de Importa\u00e7\u00e3o de Biometrias de \u00d3rg\u00e3os Externos (Bioex) foi implementado por meio de acordos de coopera\u00e7\u00e3o t\u00e9cnica do TSE com \u00f3rg\u00e3os de identifica\u00e7\u00e3o, como o Instituto de Identifica\u00e7\u00e3o Ricardo Gumbleton Daunt (IIRGD) de S\u00e3o Paulo, respons\u00e1vel pelo repasse de 91% dos dados, e a Secretaria Nacional de Tr\u00e2nsito (Senatran), antigo Denatran, entre outros.<\/p>\n<p>A eleitora ou eleitor com biometria de \u00f3rg\u00e3o externo ser\u00e1 identificado no caderno de vota\u00e7\u00e3o com a seguinte informa\u00e7\u00e3o: biometria fornecida por \u00f3rg\u00e3o conveniado \u00e0 Justi\u00e7a Eleitoral.<\/p>\n<p>Quem fizer a valida\u00e7\u00e3o da digital ter\u00e1 a biometria inclu\u00edda no cadastro eleitoral, sendo v\u00e1lida para elei\u00e7\u00f5es futuras. Essa parcela do eleitorado poder\u00e1 confirmar as informa\u00e7\u00f5es biom\u00e9tricas ao votar tanto no 1\u00ba turno, que ocorre em 6 de outubro, quanto em eventual 2\u00ba turno, previsto para 27 de outubro.<\/p>\n<p>SAIBA MAIS<br \/>Tudo sobre o debate da EPTV entre os candidatos \u00e0 Prefeitura de Ribeir\u00e3o Preto<\/p>\n<h4 class=\"wp-block-heading\"><strong>FIQUE ON<\/strong><\/h4>\n<p>Fique ligado em tudo que acontece em Ribeir\u00e3o Preto e regi\u00e3o. Siga os perfis do <strong>acidade on <\/strong>no <a href=\"https:\/\/www.instagram.com\/acidadeonribeirao\" target=\"_blank\" rel=\"noreferrer noopener nofollow\">Instagram<\/a> e no <a href=\"https:\/\/www.facebook.com\/acidadeonribeirao\/\" target=\"_blank\" rel=\"noreferrer noopener nofollow\">Facebook<\/a>.<\/p>\n<p>Receba not\u00edcias do <strong>acidade on <\/strong>no WhatsApp.<a href=\"https:\/\/chat.whatsapp.com\/Dtv9mxhy6V5BJBotM2OQ5k\" target=\"_blank\" rel=\"noreferrer noopener nofollow\"> Para entrar no grupo, basta clicar aqui.<\/a><\/p>\n<p>Fa\u00e7a uma den\u00fancia ou sugira uma reportagem sobre Ribeir\u00e3o Preto e regi\u00e3o pelo WhatsApp: 16 99117 7802.<\/p>\n<p>VEJA TAMB\u00c9M<br \/>O que preciso levar no dia das elei\u00e7\u00f5es?<\/p>\n<p><!-- CONTENT END 1 -->\n<\/div>\n<p><script async src=\"\/\/www.instagram.com\/embed.js\"><\/script><br \/>\n<br \/><br \/>\n<br \/><a href=\"https:\/\/www.acidadeon.com\/ribeiraopreto\/politica\/eleicoes\/biometria-e-obrigatoria-sp-vai-usar-cadastro-de-outros-orgaos-para-identificar-eleitores\/\">Source link <\/a><\/p>\n","protected":false},"excerpt":{"rendered":"<p>Uma parcela do eleitorado paulista que n\u00e3o cadastrou a biometria na Justi\u00e7a Eleitoral vai poder votar usando a digital nas elei\u00e7\u00f5es municipais de 2024. Um&#8230;<\/p>\n","protected":false},"author":1,"featured_media":69106,"comment_status":"open","ping_status":"open","sticky":false,"template":"","format":"standard","meta":{"_uag_custom_page_level_css":"","advanced_seo_description":"","jetpack_seo_html_title":"","jetpack_seo_noindex":false,"jetpack_post_was_ever_published":false,"_jetpack_newsletter_access":"","_jetpack_dont_email_post_to_subs":false,"_jetpack_newsletter_tier_id":0,"_jetpack_memberships_contains_paywalled_content":false,"_jetpack_memberships_contains_paid_content":false,"footnotes":"","jetpack_publicize_message":"","jetpack_publicize_feature_enabled":true,"jetpack_social_post_already_shared":true,"jetpack_social_options":{"image_generator_settings":{"template":"highway","default_image_id":0,"font":"","enabled":false},"version":2}},"categories":[11],"tags":[],"class_list":["post-69105","post","type-post","status-publish","format-standard","has-post-thumbnail","hentry","category-noticias-de-ribeirao-preto-sp-e-regiao-ismael-colosi"],"jetpack_publicize_connections":[],"jetpack_featured_media_url":"https:\/\/i0.wp.com\/ismaelcolosi.com.br\/wp-content\/uploads\/2024\/10\/biometria_2024-10-03_16-38-42_jpg_2024-10-03_16-38-43.webp.webp?fit=1600%2C800&ssl=1","uagb_featured_image_src":{"full":["https:\/\/i0.wp.com\/ismaelcolosi.com.br\/wp-content\/uploads\/2024\/10\/biometria_2024-10-03_16-38-42_jpg_2024-10-03_16-38-43.webp.webp?fit=1600%2C800&ssl=1",1600,800,false],"thumbnail":["https:\/\/i0.wp.com\/ismaelcolosi.com.br\/wp-content\/uploads\/2024\/10\/biometria_2024-10-03_16-38-42_jpg_2024-10-03_16-38-43.webp.webp?resize=150%2C150&ssl=1",150,150,true],"medium":["https:\/\/i0.wp.com\/ismaelcolosi.com.br\/wp-content\/uploads\/2024\/10\/biometria_2024-10-03_16-38-42_jpg_2024-10-03_16-38-43.webp.webp?fit=300%2C150&ssl=1",300,150,true],"medium_large":["https:\/\/i0.wp.com\/ismaelcolosi.com.br\/wp-content\/uploads\/2024\/10\/biometria_2024-10-03_16-38-42_jpg_2024-10-03_16-38-43.webp.webp?fit=768%2C384&ssl=1",768,384,true],"large":["https:\/\/i0.wp.com\/ismaelcolosi.com.br\/wp-content\/uploads\/2024\/10\/biometria_2024-10-03_16-38-42_jpg_2024-10-03_16-38-43.webp.webp?fit=1024%2C512&ssl=1",1024,512,true],"1536x1536":["https:\/\/i0.wp.com\/ismaelcolosi.com.br\/wp-content\/uploads\/2024\/10\/biometria_2024-10-03_16-38-42_jpg_2024-10-03_16-38-43.webp.webp?fit=1536%2C768&ssl=1",1536,768,true],"2048x2048":["https:\/\/i0.wp.com\/ismaelcolosi.com.br\/wp-content\/uploads\/2024\/10\/biometria_2024-10-03_16-38-42_jpg_2024-10-03_16-38-43.webp.webp?fit=1600%2C800&ssl=1",1600,800,true],"really-simple-thumb":["https:\/\/i0.wp.com\/ismaelcolosi.com.br\/wp-content\/uploads\/2024\/10\/biometria_2024-10-03_16-38-42_jpg_2024-10-03_16-38-43.webp.webp?resize=370%2C247&ssl=1",370,247,true]},"uagb_author_info":{"display_name":"ismaelcolosi.com.br","author_link":"https:\/\/ismaelcolosi.com.br\/index.php\/author\/vidareal-online\/"},"uagb_comment_info":0,"uagb_excerpt":"Uma parcela do eleitorado paulista que n\u00e3o cadastrou a biometria na Justi\u00e7a Eleitoral vai poder votar usando a digital nas elei\u00e7\u00f5es municipais de 2024. Um...","jetpack-related-posts":[{"id":48672,"url":"https:\/\/ismaelcolosi.com.br\/index.php\/2024\/05\/05\/esta-acabando-prazo-para-regularizar-situacao-eleitoral-vai-ate-o-dia-8\/","url_meta":{"origin":69105,"position":0},"title":"Est\u00e1 acabando! Prazo para regularizar situa\u00e7\u00e3o eleitoral vai at\u00e9 o dia 8","author":"ismaelcolosi.com.br","date":"5 de May de 2024","format":false,"excerpt":"As eleitoras e eleitores t\u00eam at\u00e9 8 de maio para ficar em dia com a Justi\u00e7a Eleitoral e votar na elei\u00e7\u00f5es municipais de 2024, no pr\u00f3ximo m\u00eas de outubro. Na segunda (6), ter\u00e7a (7) e quarta-feira (8), os cart\u00f3rios eleitorais v\u00e3o funcionar das 9h \u00e0s 17h. Neste domingo, os cart\u00f3rios\u2026","rel":"","context":"In &quot;Not\u00edcias de Ribeir\u00e3o Preto-SP e Regi\u00e3o&quot;","block_context":{"text":"Not\u00edcias de Ribeir\u00e3o Preto-SP e Regi\u00e3o","link":"https:\/\/ismaelcolosi.com.br\/index.php\/category\/noticias-de-ribeirao-preto-sp-e-regiao-ismael-colosi\/"},"img":{"alt_text":"","src":"https:\/\/i0.wp.com\/ismaelcolosi.com.br\/wp-content\/uploads\/2024\/05\/AnyConv.com__titulo-de-eleitor_2024-05-05_17-12-29.webp.webp?fit=1167%2C698&ssl=1&resize=350%2C200","width":350,"height":200,"srcset":"https:\/\/i0.wp.com\/ismaelcolosi.com.br\/wp-content\/uploads\/2024\/05\/AnyConv.com__titulo-de-eleitor_2024-05-05_17-12-29.webp.webp?fit=1167%2C698&ssl=1&resize=350%2C200 1x, https:\/\/i0.wp.com\/ismaelcolosi.com.br\/wp-content\/uploads\/2024\/05\/AnyConv.com__titulo-de-eleitor_2024-05-05_17-12-29.webp.webp?fit=1167%2C698&ssl=1&resize=525%2C300 1.5x, https:\/\/i0.wp.com\/ismaelcolosi.com.br\/wp-content\/uploads\/2024\/05\/AnyConv.com__titulo-de-eleitor_2024-05-05_17-12-29.webp.webp?fit=1167%2C698&ssl=1&resize=700%2C400 2x, https:\/\/i0.wp.com\/ismaelcolosi.com.br\/wp-content\/uploads\/2024\/05\/AnyConv.com__titulo-de-eleitor_2024-05-05_17-12-29.webp.webp?fit=1167%2C698&ssl=1&resize=1050%2C600 3x"},"classes":[]},{"id":48164,"url":"https:\/\/ismaelcolosi.com.br\/index.php\/2024\/05\/01\/titulo-cancelado-cartorios-eleitorais-de-sp-abrem-neste-feriado\/","url_meta":{"origin":69105,"position":1},"title":"T\u00edtulo cancelado? Cart\u00f3rios eleitorais de SP abrem neste feriado","author":"ismaelcolosi.com.br","date":"1 de May de 2024","format":false,"excerpt":"Os cart\u00f3rios e postos eleitorais de S\u00e3o Paulo v\u00e3o abrir neste feriado do Dia do Trabalhador (1\u00ba de maio) para atender quem precisa tirar ou regularizar o t\u00edtulo para votar nas Elei\u00e7\u00f5es Municipais de 2024. O hor\u00e1rio de funcionamento ser\u00e1 das 11h \u00e0s 17h. O atendimento ser\u00e1 realizado por ordem\u2026","rel":"","context":"In &quot;Not\u00edcias de Ribeir\u00e3o Preto-SP e Regi\u00e3o&quot;","block_context":{"text":"Not\u00edcias de Ribeir\u00e3o Preto-SP e Regi\u00e3o","link":"https:\/\/ismaelcolosi.com.br\/index.php\/category\/noticias-de-ribeirao-preto-sp-e-regiao-ismael-colosi\/"},"img":{"alt_text":"","src":"https:\/\/i0.wp.com\/ismaelcolosi.com.br\/wp-content\/uploads\/2024\/04\/AnyConv.com__cartorio-eleitoral-ribeirao-preto.webp.webp?fit=867%2C485&ssl=1&resize=350%2C200","width":350,"height":200,"srcset":"https:\/\/i0.wp.com\/ismaelcolosi.com.br\/wp-content\/uploads\/2024\/04\/AnyConv.com__cartorio-eleitoral-ribeirao-preto.webp.webp?fit=867%2C485&ssl=1&resize=350%2C200 1x, https:\/\/i0.wp.com\/ismaelcolosi.com.br\/wp-content\/uploads\/2024\/04\/AnyConv.com__cartorio-eleitoral-ribeirao-preto.webp.webp?fit=867%2C485&ssl=1&resize=525%2C300 1.5x, https:\/\/i0.wp.com\/ismaelcolosi.com.br\/wp-content\/uploads\/2024\/04\/AnyConv.com__cartorio-eleitoral-ribeirao-preto.webp.webp?fit=867%2C485&ssl=1&resize=700%2C400 2x"},"classes":[]},{"id":68985,"url":"https:\/\/ismaelcolosi.com.br\/index.php\/2024\/10\/02\/eleicoes-2024-celulares-sao-proibidos-no-momento-da-votacao-entenda\/","url_meta":{"origin":69105,"position":2},"title":"Elei\u00e7\u00f5es 2024: Celulares s\u00e3o proibidos no momento da vota\u00e7\u00e3o; Entenda","author":"ismaelcolosi.com.br","date":"2 de October de 2024","format":false,"excerpt":"O presidente do TRE-SP (Tribunal Regional Eleitoral de S\u00e3o Paulo), desembargador Silmar Fernandes, refor\u00e7ou as orienta\u00e7\u00f5es sobre a vota\u00e7\u00e3o do 1\u00ba turno das elei\u00e7\u00f5es 2024, que acontece no pr\u00f3ximo domingo (6), das 8h \u00e0s 17h (hor\u00e1rio de Bras\u00edlia). O magistrado explicou como ser\u00e1 feito o uso da biometria e refor\u00e7ou\u2026","rel":"","context":"In &quot;Not\u00edcias de Ribeir\u00e3o Preto-SP e Regi\u00e3o&quot;","block_context":{"text":"Not\u00edcias de Ribeir\u00e3o Preto-SP e Regi\u00e3o","link":"https:\/\/ismaelcolosi.com.br\/index.php\/category\/noticias-de-ribeirao-preto-sp-e-regiao-ismael-colosi\/"},"img":{"alt_text":"","src":"https:\/\/i0.wp.com\/ismaelcolosi.com.br\/wp-content\/uploads\/2024\/06\/AnyConv.com__hands-1851218_1280.webp.webp?fit=1200%2C800&ssl=1&resize=350%2C200","width":350,"height":200,"srcset":"https:\/\/i0.wp.com\/ismaelcolosi.com.br\/wp-content\/uploads\/2024\/06\/AnyConv.com__hands-1851218_1280.webp.webp?fit=1200%2C800&ssl=1&resize=350%2C200 1x, https:\/\/i0.wp.com\/ismaelcolosi.com.br\/wp-content\/uploads\/2024\/06\/AnyConv.com__hands-1851218_1280.webp.webp?fit=1200%2C800&ssl=1&resize=525%2C300 1.5x, https:\/\/i0.wp.com\/ismaelcolosi.com.br\/wp-content\/uploads\/2024\/06\/AnyConv.com__hands-1851218_1280.webp.webp?fit=1200%2C800&ssl=1&resize=700%2C400 2x, https:\/\/i0.wp.com\/ismaelcolosi.com.br\/wp-content\/uploads\/2024\/06\/AnyConv.com__hands-1851218_1280.webp.webp?fit=1200%2C800&ssl=1&resize=1050%2C600 3x"},"classes":[]},{"id":73513,"url":"https:\/\/ismaelcolosi.com.br\/index.php\/2024\/10\/27\/eleitores-voltam-as-urnas-para-o-2o-turno-das-eleicoes-regras-e-orientacoes-essenciais\/","url_meta":{"origin":69105,"position":3},"title":"Eleitores Voltam \u00e0s Urnas para o 2\u00ba Turno das Elei\u00e7\u00f5es: Regras e Orienta\u00e7\u00f5es Essenciais","author":"ismaelcolosi.com.br","date":"27 de October de 2024","format":false,"excerpt":"Neste domingo, milh\u00f5es de brasileiros voltar\u00e3o \u00e0s urnas para decidir o 2\u00ba turno das elei\u00e7\u00f5es municipais e estaduais. Em disputa, est\u00e3o as prefeituras de diversas capitais e cidades importantes, al\u00e9m do cargo de governador em estados onde nenhum candidato atingiu mais de 50% dos votos no primeiro turno. Com um\u2026","rel":"","context":"In &quot;Not\u00edcias de Ribeir\u00e3o Preto-SP e Regi\u00e3o&quot;","block_context":{"text":"Not\u00edcias de Ribeir\u00e3o Preto-SP e Regi\u00e3o","link":"https:\/\/ismaelcolosi.com.br\/index.php\/category\/noticias-de-ribeirao-preto-sp-e-regiao-ismael-colosi\/"},"img":{"alt_text":"","src":"https:\/\/i0.wp.com\/ismaelcolosi.com.br\/wp-content\/uploads\/2024\/10\/mg_2141_01.webp.webp?fit=1170%2C700&ssl=1&resize=350%2C200","width":350,"height":200,"srcset":"https:\/\/i0.wp.com\/ismaelcolosi.com.br\/wp-content\/uploads\/2024\/10\/mg_2141_01.webp.webp?fit=1170%2C700&ssl=1&resize=350%2C200 1x, https:\/\/i0.wp.com\/ismaelcolosi.com.br\/wp-content\/uploads\/2024\/10\/mg_2141_01.webp.webp?fit=1170%2C700&ssl=1&resize=525%2C300 1.5x, https:\/\/i0.wp.com\/ismaelcolosi.com.br\/wp-content\/uploads\/2024\/10\/mg_2141_01.webp.webp?fit=1170%2C700&ssl=1&resize=700%2C400 2x, https:\/\/i0.wp.com\/ismaelcolosi.com.br\/wp-content\/uploads\/2024\/10\/mg_2141_01.webp.webp?fit=1170%2C700&ssl=1&resize=1050%2C600 3x"},"classes":[]},{"id":41669,"url":"https:\/\/ismaelcolosi.com.br\/index.php\/2024\/03\/10\/prazo-esta-acabando-veja-ate-quando-voce-pode-regularizar-o-titulo-de-eleitor\/","url_meta":{"origin":69105,"position":4},"title":"Prazo est\u00e1 acabando! Veja at\u00e9 quando voc\u00ea pode regularizar o t\u00edtulo de eleitor","author":"ismaelcolosi.com.br","date":"10 de March de 2024","format":false,"excerpt":"O primeiro turno das elei\u00e7\u00f5es municipais de 2024 est\u00e1 marcado para o dia 6 de outubro. Por isso, os eleitores t\u00eam at\u00e9 o dia 8 de abril para regularizar a situa\u00e7\u00e3o eleitoral pelo autoatendimento pela internet. De acordo com o TSE (Tribunal Superior Eleitoral), Ribeir\u00e3o Preto tem 474.634 eleitores registrados,\u2026","rel":"","context":"In &quot;Not\u00edcias de Ribeir\u00e3o Preto-SP e Regi\u00e3o&quot;","block_context":{"text":"Not\u00edcias de Ribeir\u00e3o Preto-SP e Regi\u00e3o","link":"https:\/\/ismaelcolosi.com.br\/index.php\/category\/noticias-de-ribeirao-preto-sp-e-regiao-ismael-colosi\/"},"img":{"alt_text":"","src":"https:\/\/i0.wp.com\/ismaelcolosi.com.br\/wp-content\/uploads\/2024\/03\/AnyConv.com__titulo-eleitor.webp.webp?fit=717%2C409&ssl=1&resize=350%2C200","width":350,"height":200,"srcset":"https:\/\/i0.wp.com\/ismaelcolosi.com.br\/wp-content\/uploads\/2024\/03\/AnyConv.com__titulo-eleitor.webp.webp?fit=717%2C409&ssl=1&resize=350%2C200 1x, https:\/\/i0.wp.com\/ismaelcolosi.com.br\/wp-content\/uploads\/2024\/03\/AnyConv.com__titulo-eleitor.webp.webp?fit=717%2C409&ssl=1&resize=525%2C300 1.5x, https:\/\/i0.wp.com\/ismaelcolosi.com.br\/wp-content\/uploads\/2024\/03\/AnyConv.com__titulo-eleitor.webp.webp?fit=717%2C409&ssl=1&resize=700%2C400 2x"},"classes":[]},{"id":45912,"url":"https:\/\/ismaelcolosi.com.br\/index.php\/2024\/04\/08\/saiba-como-regularizar-a-situacao-eleitoral-em-ribeirao-preto\/","url_meta":{"origin":69105,"position":5},"title":"Saiba como regularizar a situa\u00e7\u00e3o eleitoral em Ribeir\u00e3o Preto","author":"ismaelcolosi.com.br","date":"8 de April de 2024","format":false,"excerpt":"Nesta segunda-feira (8), termina o prazo para que eleitores sem biometria cadastrada regularizem a situa\u00e7\u00e3o eleitoral pela internet. Ap\u00f3s essa data, o atendimento ser\u00e1 apenas de forma presencial nos cart\u00f3rios eleitorais. Ribeir\u00e3o Preto tem 474.634 eleitores registrados, sendo que 164.803 ainda precisam registrar a biometria \u2013 consulte aqui a sua\u2026","rel":"","context":"In &quot;Not\u00edcias de Ribeir\u00e3o Preto-SP e Regi\u00e3o&quot;","block_context":{"text":"Not\u00edcias de Ribeir\u00e3o Preto-SP e Regi\u00e3o","link":"https:\/\/ismaelcolosi.com.br\/index.php\/category\/noticias-de-ribeirao-preto-sp-e-regiao-ismael-colosi\/"},"img":{"alt_text":"","src":"https:\/\/i0.wp.com\/ismaelcolosi.com.br\/wp-content\/uploads\/2024\/04\/AnyConv.com__cartorio-eleitoral-ribeirao-preto.webp.webp?fit=867%2C485&ssl=1&resize=350%2C200","width":350,"height":200,"srcset":"https:\/\/i0.wp.com\/ismaelcolosi.com.br\/wp-content\/uploads\/2024\/04\/AnyConv.com__cartorio-eleitoral-ribeirao-preto.webp.webp?fit=867%2C485&ssl=1&resize=350%2C200 1x, https:\/\/i0.wp.com\/ismaelcolosi.com.br\/wp-content\/uploads\/2024\/04\/AnyConv.com__cartorio-eleitoral-ribeirao-preto.webp.webp?fit=867%2C485&ssl=1&resize=525%2C300 1.5x, https:\/\/i0.wp.com\/ismaelcolosi.com.br\/wp-content\/uploads\/2024\/04\/AnyConv.com__cartorio-eleitoral-ribeirao-preto.webp.webp?fit=867%2C485&ssl=1&resize=700%2C400 2x"},"classes":[]}],"jetpack_sharing_enabled":true,"jetpack_shortlink":"https:\/\/wp.me\/pfMlyK-hYB","_links":{"self":[{"href":"https:\/\/ismaelcolosi.com.br\/index.php\/wp-json\/wp\/v2\/posts\/69105","targetHints":{"allow":["GET"]}}],"collection":[{"href":"https:\/\/ismaelcolosi.com.br\/index.php\/wp-json\/wp\/v2\/posts"}],"about":[{"href":"https:\/\/ismaelcolosi.com.br\/index.php\/wp-json\/wp\/v2\/types\/post"}],"author":[{"embeddable":true,"href":"https:\/\/ismaelcolosi.com.br\/index.php\/wp-json\/wp\/v2\/users\/1"}],"replies":[{"embeddable":true,"href":"https:\/\/ismaelcolosi.com.br\/index.php\/wp-json\/wp\/v2\/comments?post=69105"}],"version-history":[{"count":0,"href":"https:\/\/ismaelcolosi.com.br\/index.php\/wp-json\/wp\/v2\/posts\/69105\/revisions"}],"wp:featuredmedia":[{"embeddable":true,"href":"https:\/\/ismaelcolosi.com.br\/index.php\/wp-json\/wp\/v2\/media\/69106"}],"wp:attachment":[{"href":"https:\/\/ismaelcolosi.com.br\/index.php\/wp-json\/wp\/v2\/media?parent=69105"}],"wp:term":[{"taxonomy":"category","embeddable":true,"href":"https:\/\/ismaelcolosi.com.br\/index.php\/wp-json\/wp\/v2\/categories?post=69105"},{"taxonomy":"post_tag","embeddable":true,"href":"https:\/\/ismaelcolosi.com.br\/index.php\/wp-json\/wp\/v2\/tags?post=69105"}],"curies":[{"name":"wp","href":"https:\/\/api.w.org\/{rel}","templated":true}]}}