{"id":69099,"date":"2024-10-03T13:29:07","date_gmt":"2024-10-03T16:29:07","guid":{"rendered":"https:\/\/ismaelcolosi.com.br\/index.php\/2024\/10\/03\/anitta-confirma-pre-carnaval-em-ribeirao-preto\/"},"modified":"2024-10-03T13:29:07","modified_gmt":"2024-10-03T16:29:07","slug":"anitta-confirma-pre-carnaval-em-ribeirao-preto","status":"publish","type":"post","link":"https:\/\/ismaelcolosi.com.br\/index.php\/2024\/10\/03\/anitta-confirma-pre-carnaval-em-ribeirao-preto\/","title":{"rendered":"Anitta confirma pr\u00e9-carnaval em Ribeir\u00e3o Preto"},"content":{"rendered":"<p> <br \/>\n<\/p>\n<div data-td-block-uid=\"tdi_106\">\n<div class=\"tdb-block-inner td-fix-index\">\n<p>Anitta\u00a0anunciou, nesta quinta-feira (3), <strong>as datas do projeto\u00a0<em>Ensaios da Anitta\u00a0<\/em>para 2025<\/strong>. Em <strong>Ribeir\u00e3o Preto<\/strong>, <mark style=\"background-color:#fcb900\" class=\"has-inline-color\">o evento acontecer\u00e1 no dia 26 de janeiro de 2025.<\/mark> <strong>O local ainda n\u00e3o foi divulgado<\/strong>, <mark style=\"background-color:#fcb900\" class=\"has-inline-color\">mas as vendas dos ingressos come\u00e7am no dia 9 de outubro.<\/mark><\/p>\n<p>Para o pr\u00f3ximo ano, a cantora elegeu o tema <strong>\u201cMaratona de Joga\u00e7\u00e3o\u201d<\/strong>, fazendo refer\u00eancia ao universo esportivo. <strong>Fantasias inspiradas em diferentes modalidades esportivas<\/strong> v\u00e3o dominar os looks de\u00a0Anitta\u00a0durante a temporada carnavalesca.<\/p>\n<p>Os \u2018Ensaios da Anitta\u2019 2024 teve a tem\u00e1tica inspirada nas escolas de samba. Em cada cidade a artista homenageou uma escola de samba do Rio.<\/p>\n<p>SAIBA MAIS<br \/>Morre o jornalista e apresentador Cid Moreira, aos 97 anos<\/p>\n<h4 class=\"wp-block-heading\"><strong>FIQUE ON<\/strong><\/h4>\n<p>Fique ligado em tudo que acontece em Ribeir\u00e3o Preto e regi\u00e3o. Siga os perfis do <strong>acidade on <\/strong>no <a href=\"https:\/\/www.instagram.com\/acidadeonribeirao\" target=\"_blank\" rel=\"noreferrer noopener\">Instagram<\/a> e no <a href=\"https:\/\/www.facebook.com\/acidadeonribeirao\" target=\"_blank\" rel=\"noreferrer noopener\">Facebook<\/a>.<\/p>\n<p>Receba not\u00edcias do acidade on no WhatsApp. Para entrar no grupo, basta <a href=\"https:\/\/chat.whatsapp.com\/Dtv9mxhy6V5BJBotM2OQ5k\" target=\"_blank\" rel=\"noreferrer noopener\">clicar aqui<\/a>.<\/p>\n<p>Fa\u00e7a uma den\u00fancia ou sugira uma reportagem sobre Ribeir\u00e3o Preto e regi\u00e3o pelo WhatsApp: 16 99117 7802.<\/p>\n<p>VEJA TAMB\u00c9M<br \/>Quantas vezes Cid Moreira apresentou o Jornal Nacional?<\/p>\n<p><!-- CONTENT END 1 -->\n<\/div>\n<\/div>\n<p><script async src=\"\/\/www.instagram.com\/embed.js\"><\/script><br \/>\n<br \/><br \/>\n<br \/><a href=\"https:\/\/www.acidadeon.com\/ribeiraopreto\/lazer-e-cultura\/anitta-confirma-pre-carnaval-em-ribeirao-preto\/\">Source link <\/a><\/p>\n","protected":false},"excerpt":{"rendered":"<p>Anitta\u00a0anunciou, nesta quinta-feira (3), as datas do projeto\u00a0Ensaios da Anitta\u00a0para 2025. Em Ribeir\u00e3o Preto, o evento acontecer\u00e1 no dia 26 de janeiro de 2025. O&#8230;<\/p>\n","protected":false},"author":1,"featured_media":69100,"comment_status":"open","ping_status":"open","sticky":false,"template":"","format":"standard","meta":{"_uag_custom_page_level_css":"","advanced_seo_description":"","jetpack_seo_html_title":"","jetpack_seo_noindex":false,"jetpack_post_was_ever_published":false,"_jetpack_newsletter_access":"","_jetpack_dont_email_post_to_subs":false,"_jetpack_newsletter_tier_id":0,"_jetpack_memberships_contains_paywalled_content":false,"_jetpack_memberships_contains_paid_content":false,"footnotes":"","jetpack_publicize_message":"","jetpack_publicize_feature_enabled":true,"jetpack_social_post_already_shared":true,"jetpack_social_options":{"image_generator_settings":{"template":"highway","default_image_id":0,"font":"","enabled":false},"version":2}},"categories":[11],"tags":[],"class_list":["post-69099","post","type-post","status-publish","format-standard","has-post-thumbnail","hentry","category-noticias-de-ribeirao-preto-sp-e-regiao-ismael-colosi"],"jetpack_publicize_connections":[],"jetpack_featured_media_url":"https:\/\/i0.wp.com\/ismaelcolosi.com.br\/wp-content\/uploads\/2024\/10\/Copia-de-Copia-de-Copia-de-TAMANHO-EXATO-PARA-FOTOS-NO-SISTEMA-NOVO-57_2024-10-03_15-56-49_png_2024-10-03_15-56-49.webp.webp?fit=1200%2C675&ssl=1","uagb_featured_image_src":{"full":["https:\/\/i0.wp.com\/ismaelcolosi.com.br\/wp-content\/uploads\/2024\/10\/Copia-de-Copia-de-Copia-de-TAMANHO-EXATO-PARA-FOTOS-NO-SISTEMA-NOVO-57_2024-10-03_15-56-49_png_2024-10-03_15-56-49.webp.webp?fit=1200%2C675&ssl=1",1200,675,false],"thumbnail":["https:\/\/i0.wp.com\/ismaelcolosi.com.br\/wp-content\/uploads\/2024\/10\/Copia-de-Copia-de-Copia-de-TAMANHO-EXATO-PARA-FOTOS-NO-SISTEMA-NOVO-57_2024-10-03_15-56-49_png_2024-10-03_15-56-49.webp.webp?resize=150%2C150&ssl=1",150,150,true],"medium":["https:\/\/i0.wp.com\/ismaelcolosi.com.br\/wp-content\/uploads\/2024\/10\/Copia-de-Copia-de-Copia-de-TAMANHO-EXATO-PARA-FOTOS-NO-SISTEMA-NOVO-57_2024-10-03_15-56-49_png_2024-10-03_15-56-49.webp.webp?fit=300%2C169&ssl=1",300,169,true],"medium_large":["https:\/\/i0.wp.com\/ismaelcolosi.com.br\/wp-content\/uploads\/2024\/10\/Copia-de-Copia-de-Copia-de-TAMANHO-EXATO-PARA-FOTOS-NO-SISTEMA-NOVO-57_2024-10-03_15-56-49_png_2024-10-03_15-56-49.webp.webp?fit=768%2C432&ssl=1",768,432,true],"large":["https:\/\/i0.wp.com\/ismaelcolosi.com.br\/wp-content\/uploads\/2024\/10\/Copia-de-Copia-de-Copia-de-TAMANHO-EXATO-PARA-FOTOS-NO-SISTEMA-NOVO-57_2024-10-03_15-56-49_png_2024-10-03_15-56-49.webp.webp?fit=1024%2C576&ssl=1",1024,576,true],"1536x1536":["https:\/\/i0.wp.com\/ismaelcolosi.com.br\/wp-content\/uploads\/2024\/10\/Copia-de-Copia-de-Copia-de-TAMANHO-EXATO-PARA-FOTOS-NO-SISTEMA-NOVO-57_2024-10-03_15-56-49_png_2024-10-03_15-56-49.webp.webp?fit=1200%2C675&ssl=1",1200,675,true],"2048x2048":["https:\/\/i0.wp.com\/ismaelcolosi.com.br\/wp-content\/uploads\/2024\/10\/Copia-de-Copia-de-Copia-de-TAMANHO-EXATO-PARA-FOTOS-NO-SISTEMA-NOVO-57_2024-10-03_15-56-49_png_2024-10-03_15-56-49.webp.webp?fit=1200%2C675&ssl=1",1200,675,true],"really-simple-thumb":["https:\/\/i0.wp.com\/ismaelcolosi.com.br\/wp-content\/uploads\/2024\/10\/Copia-de-Copia-de-Copia-de-TAMANHO-EXATO-PARA-FOTOS-NO-SISTEMA-NOVO-57_2024-10-03_15-56-49_png_2024-10-03_15-56-49.webp.webp?resize=370%2C247&ssl=1",370,247,true]},"uagb_author_info":{"display_name":"ismaelcolosi.com.br","author_link":"https:\/\/ismaelcolosi.com.br\/index.php\/author\/vidareal-online\/"},"uagb_comment_info":0,"uagb_excerpt":"Anitta\u00a0anunciou, nesta quinta-feira (3), as datas do projeto\u00a0Ensaios da Anitta\u00a0para 2025. Em Ribeir\u00e3o Preto, o evento acontecer\u00e1 no dia 26 de janeiro de 2025. O...","jetpack-related-posts":[{"id":70097,"url":"https:\/\/ismaelcolosi.com.br\/index.php\/2024\/10\/09\/comeca-hoje-a-venda-de-ingressos-para-pre-carnaval-da-anitta-em-ribeirao-preto\/","url_meta":{"origin":69099,"position":0},"title":"Come\u00e7a hoje a venda de ingressos para pr\u00e9-carnaval da Anitta em Ribeir\u00e3o Preto","author":"ismaelcolosi.com.br","date":"9 de October de 2024","format":false,"excerpt":"As vendas de ingressos para o projeto de pr\u00e9-carnaval Ensaios da Anitta, em Ribeir\u00e3o Preto, come\u00e7a nesta quarta-feira (9), \u00e0s 18h. O evento ser\u00e1 realizado no est\u00e1dio Palma Travassos, no dia 26 de janeiro de 2025. A turn\u00ea leva o tema \u201cMaratona de Joga\u00e7\u00e3o\u201d, inspirado nos Jogos Ol\u00edmpicos. Os figurinos\u2026","rel":"","context":"In &quot;Not\u00edcias de Ribeir\u00e3o Preto-SP e Regi\u00e3o&quot;","block_context":{"text":"Not\u00edcias de Ribeir\u00e3o Preto-SP e Regi\u00e3o","link":"https:\/\/ismaelcolosi.com.br\/index.php\/category\/noticias-de-ribeirao-preto-sp-e-regiao-ismael-colosi\/"},"img":{"alt_text":"","src":"https:\/\/i0.wp.com\/ismaelcolosi.com.br\/wp-content\/uploads\/2024\/10\/ensaios-da-anitta-2025-vendas-ingressos_2024-10-09_16-32-08.webp.webp?fit=1200%2C902&ssl=1&resize=350%2C200","width":350,"height":200,"srcset":"https:\/\/i0.wp.com\/ismaelcolosi.com.br\/wp-content\/uploads\/2024\/10\/ensaios-da-anitta-2025-vendas-ingressos_2024-10-09_16-32-08.webp.webp?fit=1200%2C902&ssl=1&resize=350%2C200 1x, https:\/\/i0.wp.com\/ismaelcolosi.com.br\/wp-content\/uploads\/2024\/10\/ensaios-da-anitta-2025-vendas-ingressos_2024-10-09_16-32-08.webp.webp?fit=1200%2C902&ssl=1&resize=525%2C300 1.5x, https:\/\/i0.wp.com\/ismaelcolosi.com.br\/wp-content\/uploads\/2024\/10\/ensaios-da-anitta-2025-vendas-ingressos_2024-10-09_16-32-08.webp.webp?fit=1200%2C902&ssl=1&resize=700%2C400 2x, https:\/\/i0.wp.com\/ismaelcolosi.com.br\/wp-content\/uploads\/2024\/10\/ensaios-da-anitta-2025-vendas-ingressos_2024-10-09_16-32-08.webp.webp?fit=1200%2C902&ssl=1&resize=1050%2C600 3x"},"classes":[]},{"id":36594,"url":"https:\/\/ismaelcolosi.com.br\/index.php\/2024\/02\/10\/anitta-se-apresenta-na-proxima-terca-em-carnaval-na-regiao-de-ribeirao\/","url_meta":{"origin":69099,"position":1},"title":"Anitta se apresenta na pr\u00f3xima ter\u00e7a em Carnaval na regi\u00e3o de Ribeir\u00e3o","author":"ismaelcolosi.com.br","date":"10 de February de 2024","format":false,"excerpt":"Nesta ter\u00e7a-feira (13), a cantora Anitta se apresenta na 4\u00aa edi\u00e7\u00e3o do \u201cBloquim\u201d, bloco universit\u00e1rio que re\u00fane milhares de jovens no Parque do Pe\u00e3o em Barretos, cidade a aproximadamente 130 quil\u00f4metros de Ribeir\u00e3o Preto. A organiza\u00e7\u00e3o divulgou que a apresenta\u00e7\u00e3o ser\u00e1 \u00e0s 22h. O evento conta com 46 horas de\u2026","rel":"","context":"In &quot;Not\u00edcias de Ribeir\u00e3o Preto-SP e Regi\u00e3o&quot;","block_context":{"text":"Not\u00edcias de Ribeir\u00e3o Preto-SP e Regi\u00e3o","link":"https:\/\/ismaelcolosi.com.br\/index.php\/category\/noticias-de-ribeirao-preto-sp-e-regiao-ismael-colosi\/"},"img":{"alt_text":"","src":"https:\/\/i0.wp.com\/ismaelcolosi.com.br\/wp-content\/uploads\/2024\/02\/Design-sem-nome-2.jpg?fit=960%2C693&ssl=1&resize=350%2C200","width":350,"height":200,"srcset":"https:\/\/i0.wp.com\/ismaelcolosi.com.br\/wp-content\/uploads\/2024\/02\/Design-sem-nome-2.jpg?fit=960%2C693&ssl=1&resize=350%2C200 1x, https:\/\/i0.wp.com\/ismaelcolosi.com.br\/wp-content\/uploads\/2024\/02\/Design-sem-nome-2.jpg?fit=960%2C693&ssl=1&resize=525%2C300 1.5x, https:\/\/i0.wp.com\/ismaelcolosi.com.br\/wp-content\/uploads\/2024\/02\/Design-sem-nome-2.jpg?fit=960%2C693&ssl=1&resize=700%2C400 2x"},"classes":[]},{"id":36978,"url":"https:\/\/ismaelcolosi.com.br\/index.php\/2024\/02\/13\/ultimo-dia-de-carnaval-tem-anitta-na-regiao-de-ribeirao-ainda-ha-ingressos\/","url_meta":{"origin":69099,"position":2},"title":"\u00daltimo dia de Carnaval tem Anitta na regi\u00e3o de Ribeir\u00e3o; Ainda h\u00e1 ingressos","author":"ismaelcolosi.com.br","date":"13 de February de 2024","format":false,"excerpt":"A cantora Anitta encerra o Carnaval em Barretos, cidade na regi\u00e3o de Ribeir\u00e3o Preto, nesta ter\u00e7a-feira (13). Os ingressos para o show ainda est\u00e3o dispon\u00edveis e podem ser adquiridos de forma on-line (clique aqui). A apresenta\u00e7\u00e3o faz parte da 4\u00aa edi\u00e7\u00e3o do \u201cBloquim\u201d, bloco universit\u00e1rio que re\u00fane milhares de jovens\u2026","rel":"","context":"In &quot;Not\u00edcias de Ribeir\u00e3o Preto-SP e Regi\u00e3o&quot;","block_context":{"text":"Not\u00edcias de Ribeir\u00e3o Preto-SP e Regi\u00e3o","link":"https:\/\/ismaelcolosi.com.br\/index.php\/category\/noticias-de-ribeirao-preto-sp-e-regiao-ismael-colosi\/"},"img":{"alt_text":"","src":"https:\/\/i0.wp.com\/ismaelcolosi.com.br\/wp-content\/uploads\/2024\/02\/1707842900_WhatsApp-Image-2024-02-07-at-10.55.25.jpeg?fit=1080%2C670&ssl=1&resize=350%2C200","width":350,"height":200,"srcset":"https:\/\/i0.wp.com\/ismaelcolosi.com.br\/wp-content\/uploads\/2024\/02\/1707842900_WhatsApp-Image-2024-02-07-at-10.55.25.jpeg?fit=1080%2C670&ssl=1&resize=350%2C200 1x, https:\/\/i0.wp.com\/ismaelcolosi.com.br\/wp-content\/uploads\/2024\/02\/1707842900_WhatsApp-Image-2024-02-07-at-10.55.25.jpeg?fit=1080%2C670&ssl=1&resize=525%2C300 1.5x, https:\/\/i0.wp.com\/ismaelcolosi.com.br\/wp-content\/uploads\/2024\/02\/1707842900_WhatsApp-Image-2024-02-07-at-10.55.25.jpeg?fit=1080%2C670&ssl=1&resize=700%2C400 2x, https:\/\/i0.wp.com\/ismaelcolosi.com.br\/wp-content\/uploads\/2024\/02\/1707842900_WhatsApp-Image-2024-02-07-at-10.55.25.jpeg?fit=1080%2C670&ssl=1&resize=1050%2C600 3x"},"classes":[]},{"id":35749,"url":"https:\/\/ismaelcolosi.com.br\/index.php\/2024\/02\/07\/anitta-e-atracao-em-bloco-de-carnaval-na-regiao-de-ribeirao-preto\/","url_meta":{"origin":69099,"position":3},"title":"Anitta \u00e9 atra\u00e7\u00e3o em bloco de Carnaval na regi\u00e3o de Ribeir\u00e3o Preto","author":"ismaelcolosi.com.br","date":"7 de February de 2024","format":false,"excerpt":"Anitta \u00e9 atra\u00e7\u00e3o da 4\u00aa edi\u00e7\u00e3o do Bloquim no Parque do Pe\u00e3o em Barretos, regi\u00e3o de Ribeir\u00e3o Preto. O bloco come\u00e7a nesta sexta-feira (9) e segue at\u00e9 ter\u00e7a-feira (13), os hor\u00e1rios variam conforme o dia. Os ingressos custam entre R$ 190 e R$ 900. O Bloquim conta com 46 horas\u2026","rel":"","context":"In &quot;Not\u00edcias de Ribeir\u00e3o Preto-SP e Regi\u00e3o&quot;","block_context":{"text":"Not\u00edcias de Ribeir\u00e3o Preto-SP e Regi\u00e3o","link":"https:\/\/ismaelcolosi.com.br\/index.php\/category\/noticias-de-ribeirao-preto-sp-e-regiao-ismael-colosi\/"},"img":{"alt_text":"","src":"https:\/\/i0.wp.com\/ismaelcolosi.com.br\/wp-content\/uploads\/2024\/02\/WhatsApp-Image-2024-02-07-at-10.55.25.jpeg?fit=1080%2C670&ssl=1&resize=350%2C200","width":350,"height":200,"srcset":"https:\/\/i0.wp.com\/ismaelcolosi.com.br\/wp-content\/uploads\/2024\/02\/WhatsApp-Image-2024-02-07-at-10.55.25.jpeg?fit=1080%2C670&ssl=1&resize=350%2C200 1x, https:\/\/i0.wp.com\/ismaelcolosi.com.br\/wp-content\/uploads\/2024\/02\/WhatsApp-Image-2024-02-07-at-10.55.25.jpeg?fit=1080%2C670&ssl=1&resize=525%2C300 1.5x, https:\/\/i0.wp.com\/ismaelcolosi.com.br\/wp-content\/uploads\/2024\/02\/WhatsApp-Image-2024-02-07-at-10.55.25.jpeg?fit=1080%2C670&ssl=1&resize=700%2C400 2x, https:\/\/i0.wp.com\/ismaelcolosi.com.br\/wp-content\/uploads\/2024\/02\/WhatsApp-Image-2024-02-07-at-10.55.25.jpeg?fit=1080%2C670&ssl=1&resize=1050%2C600 3x"},"classes":[]},{"id":31053,"url":"https:\/\/ismaelcolosi.com.br\/index.php\/2024\/01\/20\/top-10-musicas-pop-nacional-mais-tocadas-em-2024\/","url_meta":{"origin":69099,"position":4},"title":"Top 10 m\u00fasicas Pop Nacional mais tocadas em 2024","author":"ismaelcolosi.com.br","date":"20 de January de 2024","format":false,"excerpt":"Confira quais s\u00e3o as m\u00fasicas Pop Nacional mais tocadas do Brasil. Ou\u00e7a a playlist das melhores m\u00fasicas do pop nacional mais ouvidas no Youtube. S\u00e3o os maiores sucessos do pop brasileiro mais acessadas da internet e consequentemente que os ouvintes mais pedem para tocar nas r\u00e1dios. Portanto, aproveite para ouvir\u2026","rel":"","context":"In &quot;Blog&quot;","block_context":{"text":"Blog","link":"https:\/\/ismaelcolosi.com.br\/index.php\/category\/blog\/"},"img":{"alt_text":"","src":"https:\/\/i0.wp.com\/ismaelcolosi.com.br\/wp-content\/uploads\/2024\/01\/Musicas-Pop-Nacional-mais-tocadas.jpg?fit=1200%2C799&ssl=1&resize=350%2C200","width":350,"height":200,"srcset":"https:\/\/i0.wp.com\/ismaelcolosi.com.br\/wp-content\/uploads\/2024\/01\/Musicas-Pop-Nacional-mais-tocadas.jpg?fit=1200%2C799&ssl=1&resize=350%2C200 1x, https:\/\/i0.wp.com\/ismaelcolosi.com.br\/wp-content\/uploads\/2024\/01\/Musicas-Pop-Nacional-mais-tocadas.jpg?fit=1200%2C799&ssl=1&resize=525%2C300 1.5x, https:\/\/i0.wp.com\/ismaelcolosi.com.br\/wp-content\/uploads\/2024\/01\/Musicas-Pop-Nacional-mais-tocadas.jpg?fit=1200%2C799&ssl=1&resize=700%2C400 2x, https:\/\/i0.wp.com\/ismaelcolosi.com.br\/wp-content\/uploads\/2024\/01\/Musicas-Pop-Nacional-mais-tocadas.jpg?fit=1200%2C799&ssl=1&resize=1050%2C600 3x"},"classes":[]},{"id":49966,"url":"https:\/\/ismaelcolosi.com.br\/index.php\/2024\/05\/14\/reportagem-especial-anitta-e-a-fe-no-candomble-uma-jornada-de-coragem-e-autenticidade\/","url_meta":{"origin":69099,"position":5},"title":"Reportagem Especial: Anitta e a F\u00e9 no Candombl\u00e9 &#8211; Uma Jornada de Coragem e Autenticidade","author":"ismaelcolosi.com.br","date":"14 de May de 2024","format":false,"excerpt":"Reportagem Especial: Anitta e a F\u00e9 no Candombl\u00e9 \u2013 Uma Jornada de Coragem e AutenticidadeEm um mundo onde as redes sociais s\u00e3o um reflexo do sucesso e popularidade, a cantora Anitta tomou uma posi\u00e7\u00e3o corajosa que resultou em uma perda significativa de seguidores. Recentemente, Anitta compartilhou imagens de seu novo\u2026","rel":"","context":"In &quot;Not\u00edcias de Ribeir\u00e3o Preto-SP e Regi\u00e3o&quot;","block_context":{"text":"Not\u00edcias de Ribeir\u00e3o Preto-SP e Regi\u00e3o","link":"https:\/\/ismaelcolosi.com.br\/index.php\/category\/noticias-de-ribeirao-preto-sp-e-regiao-ismael-colosi\/"},"img":{"alt_text":"","src":"https:\/\/i0.wp.com\/ismaelcolosi.com.br\/wp-content\/uploads\/2024\/05\/GNdyS54W4AArMkX.jpeg?fit=1157%2C735&ssl=1&resize=350%2C200","width":350,"height":200,"srcset":"https:\/\/i0.wp.com\/ismaelcolosi.com.br\/wp-content\/uploads\/2024\/05\/GNdyS54W4AArMkX.jpeg?fit=1157%2C735&ssl=1&resize=350%2C200 1x, https:\/\/i0.wp.com\/ismaelcolosi.com.br\/wp-content\/uploads\/2024\/05\/GNdyS54W4AArMkX.jpeg?fit=1157%2C735&ssl=1&resize=525%2C300 1.5x, https:\/\/i0.wp.com\/ismaelcolosi.com.br\/wp-content\/uploads\/2024\/05\/GNdyS54W4AArMkX.jpeg?fit=1157%2C735&ssl=1&resize=700%2C400 2x, https:\/\/i0.wp.com\/ismaelcolosi.com.br\/wp-content\/uploads\/2024\/05\/GNdyS54W4AArMkX.jpeg?fit=1157%2C735&ssl=1&resize=1050%2C600 3x"},"classes":[]}],"jetpack_sharing_enabled":true,"jetpack_shortlink":"https:\/\/wp.me\/pfMlyK-hYv","_links":{"self":[{"href":"https:\/\/ismaelcolosi.com.br\/index.php\/wp-json\/wp\/v2\/posts\/69099","targetHints":{"allow":["GET"]}}],"collection":[{"href":"https:\/\/ismaelcolosi.com.br\/index.php\/wp-json\/wp\/v2\/posts"}],"about":[{"href":"https:\/\/ismaelcolosi.com.br\/index.php\/wp-json\/wp\/v2\/types\/post"}],"author":[{"embeddable":true,"href":"https:\/\/ismaelcolosi.com.br\/index.php\/wp-json\/wp\/v2\/users\/1"}],"replies":[{"embeddable":true,"href":"https:\/\/ismaelcolosi.com.br\/index.php\/wp-json\/wp\/v2\/comments?post=69099"}],"version-history":[{"count":0,"href":"https:\/\/ismaelcolosi.com.br\/index.php\/wp-json\/wp\/v2\/posts\/69099\/revisions"}],"wp:featuredmedia":[{"embeddable":true,"href":"https:\/\/ismaelcolosi.com.br\/index.php\/wp-json\/wp\/v2\/media\/69100"}],"wp:attachment":[{"href":"https:\/\/ismaelcolosi.com.br\/index.php\/wp-json\/wp\/v2\/media?parent=69099"}],"wp:term":[{"taxonomy":"category","embeddable":true,"href":"https:\/\/ismaelcolosi.com.br\/index.php\/wp-json\/wp\/v2\/categories?post=69099"},{"taxonomy":"post_tag","embeddable":true,"href":"https:\/\/ismaelcolosi.com.br\/index.php\/wp-json\/wp\/v2\/tags?post=69099"}],"curies":[{"name":"wp","href":"https:\/\/api.w.org\/{rel}","templated":true}]}}