{"id":69089,"date":"2024-10-03T12:45:31","date_gmt":"2024-10-03T15:45:31","guid":{"rendered":"https:\/\/ismaelcolosi.com.br\/index.php\/2024\/10\/03\/incendio-atinge-fabrica-ao-lado-de-igreja-na-regiao-de-ribeirao-preto-video\/"},"modified":"2024-10-03T12:45:31","modified_gmt":"2024-10-03T15:45:31","slug":"incendio-atinge-fabrica-ao-lado-de-igreja-na-regiao-de-ribeirao-preto-video","status":"publish","type":"post","link":"https:\/\/ismaelcolosi.com.br\/index.php\/2024\/10\/03\/incendio-atinge-fabrica-ao-lado-de-igreja-na-regiao-de-ribeirao-preto-video\/","title":{"rendered":"Inc\u00eandio atinge f\u00e1brica ao lado de igreja na regi\u00e3o de Ribeir\u00e3o Preto; V\u00eddeo"},"content":{"rendered":"<p> <br \/>\n<\/p>\n<div data-td-block-uid=\"tdi_106\">\n<div class=\"tdb-block-inner td-fix-index\">\n<p><strong>Um inc\u00eandio atingiu uma f\u00e1brica de juntas de borracha na manh\u00e3 desta quinta-feira (3), ao lado de uma igreja evang\u00e9lica na avenida Osvaldo Pontes, em Sert\u00e3ozinho, na regi\u00e3o de Ribeir\u00e3o Preto.<\/strong> <strong>Assista <\/strong>ao <strong>v\u00eddeo <\/strong>abaixo.<\/p>\n<p><mark style=\"background-color:#fcb900\" class=\"has-inline-color has-black-color\">A prefeitura informou que n\u00e3o houve registro de feridos.<\/mark><\/p>\n<p>Ainda segundo as informa\u00e7\u00f5es, <mark style=\"background-color:#fcb900\" class=\"has-inline-color has-black-color\">as chamas se iniciaram por volta das 6h e o pr\u00e9dio foi completamente queimado. Uma parede que restou ter\u00e1 de ser demolida pelo propriet\u00e1rio.<\/mark> A estrutura a igreja, aparentemente, n\u00e3o teria sido afetada.<\/p>\n<p>O local dever\u00e1 passar por <strong>per\u00edcia <\/strong>da <strong>Pol\u00edcia Cient\u00edfica<\/strong> para <strong>averigua\u00e7\u00e3o <\/strong>da <strong>causa <\/strong>do <strong>inc\u00eandio<\/strong>.<\/p>\n<p>A <strong>ocorr\u00eancia <\/strong>mobilizou equipes do <strong>Corpo de Bombeiros, Defesa Civil, GCM (Guarda Civil Municipal), e pol\u00edcias Civil e Militar, al\u00e9m da Secretaria Municipal de Obras, Conserva\u00e7\u00e3o e Servi\u00e7os P\u00fablicos<\/strong>. <\/p>\n<blockquote class=\"instagram-media\" data-instgrm-permalink=\"https:\/\/www.instagram.com\/reel\/DAqmc8sthSr\/?utm_source=ig_embed&amp;utm_campaign=loading\" data-instgrm-version=\"14\" style=\" background:#FFF; border:0; border-radius:3px; box-shadow:0 0 1px 0 rgba(0,0,0,0.5),0 1px 10px 0 rgba(0,0,0,0.15); margin: 1px; max-width:540px; min-width:326px; padding:0; width:99.375%; width:-webkit-calc(100% - 2px); width:calc(100% - 2px);\"\/>\n<p>SAIBA MAIS<\/p>\n<p>M\u00e3e denuncia o pr\u00f3prio filho por furto de celular em Ribeir\u00e3o Preto<\/p>\n<h4 class=\"wp-block-heading\"><strong>FIQUE ON<\/strong><\/h4>\n<p>Fique ligado em tudo que acontece em Ribeir\u00e3o Preto e regi\u00e3o. Siga os perfis do\u00a0<strong>acidade on\u00a0<\/strong>no\u00a0<a href=\"https:\/\/www.instagram.com\/acidadeonribeirao\" target=\"_blank\" rel=\"noreferrer noopener\">Instagram<\/a>\u00a0e no\u00a0<a href=\"https:\/\/www.facebook.com\/acidadeonribeirao\" target=\"_blank\" rel=\"noreferrer noopener\">Facebook<\/a>.<\/p>\n<p>Receba not\u00edcias do acidade on no WhatsApp. Para entrar no grupo, basta\u00a0<a href=\"https:\/\/chat.whatsapp.com\/Dtv9mxhy6V5BJBotM2OQ5k\" target=\"_blank\" rel=\"noreferrer noopener\">clicar aqui<\/a>.<\/p>\n<p>Fa\u00e7a uma den\u00fancia ou sugira uma reportagem sobre Ribeir\u00e3o Preto e regi\u00e3o pelo WhatsApp: 16 99117 7802.<\/p>\n<p>VEJA TAMB\u00c9M<\/p>\n<p>Qual diferen\u00e7a entre voto nulo e branco?<\/p>\n<p><!-- CONTENT END 1 -->\n<\/div>\n<\/div>\n<p><script async src=\"\/\/www.instagram.com\/embed.js\"><\/script><br \/>\n<br \/><br \/>\n<br \/><a href=\"https:\/\/www.acidadeon.com\/ribeiraopreto\/cotidiano\/incendio-atinge-fabrica-ao-lado-de-igreja-na-regiao-de-ribeirao-preto-video\/\">Source link <\/a><\/p>\n","protected":false},"excerpt":{"rendered":"<p>Um inc\u00eandio atingiu uma f\u00e1brica de juntas de borracha na manh\u00e3 desta quinta-feira (3), ao lado de uma igreja evang\u00e9lica na avenida Osvaldo Pontes, em&#8230;<\/p>\n","protected":false},"author":1,"featured_media":69090,"comment_status":"open","ping_status":"open","sticky":false,"template":"","format":"standard","meta":{"_uag_custom_page_level_css":"","advanced_seo_description":"","jetpack_seo_html_title":"","jetpack_seo_noindex":false,"jetpack_post_was_ever_published":false,"_jetpack_newsletter_access":"","_jetpack_dont_email_post_to_subs":false,"_jetpack_newsletter_tier_id":0,"_jetpack_memberships_contains_paywalled_content":false,"_jetpack_memberships_contains_paid_content":false,"footnotes":"","jetpack_publicize_message":"","jetpack_publicize_feature_enabled":true,"jetpack_social_post_already_shared":true,"jetpack_social_options":{"image_generator_settings":{"template":"highway","default_image_id":0,"font":"","enabled":false},"version":2}},"categories":[11],"tags":[],"class_list":["post-69089","post","type-post","status-publish","format-standard","has-post-thumbnail","hentry","category-noticias-de-ribeirao-preto-sp-e-regiao-ismael-colosi"],"jetpack_publicize_connections":[],"jetpack_featured_media_url":"https:\/\/i0.wp.com\/ismaelcolosi.com.br\/wp-content\/uploads\/2024\/10\/WhatsApp-Image-2024-10-03-at-11.51.12_2024-10-03_14-53-32_jpeg_2024-10-03_14-53-32.webp.webp?fit=1599%2C1424&ssl=1","uagb_featured_image_src":{"full":["https:\/\/i0.wp.com\/ismaelcolosi.com.br\/wp-content\/uploads\/2024\/10\/WhatsApp-Image-2024-10-03-at-11.51.12_2024-10-03_14-53-32_jpeg_2024-10-03_14-53-32.webp.webp?fit=1599%2C1424&ssl=1",1599,1424,false],"thumbnail":["https:\/\/i0.wp.com\/ismaelcolosi.com.br\/wp-content\/uploads\/2024\/10\/WhatsApp-Image-2024-10-03-at-11.51.12_2024-10-03_14-53-32_jpeg_2024-10-03_14-53-32.webp.webp?resize=150%2C150&ssl=1",150,150,true],"medium":["https:\/\/i0.wp.com\/ismaelcolosi.com.br\/wp-content\/uploads\/2024\/10\/WhatsApp-Image-2024-10-03-at-11.51.12_2024-10-03_14-53-32_jpeg_2024-10-03_14-53-32.webp.webp?fit=300%2C267&ssl=1",300,267,true],"medium_large":["https:\/\/i0.wp.com\/ismaelcolosi.com.br\/wp-content\/uploads\/2024\/10\/WhatsApp-Image-2024-10-03-at-11.51.12_2024-10-03_14-53-32_jpeg_2024-10-03_14-53-32.webp.webp?fit=768%2C684&ssl=1",768,684,true],"large":["https:\/\/i0.wp.com\/ismaelcolosi.com.br\/wp-content\/uploads\/2024\/10\/WhatsApp-Image-2024-10-03-at-11.51.12_2024-10-03_14-53-32_jpeg_2024-10-03_14-53-32.webp.webp?fit=1024%2C912&ssl=1",1024,912,true],"1536x1536":["https:\/\/i0.wp.com\/ismaelcolosi.com.br\/wp-content\/uploads\/2024\/10\/WhatsApp-Image-2024-10-03-at-11.51.12_2024-10-03_14-53-32_jpeg_2024-10-03_14-53-32.webp.webp?fit=1536%2C1368&ssl=1",1536,1368,true],"2048x2048":["https:\/\/i0.wp.com\/ismaelcolosi.com.br\/wp-content\/uploads\/2024\/10\/WhatsApp-Image-2024-10-03-at-11.51.12_2024-10-03_14-53-32_jpeg_2024-10-03_14-53-32.webp.webp?fit=1599%2C1424&ssl=1",1599,1424,true],"really-simple-thumb":["https:\/\/i0.wp.com\/ismaelcolosi.com.br\/wp-content\/uploads\/2024\/10\/WhatsApp-Image-2024-10-03-at-11.51.12_2024-10-03_14-53-32_jpeg_2024-10-03_14-53-32.webp.webp?resize=370%2C247&ssl=1",370,247,true]},"uagb_author_info":{"display_name":"ismaelcolosi.com.br","author_link":"https:\/\/ismaelcolosi.com.br\/index.php\/author\/vidareal-online\/"},"uagb_comment_info":0,"uagb_excerpt":"Um inc\u00eandio atingiu uma f\u00e1brica de juntas de borracha na manh\u00e3 desta quinta-feira (3), ao lado de uma igreja evang\u00e9lica na avenida Osvaldo Pontes, em...","jetpack-related-posts":[{"id":65661,"url":"https:\/\/ismaelcolosi.com.br\/index.php\/2024\/09\/13\/incendio-atinge-area-ao-lado-do-anel-viario-norte-de-ribeirao-video\/","url_meta":{"origin":69089,"position":0},"title":"Inc\u00eandio atinge \u00e1rea ao lado do Anel Vi\u00e1rio Norte de Ribeir\u00e3o; V\u00eddeo","author":"ismaelcolosi.com.br","date":"13 de September de 2024","format":false,"excerpt":"Um inc\u00eandio atinge uma \u00e1rea \u00e0s margens do Anel Vi\u00e1rio Norte (rodovia Alexandre Balbo, SP-328) na manh\u00e3 desta sexta (13), em Ribeir\u00e3o Preto. O fogo ocorre ao lado de uma estrada de terra, que liga ao Jardim Cristo Redentor, pr\u00f3ximo da antiga Usina Galo Bravo. Um caminh\u00e3o-pipa atua no combate\u2026","rel":"","context":"In &quot;Not\u00edcias de Ribeir\u00e3o Preto-SP e Regi\u00e3o&quot;","block_context":{"text":"Not\u00edcias de Ribeir\u00e3o Preto-SP e Regi\u00e3o","link":"https:\/\/ismaelcolosi.com.br\/index.php\/category\/noticias-de-ribeirao-preto-sp-e-regiao-ismael-colosi\/"},"img":{"alt_text":"","src":"https:\/\/i0.wp.com\/ismaelcolosi.com.br\/wp-content\/uploads\/2024\/09\/QUEIMADA_2024-09-13_12-03-54_jpg_2024-09-13_12-03-54.webp.webp?fit=1200%2C844&ssl=1&resize=350%2C200","width":350,"height":200,"srcset":"https:\/\/i0.wp.com\/ismaelcolosi.com.br\/wp-content\/uploads\/2024\/09\/QUEIMADA_2024-09-13_12-03-54_jpg_2024-09-13_12-03-54.webp.webp?fit=1200%2C844&ssl=1&resize=350%2C200 1x, https:\/\/i0.wp.com\/ismaelcolosi.com.br\/wp-content\/uploads\/2024\/09\/QUEIMADA_2024-09-13_12-03-54_jpg_2024-09-13_12-03-54.webp.webp?fit=1200%2C844&ssl=1&resize=525%2C300 1.5x, https:\/\/i0.wp.com\/ismaelcolosi.com.br\/wp-content\/uploads\/2024\/09\/QUEIMADA_2024-09-13_12-03-54_jpg_2024-09-13_12-03-54.webp.webp?fit=1200%2C844&ssl=1&resize=700%2C400 2x, https:\/\/i0.wp.com\/ismaelcolosi.com.br\/wp-content\/uploads\/2024\/09\/QUEIMADA_2024-09-13_12-03-54_jpg_2024-09-13_12-03-54.webp.webp?fit=1200%2C844&ssl=1&resize=1050%2C600 3x"},"classes":[]},{"id":48620,"url":"https:\/\/ismaelcolosi.com.br\/index.php\/2024\/05\/04\/incendio-atinge-area-com-vegetacao-ao-lado-de-casas-na-regiao-de-ribeirao-veja-video\/","url_meta":{"origin":69089,"position":1},"title":"Inc\u00eandio atinge \u00e1rea com vegeta\u00e7\u00e3o ao lado de casas na regi\u00e3o de Ribeir\u00e3o; Veja v\u00eddeo","author":"ismaelcolosi.com.br","date":"4 de May de 2024","format":false,"excerpt":"Um inc\u00eandio atinge uma \u00e1rea com vegeta\u00e7\u00e3o pr\u00f3xima de casas neste s\u00e1bado (4), no bairro City Petr\u00f3polis, em Franca, cidade a aproximadamente 80 quil\u00f4metros de Ribeir\u00e3o Preto. Assista ao v\u00eddeo abaixo. O Corpo de Bombeiros informou que faz o combate ao fogo no in\u00edcio desta tarde e que n\u00e3o h\u00e1\u2026","rel":"","context":"In &quot;Not\u00edcias de Ribeir\u00e3o Preto-SP e Regi\u00e3o&quot;","block_context":{"text":"Not\u00edcias de Ribeir\u00e3o Preto-SP e Regi\u00e3o","link":"https:\/\/ismaelcolosi.com.br\/index.php\/category\/noticias-de-ribeirao-preto-sp-e-regiao-ismael-colosi\/"},"img":{"alt_text":"","src":"https:\/\/i0.wp.com\/ismaelcolosi.com.br\/wp-content\/uploads\/2024\/05\/WhatsApp-Image-2024-05-04-at-13.29.30_2024-05-04_16-31-00_jpeg_2024-05-04_16-31-00.webp.webp?fit=1200%2C675&ssl=1&resize=350%2C200","width":350,"height":200,"srcset":"https:\/\/i0.wp.com\/ismaelcolosi.com.br\/wp-content\/uploads\/2024\/05\/WhatsApp-Image-2024-05-04-at-13.29.30_2024-05-04_16-31-00_jpeg_2024-05-04_16-31-00.webp.webp?fit=1200%2C675&ssl=1&resize=350%2C200 1x, https:\/\/i0.wp.com\/ismaelcolosi.com.br\/wp-content\/uploads\/2024\/05\/WhatsApp-Image-2024-05-04-at-13.29.30_2024-05-04_16-31-00_jpeg_2024-05-04_16-31-00.webp.webp?fit=1200%2C675&ssl=1&resize=525%2C300 1.5x, https:\/\/i0.wp.com\/ismaelcolosi.com.br\/wp-content\/uploads\/2024\/05\/WhatsApp-Image-2024-05-04-at-13.29.30_2024-05-04_16-31-00_jpeg_2024-05-04_16-31-00.webp.webp?fit=1200%2C675&ssl=1&resize=700%2C400 2x, https:\/\/i0.wp.com\/ismaelcolosi.com.br\/wp-content\/uploads\/2024\/05\/WhatsApp-Image-2024-05-04-at-13.29.30_2024-05-04_16-31-00_jpeg_2024-05-04_16-31-00.webp.webp?fit=1200%2C675&ssl=1&resize=1050%2C600 3x"},"classes":[]},{"id":63346,"url":"https:\/\/ismaelcolosi.com.br\/index.php\/2024\/09\/01\/incendio-atinge-mata-ao-lado-da-anhanguera-na-regiao-de-ribeirao-preto\/","url_meta":{"origin":69089,"position":2},"title":"Inc\u00eandio atinge mata ao lado da Anhanguera na regi\u00e3o de Ribeir\u00e3o Preto","author":"ismaelcolosi.com.br","date":"1 de September de 2024","format":false,"excerpt":"Um inc\u00eandio atinge uma \u00e1rea de mata na tarde deste domingo (1\u00ba), em um morro ao lado da rodovia Anhanguera (SP-330), na altura do km 270, pr\u00f3ximo ao trevo de acesso aos munic\u00edpios de Luiz Ant\u00f4nio e S\u00e3o Sim\u00e3o, na regi\u00e3o de Ribeir\u00e3o Preto. Segundo as primeiras informa\u00e7\u00f5es de usu\u00e1rios\u2026","rel":"","context":"In &quot;Not\u00edcias de Ribeir\u00e3o Preto-SP e Regi\u00e3o&quot;","block_context":{"text":"Not\u00edcias de Ribeir\u00e3o Preto-SP e Regi\u00e3o","link":"https:\/\/ismaelcolosi.com.br\/index.php\/category\/noticias-de-ribeirao-preto-sp-e-regiao-ismael-colosi\/"},"img":{"alt_text":"","src":"https:\/\/i0.wp.com\/ismaelcolosi.com.br\/wp-content\/uploads\/2024\/09\/INCENDIO_2024-09-01_19-56-11_jpg_2024-09-01_19-56-12.webp.webp?fit=1200%2C680&ssl=1&resize=350%2C200","width":350,"height":200,"srcset":"https:\/\/i0.wp.com\/ismaelcolosi.com.br\/wp-content\/uploads\/2024\/09\/INCENDIO_2024-09-01_19-56-11_jpg_2024-09-01_19-56-12.webp.webp?fit=1200%2C680&ssl=1&resize=350%2C200 1x, https:\/\/i0.wp.com\/ismaelcolosi.com.br\/wp-content\/uploads\/2024\/09\/INCENDIO_2024-09-01_19-56-11_jpg_2024-09-01_19-56-12.webp.webp?fit=1200%2C680&ssl=1&resize=525%2C300 1.5x, https:\/\/i0.wp.com\/ismaelcolosi.com.br\/wp-content\/uploads\/2024\/09\/INCENDIO_2024-09-01_19-56-11_jpg_2024-09-01_19-56-12.webp.webp?fit=1200%2C680&ssl=1&resize=700%2C400 2x, https:\/\/i0.wp.com\/ismaelcolosi.com.br\/wp-content\/uploads\/2024\/09\/INCENDIO_2024-09-01_19-56-11_jpg_2024-09-01_19-56-12.webp.webp?fit=1200%2C680&ssl=1&resize=1050%2C600 3x"},"classes":[]},{"id":67934,"url":"https:\/\/ismaelcolosi.com.br\/index.php\/2024\/09\/26\/incendio-atinge-area-ao-lado-de-casas-e-escola-na-regiao-de-ribeirao-video\/","url_meta":{"origin":69089,"position":3},"title":"Inc\u00eandio atinge \u00e1rea ao lado de casas e escola na regi\u00e3o de Ribeir\u00e3o; V\u00eddeo","author":"ismaelcolosi.com.br","date":"26 de September de 2024","format":false,"excerpt":"Um inc\u00eandio na noite desta quarta-feira (25) atingiu uma \u00e1rea perto de resid\u00eancias e da Escola Modelo, no Jardim Alvorada, em Jardin\u00f3polis, na regi\u00e3o de Ribeir\u00e3o Preto. Assista ao v\u00eddeo abaixo. O Corpo de Bombeiros foi chamado e os moradores ajudaram no combate ao fogo. Apesar das chamas intensas, n\u00e3o\u2026","rel":"","context":"In &quot;Not\u00edcias de Ribeir\u00e3o Preto-SP e Regi\u00e3o&quot;","block_context":{"text":"Not\u00edcias de Ribeir\u00e3o Preto-SP e Regi\u00e3o","link":"https:\/\/ismaelcolosi.com.br\/index.php\/category\/noticias-de-ribeirao-preto-sp-e-regiao-ismael-colosi\/"},"img":{"alt_text":"","src":"https:\/\/i0.wp.com\/ismaelcolosi.com.br\/wp-content\/uploads\/2024\/09\/WhatsApp-Image-2024-09-26-at-09.38.12_2024-09-26_12-39-14_jpeg_2024-09-26_12-39-14.webp.webp?fit=1175%2C629&ssl=1&resize=350%2C200","width":350,"height":200,"srcset":"https:\/\/i0.wp.com\/ismaelcolosi.com.br\/wp-content\/uploads\/2024\/09\/WhatsApp-Image-2024-09-26-at-09.38.12_2024-09-26_12-39-14_jpeg_2024-09-26_12-39-14.webp.webp?fit=1175%2C629&ssl=1&resize=350%2C200 1x, https:\/\/i0.wp.com\/ismaelcolosi.com.br\/wp-content\/uploads\/2024\/09\/WhatsApp-Image-2024-09-26-at-09.38.12_2024-09-26_12-39-14_jpeg_2024-09-26_12-39-14.webp.webp?fit=1175%2C629&ssl=1&resize=525%2C300 1.5x, https:\/\/i0.wp.com\/ismaelcolosi.com.br\/wp-content\/uploads\/2024\/09\/WhatsApp-Image-2024-09-26-at-09.38.12_2024-09-26_12-39-14_jpeg_2024-09-26_12-39-14.webp.webp?fit=1175%2C629&ssl=1&resize=700%2C400 2x, https:\/\/i0.wp.com\/ismaelcolosi.com.br\/wp-content\/uploads\/2024\/09\/WhatsApp-Image-2024-09-26-at-09.38.12_2024-09-26_12-39-14_jpeg_2024-09-26_12-39-14.webp.webp?fit=1175%2C629&ssl=1&resize=1050%2C600 3x"},"classes":[]},{"id":53675,"url":"https:\/\/ismaelcolosi.com.br\/index.php\/2024\/06\/18\/fabrica-de-alimentos-pega-fogo-na-regiao-de-ribeirao-preto-veja-o-video\/","url_meta":{"origin":69089,"position":4},"title":"F\u00e1brica de alimentos pega fogo na regi\u00e3o de Ribeir\u00e3o Preto; Veja o v\u00eddeo","author":"ismaelcolosi.com.br","date":"18 de June de 2024","format":false,"excerpt":"Uma f\u00e1brica da Fugini pegou fogo, na tarde desta ter\u00e7a-feira (18), em Monte Alto, cidade na regi\u00e3o de Ribeir\u00e3o Preto. O local fica na avenida Fugita, no Jardim Novo Para\u00edso. De acordo com as informa\u00e7\u00f5es do Corpo de Bombeiros do munic\u00edpio, o fogo come\u00e7ou na parte interna da f\u00e1brica de\u2026","rel":"","context":"In &quot;Not\u00edcias de Ribeir\u00e3o Preto-SP e Regi\u00e3o&quot;","block_context":{"text":"Not\u00edcias de Ribeir\u00e3o Preto-SP e Regi\u00e3o","link":"https:\/\/ismaelcolosi.com.br\/index.php\/category\/noticias-de-ribeirao-preto-sp-e-regiao-ismael-colosi\/"},"img":{"alt_text":"","src":"https:\/\/i0.wp.com\/ismaelcolosi.com.br\/wp-content\/uploads\/2024\/06\/Copia-de-Copia-de-TAMANHO-EXATO-PARA-FOTOS-NO-SISTEMA-NOVO-82_2024-06-18_19-01-15_png_2024-06-18_19-01-15.webp.webp?fit=1200%2C675&ssl=1&resize=350%2C200","width":350,"height":200,"srcset":"https:\/\/i0.wp.com\/ismaelcolosi.com.br\/wp-content\/uploads\/2024\/06\/Copia-de-Copia-de-TAMANHO-EXATO-PARA-FOTOS-NO-SISTEMA-NOVO-82_2024-06-18_19-01-15_png_2024-06-18_19-01-15.webp.webp?fit=1200%2C675&ssl=1&resize=350%2C200 1x, https:\/\/i0.wp.com\/ismaelcolosi.com.br\/wp-content\/uploads\/2024\/06\/Copia-de-Copia-de-TAMANHO-EXATO-PARA-FOTOS-NO-SISTEMA-NOVO-82_2024-06-18_19-01-15_png_2024-06-18_19-01-15.webp.webp?fit=1200%2C675&ssl=1&resize=525%2C300 1.5x, https:\/\/i0.wp.com\/ismaelcolosi.com.br\/wp-content\/uploads\/2024\/06\/Copia-de-Copia-de-TAMANHO-EXATO-PARA-FOTOS-NO-SISTEMA-NOVO-82_2024-06-18_19-01-15_png_2024-06-18_19-01-15.webp.webp?fit=1200%2C675&ssl=1&resize=700%2C400 2x, https:\/\/i0.wp.com\/ismaelcolosi.com.br\/wp-content\/uploads\/2024\/06\/Copia-de-Copia-de-TAMANHO-EXATO-PARA-FOTOS-NO-SISTEMA-NOVO-82_2024-06-18_19-01-15_png_2024-06-18_19-01-15.webp.webp?fit=1200%2C675&ssl=1&resize=1050%2C600 3x"},"classes":[]},{"id":63350,"url":"https:\/\/ismaelcolosi.com.br\/index.php\/2024\/09\/01\/rodovia-da-regiao-de-ribeirao-e-interditada-por-causa-de-incendio-2\/","url_meta":{"origin":69089,"position":5},"title":"Rodovia da regi\u00e3o de Ribeir\u00e3o \u00e9 interditada por causa de inc\u00eandio","author":"ismaelcolosi.com.br","date":"1 de September de 2024","format":false,"excerpt":"Um inc\u00eandio interditou neste domingo (1\u00ba) os dois sentidos da rodovia Brigadeiro Faria Lima (SP-326), entre Bebedouro e Terra Roxa, na regi\u00e3o de Ribeir\u00e3o Preto. Segundo a Defesa Civil de S\u00e3o Paulo, o fogo foi controlado nesta tarde, mas as equipes seguem no local para monitoramento. N\u00e3o h\u00e1, por\u00e9m, informa\u00e7\u00f5es\u2026","rel":"","context":"In &quot;Not\u00edcias de Ribeir\u00e3o Preto-SP e Regi\u00e3o&quot;","block_context":{"text":"Not\u00edcias de Ribeir\u00e3o Preto-SP e Regi\u00e3o","link":"https:\/\/ismaelcolosi.com.br\/index.php\/category\/noticias-de-ribeirao-preto-sp-e-regiao-ismael-colosi\/"},"img":{"alt_text":"","src":"https:\/\/i0.wp.com\/ismaelcolosi.com.br\/wp-content\/uploads\/2024\/09\/WhatsApp-Image-2024-09-01-at-18.02.50_2024-09-01_21-06-02_jpeg_2024-09-01_21-06-02.webp.webp?fit=1200%2C857&ssl=1&resize=350%2C200","width":350,"height":200,"srcset":"https:\/\/i0.wp.com\/ismaelcolosi.com.br\/wp-content\/uploads\/2024\/09\/WhatsApp-Image-2024-09-01-at-18.02.50_2024-09-01_21-06-02_jpeg_2024-09-01_21-06-02.webp.webp?fit=1200%2C857&ssl=1&resize=350%2C200 1x, https:\/\/i0.wp.com\/ismaelcolosi.com.br\/wp-content\/uploads\/2024\/09\/WhatsApp-Image-2024-09-01-at-18.02.50_2024-09-01_21-06-02_jpeg_2024-09-01_21-06-02.webp.webp?fit=1200%2C857&ssl=1&resize=525%2C300 1.5x, https:\/\/i0.wp.com\/ismaelcolosi.com.br\/wp-content\/uploads\/2024\/09\/WhatsApp-Image-2024-09-01-at-18.02.50_2024-09-01_21-06-02_jpeg_2024-09-01_21-06-02.webp.webp?fit=1200%2C857&ssl=1&resize=700%2C400 2x, https:\/\/i0.wp.com\/ismaelcolosi.com.br\/wp-content\/uploads\/2024\/09\/WhatsApp-Image-2024-09-01-at-18.02.50_2024-09-01_21-06-02_jpeg_2024-09-01_21-06-02.webp.webp?fit=1200%2C857&ssl=1&resize=1050%2C600 3x"},"classes":[]}],"jetpack_sharing_enabled":true,"jetpack_shortlink":"https:\/\/wp.me\/pfMlyK-hYl","_links":{"self":[{"href":"https:\/\/ismaelcolosi.com.br\/index.php\/wp-json\/wp\/v2\/posts\/69089","targetHints":{"allow":["GET"]}}],"collection":[{"href":"https:\/\/ismaelcolosi.com.br\/index.php\/wp-json\/wp\/v2\/posts"}],"about":[{"href":"https:\/\/ismaelcolosi.com.br\/index.php\/wp-json\/wp\/v2\/types\/post"}],"author":[{"embeddable":true,"href":"https:\/\/ismaelcolosi.com.br\/index.php\/wp-json\/wp\/v2\/users\/1"}],"replies":[{"embeddable":true,"href":"https:\/\/ismaelcolosi.com.br\/index.php\/wp-json\/wp\/v2\/comments?post=69089"}],"version-history":[{"count":0,"href":"https:\/\/ismaelcolosi.com.br\/index.php\/wp-json\/wp\/v2\/posts\/69089\/revisions"}],"wp:featuredmedia":[{"embeddable":true,"href":"https:\/\/ismaelcolosi.com.br\/index.php\/wp-json\/wp\/v2\/media\/69090"}],"wp:attachment":[{"href":"https:\/\/ismaelcolosi.com.br\/index.php\/wp-json\/wp\/v2\/media?parent=69089"}],"wp:term":[{"taxonomy":"category","embeddable":true,"href":"https:\/\/ismaelcolosi.com.br\/index.php\/wp-json\/wp\/v2\/categories?post=69089"},{"taxonomy":"post_tag","embeddable":true,"href":"https:\/\/ismaelcolosi.com.br\/index.php\/wp-json\/wp\/v2\/tags?post=69089"}],"curies":[{"name":"wp","href":"https:\/\/api.w.org\/{rel}","templated":true}]}}