{"id":69084,"date":"2024-10-03T12:34:17","date_gmt":"2024-10-03T15:34:17","guid":{"rendered":"https:\/\/ismaelcolosi.com.br\/index.php\/2024\/10\/03\/entenda-como-funciona-a-licenca-por-infelicidade\/"},"modified":"2024-10-03T12:34:17","modified_gmt":"2024-10-03T15:34:17","slug":"entenda-como-funciona-a-licenca-por-infelicidade","status":"publish","type":"post","link":"https:\/\/ismaelcolosi.com.br\/index.php\/2024\/10\/03\/entenda-como-funciona-a-licenca-por-infelicidade\/","title":{"rendered":"Entenda Como Funciona a \u201cLicen\u00e7a por Infelicidade\u201d"},"content":{"rendered":"<p> <br \/>\n<\/p>\n<div>\n<p>\u00a0<\/p>\n<div class=\"accessibility\">\n<p>Acessibilidade<\/p>\n<p>\n<button onclick=\"alterFont1()\" id=\"btn1\" class=\"btn\">L<\/button><br \/>\n<button onclick=\"alterFont2()\" id=\"btn2\" class=\"btn\" style=\"font-family: Merriweather\">L<\/button><br \/>\n<button onclick=\"alterFontSmallerSize()\" id=\"btn3\" class=\"btn\">A-<\/button><br \/>\n<button onclick=\"alterFontBiggerSize()\" id=\"btn4\" class=\"btn\">A+<\/button><\/p>\n<p><button onclick=\"alterBackground()\" id=\"btn6\" class=\"btn\">\u25d0<\/button><\/p>\n<\/div>\n<p>\u00a0<\/p>\n<p>Se voc\u00ea est\u00e1 ou j\u00e1 se sentiu sobrecarregado no trabalho, a \u201clicen\u00e7a por infelicidade\u201c, criada por um empres\u00e1rio chin\u00eas, poderia oferecer uma solu\u00e7\u00e3o.<\/p>\n<p>Enquanto a sa\u00fade mental ganha destaque nas conversas corporativas e nas reuni\u00f5es de lideran\u00e7a,<strong> Yu Donglai<\/strong>, fundador e presidente da rede de varejo chinesa <strong>Pang Dong Lai<\/strong>, chamou a aten\u00e7\u00e3o ao implementar uma nova pol\u00edtica na sua companhia.<\/p>\n<h2>Leia tamb\u00e9m<\/h2>\n<div id=\"attachment_636126\" class=\"wp-caption alignnone style=\" max-width:=\"\"><img data-recalc-dims=\"1\" fetchpriority=\"high\" decoding=\"async\" class=\"alignnone wp-image-636126 size-medium\" src=\"https:\/\/i0.wp.com\/forbes.com.br\/wp-content\/uploads\/2024\/09\/trabalho-estresse-dopamina-768x512.jpg?resize=678%2C452&#038;ssl=1\" alt=\"Licen\u00e7a por infelicidade\" width=\"678\" height=\"452\"\/><\/p>\n<p>Getty Images<\/p>\n<p class=\"wp-caption-text\">Na empresa, licen\u00e7a por infelicidade garante 10 dias de folga que podem ser usados ao longo de um ano<\/p>\n<\/div>\n<p>A licen\u00e7a por infelicidade permite que os funcion\u00e1rios tirem um dia de folga quando estiverem estressados, tristes ou desanimados, sem a necessidade de aprovar a folga com sua lideran\u00e7a.<\/p>\n<p>A licen\u00e7a ganha destaque em meio ao cen\u00e1rio global de bem-estar mental: 60% dos profissionais em todo o mundo afirmam que o trabalho \u00e9 o principal fator que influencia sua sa\u00fade mental, de acordo com relat\u00f3rio <a href=\"https:\/\/www.ukg.com\/resources\/white-paper\/mental-health-work-managers-and-money\" target=\"_blank\" rel=\"noopener\">The Workforce Institute da UKG<\/a>.<\/p>\n<p>S\u00f3 na China, mais da metade da popula\u00e7\u00e3o (53%) vivencia estresse di\u00e1rio, enquanto 12% dos profissionais s\u00e3o tristes, segundo estudo da consultoria Gallup, que entrevistou 128 mil pessoas em mais de 160 pa\u00edses.<\/p>\n<p>Limitada a 10 dias por ano, a licen\u00e7a por infelicidade tem como objetivo ajudar os funcion\u00e1rios da rede de mais de 7 mil profissionais a melhorar o equil\u00edbrio entre trabalho e vida pessoal.<\/p>\n<p>O empres\u00e1rio anunciou que implementaria a pol\u00edtica de afastamento na sua empresa em mar\u00e7o de 2024, durante o China Supermarket Week. \u201cQuero que todos os funcion\u00e1rios tenham liberdade. Todo mundo tem momentos em que n\u00e3o est\u00e1 feliz, ent\u00e3o, se voc\u00ea n\u00e3o estiver feliz, n\u00e3o trabalhe\u201d, disse durante o an\u00fancio.<\/p>\n<h2>Defensor do bem-estar<\/h2>\n<p>Para al\u00e9m da licen\u00e7a por infelicidade, Yu Donglai ficou conhecido por implementar pol\u00edticas que priorizam o bem-estar e a sa\u00fade mental dos seus funcion\u00e1rios na China, como incentivos de viagem e at\u00e9 40 dias de f\u00e9rias pagas. \u201cN\u00e3o queremos ser grandes. Queremos que nossos funcion\u00e1rios tenham uma vida saud\u00e1vel e relaxada, para que a empresa tamb\u00e9m tenha.\u201d<\/p>\n<p>Fundada em 1995, a rede Pang Dong Lai conta com mais de 300 lojas e \u00e9 a segunda maior empresa de varejo na prov\u00edncia de Henan, no centro-leste da China, segundo <a href=\"https:\/\/www.researchgate.net\/publication\/379892217_The_Succesful_Reasons_on_Pang_Dong_Lai_Supermarket\" target=\"_blank\" rel=\"noopener\">pesquisa da Universidade de York<\/a>.<\/p>\n<h2>Escolhas do editor<\/h2>\n<\/div>\n<p><script type=\"rocketlazyloadscript\">\n\t\t\t\t(function(d, s, id){\n\t\t\t\t\tvar js, fjs = d.getElementsByTagName(s)[0];\n\t\t\t\t\tif (d.getElementById(id)) return;\n\t\t\t\t\tjs = d.createElement(s); js.id = id;\n\t\t\t\t\tjs.src = \"\/\/connect.facebook.net\/pt_BR\/sdk.js#xfbml=1&version=v2.9\";\n\t\t\t\t\tfjs.parentNode.insertBefore(js, fjs);\n\t\t\t\t}(document, 'script', 'facebook-jssdk'));\n\t\t\t<\/script><br \/>\n<br \/><br \/>\n<br \/><a href=\"https:\/\/forbes.com.br\/carreira\/2024\/10\/se-nao-estiver-feliz-nao-trabalhe-entenda-como-funciona-a-licenca-por-infelicidade\/\">Source link <\/a><\/p>\n<div class='code-block code-block-4' style='margin: 8px auto 8px 0; text-align: left; display: block; clear: both;'>\n\ud83d\udce2 Aviso Legal\n\nO site ismaelcolosi.com.br atua apenas como um canal de divulga\u00e7\u00e3o de oportunidades de emprego e n\u00e3o se responsabiliza pelo processo seletivo, contrata\u00e7\u00e3o ou qualquer outra etapa relacionada \u00e0s vagas publicadas. Todas as informa\u00e7\u00f5es s\u00e3o de responsabilidade dos anunciantes.\n\n\u26a0\ufe0f Aten\u00e7\u00e3o! Nunca pague por promessas de emprego nem compre cursos que garantam contrata\u00e7\u00e3o. Desconfie de qualquer cobran\u00e7a para participar de sele\u00e7\u00f5es.\n\n\n\n<\/div>\n<!-- CONTENT END 1 -->\n","protected":false},"excerpt":{"rendered":"<p>\u00a0 Acessibilidade L L A- A+ \u25d0 \u00a0 Se voc\u00ea est\u00e1 ou j\u00e1 se sentiu sobrecarregado no trabalho, a \u201clicen\u00e7a por infelicidade\u201c, criada por um&#8230;<\/p>\n","protected":false},"author":1,"featured_media":69085,"comment_status":"open","ping_status":"open","sticky":false,"template":"","format":"standard","meta":{"_uag_custom_page_level_css":"","advanced_seo_description":"","jetpack_seo_html_title":"","jetpack_seo_noindex":false,"jetpack_post_was_ever_published":false,"_jetpack_newsletter_access":"","_jetpack_dont_email_post_to_subs":false,"_jetpack_newsletter_tier_id":0,"_jetpack_memberships_contains_paywalled_content":false,"_jetpack_memberships_contains_paid_content":false,"footnotes":"","jetpack_publicize_message":"","jetpack_publicize_feature_enabled":true,"jetpack_social_post_already_shared":true,"jetpack_social_options":{"image_generator_settings":{"template":"highway","default_image_id":0,"font":"","enabled":false},"version":2}},"categories":[1964],"tags":[],"class_list":["post-69084","post","type-post","status-publish","format-standard","has-post-thumbnail","hentry","category-carreira-e-sucesso-dicas-para-carreira"],"jetpack_publicize_connections":[],"jetpack_featured_media_url":"https:\/\/i0.wp.com\/ismaelcolosi.com.br\/wp-content\/uploads\/2024\/10\/trabalho-estresse-dopamina-1024x683.jpg?fit=1024%2C683&ssl=1","uagb_featured_image_src":{"full":["https:\/\/i0.wp.com\/ismaelcolosi.com.br\/wp-content\/uploads\/2024\/10\/trabalho-estresse-dopamina-1024x683.jpg?fit=1024%2C683&ssl=1",1024,683,false],"thumbnail":["https:\/\/i0.wp.com\/ismaelcolosi.com.br\/wp-content\/uploads\/2024\/10\/trabalho-estresse-dopamina-1024x683.jpg?resize=150%2C150&ssl=1",150,150,true],"medium":["https:\/\/i0.wp.com\/ismaelcolosi.com.br\/wp-content\/uploads\/2024\/10\/trabalho-estresse-dopamina-1024x683.jpg?fit=300%2C200&ssl=1",300,200,true],"medium_large":["https:\/\/i0.wp.com\/ismaelcolosi.com.br\/wp-content\/uploads\/2024\/10\/trabalho-estresse-dopamina-1024x683.jpg?fit=768%2C512&ssl=1",768,512,true],"large":["https:\/\/i0.wp.com\/ismaelcolosi.com.br\/wp-content\/uploads\/2024\/10\/trabalho-estresse-dopamina-1024x683.jpg?fit=1024%2C683&ssl=1",1024,683,true],"1536x1536":["https:\/\/i0.wp.com\/ismaelcolosi.com.br\/wp-content\/uploads\/2024\/10\/trabalho-estresse-dopamina-1024x683.jpg?fit=1024%2C683&ssl=1",1024,683,true],"2048x2048":["https:\/\/i0.wp.com\/ismaelcolosi.com.br\/wp-content\/uploads\/2024\/10\/trabalho-estresse-dopamina-1024x683.jpg?fit=1024%2C683&ssl=1",1024,683,true],"really-simple-thumb":["https:\/\/i0.wp.com\/ismaelcolosi.com.br\/wp-content\/uploads\/2024\/10\/trabalho-estresse-dopamina-1024x683.jpg?resize=370%2C247&ssl=1",370,247,true]},"uagb_author_info":{"display_name":"ismaelcolosi.com.br","author_link":"https:\/\/ismaelcolosi.com.br\/index.php\/author\/vidareal-online\/"},"uagb_comment_info":0,"uagb_excerpt":"\u00a0 Acessibilidade L L A- A+ \u25d0 \u00a0 Se voc\u00ea est\u00e1 ou j\u00e1 se sentiu sobrecarregado no trabalho, a \u201clicen\u00e7a por infelicidade\u201c, criada por um...","jetpack-related-posts":[{"id":9769,"url":"https:\/\/ismaelcolosi.com.br\/index.php\/2023\/12\/02\/inss-anuncia-criterios-para-aposentadoria-por-invalidez\/","url_meta":{"origin":69084,"position":0},"title":"INSS anuncia crit\u00e9rios para aposentadoria por invalidez","author":"ismaelcolosi.com.br","date":"2 de December de 2023","format":false,"excerpt":"Cr\u00e9ditos: iStock\/rmcarvalhobsbMudan\u00e7as na aposentadoria para 2024 A aposentadoria por invalidez \u00e9 uma forma crucial de amparo oferecida pelo INSS, proporcionando suporte financeiro a indiv\u00edduos que, por raz\u00f5es de sa\u00fade, tornam-se permanentemente incapazes de trabalhar. Com o ano de 2024 \u00e0 vista, \u00e9 fundamental compreender os crit\u00e9rios estabelecidos pelo Instituto Nacional\u2026","rel":"","context":"In &quot;Variedades&quot;","block_context":{"text":"Variedades","link":"https:\/\/ismaelcolosi.com.br\/index.php\/category\/variedades\/"},"img":{"alt_text":"","src":"https:\/\/i0.wp.com\/ismaelcolosi.com.br\/wp-content\/uploads\/2023\/12\/novos-valores-das-pensoes-e-aposentadorias-pegam-todos-de-surpresa.jpg?fit=1200%2C638&ssl=1&resize=350%2C200","width":350,"height":200,"srcset":"https:\/\/i0.wp.com\/ismaelcolosi.com.br\/wp-content\/uploads\/2023\/12\/novos-valores-das-pensoes-e-aposentadorias-pegam-todos-de-surpresa.jpg?fit=1200%2C638&ssl=1&resize=350%2C200 1x, https:\/\/i0.wp.com\/ismaelcolosi.com.br\/wp-content\/uploads\/2023\/12\/novos-valores-das-pensoes-e-aposentadorias-pegam-todos-de-surpresa.jpg?fit=1200%2C638&ssl=1&resize=525%2C300 1.5x, https:\/\/i0.wp.com\/ismaelcolosi.com.br\/wp-content\/uploads\/2023\/12\/novos-valores-das-pensoes-e-aposentadorias-pegam-todos-de-surpresa.jpg?fit=1200%2C638&ssl=1&resize=700%2C400 2x, https:\/\/i0.wp.com\/ismaelcolosi.com.br\/wp-content\/uploads\/2023\/12\/novos-valores-das-pensoes-e-aposentadorias-pegam-todos-de-surpresa.jpg?fit=1200%2C638&ssl=1&resize=1050%2C600 3x"},"classes":[]},{"id":86076,"url":"https:\/\/ismaelcolosi.com.br\/index.php\/2025\/06\/11\/a-importancia-de-executivos-falarem-sobre-paternidade\/","url_meta":{"origin":69084,"position":1},"title":"a Import\u00e2ncia de Executivos Falarem sobre Paternidade","author":"ismaelcolosi.com.br","date":"11 de June de 2025","format":false,"excerpt":"\r Getty Images\r Segundo pesquisa, 8 em cada 10 pais querem mais dias de licen\u00e7a-paternidade\r Acessibilidade \r L\r L\r A-\r A+\r \r \u25d0\r \r \u00a0 A licen\u00e7a-paternidade \u00e9 um tema que ganha cada vez mais aten\u00e7\u00e3o no Brasil, impulsionado por movimentos que buscam equiparar direitos e responsabilidades parentais. Hoje, a\u2026","rel":"","context":"In &quot;Carreira e Sucesso&quot;","block_context":{"text":"Carreira e Sucesso","link":"https:\/\/ismaelcolosi.com.br\/index.php\/category\/carreira-e-sucesso-dicas-para-carreira\/"},"img":{"alt_text":"","src":"https:\/\/i0.wp.com\/ismaelcolosi.com.br\/wp-content\/uploads\/2025\/06\/forbes-paternidade-1-1200x675.jpg?fit=1200%2C675&ssl=1&resize=350%2C200","width":350,"height":200,"srcset":"https:\/\/i0.wp.com\/ismaelcolosi.com.br\/wp-content\/uploads\/2025\/06\/forbes-paternidade-1-1200x675.jpg?fit=1200%2C675&ssl=1&resize=350%2C200 1x, https:\/\/i0.wp.com\/ismaelcolosi.com.br\/wp-content\/uploads\/2025\/06\/forbes-paternidade-1-1200x675.jpg?fit=1200%2C675&ssl=1&resize=525%2C300 1.5x, https:\/\/i0.wp.com\/ismaelcolosi.com.br\/wp-content\/uploads\/2025\/06\/forbes-paternidade-1-1200x675.jpg?fit=1200%2C675&ssl=1&resize=700%2C400 2x, https:\/\/i0.wp.com\/ismaelcolosi.com.br\/wp-content\/uploads\/2025\/06\/forbes-paternidade-1-1200x675.jpg?fit=1200%2C675&ssl=1&resize=1050%2C600 3x"},"classes":[]},{"id":52083,"url":"https:\/\/ismaelcolosi.com.br\/index.php\/2024\/06\/03\/homem-acusado-de-atirar-em-jovem-no-centro-de-ribeirao-preto-e-liberado-apos-depoimento\/","url_meta":{"origin":69084,"position":2},"title":"Homem acusado de atirar em jovem no Centro de Ribeir\u00e3o Preto \u00e9 liberado ap\u00f3s depoimento","author":"ismaelcolosi.com.br","date":"3 de June de 2024","format":false,"excerpt":"Foi liberado o homem suspeito de balear na cabe\u00e7a o jovem Ruan C\u00e9sar Godoi, de 22 anos, depois de uma confus\u00e3o em um estacionamento de ve\u00edculos, na madrugada deste domingo (02), na avenida Jer\u00f4nimo Gon\u00e7alves, regi\u00e3o central de Ribeir\u00e3o Preto. O homem havia sido detido na tarde desta segunda-feira (03),\u2026","rel":"","context":"In &quot;Not\u00edcias de Ribeir\u00e3o Preto-SP e Regi\u00e3o&quot;","block_context":{"text":"Not\u00edcias de Ribeir\u00e3o Preto-SP e Regi\u00e3o","link":"https:\/\/ismaelcolosi.com.br\/index.php\/category\/noticias-de-ribeirao-preto-sp-e-regiao-ismael-colosi\/"},"img":{"alt_text":"","src":"https:\/\/i0.wp.com\/ismaelcolosi.com.br\/wp-content\/uploads\/2024\/06\/BALEADFO_2024-06-03_10-17-45_jpg_2024-06-03_10-17-46.webp.webp?fit=1200%2C873&ssl=1&resize=350%2C200","width":350,"height":200,"srcset":"https:\/\/i0.wp.com\/ismaelcolosi.com.br\/wp-content\/uploads\/2024\/06\/BALEADFO_2024-06-03_10-17-45_jpg_2024-06-03_10-17-46.webp.webp?fit=1200%2C873&ssl=1&resize=350%2C200 1x, https:\/\/i0.wp.com\/ismaelcolosi.com.br\/wp-content\/uploads\/2024\/06\/BALEADFO_2024-06-03_10-17-45_jpg_2024-06-03_10-17-46.webp.webp?fit=1200%2C873&ssl=1&resize=525%2C300 1.5x, https:\/\/i0.wp.com\/ismaelcolosi.com.br\/wp-content\/uploads\/2024\/06\/BALEADFO_2024-06-03_10-17-45_jpg_2024-06-03_10-17-46.webp.webp?fit=1200%2C873&ssl=1&resize=700%2C400 2x, https:\/\/i0.wp.com\/ismaelcolosi.com.br\/wp-content\/uploads\/2024\/06\/BALEADFO_2024-06-03_10-17-45_jpg_2024-06-03_10-17-46.webp.webp?fit=1200%2C873&ssl=1&resize=1050%2C600 3x"},"classes":[]},{"id":86999,"url":"https:\/\/ismaelcolosi.com.br\/index.php\/2025\/08\/10\/como-a-paternidade-transformou-executivos-em-melhores-lideres\/","url_meta":{"origin":69084,"position":3},"title":"Como a Paternidade Transformou Executivos em Melhores L\u00edderes","author":"ismaelcolosi.com.br","date":"10 de August de 2025","format":false,"excerpt":"\r Acervo pessoal\r Daniel Mazini, VP executivo do Wellhub: \u201cA paternidade me ensinou a liderar de uma forma mais humana\u201d\r Acessibilidade \r L\r L\r A-\r A+\r \r \u25d0\r \r Quando teve sua primeira filha, h\u00e1 10 anos, Daniel Mazini tirou os cinco dias de licen\u00e7a-paternidade previstos em lei e oferecidos\u2026","rel":"","context":"In &quot;Carreira e Sucesso&quot;","block_context":{"text":"Carreira e Sucesso","link":"https:\/\/ismaelcolosi.com.br\/index.php\/category\/carreira-e-sucesso-dicas-para-carreira\/"},"img":{"alt_text":"","src":"https:\/\/i0.wp.com\/ismaelcolosi.com.br\/wp-content\/uploads\/2025\/08\/carreira-daniel-mazini-paternidade-1200x675.jpg?fit=1200%2C675&ssl=1&resize=350%2C200","width":350,"height":200,"srcset":"https:\/\/i0.wp.com\/ismaelcolosi.com.br\/wp-content\/uploads\/2025\/08\/carreira-daniel-mazini-paternidade-1200x675.jpg?fit=1200%2C675&ssl=1&resize=350%2C200 1x, https:\/\/i0.wp.com\/ismaelcolosi.com.br\/wp-content\/uploads\/2025\/08\/carreira-daniel-mazini-paternidade-1200x675.jpg?fit=1200%2C675&ssl=1&resize=525%2C300 1.5x, https:\/\/i0.wp.com\/ismaelcolosi.com.br\/wp-content\/uploads\/2025\/08\/carreira-daniel-mazini-paternidade-1200x675.jpg?fit=1200%2C675&ssl=1&resize=700%2C400 2x, https:\/\/i0.wp.com\/ismaelcolosi.com.br\/wp-content\/uploads\/2025\/08\/carreira-daniel-mazini-paternidade-1200x675.jpg?fit=1200%2C675&ssl=1&resize=1050%2C600 3x"},"classes":[]},{"id":85385,"url":"https:\/\/ismaelcolosi.com.br\/index.php\/2025\/05\/10\/maternidade-e-ponto-de-virada-na-carreira-de-mulheres-executivas\/","url_meta":{"origin":69084,"position":4},"title":"Maternidade \u00c9 Ponto de Virada na Carreira de Mulheres Executivas","author":"ismaelcolosi.com.br","date":"10 de May de 2025","format":false,"excerpt":"\r Divulga\u00e7\u00e3o\r Kuntuala Zeli, diretora de vendas da Oracle: \u201cSer m\u00e3e em uma mesa de decis\u00e3o muda o jogo.\u201d\r Acessibilidade \r L\r L\r A-\r A+\r \r \u25d0\r \r \u00a0 Poucos dias depois de ser convidada para assumir uma posi\u00e7\u00e3o de diretoria, Kuntuala Zeli descobriu que estava gr\u00e1vida. \u201cEntrei em p\u00e2nico.\u2026","rel":"","context":"In &quot;Carreira e Sucesso&quot;","block_context":{"text":"Carreira e Sucesso","link":"https:\/\/ismaelcolosi.com.br\/index.php\/category\/carreira-e-sucesso-dicas-para-carreira\/"},"img":{"alt_text":"","src":"https:\/\/i0.wp.com\/ismaelcolosi.com.br\/wp-content\/uploads\/2025\/05\/forbes-kuntuala-dia-das-maes-1200x675.jpg?fit=1200%2C675&ssl=1&resize=350%2C200","width":350,"height":200,"srcset":"https:\/\/i0.wp.com\/ismaelcolosi.com.br\/wp-content\/uploads\/2025\/05\/forbes-kuntuala-dia-das-maes-1200x675.jpg?fit=1200%2C675&ssl=1&resize=350%2C200 1x, https:\/\/i0.wp.com\/ismaelcolosi.com.br\/wp-content\/uploads\/2025\/05\/forbes-kuntuala-dia-das-maes-1200x675.jpg?fit=1200%2C675&ssl=1&resize=525%2C300 1.5x, https:\/\/i0.wp.com\/ismaelcolosi.com.br\/wp-content\/uploads\/2025\/05\/forbes-kuntuala-dia-das-maes-1200x675.jpg?fit=1200%2C675&ssl=1&resize=700%2C400 2x, https:\/\/i0.wp.com\/ismaelcolosi.com.br\/wp-content\/uploads\/2025\/05\/forbes-kuntuala-dia-das-maes-1200x675.jpg?fit=1200%2C675&ssl=1&resize=1050%2C600 3x"},"classes":[]},{"id":28973,"url":"https:\/\/ismaelcolosi.com.br\/index.php\/2024\/01\/17\/empreendedora-cria-chatbot-de-ia-para-licenca-parental\/","url_meta":{"origin":69084,"position":5},"title":"Empreendedora cria chatbot de IA para licen\u00e7a parental","author":"ismaelcolosi.com.br","date":"17 de January de 2024","format":false,"excerpt":"Getty ImagesReshma Saujani procurou o CEO da OpenAI, Sam Altman, para criar uma ferramenta de IA que analisa dados personalizados sobre licen\u00e7a-maternidade No in\u00edcio de 2024, todos os holofotes est\u00e3o voltados para a r\u00e1pida aplica\u00e7\u00e3o da IA \u200b\u200bgenerativa e o questionamento se a tecnologia poder\u00e1 resolver, ou, pelo contr\u00e1rio, agravar\u2026","rel":"","context":"In &quot;Carreira e Sucesso&quot;","block_context":{"text":"Carreira e Sucesso","link":"https:\/\/ismaelcolosi.com.br\/index.php\/category\/carreira-e-sucesso-dicas-para-carreira\/"},"img":{"alt_text":"","src":"https:\/\/i0.wp.com\/ismaelcolosi.com.br\/wp-content\/uploads\/2024\/01\/mulher-reshma-saujani-1-1024x683.jpg?fit=1024%2C683&ssl=1&resize=350%2C200","width":350,"height":200,"srcset":"https:\/\/i0.wp.com\/ismaelcolosi.com.br\/wp-content\/uploads\/2024\/01\/mulher-reshma-saujani-1-1024x683.jpg?fit=1024%2C683&ssl=1&resize=350%2C200 1x, https:\/\/i0.wp.com\/ismaelcolosi.com.br\/wp-content\/uploads\/2024\/01\/mulher-reshma-saujani-1-1024x683.jpg?fit=1024%2C683&ssl=1&resize=525%2C300 1.5x, https:\/\/i0.wp.com\/ismaelcolosi.com.br\/wp-content\/uploads\/2024\/01\/mulher-reshma-saujani-1-1024x683.jpg?fit=1024%2C683&ssl=1&resize=700%2C400 2x"},"classes":[]}],"jetpack_sharing_enabled":true,"jetpack_shortlink":"https:\/\/wp.me\/pfMlyK-hYg","_links":{"self":[{"href":"https:\/\/ismaelcolosi.com.br\/index.php\/wp-json\/wp\/v2\/posts\/69084","targetHints":{"allow":["GET"]}}],"collection":[{"href":"https:\/\/ismaelcolosi.com.br\/index.php\/wp-json\/wp\/v2\/posts"}],"about":[{"href":"https:\/\/ismaelcolosi.com.br\/index.php\/wp-json\/wp\/v2\/types\/post"}],"author":[{"embeddable":true,"href":"https:\/\/ismaelcolosi.com.br\/index.php\/wp-json\/wp\/v2\/users\/1"}],"replies":[{"embeddable":true,"href":"https:\/\/ismaelcolosi.com.br\/index.php\/wp-json\/wp\/v2\/comments?post=69084"}],"version-history":[{"count":0,"href":"https:\/\/ismaelcolosi.com.br\/index.php\/wp-json\/wp\/v2\/posts\/69084\/revisions"}],"wp:featuredmedia":[{"embeddable":true,"href":"https:\/\/ismaelcolosi.com.br\/index.php\/wp-json\/wp\/v2\/media\/69085"}],"wp:attachment":[{"href":"https:\/\/ismaelcolosi.com.br\/index.php\/wp-json\/wp\/v2\/media?parent=69084"}],"wp:term":[{"taxonomy":"category","embeddable":true,"href":"https:\/\/ismaelcolosi.com.br\/index.php\/wp-json\/wp\/v2\/categories?post=69084"},{"taxonomy":"post_tag","embeddable":true,"href":"https:\/\/ismaelcolosi.com.br\/index.php\/wp-json\/wp\/v2\/tags?post=69084"}],"curies":[{"name":"wp","href":"https:\/\/api.w.org\/{rel}","templated":true}]}}