{"id":69082,"date":"2024-10-03T12:32:04","date_gmt":"2024-10-03T15:32:04","guid":{"rendered":"https:\/\/ismaelcolosi.com.br\/index.php\/2024\/10\/03\/coringa-delirios-a-dois-e-destaque-nos-cinemas-nesta-quinta-feira\/"},"modified":"2024-10-03T12:32:04","modified_gmt":"2024-10-03T15:32:04","slug":"coringa-delirios-a-dois-e-destaque-nos-cinemas-nesta-quinta-feira","status":"publish","type":"post","link":"https:\/\/ismaelcolosi.com.br\/index.php\/2024\/10\/03\/coringa-delirios-a-dois-e-destaque-nos-cinemas-nesta-quinta-feira\/","title":{"rendered":"\u2018Coringa: Del\u00edrios a Dois\u2019 \u00e9 destaque nos cinemas nesta quinta-feira"},"content":{"rendered":"<p> <br \/>\n<\/p>\n<div>\n<p>Um dos filmes mais aguardados do ano chega nesta <strong>quinta-feira (3)<\/strong> \u00e0s telas dos cinemas: \u201c<strong>Coringa: Del\u00edrio a Dois<\/strong>\u201d. Al\u00e9m da sequ\u00eancia do sucesso mundial, a programa\u00e7\u00e3o tamb\u00e9m conta com \u201c<strong>Placa-M\u00e3e<\/strong>\u201d, uma anima\u00e7\u00e3o brasileira que se passa no interior.<\/p>\n<p><strong>Ribeir\u00e3o Preto<\/strong> conta com quatro cinemas, o <strong>UCI<\/strong> localizado no Ribeir\u00e3o Shopping, o <strong>Cinep\u00f3lis<\/strong> nos shoppings Santa \u00darsula e Iguatemi e o <strong>Cinemark<\/strong>, no Novo Shopping.<\/p>\n<h4 class=\"wp-block-heading\"><strong>Coringa: Del\u00edrios a Dois<\/strong><\/h4>\n<p>Ap\u00f3s os eventos do primeiro filme, <strong>Arthur Fleck (Joaquin Phoenix)<\/strong>, est\u00e1 internado em um hospital psiqui\u00e1trico at\u00e9 que conhece a doutora <strong>Harleen Quinzel<\/strong> <strong>(Lady Gaga)<\/strong>, que fica fascinada em suas hist\u00f3rias.<\/p>\n<p>A curiosidade m\u00fatua se transforma em paix\u00e3o e obsess\u00e3o. <strong>Harleen<\/strong> e <strong>Coringa<\/strong> desenvolvem um relacionamento rom\u00e2ntico e doentio. Juntos, embarcam em uma desventura alucinada pelo submundo de <strong>Gotham City<\/strong>, enquanto o julgamento de<strong> Coringa<\/strong> se desenrola. A <mark style=\"background-color:#fcb900\" class=\"has-inline-color has-black-color\">classifica\u00e7\u00e3o indicativa \u00e9 de 16 anos<\/mark>, <strong>veja o trailer:<\/strong><\/p>\n<figure class=\"wp-block-embed is-type-video is-provider-youtube wp-block-embed-youtube wp-embed-aspect-16-9 wp-has-aspect-ratio\">\n<div class=\"wp-block-embed__wrapper\">\n<p><iframe loading=\"lazy\" title=\"Coringa: Del\u00edrio a Dois | Trailer Oficial\" width=\"500\" height=\"281\" src=\"https:\/\/www.youtube.com\/embed\/sHG2sAi2R-s?feature=oembed\" frameborder=\"0\" allow=\"accelerometer; autoplay; clipboard-write; encrypted-media; gyroscope; picture-in-picture; web-share\" referrerpolicy=\"strict-origin-when-cross-origin\" allowfullscreen><\/iframe><\/p>\n<\/div>\n<\/figure>\n<h4 class=\"wp-block-heading\"><strong>Placa-M\u00e3e<\/strong><\/h4>\n<p>A anima\u00e7\u00e3o se passa no interior de <strong>Minas Gerais<\/strong> e acompanha <strong>Nadi<\/strong>, uma androide com cidadania brasileira que conquista o direito de adotar duas crian\u00e7as, <strong>David <\/strong>e<strong> Lina<\/strong>.<\/p>\n<p>Por\u00e9m, a ado\u00e7\u00e3o gera controv\u00e9rsia quando o <em>digital influencer<\/em>, <strong>Asafe<\/strong> cria uma s\u00e9rie de pol\u00eamicas para ganhar popularidade. Um mal-entendido faz com que<strong> David<\/strong> fuja de casa e <strong>Nadi<\/strong> embarca em uma jornada para encontr\u00e1-lo e garantir seguran\u00e7a e uni\u00e3o da fam\u00edlia. A classifica\u00e7\u00e3o indicativa \u00e9 de 10 anos. Assista ao trailer:<\/p>\n<figure class=\"wp-block-embed is-type-video is-provider-youtube wp-block-embed-youtube wp-embed-aspect-16-9 wp-has-aspect-ratio\">\n<div class=\"wp-block-embed__wrapper\">\n<p><iframe loading=\"lazy\" title=\"PLACA M\u00c3E | Trailer Oficial\" width=\"500\" height=\"281\" src=\"https:\/\/www.youtube.com\/embed\/7x68Z0ttNVk?feature=oembed\" frameborder=\"0\" allow=\"accelerometer; autoplay; clipboard-write; encrypted-media; gyroscope; picture-in-picture; web-share\" referrerpolicy=\"strict-origin-when-cross-origin\" allowfullscreen><\/iframe><\/p>\n<\/div>\n<\/figure>\n<p>SAIBA MAIS<br \/>Morre o jornalista e apresentador Cid Moreira, aos 97 anos<\/p>\n<h4 class=\"wp-block-heading\"><strong>FIQUE ON<\/strong><\/h4>\n<p>Fique ligado em tudo que acontece em Ribeir\u00e3o Preto e regi\u00e3o. Siga os perfis do <strong>acidade on <\/strong>no <a href=\"https:\/\/www.instagram.com\/acidadeonribeirao\" target=\"_blank\" rel=\"noreferrer noopener\">Instagram<\/a> e no <a href=\"https:\/\/www.facebook.com\/acidadeonribeirao\" target=\"_blank\" rel=\"noreferrer noopener\">Facebook<\/a>.<\/p>\n<p>Receba not\u00edcias do acidade on no WhatsApp. Para entrar no grupo, basta <a href=\"https:\/\/chat.whatsapp.com\/Dtv9mxhy6V5BJBotM2OQ5k\" target=\"_blank\" rel=\"noreferrer noopener\">clicar aqui<\/a>.<\/p>\n<p>Fa\u00e7a uma den\u00fancia ou sugira uma reportagem sobre Ribeir\u00e3o Preto e regi\u00e3o pelo WhatsApp: 16 99117 7802.<\/p>\n<p>VEJA TAMB\u00c9M<br \/>Quantas vezes Cid Moreira apresentou o Jornal Nacional?<\/p>\n<p><!-- CONTENT END 1 -->\n<\/div>\n<p><script async src=\"\/\/www.instagram.com\/embed.js\"><\/script><br \/>\n<br \/><br \/>\n<br \/><a href=\"https:\/\/www.acidadeon.com\/ribeiraopreto\/lazer-e-cultura\/coringa-delirios-a-dois-e-destaque-nos-cinemas-nesta-quinta-feira\/\">Source link <\/a><\/p>\n","protected":false},"excerpt":{"rendered":"<p>Um dos filmes mais aguardados do ano chega nesta quinta-feira (3) \u00e0s telas dos cinemas: \u201cCoringa: Del\u00edrio a Dois\u201d. Al\u00e9m da sequ\u00eancia do sucesso mundial,&#8230;<\/p>\n","protected":false},"author":1,"featured_media":69083,"comment_status":"open","ping_status":"open","sticky":false,"template":"","format":"standard","meta":{"_uag_custom_page_level_css":"","advanced_seo_description":"","jetpack_seo_html_title":"","jetpack_seo_noindex":false,"jetpack_post_was_ever_published":false,"_jetpack_newsletter_access":"","_jetpack_dont_email_post_to_subs":false,"_jetpack_newsletter_tier_id":0,"_jetpack_memberships_contains_paywalled_content":false,"_jetpack_memberships_contains_paid_content":false,"footnotes":"","jetpack_publicize_message":"","jetpack_publicize_feature_enabled":true,"jetpack_social_post_already_shared":true,"jetpack_social_options":{"image_generator_settings":{"template":"highway","default_image_id":0,"font":"","enabled":false},"version":2}},"categories":[11],"tags":[],"class_list":["post-69082","post","type-post","status-publish","format-standard","has-post-thumbnail","hentry","category-noticias-de-ribeirao-preto-sp-e-regiao-ismael-colosi"],"jetpack_publicize_connections":[],"jetpack_featured_media_url":"https:\/\/i0.wp.com\/ismaelcolosi.com.br\/wp-content\/uploads\/2024\/10\/coringa_2024-10-03_14-19-40.webp.webp?fit=1440%2C810&ssl=1","uagb_featured_image_src":{"full":["https:\/\/i0.wp.com\/ismaelcolosi.com.br\/wp-content\/uploads\/2024\/10\/coringa_2024-10-03_14-19-40.webp.webp?fit=1440%2C810&ssl=1",1440,810,false],"thumbnail":["https:\/\/i0.wp.com\/ismaelcolosi.com.br\/wp-content\/uploads\/2024\/10\/coringa_2024-10-03_14-19-40.webp.webp?resize=150%2C150&ssl=1",150,150,true],"medium":["https:\/\/i0.wp.com\/ismaelcolosi.com.br\/wp-content\/uploads\/2024\/10\/coringa_2024-10-03_14-19-40.webp.webp?fit=300%2C169&ssl=1",300,169,true],"medium_large":["https:\/\/i0.wp.com\/ismaelcolosi.com.br\/wp-content\/uploads\/2024\/10\/coringa_2024-10-03_14-19-40.webp.webp?fit=768%2C432&ssl=1",768,432,true],"large":["https:\/\/i0.wp.com\/ismaelcolosi.com.br\/wp-content\/uploads\/2024\/10\/coringa_2024-10-03_14-19-40.webp.webp?fit=1024%2C576&ssl=1",1024,576,true],"1536x1536":["https:\/\/i0.wp.com\/ismaelcolosi.com.br\/wp-content\/uploads\/2024\/10\/coringa_2024-10-03_14-19-40.webp.webp?fit=1440%2C810&ssl=1",1440,810,true],"2048x2048":["https:\/\/i0.wp.com\/ismaelcolosi.com.br\/wp-content\/uploads\/2024\/10\/coringa_2024-10-03_14-19-40.webp.webp?fit=1440%2C810&ssl=1",1440,810,true],"really-simple-thumb":["https:\/\/i0.wp.com\/ismaelcolosi.com.br\/wp-content\/uploads\/2024\/10\/coringa_2024-10-03_14-19-40.webp.webp?resize=370%2C247&ssl=1",370,247,true]},"uagb_author_info":{"display_name":"ismaelcolosi.com.br","author_link":"https:\/\/ismaelcolosi.com.br\/index.php\/author\/vidareal-online\/"},"uagb_comment_info":0,"uagb_excerpt":"Um dos filmes mais aguardados do ano chega nesta quinta-feira (3) \u00e0s telas dos cinemas: \u201cCoringa: Del\u00edrio a Dois\u201d. Al\u00e9m da sequ\u00eancia do sucesso mundial,...","jetpack-related-posts":[{"id":67207,"url":"https:\/\/ismaelcolosi.com.br\/index.php\/2024\/09\/21\/cinemas-reexibem-batman-para-comemorar-os-85-anos-do-heroi-dos-quadrinhos\/","url_meta":{"origin":69082,"position":0},"title":"Cinemas reexibem \u2018Batman\u2019 para comemorar os 85 anos do her\u00f3i dos quadrinhos","author":"ismaelcolosi.com.br","date":"21 de September de 2024","format":false,"excerpt":"Neste s\u00e1bado (21), o Cavaleiro das Trevas completa 85 anos desde sua primeira apari\u00e7\u00e3o nos quadrinhos, l\u00e1 em 1939. Para celebrar o Batman Day, cinemas brasileiros ir\u00e3o reexibir, at\u00e9 quarta-feira (25), os filmes Batman (1989), com Michael Keaton e The Batman (2022), protagonizado por Robert Pattison, Ribeir\u00e3o Preto conta com\u2026","rel":"","context":"In &quot;Not\u00edcias de Ribeir\u00e3o Preto-SP e Regi\u00e3o&quot;","block_context":{"text":"Not\u00edcias de Ribeir\u00e3o Preto-SP e Regi\u00e3o","link":"https:\/\/ismaelcolosi.com.br\/index.php\/category\/noticias-de-ribeirao-preto-sp-e-regiao-ismael-colosi\/"},"img":{"alt_text":"","src":"https:\/\/i0.wp.com\/ismaelcolosi.com.br\/wp-content\/uploads\/2024\/09\/8fd3d01f-d4b7-4433-90d0-e1cd184123a4_2024-09-21_16-03-17_png_2024-09-21_16-03-17.webp.webp?fit=562%2C396&ssl=1&resize=350%2C200","width":350,"height":200,"srcset":"https:\/\/i0.wp.com\/ismaelcolosi.com.br\/wp-content\/uploads\/2024\/09\/8fd3d01f-d4b7-4433-90d0-e1cd184123a4_2024-09-21_16-03-17_png_2024-09-21_16-03-17.webp.webp?fit=562%2C396&ssl=1&resize=350%2C200 1x, https:\/\/i0.wp.com\/ismaelcolosi.com.br\/wp-content\/uploads\/2024\/09\/8fd3d01f-d4b7-4433-90d0-e1cd184123a4_2024-09-21_16-03-17_png_2024-09-21_16-03-17.webp.webp?fit=562%2C396&ssl=1&resize=525%2C300 1.5x"},"classes":[]},{"id":67930,"url":"https:\/\/ismaelcolosi.com.br\/index.php\/2024\/09\/26\/transformers-e-pacto-de-redencao-chegam-aos-cinemas-nesta-quinta-veja-estreias\/","url_meta":{"origin":69082,"position":1},"title":"\u2018Transformers\u2019 e \u2018Pacto de Reden\u00e7\u00e3o\u2019 chegam aos cinemas nesta quinta; Veja estreias","author":"ismaelcolosi.com.br","date":"26 de September de 2024","format":false,"excerpt":"Nesta quinta-feira (26), os destaques nas estreias dos cinemas de Ribeir\u00e3o Preto s\u00e3o os filmes \u2018Transformers\u2019 e \u2018Pacto de Reden\u00e7\u00e3o\u2019. Os cin\u00e9filos ainda recebem outros dois lan\u00e7amentos. Para quem gosta, op\u00e7\u00f5es de filme s\u00e3o o que n\u00e3o falta nesta semana. Confira abaixo. Ribeir\u00e3o Preto conta com quatro cinemas, o UCI\u2026","rel":"","context":"In &quot;Not\u00edcias de Ribeir\u00e3o Preto-SP e Regi\u00e3o&quot;","block_context":{"text":"Not\u00edcias de Ribeir\u00e3o Preto-SP e Regi\u00e3o","link":"https:\/\/ismaelcolosi.com.br\/index.php\/category\/noticias-de-ribeirao-preto-sp-e-regiao-ismael-colosi\/"},"img":{"alt_text":"","src":"https:\/\/i0.wp.com\/ismaelcolosi.com.br\/wp-content\/uploads\/2024\/09\/20240724-ovicio-transformers-inicio-elenco-1024x576-1_2024-09-26_11-45-18.webp.webp?fit=1024%2C576&ssl=1&resize=350%2C200","width":350,"height":200,"srcset":"https:\/\/i0.wp.com\/ismaelcolosi.com.br\/wp-content\/uploads\/2024\/09\/20240724-ovicio-transformers-inicio-elenco-1024x576-1_2024-09-26_11-45-18.webp.webp?fit=1024%2C576&ssl=1&resize=350%2C200 1x, https:\/\/i0.wp.com\/ismaelcolosi.com.br\/wp-content\/uploads\/2024\/09\/20240724-ovicio-transformers-inicio-elenco-1024x576-1_2024-09-26_11-45-18.webp.webp?fit=1024%2C576&ssl=1&resize=525%2C300 1.5x, https:\/\/i0.wp.com\/ismaelcolosi.com.br\/wp-content\/uploads\/2024\/09\/20240724-ovicio-transformers-inicio-elenco-1024x576-1_2024-09-26_11-45-18.webp.webp?fit=1024%2C576&ssl=1&resize=700%2C400 2x"},"classes":[]},{"id":49259,"url":"https:\/\/ismaelcolosi.com.br\/index.php\/2024\/05\/09\/planeta-dos-macacos-o-reinado-estreia-nos-cinemas-de-ribeirao-preto\/","url_meta":{"origin":69082,"position":2},"title":"\u2018Planeta dos Macacos: O Reinado\u2019 estreia nos cinemas de Ribeir\u00e3o Preto","author":"ismaelcolosi.com.br","date":"9 de May de 2024","format":false,"excerpt":"O filme \u201cPlaneta dos Macacos: O Reinado\u201d estreia nesta quinta-feira (8) nos cinemas de Ribeir\u00e3o Preto. A trama que traz continua\u00e7\u00e3o da trilogia feita entre 2011 e 2017, tamb\u00e9m marca uma tentativa de reiniciar a saga. A hist\u00f3ria se passa anos ap\u00f3s a morte do chimpanz\u00e9 C\u00e9sar. Os macacos s\u00e3o\u2026","rel":"","context":"In &quot;Not\u00edcias de Ribeir\u00e3o Preto-SP e Regi\u00e3o&quot;","block_context":{"text":"Not\u00edcias de Ribeir\u00e3o Preto-SP e Regi\u00e3o","link":"https:\/\/ismaelcolosi.com.br\/index.php\/category\/noticias-de-ribeirao-preto-sp-e-regiao-ismael-colosi\/"},"img":{"alt_text":"","src":"https:\/\/i0.wp.com\/ismaelcolosi.com.br\/wp-content\/uploads\/2024\/05\/planeta-dos-macacos-o-reinado_x9v9_2024-05-09_12-40-54_jpg_2024-05-09_12-40-54.webp.webp?fit=1200%2C675&ssl=1&resize=350%2C200","width":350,"height":200,"srcset":"https:\/\/i0.wp.com\/ismaelcolosi.com.br\/wp-content\/uploads\/2024\/05\/planeta-dos-macacos-o-reinado_x9v9_2024-05-09_12-40-54_jpg_2024-05-09_12-40-54.webp.webp?fit=1200%2C675&ssl=1&resize=350%2C200 1x, https:\/\/i0.wp.com\/ismaelcolosi.com.br\/wp-content\/uploads\/2024\/05\/planeta-dos-macacos-o-reinado_x9v9_2024-05-09_12-40-54_jpg_2024-05-09_12-40-54.webp.webp?fit=1200%2C675&ssl=1&resize=525%2C300 1.5x, https:\/\/i0.wp.com\/ismaelcolosi.com.br\/wp-content\/uploads\/2024\/05\/planeta-dos-macacos-o-reinado_x9v9_2024-05-09_12-40-54_jpg_2024-05-09_12-40-54.webp.webp?fit=1200%2C675&ssl=1&resize=700%2C400 2x, https:\/\/i0.wp.com\/ismaelcolosi.com.br\/wp-content\/uploads\/2024\/05\/planeta-dos-macacos-o-reinado_x9v9_2024-05-09_12-40-54_jpg_2024-05-09_12-40-54.webp.webp?fit=1200%2C675&ssl=1&resize=1050%2C600 3x"},"classes":[]},{"id":54694,"url":"https:\/\/ismaelcolosi.com.br\/index.php\/2024\/06\/27\/to-de-graca-e-um-lugar-silencioso-entram-em-cartaz-nos-cinemas-nesta-quinta-feira-confira\/","url_meta":{"origin":69082,"position":3},"title":"\u2018T\u00f4 De Gra\u00e7a\u2019 e \u2018Um Lugar Silencioso\u2019 entram em cartaz nos cinemas nesta quinta-feira; Confira","author":"ismaelcolosi.com.br","date":"27 de June de 2024","format":false,"excerpt":"Nesta quinta-feira (27), os cinemas de Ribeir\u00e3o Preto recebem filmes nacionais e internacionais. Entre os longas que entram em cartaz, os destaques s\u00e3o: \u201cT\u00f4 De Gra\u00e7a \u2013 O Filme\u201d e \u201cUm Lugar Silencioso: Dia Um\u201d. Ribeir\u00e3o Preto conta com quatro cinemas, o UCI localizado no Ribeir\u00e3o Shopping, o Cinep\u00f3lis nos\u2026","rel":"","context":"In &quot;Not\u00edcias de Ribeir\u00e3o Preto-SP e Regi\u00e3o&quot;","block_context":{"text":"Not\u00edcias de Ribeir\u00e3o Preto-SP e Regi\u00e3o","link":"https:\/\/ismaelcolosi.com.br\/index.php\/category\/noticias-de-ribeirao-preto-sp-e-regiao-ismael-colosi\/"},"img":{"alt_text":"","src":"https:\/\/i0.wp.com\/ismaelcolosi.com.br\/wp-content\/uploads\/2024\/06\/Capturar_2024-06-27_12-20-49_jpg_2024-06-27_12-20-49.webp.webp?fit=768%2C417&ssl=1&resize=350%2C200","width":350,"height":200,"srcset":"https:\/\/i0.wp.com\/ismaelcolosi.com.br\/wp-content\/uploads\/2024\/06\/Capturar_2024-06-27_12-20-49_jpg_2024-06-27_12-20-49.webp.webp?fit=768%2C417&ssl=1&resize=350%2C200 1x, https:\/\/i0.wp.com\/ismaelcolosi.com.br\/wp-content\/uploads\/2024\/06\/Capturar_2024-06-27_12-20-49_jpg_2024-06-27_12-20-49.webp.webp?fit=768%2C417&ssl=1&resize=525%2C300 1.5x, https:\/\/i0.wp.com\/ismaelcolosi.com.br\/wp-content\/uploads\/2024\/06\/Capturar_2024-06-27_12-20-49_jpg_2024-06-27_12-20-49.webp.webp?fit=768%2C417&ssl=1&resize=700%2C400 2x"},"classes":[]},{"id":64820,"url":"https:\/\/ismaelcolosi.com.br\/index.php\/2024\/09\/09\/semana-do-cinema-tera-ingressos-por-r-12-veja-quando-comeca\/","url_meta":{"origin":69082,"position":4},"title":"Semana do Cinema ter\u00e1 ingressos por R$ 12; Veja quando come\u00e7a","author":"ismaelcolosi.com.br","date":"9 de September de 2024","format":false,"excerpt":"A Semana Do Cinema acontece pela segunda vez este ano e proporciona aos cin\u00e9filos ingressos por R$ 12. A iniciativa come\u00e7a nesta quinta-feira (12) e segue at\u00e9 quarta-feira (18). Essa \u00e9 a quinta edi\u00e7\u00e3o da Semana do Cinema, que al\u00e9m do desconto nos valores dos ingressos, tamb\u00e9m conta com promo\u00e7\u00f5es\u2026","rel":"","context":"In &quot;Not\u00edcias de Ribeir\u00e3o Preto-SP e Regi\u00e3o&quot;","block_context":{"text":"Not\u00edcias de Ribeir\u00e3o Preto-SP e Regi\u00e3o","link":"https:\/\/ismaelcolosi.com.br\/index.php\/category\/noticias-de-ribeirao-preto-sp-e-regiao-ismael-colosi\/"},"img":{"alt_text":"","src":"https:\/\/i0.wp.com\/ismaelcolosi.com.br\/wp-content\/uploads\/2024\/09\/pexels-tima-miroshnichenko-7991158_2024-09-09_14-25-55.webp.webp?fit=888%2C592&ssl=1&resize=350%2C200","width":350,"height":200,"srcset":"https:\/\/i0.wp.com\/ismaelcolosi.com.br\/wp-content\/uploads\/2024\/09\/pexels-tima-miroshnichenko-7991158_2024-09-09_14-25-55.webp.webp?fit=888%2C592&ssl=1&resize=350%2C200 1x, https:\/\/i0.wp.com\/ismaelcolosi.com.br\/wp-content\/uploads\/2024\/09\/pexels-tima-miroshnichenko-7991158_2024-09-09_14-25-55.webp.webp?fit=888%2C592&ssl=1&resize=525%2C300 1.5x, https:\/\/i0.wp.com\/ismaelcolosi.com.br\/wp-content\/uploads\/2024\/09\/pexels-tima-miroshnichenko-7991158_2024-09-09_14-25-55.webp.webp?fit=888%2C592&ssl=1&resize=700%2C400 2x"},"classes":[]},{"id":48358,"url":"https:\/\/ismaelcolosi.com.br\/index.php\/2024\/05\/02\/veja-os-lancamentos-nos-cinemas-de-ribeirao-preto-nesta-quinta-feira\/","url_meta":{"origin":69082,"position":5},"title":"Veja os lan\u00e7amentos nos cinemas de Ribeir\u00e3o Preto nesta quinta-feira","author":"ismaelcolosi.com.br","date":"2 de May de 2024","format":false,"excerpt":"Os cinemas de Ribeir\u00e3o Preto contam com lan\u00e7amentos nesta quinta-feira (2). Al\u00e9m das op\u00e7\u00f5es como, \u201cO Dubl\u00ea\u201d, \u201cA Teia\u201d e \u201cF\u00e9rias Trocadas\u201d que estreiam hoje. Confira a programa\u00e7\u00e3o completa: Ribeir\u00e3o Preto conta com quatro cinemas nos shoppings: o UCI localizado no Ribeir\u00e3o Shopping, o Cinep\u00f3lis nos shoppings Santa \u00darsula e\u2026","rel":"","context":"In &quot;Not\u00edcias de Ribeir\u00e3o Preto-SP e Regi\u00e3o&quot;","block_context":{"text":"Not\u00edcias de Ribeir\u00e3o Preto-SP e Regi\u00e3o","link":"https:\/\/ismaelcolosi.com.br\/index.php\/category\/noticias-de-ribeirao-preto-sp-e-regiao-ismael-colosi\/"},"img":{"alt_text":"","src":"https:\/\/i0.wp.com\/ismaelcolosi.com.br\/wp-content\/uploads\/2024\/05\/o-duble-1024x576-1_2024-05-02_12-09-03_jpeg_2024-05-02_12-09-03.webp.webp?fit=904%2C508&ssl=1&resize=350%2C200","width":350,"height":200,"srcset":"https:\/\/i0.wp.com\/ismaelcolosi.com.br\/wp-content\/uploads\/2024\/05\/o-duble-1024x576-1_2024-05-02_12-09-03_jpeg_2024-05-02_12-09-03.webp.webp?fit=904%2C508&ssl=1&resize=350%2C200 1x, https:\/\/i0.wp.com\/ismaelcolosi.com.br\/wp-content\/uploads\/2024\/05\/o-duble-1024x576-1_2024-05-02_12-09-03_jpeg_2024-05-02_12-09-03.webp.webp?fit=904%2C508&ssl=1&resize=525%2C300 1.5x, https:\/\/i0.wp.com\/ismaelcolosi.com.br\/wp-content\/uploads\/2024\/05\/o-duble-1024x576-1_2024-05-02_12-09-03_jpeg_2024-05-02_12-09-03.webp.webp?fit=904%2C508&ssl=1&resize=700%2C400 2x"},"classes":[]}],"jetpack_sharing_enabled":true,"jetpack_shortlink":"https:\/\/wp.me\/pfMlyK-hYe","_links":{"self":[{"href":"https:\/\/ismaelcolosi.com.br\/index.php\/wp-json\/wp\/v2\/posts\/69082","targetHints":{"allow":["GET"]}}],"collection":[{"href":"https:\/\/ismaelcolosi.com.br\/index.php\/wp-json\/wp\/v2\/posts"}],"about":[{"href":"https:\/\/ismaelcolosi.com.br\/index.php\/wp-json\/wp\/v2\/types\/post"}],"author":[{"embeddable":true,"href":"https:\/\/ismaelcolosi.com.br\/index.php\/wp-json\/wp\/v2\/users\/1"}],"replies":[{"embeddable":true,"href":"https:\/\/ismaelcolosi.com.br\/index.php\/wp-json\/wp\/v2\/comments?post=69082"}],"version-history":[{"count":0,"href":"https:\/\/ismaelcolosi.com.br\/index.php\/wp-json\/wp\/v2\/posts\/69082\/revisions"}],"wp:featuredmedia":[{"embeddable":true,"href":"https:\/\/ismaelcolosi.com.br\/index.php\/wp-json\/wp\/v2\/media\/69083"}],"wp:attachment":[{"href":"https:\/\/ismaelcolosi.com.br\/index.php\/wp-json\/wp\/v2\/media?parent=69082"}],"wp:term":[{"taxonomy":"category","embeddable":true,"href":"https:\/\/ismaelcolosi.com.br\/index.php\/wp-json\/wp\/v2\/categories?post=69082"},{"taxonomy":"post_tag","embeddable":true,"href":"https:\/\/ismaelcolosi.com.br\/index.php\/wp-json\/wp\/v2\/tags?post=69082"}],"curies":[{"name":"wp","href":"https:\/\/api.w.org\/{rel}","templated":true}]}}