{"id":69078,"date":"2024-10-03T12:17:48","date_gmt":"2024-10-03T15:17:48","guid":{"rendered":"https:\/\/ismaelcolosi.com.br\/index.php\/2024\/10\/03\/mae-denuncia-o-proprio-filho-por-furto-de-celular-em-ribeirao-preto\/"},"modified":"2024-10-03T12:17:48","modified_gmt":"2024-10-03T15:17:48","slug":"mae-denuncia-o-proprio-filho-por-furto-de-celular-em-ribeirao-preto","status":"publish","type":"post","link":"https:\/\/ismaelcolosi.com.br\/index.php\/2024\/10\/03\/mae-denuncia-o-proprio-filho-por-furto-de-celular-em-ribeirao-preto\/","title":{"rendered":"M\u00e3e denuncia o pr\u00f3prio filho por furto de celular em Ribeir\u00e3o Preto"},"content":{"rendered":"<p> <br \/>\n<\/p>\n<div data-td-block-uid=\"tdi_106\">\n<div class=\"tdb-block-inner td-fix-index\">\n<p><strong>Uma mulher de 70 anos denunciou o pr\u00f3prio filho \u00e0 pol\u00edcia, ap\u00f3s descobrir que ele havia furtado seu aparelho celular, no bairro\u00a0Ant\u00f4nio Marincek, zona Norte de Ribeir\u00e3o Preto.<\/strong><\/p>\n<p>Segundo o <strong>boletim de ocorr\u00eancia (BO)<\/strong>, a <strong>v\u00edtima <\/strong>relatou \u00e0 <strong>pol\u00edcia <\/strong>que o <strong>filho<\/strong>, de <strong>38 anos<\/strong>, havia sa\u00eddo da <strong>pris\u00e3o <\/strong>no \u00faltimo dia 27 de junho e passou a morar com ela.<\/p>\n<p>Ainda conforme o registro, o filho teria <strong>furtado <\/strong>o <strong>celular <\/strong>da m\u00e3e nesta ter\u00e7a-feira (1\u00ba), no per\u00edodo da manh\u00e3.<\/p>\n<p>O caso foi registado na <strong>CPJ (Central de Pol\u00edcia Judici\u00e1ria) Permanente<\/strong> como <strong>furto <\/strong>para investiga\u00e7\u00e3o da <strong>Pol\u00edcia Civil<\/strong>.<\/p>\n<p>SAIBA MAIS<\/p>\n<p>Vendedor tem moto de luxo roubada no tr\u00e2nsito de Ribeir\u00e3o Preto<\/p>\n<h4 class=\"wp-block-heading\"><strong>FIQUE ON<\/strong><\/h4>\n<p>Fique ligado em tudo que acontece em Ribeir\u00e3o Preto e regi\u00e3o. Siga os perfis do\u00a0<strong>acidade on\u00a0<\/strong>no\u00a0<a href=\"https:\/\/www.instagram.com\/acidadeonribeirao\" target=\"_blank\" rel=\"noreferrer noopener\">Instagram<\/a>\u00a0e no\u00a0<a href=\"https:\/\/www.facebook.com\/acidadeonribeirao\" target=\"_blank\" rel=\"noreferrer noopener\">Facebook<\/a>.<\/p>\n<p>Receba not\u00edcias do acidade on no WhatsApp. Para entrar no grupo, basta\u00a0<a href=\"https:\/\/chat.whatsapp.com\/Dtv9mxhy6V5BJBotM2OQ5k\" target=\"_blank\" rel=\"noreferrer noopener\">clicar aqui<\/a>.<\/p>\n<p>Fa\u00e7a uma den\u00fancia ou sugira uma reportagem sobre Ribeir\u00e3o Preto e regi\u00e3o pelo WhatsApp: 16 99117 7802.<\/p>\n<p>VEJA TAMB\u00c9M<\/p>\n<p>Qual diferen\u00e7a entre voto nulo e branco?<\/p>\n<p><!-- CONTENT END 1 -->\n<\/div>\n<\/div>\n<p><script async src=\"\/\/www.instagram.com\/embed.js\"><\/script><br \/>\n<br \/><br \/>\n<br \/><a href=\"https:\/\/www.acidadeon.com\/ribeiraopreto\/cotidiano\/mae-denuncia-o-proprio-filho-por-furto-de-celular-em-ribeirao-preto\/\">Source link <\/a><\/p>\n","protected":false},"excerpt":{"rendered":"<p>Uma mulher de 70 anos denunciou o pr\u00f3prio filho \u00e0 pol\u00edcia, ap\u00f3s descobrir que ele havia furtado seu aparelho celular, no bairro\u00a0Ant\u00f4nio Marincek, zona Norte&#8230;<\/p>\n","protected":false},"author":1,"featured_media":69079,"comment_status":"open","ping_status":"open","sticky":false,"template":"","format":"standard","meta":{"_uag_custom_page_level_css":"","advanced_seo_description":"","jetpack_seo_html_title":"","jetpack_seo_noindex":false,"jetpack_post_was_ever_published":false,"_jetpack_newsletter_access":"","_jetpack_dont_email_post_to_subs":false,"_jetpack_newsletter_tier_id":0,"_jetpack_memberships_contains_paywalled_content":false,"_jetpack_memberships_contains_paid_content":false,"footnotes":"","jetpack_publicize_message":"","jetpack_publicize_feature_enabled":true,"jetpack_social_post_already_shared":true,"jetpack_social_options":{"image_generator_settings":{"template":"highway","default_image_id":0,"font":"","enabled":false},"version":2}},"categories":[11],"tags":[],"class_list":["post-69078","post","type-post","status-publish","format-standard","has-post-thumbnail","hentry","category-noticias-de-ribeirao-preto-sp-e-regiao-ismael-colosi"],"jetpack_publicize_connections":[],"jetpack_featured_media_url":"https:\/\/i0.wp.com\/ismaelcolosi.com.br\/wp-content\/uploads\/2024\/10\/cpj_policia_1200x675_30012022162443.jpg?fit=1200%2C675&ssl=1","uagb_featured_image_src":{"full":["https:\/\/i0.wp.com\/ismaelcolosi.com.br\/wp-content\/uploads\/2024\/10\/cpj_policia_1200x675_30012022162443.jpg?fit=1200%2C675&ssl=1",1200,675,false],"thumbnail":["https:\/\/i0.wp.com\/ismaelcolosi.com.br\/wp-content\/uploads\/2024\/10\/cpj_policia_1200x675_30012022162443.jpg?resize=150%2C150&ssl=1",150,150,true],"medium":["https:\/\/i0.wp.com\/ismaelcolosi.com.br\/wp-content\/uploads\/2024\/10\/cpj_policia_1200x675_30012022162443.jpg?fit=300%2C169&ssl=1",300,169,true],"medium_large":["https:\/\/i0.wp.com\/ismaelcolosi.com.br\/wp-content\/uploads\/2024\/10\/cpj_policia_1200x675_30012022162443.jpg?fit=768%2C432&ssl=1",768,432,true],"large":["https:\/\/i0.wp.com\/ismaelcolosi.com.br\/wp-content\/uploads\/2024\/10\/cpj_policia_1200x675_30012022162443.jpg?fit=1024%2C576&ssl=1",1024,576,true],"1536x1536":["https:\/\/i0.wp.com\/ismaelcolosi.com.br\/wp-content\/uploads\/2024\/10\/cpj_policia_1200x675_30012022162443.jpg?fit=1200%2C675&ssl=1",1200,675,true],"2048x2048":["https:\/\/i0.wp.com\/ismaelcolosi.com.br\/wp-content\/uploads\/2024\/10\/cpj_policia_1200x675_30012022162443.jpg?fit=1200%2C675&ssl=1",1200,675,true],"really-simple-thumb":["https:\/\/i0.wp.com\/ismaelcolosi.com.br\/wp-content\/uploads\/2024\/10\/cpj_policia_1200x675_30012022162443.jpg?resize=370%2C247&ssl=1",370,247,true]},"uagb_author_info":{"display_name":"ismaelcolosi.com.br","author_link":"https:\/\/ismaelcolosi.com.br\/index.php\/author\/vidareal-online\/"},"uagb_comment_info":0,"uagb_excerpt":"Uma mulher de 70 anos denunciou o pr\u00f3prio filho \u00e0 pol\u00edcia, ap\u00f3s descobrir que ele havia furtado seu aparelho celular, no bairro\u00a0Ant\u00f4nio Marincek, zona Norte...","jetpack-related-posts":[{"id":1087,"url":"https:\/\/ismaelcolosi.com.br\/index.php\/2023\/11\/10\/homem-tenta-roubar-celular-do-proprio-filho-para-trocar-por-drogas\/","url_meta":{"origin":69078,"position":0},"title":"Homem tenta roubar celular do pr\u00f3prio filho para trocar por drogas","author":"ismaelcolosi.com.br","date":"10 de November de 2023","format":false,"excerpt":"10 de novembro de 2023 | 11:27 0A Pol\u00edcia Militar foi acionada para uma ocorr\u00eancia de desintelig\u00eancia de casal, onde um pai tentou roubar o celular do pr\u00f3prio filho em Ribeir\u00e3o Preto.A ocorr\u00eancia aconteceu na avenida Independ\u00eancia, no Alto da Boa Vista.A mulher de 35 anos declarou no Boletim de\u2026","rel":"","context":"In &quot;Not\u00edcias de Ribeir\u00e3o Preto-SP e Regi\u00e3o&quot;","block_context":{"text":"Not\u00edcias de Ribeir\u00e3o Preto-SP e Regi\u00e3o","link":"https:\/\/ismaelcolosi.com.br\/index.php\/category\/noticias-de-ribeirao-preto-sp-e-regiao-ismael-colosi\/"},"img":{"alt_text":"","src":"https:\/\/i0.wp.com\/ismaelcolosi.com.br\/wp-content\/uploads\/2023\/11\/policia-1.jpg?fit=702%2C439&ssl=1&resize=350%2C200","width":350,"height":200,"srcset":"https:\/\/i0.wp.com\/ismaelcolosi.com.br\/wp-content\/uploads\/2023\/11\/policia-1.jpg?fit=702%2C439&ssl=1&resize=350%2C200 1x, https:\/\/i0.wp.com\/ismaelcolosi.com.br\/wp-content\/uploads\/2023\/11\/policia-1.jpg?fit=702%2C439&ssl=1&resize=525%2C300 1.5x, https:\/\/i0.wp.com\/ismaelcolosi.com.br\/wp-content\/uploads\/2023\/11\/policia-1.jpg?fit=702%2C439&ssl=1&resize=700%2C400 2x"},"classes":[]},{"id":55860,"url":"https:\/\/ismaelcolosi.com.br\/index.php\/2024\/07\/06\/homem-morre-apos-ser-esfaqueado-durante-discussao-por-furto-de-celular-na-regiao-de-ribeirao\/","url_meta":{"origin":69078,"position":1},"title":"Homem morre ap\u00f3s ser esfaqueado durante discuss\u00e3o por furto de celular na regi\u00e3o de Ribeir\u00e3o","author":"ismaelcolosi.com.br","date":"6 de July de 2024","format":false,"excerpt":"Um homem de 37 anos morreu ap\u00f3s ser esfaqueado durante uma briga, na noite desta sexta-feira (5), em Franca, cidade na regi\u00e3o de Ribeir\u00e3o Preto. De acordo com o boletim de ocorr\u00eancia (BO), o crime aconteceu na frente da esposa da v\u00edtima, depois de uma discuss\u00e3o com um homem suspeito\u2026","rel":"","context":"In &quot;Not\u00edcias de Ribeir\u00e3o Preto-SP e Regi\u00e3o&quot;","block_context":{"text":"Not\u00edcias de Ribeir\u00e3o Preto-SP e Regi\u00e3o","link":"https:\/\/ismaelcolosi.com.br\/index.php\/category\/noticias-de-ribeirao-preto-sp-e-regiao-ismael-colosi\/"},"img":{"alt_text":"","src":"https:\/\/i0.wp.com\/ismaelcolosi.com.br\/wp-content\/uploads\/2024\/07\/giroflex_policia_1024x576_23032020103807.jpg?fit=1024%2C576&ssl=1&resize=350%2C200","width":350,"height":200,"srcset":"https:\/\/i0.wp.com\/ismaelcolosi.com.br\/wp-content\/uploads\/2024\/07\/giroflex_policia_1024x576_23032020103807.jpg?fit=1024%2C576&ssl=1&resize=350%2C200 1x, https:\/\/i0.wp.com\/ismaelcolosi.com.br\/wp-content\/uploads\/2024\/07\/giroflex_policia_1024x576_23032020103807.jpg?fit=1024%2C576&ssl=1&resize=525%2C300 1.5x, https:\/\/i0.wp.com\/ismaelcolosi.com.br\/wp-content\/uploads\/2024\/07\/giroflex_policia_1024x576_23032020103807.jpg?fit=1024%2C576&ssl=1&resize=700%2C400 2x"},"classes":[]},{"id":22011,"url":"https:\/\/ismaelcolosi.com.br\/index.php\/2023\/12\/29\/mulher-e-presa-apos-furto-de-roupas-no-centro-de-ribeirao-preto\/","url_meta":{"origin":69078,"position":2},"title":"Mulher \u00e9 presa ap\u00f3s furto de roupas no Centro de Ribeir\u00e3o Preto","author":"ismaelcolosi.com.br","date":"29 de December de 2023","format":false,"excerpt":"Uma mulher de 30 anos foi presa ap\u00f3s furtar 20 pe\u00e7as de roupas e uma bolsa em lojas no Centro de Ribeir\u00e3o Preto, na \u00faltima quarta-feira (27). De acordo com o B.O. (Boletim de ocorr\u00eancia), a acusada estava com duas crian\u00e7as, sendo que uma delas era o filho dela e\u2026","rel":"","context":"In &quot;Not\u00edcias de Ribeir\u00e3o Preto-SP e Regi\u00e3o&quot;","block_context":{"text":"Not\u00edcias de Ribeir\u00e3o Preto-SP e Regi\u00e3o","link":"https:\/\/ismaelcolosi.com.br\/index.php\/category\/noticias-de-ribeirao-preto-sp-e-regiao-ismael-colosi\/"},"img":{"alt_text":"","src":"https:\/\/i0.wp.com\/ismaelcolosi.com.br\/wp-content\/uploads\/2023\/12\/loja-de-roupa.jpg?fit=1200%2C800&ssl=1&resize=350%2C200","width":350,"height":200,"srcset":"https:\/\/i0.wp.com\/ismaelcolosi.com.br\/wp-content\/uploads\/2023\/12\/loja-de-roupa.jpg?fit=1200%2C800&ssl=1&resize=350%2C200 1x, https:\/\/i0.wp.com\/ismaelcolosi.com.br\/wp-content\/uploads\/2023\/12\/loja-de-roupa.jpg?fit=1200%2C800&ssl=1&resize=525%2C300 1.5x, https:\/\/i0.wp.com\/ismaelcolosi.com.br\/wp-content\/uploads\/2023\/12\/loja-de-roupa.jpg?fit=1200%2C800&ssl=1&resize=700%2C400 2x, https:\/\/i0.wp.com\/ismaelcolosi.com.br\/wp-content\/uploads\/2023\/12\/loja-de-roupa.jpg?fit=1200%2C800&ssl=1&resize=1050%2C600 3x"},"classes":[]},{"id":33537,"url":"https:\/\/ismaelcolosi.com.br\/index.php\/2024\/01\/29\/adolescentes-sao-detidos-por-policial-que-deixava-o-filho-na-escola-em-ribeirao\/","url_meta":{"origin":69078,"position":3},"title":"Adolescentes s\u00e3o detidos por policial que deixava o filho na escola em Ribeir\u00e3o","author":"ismaelcolosi.com.br","date":"29 de January de 2024","format":false,"excerpt":"Dois adolescentes foram detidos por uma policial que havia deixado o filho na escola, ap\u00f3s se envolverem em um roubo, na tarde desta segunda-feira (29), em Ribeir\u00e3o Preto. De acordo com o boletim de ocorr\u00eancia (BO), a policial civil estava voltando para o seu carro, que estava estacionada na rua\u2026","rel":"","context":"In &quot;Not\u00edcias de Ribeir\u00e3o Preto-SP e Regi\u00e3o&quot;","block_context":{"text":"Not\u00edcias de Ribeir\u00e3o Preto-SP e Regi\u00e3o","link":"https:\/\/ismaelcolosi.com.br\/index.php\/category\/noticias-de-ribeirao-preto-sp-e-regiao-ismael-colosi\/"},"img":{"alt_text":"","src":"https:\/\/i0.wp.com\/ismaelcolosi.com.br\/wp-content\/uploads\/2024\/01\/policia_civil_1200x675_20122021140226.jpg?fit=1200%2C679&ssl=1&resize=350%2C200","width":350,"height":200,"srcset":"https:\/\/i0.wp.com\/ismaelcolosi.com.br\/wp-content\/uploads\/2024\/01\/policia_civil_1200x675_20122021140226.jpg?fit=1200%2C679&ssl=1&resize=350%2C200 1x, https:\/\/i0.wp.com\/ismaelcolosi.com.br\/wp-content\/uploads\/2024\/01\/policia_civil_1200x675_20122021140226.jpg?fit=1200%2C679&ssl=1&resize=525%2C300 1.5x, https:\/\/i0.wp.com\/ismaelcolosi.com.br\/wp-content\/uploads\/2024\/01\/policia_civil_1200x675_20122021140226.jpg?fit=1200%2C679&ssl=1&resize=700%2C400 2x, https:\/\/i0.wp.com\/ismaelcolosi.com.br\/wp-content\/uploads\/2024\/01\/policia_civil_1200x675_20122021140226.jpg?fit=1200%2C679&ssl=1&resize=1050%2C600 3x"},"classes":[]},{"id":22741,"url":"https:\/\/ismaelcolosi.com.br\/index.php\/2023\/12\/30\/brasileiro-que-mora-nos-eua-esta-desaparecido-em-ribeirao-preto\/","url_meta":{"origin":69078,"position":4},"title":"Brasileiro que mora nos EUA est\u00e1 desaparecido em Ribeir\u00e3o Preto","author":"ismaelcolosi.com.br","date":"30 de December de 2023","format":false,"excerpt":"Uma fam\u00edlia de Ribeir\u00e3o Preto procura por Paulo Roberto Carvalho Pena Braga Filho, de 34 anos, que est\u00e1 desaparecido desde a noite da \u00faltima quinta-feira (28). O homem que trabalha e mora nos Estados Unidos veio passar as festas de final de ano com a fam\u00edlia, em Ribeir\u00e3o. Na \u00faltima\u2026","rel":"","context":"In &quot;Not\u00edcias de Ribeir\u00e3o Preto-SP e Regi\u00e3o&quot;","block_context":{"text":"Not\u00edcias de Ribeir\u00e3o Preto-SP e Regi\u00e3o","link":"https:\/\/ismaelcolosi.com.br\/index.php\/category\/noticias-de-ribeirao-preto-sp-e-regiao-ismael-colosi\/"},"img":{"alt_text":"","src":"https:\/\/i0.wp.com\/ismaelcolosi.com.br\/wp-content\/uploads\/2023\/12\/Copia-de-Copia-de-TAMANHO-EXATO-PARA-FOTOS-NO-SISTEMA-NOVO-28.png?fit=1200%2C675&ssl=1&resize=350%2C200","width":350,"height":200,"srcset":"https:\/\/i0.wp.com\/ismaelcolosi.com.br\/wp-content\/uploads\/2023\/12\/Copia-de-Copia-de-TAMANHO-EXATO-PARA-FOTOS-NO-SISTEMA-NOVO-28.png?fit=1200%2C675&ssl=1&resize=350%2C200 1x, https:\/\/i0.wp.com\/ismaelcolosi.com.br\/wp-content\/uploads\/2023\/12\/Copia-de-Copia-de-TAMANHO-EXATO-PARA-FOTOS-NO-SISTEMA-NOVO-28.png?fit=1200%2C675&ssl=1&resize=525%2C300 1.5x, https:\/\/i0.wp.com\/ismaelcolosi.com.br\/wp-content\/uploads\/2023\/12\/Copia-de-Copia-de-TAMANHO-EXATO-PARA-FOTOS-NO-SISTEMA-NOVO-28.png?fit=1200%2C675&ssl=1&resize=700%2C400 2x, https:\/\/i0.wp.com\/ismaelcolosi.com.br\/wp-content\/uploads\/2023\/12\/Copia-de-Copia-de-TAMANHO-EXATO-PARA-FOTOS-NO-SISTEMA-NOVO-28.png?fit=1200%2C675&ssl=1&resize=1050%2C600 3x"},"classes":[]},{"id":59486,"url":"https:\/\/ismaelcolosi.com.br\/index.php\/2024\/08\/08\/homem-e-rendido-pelo-filho-armado-da-companheira-apos-marcar-encontro-em-ribeirao\/","url_meta":{"origin":69078,"position":5},"title":"Homem \u00e9 rendido pelo filho armado da companheira ap\u00f3s marcar encontro em Ribeir\u00e3o","author":"ismaelcolosi.com.br","date":"8 de August de 2024","format":false,"excerpt":"Um homem foi rendido pelo filho armado da companheira, nesta quarta-feira (7), no bairro Cristo Redentor, zona Norte de Ribeir\u00e3o Preto. De acordo com o boletim de ocorr\u00eancia (BO), a v\u00edtima, de 48 anos, teria ido at\u00e9 uma resid\u00eancia para encontrar a mulher. Os dois planejavam sair para jantar pela\u2026","rel":"","context":"In &quot;Not\u00edcias de Ribeir\u00e3o Preto-SP e Regi\u00e3o&quot;","block_context":{"text":"Not\u00edcias de Ribeir\u00e3o Preto-SP e Regi\u00e3o","link":"https:\/\/ismaelcolosi.com.br\/index.php\/category\/noticias-de-ribeirao-preto-sp-e-regiao-ismael-colosi\/"},"img":{"alt_text":"","src":"https:\/\/ismaelcolosi.com.br\/wp-content\/uploads\/2024\/02\/whatsapp_image_2022-08-14_at_12_10_03.jpe","width":350,"height":200,"srcset":"https:\/\/ismaelcolosi.com.br\/wp-content\/uploads\/2024\/02\/whatsapp_image_2022-08-14_at_12_10_03.jpe 1x, https:\/\/ismaelcolosi.com.br\/wp-content\/uploads\/2024\/02\/whatsapp_image_2022-08-14_at_12_10_03.jpe 1.5x, https:\/\/ismaelcolosi.com.br\/wp-content\/uploads\/2024\/02\/whatsapp_image_2022-08-14_at_12_10_03.jpe 2x, https:\/\/ismaelcolosi.com.br\/wp-content\/uploads\/2024\/02\/whatsapp_image_2022-08-14_at_12_10_03.jpe 3x"},"classes":[]}],"jetpack_sharing_enabled":true,"jetpack_shortlink":"https:\/\/wp.me\/pfMlyK-hYa","_links":{"self":[{"href":"https:\/\/ismaelcolosi.com.br\/index.php\/wp-json\/wp\/v2\/posts\/69078","targetHints":{"allow":["GET"]}}],"collection":[{"href":"https:\/\/ismaelcolosi.com.br\/index.php\/wp-json\/wp\/v2\/posts"}],"about":[{"href":"https:\/\/ismaelcolosi.com.br\/index.php\/wp-json\/wp\/v2\/types\/post"}],"author":[{"embeddable":true,"href":"https:\/\/ismaelcolosi.com.br\/index.php\/wp-json\/wp\/v2\/users\/1"}],"replies":[{"embeddable":true,"href":"https:\/\/ismaelcolosi.com.br\/index.php\/wp-json\/wp\/v2\/comments?post=69078"}],"version-history":[{"count":0,"href":"https:\/\/ismaelcolosi.com.br\/index.php\/wp-json\/wp\/v2\/posts\/69078\/revisions"}],"wp:featuredmedia":[{"embeddable":true,"href":"https:\/\/ismaelcolosi.com.br\/index.php\/wp-json\/wp\/v2\/media\/69079"}],"wp:attachment":[{"href":"https:\/\/ismaelcolosi.com.br\/index.php\/wp-json\/wp\/v2\/media?parent=69078"}],"wp:term":[{"taxonomy":"category","embeddable":true,"href":"https:\/\/ismaelcolosi.com.br\/index.php\/wp-json\/wp\/v2\/categories?post=69078"},{"taxonomy":"post_tag","embeddable":true,"href":"https:\/\/ismaelcolosi.com.br\/index.php\/wp-json\/wp\/v2\/tags?post=69078"}],"curies":[{"name":"wp","href":"https:\/\/api.w.org\/{rel}","templated":true}]}}