{"id":68933,"date":"2024-10-02T15:54:26","date_gmt":"2024-10-02T18:54:26","guid":{"rendered":"https:\/\/ismaelcolosi.com.br\/index.php\/2024\/10\/02\/primeira-frente-fria-de-outubro-se-aproxima-do-interior-de-sp-com-chuva-e-ventos-intensos\/"},"modified":"2024-10-02T15:54:26","modified_gmt":"2024-10-02T18:54:26","slug":"primeira-frente-fria-de-outubro-se-aproxima-do-interior-de-sp-com-chuva-e-ventos-intensos","status":"publish","type":"post","link":"https:\/\/ismaelcolosi.com.br\/index.php\/2024\/10\/02\/primeira-frente-fria-de-outubro-se-aproxima-do-interior-de-sp-com-chuva-e-ventos-intensos\/","title":{"rendered":"Primeira frente fria de outubro se aproxima do interior de SP com chuva e ventos intensos"},"content":{"rendered":"<p> <br \/>\n<\/p>\n<div>\n<p>A <strong>frente fria<\/strong> que se desloca pelo Brasil nesta quarta-feira (2) marca a entrada do primeiro sistema frontal significativo de outubro, trazendo instabilidades e mudan\u00e7as clim\u00e1ticas para amplas \u00e1reas do Pa\u00eds, principal para os estados da regi\u00e3o Sul, Mato Grosso do Sul e <strong>S\u00e3o Paulo<\/strong>, <mark style=\"background-color:#fcb900\" class=\"has-inline-color has-black-color\">que podem registrar chuva e ventos intensos a partir desta quinta-feira (3).<\/mark><\/p>\n<p>De acordo com a<strong><a href=\"https:\/\/www.climatempo.com.br\/noticia\/2024\/10\/02\/primeira-frente-fria-de-outubro-traz-chuvas-intensas-e-ventos-6598\" target=\"_blank\" rel=\"noreferrer noopener nofollow\"> Climatempo<\/a><\/strong>, a mudan\u00e7a no tempo deve acontecer no litoral e nas regi\u00f5es Leste, Sul e Oeste do interior de S\u00e3o Paulo. \u201cO efeito deve se intensificar ao longo dos pr\u00f3ximos dias\u201d, informam os meteorologistas.<\/p>\n<p>A Climatempo aponta que o sistema favorece ventos intensos em amplas \u00e1reas do Sul, Mato Grosso do Sul e S\u00e3o Paulo, com <mark style=\"background-color:#fcb900\" class=\"has-inline-color has-black-color\">rajadas entre 40 e 50 km\/h<\/mark>. Nas \u00e1reas litor\u00e2neas, como o litoral sul de S\u00e3o Paulo, as rajadas podem superar 70 km\/h, o que refor\u00e7a a necessidade de aten\u00e7\u00e3o para atividades costeiras, como navega\u00e7\u00e3o e pesca.<\/p>\n<p>\u201cAo longo dos pr\u00f3ximos dias, a frente fria continuar\u00e1 avan\u00e7ando lentamente para o norte e noroeste, levando instabilidades para o Mato Grosso do Sul e S\u00e3o Paulo. A faixa leste de S\u00e3o Paulo ser\u00e1 particularmente afetada, com alerta para temporais, chuva forte e possibilidade de ventos intensos que podem superar os 50 km\/h\u201d, completa.<\/p>\n<h4 class=\"wp-block-heading\"><strong>Em Ribeir\u00e3o Preto<\/strong><\/h4>\n<p>Ribeir\u00e3o Preto ainda n\u00e3o vai sentir os impactos da frente fria nos pr\u00f3ximos dias. <a href=\"https:\/\/www.climatempo.com.br\/previsao-do-tempo\/15-dias\/cidade\/530\/ribeiraopreto-sp\" target=\"_blank\" rel=\"noreferrer noopener nofollow\">A cidade tem previs\u00e3o de chuva apenas a partir da quinta-feira (10), quando deve registrar pancadas nos per\u00edodos da tarde e da noite.<\/a><\/p>\n<p>A chuva deve continuar em Ribeir\u00e3o Preto na sexta-feira (11), quando os term\u00f4metros podem registrar a temperatura m\u00e1xima de 22\u00b0C.<\/p>\n<p>SAIBA MAIS<br \/>Liberada consulta dos bilhetes para o sorteio de outubro da Nota Fiscal Paulista<\/p>\n<h4 class=\"wp-block-heading\"><strong>FIQUE ON<\/strong><\/h4>\n<p>Fique ligado em tudo que acontece em Ribeir\u00e3o Preto e regi\u00e3o. Siga os perfis do <strong>acidade on <\/strong>no <a href=\"https:\/\/www.instagram.com\/acidadeonribeirao\" target=\"_blank\" rel=\"noreferrer noopener nofollow\">Instagram<\/a> e no<a href=\"https:\/\/www.facebook.com\/acidadeonribeirao\/\" target=\"_blank\" rel=\"noreferrer noopener nofollow\"> Facebook<\/a>.<\/p>\n<p>Receba not\u00edcias do <strong>acidade on<\/strong> no WhatsApp. <a href=\"https:\/\/chat.whatsapp.com\/Dtv9mxhy6V5BJBotM2OQ5k\" target=\"_blank\" rel=\"noreferrer noopener nofollow\">Para entrar no grupo, basta clicar aqui.<\/a><\/p>\n<p>Fa\u00e7a uma den\u00fancia ou sugira uma reportagem sobre Ribeir\u00e3o Preto e regi\u00e3o pelo WhatsApp: 16 99117 7802.<\/p>\n<p>VEJA TAMB\u00c9M<br \/>O que preciso levar no dia das elei\u00e7\u00f5es?<\/p>\n<p><!-- CONTENT END 1 -->\n<\/div>\n<p><script async src=\"\/\/www.instagram.com\/embed.js\"><\/script><br \/>\n<br \/><br \/>\n<br \/><a href=\"https:\/\/www.acidadeon.com\/ribeiraopreto\/cotidiano\/primeira-frente-fria-de-outubro-se-aproxima-do-interior-de-sp-com-chuva-e-ventos-intensos\/\">Source link <\/a><\/p>\n","protected":false},"excerpt":{"rendered":"<p>A frente fria que se desloca pelo Brasil nesta quarta-feira (2) marca a entrada do primeiro sistema frontal significativo de outubro, trazendo instabilidades e mudan\u00e7as&#8230;<\/p>\n","protected":false},"author":1,"featured_media":50702,"comment_status":"open","ping_status":"open","sticky":false,"template":"","format":"standard","meta":{"_uag_custom_page_level_css":"","advanced_seo_description":"","jetpack_seo_html_title":"","jetpack_seo_noindex":false,"jetpack_post_was_ever_published":false,"_jetpack_newsletter_access":"","_jetpack_dont_email_post_to_subs":false,"_jetpack_newsletter_tier_id":0,"_jetpack_memberships_contains_paywalled_content":false,"_jetpack_memberships_contains_paid_content":false,"footnotes":"","jetpack_publicize_message":"","jetpack_publicize_feature_enabled":true,"jetpack_social_post_already_shared":true,"jetpack_social_options":{"image_generator_settings":{"template":"highway","default_image_id":0,"font":"","enabled":false},"version":2}},"categories":[11],"tags":[],"class_list":["post-68933","post","type-post","status-publish","format-standard","has-post-thumbnail","hentry","category-noticias-de-ribeirao-preto-sp-e-regiao-ismael-colosi"],"jetpack_publicize_connections":[],"jetpack_featured_media_url":"https:\/\/i0.wp.com\/ismaelcolosi.com.br\/wp-content\/uploads\/2024\/05\/AnyConv.com__frente-fria.webp.webp?fit=1600%2C837&ssl=1","uagb_featured_image_src":{"full":["https:\/\/i0.wp.com\/ismaelcolosi.com.br\/wp-content\/uploads\/2024\/05\/AnyConv.com__frente-fria.webp.webp?fit=1600%2C837&ssl=1",1600,837,false],"thumbnail":["https:\/\/i0.wp.com\/ismaelcolosi.com.br\/wp-content\/uploads\/2024\/05\/AnyConv.com__frente-fria.webp.webp?resize=150%2C150&ssl=1",150,150,true],"medium":["https:\/\/i0.wp.com\/ismaelcolosi.com.br\/wp-content\/uploads\/2024\/05\/AnyConv.com__frente-fria.webp.webp?fit=300%2C157&ssl=1",300,157,true],"medium_large":["https:\/\/i0.wp.com\/ismaelcolosi.com.br\/wp-content\/uploads\/2024\/05\/AnyConv.com__frente-fria.webp.webp?fit=768%2C402&ssl=1",768,402,true],"large":["https:\/\/i0.wp.com\/ismaelcolosi.com.br\/wp-content\/uploads\/2024\/05\/AnyConv.com__frente-fria.webp.webp?fit=1024%2C536&ssl=1",1024,536,true],"1536x1536":["https:\/\/i0.wp.com\/ismaelcolosi.com.br\/wp-content\/uploads\/2024\/05\/AnyConv.com__frente-fria.webp.webp?fit=1536%2C804&ssl=1",1536,804,true],"2048x2048":["https:\/\/i0.wp.com\/ismaelcolosi.com.br\/wp-content\/uploads\/2024\/05\/AnyConv.com__frente-fria.webp.webp?fit=1600%2C837&ssl=1",1600,837,true],"really-simple-thumb":["https:\/\/i0.wp.com\/ismaelcolosi.com.br\/wp-content\/uploads\/2024\/05\/AnyConv.com__frente-fria.webp.webp?resize=370%2C247&ssl=1",370,247,true]},"uagb_author_info":{"display_name":"ismaelcolosi.com.br","author_link":"https:\/\/ismaelcolosi.com.br\/index.php\/author\/vidareal-online\/"},"uagb_comment_info":0,"uagb_excerpt":"A frente fria que se desloca pelo Brasil nesta quarta-feira (2) marca a entrada do primeiro sistema frontal significativo de outubro, trazendo instabilidades e mudan\u00e7as...","jetpack-related-posts":[{"id":50701,"url":"https:\/\/ismaelcolosi.com.br\/index.php\/2024\/05\/18\/veja-se-a-frente-fria-vai-se-aproximar-do-interior-de-sao-paulo\/","url_meta":{"origin":68933,"position":0},"title":"Veja se a frente fria vai se aproximar do interior de S\u00e3o Paulo","author":"ismaelcolosi.com.br","date":"18 de May de 2024","format":false,"excerpt":"O Inmet (Instituto Nacional de Meteorologia) acendeu alerta de chuvas intensas e temporais para a regi\u00e3o Sul do Brasil, em raz\u00e3o de uma nova frente fria que avan\u00e7a pela regi\u00e3o desde a sexta-feira (17). A frente fria se aproxima do interior de S\u00e3o Paulo, mas, por ora, s\u00f3 aumenta a\u2026","rel":"","context":"In &quot;Not\u00edcias de Ribeir\u00e3o Preto-SP e Regi\u00e3o&quot;","block_context":{"text":"Not\u00edcias de Ribeir\u00e3o Preto-SP e Regi\u00e3o","link":"https:\/\/ismaelcolosi.com.br\/index.php\/category\/noticias-de-ribeirao-preto-sp-e-regiao-ismael-colosi\/"},"img":{"alt_text":"","src":"https:\/\/i0.wp.com\/ismaelcolosi.com.br\/wp-content\/uploads\/2024\/05\/AnyConv.com__frente-fria.webp.webp?fit=1200%2C628&ssl=1&resize=350%2C200","width":350,"height":200,"srcset":"https:\/\/i0.wp.com\/ismaelcolosi.com.br\/wp-content\/uploads\/2024\/05\/AnyConv.com__frente-fria.webp.webp?fit=1200%2C628&ssl=1&resize=350%2C200 1x, https:\/\/i0.wp.com\/ismaelcolosi.com.br\/wp-content\/uploads\/2024\/05\/AnyConv.com__frente-fria.webp.webp?fit=1200%2C628&ssl=1&resize=525%2C300 1.5x, https:\/\/i0.wp.com\/ismaelcolosi.com.br\/wp-content\/uploads\/2024\/05\/AnyConv.com__frente-fria.webp.webp?fit=1200%2C628&ssl=1&resize=700%2C400 2x, https:\/\/i0.wp.com\/ismaelcolosi.com.br\/wp-content\/uploads\/2024\/05\/AnyConv.com__frente-fria.webp.webp?fit=1200%2C628&ssl=1&resize=1050%2C600 3x"},"classes":[]},{"id":66494,"url":"https:\/\/ismaelcolosi.com.br\/index.php\/2024\/09\/17\/inverno-deve-terminar-com-frente-fria-e-chuva-no-estado-de-sp-veja-previsao\/","url_meta":{"origin":68933,"position":1},"title":"Inverno deve terminar com frente fria e chuva no estado de SP; Veja previs\u00e3o","author":"ismaelcolosi.com.br","date":"17 de September de 2024","format":false,"excerpt":"A \u00faltima semana do Inverno ser\u00e1 marcada por oscila\u00e7\u00f5es clim\u00e1ticas em diversas regi\u00f5es do Centro-Sul do Brasil, inclusive no estado de S\u00e3o Paulo. A primavera de 2024 come\u00e7a astronomicamente neste domingo (22), \u00e0s 9h44. A semana come\u00e7ou com o registro de chuva fraca, garoa e temperaturas mais amenas em algumas\u2026","rel":"","context":"In &quot;Not\u00edcias de Ribeir\u00e3o Preto-SP e Regi\u00e3o&quot;","block_context":{"text":"Not\u00edcias de Ribeir\u00e3o Preto-SP e Regi\u00e3o","link":"https:\/\/ismaelcolosi.com.br\/index.php\/category\/noticias-de-ribeirao-preto-sp-e-regiao-ismael-colosi\/"},"img":{"alt_text":"","src":"https:\/\/i0.wp.com\/ismaelcolosi.com.br\/wp-content\/uploads\/2024\/09\/chuva_na_cidade_de_campinas_sp_cxdigo_19_170676.jpg?fit=1200%2C800&ssl=1&resize=350%2C200","width":350,"height":200,"srcset":"https:\/\/i0.wp.com\/ismaelcolosi.com.br\/wp-content\/uploads\/2024\/09\/chuva_na_cidade_de_campinas_sp_cxdigo_19_170676.jpg?fit=1200%2C800&ssl=1&resize=350%2C200 1x, https:\/\/i0.wp.com\/ismaelcolosi.com.br\/wp-content\/uploads\/2024\/09\/chuva_na_cidade_de_campinas_sp_cxdigo_19_170676.jpg?fit=1200%2C800&ssl=1&resize=525%2C300 1.5x, https:\/\/i0.wp.com\/ismaelcolosi.com.br\/wp-content\/uploads\/2024\/09\/chuva_na_cidade_de_campinas_sp_cxdigo_19_170676.jpg?fit=1200%2C800&ssl=1&resize=700%2C400 2x, https:\/\/i0.wp.com\/ismaelcolosi.com.br\/wp-content\/uploads\/2024\/09\/chuva_na_cidade_de_campinas_sp_cxdigo_19_170676.jpg?fit=1200%2C800&ssl=1&resize=1050%2C600 3x"},"classes":[]},{"id":5503,"url":"https:\/\/ismaelcolosi.com.br\/index.php\/2023\/11\/23\/interior-de-sp-segue-com-alerta-de-chuva-com-ventos-intensos-e-granizo-veja-os-locais\/","url_meta":{"origin":68933,"position":2},"title":"Interior de SP segue com alerta de chuva com ventos intensos e granizo; Veja os locais","author":"ismaelcolosi.com.br","date":"23 de November de 2023","format":false,"excerpt":"O Inmet (Instituto Nacional de Meteorologia) publicou um alerta de \u201cperigo\u201d para tempestade com ventos intensos e possibilidade de granizo no interior de S\u00e3o Paulo. A Defesa Civil estadual tamb\u00e9m publicou um aviso para chuva intensa para S\u00e3o Paulo nos pr\u00f3ximos dias. O aviso do Inmet \u00e9 v\u00e1lido at\u00e9 as\u2026","rel":"","context":"In &quot;Not\u00edcias de Ribeir\u00e3o Preto-SP e Regi\u00e3o&quot;","block_context":{"text":"Not\u00edcias de Ribeir\u00e3o Preto-SP e Regi\u00e3o","link":"https:\/\/ismaelcolosi.com.br\/index.php\/category\/noticias-de-ribeirao-preto-sp-e-regiao-ismael-colosi\/"},"img":{"alt_text":"","src":"https:\/\/i0.wp.com\/ismaelcolosi.com.br\/wp-content\/uploads\/2023\/11\/chuva_temporal_1024x576_07012021130023.jpg?fit=1024%2C575&ssl=1&resize=350%2C200","width":350,"height":200,"srcset":"https:\/\/i0.wp.com\/ismaelcolosi.com.br\/wp-content\/uploads\/2023\/11\/chuva_temporal_1024x576_07012021130023.jpg?fit=1024%2C575&ssl=1&resize=350%2C200 1x, https:\/\/i0.wp.com\/ismaelcolosi.com.br\/wp-content\/uploads\/2023\/11\/chuva_temporal_1024x576_07012021130023.jpg?fit=1024%2C575&ssl=1&resize=525%2C300 1.5x, https:\/\/i0.wp.com\/ismaelcolosi.com.br\/wp-content\/uploads\/2023\/11\/chuva_temporal_1024x576_07012021130023.jpg?fit=1024%2C575&ssl=1&resize=700%2C400 2x"},"classes":[]},{"id":65358,"url":"https:\/\/ismaelcolosi.com.br\/index.php\/2024\/09\/11\/entenda-o-que-e-a-chuva-preta-que-pode-atingir-o-interior-de-sp\/","url_meta":{"origin":68933,"position":3},"title":"Entenda o que \u00e9 a chuva preta que pode atingir o interior de SP","author":"ismaelcolosi.com.br","date":"11 de September de 2024","format":false,"excerpt":"Uma nova frente fria chegou ao Rio Grande do Sul nesta quarta-feira (11) e, conforme os meteorologistas, deve atingir o estado de SP nos pr\u00f3ximos dias. Isso pode provocar um al\u00edvio tempor\u00e1rio nas altas temperaturas e chuva preta \u2013 entenda baixo. Os ventos ganham um pouco mais de intensidade devido\u2026","rel":"","context":"In &quot;Not\u00edcias de Ribeir\u00e3o Preto-SP e Regi\u00e3o&quot;","block_context":{"text":"Not\u00edcias de Ribeir\u00e3o Preto-SP e Regi\u00e3o","link":"https:\/\/ismaelcolosi.com.br\/index.php\/category\/noticias-de-ribeirao-preto-sp-e-regiao-ismael-colosi\/"},"img":{"alt_text":"","src":"https:\/\/i0.wp.com\/ismaelcolosi.com.br\/wp-content\/uploads\/2024\/09\/chuva_guardachuva_500x320_12022019150254.jpg?fit=500%2C322&ssl=1&resize=350%2C200","width":350,"height":200},"classes":[]},{"id":58237,"url":"https:\/\/ismaelcolosi.com.br\/index.php\/2024\/07\/29\/frente-fria-deixa-cidades-em-alerta-para-chuva-intensa-no-estado-de-sp-confira\/","url_meta":{"origin":68933,"position":4},"title":"Frente fria deixa cidades em alerta para chuva intensa no estado de SP; Confira","author":"ismaelcolosi.com.br","date":"29 de July de 2024","format":false,"excerpt":"A passagem de uma frente fria pode trazer chuva forte a parte do estado de S\u00e3o Paulo entre esta segunda-feira (29) e ter\u00e7a-feira (30). Enquanto a regi\u00e3o Norte do estado tem alerta de baixa umidade do ar, a regi\u00e3o Sul e parte do litoral paulista est\u00e3o sob aviso do Inmet\u2026","rel":"","context":"In &quot;Not\u00edcias de Ribeir\u00e3o Preto-SP e Regi\u00e3o&quot;","block_context":{"text":"Not\u00edcias de Ribeir\u00e3o Preto-SP e Regi\u00e3o","link":"https:\/\/ismaelcolosi.com.br\/index.php\/category\/noticias-de-ribeirao-preto-sp-e-regiao-ismael-colosi\/"},"img":{"alt_text":"","src":"https:\/\/i0.wp.com\/ismaelcolosi.com.br\/wp-content\/uploads\/2024\/07\/RIBEIRAO-PRETO_2024-07-29_16-25-16_jpg_2024-07-29_16-25-17.webp.webp?fit=1200%2C679&ssl=1&resize=350%2C200","width":350,"height":200,"srcset":"https:\/\/i0.wp.com\/ismaelcolosi.com.br\/wp-content\/uploads\/2024\/07\/RIBEIRAO-PRETO_2024-07-29_16-25-16_jpg_2024-07-29_16-25-17.webp.webp?fit=1200%2C679&ssl=1&resize=350%2C200 1x, https:\/\/i0.wp.com\/ismaelcolosi.com.br\/wp-content\/uploads\/2024\/07\/RIBEIRAO-PRETO_2024-07-29_16-25-16_jpg_2024-07-29_16-25-17.webp.webp?fit=1200%2C679&ssl=1&resize=525%2C300 1.5x, https:\/\/i0.wp.com\/ismaelcolosi.com.br\/wp-content\/uploads\/2024\/07\/RIBEIRAO-PRETO_2024-07-29_16-25-16_jpg_2024-07-29_16-25-17.webp.webp?fit=1200%2C679&ssl=1&resize=700%2C400 2x, https:\/\/i0.wp.com\/ismaelcolosi.com.br\/wp-content\/uploads\/2024\/07\/RIBEIRAO-PRETO_2024-07-29_16-25-16_jpg_2024-07-29_16-25-17.webp.webp?fit=1200%2C679&ssl=1&resize=1050%2C600 3x"},"classes":[]},{"id":72714,"url":"https:\/\/ismaelcolosi.com.br\/index.php\/2024\/10\/23\/frente-fria-aumenta-risco-de-temporais-no-estado-de-sp-veja-previsao\/","url_meta":{"origin":68933,"position":5},"title":"Frente fria aumenta risco de temporais no estado de SP; Veja previs\u00e3o","author":"ismaelcolosi.com.br","date":"23 de October de 2024","format":false,"excerpt":"O risco de temporais aumenta nesta quarta-feira (23), no estado de S\u00e3o Paulo. Segundo a Climatempo, h\u00e1 alerta para as regi\u00f5es Centro-Sul e Leste do estado. J\u00e1 nas regi\u00f5es do Centro-Norte, Noroeste e Oeste podem ocorrer pancadas fortes com raios e ventos entre 51 km\/h a 70 km\/h. \u201cA passagem\u2026","rel":"","context":"In &quot;Not\u00edcias de Ribeir\u00e3o Preto-SP e Regi\u00e3o&quot;","block_context":{"text":"Not\u00edcias de Ribeir\u00e3o Preto-SP e Regi\u00e3o","link":"https:\/\/ismaelcolosi.com.br\/index.php\/category\/noticias-de-ribeirao-preto-sp-e-regiao-ismael-colosi\/"},"img":{"alt_text":"","src":"https:\/\/i0.wp.com\/ismaelcolosi.com.br\/wp-content\/uploads\/2024\/07\/RIBEIRAO-PRETO_2024-07-29_16-25-16_jpg_2024-07-29_16-25-17.webp.webp?fit=1200%2C679&ssl=1&resize=350%2C200","width":350,"height":200,"srcset":"https:\/\/i0.wp.com\/ismaelcolosi.com.br\/wp-content\/uploads\/2024\/07\/RIBEIRAO-PRETO_2024-07-29_16-25-16_jpg_2024-07-29_16-25-17.webp.webp?fit=1200%2C679&ssl=1&resize=350%2C200 1x, https:\/\/i0.wp.com\/ismaelcolosi.com.br\/wp-content\/uploads\/2024\/07\/RIBEIRAO-PRETO_2024-07-29_16-25-16_jpg_2024-07-29_16-25-17.webp.webp?fit=1200%2C679&ssl=1&resize=525%2C300 1.5x, https:\/\/i0.wp.com\/ismaelcolosi.com.br\/wp-content\/uploads\/2024\/07\/RIBEIRAO-PRETO_2024-07-29_16-25-16_jpg_2024-07-29_16-25-17.webp.webp?fit=1200%2C679&ssl=1&resize=700%2C400 2x, https:\/\/i0.wp.com\/ismaelcolosi.com.br\/wp-content\/uploads\/2024\/07\/RIBEIRAO-PRETO_2024-07-29_16-25-16_jpg_2024-07-29_16-25-17.webp.webp?fit=1200%2C679&ssl=1&resize=1050%2C600 3x"},"classes":[]}],"jetpack_sharing_enabled":true,"jetpack_shortlink":"https:\/\/wp.me\/pfMlyK-hVP","_links":{"self":[{"href":"https:\/\/ismaelcolosi.com.br\/index.php\/wp-json\/wp\/v2\/posts\/68933","targetHints":{"allow":["GET"]}}],"collection":[{"href":"https:\/\/ismaelcolosi.com.br\/index.php\/wp-json\/wp\/v2\/posts"}],"about":[{"href":"https:\/\/ismaelcolosi.com.br\/index.php\/wp-json\/wp\/v2\/types\/post"}],"author":[{"embeddable":true,"href":"https:\/\/ismaelcolosi.com.br\/index.php\/wp-json\/wp\/v2\/users\/1"}],"replies":[{"embeddable":true,"href":"https:\/\/ismaelcolosi.com.br\/index.php\/wp-json\/wp\/v2\/comments?post=68933"}],"version-history":[{"count":0,"href":"https:\/\/ismaelcolosi.com.br\/index.php\/wp-json\/wp\/v2\/posts\/68933\/revisions"}],"wp:featuredmedia":[{"embeddable":true,"href":"https:\/\/ismaelcolosi.com.br\/index.php\/wp-json\/wp\/v2\/media\/50702"}],"wp:attachment":[{"href":"https:\/\/ismaelcolosi.com.br\/index.php\/wp-json\/wp\/v2\/media?parent=68933"}],"wp:term":[{"taxonomy":"category","embeddable":true,"href":"https:\/\/ismaelcolosi.com.br\/index.php\/wp-json\/wp\/v2\/categories?post=68933"},{"taxonomy":"post_tag","embeddable":true,"href":"https:\/\/ismaelcolosi.com.br\/index.php\/wp-json\/wp\/v2\/tags?post=68933"}],"curies":[{"name":"wp","href":"https:\/\/api.w.org\/{rel}","templated":true}]}}